{"id":8186,"date":"2024-02-05T22:21:10","date_gmt":"2024-02-06T01:21:10","guid":{"rendered":"https:\/\/ocoerente.com.br\/se\/?p=8186"},"modified":"2024-02-05T22:21:11","modified_gmt":"2024-02-06T01:21:11","slug":"festa-do-caminheiro-de-itabaiana-pode-ser-inserida-no-calendario-turistico-nacional","status":"publish","type":"post","link":"https:\/\/ocoerente.com.br\/se\/2024\/02\/05\/festa-do-caminheiro-de-itabaiana-pode-ser-inserida-no-calendario-turistico-nacional\/","title":{"rendered":"Festa do Caminheiro de Itabaiana pode ser inserida no Calend\u00e1rio Tur\u00edstico Nacional"},"content":{"rendered":"\n<p>A Festa do Caminhoneiro, principal festejo de Itabaiana, no agreste sergipano, pode ser inclu\u00edda no Calend\u00e1rio Tur\u00edstico Nacional. Projeto de lei, de autoria do deputado federal \u00cdcaro de Valmir (PL), quer a maior festa da cidade serrana inserida no calend\u00e1rio nacional.<\/p>\n\n\n\n<p>\u201c\u00c9 inclu\u00edda no Calend\u00e1rio Tur\u00edstico Nacional a Festa do Caminhoneiro, no munic\u00edpio de Itabaiana, Estado de Sergipe\u201d, diz o Artigo 1\u00ba do projeto. \u201cO evento de que trata o caput realizar-se-\u00e1 anualmente no m\u00eas de junho\u201d, conclui o Par\u00e1grafo \u00danico.<\/p>\n\n\n\n<p>Em sua&nbsp;<a href=\"https:\/\/www.camara.leg.br\/proposicoesWeb\/prop_mostrarintegra?codteor=2384735&amp;filename=Tramitacao-PL%20132\/2024\">justificativa<\/a>, o deputado itabaianense observa que a Festa do Caminhoneiro \u201ctorna-se o epicentro de uma celebra\u00e7\u00e3o \u00fanica em todo o territ\u00f3rio brasileiro e que homenageia os her\u00f3is das estradas \u2013 os caminhoneiros -, em que a festa transforma as ruas da cidade em uma vibrante manifesta\u00e7\u00e3o de gratid\u00e3o e de apoio a uma das mais importantes profiss\u00f5es do pa\u00eds\u201d.<\/p>\n\n\n\n<p>Ainda, segundo a justificativa do deputado \u00cdcaro de Valmir, a \u201cFesta do Caminhoneiro \u00e9 muito mais do que uma celebra\u00e7\u00e3o. \u00c9 um momento de uni\u00e3o, onde a comunidade expressa sua gratid\u00e3o por aqueles que, muitas vezes, passam despercebidos, mas que desempenham um papel vital no cotidiano de todos. Uma tradi\u00e7\u00e3o que cresce a cada ano, a festa se torna um testemunho da solidariedade e respeito por aqueles que enfrentam as estradas para manter nossas vidas em movimento\u201d.<\/p>\n\n\n\n<figure class=\"wp-block-image size-full\"><img loading=\"lazy\" decoding=\"async\" width=\"444\" height=\"265\" src=\"https:\/\/ocoerente.com.br\/se\/wp-content\/uploads\/2024\/02\/VALMIR-FILHO.jpg\" alt=\"\" class=\"wp-image-8187\" srcset=\"https:\/\/ocoerente.com.br\/se\/wp-content\/uploads\/2024\/02\/VALMIR-FILHO.jpg 444w, https:\/\/ocoerente.com.br\/se\/wp-content\/uploads\/2024\/02\/VALMIR-FILHO-300x179.jpg 300w\" sizes=\"auto, (max-width: 444px) 100vw, 444px\" \/><\/figure>\n\n\n\n<p><\/p>\n\n\n\n<p>O deputado federal \u00cdcaro de Valmir lembra que em 2016 a Festa do Caminhoneiro foi reconhecida como patrim\u00f4nio Cultural e Imaterial de Sergipe, devido a sua import\u00e2ncia social e cultural.<\/p>\n\n\n\n<figure class=\"wp-block-image size-full\"><img loading=\"lazy\" decoding=\"async\" width=\"460\" height=\"408\" src=\"https:\/\/ocoerente.com.br\/se\/wp-content\/uploads\/2024\/02\/PL-caminhoneiro.jpg\" alt=\"\" class=\"wp-image-8188\" srcset=\"https:\/\/ocoerente.com.br\/se\/wp-content\/uploads\/2024\/02\/PL-caminhoneiro.jpg 460w, https:\/\/ocoerente.com.br\/se\/wp-content\/uploads\/2024\/02\/PL-caminhoneiro-300x266.jpg 300w\" sizes=\"auto, (max-width: 460px) 100vw, 460px\" \/><\/figure>\n\n\n\n<p><\/p>\n\n\n\n<p>\u201cTamanha \u00e9 a grandiosidade da Festa do Caminhoneiro que em 2016 ela foi reconhecida pela lei lei n\u00ba 8.129\/16 como patrim\u00f4nio Cultural e Imaterial do Estado de Sergipe. Desta feita, apresentamos o presente projeto de lei para que a Festa do Caminhoneiro, dada a sua import\u00e2ncia no cen\u00e1rio tur\u00edstico do nordeste brasileiro, seja inserida no calend\u00e1rio tur\u00edstico nacional. Por todo o exposto, solicito o apoio dos nobres pares desta Casa para a aprova\u00e7\u00e3o desta proposta\u201d, conclui o parlamentar, em sua argumenta\u00e7\u00e3o junto aos deputados federais.<\/p>\n\n\n\n<p>A Festa do Caminhoneiro \u00e9 marcada por tr\u00eas etapas: a Feira do Caminh\u00e3o, a Festa dos Caminhoneiros e as celebra\u00e7\u00f5es religiosas.<\/p>\n\n\n\n<p>Por Reda\u00e7\u00e3o<br>Fotos: PMI\/Divulga\u00e7\u00e3o<\/p>\n\n\n\n<p><strong>horanews.net<\/strong><\/p>\n","protected":false},"excerpt":{"rendered":"<p>A Festa do Caminhoneiro, principal festejo de Itabaiana, no agreste sergipano, pode ser inclu\u00edda no Calend\u00e1rio Tur\u00edstico Nacional. Projeto de lei, de autoria do deputado federal \u00cdcaro de Valmir (PL), quer a maior festa da cidade serrana inserida no calend\u00e1rio nacional. \u201c\u00c9 inclu\u00edda no Calend\u00e1rio Tur\u00edstico Nacional a Festa do Caminhoneiro, no munic\u00edpio de Itabaiana, [&hellip;]<\/p>\n","protected":false},"author":1,"featured_media":0,"comment_status":"closed","ping_status":"closed","sticky":false,"template":"","format":"standard","meta":{"footnotes":""},"categories":[53,44],"tags":[],"class_list":["post-8186","post","type-post","status-publish","format-standard","hentry","category-destaques","category-politica"],"yoast_head":"<!-- This site is optimized with the Yoast SEO plugin v27.4 - https:\/\/yoast.com\/product\/yoast-seo-wordpress\/ -->\n<title>Festa do Caminheiro de Itabaiana pode ser inserida no Calend\u00e1rio Tur\u00edstico Nacional - O Coerente<\/title>\n<meta name=\"robots\" content=\"index, follow, max-snippet:-1, max-image-preview:large, max-video-preview:-1\" \/>\n<link rel=\"canonical\" href=\"https:\/\/ocoerente.com.br\/se\/2024\/02\/05\/festa-do-caminheiro-de-itabaiana-pode-ser-inserida-no-calendario-turistico-nacional\/\" \/>\n<meta property=\"og:locale\" content=\"pt_BR\" \/>\n<meta property=\"og:type\" content=\"article\" \/>\n<meta property=\"og:title\" content=\"Festa do Caminheiro de Itabaiana pode ser inserida no Calend\u00e1rio Tur\u00edstico Nacional - O Coerente\" \/>\n<meta property=\"og:description\" content=\"A Festa do Caminhoneiro, principal festejo de Itabaiana, no agreste sergipano, pode ser inclu\u00edda no Calend\u00e1rio Tur\u00edstico Nacional. Projeto de lei, de autoria do deputado federal \u00cdcaro de Valmir (PL), quer a maior festa da cidade serrana inserida no calend\u00e1rio nacional. \u201c\u00c9 inclu\u00edda no Calend\u00e1rio Tur\u00edstico Nacional a Festa do Caminhoneiro, no munic\u00edpio de Itabaiana, [&hellip;]\" \/>\n<meta property=\"og:url\" content=\"https:\/\/ocoerente.com.br\/se\/2024\/02\/05\/festa-do-caminheiro-de-itabaiana-pode-ser-inserida-no-calendario-turistico-nacional\/\" \/>\n<meta property=\"og:site_name\" content=\"O Coerente\" \/>\n<meta property=\"article:published_time\" content=\"2024-02-06T01:21:10+00:00\" \/>\n<meta property=\"article:modified_time\" content=\"2024-02-06T01:21:11+00:00\" \/>\n<meta property=\"og:image\" content=\"https:\/\/ocoerente.com.br\/se\/wp-content\/uploads\/2024\/02\/VALMIR-FILHO.jpg\" \/>\n<meta name=\"author\" content=\"Reda\u00e7\u00e3o\" \/>\n<meta name=\"twitter:card\" content=\"summary_large_image\" \/>\n<meta name=\"twitter:label1\" content=\"Escrito por\" \/>\n\t<meta name=\"twitter:data1\" content=\"Reda\u00e7\u00e3o\" \/>\n\t<meta name=\"twitter:label2\" content=\"Est. tempo de leitura\" \/>\n\t<meta name=\"twitter:data2\" content=\"2 minutos\" \/>\n<script type=\"application\/ld+json\" class=\"yoast-schema-graph\">{\"@context\":\"https:\\\/\\\/schema.org\",\"@graph\":[{\"@type\":\"Article\",\"@id\":\"https:\\\/\\\/ocoerente.com.br\\\/se\\\/2024\\\/02\\\/05\\\/festa-do-caminheiro-de-itabaiana-pode-ser-inserida-no-calendario-turistico-nacional\\\/#article\",\"isPartOf\":{\"@id\":\"https:\\\/\\\/ocoerente.com.br\\\/se\\\/2024\\\/02\\\/05\\\/festa-do-caminheiro-de-itabaiana-pode-ser-inserida-no-calendario-turistico-nacional\\\/\"},\"author\":{\"name\":\"Reda\u00e7\u00e3o\",\"@id\":\"https:\\\/\\\/ocoerente.com.br\\\/se\\\/#\\\/schema\\\/person\\\/cc6bfd9fbca465e23543b0c963d8d037\"},\"headline\":\"Festa do Caminheiro de Itabaiana pode ser inserida no Calend\u00e1rio Tur\u00edstico Nacional\",\"datePublished\":\"2024-02-06T01:21:10+00:00\",\"dateModified\":\"2024-02-06T01:21:11+00:00\",\"mainEntityOfPage\":{\"@id\":\"https:\\\/\\\/ocoerente.com.br\\\/se\\\/2024\\\/02\\\/05\\\/festa-do-caminheiro-de-itabaiana-pode-ser-inserida-no-calendario-turistico-nacional\\\/\"},\"wordCount\":402,\"publisher\":{\"@id\":\"https:\\\/\\\/ocoerente.com.br\\\/se\\\/#\\\/schema\\\/person\\\/cc6bfd9fbca465e23543b0c963d8d037\"},\"image\":{\"@id\":\"https:\\\/\\\/ocoerente.com.br\\\/se\\\/2024\\\/02\\\/05\\\/festa-do-caminheiro-de-itabaiana-pode-ser-inserida-no-calendario-turistico-nacional\\\/#primaryimage\"},\"thumbnailUrl\":\"https:\\\/\\\/ocoerente.com.br\\\/se\\\/wp-content\\\/uploads\\\/2024\\\/02\\\/VALMIR-FILHO.jpg\",\"articleSection\":[\"Destaques\",\"Pol\u00edtica\"],\"inLanguage\":\"pt-BR\"},{\"@type\":\"WebPage\",\"@id\":\"https:\\\/\\\/ocoerente.com.br\\\/se\\\/2024\\\/02\\\/05\\\/festa-do-caminheiro-de-itabaiana-pode-ser-inserida-no-calendario-turistico-nacional\\\/\",\"url\":\"https:\\\/\\\/ocoerente.com.br\\\/se\\\/2024\\\/02\\\/05\\\/festa-do-caminheiro-de-itabaiana-pode-ser-inserida-no-calendario-turistico-nacional\\\/\",\"name\":\"Festa do Caminheiro de Itabaiana pode ser inserida no Calend\u00e1rio Tur\u00edstico Nacional - O Coerente\",\"isPartOf\":{\"@id\":\"https:\\\/\\\/ocoerente.com.br\\\/se\\\/#website\"},\"primaryImageOfPage\":{\"@id\":\"https:\\\/\\\/ocoerente.com.br\\\/se\\\/2024\\\/02\\\/05\\\/festa-do-caminheiro-de-itabaiana-pode-ser-inserida-no-calendario-turistico-nacional\\\/#primaryimage\"},\"image\":{\"@id\":\"https:\\\/\\\/ocoerente.com.br\\\/se\\\/2024\\\/02\\\/05\\\/festa-do-caminheiro-de-itabaiana-pode-ser-inserida-no-calendario-turistico-nacional\\\/#primaryimage\"},\"thumbnailUrl\":\"https:\\\/\\\/ocoerente.com.br\\\/se\\\/wp-content\\\/uploads\\\/2024\\\/02\\\/VALMIR-FILHO.jpg\",\"datePublished\":\"2024-02-06T01:21:10+00:00\",\"dateModified\":\"2024-02-06T01:21:11+00:00\",\"breadcrumb\":{\"@id\":\"https:\\\/\\\/ocoerente.com.br\\\/se\\\/2024\\\/02\\\/05\\\/festa-do-caminheiro-de-itabaiana-pode-ser-inserida-no-calendario-turistico-nacional\\\/#breadcrumb\"},\"inLanguage\":\"pt-BR\",\"potentialAction\":[{\"@type\":\"ReadAction\",\"target\":[\"https:\\\/\\\/ocoerente.com.br\\\/se\\\/2024\\\/02\\\/05\\\/festa-do-caminheiro-de-itabaiana-pode-ser-inserida-no-calendario-turistico-nacional\\\/\"]}]},{\"@type\":\"ImageObject\",\"inLanguage\":\"pt-BR\",\"@id\":\"https:\\\/\\\/ocoerente.com.br\\\/se\\\/2024\\\/02\\\/05\\\/festa-do-caminheiro-de-itabaiana-pode-ser-inserida-no-calendario-turistico-nacional\\\/#primaryimage\",\"url\":\"https:\\\/\\\/ocoerente.com.br\\\/se\\\/wp-content\\\/uploads\\\/2024\\\/02\\\/VALMIR-FILHO.jpg\",\"contentUrl\":\"https:\\\/\\\/ocoerente.com.br\\\/se\\\/wp-content\\\/uploads\\\/2024\\\/02\\\/VALMIR-FILHO.jpg\",\"width\":444,\"height\":265},{\"@type\":\"BreadcrumbList\",\"@id\":\"https:\\\/\\\/ocoerente.com.br\\\/se\\\/2024\\\/02\\\/05\\\/festa-do-caminheiro-de-itabaiana-pode-ser-inserida-no-calendario-turistico-nacional\\\/#breadcrumb\",\"itemListElement\":[{\"@type\":\"ListItem\",\"position\":1,\"name\":\"In\u00edcio\",\"item\":\"https:\\\/\\\/ocoerente.com.br\\\/se\\\/\"},{\"@type\":\"ListItem\",\"position\":2,\"name\":\"Festa do Caminheiro de Itabaiana pode ser inserida no Calend\u00e1rio Tur\u00edstico Nacional\"}]},{\"@type\":\"WebSite\",\"@id\":\"https:\\\/\\\/ocoerente.com.br\\\/se\\\/#website\",\"url\":\"https:\\\/\\\/ocoerente.com.br\\\/se\\\/\",\"name\":\"O Coerente\",\"description\":\"\",\"publisher\":{\"@id\":\"https:\\\/\\\/ocoerente.com.br\\\/se\\\/#\\\/schema\\\/person\\\/cc6bfd9fbca465e23543b0c963d8d037\"},\"potentialAction\":[{\"@type\":\"SearchAction\",\"target\":{\"@type\":\"EntryPoint\",\"urlTemplate\":\"https:\\\/\\\/ocoerente.com.br\\\/se\\\/?s={search_term_string}\"},\"query-input\":{\"@type\":\"PropertyValueSpecification\",\"valueRequired\":true,\"valueName\":\"search_term_string\"}}],\"inLanguage\":\"pt-BR\"},{\"@type\":[\"Person\",\"Organization\"],\"@id\":\"https:\\\/\\\/ocoerente.com.br\\\/se\\\/#\\\/schema\\\/person\\\/cc6bfd9fbca465e23543b0c963d8d037\",\"name\":\"Reda\u00e7\u00e3o\",\"image\":{\"@type\":\"ImageObject\",\"inLanguage\":\"pt-BR\",\"@id\":\"https:\\\/\\\/ocoerente.com.br\\\/se\\\/wp-content\\\/uploads\\\/2020\\\/01\\\/ocoerente-1.png\",\"url\":\"https:\\\/\\\/ocoerente.com.br\\\/se\\\/wp-content\\\/uploads\\\/2020\\\/01\\\/ocoerente-1.png\",\"contentUrl\":\"https:\\\/\\\/ocoerente.com.br\\\/se\\\/wp-content\\\/uploads\\\/2020\\\/01\\\/ocoerente-1.png\",\"width\":50,\"height\":50,\"caption\":\"Reda\u00e7\u00e3o\"},\"logo\":{\"@id\":\"https:\\\/\\\/ocoerente.com.br\\\/se\\\/wp-content\\\/uploads\\\/2020\\\/01\\\/ocoerente-1.png\"},\"url\":\"https:\\\/\\\/ocoerente.com.br\\\/se\\\/author\\\/vasticlsales\\\/\"}]}<\/script>\n<!-- \/ Yoast SEO plugin. -->","yoast_head_json":{"title":"Festa do Caminheiro de Itabaiana pode ser inserida no Calend\u00e1rio Tur\u00edstico Nacional - O Coerente","robots":{"index":"index","follow":"follow","max-snippet":"max-snippet:-1","max-image-preview":"max-image-preview:large","max-video-preview":"max-video-preview:-1"},"canonical":"https:\/\/ocoerente.com.br\/se\/2024\/02\/05\/festa-do-caminheiro-de-itabaiana-pode-ser-inserida-no-calendario-turistico-nacional\/","og_locale":"pt_BR","og_type":"article","og_title":"Festa do Caminheiro de Itabaiana pode ser inserida no Calend\u00e1rio Tur\u00edstico Nacional - O Coerente","og_description":"A Festa do Caminhoneiro, principal festejo de Itabaiana, no agreste sergipano, pode ser inclu\u00edda no Calend\u00e1rio Tur\u00edstico Nacional. Projeto de lei, de autoria do deputado federal \u00cdcaro de Valmir (PL), quer a maior festa da cidade serrana inserida no calend\u00e1rio nacional. \u201c\u00c9 inclu\u00edda no Calend\u00e1rio Tur\u00edstico Nacional a Festa do Caminhoneiro, no munic\u00edpio de Itabaiana, [&hellip;]","og_url":"https:\/\/ocoerente.com.br\/se\/2024\/02\/05\/festa-do-caminheiro-de-itabaiana-pode-ser-inserida-no-calendario-turistico-nacional\/","og_site_name":"O Coerente","article_published_time":"2024-02-06T01:21:10+00:00","article_modified_time":"2024-02-06T01:21:11+00:00","og_image":[{"url":"https:\/\/ocoerente.com.br\/se\/wp-content\/uploads\/2024\/02\/VALMIR-FILHO.jpg","type":"","width":"","height":""}],"author":"Reda\u00e7\u00e3o","twitter_card":"summary_large_image","twitter_misc":{"Escrito por":"Reda\u00e7\u00e3o","Est. tempo de leitura":"2 minutos"},"schema":{"@context":"https:\/\/schema.org","@graph":[{"@type":"Article","@id":"https:\/\/ocoerente.com.br\/se\/2024\/02\/05\/festa-do-caminheiro-de-itabaiana-pode-ser-inserida-no-calendario-turistico-nacional\/#article","isPartOf":{"@id":"https:\/\/ocoerente.com.br\/se\/2024\/02\/05\/festa-do-caminheiro-de-itabaiana-pode-ser-inserida-no-calendario-turistico-nacional\/"},"author":{"name":"Reda\u00e7\u00e3o","@id":"https:\/\/ocoerente.com.br\/se\/#\/schema\/person\/cc6bfd9fbca465e23543b0c963d8d037"},"headline":"Festa do Caminheiro de Itabaiana pode ser inserida no Calend\u00e1rio Tur\u00edstico Nacional","datePublished":"2024-02-06T01:21:10+00:00","dateModified":"2024-02-06T01:21:11+00:00","mainEntityOfPage":{"@id":"https:\/\/ocoerente.com.br\/se\/2024\/02\/05\/festa-do-caminheiro-de-itabaiana-pode-ser-inserida-no-calendario-turistico-nacional\/"},"wordCount":402,"publisher":{"@id":"https:\/\/ocoerente.com.br\/se\/#\/schema\/person\/cc6bfd9fbca465e23543b0c963d8d037"},"image":{"@id":"https:\/\/ocoerente.com.br\/se\/2024\/02\/05\/festa-do-caminheiro-de-itabaiana-pode-ser-inserida-no-calendario-turistico-nacional\/#primaryimage"},"thumbnailUrl":"https:\/\/ocoerente.com.br\/se\/wp-content\/uploads\/2024\/02\/VALMIR-FILHO.jpg","articleSection":["Destaques","Pol\u00edtica"],"inLanguage":"pt-BR"},{"@type":"WebPage","@id":"https:\/\/ocoerente.com.br\/se\/2024\/02\/05\/festa-do-caminheiro-de-itabaiana-pode-ser-inserida-no-calendario-turistico-nacional\/","url":"https:\/\/ocoerente.com.br\/se\/2024\/02\/05\/festa-do-caminheiro-de-itabaiana-pode-ser-inserida-no-calendario-turistico-nacional\/","name":"Festa do Caminheiro de Itabaiana pode ser inserida no Calend\u00e1rio Tur\u00edstico Nacional - O Coerente","isPartOf":{"@id":"https:\/\/ocoerente.com.br\/se\/#website"},"primaryImageOfPage":{"@id":"https:\/\/ocoerente.com.br\/se\/2024\/02\/05\/festa-do-caminheiro-de-itabaiana-pode-ser-inserida-no-calendario-turistico-nacional\/#primaryimage"},"image":{"@id":"https:\/\/ocoerente.com.br\/se\/2024\/02\/05\/festa-do-caminheiro-de-itabaiana-pode-ser-inserida-no-calendario-turistico-nacional\/#primaryimage"},"thumbnailUrl":"https:\/\/ocoerente.com.br\/se\/wp-content\/uploads\/2024\/02\/VALMIR-FILHO.jpg","datePublished":"2024-02-06T01:21:10+00:00","dateModified":"2024-02-06T01:21:11+00:00","breadcrumb":{"@id":"https:\/\/ocoerente.com.br\/se\/2024\/02\/05\/festa-do-caminheiro-de-itabaiana-pode-ser-inserida-no-calendario-turistico-nacional\/#breadcrumb"},"inLanguage":"pt-BR","potentialAction":[{"@type":"ReadAction","target":["https:\/\/ocoerente.com.br\/se\/2024\/02\/05\/festa-do-caminheiro-de-itabaiana-pode-ser-inserida-no-calendario-turistico-nacional\/"]}]},{"@type":"ImageObject","inLanguage":"pt-BR","@id":"https:\/\/ocoerente.com.br\/se\/2024\/02\/05\/festa-do-caminheiro-de-itabaiana-pode-ser-inserida-no-calendario-turistico-nacional\/#primaryimage","url":"https:\/\/ocoerente.com.br\/se\/wp-content\/uploads\/2024\/02\/VALMIR-FILHO.jpg","contentUrl":"https:\/\/ocoerente.com.br\/se\/wp-content\/uploads\/2024\/02\/VALMIR-FILHO.jpg","width":444,"height":265},{"@type":"BreadcrumbList","@id":"https:\/\/ocoerente.com.br\/se\/2024\/02\/05\/festa-do-caminheiro-de-itabaiana-pode-ser-inserida-no-calendario-turistico-nacional\/#breadcrumb","itemListElement":[{"@type":"ListItem","position":1,"name":"In\u00edcio","item":"https:\/\/ocoerente.com.br\/se\/"},{"@type":"ListItem","position":2,"name":"Festa do Caminheiro de Itabaiana pode ser inserida no Calend\u00e1rio Tur\u00edstico Nacional"}]},{"@type":"WebSite","@id":"https:\/\/ocoerente.com.br\/se\/#website","url":"https:\/\/ocoerente.com.br\/se\/","name":"O Coerente","description":"","publisher":{"@id":"https:\/\/ocoerente.com.br\/se\/#\/schema\/person\/cc6bfd9fbca465e23543b0c963d8d037"},"potentialAction":[{"@type":"SearchAction","target":{"@type":"EntryPoint","urlTemplate":"https:\/\/ocoerente.com.br\/se\/?s={search_term_string}"},"query-input":{"@type":"PropertyValueSpecification","valueRequired":true,"valueName":"search_term_string"}}],"inLanguage":"pt-BR"},{"@type":["Person","Organization"],"@id":"https:\/\/ocoerente.com.br\/se\/#\/schema\/person\/cc6bfd9fbca465e23543b0c963d8d037","name":"Reda\u00e7\u00e3o","image":{"@type":"ImageObject","inLanguage":"pt-BR","@id":"https:\/\/ocoerente.com.br\/se\/wp-content\/uploads\/2020\/01\/ocoerente-1.png","url":"https:\/\/ocoerente.com.br\/se\/wp-content\/uploads\/2020\/01\/ocoerente-1.png","contentUrl":"https:\/\/ocoerente.com.br\/se\/wp-content\/uploads\/2020\/01\/ocoerente-1.png","width":50,"height":50,"caption":"Reda\u00e7\u00e3o"},"logo":{"@id":"https:\/\/ocoerente.com.br\/se\/wp-content\/uploads\/2020\/01\/ocoerente-1.png"},"url":"https:\/\/ocoerente.com.br\/se\/author\/vasticlsales\/"}]}},"_links":{"self":[{"href":"https:\/\/ocoerente.com.br\/se\/wp-json\/wp\/v2\/posts\/8186","targetHints":{"allow":["GET"]}}],"collection":[{"href":"https:\/\/ocoerente.com.br\/se\/wp-json\/wp\/v2\/posts"}],"about":[{"href":"https:\/\/ocoerente.com.br\/se\/wp-json\/wp\/v2\/types\/post"}],"author":[{"embeddable":true,"href":"https:\/\/ocoerente.com.br\/se\/wp-json\/wp\/v2\/users\/1"}],"replies":[{"embeddable":true,"href":"https:\/\/ocoerente.com.br\/se\/wp-json\/wp\/v2\/comments?post=8186"}],"version-history":[{"count":1,"href":"https:\/\/ocoerente.com.br\/se\/wp-json\/wp\/v2\/posts\/8186\/revisions"}],"predecessor-version":[{"id":8189,"href":"https:\/\/ocoerente.com.br\/se\/wp-json\/wp\/v2\/posts\/8186\/revisions\/8189"}],"wp:attachment":[{"href":"https:\/\/ocoerente.com.br\/se\/wp-json\/wp\/v2\/media?parent=8186"}],"wp:term":[{"taxonomy":"category","embeddable":true,"href":"https:\/\/ocoerente.com.br\/se\/wp-json\/wp\/v2\/categories?post=8186"},{"taxonomy":"post_tag","embeddable":true,"href":"https:\/\/ocoerente.com.br\/se\/wp-json\/wp\/v2\/tags?post=8186"}],"curies":[{"name":"wp","href":"https:\/\/api.w.org\/{rel}","templated":true}]}}