{"id":8178,"date":"2024-02-05T22:13:29","date_gmt":"2024-02-06T01:13:29","guid":{"rendered":"https:\/\/ocoerente.com.br\/se\/?p=8178"},"modified":"2024-02-05T22:14:19","modified_gmt":"2024-02-06T01:14:19","slug":"nota-de-repudio-contra-violencia-envolvendo-torcidas","status":"publish","type":"post","link":"https:\/\/ocoerente.com.br\/se\/2024\/02\/05\/nota-de-repudio-contra-violencia-envolvendo-torcidas\/","title":{"rendered":"Nota de Rep\u00fadio \u2013 Contra viol\u00eancia envolvendo torcidas"},"content":{"rendered":"\n<p>O Conselho Regional de Educa\u00e7\u00e3o F\u00edsica da 20\u00aa Regi\u00e3o Sergipe (CREF20\/SE) vem a p\u00fablico expressar veemente rep\u00fadio diante dos lament\u00e1veis epis\u00f3dios de viol\u00eancia envolvendo torcidas organizadas ocorridos momentos antes do cl\u00e1ssico entre Sergipe e Confian\u00e7a, no \u00faltimo domingo, 4.<\/p>\n\n\n\n<p>A confus\u00e3o, que resultou em tr\u00eas pessoas feridas, \u00e9 um triste reflexo da escalada de viol\u00eancia que, infelizmente, tem permeado eventos esportivos em nosso estado. O CREF20\/SE reitera sua posi\u00e7\u00e3o firme contra qualquer forma de viol\u00eancia, especialmente aquela que est\u00e1 dissociada dos valores e princ\u00edpios do esporte.<\/p>\n\n\n\n<p>\u00c9 inadmiss\u00edvel que a pr\u00e1tica esportiva, que deveria ser um instrumento de integra\u00e7\u00e3o, lazer e promo\u00e7\u00e3o da sa\u00fade, seja manchada por atos de agressividade entre torcedores. O esporte \u00e9 uma ferramenta poderosa para unir as pessoas, promover o respeito m\u00fatuo e fortalecer os la\u00e7os sociais.<\/p>\n\n\n\n<p>Refor\u00e7amos que a viol\u00eancia n\u00e3o tem qualquer rela\u00e7\u00e3o com os verdadeiros valores do esporte, e convocamos a todos os segmentos da sociedade a repudiarem tais atos e contribu\u00edrem para a constru\u00e7\u00e3o de um ambiente esportivo saud\u00e1vel e seguro.<\/p>\n\n\n\n<p>O CREF20\/SE reitera sua miss\u00e3o de incentivar a pr\u00e1tica esportiva segura, somente orientado por profissionais devidamente registrados, como um meio de constru\u00e7\u00e3o de uma sociedade mais saud\u00e1vel e pac\u00edfica. Enfatizamos a import\u00e2ncia da atividade f\u00edsica como um componente essencial para o bem-estar individual e coletivo, ressaltando que a verdadeira ess\u00eancia do esporte reside na promo\u00e7\u00e3o da sa\u00fade, da integra\u00e7\u00e3o e do esp\u00edrito de equipe.<\/p>\n\n\n\n<p><br><strong>Conselho Regional de Educa\u00e7\u00e3o F\u00edsica da 20\u00aa Regi\u00e3o Sergipe \u2013 CREF20\/SE.<\/strong><\/p>\n","protected":false},"excerpt":{"rendered":"<p>O Conselho Regional de Educa\u00e7\u00e3o F\u00edsica da 20\u00aa Regi\u00e3o Sergipe (CREF20\/SE) vem a p\u00fablico expressar veemente rep\u00fadio diante dos lament\u00e1veis epis\u00f3dios de viol\u00eancia envolvendo torcidas organizadas ocorridos momentos antes do cl\u00e1ssico entre Sergipe e Confian\u00e7a, no \u00faltimo domingo, 4. A confus\u00e3o, que resultou em tr\u00eas pessoas feridas, \u00e9 um triste reflexo da escalada de viol\u00eancia [&hellip;]<\/p>\n","protected":false},"author":1,"featured_media":8179,"comment_status":"closed","ping_status":"closed","sticky":false,"template":"","format":"standard","meta":{"footnotes":""},"categories":[53,46],"tags":[],"class_list":["post-8178","post","type-post","status-publish","format-standard","has-post-thumbnail","hentry","category-destaques","category-esporte"],"yoast_head":"<!-- This site is optimized with the Yoast SEO plugin v27.4 - https:\/\/yoast.com\/product\/yoast-seo-wordpress\/ -->\n<title>Nota de Rep\u00fadio \u2013 Contra viol\u00eancia envolvendo torcidas - O Coerente<\/title>\n<meta name=\"robots\" content=\"index, follow, max-snippet:-1, max-image-preview:large, max-video-preview:-1\" \/>\n<link rel=\"canonical\" href=\"https:\/\/ocoerente.com.br\/se\/2024\/02\/05\/nota-de-repudio-contra-violencia-envolvendo-torcidas\/\" \/>\n<meta property=\"og:locale\" content=\"pt_BR\" \/>\n<meta property=\"og:type\" content=\"article\" \/>\n<meta property=\"og:title\" content=\"Nota de Rep\u00fadio \u2013 Contra viol\u00eancia envolvendo torcidas - O Coerente\" \/>\n<meta property=\"og:description\" content=\"O Conselho Regional de Educa\u00e7\u00e3o F\u00edsica da 20\u00aa Regi\u00e3o Sergipe (CREF20\/SE) vem a p\u00fablico expressar veemente rep\u00fadio diante dos lament\u00e1veis epis\u00f3dios de viol\u00eancia envolvendo torcidas organizadas ocorridos momentos antes do cl\u00e1ssico entre Sergipe e Confian\u00e7a, no \u00faltimo domingo, 4. A confus\u00e3o, que resultou em tr\u00eas pessoas feridas, \u00e9 um triste reflexo da escalada de viol\u00eancia [&hellip;]\" \/>\n<meta property=\"og:url\" content=\"https:\/\/ocoerente.com.br\/se\/2024\/02\/05\/nota-de-repudio-contra-violencia-envolvendo-torcidas\/\" \/>\n<meta property=\"og:site_name\" content=\"O Coerente\" \/>\n<meta property=\"article:published_time\" content=\"2024-02-06T01:13:29+00:00\" \/>\n<meta property=\"article:modified_time\" content=\"2024-02-06T01:14:19+00:00\" \/>\n<meta property=\"og:image\" content=\"https:\/\/ocoerente.com.br\/se\/wp-content\/uploads\/2024\/02\/NOTA-REPUDIO.jpg\" \/>\n\t<meta property=\"og:image:width\" content=\"1080\" \/>\n\t<meta property=\"og:image:height\" content=\"694\" \/>\n\t<meta property=\"og:image:type\" content=\"image\/jpeg\" \/>\n<meta name=\"author\" content=\"Reda\u00e7\u00e3o\" \/>\n<meta name=\"twitter:card\" content=\"summary_large_image\" \/>\n<meta name=\"twitter:label1\" content=\"Escrito por\" \/>\n\t<meta name=\"twitter:data1\" content=\"Reda\u00e7\u00e3o\" \/>\n\t<meta name=\"twitter:label2\" content=\"Est. tempo de leitura\" \/>\n\t<meta name=\"twitter:data2\" content=\"1 minuto\" \/>\n<script type=\"application\/ld+json\" class=\"yoast-schema-graph\">{\"@context\":\"https:\\\/\\\/schema.org\",\"@graph\":[{\"@type\":\"Article\",\"@id\":\"https:\\\/\\\/ocoerente.com.br\\\/se\\\/2024\\\/02\\\/05\\\/nota-de-repudio-contra-violencia-envolvendo-torcidas\\\/#article\",\"isPartOf\":{\"@id\":\"https:\\\/\\\/ocoerente.com.br\\\/se\\\/2024\\\/02\\\/05\\\/nota-de-repudio-contra-violencia-envolvendo-torcidas\\\/\"},\"author\":{\"name\":\"Reda\u00e7\u00e3o\",\"@id\":\"https:\\\/\\\/ocoerente.com.br\\\/se\\\/#\\\/schema\\\/person\\\/cc6bfd9fbca465e23543b0c963d8d037\"},\"headline\":\"Nota de Rep\u00fadio \u2013 Contra viol\u00eancia envolvendo torcidas\",\"datePublished\":\"2024-02-06T01:13:29+00:00\",\"dateModified\":\"2024-02-06T01:14:19+00:00\",\"mainEntityOfPage\":{\"@id\":\"https:\\\/\\\/ocoerente.com.br\\\/se\\\/2024\\\/02\\\/05\\\/nota-de-repudio-contra-violencia-envolvendo-torcidas\\\/\"},\"wordCount\":295,\"publisher\":{\"@id\":\"https:\\\/\\\/ocoerente.com.br\\\/se\\\/#\\\/schema\\\/person\\\/cc6bfd9fbca465e23543b0c963d8d037\"},\"image\":{\"@id\":\"https:\\\/\\\/ocoerente.com.br\\\/se\\\/2024\\\/02\\\/05\\\/nota-de-repudio-contra-violencia-envolvendo-torcidas\\\/#primaryimage\"},\"thumbnailUrl\":\"https:\\\/\\\/ocoerente.com.br\\\/se\\\/wp-content\\\/uploads\\\/2024\\\/02\\\/NOTA-REPUDIO.jpg\",\"articleSection\":[\"Destaques\",\"Esporte\"],\"inLanguage\":\"pt-BR\"},{\"@type\":\"WebPage\",\"@id\":\"https:\\\/\\\/ocoerente.com.br\\\/se\\\/2024\\\/02\\\/05\\\/nota-de-repudio-contra-violencia-envolvendo-torcidas\\\/\",\"url\":\"https:\\\/\\\/ocoerente.com.br\\\/se\\\/2024\\\/02\\\/05\\\/nota-de-repudio-contra-violencia-envolvendo-torcidas\\\/\",\"name\":\"Nota de Rep\u00fadio \u2013 Contra viol\u00eancia envolvendo torcidas - O Coerente\",\"isPartOf\":{\"@id\":\"https:\\\/\\\/ocoerente.com.br\\\/se\\\/#website\"},\"primaryImageOfPage\":{\"@id\":\"https:\\\/\\\/ocoerente.com.br\\\/se\\\/2024\\\/02\\\/05\\\/nota-de-repudio-contra-violencia-envolvendo-torcidas\\\/#primaryimage\"},\"image\":{\"@id\":\"https:\\\/\\\/ocoerente.com.br\\\/se\\\/2024\\\/02\\\/05\\\/nota-de-repudio-contra-violencia-envolvendo-torcidas\\\/#primaryimage\"},\"thumbnailUrl\":\"https:\\\/\\\/ocoerente.com.br\\\/se\\\/wp-content\\\/uploads\\\/2024\\\/02\\\/NOTA-REPUDIO.jpg\",\"datePublished\":\"2024-02-06T01:13:29+00:00\",\"dateModified\":\"2024-02-06T01:14:19+00:00\",\"breadcrumb\":{\"@id\":\"https:\\\/\\\/ocoerente.com.br\\\/se\\\/2024\\\/02\\\/05\\\/nota-de-repudio-contra-violencia-envolvendo-torcidas\\\/#breadcrumb\"},\"inLanguage\":\"pt-BR\",\"potentialAction\":[{\"@type\":\"ReadAction\",\"target\":[\"https:\\\/\\\/ocoerente.com.br\\\/se\\\/2024\\\/02\\\/05\\\/nota-de-repudio-contra-violencia-envolvendo-torcidas\\\/\"]}]},{\"@type\":\"ImageObject\",\"inLanguage\":\"pt-BR\",\"@id\":\"https:\\\/\\\/ocoerente.com.br\\\/se\\\/2024\\\/02\\\/05\\\/nota-de-repudio-contra-violencia-envolvendo-torcidas\\\/#primaryimage\",\"url\":\"https:\\\/\\\/ocoerente.com.br\\\/se\\\/wp-content\\\/uploads\\\/2024\\\/02\\\/NOTA-REPUDIO.jpg\",\"contentUrl\":\"https:\\\/\\\/ocoerente.com.br\\\/se\\\/wp-content\\\/uploads\\\/2024\\\/02\\\/NOTA-REPUDIO.jpg\",\"width\":1080,\"height\":694},{\"@type\":\"BreadcrumbList\",\"@id\":\"https:\\\/\\\/ocoerente.com.br\\\/se\\\/2024\\\/02\\\/05\\\/nota-de-repudio-contra-violencia-envolvendo-torcidas\\\/#breadcrumb\",\"itemListElement\":[{\"@type\":\"ListItem\",\"position\":1,\"name\":\"In\u00edcio\",\"item\":\"https:\\\/\\\/ocoerente.com.br\\\/se\\\/\"},{\"@type\":\"ListItem\",\"position\":2,\"name\":\"Nota de Rep\u00fadio \u2013 Contra viol\u00eancia envolvendo torcidas\"}]},{\"@type\":\"WebSite\",\"@id\":\"https:\\\/\\\/ocoerente.com.br\\\/se\\\/#website\",\"url\":\"https:\\\/\\\/ocoerente.com.br\\\/se\\\/\",\"name\":\"O Coerente\",\"description\":\"\",\"publisher\":{\"@id\":\"https:\\\/\\\/ocoerente.com.br\\\/se\\\/#\\\/schema\\\/person\\\/cc6bfd9fbca465e23543b0c963d8d037\"},\"potentialAction\":[{\"@type\":\"SearchAction\",\"target\":{\"@type\":\"EntryPoint\",\"urlTemplate\":\"https:\\\/\\\/ocoerente.com.br\\\/se\\\/?s={search_term_string}\"},\"query-input\":{\"@type\":\"PropertyValueSpecification\",\"valueRequired\":true,\"valueName\":\"search_term_string\"}}],\"inLanguage\":\"pt-BR\"},{\"@type\":[\"Person\",\"Organization\"],\"@id\":\"https:\\\/\\\/ocoerente.com.br\\\/se\\\/#\\\/schema\\\/person\\\/cc6bfd9fbca465e23543b0c963d8d037\",\"name\":\"Reda\u00e7\u00e3o\",\"image\":{\"@type\":\"ImageObject\",\"inLanguage\":\"pt-BR\",\"@id\":\"https:\\\/\\\/ocoerente.com.br\\\/se\\\/wp-content\\\/uploads\\\/2020\\\/01\\\/ocoerente-1.png\",\"url\":\"https:\\\/\\\/ocoerente.com.br\\\/se\\\/wp-content\\\/uploads\\\/2020\\\/01\\\/ocoerente-1.png\",\"contentUrl\":\"https:\\\/\\\/ocoerente.com.br\\\/se\\\/wp-content\\\/uploads\\\/2020\\\/01\\\/ocoerente-1.png\",\"width\":50,\"height\":50,\"caption\":\"Reda\u00e7\u00e3o\"},\"logo\":{\"@id\":\"https:\\\/\\\/ocoerente.com.br\\\/se\\\/wp-content\\\/uploads\\\/2020\\\/01\\\/ocoerente-1.png\"},\"url\":\"https:\\\/\\\/ocoerente.com.br\\\/se\\\/author\\\/vasticlsales\\\/\"}]}<\/script>\n<!-- \/ Yoast SEO plugin. -->","yoast_head_json":{"title":"Nota de Rep\u00fadio \u2013 Contra viol\u00eancia envolvendo torcidas - O Coerente","robots":{"index":"index","follow":"follow","max-snippet":"max-snippet:-1","max-image-preview":"max-image-preview:large","max-video-preview":"max-video-preview:-1"},"canonical":"https:\/\/ocoerente.com.br\/se\/2024\/02\/05\/nota-de-repudio-contra-violencia-envolvendo-torcidas\/","og_locale":"pt_BR","og_type":"article","og_title":"Nota de Rep\u00fadio \u2013 Contra viol\u00eancia envolvendo torcidas - O Coerente","og_description":"O Conselho Regional de Educa\u00e7\u00e3o F\u00edsica da 20\u00aa Regi\u00e3o Sergipe (CREF20\/SE) vem a p\u00fablico expressar veemente rep\u00fadio diante dos lament\u00e1veis epis\u00f3dios de viol\u00eancia envolvendo torcidas organizadas ocorridos momentos antes do cl\u00e1ssico entre Sergipe e Confian\u00e7a, no \u00faltimo domingo, 4. A confus\u00e3o, que resultou em tr\u00eas pessoas feridas, \u00e9 um triste reflexo da escalada de viol\u00eancia [&hellip;]","og_url":"https:\/\/ocoerente.com.br\/se\/2024\/02\/05\/nota-de-repudio-contra-violencia-envolvendo-torcidas\/","og_site_name":"O Coerente","article_published_time":"2024-02-06T01:13:29+00:00","article_modified_time":"2024-02-06T01:14:19+00:00","og_image":[{"width":1080,"height":694,"url":"https:\/\/ocoerente.com.br\/se\/wp-content\/uploads\/2024\/02\/NOTA-REPUDIO.jpg","type":"image\/jpeg"}],"author":"Reda\u00e7\u00e3o","twitter_card":"summary_large_image","twitter_misc":{"Escrito por":"Reda\u00e7\u00e3o","Est. tempo de leitura":"1 minuto"},"schema":{"@context":"https:\/\/schema.org","@graph":[{"@type":"Article","@id":"https:\/\/ocoerente.com.br\/se\/2024\/02\/05\/nota-de-repudio-contra-violencia-envolvendo-torcidas\/#article","isPartOf":{"@id":"https:\/\/ocoerente.com.br\/se\/2024\/02\/05\/nota-de-repudio-contra-violencia-envolvendo-torcidas\/"},"author":{"name":"Reda\u00e7\u00e3o","@id":"https:\/\/ocoerente.com.br\/se\/#\/schema\/person\/cc6bfd9fbca465e23543b0c963d8d037"},"headline":"Nota de Rep\u00fadio \u2013 Contra viol\u00eancia envolvendo torcidas","datePublished":"2024-02-06T01:13:29+00:00","dateModified":"2024-02-06T01:14:19+00:00","mainEntityOfPage":{"@id":"https:\/\/ocoerente.com.br\/se\/2024\/02\/05\/nota-de-repudio-contra-violencia-envolvendo-torcidas\/"},"wordCount":295,"publisher":{"@id":"https:\/\/ocoerente.com.br\/se\/#\/schema\/person\/cc6bfd9fbca465e23543b0c963d8d037"},"image":{"@id":"https:\/\/ocoerente.com.br\/se\/2024\/02\/05\/nota-de-repudio-contra-violencia-envolvendo-torcidas\/#primaryimage"},"thumbnailUrl":"https:\/\/ocoerente.com.br\/se\/wp-content\/uploads\/2024\/02\/NOTA-REPUDIO.jpg","articleSection":["Destaques","Esporte"],"inLanguage":"pt-BR"},{"@type":"WebPage","@id":"https:\/\/ocoerente.com.br\/se\/2024\/02\/05\/nota-de-repudio-contra-violencia-envolvendo-torcidas\/","url":"https:\/\/ocoerente.com.br\/se\/2024\/02\/05\/nota-de-repudio-contra-violencia-envolvendo-torcidas\/","name":"Nota de Rep\u00fadio \u2013 Contra viol\u00eancia envolvendo torcidas - O Coerente","isPartOf":{"@id":"https:\/\/ocoerente.com.br\/se\/#website"},"primaryImageOfPage":{"@id":"https:\/\/ocoerente.com.br\/se\/2024\/02\/05\/nota-de-repudio-contra-violencia-envolvendo-torcidas\/#primaryimage"},"image":{"@id":"https:\/\/ocoerente.com.br\/se\/2024\/02\/05\/nota-de-repudio-contra-violencia-envolvendo-torcidas\/#primaryimage"},"thumbnailUrl":"https:\/\/ocoerente.com.br\/se\/wp-content\/uploads\/2024\/02\/NOTA-REPUDIO.jpg","datePublished":"2024-02-06T01:13:29+00:00","dateModified":"2024-02-06T01:14:19+00:00","breadcrumb":{"@id":"https:\/\/ocoerente.com.br\/se\/2024\/02\/05\/nota-de-repudio-contra-violencia-envolvendo-torcidas\/#breadcrumb"},"inLanguage":"pt-BR","potentialAction":[{"@type":"ReadAction","target":["https:\/\/ocoerente.com.br\/se\/2024\/02\/05\/nota-de-repudio-contra-violencia-envolvendo-torcidas\/"]}]},{"@type":"ImageObject","inLanguage":"pt-BR","@id":"https:\/\/ocoerente.com.br\/se\/2024\/02\/05\/nota-de-repudio-contra-violencia-envolvendo-torcidas\/#primaryimage","url":"https:\/\/ocoerente.com.br\/se\/wp-content\/uploads\/2024\/02\/NOTA-REPUDIO.jpg","contentUrl":"https:\/\/ocoerente.com.br\/se\/wp-content\/uploads\/2024\/02\/NOTA-REPUDIO.jpg","width":1080,"height":694},{"@type":"BreadcrumbList","@id":"https:\/\/ocoerente.com.br\/se\/2024\/02\/05\/nota-de-repudio-contra-violencia-envolvendo-torcidas\/#breadcrumb","itemListElement":[{"@type":"ListItem","position":1,"name":"In\u00edcio","item":"https:\/\/ocoerente.com.br\/se\/"},{"@type":"ListItem","position":2,"name":"Nota de Rep\u00fadio \u2013 Contra viol\u00eancia envolvendo torcidas"}]},{"@type":"WebSite","@id":"https:\/\/ocoerente.com.br\/se\/#website","url":"https:\/\/ocoerente.com.br\/se\/","name":"O Coerente","description":"","publisher":{"@id":"https:\/\/ocoerente.com.br\/se\/#\/schema\/person\/cc6bfd9fbca465e23543b0c963d8d037"},"potentialAction":[{"@type":"SearchAction","target":{"@type":"EntryPoint","urlTemplate":"https:\/\/ocoerente.com.br\/se\/?s={search_term_string}"},"query-input":{"@type":"PropertyValueSpecification","valueRequired":true,"valueName":"search_term_string"}}],"inLanguage":"pt-BR"},{"@type":["Person","Organization"],"@id":"https:\/\/ocoerente.com.br\/se\/#\/schema\/person\/cc6bfd9fbca465e23543b0c963d8d037","name":"Reda\u00e7\u00e3o","image":{"@type":"ImageObject","inLanguage":"pt-BR","@id":"https:\/\/ocoerente.com.br\/se\/wp-content\/uploads\/2020\/01\/ocoerente-1.png","url":"https:\/\/ocoerente.com.br\/se\/wp-content\/uploads\/2020\/01\/ocoerente-1.png","contentUrl":"https:\/\/ocoerente.com.br\/se\/wp-content\/uploads\/2020\/01\/ocoerente-1.png","width":50,"height":50,"caption":"Reda\u00e7\u00e3o"},"logo":{"@id":"https:\/\/ocoerente.com.br\/se\/wp-content\/uploads\/2020\/01\/ocoerente-1.png"},"url":"https:\/\/ocoerente.com.br\/se\/author\/vasticlsales\/"}]}},"_links":{"self":[{"href":"https:\/\/ocoerente.com.br\/se\/wp-json\/wp\/v2\/posts\/8178","targetHints":{"allow":["GET"]}}],"collection":[{"href":"https:\/\/ocoerente.com.br\/se\/wp-json\/wp\/v2\/posts"}],"about":[{"href":"https:\/\/ocoerente.com.br\/se\/wp-json\/wp\/v2\/types\/post"}],"author":[{"embeddable":true,"href":"https:\/\/ocoerente.com.br\/se\/wp-json\/wp\/v2\/users\/1"}],"replies":[{"embeddable":true,"href":"https:\/\/ocoerente.com.br\/se\/wp-json\/wp\/v2\/comments?post=8178"}],"version-history":[{"count":2,"href":"https:\/\/ocoerente.com.br\/se\/wp-json\/wp\/v2\/posts\/8178\/revisions"}],"predecessor-version":[{"id":8182,"href":"https:\/\/ocoerente.com.br\/se\/wp-json\/wp\/v2\/posts\/8178\/revisions\/8182"}],"wp:featuredmedia":[{"embeddable":true,"href":"https:\/\/ocoerente.com.br\/se\/wp-json\/wp\/v2\/media\/8179"}],"wp:attachment":[{"href":"https:\/\/ocoerente.com.br\/se\/wp-json\/wp\/v2\/media?parent=8178"}],"wp:term":[{"taxonomy":"category","embeddable":true,"href":"https:\/\/ocoerente.com.br\/se\/wp-json\/wp\/v2\/categories?post=8178"},{"taxonomy":"post_tag","embeddable":true,"href":"https:\/\/ocoerente.com.br\/se\/wp-json\/wp\/v2\/tags?post=8178"}],"curies":[{"name":"wp","href":"https:\/\/api.w.org\/{rel}","templated":true}]}}