{"id":8175,"date":"2024-02-05T17:43:29","date_gmt":"2024-02-05T20:43:29","guid":{"rendered":"https:\/\/ocoerente.com.br\/se\/?p=8175"},"modified":"2024-02-05T17:43:30","modified_gmt":"2024-02-05T20:43:30","slug":"nova-etapa-de-prato-do-povo-passa-a-ofertar-refeicoes-em-cumbe-e-macambira","status":"publish","type":"post","link":"https:\/\/ocoerente.com.br\/se\/2024\/02\/05\/nova-etapa-de-prato-do-povo-passa-a-ofertar-refeicoes-em-cumbe-e-macambira\/","title":{"rendered":"Nova etapa de Prato do Povo passa a ofertar refei\u00e7\u00f5es em Cumbe e Macambira"},"content":{"rendered":"\n<p><em>No primeiro momento, 21 munic\u00edpios ser\u00e3o contemplados com cerca de 4,2 mil refei\u00e7\u00f5es di\u00e1rias para pessoas em vulnerabilidade social<\/em><\/p>\n\n\n\n<p>Centrado no projeto de fortalecer a pol\u00edtica de seguran\u00e7a alimentar e nutricional do estado, o Governo de Sergipe iniciou, nesta segunda-feira, 5, mais uma etapa do programa \u2018Prato do Povo\u2019, nos munic\u00edpios de Cumbe e de Macambira. Com a iniciativa, cerca de 4,2 mil refei\u00e7\u00f5es di\u00e1rias, prontas e balanceadas ser\u00e3o ofertadas \u00e0 popula\u00e7\u00e3o sergipana em 21 munic\u00edpios.&nbsp;<\/p>\n\n\n\n<p>Cada cidade receber\u00e1 at\u00e9 200 refei\u00e7\u00f5es di\u00e1rias, de segunda a sexta-feira, no hor\u00e1rio do almo\u00e7o. Mensalmente, mais de 80 mil refei\u00e7\u00f5es ser\u00e3o fornecidas pelo programa, que deve ser ampliado para mais munic\u00edpios futuramente. A condu\u00e7\u00e3o ficar\u00e1 a cargo da Secretaria de Estado da Assist\u00eancia Social, Inclus\u00e3o e Cidadania (Seasic), e a iniciativa integra o eixo \u2018Assist\u00eancia Social e Combate \u00e0 Pobreza e \u00e0 Fome\u2019 &#8211; Avan\u00e7a Sergipe, projeto do governo.&nbsp;<\/p>\n\n\n\n<p>De acordo com o governador de Sergipe, F\u00e1bio Mitidieri, a a\u00e7\u00e3o representa um novo momento para os sergipanos em condi\u00e7\u00e3o de vulnerabilidade social. \u201cO &#8216;Prato do Povo&#8217; come\u00e7ou no ano passado com a aprova\u00e7\u00e3o da lei, depois a licita\u00e7\u00e3o, depois o processo de contrata\u00e7\u00e3o das empresas e do espa\u00e7o, a compra de equipamentos. Agora \u00e9 a finaliza\u00e7\u00e3o, quando voc\u00ea come\u00e7a a entregar os alimentos. Que bom que a gente est\u00e1 aqui para trazer dignidade e condi\u00e7\u00e3o para as pessoas que, muitas vezes, n\u00e3o t\u00eam acesso a um prato de comida. Um card\u00e1pio rico, variado, com uma por\u00e7\u00e3o robusta, para que eles possam ter for\u00e7a e continuar na luta. A gente tem o trabalho de unificar as pol\u00edticas p\u00fablicas, qualificar m\u00e3o de obra, inserir no mercado de trabalho, mas isso tudo leva tempo, e a fome n\u00e3o espera. Ent\u00e3o, \u00e9 tudo dentro de uma sequ\u00eancia: seguran\u00e7a alimentar, beneficiamento da agricultura familiar, qualifica\u00e7\u00e3o, gera\u00e7\u00e3o de emprego. \u00c9 assim que a gente trabalha: pensando nas pessoas\u201d, frisou.<\/p>\n\n\n\n<p>Para que ocorra&nbsp;o fornecimento descentralizado de refei\u00e7\u00f5es, R$ 22.261.485,48 ser\u00e3o investidos nos munic\u00edpios inicialmente contemplados. At\u00e9 o momento, j\u00e1 foram garantidos recursos para a manuten\u00e7\u00e3o do programa por 16 meses. A a\u00e7\u00e3o estimula a economia local e gera renda fiscal para as gest\u00f5es municipais. Al\u00e9m disso, o programa deve impulsionar a produ\u00e7\u00e3o agr\u00edcola no estado, visto que ao menos 20% dos insumos utilizados devem ser provenientes da agricultura familiar local. Tamb\u00e9m \u00e9 indicada a contrata\u00e7\u00e3o de m\u00e3o de obra dos pr\u00f3prios munic\u00edpios.<\/p>\n\n\n\n<p>A primeira-dama e secret\u00e1ria de Estado da Assist\u00eancia Social, Inclus\u00e3o e Cidadania, \u00c9rica Mitidieri, salienta que o &#8216;Prato do Povo&#8217; \u00e9 fruto de um processo que se iniciou h\u00e1 meses. &#8220;Dar in\u00edcio a esse programa t\u00e3o esperado \u00e9 muito gratificante, porque a gente est\u00e1 nesse processo desde o ano passado, trabalhando intensamente. V\u00ea-lo ser efetivado \u00e9 motivo de muita gratid\u00e3o. A gente v\u00ea a alegria das pessoas e a import\u00e2ncia desse programa, que vai levar seguran\u00e7a alimentar. Em paralelo, o governo vem trazendo programas complementares, com capacita\u00e7\u00f5es, gera\u00e7\u00e3o de emprego e renda e impulsionando a empregabilidade dessas pessoas. \u00c9 uma grande felicidade&#8221;, comemorou.<\/p>\n\n\n\n<p>A distribui\u00e7\u00e3o das refei\u00e7\u00f5es ser\u00e1 feita por estabelecimentos locais de cada munic\u00edpio contemplado, selecionados conforme os crit\u00e9rios estabelecidos no termo de refer\u00eancia e no edital.<\/p>\n\n\n\n<p>&#8220;Acredito que esse programa vem acalentar as pessoas que t\u00eam uma renda m\u00ednima no munic\u00edpio, e que com certeza est\u00e3o se sentindo muito felizes. Muito obrigada F\u00e1bio, \u00c9rica, e contem sempre conosco para o que precisarem&#8221;, afirmou a primeira-dama de Cumbe, Karla Vieira, representando o prefeito Florisvaldo Jos\u00e9 Vieira, durante o lan\u00e7amento do programa no munic\u00edpio.<\/p>\n\n\n\n<p>A trabalhadora dom\u00e9stica Ra\u00edsa Silva chegou com os dois filhos para receber sua alimenta\u00e7\u00e3o. Para ela, a iniciativa far\u00e1 uma enorme diferen\u00e7a na vida da popula\u00e7\u00e3o. \u201c\u00c9 um programa muito aben\u00e7oado, principalmente para mim, que estou gestante. A gente tem que cuidar da casa, cuidar dos filhos, e ter a comida pronta, boa, \u00e9 muito bom para a gente&#8221;, avaliou.<\/p>\n\n\n\n<p>Edjane Leite Santos tamb\u00e9m foi uma das cumbenses que recebeu a refei\u00e7\u00e3o no primeiro dia do programa. Para ela, a a\u00e7\u00e3o \u00e9 uma demonstra\u00e7\u00e3o do compromisso do Governo de Sergipe com a popula\u00e7\u00e3o. &#8220;Estou me sentindo muito feliz com essa a\u00e7\u00e3o do governador. Excelente! Eu agrade\u00e7o por ele ter lembrado da gente. \u00c9 um gesto de amor e solidariedade&#8221;, declarou.<\/p>\n\n\n\n<p><strong>Organiza\u00e7\u00e3o<\/strong><\/p>\n\n\n\n<p>Al\u00e9m de Cumbe e Macambira, ser\u00e3o beneficiados neste primeiro momento os munic\u00edpios de Gracho Cardoso, Canhoba, Pedrinhas, Santana do S\u00e3o Francisco, Muribeca, Ilha das Flores, Feira Nova, Pedra Mole, Arau\u00e1, S\u00e3o Miguel do Aleixo, General Maynard, Pinh\u00e3o, Telha, Siriri, S\u00e3o Francisco, Santa Rosa de Lima, Itabi, Malhada dos Bois e Nossa Senhora Aparecida. A sele\u00e7\u00e3o se baseou no recorte populacional de dez mil habitantes e nas maiores taxas de pobreza e extrema pobreza registradas no Cadastro \u00danico e de acordo com o \u00cdndice de Desenvolvimento Humano (IDH).<\/p>\n\n\n\n<p>O \u2018Prato do Povo\u2019 foi implementado por meio da Lei Estadual 9.228\/2023, passando em seguida \u00e0 formaliza\u00e7\u00e3o do conv\u00eanio com o Governo Federal. Ap\u00f3s esta fase, foi aberto o processo de licita\u00e7\u00e3o e contrata\u00e7\u00e3o das empresas para execu\u00e7\u00e3o plena do programa. A lei foi sancionada pelo governador F\u00e1bio Mitidieri em 7 de julho de 2023.<\/p>\n\n\n\n<p><strong>Regras<\/strong><\/p>\n\n\n\n<p>Estar\u00e3o aptos a receber as refei\u00e7\u00f5es os usu\u00e1rios que estiverem inscritos no Cadastro \u00danico, no recorte de pobreza. No momento da entrega, o benefici\u00e1rio dever\u00e1 apresentar documento com foto, bem como assinar comprovante de entrega.<\/p>\n\n\n\n<p>A valida\u00e7\u00e3o para recebimento dever\u00e1 ser realizada diariamente pelo restaurante, por meio de plataforma disponibilizada pela Seasic. Ser\u00e3o ofertadas 200 refei\u00e7\u00f5es, por ordem de chegada e de acordo com a composi\u00e7\u00e3o familiar de cada benefici\u00e1rio. Cada quentinha ter\u00e1, em m\u00e9dia, 630 gramas, e o kit cont\u00e9m tamb\u00e9m suco e fruta.&nbsp;<\/p>\n\n\n\n<p>N\u00e3o ser\u00e1 permitido o consumo de refei\u00e7\u00e3o nas depend\u00eancias do estabelecimento vinculado. O hor\u00e1rio de distribui\u00e7\u00e3o das refei\u00e7\u00f5es compreender\u00e1 o per\u00edodo entre 11h e 13h, de acordo com a disponibilidade das refei\u00e7\u00f5es.<\/p>\n","protected":false},"excerpt":{"rendered":"<p>No primeiro momento, 21 munic\u00edpios ser\u00e3o contemplados com cerca de 4,2 mil refei\u00e7\u00f5es di\u00e1rias para pessoas em vulnerabilidade social Centrado no projeto de fortalecer a pol\u00edtica de seguran\u00e7a alimentar e nutricional do estado, o Governo de Sergipe iniciou, nesta segunda-feira, 5, mais uma etapa do programa \u2018Prato do Povo\u2019, nos munic\u00edpios de Cumbe e de [&hellip;]<\/p>\n","protected":false},"author":1,"featured_media":8176,"comment_status":"closed","ping_status":"closed","sticky":false,"template":"","format":"standard","meta":{"footnotes":""},"categories":[53,44],"tags":[],"class_list":["post-8175","post","type-post","status-publish","format-standard","has-post-thumbnail","hentry","category-destaques","category-politica"],"yoast_head":"<!-- This site is optimized with the Yoast SEO plugin v27.4 - https:\/\/yoast.com\/product\/yoast-seo-wordpress\/ -->\n<title>Nova etapa de Prato do Povo passa a ofertar refei\u00e7\u00f5es em Cumbe e Macambira - O Coerente<\/title>\n<meta name=\"robots\" content=\"index, follow, max-snippet:-1, max-image-preview:large, max-video-preview:-1\" \/>\n<link rel=\"canonical\" href=\"https:\/\/ocoerente.com.br\/se\/2024\/02\/05\/nova-etapa-de-prato-do-povo-passa-a-ofertar-refeicoes-em-cumbe-e-macambira\/\" \/>\n<meta property=\"og:locale\" content=\"pt_BR\" \/>\n<meta property=\"og:type\" content=\"article\" \/>\n<meta property=\"og:title\" content=\"Nova etapa de Prato do Povo passa a ofertar refei\u00e7\u00f5es em Cumbe e Macambira - O Coerente\" \/>\n<meta property=\"og:description\" content=\"No primeiro momento, 21 munic\u00edpios ser\u00e3o contemplados com cerca de 4,2 mil refei\u00e7\u00f5es di\u00e1rias para pessoas em vulnerabilidade social Centrado no projeto de fortalecer a pol\u00edtica de seguran\u00e7a alimentar e nutricional do estado, o Governo de Sergipe iniciou, nesta segunda-feira, 5, mais uma etapa do programa \u2018Prato do Povo\u2019, nos munic\u00edpios de Cumbe e de [&hellip;]\" \/>\n<meta property=\"og:url\" content=\"https:\/\/ocoerente.com.br\/se\/2024\/02\/05\/nova-etapa-de-prato-do-povo-passa-a-ofertar-refeicoes-em-cumbe-e-macambira\/\" \/>\n<meta property=\"og:site_name\" content=\"O Coerente\" \/>\n<meta property=\"article:published_time\" content=\"2024-02-05T20:43:29+00:00\" \/>\n<meta property=\"article:modified_time\" content=\"2024-02-05T20:43:30+00:00\" \/>\n<meta property=\"og:image\" content=\"https:\/\/ocoerente.com.br\/se\/wp-content\/uploads\/2024\/02\/prato-gov.jpeg\" \/>\n\t<meta property=\"og:image:width\" content=\"1100\" \/>\n\t<meta property=\"og:image:height\" content=\"610\" \/>\n\t<meta property=\"og:image:type\" content=\"image\/jpeg\" \/>\n<meta name=\"author\" content=\"Reda\u00e7\u00e3o\" \/>\n<meta name=\"twitter:card\" content=\"summary_large_image\" \/>\n<meta name=\"twitter:label1\" content=\"Escrito por\" \/>\n\t<meta name=\"twitter:data1\" content=\"Reda\u00e7\u00e3o\" \/>\n\t<meta name=\"twitter:label2\" content=\"Est. tempo de leitura\" \/>\n\t<meta name=\"twitter:data2\" content=\"5 minutos\" \/>\n<script type=\"application\/ld+json\" class=\"yoast-schema-graph\">{\"@context\":\"https:\\\/\\\/schema.org\",\"@graph\":[{\"@type\":\"Article\",\"@id\":\"https:\\\/\\\/ocoerente.com.br\\\/se\\\/2024\\\/02\\\/05\\\/nova-etapa-de-prato-do-povo-passa-a-ofertar-refeicoes-em-cumbe-e-macambira\\\/#article\",\"isPartOf\":{\"@id\":\"https:\\\/\\\/ocoerente.com.br\\\/se\\\/2024\\\/02\\\/05\\\/nova-etapa-de-prato-do-povo-passa-a-ofertar-refeicoes-em-cumbe-e-macambira\\\/\"},\"author\":{\"name\":\"Reda\u00e7\u00e3o\",\"@id\":\"https:\\\/\\\/ocoerente.com.br\\\/se\\\/#\\\/schema\\\/person\\\/cc6bfd9fbca465e23543b0c963d8d037\"},\"headline\":\"Nova etapa de Prato do Povo passa a ofertar refei\u00e7\u00f5es em Cumbe e Macambira\",\"datePublished\":\"2024-02-05T20:43:29+00:00\",\"dateModified\":\"2024-02-05T20:43:30+00:00\",\"mainEntityOfPage\":{\"@id\":\"https:\\\/\\\/ocoerente.com.br\\\/se\\\/2024\\\/02\\\/05\\\/nova-etapa-de-prato-do-povo-passa-a-ofertar-refeicoes-em-cumbe-e-macambira\\\/\"},\"wordCount\":1081,\"publisher\":{\"@id\":\"https:\\\/\\\/ocoerente.com.br\\\/se\\\/#\\\/schema\\\/person\\\/cc6bfd9fbca465e23543b0c963d8d037\"},\"image\":{\"@id\":\"https:\\\/\\\/ocoerente.com.br\\\/se\\\/2024\\\/02\\\/05\\\/nova-etapa-de-prato-do-povo-passa-a-ofertar-refeicoes-em-cumbe-e-macambira\\\/#primaryimage\"},\"thumbnailUrl\":\"https:\\\/\\\/ocoerente.com.br\\\/se\\\/wp-content\\\/uploads\\\/2024\\\/02\\\/prato-gov.jpeg\",\"articleSection\":[\"Destaques\",\"Pol\u00edtica\"],\"inLanguage\":\"pt-BR\"},{\"@type\":\"WebPage\",\"@id\":\"https:\\\/\\\/ocoerente.com.br\\\/se\\\/2024\\\/02\\\/05\\\/nova-etapa-de-prato-do-povo-passa-a-ofertar-refeicoes-em-cumbe-e-macambira\\\/\",\"url\":\"https:\\\/\\\/ocoerente.com.br\\\/se\\\/2024\\\/02\\\/05\\\/nova-etapa-de-prato-do-povo-passa-a-ofertar-refeicoes-em-cumbe-e-macambira\\\/\",\"name\":\"Nova etapa de Prato do Povo passa a ofertar refei\u00e7\u00f5es em Cumbe e Macambira - O Coerente\",\"isPartOf\":{\"@id\":\"https:\\\/\\\/ocoerente.com.br\\\/se\\\/#website\"},\"primaryImageOfPage\":{\"@id\":\"https:\\\/\\\/ocoerente.com.br\\\/se\\\/2024\\\/02\\\/05\\\/nova-etapa-de-prato-do-povo-passa-a-ofertar-refeicoes-em-cumbe-e-macambira\\\/#primaryimage\"},\"image\":{\"@id\":\"https:\\\/\\\/ocoerente.com.br\\\/se\\\/2024\\\/02\\\/05\\\/nova-etapa-de-prato-do-povo-passa-a-ofertar-refeicoes-em-cumbe-e-macambira\\\/#primaryimage\"},\"thumbnailUrl\":\"https:\\\/\\\/ocoerente.com.br\\\/se\\\/wp-content\\\/uploads\\\/2024\\\/02\\\/prato-gov.jpeg\",\"datePublished\":\"2024-02-05T20:43:29+00:00\",\"dateModified\":\"2024-02-05T20:43:30+00:00\",\"breadcrumb\":{\"@id\":\"https:\\\/\\\/ocoerente.com.br\\\/se\\\/2024\\\/02\\\/05\\\/nova-etapa-de-prato-do-povo-passa-a-ofertar-refeicoes-em-cumbe-e-macambira\\\/#breadcrumb\"},\"inLanguage\":\"pt-BR\",\"potentialAction\":[{\"@type\":\"ReadAction\",\"target\":[\"https:\\\/\\\/ocoerente.com.br\\\/se\\\/2024\\\/02\\\/05\\\/nova-etapa-de-prato-do-povo-passa-a-ofertar-refeicoes-em-cumbe-e-macambira\\\/\"]}]},{\"@type\":\"ImageObject\",\"inLanguage\":\"pt-BR\",\"@id\":\"https:\\\/\\\/ocoerente.com.br\\\/se\\\/2024\\\/02\\\/05\\\/nova-etapa-de-prato-do-povo-passa-a-ofertar-refeicoes-em-cumbe-e-macambira\\\/#primaryimage\",\"url\":\"https:\\\/\\\/ocoerente.com.br\\\/se\\\/wp-content\\\/uploads\\\/2024\\\/02\\\/prato-gov.jpeg\",\"contentUrl\":\"https:\\\/\\\/ocoerente.com.br\\\/se\\\/wp-content\\\/uploads\\\/2024\\\/02\\\/prato-gov.jpeg\",\"width\":1100,\"height\":610,\"caption\":\"Fotos: Arthur Soares\"},{\"@type\":\"BreadcrumbList\",\"@id\":\"https:\\\/\\\/ocoerente.com.br\\\/se\\\/2024\\\/02\\\/05\\\/nova-etapa-de-prato-do-povo-passa-a-ofertar-refeicoes-em-cumbe-e-macambira\\\/#breadcrumb\",\"itemListElement\":[{\"@type\":\"ListItem\",\"position\":1,\"name\":\"In\u00edcio\",\"item\":\"https:\\\/\\\/ocoerente.com.br\\\/se\\\/\"},{\"@type\":\"ListItem\",\"position\":2,\"name\":\"Nova etapa de Prato do Povo passa a ofertar refei\u00e7\u00f5es em Cumbe e Macambira\"}]},{\"@type\":\"WebSite\",\"@id\":\"https:\\\/\\\/ocoerente.com.br\\\/se\\\/#website\",\"url\":\"https:\\\/\\\/ocoerente.com.br\\\/se\\\/\",\"name\":\"O Coerente\",\"description\":\"\",\"publisher\":{\"@id\":\"https:\\\/\\\/ocoerente.com.br\\\/se\\\/#\\\/schema\\\/person\\\/cc6bfd9fbca465e23543b0c963d8d037\"},\"potentialAction\":[{\"@type\":\"SearchAction\",\"target\":{\"@type\":\"EntryPoint\",\"urlTemplate\":\"https:\\\/\\\/ocoerente.com.br\\\/se\\\/?s={search_term_string}\"},\"query-input\":{\"@type\":\"PropertyValueSpecification\",\"valueRequired\":true,\"valueName\":\"search_term_string\"}}],\"inLanguage\":\"pt-BR\"},{\"@type\":[\"Person\",\"Organization\"],\"@id\":\"https:\\\/\\\/ocoerente.com.br\\\/se\\\/#\\\/schema\\\/person\\\/cc6bfd9fbca465e23543b0c963d8d037\",\"name\":\"Reda\u00e7\u00e3o\",\"image\":{\"@type\":\"ImageObject\",\"inLanguage\":\"pt-BR\",\"@id\":\"https:\\\/\\\/ocoerente.com.br\\\/se\\\/wp-content\\\/uploads\\\/2020\\\/01\\\/ocoerente-1.png\",\"url\":\"https:\\\/\\\/ocoerente.com.br\\\/se\\\/wp-content\\\/uploads\\\/2020\\\/01\\\/ocoerente-1.png\",\"contentUrl\":\"https:\\\/\\\/ocoerente.com.br\\\/se\\\/wp-content\\\/uploads\\\/2020\\\/01\\\/ocoerente-1.png\",\"width\":50,\"height\":50,\"caption\":\"Reda\u00e7\u00e3o\"},\"logo\":{\"@id\":\"https:\\\/\\\/ocoerente.com.br\\\/se\\\/wp-content\\\/uploads\\\/2020\\\/01\\\/ocoerente-1.png\"},\"url\":\"https:\\\/\\\/ocoerente.com.br\\\/se\\\/author\\\/vasticlsales\\\/\"}]}<\/script>\n<!-- \/ Yoast SEO plugin. -->","yoast_head_json":{"title":"Nova etapa de Prato do Povo passa a ofertar refei\u00e7\u00f5es em Cumbe e Macambira - O Coerente","robots":{"index":"index","follow":"follow","max-snippet":"max-snippet:-1","max-image-preview":"max-image-preview:large","max-video-preview":"max-video-preview:-1"},"canonical":"https:\/\/ocoerente.com.br\/se\/2024\/02\/05\/nova-etapa-de-prato-do-povo-passa-a-ofertar-refeicoes-em-cumbe-e-macambira\/","og_locale":"pt_BR","og_type":"article","og_title":"Nova etapa de Prato do Povo passa a ofertar refei\u00e7\u00f5es em Cumbe e Macambira - O Coerente","og_description":"No primeiro momento, 21 munic\u00edpios ser\u00e3o contemplados com cerca de 4,2 mil refei\u00e7\u00f5es di\u00e1rias para pessoas em vulnerabilidade social Centrado no projeto de fortalecer a pol\u00edtica de seguran\u00e7a alimentar e nutricional do estado, o Governo de Sergipe iniciou, nesta segunda-feira, 5, mais uma etapa do programa \u2018Prato do Povo\u2019, nos munic\u00edpios de Cumbe e de [&hellip;]","og_url":"https:\/\/ocoerente.com.br\/se\/2024\/02\/05\/nova-etapa-de-prato-do-povo-passa-a-ofertar-refeicoes-em-cumbe-e-macambira\/","og_site_name":"O Coerente","article_published_time":"2024-02-05T20:43:29+00:00","article_modified_time":"2024-02-05T20:43:30+00:00","og_image":[{"width":1100,"height":610,"url":"https:\/\/ocoerente.com.br\/se\/wp-content\/uploads\/2024\/02\/prato-gov.jpeg","type":"image\/jpeg"}],"author":"Reda\u00e7\u00e3o","twitter_card":"summary_large_image","twitter_misc":{"Escrito por":"Reda\u00e7\u00e3o","Est. tempo de leitura":"5 minutos"},"schema":{"@context":"https:\/\/schema.org","@graph":[{"@type":"Article","@id":"https:\/\/ocoerente.com.br\/se\/2024\/02\/05\/nova-etapa-de-prato-do-povo-passa-a-ofertar-refeicoes-em-cumbe-e-macambira\/#article","isPartOf":{"@id":"https:\/\/ocoerente.com.br\/se\/2024\/02\/05\/nova-etapa-de-prato-do-povo-passa-a-ofertar-refeicoes-em-cumbe-e-macambira\/"},"author":{"name":"Reda\u00e7\u00e3o","@id":"https:\/\/ocoerente.com.br\/se\/#\/schema\/person\/cc6bfd9fbca465e23543b0c963d8d037"},"headline":"Nova etapa de Prato do Povo passa a ofertar refei\u00e7\u00f5es em Cumbe e Macambira","datePublished":"2024-02-05T20:43:29+00:00","dateModified":"2024-02-05T20:43:30+00:00","mainEntityOfPage":{"@id":"https:\/\/ocoerente.com.br\/se\/2024\/02\/05\/nova-etapa-de-prato-do-povo-passa-a-ofertar-refeicoes-em-cumbe-e-macambira\/"},"wordCount":1081,"publisher":{"@id":"https:\/\/ocoerente.com.br\/se\/#\/schema\/person\/cc6bfd9fbca465e23543b0c963d8d037"},"image":{"@id":"https:\/\/ocoerente.com.br\/se\/2024\/02\/05\/nova-etapa-de-prato-do-povo-passa-a-ofertar-refeicoes-em-cumbe-e-macambira\/#primaryimage"},"thumbnailUrl":"https:\/\/ocoerente.com.br\/se\/wp-content\/uploads\/2024\/02\/prato-gov.jpeg","articleSection":["Destaques","Pol\u00edtica"],"inLanguage":"pt-BR"},{"@type":"WebPage","@id":"https:\/\/ocoerente.com.br\/se\/2024\/02\/05\/nova-etapa-de-prato-do-povo-passa-a-ofertar-refeicoes-em-cumbe-e-macambira\/","url":"https:\/\/ocoerente.com.br\/se\/2024\/02\/05\/nova-etapa-de-prato-do-povo-passa-a-ofertar-refeicoes-em-cumbe-e-macambira\/","name":"Nova etapa de Prato do Povo passa a ofertar refei\u00e7\u00f5es em Cumbe e Macambira - O Coerente","isPartOf":{"@id":"https:\/\/ocoerente.com.br\/se\/#website"},"primaryImageOfPage":{"@id":"https:\/\/ocoerente.com.br\/se\/2024\/02\/05\/nova-etapa-de-prato-do-povo-passa-a-ofertar-refeicoes-em-cumbe-e-macambira\/#primaryimage"},"image":{"@id":"https:\/\/ocoerente.com.br\/se\/2024\/02\/05\/nova-etapa-de-prato-do-povo-passa-a-ofertar-refeicoes-em-cumbe-e-macambira\/#primaryimage"},"thumbnailUrl":"https:\/\/ocoerente.com.br\/se\/wp-content\/uploads\/2024\/02\/prato-gov.jpeg","datePublished":"2024-02-05T20:43:29+00:00","dateModified":"2024-02-05T20:43:30+00:00","breadcrumb":{"@id":"https:\/\/ocoerente.com.br\/se\/2024\/02\/05\/nova-etapa-de-prato-do-povo-passa-a-ofertar-refeicoes-em-cumbe-e-macambira\/#breadcrumb"},"inLanguage":"pt-BR","potentialAction":[{"@type":"ReadAction","target":["https:\/\/ocoerente.com.br\/se\/2024\/02\/05\/nova-etapa-de-prato-do-povo-passa-a-ofertar-refeicoes-em-cumbe-e-macambira\/"]}]},{"@type":"ImageObject","inLanguage":"pt-BR","@id":"https:\/\/ocoerente.com.br\/se\/2024\/02\/05\/nova-etapa-de-prato-do-povo-passa-a-ofertar-refeicoes-em-cumbe-e-macambira\/#primaryimage","url":"https:\/\/ocoerente.com.br\/se\/wp-content\/uploads\/2024\/02\/prato-gov.jpeg","contentUrl":"https:\/\/ocoerente.com.br\/se\/wp-content\/uploads\/2024\/02\/prato-gov.jpeg","width":1100,"height":610,"caption":"Fotos: Arthur Soares"},{"@type":"BreadcrumbList","@id":"https:\/\/ocoerente.com.br\/se\/2024\/02\/05\/nova-etapa-de-prato-do-povo-passa-a-ofertar-refeicoes-em-cumbe-e-macambira\/#breadcrumb","itemListElement":[{"@type":"ListItem","position":1,"name":"In\u00edcio","item":"https:\/\/ocoerente.com.br\/se\/"},{"@type":"ListItem","position":2,"name":"Nova etapa de Prato do Povo passa a ofertar refei\u00e7\u00f5es em Cumbe e Macambira"}]},{"@type":"WebSite","@id":"https:\/\/ocoerente.com.br\/se\/#website","url":"https:\/\/ocoerente.com.br\/se\/","name":"O Coerente","description":"","publisher":{"@id":"https:\/\/ocoerente.com.br\/se\/#\/schema\/person\/cc6bfd9fbca465e23543b0c963d8d037"},"potentialAction":[{"@type":"SearchAction","target":{"@type":"EntryPoint","urlTemplate":"https:\/\/ocoerente.com.br\/se\/?s={search_term_string}"},"query-input":{"@type":"PropertyValueSpecification","valueRequired":true,"valueName":"search_term_string"}}],"inLanguage":"pt-BR"},{"@type":["Person","Organization"],"@id":"https:\/\/ocoerente.com.br\/se\/#\/schema\/person\/cc6bfd9fbca465e23543b0c963d8d037","name":"Reda\u00e7\u00e3o","image":{"@type":"ImageObject","inLanguage":"pt-BR","@id":"https:\/\/ocoerente.com.br\/se\/wp-content\/uploads\/2020\/01\/ocoerente-1.png","url":"https:\/\/ocoerente.com.br\/se\/wp-content\/uploads\/2020\/01\/ocoerente-1.png","contentUrl":"https:\/\/ocoerente.com.br\/se\/wp-content\/uploads\/2020\/01\/ocoerente-1.png","width":50,"height":50,"caption":"Reda\u00e7\u00e3o"},"logo":{"@id":"https:\/\/ocoerente.com.br\/se\/wp-content\/uploads\/2020\/01\/ocoerente-1.png"},"url":"https:\/\/ocoerente.com.br\/se\/author\/vasticlsales\/"}]}},"_links":{"self":[{"href":"https:\/\/ocoerente.com.br\/se\/wp-json\/wp\/v2\/posts\/8175","targetHints":{"allow":["GET"]}}],"collection":[{"href":"https:\/\/ocoerente.com.br\/se\/wp-json\/wp\/v2\/posts"}],"about":[{"href":"https:\/\/ocoerente.com.br\/se\/wp-json\/wp\/v2\/types\/post"}],"author":[{"embeddable":true,"href":"https:\/\/ocoerente.com.br\/se\/wp-json\/wp\/v2\/users\/1"}],"replies":[{"embeddable":true,"href":"https:\/\/ocoerente.com.br\/se\/wp-json\/wp\/v2\/comments?post=8175"}],"version-history":[{"count":1,"href":"https:\/\/ocoerente.com.br\/se\/wp-json\/wp\/v2\/posts\/8175\/revisions"}],"predecessor-version":[{"id":8177,"href":"https:\/\/ocoerente.com.br\/se\/wp-json\/wp\/v2\/posts\/8175\/revisions\/8177"}],"wp:featuredmedia":[{"embeddable":true,"href":"https:\/\/ocoerente.com.br\/se\/wp-json\/wp\/v2\/media\/8176"}],"wp:attachment":[{"href":"https:\/\/ocoerente.com.br\/se\/wp-json\/wp\/v2\/media?parent=8175"}],"wp:term":[{"taxonomy":"category","embeddable":true,"href":"https:\/\/ocoerente.com.br\/se\/wp-json\/wp\/v2\/categories?post=8175"},{"taxonomy":"post_tag","embeddable":true,"href":"https:\/\/ocoerente.com.br\/se\/wp-json\/wp\/v2\/tags?post=8175"}],"curies":[{"name":"wp","href":"https:\/\/api.w.org\/{rel}","templated":true}]}}