{"id":8166,"date":"2024-02-05T17:35:23","date_gmt":"2024-02-05T20:35:23","guid":{"rendered":"https:\/\/ocoerente.com.br\/se\/?p=8166"},"modified":"2024-02-05T17:35:24","modified_gmt":"2024-02-05T20:35:24","slug":"inscricoes-abertas-para-o-26o-forum-regional-de-fortalecimento-da-rede-de-parcerias","status":"publish","type":"post","link":"https:\/\/ocoerente.com.br\/se\/2024\/02\/05\/inscricoes-abertas-para-o-26o-forum-regional-de-fortalecimento-da-rede-de-parcerias\/","title":{"rendered":"Inscri\u00e7\u00f5es abertas para o 26\u00ba F\u00f3rum Regional de Fortalecimento da Rede de Parcerias"},"content":{"rendered":"\n<p><em>As vagas para o evento promovido pelo Governo de Sergipe s\u00e3o limitadas para participa\u00e7\u00e3o em dois dias de imers\u00e3o em temas como acesso a pol\u00edticas p\u00fablicas, transfer\u00eancias de recursos da Uni\u00e3o e muito mais<\/em><\/p>\n\n\n\n<p>Est\u00e3o abertas as inscri\u00e7\u00f5es para o 26\u00ba F\u00f3rum Regional de Fortalecimento da Rede de Parcerias &#8211; etapa Sergipe, que ser\u00e1 realizado nos dias 7 e 8 de mar\u00e7o, na capital sergipana. O encontro \u00e9 voltado para gestores, servidores e membros de \u00f3rg\u00e3os dos poderes Executivo, Legislativo e Judici\u00e1rio, bem como para \u00f3rg\u00e3os de controle e organiza\u00e7\u00f5es da sociedade civil. Toda a programa\u00e7\u00e3o ocorrer\u00e1 na Universidade Tiradentes, campus Farol\u00e2ndia, em Aracaju.<\/p>\n\n\n\n<p>O F\u00f3rum \u00e9 promovido pelo Governo do Estado, por meio da Secretaria Especial de Representa\u00e7\u00e3o de Sergipe em Bras\u00edlia (Serese), em parceria com o Minist\u00e9rio da Gest\u00e3o e da Inova\u00e7\u00e3o em Servi\u00e7os P\u00fablicos (MGI), e conta com o apoio da Prefeitura de Aracaju, da Federa\u00e7\u00e3o dos Munic\u00edpios Sergipanos (Fames) e da Universidade Tiradentes (Unit).<\/p>\n\n\n\n<p>Os F\u00f3runs Regionais ocorrem em diversas unidades da Federa\u00e7\u00e3o e buscam promover maior integra\u00e7\u00e3o entre os parceiros da Rede de Parcerias, rede de governan\u00e7a colaborativa que tem como objetivo melhorar a qualidade do gasto p\u00fablico e a efetividade das pol\u00edticas p\u00fablicas implementadas a partir das transfer\u00eancias e parcerias da Uni\u00e3o e aprimorar a gest\u00e3o de projetos de investimento em infraestrutura.<\/p>\n\n\n\n<p>\u201cO F\u00f3rum vai colocar na mesma mesa o Governo Federal, estadual, munic\u00edpios, \u00f3rg\u00e3os de controle e organiza\u00e7\u00f5es da sociedade civil para discutir as transfer\u00eancias de recursos e as parcerias com a Uni\u00e3o. \u00c9 uma grande oportunidade para construirmos uma gest\u00e3o ainda mais eficiente, transparente e focada na efic\u00e1cia e na efetividade das pol\u00edticas p\u00fablicas\u201d, pontuou o secret\u00e1rio especial de Representa\u00e7\u00e3o de Sergipe em Bras\u00edlia em exerc\u00edcio, Luciano Filho.<\/p>\n\n\n\n<p><strong>Inscri\u00e7\u00f5es<\/strong><\/p>\n\n\n\n<p>As vagas s\u00e3o limitadas e gratuitas e as inscri\u00e7\u00f5es para o 26\u00ba F\u00f3rum Regional de Fortalecimento da Rede de Parcerias &#8211; etapa Sergipe devem ser realizadas no hotsite do evento:&nbsp;<a href=\"http:\/\/www.se.gov.br\/forumredeparcerias\/\">www.se.gov.br\/forumredeparcerias<\/a>.<\/p>\n\n\n\n<p>Informa\u00e7\u00f5es e d\u00favidas podem ser direcionadas para a Secretaria Especial de Representa\u00e7\u00e3o de Sergipe em Bras\u00edlia, pelo e-mail&nbsp;<a href=\"mailto:representacao.df@serese.se.gov.br\">representacao.df@serese.se.gov.br<\/a>&nbsp;ou no telefone 61&nbsp;3424-9400.<\/p>\n\n\n\n<p><strong>Rede de Parcerias<\/strong><\/p>\n\n\n\n<p>Com mais de 220 membros, a Rede de Parcerias, institu\u00edda pela Portaria Seges\/MGI n\u00ba 4.890, de 28 de agosto de 2023, desenvolve, por meio da governan\u00e7a colaborativa, a\u00e7\u00f5es voltadas \u00e0 melhoria da gest\u00e3o das parcerias que envolvem colabora\u00e7\u00e3o m\u00fatua e interesse p\u00fablico e rec\u00edproco (Decreto n\u00ba 11.271\/2022), e dos projetos de investimentos em infraestrutura registrados no obrasgov.br.<\/p>\n\n\n\n<p>A rede surgiu em 2015, a partir da necessidade de identificar oportunidades de melhoria na gest\u00e3o das transfer\u00eancias discricion\u00e1rias e de propor medidas para aperfei\u00e7oar os respectivos procedimentos e normatiza\u00e7\u00e3o.<\/p>\n\n\n\n<p><strong>Programa\u00e7\u00e3o<\/strong><\/p>\n\n\n\n<p>7 de mar\u00e7o &#8211; quinta-feira<\/p>\n\n\n\n<p>Local: Universidade Tiradentes, campus Farol\u00e2ndia<\/p>\n\n\n\n<p>8h \u2013 Credenciamento e coffee break<\/p>\n\n\n\n<p>9h &#8211; Cerim\u00f4nia de abertura<\/p>\n\n\n\n<p>10h &#8211; As Ades\u00f5es ao Obrasgov.br e a Rede de Parcerias<\/p>\n\n\n\n<p>10h30 \u00e0s 12h &#8211; Painel 1: Atua\u00e7\u00e3o em Rede para o sucesso das Transfer\u00eancias e Parcerias da Uni\u00e3o<\/p>\n\n\n\n<p>12h \u00e0s 13h30 &#8211; Almo\u00e7o<\/p>\n\n\n\n<p>13h30 \u00e0s 15h &#8211; Painel 2 &#8211; Acesso \u00e0s Pol\u00edticas P\u00fablicas da Sa\u00fade<\/p>\n\n\n\n<p>Previne Brasil; e-Gestor; Portaria no 544\/2023; InvestSUS<\/p>\n\n\n\n<p>15h \u00e0s 16h30 &#8211; Painel 3 &#8211; A import\u00e2ncia da governan\u00e7a em Obras P\u00fablicas e retomada das obras paralisadas: Novo PAC &#8211; pr\u00f3ximos passos, Obrasgov.br e Painel de obras<\/p>\n\n\n\n<p>16h30 \u00e0s 16h45 &#8211; Intervalo<\/p>\n\n\n\n<p>16h45 \u00e0s 17h30 &#8211; Painel 4 &#8211; Acesso \u00e0s Pol\u00edticas de Assist\u00eancia Social<\/p>\n\n\n\n<p>SIGTV; Transfer\u00eancia de recursos aos Fundos estaduais e municipais; Programa de Aquisi\u00e7\u00e3o de Alimentos<\/p>\n\n\n\n<p>17h30 &#8211; Encerramento 1\u00ba dia<\/p>\n\n\n\n<p>8 de mar\u00e7o &#8211; sexta-feira<\/p>\n\n\n\n<p>Local: Universidade Tiradentes, campus Farol\u00e2ndia<\/p>\n\n\n\n<p>8h &#8211; Coffee break<\/p>\n\n\n\n<p>9h \u00e0s 10h30 &#8211; Painel 5 &#8211; Governan\u00e7a e Gest\u00e3o P\u00fablica na Administra\u00e7\u00e3o P\u00fablica Estadual e Municipal<\/p>\n\n\n\n<p>10h30 \u00e0s 12h &#8211; Painel 6 &#8211; Acesso \u00e0s Pol\u00edticas P\u00fablicas de Cultura e Educa\u00e7\u00e3o<\/p>\n\n\n\n<p>Retomada das obras do FNDE; atualiza\u00e7\u00e3o das informa\u00e7\u00f5es cadastrais no PAR; Pol\u00edtica Nacional Aldir Blanc<\/p>\n\n\n\n<p>12h \u00e0s 13h30 \u2013 Almo\u00e7o<\/p>\n\n\n\n<p>13h30 \u00e0s 15h &#8211; Painel 7 &#8211; Acesso \u00e0s Pol\u00edticas para Mulheres<\/p>\n\n\n\n<p>CRAM; Plano Nacional para as Mulheres; Casa da Mulher Brasileira; Boas pr\u00e1ticas.<\/p>\n\n\n\n<p>15h \u00e0s 16h &#8211; Emendas parlamentares<\/p>\n\n\n\n<p>16h &#8211; Encerramento do evento<\/p>\n\n\n\n<p><strong>se.gov.br<\/strong><\/p>\n","protected":false},"excerpt":{"rendered":"<p>As vagas para o evento promovido pelo Governo de Sergipe s\u00e3o limitadas para participa\u00e7\u00e3o em dois dias de imers\u00e3o em temas como acesso a pol\u00edticas p\u00fablicas, transfer\u00eancias de recursos da Uni\u00e3o e muito mais Est\u00e3o abertas as inscri\u00e7\u00f5es para o 26\u00ba F\u00f3rum Regional de Fortalecimento da Rede de Parcerias &#8211; etapa Sergipe, que ser\u00e1 realizado [&hellip;]<\/p>\n","protected":false},"author":1,"featured_media":8167,"comment_status":"closed","ping_status":"closed","sticky":false,"template":"","format":"standard","meta":{"footnotes":""},"categories":[53,43],"tags":[],"class_list":["post-8166","post","type-post","status-publish","format-standard","has-post-thumbnail","hentry","category-destaques","category-sergipe"],"yoast_head":"<!-- This site is optimized with the Yoast SEO plugin v27.4 - https:\/\/yoast.com\/product\/yoast-seo-wordpress\/ -->\n<title>Inscri\u00e7\u00f5es abertas para o 26\u00ba F\u00f3rum Regional de Fortalecimento da Rede de Parcerias - O Coerente<\/title>\n<meta name=\"robots\" content=\"index, follow, max-snippet:-1, max-image-preview:large, max-video-preview:-1\" \/>\n<link rel=\"canonical\" href=\"https:\/\/ocoerente.com.br\/se\/2024\/02\/05\/inscricoes-abertas-para-o-26o-forum-regional-de-fortalecimento-da-rede-de-parcerias\/\" \/>\n<meta property=\"og:locale\" content=\"pt_BR\" \/>\n<meta property=\"og:type\" content=\"article\" \/>\n<meta property=\"og:title\" content=\"Inscri\u00e7\u00f5es abertas para o 26\u00ba F\u00f3rum Regional de Fortalecimento da Rede de Parcerias - O Coerente\" \/>\n<meta property=\"og:description\" content=\"As vagas para o evento promovido pelo Governo de Sergipe s\u00e3o limitadas para participa\u00e7\u00e3o em dois dias de imers\u00e3o em temas como acesso a pol\u00edticas p\u00fablicas, transfer\u00eancias de recursos da Uni\u00e3o e muito mais Est\u00e3o abertas as inscri\u00e7\u00f5es para o 26\u00ba F\u00f3rum Regional de Fortalecimento da Rede de Parcerias &#8211; etapa Sergipe, que ser\u00e1 realizado [&hellip;]\" \/>\n<meta property=\"og:url\" content=\"https:\/\/ocoerente.com.br\/se\/2024\/02\/05\/inscricoes-abertas-para-o-26o-forum-regional-de-fortalecimento-da-rede-de-parcerias\/\" \/>\n<meta property=\"og:site_name\" content=\"O Coerente\" \/>\n<meta property=\"article:published_time\" content=\"2024-02-05T20:35:23+00:00\" \/>\n<meta property=\"article:modified_time\" content=\"2024-02-05T20:35:24+00:00\" \/>\n<meta property=\"og:image\" content=\"https:\/\/ocoerente.com.br\/se\/wp-content\/uploads\/2024\/02\/forum-regional26.jpeg\" \/>\n\t<meta property=\"og:image:width\" content=\"1100\" \/>\n\t<meta property=\"og:image:height\" content=\"610\" \/>\n\t<meta property=\"og:image:type\" content=\"image\/jpeg\" \/>\n<meta name=\"author\" content=\"Reda\u00e7\u00e3o\" \/>\n<meta name=\"twitter:card\" content=\"summary_large_image\" \/>\n<meta name=\"twitter:label1\" content=\"Escrito por\" \/>\n\t<meta name=\"twitter:data1\" content=\"Reda\u00e7\u00e3o\" \/>\n\t<meta name=\"twitter:label2\" content=\"Est. tempo de leitura\" \/>\n\t<meta name=\"twitter:data2\" content=\"4 minutos\" \/>\n<script type=\"application\/ld+json\" class=\"yoast-schema-graph\">{\"@context\":\"https:\\\/\\\/schema.org\",\"@graph\":[{\"@type\":\"Article\",\"@id\":\"https:\\\/\\\/ocoerente.com.br\\\/se\\\/2024\\\/02\\\/05\\\/inscricoes-abertas-para-o-26o-forum-regional-de-fortalecimento-da-rede-de-parcerias\\\/#article\",\"isPartOf\":{\"@id\":\"https:\\\/\\\/ocoerente.com.br\\\/se\\\/2024\\\/02\\\/05\\\/inscricoes-abertas-para-o-26o-forum-regional-de-fortalecimento-da-rede-de-parcerias\\\/\"},\"author\":{\"name\":\"Reda\u00e7\u00e3o\",\"@id\":\"https:\\\/\\\/ocoerente.com.br\\\/se\\\/#\\\/schema\\\/person\\\/cc6bfd9fbca465e23543b0c963d8d037\"},\"headline\":\"Inscri\u00e7\u00f5es abertas para o 26\u00ba F\u00f3rum Regional de Fortalecimento da Rede de Parcerias\",\"datePublished\":\"2024-02-05T20:35:23+00:00\",\"dateModified\":\"2024-02-05T20:35:24+00:00\",\"mainEntityOfPage\":{\"@id\":\"https:\\\/\\\/ocoerente.com.br\\\/se\\\/2024\\\/02\\\/05\\\/inscricoes-abertas-para-o-26o-forum-regional-de-fortalecimento-da-rede-de-parcerias\\\/\"},\"wordCount\":789,\"publisher\":{\"@id\":\"https:\\\/\\\/ocoerente.com.br\\\/se\\\/#\\\/schema\\\/person\\\/cc6bfd9fbca465e23543b0c963d8d037\"},\"image\":{\"@id\":\"https:\\\/\\\/ocoerente.com.br\\\/se\\\/2024\\\/02\\\/05\\\/inscricoes-abertas-para-o-26o-forum-regional-de-fortalecimento-da-rede-de-parcerias\\\/#primaryimage\"},\"thumbnailUrl\":\"https:\\\/\\\/ocoerente.com.br\\\/se\\\/wp-content\\\/uploads\\\/2024\\\/02\\\/forum-regional26.jpeg\",\"articleSection\":[\"Destaques\",\"Sergipe\"],\"inLanguage\":\"pt-BR\"},{\"@type\":\"WebPage\",\"@id\":\"https:\\\/\\\/ocoerente.com.br\\\/se\\\/2024\\\/02\\\/05\\\/inscricoes-abertas-para-o-26o-forum-regional-de-fortalecimento-da-rede-de-parcerias\\\/\",\"url\":\"https:\\\/\\\/ocoerente.com.br\\\/se\\\/2024\\\/02\\\/05\\\/inscricoes-abertas-para-o-26o-forum-regional-de-fortalecimento-da-rede-de-parcerias\\\/\",\"name\":\"Inscri\u00e7\u00f5es abertas para o 26\u00ba F\u00f3rum Regional de Fortalecimento da Rede de Parcerias - O Coerente\",\"isPartOf\":{\"@id\":\"https:\\\/\\\/ocoerente.com.br\\\/se\\\/#website\"},\"primaryImageOfPage\":{\"@id\":\"https:\\\/\\\/ocoerente.com.br\\\/se\\\/2024\\\/02\\\/05\\\/inscricoes-abertas-para-o-26o-forum-regional-de-fortalecimento-da-rede-de-parcerias\\\/#primaryimage\"},\"image\":{\"@id\":\"https:\\\/\\\/ocoerente.com.br\\\/se\\\/2024\\\/02\\\/05\\\/inscricoes-abertas-para-o-26o-forum-regional-de-fortalecimento-da-rede-de-parcerias\\\/#primaryimage\"},\"thumbnailUrl\":\"https:\\\/\\\/ocoerente.com.br\\\/se\\\/wp-content\\\/uploads\\\/2024\\\/02\\\/forum-regional26.jpeg\",\"datePublished\":\"2024-02-05T20:35:23+00:00\",\"dateModified\":\"2024-02-05T20:35:24+00:00\",\"breadcrumb\":{\"@id\":\"https:\\\/\\\/ocoerente.com.br\\\/se\\\/2024\\\/02\\\/05\\\/inscricoes-abertas-para-o-26o-forum-regional-de-fortalecimento-da-rede-de-parcerias\\\/#breadcrumb\"},\"inLanguage\":\"pt-BR\",\"potentialAction\":[{\"@type\":\"ReadAction\",\"target\":[\"https:\\\/\\\/ocoerente.com.br\\\/se\\\/2024\\\/02\\\/05\\\/inscricoes-abertas-para-o-26o-forum-regional-de-fortalecimento-da-rede-de-parcerias\\\/\"]}]},{\"@type\":\"ImageObject\",\"inLanguage\":\"pt-BR\",\"@id\":\"https:\\\/\\\/ocoerente.com.br\\\/se\\\/2024\\\/02\\\/05\\\/inscricoes-abertas-para-o-26o-forum-regional-de-fortalecimento-da-rede-de-parcerias\\\/#primaryimage\",\"url\":\"https:\\\/\\\/ocoerente.com.br\\\/se\\\/wp-content\\\/uploads\\\/2024\\\/02\\\/forum-regional26.jpeg\",\"contentUrl\":\"https:\\\/\\\/ocoerente.com.br\\\/se\\\/wp-content\\\/uploads\\\/2024\\\/02\\\/forum-regional26.jpeg\",\"width\":1100,\"height\":610},{\"@type\":\"BreadcrumbList\",\"@id\":\"https:\\\/\\\/ocoerente.com.br\\\/se\\\/2024\\\/02\\\/05\\\/inscricoes-abertas-para-o-26o-forum-regional-de-fortalecimento-da-rede-de-parcerias\\\/#breadcrumb\",\"itemListElement\":[{\"@type\":\"ListItem\",\"position\":1,\"name\":\"In\u00edcio\",\"item\":\"https:\\\/\\\/ocoerente.com.br\\\/se\\\/\"},{\"@type\":\"ListItem\",\"position\":2,\"name\":\"Inscri\u00e7\u00f5es abertas para o 26\u00ba F\u00f3rum Regional de Fortalecimento da Rede de Parcerias\"}]},{\"@type\":\"WebSite\",\"@id\":\"https:\\\/\\\/ocoerente.com.br\\\/se\\\/#website\",\"url\":\"https:\\\/\\\/ocoerente.com.br\\\/se\\\/\",\"name\":\"O Coerente\",\"description\":\"\",\"publisher\":{\"@id\":\"https:\\\/\\\/ocoerente.com.br\\\/se\\\/#\\\/schema\\\/person\\\/cc6bfd9fbca465e23543b0c963d8d037\"},\"potentialAction\":[{\"@type\":\"SearchAction\",\"target\":{\"@type\":\"EntryPoint\",\"urlTemplate\":\"https:\\\/\\\/ocoerente.com.br\\\/se\\\/?s={search_term_string}\"},\"query-input\":{\"@type\":\"PropertyValueSpecification\",\"valueRequired\":true,\"valueName\":\"search_term_string\"}}],\"inLanguage\":\"pt-BR\"},{\"@type\":[\"Person\",\"Organization\"],\"@id\":\"https:\\\/\\\/ocoerente.com.br\\\/se\\\/#\\\/schema\\\/person\\\/cc6bfd9fbca465e23543b0c963d8d037\",\"name\":\"Reda\u00e7\u00e3o\",\"image\":{\"@type\":\"ImageObject\",\"inLanguage\":\"pt-BR\",\"@id\":\"https:\\\/\\\/ocoerente.com.br\\\/se\\\/wp-content\\\/uploads\\\/2020\\\/01\\\/ocoerente-1.png\",\"url\":\"https:\\\/\\\/ocoerente.com.br\\\/se\\\/wp-content\\\/uploads\\\/2020\\\/01\\\/ocoerente-1.png\",\"contentUrl\":\"https:\\\/\\\/ocoerente.com.br\\\/se\\\/wp-content\\\/uploads\\\/2020\\\/01\\\/ocoerente-1.png\",\"width\":50,\"height\":50,\"caption\":\"Reda\u00e7\u00e3o\"},\"logo\":{\"@id\":\"https:\\\/\\\/ocoerente.com.br\\\/se\\\/wp-content\\\/uploads\\\/2020\\\/01\\\/ocoerente-1.png\"},\"url\":\"https:\\\/\\\/ocoerente.com.br\\\/se\\\/author\\\/vasticlsales\\\/\"}]}<\/script>\n<!-- \/ Yoast SEO plugin. -->","yoast_head_json":{"title":"Inscri\u00e7\u00f5es abertas para o 26\u00ba F\u00f3rum Regional de Fortalecimento da Rede de Parcerias - O Coerente","robots":{"index":"index","follow":"follow","max-snippet":"max-snippet:-1","max-image-preview":"max-image-preview:large","max-video-preview":"max-video-preview:-1"},"canonical":"https:\/\/ocoerente.com.br\/se\/2024\/02\/05\/inscricoes-abertas-para-o-26o-forum-regional-de-fortalecimento-da-rede-de-parcerias\/","og_locale":"pt_BR","og_type":"article","og_title":"Inscri\u00e7\u00f5es abertas para o 26\u00ba F\u00f3rum Regional de Fortalecimento da Rede de Parcerias - O Coerente","og_description":"As vagas para o evento promovido pelo Governo de Sergipe s\u00e3o limitadas para participa\u00e7\u00e3o em dois dias de imers\u00e3o em temas como acesso a pol\u00edticas p\u00fablicas, transfer\u00eancias de recursos da Uni\u00e3o e muito mais Est\u00e3o abertas as inscri\u00e7\u00f5es para o 26\u00ba F\u00f3rum Regional de Fortalecimento da Rede de Parcerias &#8211; etapa Sergipe, que ser\u00e1 realizado [&hellip;]","og_url":"https:\/\/ocoerente.com.br\/se\/2024\/02\/05\/inscricoes-abertas-para-o-26o-forum-regional-de-fortalecimento-da-rede-de-parcerias\/","og_site_name":"O Coerente","article_published_time":"2024-02-05T20:35:23+00:00","article_modified_time":"2024-02-05T20:35:24+00:00","og_image":[{"width":1100,"height":610,"url":"https:\/\/ocoerente.com.br\/se\/wp-content\/uploads\/2024\/02\/forum-regional26.jpeg","type":"image\/jpeg"}],"author":"Reda\u00e7\u00e3o","twitter_card":"summary_large_image","twitter_misc":{"Escrito por":"Reda\u00e7\u00e3o","Est. tempo de leitura":"4 minutos"},"schema":{"@context":"https:\/\/schema.org","@graph":[{"@type":"Article","@id":"https:\/\/ocoerente.com.br\/se\/2024\/02\/05\/inscricoes-abertas-para-o-26o-forum-regional-de-fortalecimento-da-rede-de-parcerias\/#article","isPartOf":{"@id":"https:\/\/ocoerente.com.br\/se\/2024\/02\/05\/inscricoes-abertas-para-o-26o-forum-regional-de-fortalecimento-da-rede-de-parcerias\/"},"author":{"name":"Reda\u00e7\u00e3o","@id":"https:\/\/ocoerente.com.br\/se\/#\/schema\/person\/cc6bfd9fbca465e23543b0c963d8d037"},"headline":"Inscri\u00e7\u00f5es abertas para o 26\u00ba F\u00f3rum Regional de Fortalecimento da Rede de Parcerias","datePublished":"2024-02-05T20:35:23+00:00","dateModified":"2024-02-05T20:35:24+00:00","mainEntityOfPage":{"@id":"https:\/\/ocoerente.com.br\/se\/2024\/02\/05\/inscricoes-abertas-para-o-26o-forum-regional-de-fortalecimento-da-rede-de-parcerias\/"},"wordCount":789,"publisher":{"@id":"https:\/\/ocoerente.com.br\/se\/#\/schema\/person\/cc6bfd9fbca465e23543b0c963d8d037"},"image":{"@id":"https:\/\/ocoerente.com.br\/se\/2024\/02\/05\/inscricoes-abertas-para-o-26o-forum-regional-de-fortalecimento-da-rede-de-parcerias\/#primaryimage"},"thumbnailUrl":"https:\/\/ocoerente.com.br\/se\/wp-content\/uploads\/2024\/02\/forum-regional26.jpeg","articleSection":["Destaques","Sergipe"],"inLanguage":"pt-BR"},{"@type":"WebPage","@id":"https:\/\/ocoerente.com.br\/se\/2024\/02\/05\/inscricoes-abertas-para-o-26o-forum-regional-de-fortalecimento-da-rede-de-parcerias\/","url":"https:\/\/ocoerente.com.br\/se\/2024\/02\/05\/inscricoes-abertas-para-o-26o-forum-regional-de-fortalecimento-da-rede-de-parcerias\/","name":"Inscri\u00e7\u00f5es abertas para o 26\u00ba F\u00f3rum Regional de Fortalecimento da Rede de Parcerias - O Coerente","isPartOf":{"@id":"https:\/\/ocoerente.com.br\/se\/#website"},"primaryImageOfPage":{"@id":"https:\/\/ocoerente.com.br\/se\/2024\/02\/05\/inscricoes-abertas-para-o-26o-forum-regional-de-fortalecimento-da-rede-de-parcerias\/#primaryimage"},"image":{"@id":"https:\/\/ocoerente.com.br\/se\/2024\/02\/05\/inscricoes-abertas-para-o-26o-forum-regional-de-fortalecimento-da-rede-de-parcerias\/#primaryimage"},"thumbnailUrl":"https:\/\/ocoerente.com.br\/se\/wp-content\/uploads\/2024\/02\/forum-regional26.jpeg","datePublished":"2024-02-05T20:35:23+00:00","dateModified":"2024-02-05T20:35:24+00:00","breadcrumb":{"@id":"https:\/\/ocoerente.com.br\/se\/2024\/02\/05\/inscricoes-abertas-para-o-26o-forum-regional-de-fortalecimento-da-rede-de-parcerias\/#breadcrumb"},"inLanguage":"pt-BR","potentialAction":[{"@type":"ReadAction","target":["https:\/\/ocoerente.com.br\/se\/2024\/02\/05\/inscricoes-abertas-para-o-26o-forum-regional-de-fortalecimento-da-rede-de-parcerias\/"]}]},{"@type":"ImageObject","inLanguage":"pt-BR","@id":"https:\/\/ocoerente.com.br\/se\/2024\/02\/05\/inscricoes-abertas-para-o-26o-forum-regional-de-fortalecimento-da-rede-de-parcerias\/#primaryimage","url":"https:\/\/ocoerente.com.br\/se\/wp-content\/uploads\/2024\/02\/forum-regional26.jpeg","contentUrl":"https:\/\/ocoerente.com.br\/se\/wp-content\/uploads\/2024\/02\/forum-regional26.jpeg","width":1100,"height":610},{"@type":"BreadcrumbList","@id":"https:\/\/ocoerente.com.br\/se\/2024\/02\/05\/inscricoes-abertas-para-o-26o-forum-regional-de-fortalecimento-da-rede-de-parcerias\/#breadcrumb","itemListElement":[{"@type":"ListItem","position":1,"name":"In\u00edcio","item":"https:\/\/ocoerente.com.br\/se\/"},{"@type":"ListItem","position":2,"name":"Inscri\u00e7\u00f5es abertas para o 26\u00ba F\u00f3rum Regional de Fortalecimento da Rede de Parcerias"}]},{"@type":"WebSite","@id":"https:\/\/ocoerente.com.br\/se\/#website","url":"https:\/\/ocoerente.com.br\/se\/","name":"O Coerente","description":"","publisher":{"@id":"https:\/\/ocoerente.com.br\/se\/#\/schema\/person\/cc6bfd9fbca465e23543b0c963d8d037"},"potentialAction":[{"@type":"SearchAction","target":{"@type":"EntryPoint","urlTemplate":"https:\/\/ocoerente.com.br\/se\/?s={search_term_string}"},"query-input":{"@type":"PropertyValueSpecification","valueRequired":true,"valueName":"search_term_string"}}],"inLanguage":"pt-BR"},{"@type":["Person","Organization"],"@id":"https:\/\/ocoerente.com.br\/se\/#\/schema\/person\/cc6bfd9fbca465e23543b0c963d8d037","name":"Reda\u00e7\u00e3o","image":{"@type":"ImageObject","inLanguage":"pt-BR","@id":"https:\/\/ocoerente.com.br\/se\/wp-content\/uploads\/2020\/01\/ocoerente-1.png","url":"https:\/\/ocoerente.com.br\/se\/wp-content\/uploads\/2020\/01\/ocoerente-1.png","contentUrl":"https:\/\/ocoerente.com.br\/se\/wp-content\/uploads\/2020\/01\/ocoerente-1.png","width":50,"height":50,"caption":"Reda\u00e7\u00e3o"},"logo":{"@id":"https:\/\/ocoerente.com.br\/se\/wp-content\/uploads\/2020\/01\/ocoerente-1.png"},"url":"https:\/\/ocoerente.com.br\/se\/author\/vasticlsales\/"}]}},"_links":{"self":[{"href":"https:\/\/ocoerente.com.br\/se\/wp-json\/wp\/v2\/posts\/8166","targetHints":{"allow":["GET"]}}],"collection":[{"href":"https:\/\/ocoerente.com.br\/se\/wp-json\/wp\/v2\/posts"}],"about":[{"href":"https:\/\/ocoerente.com.br\/se\/wp-json\/wp\/v2\/types\/post"}],"author":[{"embeddable":true,"href":"https:\/\/ocoerente.com.br\/se\/wp-json\/wp\/v2\/users\/1"}],"replies":[{"embeddable":true,"href":"https:\/\/ocoerente.com.br\/se\/wp-json\/wp\/v2\/comments?post=8166"}],"version-history":[{"count":1,"href":"https:\/\/ocoerente.com.br\/se\/wp-json\/wp\/v2\/posts\/8166\/revisions"}],"predecessor-version":[{"id":8168,"href":"https:\/\/ocoerente.com.br\/se\/wp-json\/wp\/v2\/posts\/8166\/revisions\/8168"}],"wp:featuredmedia":[{"embeddable":true,"href":"https:\/\/ocoerente.com.br\/se\/wp-json\/wp\/v2\/media\/8167"}],"wp:attachment":[{"href":"https:\/\/ocoerente.com.br\/se\/wp-json\/wp\/v2\/media?parent=8166"}],"wp:term":[{"taxonomy":"category","embeddable":true,"href":"https:\/\/ocoerente.com.br\/se\/wp-json\/wp\/v2\/categories?post=8166"},{"taxonomy":"post_tag","embeddable":true,"href":"https:\/\/ocoerente.com.br\/se\/wp-json\/wp\/v2\/tags?post=8166"}],"curies":[{"name":"wp","href":"https:\/\/api.w.org\/{rel}","templated":true}]}}