{"id":8163,"date":"2024-02-05T17:33:01","date_gmt":"2024-02-05T20:33:01","guid":{"rendered":"https:\/\/ocoerente.com.br\/se\/?p=8163"},"modified":"2024-02-05T17:33:03","modified_gmt":"2024-02-05T20:33:03","slug":"unidade-do-senac-aracaju-esta-com-inscricoes-abertas-para-37-cursos","status":"publish","type":"post","link":"https:\/\/ocoerente.com.br\/se\/2024\/02\/05\/unidade-do-senac-aracaju-esta-com-inscricoes-abertas-para-37-cursos\/","title":{"rendered":"Unidade do Senac Aracaju est\u00e1 com inscri\u00e7\u00f5es abertas para 37 cursos"},"content":{"rendered":"\n<p>O Centro de Educa\u00e7\u00e3o Profissional (CEP) do Senac em Aracaju est\u00e1 com inscri\u00e7\u00f5es para 37 cursos abertas, com aulas de alguns deles com in\u00edcio previsto para fevereiro. S\u00e3o qualifica\u00e7\u00f5es e cursos t\u00e9cnicos distribu\u00eddos em 11 eixos diferentes, alinhados com as demandas atuais do mercado de trabalho do com\u00e9rcio de bens, servi\u00e7os e turismo. Ainda neste primeiro trimestre de 2024, ser\u00e3o ofertadas mais 21 capacita\u00e7\u00f5es.<\/p>\n\n\n\n<p>Para efetuar a matr\u00edcula, os interessados devem estar munidos de Carteira de Identidade e CPF (obrigat\u00f3rio para todas as idades, c\u00f3pia e original); comprovante de resid\u00eancia com CEP (atualizado m\u00e1ximo de seis meses, c\u00f3pia e original); e comprovante de escolaridade (c\u00f3pia e original). Se for menor de 18 anos, somente o respons\u00e1vel legal poder\u00e1 fazer a matr\u00edcula e munido com a documenta\u00e7\u00e3o.<\/p>\n\n\n\n<p>Caso trabalhe no com\u00e9rcio, ou que seja filho(a) de comerci\u00e1rio, deve apresentar carteira do Sesc v\u00e1lida (c\u00f3pia e original), para saber detalhes sobre os descontos. O Senac disponibiliza ainda um Plano de Fideliza\u00e7\u00e3o, com percentuais de desconto que podem variar de acordo com cada situa\u00e7\u00e3o, a exemplo de indica\u00e7\u00e3o de outras pessoas que efetue a matr\u00edcula ou ainda se fizer outra capacita\u00e7\u00e3o.<\/p>\n\n\n\n<p>J\u00e1 para os cursos t\u00e9cnicos, al\u00e9m dos documentos acima listados, \u00e9 necess\u00e1rio o interessado apresentar o Certificado de conclus\u00e3o do ensino m\u00e9dio ou declara\u00e7\u00e3o de que esteja cursando o ensino m\u00e9dio, a partir do 2\u00ba ano (c\u00f3pia e original); Carteira de Reservista (para homens at\u00e9 45 anos, c\u00f3pia e original); T\u00edtulo de Eleitor (c\u00f3pia e original); Certid\u00e3o de Casamento (c\u00f3pia e original).<br>O pagamento \u00e9 facilitado, podendo ser feito em at\u00e9 seis parcelas nos cart\u00f5es de cr\u00e9dito (Hipercard, Mastercard, Visa). Para outras op\u00e7\u00f5es o interessado deve consultar a forma de parcelamento no ato da matr\u00edcula.<\/p>\n\n\n\n<p>As inscri\u00e7\u00f5es podem ser feitas na Central de Atendimento do Senac Aracaju, localizada na Rua Vila Cristina, 81 \u2013 Bairro S\u00e3o Jos\u00e9, ou ainda na p\u00e1gina ( http:\/\/cursos.se.senac.br\/unidade\/96\/aracaju ). D\u00favidas podem ser tiradas presencialmente ou pelo telefone (79) 3212-1560, das 8h \u00e0s 19h30.<\/p>\n\n\n\n<p>Confira a lista de cursos:<br>Sa\u00fade<br>Cuidador de Idoso<br>Limpeza de pele<br>Depilador<br>Drenagem Linf\u00e1tica Manual<br>Auriculoterapia<br>Massagem Chinesa<\/p>\n\n\n\n<p>Moda<br>Comunica\u00e7\u00e3o Integrada de Marketing na Moda<br>Costureiro<\/p>\n\n\n\n<p>Comunica\u00e7\u00e3o<br>M\u00eddias digitais<\/p>\n\n\n\n<p>Infraestrutura<br>Porteiro e Vigia<br>Agente de Limpeza e Conserva\u00e7\u00e3o<br>Frentista<\/p>\n\n\n\n<p>Beleza<br>Manicura e Pedicura<br>Barbeiro<br>Maquiador<br>Cabeleireiro<\/p>\n\n\n\n<p>Gest\u00e3o<br>Assistente Administrativo<br>Licita\u00e7\u00f5es e Contratos<\/p>\n\n\n\n<p>Com\u00e9rcio<br>Preg\u00e3o Eletr\u00f4nico e Presencial<\/p>\n\n\n\n<p>Idiomas<br>Ingl\u00eas B\u00e1sico<br>Ingl\u00eas Intermedi\u00e1rio 2<\/p>\n\n\n\n<p>Tecnologia da Informa\u00e7\u00e3o<br>Computa\u00e7\u00e3o B\u00e1sica<br>Excel para Rotinas Administrativas e Financeiras<br>Programador de Web<br>Recursos Avan\u00e7ados de Word e Excel<br>Hardware \u2013 Montagem e Manuten\u00e7\u00e3o de Computadores<br>Microsoft Power BI \u2013 B\u00e1sico<br>Microsoft Power BI \u2013 Avan\u00e7ado<br>Autocad B\u00e1sico \u2013 Projetos em 2d<br>Programador de Sistemas<br>Edi\u00e7\u00e3o de V\u00eddeo para Redes Sociais<br>Redes e Conectividades<br>Desenvolvimento de Jogos<br>Forma\u00e7\u00e3o Excel: do B\u00e1sico ao Avan\u00e7ado<br>Fundamentos do Phyton I<\/p>\n\n\n\n<p>Seguran\u00e7a<br>NR 20-L\u00edquidos combust\u00edveis e inflam\u00e1veis<\/p>\n\n\n\n<p>Centro de Gastronomia e Turismo (CGT)<br>Boas Pr\u00e1ticas na Manipula\u00e7\u00e3o de Alimentos<\/p>\n\n\n\n<p>O Sistema S do Com\u00e9rcio \u00e9 composto pela Fecom\u00e9rcio, Sesc, Senac e Instituto Fecom\u00e9rcio em Sergipe. A entidade \u00e9 filiada \u00e0 Confedera\u00e7\u00e3o Nacional do Com\u00e9rcio de Bens, Servi\u00e7os e Turismo (CNC), que est\u00e1 sob o comando de Jos\u00e9 Roberto Tadros.<\/p>\n\n\n\n<p><strong>Senac SE<\/strong><\/p>\n","protected":false},"excerpt":{"rendered":"<p>O Centro de Educa\u00e7\u00e3o Profissional (CEP) do Senac em Aracaju est\u00e1 com inscri\u00e7\u00f5es para 37 cursos abertas, com aulas de alguns deles com in\u00edcio previsto para fevereiro. S\u00e3o qualifica\u00e7\u00f5es e cursos t\u00e9cnicos distribu\u00eddos em 11 eixos diferentes, alinhados com as demandas atuais do mercado de trabalho do com\u00e9rcio de bens, servi\u00e7os e turismo. Ainda neste [&hellip;]<\/p>\n","protected":false},"author":1,"featured_media":8164,"comment_status":"closed","ping_status":"closed","sticky":false,"template":"","format":"standard","meta":{"footnotes":""},"categories":[53,57],"tags":[],"class_list":["post-8163","post","type-post","status-publish","format-standard","has-post-thumbnail","hentry","category-destaques","category-oportunidades"],"yoast_head":"<!-- This site is optimized with the Yoast SEO plugin v27.4 - https:\/\/yoast.com\/product\/yoast-seo-wordpress\/ -->\n<title>Unidade do Senac Aracaju est\u00e1 com inscri\u00e7\u00f5es abertas para 37 cursos - O Coerente<\/title>\n<meta name=\"robots\" content=\"index, follow, max-snippet:-1, max-image-preview:large, max-video-preview:-1\" \/>\n<link rel=\"canonical\" href=\"https:\/\/ocoerente.com.br\/se\/2024\/02\/05\/unidade-do-senac-aracaju-esta-com-inscricoes-abertas-para-37-cursos\/\" \/>\n<meta property=\"og:locale\" content=\"pt_BR\" \/>\n<meta property=\"og:type\" content=\"article\" \/>\n<meta property=\"og:title\" content=\"Unidade do Senac Aracaju est\u00e1 com inscri\u00e7\u00f5es abertas para 37 cursos - O Coerente\" \/>\n<meta property=\"og:description\" content=\"O Centro de Educa\u00e7\u00e3o Profissional (CEP) do Senac em Aracaju est\u00e1 com inscri\u00e7\u00f5es para 37 cursos abertas, com aulas de alguns deles com in\u00edcio previsto para fevereiro. S\u00e3o qualifica\u00e7\u00f5es e cursos t\u00e9cnicos distribu\u00eddos em 11 eixos diferentes, alinhados com as demandas atuais do mercado de trabalho do com\u00e9rcio de bens, servi\u00e7os e turismo. Ainda neste [&hellip;]\" \/>\n<meta property=\"og:url\" content=\"https:\/\/ocoerente.com.br\/se\/2024\/02\/05\/unidade-do-senac-aracaju-esta-com-inscricoes-abertas-para-37-cursos\/\" \/>\n<meta property=\"og:site_name\" content=\"O Coerente\" \/>\n<meta property=\"article:published_time\" content=\"2024-02-05T20:33:01+00:00\" \/>\n<meta property=\"article:modified_time\" content=\"2024-02-05T20:33:03+00:00\" \/>\n<meta property=\"og:image\" content=\"https:\/\/ocoerente.com.br\/se\/wp-content\/uploads\/2024\/02\/senaccccc.jpg\" \/>\n\t<meta property=\"og:image:width\" content=\"768\" \/>\n\t<meta property=\"og:image:height\" content=\"478\" \/>\n\t<meta property=\"og:image:type\" content=\"image\/jpeg\" \/>\n<meta name=\"author\" content=\"Reda\u00e7\u00e3o\" \/>\n<meta name=\"twitter:card\" content=\"summary_large_image\" \/>\n<meta name=\"twitter:label1\" content=\"Escrito por\" \/>\n\t<meta name=\"twitter:data1\" content=\"Reda\u00e7\u00e3o\" \/>\n\t<meta name=\"twitter:label2\" content=\"Est. tempo de leitura\" \/>\n\t<meta name=\"twitter:data2\" content=\"3 minutos\" \/>\n<script type=\"application\/ld+json\" class=\"yoast-schema-graph\">{\"@context\":\"https:\\\/\\\/schema.org\",\"@graph\":[{\"@type\":\"Article\",\"@id\":\"https:\\\/\\\/ocoerente.com.br\\\/se\\\/2024\\\/02\\\/05\\\/unidade-do-senac-aracaju-esta-com-inscricoes-abertas-para-37-cursos\\\/#article\",\"isPartOf\":{\"@id\":\"https:\\\/\\\/ocoerente.com.br\\\/se\\\/2024\\\/02\\\/05\\\/unidade-do-senac-aracaju-esta-com-inscricoes-abertas-para-37-cursos\\\/\"},\"author\":{\"name\":\"Reda\u00e7\u00e3o\",\"@id\":\"https:\\\/\\\/ocoerente.com.br\\\/se\\\/#\\\/schema\\\/person\\\/cc6bfd9fbca465e23543b0c963d8d037\"},\"headline\":\"Unidade do Senac Aracaju est\u00e1 com inscri\u00e7\u00f5es abertas para 37 cursos\",\"datePublished\":\"2024-02-05T20:33:01+00:00\",\"dateModified\":\"2024-02-05T20:33:03+00:00\",\"mainEntityOfPage\":{\"@id\":\"https:\\\/\\\/ocoerente.com.br\\\/se\\\/2024\\\/02\\\/05\\\/unidade-do-senac-aracaju-esta-com-inscricoes-abertas-para-37-cursos\\\/\"},\"wordCount\":569,\"publisher\":{\"@id\":\"https:\\\/\\\/ocoerente.com.br\\\/se\\\/#\\\/schema\\\/person\\\/cc6bfd9fbca465e23543b0c963d8d037\"},\"image\":{\"@id\":\"https:\\\/\\\/ocoerente.com.br\\\/se\\\/2024\\\/02\\\/05\\\/unidade-do-senac-aracaju-esta-com-inscricoes-abertas-para-37-cursos\\\/#primaryimage\"},\"thumbnailUrl\":\"https:\\\/\\\/ocoerente.com.br\\\/se\\\/wp-content\\\/uploads\\\/2024\\\/02\\\/senaccccc.jpg\",\"articleSection\":[\"Destaques\",\"Oportunidades\"],\"inLanguage\":\"pt-BR\"},{\"@type\":\"WebPage\",\"@id\":\"https:\\\/\\\/ocoerente.com.br\\\/se\\\/2024\\\/02\\\/05\\\/unidade-do-senac-aracaju-esta-com-inscricoes-abertas-para-37-cursos\\\/\",\"url\":\"https:\\\/\\\/ocoerente.com.br\\\/se\\\/2024\\\/02\\\/05\\\/unidade-do-senac-aracaju-esta-com-inscricoes-abertas-para-37-cursos\\\/\",\"name\":\"Unidade do Senac Aracaju est\u00e1 com inscri\u00e7\u00f5es abertas para 37 cursos - O Coerente\",\"isPartOf\":{\"@id\":\"https:\\\/\\\/ocoerente.com.br\\\/se\\\/#website\"},\"primaryImageOfPage\":{\"@id\":\"https:\\\/\\\/ocoerente.com.br\\\/se\\\/2024\\\/02\\\/05\\\/unidade-do-senac-aracaju-esta-com-inscricoes-abertas-para-37-cursos\\\/#primaryimage\"},\"image\":{\"@id\":\"https:\\\/\\\/ocoerente.com.br\\\/se\\\/2024\\\/02\\\/05\\\/unidade-do-senac-aracaju-esta-com-inscricoes-abertas-para-37-cursos\\\/#primaryimage\"},\"thumbnailUrl\":\"https:\\\/\\\/ocoerente.com.br\\\/se\\\/wp-content\\\/uploads\\\/2024\\\/02\\\/senaccccc.jpg\",\"datePublished\":\"2024-02-05T20:33:01+00:00\",\"dateModified\":\"2024-02-05T20:33:03+00:00\",\"breadcrumb\":{\"@id\":\"https:\\\/\\\/ocoerente.com.br\\\/se\\\/2024\\\/02\\\/05\\\/unidade-do-senac-aracaju-esta-com-inscricoes-abertas-para-37-cursos\\\/#breadcrumb\"},\"inLanguage\":\"pt-BR\",\"potentialAction\":[{\"@type\":\"ReadAction\",\"target\":[\"https:\\\/\\\/ocoerente.com.br\\\/se\\\/2024\\\/02\\\/05\\\/unidade-do-senac-aracaju-esta-com-inscricoes-abertas-para-37-cursos\\\/\"]}]},{\"@type\":\"ImageObject\",\"inLanguage\":\"pt-BR\",\"@id\":\"https:\\\/\\\/ocoerente.com.br\\\/se\\\/2024\\\/02\\\/05\\\/unidade-do-senac-aracaju-esta-com-inscricoes-abertas-para-37-cursos\\\/#primaryimage\",\"url\":\"https:\\\/\\\/ocoerente.com.br\\\/se\\\/wp-content\\\/uploads\\\/2024\\\/02\\\/senaccccc.jpg\",\"contentUrl\":\"https:\\\/\\\/ocoerente.com.br\\\/se\\\/wp-content\\\/uploads\\\/2024\\\/02\\\/senaccccc.jpg\",\"width\":768,\"height\":478},{\"@type\":\"BreadcrumbList\",\"@id\":\"https:\\\/\\\/ocoerente.com.br\\\/se\\\/2024\\\/02\\\/05\\\/unidade-do-senac-aracaju-esta-com-inscricoes-abertas-para-37-cursos\\\/#breadcrumb\",\"itemListElement\":[{\"@type\":\"ListItem\",\"position\":1,\"name\":\"In\u00edcio\",\"item\":\"https:\\\/\\\/ocoerente.com.br\\\/se\\\/\"},{\"@type\":\"ListItem\",\"position\":2,\"name\":\"Unidade do Senac Aracaju est\u00e1 com inscri\u00e7\u00f5es abertas para 37 cursos\"}]},{\"@type\":\"WebSite\",\"@id\":\"https:\\\/\\\/ocoerente.com.br\\\/se\\\/#website\",\"url\":\"https:\\\/\\\/ocoerente.com.br\\\/se\\\/\",\"name\":\"O Coerente\",\"description\":\"\",\"publisher\":{\"@id\":\"https:\\\/\\\/ocoerente.com.br\\\/se\\\/#\\\/schema\\\/person\\\/cc6bfd9fbca465e23543b0c963d8d037\"},\"potentialAction\":[{\"@type\":\"SearchAction\",\"target\":{\"@type\":\"EntryPoint\",\"urlTemplate\":\"https:\\\/\\\/ocoerente.com.br\\\/se\\\/?s={search_term_string}\"},\"query-input\":{\"@type\":\"PropertyValueSpecification\",\"valueRequired\":true,\"valueName\":\"search_term_string\"}}],\"inLanguage\":\"pt-BR\"},{\"@type\":[\"Person\",\"Organization\"],\"@id\":\"https:\\\/\\\/ocoerente.com.br\\\/se\\\/#\\\/schema\\\/person\\\/cc6bfd9fbca465e23543b0c963d8d037\",\"name\":\"Reda\u00e7\u00e3o\",\"image\":{\"@type\":\"ImageObject\",\"inLanguage\":\"pt-BR\",\"@id\":\"https:\\\/\\\/ocoerente.com.br\\\/se\\\/wp-content\\\/uploads\\\/2020\\\/01\\\/ocoerente-1.png\",\"url\":\"https:\\\/\\\/ocoerente.com.br\\\/se\\\/wp-content\\\/uploads\\\/2020\\\/01\\\/ocoerente-1.png\",\"contentUrl\":\"https:\\\/\\\/ocoerente.com.br\\\/se\\\/wp-content\\\/uploads\\\/2020\\\/01\\\/ocoerente-1.png\",\"width\":50,\"height\":50,\"caption\":\"Reda\u00e7\u00e3o\"},\"logo\":{\"@id\":\"https:\\\/\\\/ocoerente.com.br\\\/se\\\/wp-content\\\/uploads\\\/2020\\\/01\\\/ocoerente-1.png\"},\"url\":\"https:\\\/\\\/ocoerente.com.br\\\/se\\\/author\\\/vasticlsales\\\/\"}]}<\/script>\n<!-- \/ Yoast SEO plugin. -->","yoast_head_json":{"title":"Unidade do Senac Aracaju est\u00e1 com inscri\u00e7\u00f5es abertas para 37 cursos - O Coerente","robots":{"index":"index","follow":"follow","max-snippet":"max-snippet:-1","max-image-preview":"max-image-preview:large","max-video-preview":"max-video-preview:-1"},"canonical":"https:\/\/ocoerente.com.br\/se\/2024\/02\/05\/unidade-do-senac-aracaju-esta-com-inscricoes-abertas-para-37-cursos\/","og_locale":"pt_BR","og_type":"article","og_title":"Unidade do Senac Aracaju est\u00e1 com inscri\u00e7\u00f5es abertas para 37 cursos - O Coerente","og_description":"O Centro de Educa\u00e7\u00e3o Profissional (CEP) do Senac em Aracaju est\u00e1 com inscri\u00e7\u00f5es para 37 cursos abertas, com aulas de alguns deles com in\u00edcio previsto para fevereiro. S\u00e3o qualifica\u00e7\u00f5es e cursos t\u00e9cnicos distribu\u00eddos em 11 eixos diferentes, alinhados com as demandas atuais do mercado de trabalho do com\u00e9rcio de bens, servi\u00e7os e turismo. Ainda neste [&hellip;]","og_url":"https:\/\/ocoerente.com.br\/se\/2024\/02\/05\/unidade-do-senac-aracaju-esta-com-inscricoes-abertas-para-37-cursos\/","og_site_name":"O Coerente","article_published_time":"2024-02-05T20:33:01+00:00","article_modified_time":"2024-02-05T20:33:03+00:00","og_image":[{"width":768,"height":478,"url":"https:\/\/ocoerente.com.br\/se\/wp-content\/uploads\/2024\/02\/senaccccc.jpg","type":"image\/jpeg"}],"author":"Reda\u00e7\u00e3o","twitter_card":"summary_large_image","twitter_misc":{"Escrito por":"Reda\u00e7\u00e3o","Est. tempo de leitura":"3 minutos"},"schema":{"@context":"https:\/\/schema.org","@graph":[{"@type":"Article","@id":"https:\/\/ocoerente.com.br\/se\/2024\/02\/05\/unidade-do-senac-aracaju-esta-com-inscricoes-abertas-para-37-cursos\/#article","isPartOf":{"@id":"https:\/\/ocoerente.com.br\/se\/2024\/02\/05\/unidade-do-senac-aracaju-esta-com-inscricoes-abertas-para-37-cursos\/"},"author":{"name":"Reda\u00e7\u00e3o","@id":"https:\/\/ocoerente.com.br\/se\/#\/schema\/person\/cc6bfd9fbca465e23543b0c963d8d037"},"headline":"Unidade do Senac Aracaju est\u00e1 com inscri\u00e7\u00f5es abertas para 37 cursos","datePublished":"2024-02-05T20:33:01+00:00","dateModified":"2024-02-05T20:33:03+00:00","mainEntityOfPage":{"@id":"https:\/\/ocoerente.com.br\/se\/2024\/02\/05\/unidade-do-senac-aracaju-esta-com-inscricoes-abertas-para-37-cursos\/"},"wordCount":569,"publisher":{"@id":"https:\/\/ocoerente.com.br\/se\/#\/schema\/person\/cc6bfd9fbca465e23543b0c963d8d037"},"image":{"@id":"https:\/\/ocoerente.com.br\/se\/2024\/02\/05\/unidade-do-senac-aracaju-esta-com-inscricoes-abertas-para-37-cursos\/#primaryimage"},"thumbnailUrl":"https:\/\/ocoerente.com.br\/se\/wp-content\/uploads\/2024\/02\/senaccccc.jpg","articleSection":["Destaques","Oportunidades"],"inLanguage":"pt-BR"},{"@type":"WebPage","@id":"https:\/\/ocoerente.com.br\/se\/2024\/02\/05\/unidade-do-senac-aracaju-esta-com-inscricoes-abertas-para-37-cursos\/","url":"https:\/\/ocoerente.com.br\/se\/2024\/02\/05\/unidade-do-senac-aracaju-esta-com-inscricoes-abertas-para-37-cursos\/","name":"Unidade do Senac Aracaju est\u00e1 com inscri\u00e7\u00f5es abertas para 37 cursos - O Coerente","isPartOf":{"@id":"https:\/\/ocoerente.com.br\/se\/#website"},"primaryImageOfPage":{"@id":"https:\/\/ocoerente.com.br\/se\/2024\/02\/05\/unidade-do-senac-aracaju-esta-com-inscricoes-abertas-para-37-cursos\/#primaryimage"},"image":{"@id":"https:\/\/ocoerente.com.br\/se\/2024\/02\/05\/unidade-do-senac-aracaju-esta-com-inscricoes-abertas-para-37-cursos\/#primaryimage"},"thumbnailUrl":"https:\/\/ocoerente.com.br\/se\/wp-content\/uploads\/2024\/02\/senaccccc.jpg","datePublished":"2024-02-05T20:33:01+00:00","dateModified":"2024-02-05T20:33:03+00:00","breadcrumb":{"@id":"https:\/\/ocoerente.com.br\/se\/2024\/02\/05\/unidade-do-senac-aracaju-esta-com-inscricoes-abertas-para-37-cursos\/#breadcrumb"},"inLanguage":"pt-BR","potentialAction":[{"@type":"ReadAction","target":["https:\/\/ocoerente.com.br\/se\/2024\/02\/05\/unidade-do-senac-aracaju-esta-com-inscricoes-abertas-para-37-cursos\/"]}]},{"@type":"ImageObject","inLanguage":"pt-BR","@id":"https:\/\/ocoerente.com.br\/se\/2024\/02\/05\/unidade-do-senac-aracaju-esta-com-inscricoes-abertas-para-37-cursos\/#primaryimage","url":"https:\/\/ocoerente.com.br\/se\/wp-content\/uploads\/2024\/02\/senaccccc.jpg","contentUrl":"https:\/\/ocoerente.com.br\/se\/wp-content\/uploads\/2024\/02\/senaccccc.jpg","width":768,"height":478},{"@type":"BreadcrumbList","@id":"https:\/\/ocoerente.com.br\/se\/2024\/02\/05\/unidade-do-senac-aracaju-esta-com-inscricoes-abertas-para-37-cursos\/#breadcrumb","itemListElement":[{"@type":"ListItem","position":1,"name":"In\u00edcio","item":"https:\/\/ocoerente.com.br\/se\/"},{"@type":"ListItem","position":2,"name":"Unidade do Senac Aracaju est\u00e1 com inscri\u00e7\u00f5es abertas para 37 cursos"}]},{"@type":"WebSite","@id":"https:\/\/ocoerente.com.br\/se\/#website","url":"https:\/\/ocoerente.com.br\/se\/","name":"O Coerente","description":"","publisher":{"@id":"https:\/\/ocoerente.com.br\/se\/#\/schema\/person\/cc6bfd9fbca465e23543b0c963d8d037"},"potentialAction":[{"@type":"SearchAction","target":{"@type":"EntryPoint","urlTemplate":"https:\/\/ocoerente.com.br\/se\/?s={search_term_string}"},"query-input":{"@type":"PropertyValueSpecification","valueRequired":true,"valueName":"search_term_string"}}],"inLanguage":"pt-BR"},{"@type":["Person","Organization"],"@id":"https:\/\/ocoerente.com.br\/se\/#\/schema\/person\/cc6bfd9fbca465e23543b0c963d8d037","name":"Reda\u00e7\u00e3o","image":{"@type":"ImageObject","inLanguage":"pt-BR","@id":"https:\/\/ocoerente.com.br\/se\/wp-content\/uploads\/2020\/01\/ocoerente-1.png","url":"https:\/\/ocoerente.com.br\/se\/wp-content\/uploads\/2020\/01\/ocoerente-1.png","contentUrl":"https:\/\/ocoerente.com.br\/se\/wp-content\/uploads\/2020\/01\/ocoerente-1.png","width":50,"height":50,"caption":"Reda\u00e7\u00e3o"},"logo":{"@id":"https:\/\/ocoerente.com.br\/se\/wp-content\/uploads\/2020\/01\/ocoerente-1.png"},"url":"https:\/\/ocoerente.com.br\/se\/author\/vasticlsales\/"}]}},"_links":{"self":[{"href":"https:\/\/ocoerente.com.br\/se\/wp-json\/wp\/v2\/posts\/8163","targetHints":{"allow":["GET"]}}],"collection":[{"href":"https:\/\/ocoerente.com.br\/se\/wp-json\/wp\/v2\/posts"}],"about":[{"href":"https:\/\/ocoerente.com.br\/se\/wp-json\/wp\/v2\/types\/post"}],"author":[{"embeddable":true,"href":"https:\/\/ocoerente.com.br\/se\/wp-json\/wp\/v2\/users\/1"}],"replies":[{"embeddable":true,"href":"https:\/\/ocoerente.com.br\/se\/wp-json\/wp\/v2\/comments?post=8163"}],"version-history":[{"count":1,"href":"https:\/\/ocoerente.com.br\/se\/wp-json\/wp\/v2\/posts\/8163\/revisions"}],"predecessor-version":[{"id":8165,"href":"https:\/\/ocoerente.com.br\/se\/wp-json\/wp\/v2\/posts\/8163\/revisions\/8165"}],"wp:featuredmedia":[{"embeddable":true,"href":"https:\/\/ocoerente.com.br\/se\/wp-json\/wp\/v2\/media\/8164"}],"wp:attachment":[{"href":"https:\/\/ocoerente.com.br\/se\/wp-json\/wp\/v2\/media?parent=8163"}],"wp:term":[{"taxonomy":"category","embeddable":true,"href":"https:\/\/ocoerente.com.br\/se\/wp-json\/wp\/v2\/categories?post=8163"},{"taxonomy":"post_tag","embeddable":true,"href":"https:\/\/ocoerente.com.br\/se\/wp-json\/wp\/v2\/tags?post=8163"}],"curies":[{"name":"wp","href":"https:\/\/api.w.org\/{rel}","templated":true}]}}