{"id":8142,"date":"2024-02-03T00:18:54","date_gmt":"2024-02-03T03:18:54","guid":{"rendered":"https:\/\/ocoerente.com.br\/se\/?p=8142"},"modified":"2024-02-03T00:18:55","modified_gmt":"2024-02-03T03:18:55","slug":"esposa-de-rogerio-marca-ato-festivo-apos-eliane-desistir-da-disputa-para-cuidar-do-cancer-da-mae","status":"publish","type":"post","link":"https:\/\/ocoerente.com.br\/se\/2024\/02\/03\/esposa-de-rogerio-marca-ato-festivo-apos-eliane-desistir-da-disputa-para-cuidar-do-cancer-da-mae\/","title":{"rendered":"Esposa de Rog\u00e9rio marca ato festivo ap\u00f3s Eliane desistir da disputa para cuidar do c\u00e2ncer da m\u00e3e"},"content":{"rendered":"\n<p>Num gesto de completa apatia que chocou at\u00e9 mesmo militantes petistas, a jornalista Candisse Carvalho, esposa do senador Rog\u00e9rio, praticamente comemorou a informa\u00e7\u00e3o de que Eliane Aquino n\u00e3o disputar\u00e1 a elei\u00e7\u00e3o deste ano em Aracaju para se dedicar ao tratamento oncol\u00f3gico a que a m\u00e3e est\u00e1 submetida, em Bras\u00edlia.<\/p>\n\n\n\n<p>Horas ap\u00f3s o an\u00fancio feito pela ex-vice-governadora e atual secret\u00e1ria nacional do Bolsa Fam\u00edlia, Candisse correu a convidar a milit\u00e2ncia do PT na capital sergipana para o ato pol\u00edtico festivo em que registrar\u00e1 sua inten\u00e7\u00e3o de concorrer nas elei\u00e7\u00f5es municipais deste ano como candidata \u00e0 prefeita de Aracaju.<\/p>\n\n\n\n<p>Estimulada pelo marido, apesar de n\u00e3o ter express\u00e3o eleitoral para uma disputa majorit\u00e1ria no principal col\u00e9gio eleitoral de Sergipe, Candisse j\u00e1 vinha criando um clima de atrito interno no partido para rifar Eliane da corrida sucess\u00f3ria e assumir a condi\u00e7\u00e3o de candidata do PT para a prefeitura da capital.<\/p>\n\n\n\n<p>Essa movimenta\u00e7\u00e3o de Candisse demonstra, mais uma vez, a ambi\u00e7\u00e3o desmedida de Rog\u00e9rio e do seu grupo pol\u00edtico, que age pensando apenas em projetos pessoais. E isso ficou mais do que evidente com a convoca\u00e7\u00e3o rel\u00e2mpago feita pela esposa do senador para o ato festivo em que ela se apresentar\u00e1 \u00e0 milit\u00e2ncia como pr\u00e9-candidata.<\/p>\n\n\n\n<p>Numa esp\u00e9cie de \u201cque bom que Eliane est\u00e1 fora da disputa\u201d, Candisse ignorou por completo os motivos que levaram \u00e0 ex-vice-governadora a tomar essa decis\u00e3o, e divulgou convite em que aparece sorrindo, \u201cfeliz da vida\u201d com a not\u00edcia de que a correligion\u00e1ria declinou da disputa, ainda que para acompanhar um s\u00e9rio tratamento de sa\u00fade.<\/p>\n\n\n\n<p>N\u00e3o bastasse isso, a esposa de Rog\u00e9rio fez ainda um coment\u00e1rio xen\u00f3fobo em rela\u00e7\u00e3o a Eliane, ao afirmar que, ao contr\u00e1rio da vi\u00fava do saudoso governador Marcelo D\u00e9da, que \u00e9 brasiliense, ela nasceu em Aracaju, como se isso tornasse a sua poss\u00edvel candidatura mais leg\u00edtima que a da colega de partido. Uma postagem vergonhosa que merece o rep\u00fadio n\u00e3o apenas da milit\u00e2ncia petista mas de toda a sociedade.<\/p>\n\n\n\n<p><strong>imprensa24h<\/strong><\/p>\n","protected":false},"excerpt":{"rendered":"<p>Num gesto de completa apatia que chocou at\u00e9 mesmo militantes petistas, a jornalista Candisse Carvalho, esposa do senador Rog\u00e9rio, praticamente comemorou a informa\u00e7\u00e3o de que Eliane Aquino n\u00e3o disputar\u00e1 a elei\u00e7\u00e3o deste ano em Aracaju para se dedicar ao tratamento oncol\u00f3gico a que a m\u00e3e est\u00e1 submetida, em Bras\u00edlia. Horas ap\u00f3s o an\u00fancio feito pela [&hellip;]<\/p>\n","protected":false},"author":1,"featured_media":8143,"comment_status":"closed","ping_status":"closed","sticky":false,"template":"","format":"standard","meta":{"footnotes":""},"categories":[53,44],"tags":[],"class_list":["post-8142","post","type-post","status-publish","format-standard","has-post-thumbnail","hentry","category-destaques","category-politica"],"yoast_head":"<!-- This site is optimized with the Yoast SEO plugin v27.4 - https:\/\/yoast.com\/product\/yoast-seo-wordpress\/ -->\n<title>Esposa de Rog\u00e9rio marca ato festivo ap\u00f3s Eliane desistir da disputa para cuidar do c\u00e2ncer da m\u00e3e - O Coerente<\/title>\n<meta name=\"robots\" content=\"index, follow, max-snippet:-1, max-image-preview:large, max-video-preview:-1\" \/>\n<link rel=\"canonical\" href=\"https:\/\/ocoerente.com.br\/se\/2024\/02\/03\/esposa-de-rogerio-marca-ato-festivo-apos-eliane-desistir-da-disputa-para-cuidar-do-cancer-da-mae\/\" \/>\n<meta property=\"og:locale\" content=\"pt_BR\" \/>\n<meta property=\"og:type\" content=\"article\" \/>\n<meta property=\"og:title\" content=\"Esposa de Rog\u00e9rio marca ato festivo ap\u00f3s Eliane desistir da disputa para cuidar do c\u00e2ncer da m\u00e3e - O Coerente\" \/>\n<meta property=\"og:description\" content=\"Num gesto de completa apatia que chocou at\u00e9 mesmo militantes petistas, a jornalista Candisse Carvalho, esposa do senador Rog\u00e9rio, praticamente comemorou a informa\u00e7\u00e3o de que Eliane Aquino n\u00e3o disputar\u00e1 a elei\u00e7\u00e3o deste ano em Aracaju para se dedicar ao tratamento oncol\u00f3gico a que a m\u00e3e est\u00e1 submetida, em Bras\u00edlia. Horas ap\u00f3s o an\u00fancio feito pela [&hellip;]\" \/>\n<meta property=\"og:url\" content=\"https:\/\/ocoerente.com.br\/se\/2024\/02\/03\/esposa-de-rogerio-marca-ato-festivo-apos-eliane-desistir-da-disputa-para-cuidar-do-cancer-da-mae\/\" \/>\n<meta property=\"og:site_name\" content=\"O Coerente\" \/>\n<meta property=\"article:published_time\" content=\"2024-02-03T03:18:54+00:00\" \/>\n<meta property=\"article:modified_time\" content=\"2024-02-03T03:18:55+00:00\" \/>\n<meta property=\"og:image\" content=\"https:\/\/ocoerente.com.br\/se\/wp-content\/uploads\/2024\/02\/candisse-e-senador-capa.jpg\" \/>\n\t<meta property=\"og:image:width\" content=\"600\" \/>\n\t<meta property=\"og:image:height\" content=\"400\" \/>\n\t<meta property=\"og:image:type\" content=\"image\/jpeg\" \/>\n<meta name=\"author\" content=\"Reda\u00e7\u00e3o\" \/>\n<meta name=\"twitter:card\" content=\"summary_large_image\" \/>\n<meta name=\"twitter:label1\" content=\"Escrito por\" \/>\n\t<meta name=\"twitter:data1\" content=\"Reda\u00e7\u00e3o\" \/>\n\t<meta name=\"twitter:label2\" content=\"Est. tempo de leitura\" \/>\n\t<meta name=\"twitter:data2\" content=\"2 minutos\" \/>\n<script type=\"application\/ld+json\" class=\"yoast-schema-graph\">{\"@context\":\"https:\\\/\\\/schema.org\",\"@graph\":[{\"@type\":\"Article\",\"@id\":\"https:\\\/\\\/ocoerente.com.br\\\/se\\\/2024\\\/02\\\/03\\\/esposa-de-rogerio-marca-ato-festivo-apos-eliane-desistir-da-disputa-para-cuidar-do-cancer-da-mae\\\/#article\",\"isPartOf\":{\"@id\":\"https:\\\/\\\/ocoerente.com.br\\\/se\\\/2024\\\/02\\\/03\\\/esposa-de-rogerio-marca-ato-festivo-apos-eliane-desistir-da-disputa-para-cuidar-do-cancer-da-mae\\\/\"},\"author\":{\"name\":\"Reda\u00e7\u00e3o\",\"@id\":\"https:\\\/\\\/ocoerente.com.br\\\/se\\\/#\\\/schema\\\/person\\\/cc6bfd9fbca465e23543b0c963d8d037\"},\"headline\":\"Esposa de Rog\u00e9rio marca ato festivo ap\u00f3s Eliane desistir da disputa para cuidar do c\u00e2ncer da m\u00e3e\",\"datePublished\":\"2024-02-03T03:18:54+00:00\",\"dateModified\":\"2024-02-03T03:18:55+00:00\",\"mainEntityOfPage\":{\"@id\":\"https:\\\/\\\/ocoerente.com.br\\\/se\\\/2024\\\/02\\\/03\\\/esposa-de-rogerio-marca-ato-festivo-apos-eliane-desistir-da-disputa-para-cuidar-do-cancer-da-mae\\\/\"},\"wordCount\":389,\"publisher\":{\"@id\":\"https:\\\/\\\/ocoerente.com.br\\\/se\\\/#\\\/schema\\\/person\\\/cc6bfd9fbca465e23543b0c963d8d037\"},\"image\":{\"@id\":\"https:\\\/\\\/ocoerente.com.br\\\/se\\\/2024\\\/02\\\/03\\\/esposa-de-rogerio-marca-ato-festivo-apos-eliane-desistir-da-disputa-para-cuidar-do-cancer-da-mae\\\/#primaryimage\"},\"thumbnailUrl\":\"https:\\\/\\\/ocoerente.com.br\\\/se\\\/wp-content\\\/uploads\\\/2024\\\/02\\\/candisse-e-senador-capa.jpg\",\"articleSection\":[\"Destaques\",\"Pol\u00edtica\"],\"inLanguage\":\"pt-BR\"},{\"@type\":\"WebPage\",\"@id\":\"https:\\\/\\\/ocoerente.com.br\\\/se\\\/2024\\\/02\\\/03\\\/esposa-de-rogerio-marca-ato-festivo-apos-eliane-desistir-da-disputa-para-cuidar-do-cancer-da-mae\\\/\",\"url\":\"https:\\\/\\\/ocoerente.com.br\\\/se\\\/2024\\\/02\\\/03\\\/esposa-de-rogerio-marca-ato-festivo-apos-eliane-desistir-da-disputa-para-cuidar-do-cancer-da-mae\\\/\",\"name\":\"Esposa de Rog\u00e9rio marca ato festivo ap\u00f3s Eliane desistir da disputa para cuidar do c\u00e2ncer da m\u00e3e - O Coerente\",\"isPartOf\":{\"@id\":\"https:\\\/\\\/ocoerente.com.br\\\/se\\\/#website\"},\"primaryImageOfPage\":{\"@id\":\"https:\\\/\\\/ocoerente.com.br\\\/se\\\/2024\\\/02\\\/03\\\/esposa-de-rogerio-marca-ato-festivo-apos-eliane-desistir-da-disputa-para-cuidar-do-cancer-da-mae\\\/#primaryimage\"},\"image\":{\"@id\":\"https:\\\/\\\/ocoerente.com.br\\\/se\\\/2024\\\/02\\\/03\\\/esposa-de-rogerio-marca-ato-festivo-apos-eliane-desistir-da-disputa-para-cuidar-do-cancer-da-mae\\\/#primaryimage\"},\"thumbnailUrl\":\"https:\\\/\\\/ocoerente.com.br\\\/se\\\/wp-content\\\/uploads\\\/2024\\\/02\\\/candisse-e-senador-capa.jpg\",\"datePublished\":\"2024-02-03T03:18:54+00:00\",\"dateModified\":\"2024-02-03T03:18:55+00:00\",\"breadcrumb\":{\"@id\":\"https:\\\/\\\/ocoerente.com.br\\\/se\\\/2024\\\/02\\\/03\\\/esposa-de-rogerio-marca-ato-festivo-apos-eliane-desistir-da-disputa-para-cuidar-do-cancer-da-mae\\\/#breadcrumb\"},\"inLanguage\":\"pt-BR\",\"potentialAction\":[{\"@type\":\"ReadAction\",\"target\":[\"https:\\\/\\\/ocoerente.com.br\\\/se\\\/2024\\\/02\\\/03\\\/esposa-de-rogerio-marca-ato-festivo-apos-eliane-desistir-da-disputa-para-cuidar-do-cancer-da-mae\\\/\"]}]},{\"@type\":\"ImageObject\",\"inLanguage\":\"pt-BR\",\"@id\":\"https:\\\/\\\/ocoerente.com.br\\\/se\\\/2024\\\/02\\\/03\\\/esposa-de-rogerio-marca-ato-festivo-apos-eliane-desistir-da-disputa-para-cuidar-do-cancer-da-mae\\\/#primaryimage\",\"url\":\"https:\\\/\\\/ocoerente.com.br\\\/se\\\/wp-content\\\/uploads\\\/2024\\\/02\\\/candisse-e-senador-capa.jpg\",\"contentUrl\":\"https:\\\/\\\/ocoerente.com.br\\\/se\\\/wp-content\\\/uploads\\\/2024\\\/02\\\/candisse-e-senador-capa.jpg\",\"width\":600,\"height\":400},{\"@type\":\"BreadcrumbList\",\"@id\":\"https:\\\/\\\/ocoerente.com.br\\\/se\\\/2024\\\/02\\\/03\\\/esposa-de-rogerio-marca-ato-festivo-apos-eliane-desistir-da-disputa-para-cuidar-do-cancer-da-mae\\\/#breadcrumb\",\"itemListElement\":[{\"@type\":\"ListItem\",\"position\":1,\"name\":\"In\u00edcio\",\"item\":\"https:\\\/\\\/ocoerente.com.br\\\/se\\\/\"},{\"@type\":\"ListItem\",\"position\":2,\"name\":\"Esposa de Rog\u00e9rio marca ato festivo ap\u00f3s Eliane desistir da disputa para cuidar do c\u00e2ncer da m\u00e3e\"}]},{\"@type\":\"WebSite\",\"@id\":\"https:\\\/\\\/ocoerente.com.br\\\/se\\\/#website\",\"url\":\"https:\\\/\\\/ocoerente.com.br\\\/se\\\/\",\"name\":\"O Coerente\",\"description\":\"\",\"publisher\":{\"@id\":\"https:\\\/\\\/ocoerente.com.br\\\/se\\\/#\\\/schema\\\/person\\\/cc6bfd9fbca465e23543b0c963d8d037\"},\"potentialAction\":[{\"@type\":\"SearchAction\",\"target\":{\"@type\":\"EntryPoint\",\"urlTemplate\":\"https:\\\/\\\/ocoerente.com.br\\\/se\\\/?s={search_term_string}\"},\"query-input\":{\"@type\":\"PropertyValueSpecification\",\"valueRequired\":true,\"valueName\":\"search_term_string\"}}],\"inLanguage\":\"pt-BR\"},{\"@type\":[\"Person\",\"Organization\"],\"@id\":\"https:\\\/\\\/ocoerente.com.br\\\/se\\\/#\\\/schema\\\/person\\\/cc6bfd9fbca465e23543b0c963d8d037\",\"name\":\"Reda\u00e7\u00e3o\",\"image\":{\"@type\":\"ImageObject\",\"inLanguage\":\"pt-BR\",\"@id\":\"https:\\\/\\\/ocoerente.com.br\\\/se\\\/wp-content\\\/uploads\\\/2020\\\/01\\\/ocoerente-1.png\",\"url\":\"https:\\\/\\\/ocoerente.com.br\\\/se\\\/wp-content\\\/uploads\\\/2020\\\/01\\\/ocoerente-1.png\",\"contentUrl\":\"https:\\\/\\\/ocoerente.com.br\\\/se\\\/wp-content\\\/uploads\\\/2020\\\/01\\\/ocoerente-1.png\",\"width\":50,\"height\":50,\"caption\":\"Reda\u00e7\u00e3o\"},\"logo\":{\"@id\":\"https:\\\/\\\/ocoerente.com.br\\\/se\\\/wp-content\\\/uploads\\\/2020\\\/01\\\/ocoerente-1.png\"},\"url\":\"https:\\\/\\\/ocoerente.com.br\\\/se\\\/author\\\/vasticlsales\\\/\"}]}<\/script>\n<!-- \/ Yoast SEO plugin. -->","yoast_head_json":{"title":"Esposa de Rog\u00e9rio marca ato festivo ap\u00f3s Eliane desistir da disputa para cuidar do c\u00e2ncer da m\u00e3e - O Coerente","robots":{"index":"index","follow":"follow","max-snippet":"max-snippet:-1","max-image-preview":"max-image-preview:large","max-video-preview":"max-video-preview:-1"},"canonical":"https:\/\/ocoerente.com.br\/se\/2024\/02\/03\/esposa-de-rogerio-marca-ato-festivo-apos-eliane-desistir-da-disputa-para-cuidar-do-cancer-da-mae\/","og_locale":"pt_BR","og_type":"article","og_title":"Esposa de Rog\u00e9rio marca ato festivo ap\u00f3s Eliane desistir da disputa para cuidar do c\u00e2ncer da m\u00e3e - O Coerente","og_description":"Num gesto de completa apatia que chocou at\u00e9 mesmo militantes petistas, a jornalista Candisse Carvalho, esposa do senador Rog\u00e9rio, praticamente comemorou a informa\u00e7\u00e3o de que Eliane Aquino n\u00e3o disputar\u00e1 a elei\u00e7\u00e3o deste ano em Aracaju para se dedicar ao tratamento oncol\u00f3gico a que a m\u00e3e est\u00e1 submetida, em Bras\u00edlia. Horas ap\u00f3s o an\u00fancio feito pela [&hellip;]","og_url":"https:\/\/ocoerente.com.br\/se\/2024\/02\/03\/esposa-de-rogerio-marca-ato-festivo-apos-eliane-desistir-da-disputa-para-cuidar-do-cancer-da-mae\/","og_site_name":"O Coerente","article_published_time":"2024-02-03T03:18:54+00:00","article_modified_time":"2024-02-03T03:18:55+00:00","og_image":[{"width":600,"height":400,"url":"https:\/\/ocoerente.com.br\/se\/wp-content\/uploads\/2024\/02\/candisse-e-senador-capa.jpg","type":"image\/jpeg"}],"author":"Reda\u00e7\u00e3o","twitter_card":"summary_large_image","twitter_misc":{"Escrito por":"Reda\u00e7\u00e3o","Est. tempo de leitura":"2 minutos"},"schema":{"@context":"https:\/\/schema.org","@graph":[{"@type":"Article","@id":"https:\/\/ocoerente.com.br\/se\/2024\/02\/03\/esposa-de-rogerio-marca-ato-festivo-apos-eliane-desistir-da-disputa-para-cuidar-do-cancer-da-mae\/#article","isPartOf":{"@id":"https:\/\/ocoerente.com.br\/se\/2024\/02\/03\/esposa-de-rogerio-marca-ato-festivo-apos-eliane-desistir-da-disputa-para-cuidar-do-cancer-da-mae\/"},"author":{"name":"Reda\u00e7\u00e3o","@id":"https:\/\/ocoerente.com.br\/se\/#\/schema\/person\/cc6bfd9fbca465e23543b0c963d8d037"},"headline":"Esposa de Rog\u00e9rio marca ato festivo ap\u00f3s Eliane desistir da disputa para cuidar do c\u00e2ncer da m\u00e3e","datePublished":"2024-02-03T03:18:54+00:00","dateModified":"2024-02-03T03:18:55+00:00","mainEntityOfPage":{"@id":"https:\/\/ocoerente.com.br\/se\/2024\/02\/03\/esposa-de-rogerio-marca-ato-festivo-apos-eliane-desistir-da-disputa-para-cuidar-do-cancer-da-mae\/"},"wordCount":389,"publisher":{"@id":"https:\/\/ocoerente.com.br\/se\/#\/schema\/person\/cc6bfd9fbca465e23543b0c963d8d037"},"image":{"@id":"https:\/\/ocoerente.com.br\/se\/2024\/02\/03\/esposa-de-rogerio-marca-ato-festivo-apos-eliane-desistir-da-disputa-para-cuidar-do-cancer-da-mae\/#primaryimage"},"thumbnailUrl":"https:\/\/ocoerente.com.br\/se\/wp-content\/uploads\/2024\/02\/candisse-e-senador-capa.jpg","articleSection":["Destaques","Pol\u00edtica"],"inLanguage":"pt-BR"},{"@type":"WebPage","@id":"https:\/\/ocoerente.com.br\/se\/2024\/02\/03\/esposa-de-rogerio-marca-ato-festivo-apos-eliane-desistir-da-disputa-para-cuidar-do-cancer-da-mae\/","url":"https:\/\/ocoerente.com.br\/se\/2024\/02\/03\/esposa-de-rogerio-marca-ato-festivo-apos-eliane-desistir-da-disputa-para-cuidar-do-cancer-da-mae\/","name":"Esposa de Rog\u00e9rio marca ato festivo ap\u00f3s Eliane desistir da disputa para cuidar do c\u00e2ncer da m\u00e3e - O Coerente","isPartOf":{"@id":"https:\/\/ocoerente.com.br\/se\/#website"},"primaryImageOfPage":{"@id":"https:\/\/ocoerente.com.br\/se\/2024\/02\/03\/esposa-de-rogerio-marca-ato-festivo-apos-eliane-desistir-da-disputa-para-cuidar-do-cancer-da-mae\/#primaryimage"},"image":{"@id":"https:\/\/ocoerente.com.br\/se\/2024\/02\/03\/esposa-de-rogerio-marca-ato-festivo-apos-eliane-desistir-da-disputa-para-cuidar-do-cancer-da-mae\/#primaryimage"},"thumbnailUrl":"https:\/\/ocoerente.com.br\/se\/wp-content\/uploads\/2024\/02\/candisse-e-senador-capa.jpg","datePublished":"2024-02-03T03:18:54+00:00","dateModified":"2024-02-03T03:18:55+00:00","breadcrumb":{"@id":"https:\/\/ocoerente.com.br\/se\/2024\/02\/03\/esposa-de-rogerio-marca-ato-festivo-apos-eliane-desistir-da-disputa-para-cuidar-do-cancer-da-mae\/#breadcrumb"},"inLanguage":"pt-BR","potentialAction":[{"@type":"ReadAction","target":["https:\/\/ocoerente.com.br\/se\/2024\/02\/03\/esposa-de-rogerio-marca-ato-festivo-apos-eliane-desistir-da-disputa-para-cuidar-do-cancer-da-mae\/"]}]},{"@type":"ImageObject","inLanguage":"pt-BR","@id":"https:\/\/ocoerente.com.br\/se\/2024\/02\/03\/esposa-de-rogerio-marca-ato-festivo-apos-eliane-desistir-da-disputa-para-cuidar-do-cancer-da-mae\/#primaryimage","url":"https:\/\/ocoerente.com.br\/se\/wp-content\/uploads\/2024\/02\/candisse-e-senador-capa.jpg","contentUrl":"https:\/\/ocoerente.com.br\/se\/wp-content\/uploads\/2024\/02\/candisse-e-senador-capa.jpg","width":600,"height":400},{"@type":"BreadcrumbList","@id":"https:\/\/ocoerente.com.br\/se\/2024\/02\/03\/esposa-de-rogerio-marca-ato-festivo-apos-eliane-desistir-da-disputa-para-cuidar-do-cancer-da-mae\/#breadcrumb","itemListElement":[{"@type":"ListItem","position":1,"name":"In\u00edcio","item":"https:\/\/ocoerente.com.br\/se\/"},{"@type":"ListItem","position":2,"name":"Esposa de Rog\u00e9rio marca ato festivo ap\u00f3s Eliane desistir da disputa para cuidar do c\u00e2ncer da m\u00e3e"}]},{"@type":"WebSite","@id":"https:\/\/ocoerente.com.br\/se\/#website","url":"https:\/\/ocoerente.com.br\/se\/","name":"O Coerente","description":"","publisher":{"@id":"https:\/\/ocoerente.com.br\/se\/#\/schema\/person\/cc6bfd9fbca465e23543b0c963d8d037"},"potentialAction":[{"@type":"SearchAction","target":{"@type":"EntryPoint","urlTemplate":"https:\/\/ocoerente.com.br\/se\/?s={search_term_string}"},"query-input":{"@type":"PropertyValueSpecification","valueRequired":true,"valueName":"search_term_string"}}],"inLanguage":"pt-BR"},{"@type":["Person","Organization"],"@id":"https:\/\/ocoerente.com.br\/se\/#\/schema\/person\/cc6bfd9fbca465e23543b0c963d8d037","name":"Reda\u00e7\u00e3o","image":{"@type":"ImageObject","inLanguage":"pt-BR","@id":"https:\/\/ocoerente.com.br\/se\/wp-content\/uploads\/2020\/01\/ocoerente-1.png","url":"https:\/\/ocoerente.com.br\/se\/wp-content\/uploads\/2020\/01\/ocoerente-1.png","contentUrl":"https:\/\/ocoerente.com.br\/se\/wp-content\/uploads\/2020\/01\/ocoerente-1.png","width":50,"height":50,"caption":"Reda\u00e7\u00e3o"},"logo":{"@id":"https:\/\/ocoerente.com.br\/se\/wp-content\/uploads\/2020\/01\/ocoerente-1.png"},"url":"https:\/\/ocoerente.com.br\/se\/author\/vasticlsales\/"}]}},"_links":{"self":[{"href":"https:\/\/ocoerente.com.br\/se\/wp-json\/wp\/v2\/posts\/8142","targetHints":{"allow":["GET"]}}],"collection":[{"href":"https:\/\/ocoerente.com.br\/se\/wp-json\/wp\/v2\/posts"}],"about":[{"href":"https:\/\/ocoerente.com.br\/se\/wp-json\/wp\/v2\/types\/post"}],"author":[{"embeddable":true,"href":"https:\/\/ocoerente.com.br\/se\/wp-json\/wp\/v2\/users\/1"}],"replies":[{"embeddable":true,"href":"https:\/\/ocoerente.com.br\/se\/wp-json\/wp\/v2\/comments?post=8142"}],"version-history":[{"count":1,"href":"https:\/\/ocoerente.com.br\/se\/wp-json\/wp\/v2\/posts\/8142\/revisions"}],"predecessor-version":[{"id":8144,"href":"https:\/\/ocoerente.com.br\/se\/wp-json\/wp\/v2\/posts\/8142\/revisions\/8144"}],"wp:featuredmedia":[{"embeddable":true,"href":"https:\/\/ocoerente.com.br\/se\/wp-json\/wp\/v2\/media\/8143"}],"wp:attachment":[{"href":"https:\/\/ocoerente.com.br\/se\/wp-json\/wp\/v2\/media?parent=8142"}],"wp:term":[{"taxonomy":"category","embeddable":true,"href":"https:\/\/ocoerente.com.br\/se\/wp-json\/wp\/v2\/categories?post=8142"},{"taxonomy":"post_tag","embeddable":true,"href":"https:\/\/ocoerente.com.br\/se\/wp-json\/wp\/v2\/tags?post=8142"}],"curies":[{"name":"wp","href":"https:\/\/api.w.org\/{rel}","templated":true}]}}