{"id":8132,"date":"2024-02-03T00:06:22","date_gmt":"2024-02-03T03:06:22","guid":{"rendered":"https:\/\/ocoerente.com.br\/se\/?p=8132"},"modified":"2024-02-03T00:06:23","modified_gmt":"2024-02-03T03:06:23","slug":"e-la-vem-a-cobranca-do-pix","status":"publish","type":"post","link":"https:\/\/ocoerente.com.br\/se\/2024\/02\/03\/e-la-vem-a-cobranca-do-pix\/","title":{"rendered":"E l\u00e1 vem a cobran\u00e7a do PIX&#8230;"},"content":{"rendered":"\n<p>A implementa\u00e7\u00e3o do PIX em 2020 representou um marco na hist\u00f3ria dos pagamentos no Brasil. A solu\u00e7\u00e3o instant\u00e2nea, gratuita e acess\u00edvel para pessoas f\u00edsicas rapidamente se tornou a principal forma de transa\u00e7\u00f5es financeiras, desbancando m\u00e9todos tradicionais como TED e DOC. No entanto, a recente decis\u00e3o de algumas institui\u00e7\u00f5es financeiras de cobrar taxas para transa\u00e7\u00f5es PIX realizadas por pessoas jur\u00eddicas (PJ) levanta preocupa\u00e7\u00f5es sobre o futuro do sistema e seus impactos na economia digital.<\/p>\n\n\n\n<p>Para entender a controv\u00e9rsia, \u00e9 preciso contextualizar o cen\u00e1rio anterior ao PIX. TED e DOC, embora eficientes em termos de seguran\u00e7a e confiabilidade, apresentavam custos e lentid\u00e3o que limitavam sua utiliza\u00e7\u00e3o, especialmente para transa\u00e7\u00f5es de baixo valor. Essa inefici\u00eancia gerava um \u00f4nus para as empresas, que precisavam arcar com tarifas elevadas e esperar horas para que os pagamentos fossem creditados.<\/p>\n\n\n\n<p>O PIX surgiu como uma solu\u00e7\u00e3o inovadora para esses problemas, oferecendo transa\u00e7\u00f5es instant\u00e2neas, gratuitas e ilimitadas para pessoas f\u00edsicas. Essa democratiza\u00e7\u00e3o do acesso a pagamentos digitais impulsionou a economia digital, facilitando o com\u00e9rcio online, vendas instant\u00e2neas e microtransa\u00e7\u00f5es.<\/p>\n\n\n\n<p>Para as empresas, o PIX tamb\u00e9m representou uma s\u00e9rie de benef\u00edcios. A agilidade nas transa\u00e7\u00f5es possibilitou a otimiza\u00e7\u00e3o do fluxo de caixa, a redu\u00e7\u00e3o de custos com tarifas banc\u00e1rias e a melhora na experi\u00eancia do cliente. A gratuidade do servi\u00e7o para pessoas f\u00edsicas impulsionou o volume de vendas e democratizou o acesso ao consumo online.<\/p>\n\n\n\n<p>No entanto, a recente decis\u00e3o de alguns bancos em cobrar taxas para transa\u00e7\u00f5es PIX PJ coloca em risco esse cen\u00e1rio positivo. Argumenta-se que a cobran\u00e7a \u00e9 necess\u00e1ria para compensar os custos de opera\u00e7\u00e3o do sistema. No entanto, essa justificativa \u00e9 inconsistente com a l\u00f3gica que sustentou a gratuidade do PIX para pessoas f\u00edsicas.<\/p>\n\n\n\n<p>Do ponto de vista t\u00e9cnico, o custo de processamento de um PIX \u00e9 similar para pessoas f\u00edsicas e jur\u00eddicas. A infraestrutura do sistema j\u00e1 est\u00e1 em vigor e os custos marginais de cada transa\u00e7\u00e3o adicional s\u00e3o baixos. Portanto, a cobran\u00e7a de taxas para PJ n\u00e3o se justifica por raz\u00f5es t\u00e9cnicas.<\/p>\n\n\n\n<p>Do ponto de vista econ\u00f4mico, a cobran\u00e7a de taxas pode ter impactos negativos na competitividade das empresas, especialmente as de menor porte. O aumento dos custos com transa\u00e7\u00f5es pode reduzir suas margens de lucro e dificultar sua participa\u00e7\u00e3o na economia digital. Al\u00e9m disso, a cobran\u00e7a pode desestimular o uso do PIX por parte dos consumidores, revertendo os ganhos de efici\u00eancia e inclus\u00e3o financeira conquistados com a implementa\u00e7\u00e3o do sistema.<\/p>\n\n\n\n<p>Em um momento crucial para a recupera\u00e7\u00e3o econ\u00f4mica do pa\u00eds, medidas que incentivam a digitaliza\u00e7\u00e3o e desburocratizam os pagamentos s\u00e3o essenciais. A cobran\u00e7a do PIX para PJ representa um retrocesso nesse sentido, criando obst\u00e1culos para o desenvolvimento da economia digital e onerando as empresas em um momento desafiador.<\/p>\n\n\n\n<p>\u00c9 importante ressaltar que a gratuidade do PIX para PJ n\u00e3o significa necessariamente um preju\u00edzo para os bancos. Diversos modelos de neg\u00f3cios podem ser explorados para monetizar o sistema, como a oferta de servi\u00e7os premium para empresas, a venda de dados de transa\u00e7\u00f5es para fins de an\u00e1lise de mercado ou a cobran\u00e7a de tarifas por servi\u00e7os adicionais, como agendamento de pagamentos ou gest\u00e3o de recebimentos. Em suma, a cobran\u00e7a do PIX para PJ \u00e9 uma medida injustific\u00e1vel que prejudica o desenvolvimento da economia digital e onera as empresas. \u00c9 fundamental que o Banco Central e as demais autoridades regulat\u00f3rias intervenham para garantir a gratuidade do PIX para todos os usu\u00e1rios, assegurando a inclus\u00e3o financeira e o crescimento sustent\u00e1vel do sistema de pagamentos brasileiro.<\/p>\n","protected":false},"excerpt":{"rendered":"<p>A implementa\u00e7\u00e3o do PIX em 2020 representou um marco na hist\u00f3ria dos pagamentos no Brasil. A solu\u00e7\u00e3o instant\u00e2nea, gratuita e acess\u00edvel para pessoas f\u00edsicas rapidamente se tornou a principal forma de transa\u00e7\u00f5es financeiras, desbancando m\u00e9todos tradicionais como TED e DOC. No entanto, a recente decis\u00e3o de algumas institui\u00e7\u00f5es financeiras de cobrar taxas para transa\u00e7\u00f5es PIX [&hellip;]<\/p>\n","protected":false},"author":1,"featured_media":8133,"comment_status":"closed","ping_status":"closed","sticky":false,"template":"","format":"standard","meta":{"footnotes":""},"categories":[53,55],"tags":[],"class_list":["post-8132","post","type-post","status-publish","format-standard","has-post-thumbnail","hentry","category-destaques","category-economia"],"yoast_head":"<!-- This site is optimized with the Yoast SEO plugin v27.4 - https:\/\/yoast.com\/product\/yoast-seo-wordpress\/ -->\n<title>E l\u00e1 vem a cobran\u00e7a do PIX... - O Coerente<\/title>\n<meta name=\"robots\" content=\"index, follow, max-snippet:-1, max-image-preview:large, max-video-preview:-1\" \/>\n<link rel=\"canonical\" href=\"https:\/\/ocoerente.com.br\/se\/2024\/02\/03\/e-la-vem-a-cobranca-do-pix\/\" \/>\n<meta property=\"og:locale\" content=\"pt_BR\" \/>\n<meta property=\"og:type\" content=\"article\" \/>\n<meta property=\"og:title\" content=\"E l\u00e1 vem a cobran\u00e7a do PIX... - O Coerente\" \/>\n<meta property=\"og:description\" content=\"A implementa\u00e7\u00e3o do PIX em 2020 representou um marco na hist\u00f3ria dos pagamentos no Brasil. A solu\u00e7\u00e3o instant\u00e2nea, gratuita e acess\u00edvel para pessoas f\u00edsicas rapidamente se tornou a principal forma de transa\u00e7\u00f5es financeiras, desbancando m\u00e9todos tradicionais como TED e DOC. No entanto, a recente decis\u00e3o de algumas institui\u00e7\u00f5es financeiras de cobrar taxas para transa\u00e7\u00f5es PIX [&hellip;]\" \/>\n<meta property=\"og:url\" content=\"https:\/\/ocoerente.com.br\/se\/2024\/02\/03\/e-la-vem-a-cobranca-do-pix\/\" \/>\n<meta property=\"og:site_name\" content=\"O Coerente\" \/>\n<meta property=\"article:published_time\" content=\"2024-02-03T03:06:22+00:00\" \/>\n<meta property=\"article:modified_time\" content=\"2024-02-03T03:06:23+00:00\" \/>\n<meta property=\"og:image\" content=\"https:\/\/ocoerente.com.br\/se\/wp-content\/uploads\/2024\/02\/pixpessoaexisteta.jpg\" \/>\n\t<meta property=\"og:image:width\" content=\"808\" \/>\n\t<meta property=\"og:image:height\" content=\"455\" \/>\n\t<meta property=\"og:image:type\" content=\"image\/jpeg\" \/>\n<meta name=\"author\" content=\"Reda\u00e7\u00e3o\" \/>\n<meta name=\"twitter:card\" content=\"summary_large_image\" \/>\n<meta name=\"twitter:label1\" content=\"Escrito por\" \/>\n\t<meta name=\"twitter:data1\" content=\"Reda\u00e7\u00e3o\" \/>\n\t<meta name=\"twitter:label2\" content=\"Est. tempo de leitura\" \/>\n\t<meta name=\"twitter:data2\" content=\"3 minutos\" \/>\n<script type=\"application\/ld+json\" class=\"yoast-schema-graph\">{\"@context\":\"https:\\\/\\\/schema.org\",\"@graph\":[{\"@type\":\"Article\",\"@id\":\"https:\\\/\\\/ocoerente.com.br\\\/se\\\/2024\\\/02\\\/03\\\/e-la-vem-a-cobranca-do-pix\\\/#article\",\"isPartOf\":{\"@id\":\"https:\\\/\\\/ocoerente.com.br\\\/se\\\/2024\\\/02\\\/03\\\/e-la-vem-a-cobranca-do-pix\\\/\"},\"author\":{\"name\":\"Reda\u00e7\u00e3o\",\"@id\":\"https:\\\/\\\/ocoerente.com.br\\\/se\\\/#\\\/schema\\\/person\\\/cc6bfd9fbca465e23543b0c963d8d037\"},\"headline\":\"E l\u00e1 vem a cobran\u00e7a do PIX&#8230;\",\"datePublished\":\"2024-02-03T03:06:22+00:00\",\"dateModified\":\"2024-02-03T03:06:23+00:00\",\"mainEntityOfPage\":{\"@id\":\"https:\\\/\\\/ocoerente.com.br\\\/se\\\/2024\\\/02\\\/03\\\/e-la-vem-a-cobranca-do-pix\\\/\"},\"wordCount\":655,\"publisher\":{\"@id\":\"https:\\\/\\\/ocoerente.com.br\\\/se\\\/#\\\/schema\\\/person\\\/cc6bfd9fbca465e23543b0c963d8d037\"},\"image\":{\"@id\":\"https:\\\/\\\/ocoerente.com.br\\\/se\\\/2024\\\/02\\\/03\\\/e-la-vem-a-cobranca-do-pix\\\/#primaryimage\"},\"thumbnailUrl\":\"https:\\\/\\\/ocoerente.com.br\\\/se\\\/wp-content\\\/uploads\\\/2024\\\/02\\\/pixpessoaexisteta.jpg\",\"articleSection\":[\"Destaques\",\"Economia\"],\"inLanguage\":\"pt-BR\"},{\"@type\":\"WebPage\",\"@id\":\"https:\\\/\\\/ocoerente.com.br\\\/se\\\/2024\\\/02\\\/03\\\/e-la-vem-a-cobranca-do-pix\\\/\",\"url\":\"https:\\\/\\\/ocoerente.com.br\\\/se\\\/2024\\\/02\\\/03\\\/e-la-vem-a-cobranca-do-pix\\\/\",\"name\":\"E l\u00e1 vem a cobran\u00e7a do PIX... - O Coerente\",\"isPartOf\":{\"@id\":\"https:\\\/\\\/ocoerente.com.br\\\/se\\\/#website\"},\"primaryImageOfPage\":{\"@id\":\"https:\\\/\\\/ocoerente.com.br\\\/se\\\/2024\\\/02\\\/03\\\/e-la-vem-a-cobranca-do-pix\\\/#primaryimage\"},\"image\":{\"@id\":\"https:\\\/\\\/ocoerente.com.br\\\/se\\\/2024\\\/02\\\/03\\\/e-la-vem-a-cobranca-do-pix\\\/#primaryimage\"},\"thumbnailUrl\":\"https:\\\/\\\/ocoerente.com.br\\\/se\\\/wp-content\\\/uploads\\\/2024\\\/02\\\/pixpessoaexisteta.jpg\",\"datePublished\":\"2024-02-03T03:06:22+00:00\",\"dateModified\":\"2024-02-03T03:06:23+00:00\",\"breadcrumb\":{\"@id\":\"https:\\\/\\\/ocoerente.com.br\\\/se\\\/2024\\\/02\\\/03\\\/e-la-vem-a-cobranca-do-pix\\\/#breadcrumb\"},\"inLanguage\":\"pt-BR\",\"potentialAction\":[{\"@type\":\"ReadAction\",\"target\":[\"https:\\\/\\\/ocoerente.com.br\\\/se\\\/2024\\\/02\\\/03\\\/e-la-vem-a-cobranca-do-pix\\\/\"]}]},{\"@type\":\"ImageObject\",\"inLanguage\":\"pt-BR\",\"@id\":\"https:\\\/\\\/ocoerente.com.br\\\/se\\\/2024\\\/02\\\/03\\\/e-la-vem-a-cobranca-do-pix\\\/#primaryimage\",\"url\":\"https:\\\/\\\/ocoerente.com.br\\\/se\\\/wp-content\\\/uploads\\\/2024\\\/02\\\/pixpessoaexisteta.jpg\",\"contentUrl\":\"https:\\\/\\\/ocoerente.com.br\\\/se\\\/wp-content\\\/uploads\\\/2024\\\/02\\\/pixpessoaexisteta.jpg\",\"width\":808,\"height\":455},{\"@type\":\"BreadcrumbList\",\"@id\":\"https:\\\/\\\/ocoerente.com.br\\\/se\\\/2024\\\/02\\\/03\\\/e-la-vem-a-cobranca-do-pix\\\/#breadcrumb\",\"itemListElement\":[{\"@type\":\"ListItem\",\"position\":1,\"name\":\"In\u00edcio\",\"item\":\"https:\\\/\\\/ocoerente.com.br\\\/se\\\/\"},{\"@type\":\"ListItem\",\"position\":2,\"name\":\"E l\u00e1 vem a cobran\u00e7a do PIX&#8230;\"}]},{\"@type\":\"WebSite\",\"@id\":\"https:\\\/\\\/ocoerente.com.br\\\/se\\\/#website\",\"url\":\"https:\\\/\\\/ocoerente.com.br\\\/se\\\/\",\"name\":\"O Coerente\",\"description\":\"\",\"publisher\":{\"@id\":\"https:\\\/\\\/ocoerente.com.br\\\/se\\\/#\\\/schema\\\/person\\\/cc6bfd9fbca465e23543b0c963d8d037\"},\"potentialAction\":[{\"@type\":\"SearchAction\",\"target\":{\"@type\":\"EntryPoint\",\"urlTemplate\":\"https:\\\/\\\/ocoerente.com.br\\\/se\\\/?s={search_term_string}\"},\"query-input\":{\"@type\":\"PropertyValueSpecification\",\"valueRequired\":true,\"valueName\":\"search_term_string\"}}],\"inLanguage\":\"pt-BR\"},{\"@type\":[\"Person\",\"Organization\"],\"@id\":\"https:\\\/\\\/ocoerente.com.br\\\/se\\\/#\\\/schema\\\/person\\\/cc6bfd9fbca465e23543b0c963d8d037\",\"name\":\"Reda\u00e7\u00e3o\",\"image\":{\"@type\":\"ImageObject\",\"inLanguage\":\"pt-BR\",\"@id\":\"https:\\\/\\\/ocoerente.com.br\\\/se\\\/wp-content\\\/uploads\\\/2020\\\/01\\\/ocoerente-1.png\",\"url\":\"https:\\\/\\\/ocoerente.com.br\\\/se\\\/wp-content\\\/uploads\\\/2020\\\/01\\\/ocoerente-1.png\",\"contentUrl\":\"https:\\\/\\\/ocoerente.com.br\\\/se\\\/wp-content\\\/uploads\\\/2020\\\/01\\\/ocoerente-1.png\",\"width\":50,\"height\":50,\"caption\":\"Reda\u00e7\u00e3o\"},\"logo\":{\"@id\":\"https:\\\/\\\/ocoerente.com.br\\\/se\\\/wp-content\\\/uploads\\\/2020\\\/01\\\/ocoerente-1.png\"},\"url\":\"https:\\\/\\\/ocoerente.com.br\\\/se\\\/author\\\/vasticlsales\\\/\"}]}<\/script>\n<!-- \/ Yoast SEO plugin. -->","yoast_head_json":{"title":"E l\u00e1 vem a cobran\u00e7a do PIX... - O Coerente","robots":{"index":"index","follow":"follow","max-snippet":"max-snippet:-1","max-image-preview":"max-image-preview:large","max-video-preview":"max-video-preview:-1"},"canonical":"https:\/\/ocoerente.com.br\/se\/2024\/02\/03\/e-la-vem-a-cobranca-do-pix\/","og_locale":"pt_BR","og_type":"article","og_title":"E l\u00e1 vem a cobran\u00e7a do PIX... - O Coerente","og_description":"A implementa\u00e7\u00e3o do PIX em 2020 representou um marco na hist\u00f3ria dos pagamentos no Brasil. A solu\u00e7\u00e3o instant\u00e2nea, gratuita e acess\u00edvel para pessoas f\u00edsicas rapidamente se tornou a principal forma de transa\u00e7\u00f5es financeiras, desbancando m\u00e9todos tradicionais como TED e DOC. No entanto, a recente decis\u00e3o de algumas institui\u00e7\u00f5es financeiras de cobrar taxas para transa\u00e7\u00f5es PIX [&hellip;]","og_url":"https:\/\/ocoerente.com.br\/se\/2024\/02\/03\/e-la-vem-a-cobranca-do-pix\/","og_site_name":"O Coerente","article_published_time":"2024-02-03T03:06:22+00:00","article_modified_time":"2024-02-03T03:06:23+00:00","og_image":[{"width":808,"height":455,"url":"https:\/\/ocoerente.com.br\/se\/wp-content\/uploads\/2024\/02\/pixpessoaexisteta.jpg","type":"image\/jpeg"}],"author":"Reda\u00e7\u00e3o","twitter_card":"summary_large_image","twitter_misc":{"Escrito por":"Reda\u00e7\u00e3o","Est. tempo de leitura":"3 minutos"},"schema":{"@context":"https:\/\/schema.org","@graph":[{"@type":"Article","@id":"https:\/\/ocoerente.com.br\/se\/2024\/02\/03\/e-la-vem-a-cobranca-do-pix\/#article","isPartOf":{"@id":"https:\/\/ocoerente.com.br\/se\/2024\/02\/03\/e-la-vem-a-cobranca-do-pix\/"},"author":{"name":"Reda\u00e7\u00e3o","@id":"https:\/\/ocoerente.com.br\/se\/#\/schema\/person\/cc6bfd9fbca465e23543b0c963d8d037"},"headline":"E l\u00e1 vem a cobran\u00e7a do PIX&#8230;","datePublished":"2024-02-03T03:06:22+00:00","dateModified":"2024-02-03T03:06:23+00:00","mainEntityOfPage":{"@id":"https:\/\/ocoerente.com.br\/se\/2024\/02\/03\/e-la-vem-a-cobranca-do-pix\/"},"wordCount":655,"publisher":{"@id":"https:\/\/ocoerente.com.br\/se\/#\/schema\/person\/cc6bfd9fbca465e23543b0c963d8d037"},"image":{"@id":"https:\/\/ocoerente.com.br\/se\/2024\/02\/03\/e-la-vem-a-cobranca-do-pix\/#primaryimage"},"thumbnailUrl":"https:\/\/ocoerente.com.br\/se\/wp-content\/uploads\/2024\/02\/pixpessoaexisteta.jpg","articleSection":["Destaques","Economia"],"inLanguage":"pt-BR"},{"@type":"WebPage","@id":"https:\/\/ocoerente.com.br\/se\/2024\/02\/03\/e-la-vem-a-cobranca-do-pix\/","url":"https:\/\/ocoerente.com.br\/se\/2024\/02\/03\/e-la-vem-a-cobranca-do-pix\/","name":"E l\u00e1 vem a cobran\u00e7a do PIX... - O Coerente","isPartOf":{"@id":"https:\/\/ocoerente.com.br\/se\/#website"},"primaryImageOfPage":{"@id":"https:\/\/ocoerente.com.br\/se\/2024\/02\/03\/e-la-vem-a-cobranca-do-pix\/#primaryimage"},"image":{"@id":"https:\/\/ocoerente.com.br\/se\/2024\/02\/03\/e-la-vem-a-cobranca-do-pix\/#primaryimage"},"thumbnailUrl":"https:\/\/ocoerente.com.br\/se\/wp-content\/uploads\/2024\/02\/pixpessoaexisteta.jpg","datePublished":"2024-02-03T03:06:22+00:00","dateModified":"2024-02-03T03:06:23+00:00","breadcrumb":{"@id":"https:\/\/ocoerente.com.br\/se\/2024\/02\/03\/e-la-vem-a-cobranca-do-pix\/#breadcrumb"},"inLanguage":"pt-BR","potentialAction":[{"@type":"ReadAction","target":["https:\/\/ocoerente.com.br\/se\/2024\/02\/03\/e-la-vem-a-cobranca-do-pix\/"]}]},{"@type":"ImageObject","inLanguage":"pt-BR","@id":"https:\/\/ocoerente.com.br\/se\/2024\/02\/03\/e-la-vem-a-cobranca-do-pix\/#primaryimage","url":"https:\/\/ocoerente.com.br\/se\/wp-content\/uploads\/2024\/02\/pixpessoaexisteta.jpg","contentUrl":"https:\/\/ocoerente.com.br\/se\/wp-content\/uploads\/2024\/02\/pixpessoaexisteta.jpg","width":808,"height":455},{"@type":"BreadcrumbList","@id":"https:\/\/ocoerente.com.br\/se\/2024\/02\/03\/e-la-vem-a-cobranca-do-pix\/#breadcrumb","itemListElement":[{"@type":"ListItem","position":1,"name":"In\u00edcio","item":"https:\/\/ocoerente.com.br\/se\/"},{"@type":"ListItem","position":2,"name":"E l\u00e1 vem a cobran\u00e7a do PIX&#8230;"}]},{"@type":"WebSite","@id":"https:\/\/ocoerente.com.br\/se\/#website","url":"https:\/\/ocoerente.com.br\/se\/","name":"O Coerente","description":"","publisher":{"@id":"https:\/\/ocoerente.com.br\/se\/#\/schema\/person\/cc6bfd9fbca465e23543b0c963d8d037"},"potentialAction":[{"@type":"SearchAction","target":{"@type":"EntryPoint","urlTemplate":"https:\/\/ocoerente.com.br\/se\/?s={search_term_string}"},"query-input":{"@type":"PropertyValueSpecification","valueRequired":true,"valueName":"search_term_string"}}],"inLanguage":"pt-BR"},{"@type":["Person","Organization"],"@id":"https:\/\/ocoerente.com.br\/se\/#\/schema\/person\/cc6bfd9fbca465e23543b0c963d8d037","name":"Reda\u00e7\u00e3o","image":{"@type":"ImageObject","inLanguage":"pt-BR","@id":"https:\/\/ocoerente.com.br\/se\/wp-content\/uploads\/2020\/01\/ocoerente-1.png","url":"https:\/\/ocoerente.com.br\/se\/wp-content\/uploads\/2020\/01\/ocoerente-1.png","contentUrl":"https:\/\/ocoerente.com.br\/se\/wp-content\/uploads\/2020\/01\/ocoerente-1.png","width":50,"height":50,"caption":"Reda\u00e7\u00e3o"},"logo":{"@id":"https:\/\/ocoerente.com.br\/se\/wp-content\/uploads\/2020\/01\/ocoerente-1.png"},"url":"https:\/\/ocoerente.com.br\/se\/author\/vasticlsales\/"}]}},"_links":{"self":[{"href":"https:\/\/ocoerente.com.br\/se\/wp-json\/wp\/v2\/posts\/8132","targetHints":{"allow":["GET"]}}],"collection":[{"href":"https:\/\/ocoerente.com.br\/se\/wp-json\/wp\/v2\/posts"}],"about":[{"href":"https:\/\/ocoerente.com.br\/se\/wp-json\/wp\/v2\/types\/post"}],"author":[{"embeddable":true,"href":"https:\/\/ocoerente.com.br\/se\/wp-json\/wp\/v2\/users\/1"}],"replies":[{"embeddable":true,"href":"https:\/\/ocoerente.com.br\/se\/wp-json\/wp\/v2\/comments?post=8132"}],"version-history":[{"count":1,"href":"https:\/\/ocoerente.com.br\/se\/wp-json\/wp\/v2\/posts\/8132\/revisions"}],"predecessor-version":[{"id":8134,"href":"https:\/\/ocoerente.com.br\/se\/wp-json\/wp\/v2\/posts\/8132\/revisions\/8134"}],"wp:featuredmedia":[{"embeddable":true,"href":"https:\/\/ocoerente.com.br\/se\/wp-json\/wp\/v2\/media\/8133"}],"wp:attachment":[{"href":"https:\/\/ocoerente.com.br\/se\/wp-json\/wp\/v2\/media?parent=8132"}],"wp:term":[{"taxonomy":"category","embeddable":true,"href":"https:\/\/ocoerente.com.br\/se\/wp-json\/wp\/v2\/categories?post=8132"},{"taxonomy":"post_tag","embeddable":true,"href":"https:\/\/ocoerente.com.br\/se\/wp-json\/wp\/v2\/tags?post=8132"}],"curies":[{"name":"wp","href":"https:\/\/api.w.org\/{rel}","templated":true}]}}