{"id":8129,"date":"2024-02-03T00:00:45","date_gmt":"2024-02-03T03:00:45","guid":{"rendered":"https:\/\/ocoerente.com.br\/se\/?p=8129"},"modified":"2024-02-03T00:00:47","modified_gmt":"2024-02-03T03:00:47","slug":"governador-nomeia-55-servidores-aprovados-no-concurso-da-emdagro-durante-sealba-show-em-itabaiana","status":"publish","type":"post","link":"https:\/\/ocoerente.com.br\/se\/2024\/02\/03\/governador-nomeia-55-servidores-aprovados-no-concurso-da-emdagro-durante-sealba-show-em-itabaiana\/","title":{"rendered":"Governador nomeia 55 servidores aprovados no concurso da Emdagro durante Sealba Show, em Itabaiana"},"content":{"rendered":"\n<p><em>Evento inicia calend\u00e1rio nacional de feiras agr\u00edcolas e re\u00fane produtores, expositores e comerciantes do setor agropecu\u00e1rio<\/em><\/p>\n\n\n\n<p>A edi\u00e7\u00e3o 2024 do Sealba Show iniciou o calend\u00e1rio nacional de feiras agr\u00edcolas e o governador F\u00e1bio Mitidieri esteve no local para acompanhar o que vem sendo discutido no setor agropecu\u00e1rio. O evento, que come\u00e7ou na \u00faltima quarta-feira, 31, segue at\u00e9 o dia 3 de fevereiro, no Parque Cunha Menezes, em Itabaiana, regi\u00e3o agreste de Sergipe.<\/p>\n\n\n\n<p>Durante a realiza\u00e7\u00e3o do evento, o governador realizou alguns atos. Entre eles, a assinatura de admiss\u00e3o de tr\u00eas aprovados no concurso da Emdagro, representando os 55 contratados.<\/p>\n\n\n\n<p>Al\u00e9m disso, F\u00e1bio Mitidieri assinou o Aviso de Licita\u00e7\u00e3o da Concorr\u00eancia P\u00fablica realizada pela Companhia de Desenvolvimento Regional de Sergipe (Coderse) com objetivo de contratar empresa especializada em engenharia para elabora\u00e7\u00e3o dos estudos e projeto do sistema de adu\u00e7\u00e3o de \u00e1gua para o alto sert\u00e3o sergipano, conhecido como a \u2018Adutora do Leite\u2019, localizado entre os munic\u00edpios de Nossa Senhora da Gl\u00f3ria e Canind\u00e9 de S\u00e3o Francisco.<\/p>\n\n\n\n<p>Outro ato realizado durante o Sealba foi a assinatura de contratos de cr\u00e9dito Banese para fomento \u00e0 produ\u00e7\u00e3o agropecu\u00e1ria. \u201cO Estado de Sergipe est\u00e1 investindo em todos os segmentos. O nosso governo n\u00e3o para, \u00e9 acelerado. Porque precisamos governar para os sergipanos\u201d, refor\u00e7ou.<\/p>\n\n\n\n<p><strong>Sealba Show<\/strong><\/p>\n\n\n\n<p>A feira destaca a pot\u00eancia do agroneg\u00f3cio na regi\u00e3o, al\u00e9m de apresentar solu\u00e7\u00f5es para o aumento da lucratividade e da produtividade no campo. Ao visitar o espa\u00e7o, F\u00e1bio destacou que a feira \u00e9 prop\u00edcia para os produtores rurais e visitantes fazerem neg\u00f3cios. \u201cPelo vis\u00edvel crescimento da feira, n\u00e3o tenho d\u00favidas que este ano o Sealba bate recordes de neg\u00f3cios. Expositores, comerciantes e produtores est\u00e3o muito animados\u201d, observou.<\/p>\n\n\n\n<p>Sergipe, mais uma vez, apoia e patrocina o evento. \u201cSabemos da import\u00e2ncia do agroneg\u00f3cio, pois realmente movimenta a nossa economia, gera emprego, gera renda e faz com que a gente consiga melhorar, cada vez mais, a nossa economia\u201d, ressaltou.<\/p>\n\n\n\n<p>A agenda envolve fornecedores de insumos, prestadores de servi\u00e7os, ind\u00fastria transformadora de alimentos, energia, tecnologia digital, m\u00e1quinas e equipamentos, sistemas de armazenagem e transporte, turismo, distribui\u00e7\u00e3o e escoamento produtivo, bem como todo o complexo de opera\u00e7\u00f5es e servi\u00e7os que giram em torno da atividade agropecu\u00e1ria principal.<\/p>\n\n\n\n<p>O secret\u00e1rio de Estado da Agricultura, Desenvolvimento Agr\u00e1rio e da Pesca (Seagri), Zeca da Silva, destacou a relev\u00e2ncia da realiza\u00e7\u00e3o do Sealba Show em Sergipe. \u201cEssa \u00e9 a terceira edi\u00e7\u00e3o de um evento grandioso que serve de refer\u00eancia hoje n\u00e3o s\u00f3 para o estado, mas para o Nordeste, para o Brasil. Uma feira organizada pela Federa\u00e7\u00e3o da Agricultura e Pecu\u00e1ria do Estado de Sergipe (Faese) e o Governo do Estado como parceiro, incentivando e patrocinando a feira para poder gerar neg\u00f3cios\u201d, destacou.<\/p>\n\n\n\n<p>No mesmo sentido, o presidente do Sistema Faese\/Senar, Ivan Sobral, destacou a consolida\u00e7\u00e3o do Sealba Show como um evento de neg\u00f3cios. &#8220;Este \u00e9 o terceiro maior evento agro do Nordeste brasileiro. Ent\u00e3o, sem d\u00favidas \u00e9 um evento muito importante para a economia do nosso estado, j\u00e1 que a gente movimenta n\u00e3o s\u00f3 o agroneg\u00f3cio, mas tamb\u00e9m outros setores, como a rede hoteleira, o com\u00e9rcio de forma geral, o turismo, muita gente vem para participar do Sealba e acaba ficando para aproveitar as belezas naturais do nosso estado, o que acaba impactando diretamente toda economia do estado&#8221;, ressaltou.<\/p>\n\n\n\n<p>se.gov.br<\/p>\n","protected":false},"excerpt":{"rendered":"<p>Evento inicia calend\u00e1rio nacional de feiras agr\u00edcolas e re\u00fane produtores, expositores e comerciantes do setor agropecu\u00e1rio A edi\u00e7\u00e3o 2024 do Sealba Show iniciou o calend\u00e1rio nacional de feiras agr\u00edcolas e o governador F\u00e1bio Mitidieri esteve no local para acompanhar o que vem sendo discutido no setor agropecu\u00e1rio. O evento, que come\u00e7ou na \u00faltima quarta-feira, 31, [&hellip;]<\/p>\n","protected":false},"author":1,"featured_media":8130,"comment_status":"closed","ping_status":"closed","sticky":false,"template":"","format":"standard","meta":{"footnotes":""},"categories":[53,57],"tags":[],"class_list":["post-8129","post","type-post","status-publish","format-standard","has-post-thumbnail","hentry","category-destaques","category-oportunidades"],"yoast_head":"<!-- This site is optimized with the Yoast SEO plugin v27.4 - https:\/\/yoast.com\/product\/yoast-seo-wordpress\/ -->\n<title>Governador nomeia 55 servidores aprovados no concurso da Emdagro durante Sealba Show, em Itabaiana - O Coerente<\/title>\n<meta name=\"robots\" content=\"index, follow, max-snippet:-1, max-image-preview:large, max-video-preview:-1\" \/>\n<link rel=\"canonical\" href=\"https:\/\/ocoerente.com.br\/se\/2024\/02\/03\/governador-nomeia-55-servidores-aprovados-no-concurso-da-emdagro-durante-sealba-show-em-itabaiana\/\" \/>\n<meta property=\"og:locale\" content=\"pt_BR\" \/>\n<meta property=\"og:type\" content=\"article\" \/>\n<meta property=\"og:title\" content=\"Governador nomeia 55 servidores aprovados no concurso da Emdagro durante Sealba Show, em Itabaiana - O Coerente\" \/>\n<meta property=\"og:description\" content=\"Evento inicia calend\u00e1rio nacional de feiras agr\u00edcolas e re\u00fane produtores, expositores e comerciantes do setor agropecu\u00e1rio A edi\u00e7\u00e3o 2024 do Sealba Show iniciou o calend\u00e1rio nacional de feiras agr\u00edcolas e o governador F\u00e1bio Mitidieri esteve no local para acompanhar o que vem sendo discutido no setor agropecu\u00e1rio. O evento, que come\u00e7ou na \u00faltima quarta-feira, 31, [&hellip;]\" \/>\n<meta property=\"og:url\" content=\"https:\/\/ocoerente.com.br\/se\/2024\/02\/03\/governador-nomeia-55-servidores-aprovados-no-concurso-da-emdagro-durante-sealba-show-em-itabaiana\/\" \/>\n<meta property=\"og:site_name\" content=\"O Coerente\" \/>\n<meta property=\"article:published_time\" content=\"2024-02-03T03:00:45+00:00\" \/>\n<meta property=\"article:modified_time\" content=\"2024-02-03T03:00:47+00:00\" \/>\n<meta property=\"og:image\" content=\"https:\/\/ocoerente.com.br\/se\/wp-content\/uploads\/2024\/02\/govmittt.jpg\" \/>\n\t<meta property=\"og:image:width\" content=\"1100\" \/>\n\t<meta property=\"og:image:height\" content=\"610\" \/>\n\t<meta property=\"og:image:type\" content=\"image\/jpeg\" \/>\n<meta name=\"author\" content=\"Reda\u00e7\u00e3o\" \/>\n<meta name=\"twitter:card\" content=\"summary_large_image\" \/>\n<meta name=\"twitter:label1\" content=\"Escrito por\" \/>\n\t<meta name=\"twitter:data1\" content=\"Reda\u00e7\u00e3o\" \/>\n\t<meta name=\"twitter:label2\" content=\"Est. tempo de leitura\" \/>\n\t<meta name=\"twitter:data2\" content=\"3 minutos\" \/>\n<script type=\"application\/ld+json\" class=\"yoast-schema-graph\">{\"@context\":\"https:\\\/\\\/schema.org\",\"@graph\":[{\"@type\":\"Article\",\"@id\":\"https:\\\/\\\/ocoerente.com.br\\\/se\\\/2024\\\/02\\\/03\\\/governador-nomeia-55-servidores-aprovados-no-concurso-da-emdagro-durante-sealba-show-em-itabaiana\\\/#article\",\"isPartOf\":{\"@id\":\"https:\\\/\\\/ocoerente.com.br\\\/se\\\/2024\\\/02\\\/03\\\/governador-nomeia-55-servidores-aprovados-no-concurso-da-emdagro-durante-sealba-show-em-itabaiana\\\/\"},\"author\":{\"name\":\"Reda\u00e7\u00e3o\",\"@id\":\"https:\\\/\\\/ocoerente.com.br\\\/se\\\/#\\\/schema\\\/person\\\/cc6bfd9fbca465e23543b0c963d8d037\"},\"headline\":\"Governador nomeia 55 servidores aprovados no concurso da Emdagro durante Sealba Show, em Itabaiana\",\"datePublished\":\"2024-02-03T03:00:45+00:00\",\"dateModified\":\"2024-02-03T03:00:47+00:00\",\"mainEntityOfPage\":{\"@id\":\"https:\\\/\\\/ocoerente.com.br\\\/se\\\/2024\\\/02\\\/03\\\/governador-nomeia-55-servidores-aprovados-no-concurso-da-emdagro-durante-sealba-show-em-itabaiana\\\/\"},\"wordCount\":619,\"publisher\":{\"@id\":\"https:\\\/\\\/ocoerente.com.br\\\/se\\\/#\\\/schema\\\/person\\\/cc6bfd9fbca465e23543b0c963d8d037\"},\"image\":{\"@id\":\"https:\\\/\\\/ocoerente.com.br\\\/se\\\/2024\\\/02\\\/03\\\/governador-nomeia-55-servidores-aprovados-no-concurso-da-emdagro-durante-sealba-show-em-itabaiana\\\/#primaryimage\"},\"thumbnailUrl\":\"https:\\\/\\\/ocoerente.com.br\\\/se\\\/wp-content\\\/uploads\\\/2024\\\/02\\\/govmittt.jpg\",\"articleSection\":[\"Destaques\",\"Oportunidades\"],\"inLanguage\":\"pt-BR\"},{\"@type\":\"WebPage\",\"@id\":\"https:\\\/\\\/ocoerente.com.br\\\/se\\\/2024\\\/02\\\/03\\\/governador-nomeia-55-servidores-aprovados-no-concurso-da-emdagro-durante-sealba-show-em-itabaiana\\\/\",\"url\":\"https:\\\/\\\/ocoerente.com.br\\\/se\\\/2024\\\/02\\\/03\\\/governador-nomeia-55-servidores-aprovados-no-concurso-da-emdagro-durante-sealba-show-em-itabaiana\\\/\",\"name\":\"Governador nomeia 55 servidores aprovados no concurso da Emdagro durante Sealba Show, em Itabaiana - O Coerente\",\"isPartOf\":{\"@id\":\"https:\\\/\\\/ocoerente.com.br\\\/se\\\/#website\"},\"primaryImageOfPage\":{\"@id\":\"https:\\\/\\\/ocoerente.com.br\\\/se\\\/2024\\\/02\\\/03\\\/governador-nomeia-55-servidores-aprovados-no-concurso-da-emdagro-durante-sealba-show-em-itabaiana\\\/#primaryimage\"},\"image\":{\"@id\":\"https:\\\/\\\/ocoerente.com.br\\\/se\\\/2024\\\/02\\\/03\\\/governador-nomeia-55-servidores-aprovados-no-concurso-da-emdagro-durante-sealba-show-em-itabaiana\\\/#primaryimage\"},\"thumbnailUrl\":\"https:\\\/\\\/ocoerente.com.br\\\/se\\\/wp-content\\\/uploads\\\/2024\\\/02\\\/govmittt.jpg\",\"datePublished\":\"2024-02-03T03:00:45+00:00\",\"dateModified\":\"2024-02-03T03:00:47+00:00\",\"breadcrumb\":{\"@id\":\"https:\\\/\\\/ocoerente.com.br\\\/se\\\/2024\\\/02\\\/03\\\/governador-nomeia-55-servidores-aprovados-no-concurso-da-emdagro-durante-sealba-show-em-itabaiana\\\/#breadcrumb\"},\"inLanguage\":\"pt-BR\",\"potentialAction\":[{\"@type\":\"ReadAction\",\"target\":[\"https:\\\/\\\/ocoerente.com.br\\\/se\\\/2024\\\/02\\\/03\\\/governador-nomeia-55-servidores-aprovados-no-concurso-da-emdagro-durante-sealba-show-em-itabaiana\\\/\"]}]},{\"@type\":\"ImageObject\",\"inLanguage\":\"pt-BR\",\"@id\":\"https:\\\/\\\/ocoerente.com.br\\\/se\\\/2024\\\/02\\\/03\\\/governador-nomeia-55-servidores-aprovados-no-concurso-da-emdagro-durante-sealba-show-em-itabaiana\\\/#primaryimage\",\"url\":\"https:\\\/\\\/ocoerente.com.br\\\/se\\\/wp-content\\\/uploads\\\/2024\\\/02\\\/govmittt.jpg\",\"contentUrl\":\"https:\\\/\\\/ocoerente.com.br\\\/se\\\/wp-content\\\/uploads\\\/2024\\\/02\\\/govmittt.jpg\",\"width\":1100,\"height\":610,\"caption\":\"Governador nomeia 55 servidores aprovados no concurso da Emdagro durante Sealba Show, em Itabaiana \\\/ Foto: Arthur Soares\"},{\"@type\":\"BreadcrumbList\",\"@id\":\"https:\\\/\\\/ocoerente.com.br\\\/se\\\/2024\\\/02\\\/03\\\/governador-nomeia-55-servidores-aprovados-no-concurso-da-emdagro-durante-sealba-show-em-itabaiana\\\/#breadcrumb\",\"itemListElement\":[{\"@type\":\"ListItem\",\"position\":1,\"name\":\"In\u00edcio\",\"item\":\"https:\\\/\\\/ocoerente.com.br\\\/se\\\/\"},{\"@type\":\"ListItem\",\"position\":2,\"name\":\"Governador nomeia 55 servidores aprovados no concurso da Emdagro durante Sealba Show, em Itabaiana\"}]},{\"@type\":\"WebSite\",\"@id\":\"https:\\\/\\\/ocoerente.com.br\\\/se\\\/#website\",\"url\":\"https:\\\/\\\/ocoerente.com.br\\\/se\\\/\",\"name\":\"O Coerente\",\"description\":\"\",\"publisher\":{\"@id\":\"https:\\\/\\\/ocoerente.com.br\\\/se\\\/#\\\/schema\\\/person\\\/cc6bfd9fbca465e23543b0c963d8d037\"},\"potentialAction\":[{\"@type\":\"SearchAction\",\"target\":{\"@type\":\"EntryPoint\",\"urlTemplate\":\"https:\\\/\\\/ocoerente.com.br\\\/se\\\/?s={search_term_string}\"},\"query-input\":{\"@type\":\"PropertyValueSpecification\",\"valueRequired\":true,\"valueName\":\"search_term_string\"}}],\"inLanguage\":\"pt-BR\"},{\"@type\":[\"Person\",\"Organization\"],\"@id\":\"https:\\\/\\\/ocoerente.com.br\\\/se\\\/#\\\/schema\\\/person\\\/cc6bfd9fbca465e23543b0c963d8d037\",\"name\":\"Reda\u00e7\u00e3o\",\"image\":{\"@type\":\"ImageObject\",\"inLanguage\":\"pt-BR\",\"@id\":\"https:\\\/\\\/ocoerente.com.br\\\/se\\\/wp-content\\\/uploads\\\/2020\\\/01\\\/ocoerente-1.png\",\"url\":\"https:\\\/\\\/ocoerente.com.br\\\/se\\\/wp-content\\\/uploads\\\/2020\\\/01\\\/ocoerente-1.png\",\"contentUrl\":\"https:\\\/\\\/ocoerente.com.br\\\/se\\\/wp-content\\\/uploads\\\/2020\\\/01\\\/ocoerente-1.png\",\"width\":50,\"height\":50,\"caption\":\"Reda\u00e7\u00e3o\"},\"logo\":{\"@id\":\"https:\\\/\\\/ocoerente.com.br\\\/se\\\/wp-content\\\/uploads\\\/2020\\\/01\\\/ocoerente-1.png\"},\"url\":\"https:\\\/\\\/ocoerente.com.br\\\/se\\\/author\\\/vasticlsales\\\/\"}]}<\/script>\n<!-- \/ Yoast SEO plugin. -->","yoast_head_json":{"title":"Governador nomeia 55 servidores aprovados no concurso da Emdagro durante Sealba Show, em Itabaiana - O Coerente","robots":{"index":"index","follow":"follow","max-snippet":"max-snippet:-1","max-image-preview":"max-image-preview:large","max-video-preview":"max-video-preview:-1"},"canonical":"https:\/\/ocoerente.com.br\/se\/2024\/02\/03\/governador-nomeia-55-servidores-aprovados-no-concurso-da-emdagro-durante-sealba-show-em-itabaiana\/","og_locale":"pt_BR","og_type":"article","og_title":"Governador nomeia 55 servidores aprovados no concurso da Emdagro durante Sealba Show, em Itabaiana - O Coerente","og_description":"Evento inicia calend\u00e1rio nacional de feiras agr\u00edcolas e re\u00fane produtores, expositores e comerciantes do setor agropecu\u00e1rio A edi\u00e7\u00e3o 2024 do Sealba Show iniciou o calend\u00e1rio nacional de feiras agr\u00edcolas e o governador F\u00e1bio Mitidieri esteve no local para acompanhar o que vem sendo discutido no setor agropecu\u00e1rio. O evento, que come\u00e7ou na \u00faltima quarta-feira, 31, [&hellip;]","og_url":"https:\/\/ocoerente.com.br\/se\/2024\/02\/03\/governador-nomeia-55-servidores-aprovados-no-concurso-da-emdagro-durante-sealba-show-em-itabaiana\/","og_site_name":"O Coerente","article_published_time":"2024-02-03T03:00:45+00:00","article_modified_time":"2024-02-03T03:00:47+00:00","og_image":[{"width":1100,"height":610,"url":"https:\/\/ocoerente.com.br\/se\/wp-content\/uploads\/2024\/02\/govmittt.jpg","type":"image\/jpeg"}],"author":"Reda\u00e7\u00e3o","twitter_card":"summary_large_image","twitter_misc":{"Escrito por":"Reda\u00e7\u00e3o","Est. tempo de leitura":"3 minutos"},"schema":{"@context":"https:\/\/schema.org","@graph":[{"@type":"Article","@id":"https:\/\/ocoerente.com.br\/se\/2024\/02\/03\/governador-nomeia-55-servidores-aprovados-no-concurso-da-emdagro-durante-sealba-show-em-itabaiana\/#article","isPartOf":{"@id":"https:\/\/ocoerente.com.br\/se\/2024\/02\/03\/governador-nomeia-55-servidores-aprovados-no-concurso-da-emdagro-durante-sealba-show-em-itabaiana\/"},"author":{"name":"Reda\u00e7\u00e3o","@id":"https:\/\/ocoerente.com.br\/se\/#\/schema\/person\/cc6bfd9fbca465e23543b0c963d8d037"},"headline":"Governador nomeia 55 servidores aprovados no concurso da Emdagro durante Sealba Show, em Itabaiana","datePublished":"2024-02-03T03:00:45+00:00","dateModified":"2024-02-03T03:00:47+00:00","mainEntityOfPage":{"@id":"https:\/\/ocoerente.com.br\/se\/2024\/02\/03\/governador-nomeia-55-servidores-aprovados-no-concurso-da-emdagro-durante-sealba-show-em-itabaiana\/"},"wordCount":619,"publisher":{"@id":"https:\/\/ocoerente.com.br\/se\/#\/schema\/person\/cc6bfd9fbca465e23543b0c963d8d037"},"image":{"@id":"https:\/\/ocoerente.com.br\/se\/2024\/02\/03\/governador-nomeia-55-servidores-aprovados-no-concurso-da-emdagro-durante-sealba-show-em-itabaiana\/#primaryimage"},"thumbnailUrl":"https:\/\/ocoerente.com.br\/se\/wp-content\/uploads\/2024\/02\/govmittt.jpg","articleSection":["Destaques","Oportunidades"],"inLanguage":"pt-BR"},{"@type":"WebPage","@id":"https:\/\/ocoerente.com.br\/se\/2024\/02\/03\/governador-nomeia-55-servidores-aprovados-no-concurso-da-emdagro-durante-sealba-show-em-itabaiana\/","url":"https:\/\/ocoerente.com.br\/se\/2024\/02\/03\/governador-nomeia-55-servidores-aprovados-no-concurso-da-emdagro-durante-sealba-show-em-itabaiana\/","name":"Governador nomeia 55 servidores aprovados no concurso da Emdagro durante Sealba Show, em Itabaiana - O Coerente","isPartOf":{"@id":"https:\/\/ocoerente.com.br\/se\/#website"},"primaryImageOfPage":{"@id":"https:\/\/ocoerente.com.br\/se\/2024\/02\/03\/governador-nomeia-55-servidores-aprovados-no-concurso-da-emdagro-durante-sealba-show-em-itabaiana\/#primaryimage"},"image":{"@id":"https:\/\/ocoerente.com.br\/se\/2024\/02\/03\/governador-nomeia-55-servidores-aprovados-no-concurso-da-emdagro-durante-sealba-show-em-itabaiana\/#primaryimage"},"thumbnailUrl":"https:\/\/ocoerente.com.br\/se\/wp-content\/uploads\/2024\/02\/govmittt.jpg","datePublished":"2024-02-03T03:00:45+00:00","dateModified":"2024-02-03T03:00:47+00:00","breadcrumb":{"@id":"https:\/\/ocoerente.com.br\/se\/2024\/02\/03\/governador-nomeia-55-servidores-aprovados-no-concurso-da-emdagro-durante-sealba-show-em-itabaiana\/#breadcrumb"},"inLanguage":"pt-BR","potentialAction":[{"@type":"ReadAction","target":["https:\/\/ocoerente.com.br\/se\/2024\/02\/03\/governador-nomeia-55-servidores-aprovados-no-concurso-da-emdagro-durante-sealba-show-em-itabaiana\/"]}]},{"@type":"ImageObject","inLanguage":"pt-BR","@id":"https:\/\/ocoerente.com.br\/se\/2024\/02\/03\/governador-nomeia-55-servidores-aprovados-no-concurso-da-emdagro-durante-sealba-show-em-itabaiana\/#primaryimage","url":"https:\/\/ocoerente.com.br\/se\/wp-content\/uploads\/2024\/02\/govmittt.jpg","contentUrl":"https:\/\/ocoerente.com.br\/se\/wp-content\/uploads\/2024\/02\/govmittt.jpg","width":1100,"height":610,"caption":"Governador nomeia 55 servidores aprovados no concurso da Emdagro durante Sealba Show, em Itabaiana \/ Foto: Arthur Soares"},{"@type":"BreadcrumbList","@id":"https:\/\/ocoerente.com.br\/se\/2024\/02\/03\/governador-nomeia-55-servidores-aprovados-no-concurso-da-emdagro-durante-sealba-show-em-itabaiana\/#breadcrumb","itemListElement":[{"@type":"ListItem","position":1,"name":"In\u00edcio","item":"https:\/\/ocoerente.com.br\/se\/"},{"@type":"ListItem","position":2,"name":"Governador nomeia 55 servidores aprovados no concurso da Emdagro durante Sealba Show, em Itabaiana"}]},{"@type":"WebSite","@id":"https:\/\/ocoerente.com.br\/se\/#website","url":"https:\/\/ocoerente.com.br\/se\/","name":"O Coerente","description":"","publisher":{"@id":"https:\/\/ocoerente.com.br\/se\/#\/schema\/person\/cc6bfd9fbca465e23543b0c963d8d037"},"potentialAction":[{"@type":"SearchAction","target":{"@type":"EntryPoint","urlTemplate":"https:\/\/ocoerente.com.br\/se\/?s={search_term_string}"},"query-input":{"@type":"PropertyValueSpecification","valueRequired":true,"valueName":"search_term_string"}}],"inLanguage":"pt-BR"},{"@type":["Person","Organization"],"@id":"https:\/\/ocoerente.com.br\/se\/#\/schema\/person\/cc6bfd9fbca465e23543b0c963d8d037","name":"Reda\u00e7\u00e3o","image":{"@type":"ImageObject","inLanguage":"pt-BR","@id":"https:\/\/ocoerente.com.br\/se\/wp-content\/uploads\/2020\/01\/ocoerente-1.png","url":"https:\/\/ocoerente.com.br\/se\/wp-content\/uploads\/2020\/01\/ocoerente-1.png","contentUrl":"https:\/\/ocoerente.com.br\/se\/wp-content\/uploads\/2020\/01\/ocoerente-1.png","width":50,"height":50,"caption":"Reda\u00e7\u00e3o"},"logo":{"@id":"https:\/\/ocoerente.com.br\/se\/wp-content\/uploads\/2020\/01\/ocoerente-1.png"},"url":"https:\/\/ocoerente.com.br\/se\/author\/vasticlsales\/"}]}},"_links":{"self":[{"href":"https:\/\/ocoerente.com.br\/se\/wp-json\/wp\/v2\/posts\/8129","targetHints":{"allow":["GET"]}}],"collection":[{"href":"https:\/\/ocoerente.com.br\/se\/wp-json\/wp\/v2\/posts"}],"about":[{"href":"https:\/\/ocoerente.com.br\/se\/wp-json\/wp\/v2\/types\/post"}],"author":[{"embeddable":true,"href":"https:\/\/ocoerente.com.br\/se\/wp-json\/wp\/v2\/users\/1"}],"replies":[{"embeddable":true,"href":"https:\/\/ocoerente.com.br\/se\/wp-json\/wp\/v2\/comments?post=8129"}],"version-history":[{"count":1,"href":"https:\/\/ocoerente.com.br\/se\/wp-json\/wp\/v2\/posts\/8129\/revisions"}],"predecessor-version":[{"id":8131,"href":"https:\/\/ocoerente.com.br\/se\/wp-json\/wp\/v2\/posts\/8129\/revisions\/8131"}],"wp:featuredmedia":[{"embeddable":true,"href":"https:\/\/ocoerente.com.br\/se\/wp-json\/wp\/v2\/media\/8130"}],"wp:attachment":[{"href":"https:\/\/ocoerente.com.br\/se\/wp-json\/wp\/v2\/media?parent=8129"}],"wp:term":[{"taxonomy":"category","embeddable":true,"href":"https:\/\/ocoerente.com.br\/se\/wp-json\/wp\/v2\/categories?post=8129"},{"taxonomy":"post_tag","embeddable":true,"href":"https:\/\/ocoerente.com.br\/se\/wp-json\/wp\/v2\/tags?post=8129"}],"curies":[{"name":"wp","href":"https:\/\/api.w.org\/{rel}","templated":true}]}}