{"id":7804,"date":"2024-01-13T01:15:08","date_gmt":"2024-01-13T04:15:08","guid":{"rendered":"https:\/\/ocoerente.com.br\/se\/?p=7804"},"modified":"2024-01-13T01:15:09","modified_gmt":"2024-01-13T04:15:09","slug":"armando-batalha-anuncia-mentoria-politica-para-eleicoes-2024","status":"publish","type":"post","link":"https:\/\/ocoerente.com.br\/se\/2024\/01\/13\/armando-batalha-anuncia-mentoria-politica-para-eleicoes-2024\/","title":{"rendered":"Armando Batalha anuncia mentoria pol\u00edtica para elei\u00e7\u00f5es 2024"},"content":{"rendered":"\n<p>Dono de um curr\u00edculo vitorioso ao longo de tr\u00eas d\u00e9cadas na pol\u00edtica sergipana, Armando Batalha de Goes, anuncia que ser\u00e1 mentor pol\u00edtico nas pr\u00f3ximas elei\u00e7\u00f5es. Ele tem experi\u00eancia no executivo quando foi prefeito de S\u00e3o Crist\u00f3v\u00e3o duas vezes, e atuou no legislativo como deputado estadual, vereador e presidente da C\u00e2mara na cidade hist\u00f3rica. Tamb\u00e9m foi presidente do Partido Republicano Progressista (PRP) e Partido Verde (PV).<\/p>\n\n\n\n<p>Nos \u00faltimos anos, acumulou novas vit\u00f3rias ao coordenar a campanha do filho para vereador em 2020 e deputado estadual em 2022. \u201cEm pouco mais de 35 anos de pol\u00edtica, ganhei oito elei\u00e7\u00f5es em Sergipe, seis como \u2018jogador\u2019 e duas como \u2018treinador\u2019, uma trajet\u00f3ria que me permite avan\u00e7ar no cen\u00e1rio pol\u00edtico estadual\u201d, declarou Armando Batalha.<\/p>\n\n\n\n<p>O ex-parlamentar fez curso no Instituto Brasileiro de Coaching, em S\u00e3o Paulo. Ele avalia que agregou conhecimento para conquistar melhores resultados em campanhas pol\u00edticas e na gest\u00e3o p\u00fablica de seus clientes.<\/p>\n\n\n\n<p>\u201cUm coach serve para levar uma pessoa que est\u00e1 em um estado atual para seu estado desejado, portanto, o conhecimento e a experi\u00eancia que adquiri ao longo dos anos, me credenciam a guiar, orientar e conduzir pessoas que desejam iniciar a vida pol\u00edtica ou mesmo gestores que j\u00e1 atuam nos poderes executivo e legislativo\u201d, salientou.<\/p>\n\n\n\n<p>No cen\u00e1rio pol\u00edtico, Armando cita o exemplo do do filho, Neto Batalha: eu fui o professor dele, na verdade o primeiro treinador, um verdadeiro coach pol\u00edtico que planejou metas durante as atividades de campanha e ajudou a conquistar dois mandatos seguidos.<\/p>\n\n\n\n<p>Nos pr\u00f3ximos dias, ser\u00e1 anunciada a primeira turma de treinamento com vagas limitadas. \u201cSabe aquele jogador vitorioso que para de jogar e vira treinador logo depois? Assim, sou eu! Ganhei tudo como pol\u00edtico e iniciei o novo cargo com duas conquistas consecutivas, por isso aqueles que querem ser vencedores a escolha de um bom t\u00e9cnico \u00e9 meio caminho andado nas pr\u00f3ximas elei\u00e7\u00f5es\u201d, diz motivado.<\/p>\n\n\n\n<p>Outras informa\u00e7\u00f5es sobre o curso de mentoria pol\u00edtica pelo telefone (79) 9.9901-7888<\/p>\n","protected":false},"excerpt":{"rendered":"<p>Dono de um curr\u00edculo vitorioso ao longo de tr\u00eas d\u00e9cadas na pol\u00edtica sergipana, Armando Batalha de Goes, anuncia que ser\u00e1 mentor pol\u00edtico nas pr\u00f3ximas elei\u00e7\u00f5es. Ele tem experi\u00eancia no executivo quando foi prefeito de S\u00e3o Crist\u00f3v\u00e3o duas vezes, e atuou no legislativo como deputado estadual, vereador e presidente da C\u00e2mara na cidade hist\u00f3rica. Tamb\u00e9m foi [&hellip;]<\/p>\n","protected":false},"author":1,"featured_media":7805,"comment_status":"closed","ping_status":"closed","sticky":false,"template":"","format":"standard","meta":{"footnotes":""},"categories":[53,43],"tags":[],"class_list":["post-7804","post","type-post","status-publish","format-standard","has-post-thumbnail","hentry","category-destaques","category-sergipe"],"yoast_head":"<!-- This site is optimized with the Yoast SEO plugin v27.4 - https:\/\/yoast.com\/product\/yoast-seo-wordpress\/ -->\n<title>Armando Batalha anuncia mentoria pol\u00edtica para elei\u00e7\u00f5es 2024 - O Coerente<\/title>\n<meta name=\"robots\" content=\"index, follow, max-snippet:-1, max-image-preview:large, max-video-preview:-1\" \/>\n<link rel=\"canonical\" href=\"https:\/\/ocoerente.com.br\/se\/2024\/01\/13\/armando-batalha-anuncia-mentoria-politica-para-eleicoes-2024\/\" \/>\n<meta property=\"og:locale\" content=\"pt_BR\" \/>\n<meta property=\"og:type\" content=\"article\" \/>\n<meta property=\"og:title\" content=\"Armando Batalha anuncia mentoria pol\u00edtica para elei\u00e7\u00f5es 2024 - O Coerente\" \/>\n<meta property=\"og:description\" content=\"Dono de um curr\u00edculo vitorioso ao longo de tr\u00eas d\u00e9cadas na pol\u00edtica sergipana, Armando Batalha de Goes, anuncia que ser\u00e1 mentor pol\u00edtico nas pr\u00f3ximas elei\u00e7\u00f5es. Ele tem experi\u00eancia no executivo quando foi prefeito de S\u00e3o Crist\u00f3v\u00e3o duas vezes, e atuou no legislativo como deputado estadual, vereador e presidente da C\u00e2mara na cidade hist\u00f3rica. Tamb\u00e9m foi [&hellip;]\" \/>\n<meta property=\"og:url\" content=\"https:\/\/ocoerente.com.br\/se\/2024\/01\/13\/armando-batalha-anuncia-mentoria-politica-para-eleicoes-2024\/\" \/>\n<meta property=\"og:site_name\" content=\"O Coerente\" \/>\n<meta property=\"article:published_time\" content=\"2024-01-13T04:15:08+00:00\" \/>\n<meta property=\"article:modified_time\" content=\"2024-01-13T04:15:09+00:00\" \/>\n<meta property=\"og:image\" content=\"https:\/\/ocoerente.com.br\/se\/wp-content\/uploads\/2024\/01\/batalha.jpg\" \/>\n\t<meta property=\"og:image:width\" content=\"604\" \/>\n\t<meta property=\"og:image:height\" content=\"397\" \/>\n\t<meta property=\"og:image:type\" content=\"image\/jpeg\" \/>\n<meta name=\"author\" content=\"Reda\u00e7\u00e3o\" \/>\n<meta name=\"twitter:card\" content=\"summary_large_image\" \/>\n<meta name=\"twitter:label1\" content=\"Escrito por\" \/>\n\t<meta name=\"twitter:data1\" content=\"Reda\u00e7\u00e3o\" \/>\n\t<meta name=\"twitter:label2\" content=\"Est. tempo de leitura\" \/>\n\t<meta name=\"twitter:data2\" content=\"2 minutos\" \/>\n<script type=\"application\/ld+json\" class=\"yoast-schema-graph\">{\"@context\":\"https:\\\/\\\/schema.org\",\"@graph\":[{\"@type\":\"Article\",\"@id\":\"https:\\\/\\\/ocoerente.com.br\\\/se\\\/2024\\\/01\\\/13\\\/armando-batalha-anuncia-mentoria-politica-para-eleicoes-2024\\\/#article\",\"isPartOf\":{\"@id\":\"https:\\\/\\\/ocoerente.com.br\\\/se\\\/2024\\\/01\\\/13\\\/armando-batalha-anuncia-mentoria-politica-para-eleicoes-2024\\\/\"},\"author\":{\"name\":\"Reda\u00e7\u00e3o\",\"@id\":\"https:\\\/\\\/ocoerente.com.br\\\/se\\\/#\\\/schema\\\/person\\\/cc6bfd9fbca465e23543b0c963d8d037\"},\"headline\":\"Armando Batalha anuncia mentoria pol\u00edtica para elei\u00e7\u00f5es 2024\",\"datePublished\":\"2024-01-13T04:15:08+00:00\",\"dateModified\":\"2024-01-13T04:15:09+00:00\",\"mainEntityOfPage\":{\"@id\":\"https:\\\/\\\/ocoerente.com.br\\\/se\\\/2024\\\/01\\\/13\\\/armando-batalha-anuncia-mentoria-politica-para-eleicoes-2024\\\/\"},\"wordCount\":363,\"publisher\":{\"@id\":\"https:\\\/\\\/ocoerente.com.br\\\/se\\\/#\\\/schema\\\/person\\\/cc6bfd9fbca465e23543b0c963d8d037\"},\"image\":{\"@id\":\"https:\\\/\\\/ocoerente.com.br\\\/se\\\/2024\\\/01\\\/13\\\/armando-batalha-anuncia-mentoria-politica-para-eleicoes-2024\\\/#primaryimage\"},\"thumbnailUrl\":\"https:\\\/\\\/ocoerente.com.br\\\/se\\\/wp-content\\\/uploads\\\/2024\\\/01\\\/batalha.jpg\",\"articleSection\":[\"Destaques\",\"Sergipe\"],\"inLanguage\":\"pt-BR\"},{\"@type\":\"WebPage\",\"@id\":\"https:\\\/\\\/ocoerente.com.br\\\/se\\\/2024\\\/01\\\/13\\\/armando-batalha-anuncia-mentoria-politica-para-eleicoes-2024\\\/\",\"url\":\"https:\\\/\\\/ocoerente.com.br\\\/se\\\/2024\\\/01\\\/13\\\/armando-batalha-anuncia-mentoria-politica-para-eleicoes-2024\\\/\",\"name\":\"Armando Batalha anuncia mentoria pol\u00edtica para elei\u00e7\u00f5es 2024 - O Coerente\",\"isPartOf\":{\"@id\":\"https:\\\/\\\/ocoerente.com.br\\\/se\\\/#website\"},\"primaryImageOfPage\":{\"@id\":\"https:\\\/\\\/ocoerente.com.br\\\/se\\\/2024\\\/01\\\/13\\\/armando-batalha-anuncia-mentoria-politica-para-eleicoes-2024\\\/#primaryimage\"},\"image\":{\"@id\":\"https:\\\/\\\/ocoerente.com.br\\\/se\\\/2024\\\/01\\\/13\\\/armando-batalha-anuncia-mentoria-politica-para-eleicoes-2024\\\/#primaryimage\"},\"thumbnailUrl\":\"https:\\\/\\\/ocoerente.com.br\\\/se\\\/wp-content\\\/uploads\\\/2024\\\/01\\\/batalha.jpg\",\"datePublished\":\"2024-01-13T04:15:08+00:00\",\"dateModified\":\"2024-01-13T04:15:09+00:00\",\"breadcrumb\":{\"@id\":\"https:\\\/\\\/ocoerente.com.br\\\/se\\\/2024\\\/01\\\/13\\\/armando-batalha-anuncia-mentoria-politica-para-eleicoes-2024\\\/#breadcrumb\"},\"inLanguage\":\"pt-BR\",\"potentialAction\":[{\"@type\":\"ReadAction\",\"target\":[\"https:\\\/\\\/ocoerente.com.br\\\/se\\\/2024\\\/01\\\/13\\\/armando-batalha-anuncia-mentoria-politica-para-eleicoes-2024\\\/\"]}]},{\"@type\":\"ImageObject\",\"inLanguage\":\"pt-BR\",\"@id\":\"https:\\\/\\\/ocoerente.com.br\\\/se\\\/2024\\\/01\\\/13\\\/armando-batalha-anuncia-mentoria-politica-para-eleicoes-2024\\\/#primaryimage\",\"url\":\"https:\\\/\\\/ocoerente.com.br\\\/se\\\/wp-content\\\/uploads\\\/2024\\\/01\\\/batalha.jpg\",\"contentUrl\":\"https:\\\/\\\/ocoerente.com.br\\\/se\\\/wp-content\\\/uploads\\\/2024\\\/01\\\/batalha.jpg\",\"width\":604,\"height\":397},{\"@type\":\"BreadcrumbList\",\"@id\":\"https:\\\/\\\/ocoerente.com.br\\\/se\\\/2024\\\/01\\\/13\\\/armando-batalha-anuncia-mentoria-politica-para-eleicoes-2024\\\/#breadcrumb\",\"itemListElement\":[{\"@type\":\"ListItem\",\"position\":1,\"name\":\"In\u00edcio\",\"item\":\"https:\\\/\\\/ocoerente.com.br\\\/se\\\/\"},{\"@type\":\"ListItem\",\"position\":2,\"name\":\"Armando Batalha anuncia mentoria pol\u00edtica para elei\u00e7\u00f5es 2024\"}]},{\"@type\":\"WebSite\",\"@id\":\"https:\\\/\\\/ocoerente.com.br\\\/se\\\/#website\",\"url\":\"https:\\\/\\\/ocoerente.com.br\\\/se\\\/\",\"name\":\"O Coerente\",\"description\":\"\",\"publisher\":{\"@id\":\"https:\\\/\\\/ocoerente.com.br\\\/se\\\/#\\\/schema\\\/person\\\/cc6bfd9fbca465e23543b0c963d8d037\"},\"potentialAction\":[{\"@type\":\"SearchAction\",\"target\":{\"@type\":\"EntryPoint\",\"urlTemplate\":\"https:\\\/\\\/ocoerente.com.br\\\/se\\\/?s={search_term_string}\"},\"query-input\":{\"@type\":\"PropertyValueSpecification\",\"valueRequired\":true,\"valueName\":\"search_term_string\"}}],\"inLanguage\":\"pt-BR\"},{\"@type\":[\"Person\",\"Organization\"],\"@id\":\"https:\\\/\\\/ocoerente.com.br\\\/se\\\/#\\\/schema\\\/person\\\/cc6bfd9fbca465e23543b0c963d8d037\",\"name\":\"Reda\u00e7\u00e3o\",\"image\":{\"@type\":\"ImageObject\",\"inLanguage\":\"pt-BR\",\"@id\":\"https:\\\/\\\/ocoerente.com.br\\\/se\\\/wp-content\\\/uploads\\\/2020\\\/01\\\/ocoerente-1.png\",\"url\":\"https:\\\/\\\/ocoerente.com.br\\\/se\\\/wp-content\\\/uploads\\\/2020\\\/01\\\/ocoerente-1.png\",\"contentUrl\":\"https:\\\/\\\/ocoerente.com.br\\\/se\\\/wp-content\\\/uploads\\\/2020\\\/01\\\/ocoerente-1.png\",\"width\":50,\"height\":50,\"caption\":\"Reda\u00e7\u00e3o\"},\"logo\":{\"@id\":\"https:\\\/\\\/ocoerente.com.br\\\/se\\\/wp-content\\\/uploads\\\/2020\\\/01\\\/ocoerente-1.png\"},\"url\":\"https:\\\/\\\/ocoerente.com.br\\\/se\\\/author\\\/vasticlsales\\\/\"}]}<\/script>\n<!-- \/ Yoast SEO plugin. -->","yoast_head_json":{"title":"Armando Batalha anuncia mentoria pol\u00edtica para elei\u00e7\u00f5es 2024 - O Coerente","robots":{"index":"index","follow":"follow","max-snippet":"max-snippet:-1","max-image-preview":"max-image-preview:large","max-video-preview":"max-video-preview:-1"},"canonical":"https:\/\/ocoerente.com.br\/se\/2024\/01\/13\/armando-batalha-anuncia-mentoria-politica-para-eleicoes-2024\/","og_locale":"pt_BR","og_type":"article","og_title":"Armando Batalha anuncia mentoria pol\u00edtica para elei\u00e7\u00f5es 2024 - O Coerente","og_description":"Dono de um curr\u00edculo vitorioso ao longo de tr\u00eas d\u00e9cadas na pol\u00edtica sergipana, Armando Batalha de Goes, anuncia que ser\u00e1 mentor pol\u00edtico nas pr\u00f3ximas elei\u00e7\u00f5es. Ele tem experi\u00eancia no executivo quando foi prefeito de S\u00e3o Crist\u00f3v\u00e3o duas vezes, e atuou no legislativo como deputado estadual, vereador e presidente da C\u00e2mara na cidade hist\u00f3rica. Tamb\u00e9m foi [&hellip;]","og_url":"https:\/\/ocoerente.com.br\/se\/2024\/01\/13\/armando-batalha-anuncia-mentoria-politica-para-eleicoes-2024\/","og_site_name":"O Coerente","article_published_time":"2024-01-13T04:15:08+00:00","article_modified_time":"2024-01-13T04:15:09+00:00","og_image":[{"width":604,"height":397,"url":"https:\/\/ocoerente.com.br\/se\/wp-content\/uploads\/2024\/01\/batalha.jpg","type":"image\/jpeg"}],"author":"Reda\u00e7\u00e3o","twitter_card":"summary_large_image","twitter_misc":{"Escrito por":"Reda\u00e7\u00e3o","Est. tempo de leitura":"2 minutos"},"schema":{"@context":"https:\/\/schema.org","@graph":[{"@type":"Article","@id":"https:\/\/ocoerente.com.br\/se\/2024\/01\/13\/armando-batalha-anuncia-mentoria-politica-para-eleicoes-2024\/#article","isPartOf":{"@id":"https:\/\/ocoerente.com.br\/se\/2024\/01\/13\/armando-batalha-anuncia-mentoria-politica-para-eleicoes-2024\/"},"author":{"name":"Reda\u00e7\u00e3o","@id":"https:\/\/ocoerente.com.br\/se\/#\/schema\/person\/cc6bfd9fbca465e23543b0c963d8d037"},"headline":"Armando Batalha anuncia mentoria pol\u00edtica para elei\u00e7\u00f5es 2024","datePublished":"2024-01-13T04:15:08+00:00","dateModified":"2024-01-13T04:15:09+00:00","mainEntityOfPage":{"@id":"https:\/\/ocoerente.com.br\/se\/2024\/01\/13\/armando-batalha-anuncia-mentoria-politica-para-eleicoes-2024\/"},"wordCount":363,"publisher":{"@id":"https:\/\/ocoerente.com.br\/se\/#\/schema\/person\/cc6bfd9fbca465e23543b0c963d8d037"},"image":{"@id":"https:\/\/ocoerente.com.br\/se\/2024\/01\/13\/armando-batalha-anuncia-mentoria-politica-para-eleicoes-2024\/#primaryimage"},"thumbnailUrl":"https:\/\/ocoerente.com.br\/se\/wp-content\/uploads\/2024\/01\/batalha.jpg","articleSection":["Destaques","Sergipe"],"inLanguage":"pt-BR"},{"@type":"WebPage","@id":"https:\/\/ocoerente.com.br\/se\/2024\/01\/13\/armando-batalha-anuncia-mentoria-politica-para-eleicoes-2024\/","url":"https:\/\/ocoerente.com.br\/se\/2024\/01\/13\/armando-batalha-anuncia-mentoria-politica-para-eleicoes-2024\/","name":"Armando Batalha anuncia mentoria pol\u00edtica para elei\u00e7\u00f5es 2024 - O Coerente","isPartOf":{"@id":"https:\/\/ocoerente.com.br\/se\/#website"},"primaryImageOfPage":{"@id":"https:\/\/ocoerente.com.br\/se\/2024\/01\/13\/armando-batalha-anuncia-mentoria-politica-para-eleicoes-2024\/#primaryimage"},"image":{"@id":"https:\/\/ocoerente.com.br\/se\/2024\/01\/13\/armando-batalha-anuncia-mentoria-politica-para-eleicoes-2024\/#primaryimage"},"thumbnailUrl":"https:\/\/ocoerente.com.br\/se\/wp-content\/uploads\/2024\/01\/batalha.jpg","datePublished":"2024-01-13T04:15:08+00:00","dateModified":"2024-01-13T04:15:09+00:00","breadcrumb":{"@id":"https:\/\/ocoerente.com.br\/se\/2024\/01\/13\/armando-batalha-anuncia-mentoria-politica-para-eleicoes-2024\/#breadcrumb"},"inLanguage":"pt-BR","potentialAction":[{"@type":"ReadAction","target":["https:\/\/ocoerente.com.br\/se\/2024\/01\/13\/armando-batalha-anuncia-mentoria-politica-para-eleicoes-2024\/"]}]},{"@type":"ImageObject","inLanguage":"pt-BR","@id":"https:\/\/ocoerente.com.br\/se\/2024\/01\/13\/armando-batalha-anuncia-mentoria-politica-para-eleicoes-2024\/#primaryimage","url":"https:\/\/ocoerente.com.br\/se\/wp-content\/uploads\/2024\/01\/batalha.jpg","contentUrl":"https:\/\/ocoerente.com.br\/se\/wp-content\/uploads\/2024\/01\/batalha.jpg","width":604,"height":397},{"@type":"BreadcrumbList","@id":"https:\/\/ocoerente.com.br\/se\/2024\/01\/13\/armando-batalha-anuncia-mentoria-politica-para-eleicoes-2024\/#breadcrumb","itemListElement":[{"@type":"ListItem","position":1,"name":"In\u00edcio","item":"https:\/\/ocoerente.com.br\/se\/"},{"@type":"ListItem","position":2,"name":"Armando Batalha anuncia mentoria pol\u00edtica para elei\u00e7\u00f5es 2024"}]},{"@type":"WebSite","@id":"https:\/\/ocoerente.com.br\/se\/#website","url":"https:\/\/ocoerente.com.br\/se\/","name":"O Coerente","description":"","publisher":{"@id":"https:\/\/ocoerente.com.br\/se\/#\/schema\/person\/cc6bfd9fbca465e23543b0c963d8d037"},"potentialAction":[{"@type":"SearchAction","target":{"@type":"EntryPoint","urlTemplate":"https:\/\/ocoerente.com.br\/se\/?s={search_term_string}"},"query-input":{"@type":"PropertyValueSpecification","valueRequired":true,"valueName":"search_term_string"}}],"inLanguage":"pt-BR"},{"@type":["Person","Organization"],"@id":"https:\/\/ocoerente.com.br\/se\/#\/schema\/person\/cc6bfd9fbca465e23543b0c963d8d037","name":"Reda\u00e7\u00e3o","image":{"@type":"ImageObject","inLanguage":"pt-BR","@id":"https:\/\/ocoerente.com.br\/se\/wp-content\/uploads\/2020\/01\/ocoerente-1.png","url":"https:\/\/ocoerente.com.br\/se\/wp-content\/uploads\/2020\/01\/ocoerente-1.png","contentUrl":"https:\/\/ocoerente.com.br\/se\/wp-content\/uploads\/2020\/01\/ocoerente-1.png","width":50,"height":50,"caption":"Reda\u00e7\u00e3o"},"logo":{"@id":"https:\/\/ocoerente.com.br\/se\/wp-content\/uploads\/2020\/01\/ocoerente-1.png"},"url":"https:\/\/ocoerente.com.br\/se\/author\/vasticlsales\/"}]}},"_links":{"self":[{"href":"https:\/\/ocoerente.com.br\/se\/wp-json\/wp\/v2\/posts\/7804","targetHints":{"allow":["GET"]}}],"collection":[{"href":"https:\/\/ocoerente.com.br\/se\/wp-json\/wp\/v2\/posts"}],"about":[{"href":"https:\/\/ocoerente.com.br\/se\/wp-json\/wp\/v2\/types\/post"}],"author":[{"embeddable":true,"href":"https:\/\/ocoerente.com.br\/se\/wp-json\/wp\/v2\/users\/1"}],"replies":[{"embeddable":true,"href":"https:\/\/ocoerente.com.br\/se\/wp-json\/wp\/v2\/comments?post=7804"}],"version-history":[{"count":1,"href":"https:\/\/ocoerente.com.br\/se\/wp-json\/wp\/v2\/posts\/7804\/revisions"}],"predecessor-version":[{"id":7806,"href":"https:\/\/ocoerente.com.br\/se\/wp-json\/wp\/v2\/posts\/7804\/revisions\/7806"}],"wp:featuredmedia":[{"embeddable":true,"href":"https:\/\/ocoerente.com.br\/se\/wp-json\/wp\/v2\/media\/7805"}],"wp:attachment":[{"href":"https:\/\/ocoerente.com.br\/se\/wp-json\/wp\/v2\/media?parent=7804"}],"wp:term":[{"taxonomy":"category","embeddable":true,"href":"https:\/\/ocoerente.com.br\/se\/wp-json\/wp\/v2\/categories?post=7804"},{"taxonomy":"post_tag","embeddable":true,"href":"https:\/\/ocoerente.com.br\/se\/wp-json\/wp\/v2\/tags?post=7804"}],"curies":[{"name":"wp","href":"https:\/\/api.w.org\/{rel}","templated":true}]}}