{"id":7796,"date":"2024-01-13T01:08:49","date_gmt":"2024-01-13T04:08:49","guid":{"rendered":"https:\/\/ocoerente.com.br\/se\/?p=7796"},"modified":"2024-01-13T01:08:50","modified_gmt":"2024-01-13T04:08:50","slug":"apos-denuncia-de-lilo-abencoado-ministerio-publico-ajuiza-acao-de-improbidade-administrativa-contra-prefeito-marcos-santana","status":"publish","type":"post","link":"https:\/\/ocoerente.com.br\/se\/2024\/01\/13\/apos-denuncia-de-lilo-abencoado-ministerio-publico-ajuiza-acao-de-improbidade-administrativa-contra-prefeito-marcos-santana\/","title":{"rendered":"Ap\u00f3s den\u00fancia de Lilo Aben\u00e7oado, Minist\u00e9rio P\u00fablico aju\u00edza a\u00e7\u00e3o de Improbidade Administrativa contra prefeito Marcos Santana"},"content":{"rendered":"\n<p>A a\u00e7\u00e3o refere-se a contrata\u00e7\u00e3o da empresa Pau Viola Produ\u00e7\u00f5es Art\u00edsticas para a organiza\u00e7\u00e3o de eventos no munic\u00edpio de S\u00e3o Crist\u00f3v\u00e3o<\/p>\n\n\n\n<p><strong>Por Uilliam Pinheiro<\/strong><\/p>\n\n\n\n<p>O prefeito de S\u00e3o Cristov\u00e3o, Marcos Santana (MDB), \u00e9 alvo de uma A\u00e7\u00e3o por Pr\u00e1tica de Ato de Improbidade Administrativa movida pelo Minist\u00e9rio P\u00fablico de Sergipe. A a\u00e7\u00e3o refere-se a contrata\u00e7\u00e3o da empresa Pau Viola Produ\u00e7\u00f5es Art\u00edsticas para a organiza\u00e7\u00e3o de eventos no munic\u00edpio de S\u00e3o Cristov\u00e3o.<\/p>\n\n\n\n<p>O autor da den\u00fancia foi o ex-vereador Lilo Aben\u00e7oado que ingressou com uma representa\u00e7\u00e3o no Minist\u00e9rio P\u00fablico no ano de 2017.<\/p>\n\n\n\n<figure class=\"wp-block-image size-full is-resized\"><img loading=\"lazy\" decoding=\"async\" width=\"745\" height=\"539\" src=\"https:\/\/ocoerente.com.br\/se\/wp-content\/uploads\/2024\/01\/lilo-aben.jpg\" alt=\"\" class=\"wp-image-7798\" style=\"width:543px;height:auto\" srcset=\"https:\/\/ocoerente.com.br\/se\/wp-content\/uploads\/2024\/01\/lilo-aben.jpg 745w, https:\/\/ocoerente.com.br\/se\/wp-content\/uploads\/2024\/01\/lilo-aben-300x217.jpg 300w, https:\/\/ocoerente.com.br\/se\/wp-content\/uploads\/2024\/01\/lilo-aben-120x86.jpg 120w\" sizes=\"auto, (max-width: 745px) 100vw, 745px\" \/><\/figure>\n\n\n\n<p>ex-vereador Lilo aben\u00e7oado<\/p>\n\n\n\n<p>\u201cEspero \u00e9 que ao menos os valores que excederem no contrato retorne aos cofres p\u00fablicos\u201d, disse o ex-vereador Lilo Aben\u00e7oado<\/p>\n\n\n\n<p>Segundo a promotora de justi\u00e7a, Maria Helena Moreira Sanches Lisboa, os peritos do Minist\u00e9rio P\u00fablico constataram que a prefeitura de S\u00e3o Cristov\u00e3o, por meio do prefeito Marcos Santana, desvirtuou a realiza\u00e7\u00e3o da licita\u00e7\u00e3o, objetivando beneficiar uma das concorrentes do certame. Para isso, utilizaram-se de crit\u00e9rios com o fim de eliminar alguns dos licitantes e deixou de observar, em rela\u00e7\u00e3o \u00e0 empresa vencedora, requisitos que deveriam desqualific\u00e1-la.<\/p>\n\n\n\n<p>Para Lilo Aben\u00e7oado, autor inicial da den\u00fancia, o Minist\u00e9rio P\u00fablico comprovou o que ele tinha alertado de que a gest\u00e3o do prefeito Marcos Santana teria privilegiado a empresa Pau de Viola Produ\u00e7\u00f5es, e agora, espera que a justi\u00e7a seja feita e que os valores pagos para a empresa sejam devolvidos. \u201cO Minist\u00e9rio P\u00fablico finalizou o Inqu\u00e9rito Civil conforme eu imaginava, tendo em vista as muitas evid\u00eancias de v\u00edcios no processo licitat\u00f3rio, agora o que espero \u00e9 que ao menos os valores que excederem no contrato retorne aos cofres p\u00fablicos\u201d, disse o ex-vereador Lilo Aben\u00e7oado.<\/p>\n\n\n\n<p>A promotora de justi\u00e7a requer a condena\u00e7\u00e3o do r\u00e9u, o prefeito Marcos Santana, aos \u00f4nus da sucumb\u00eancia, al\u00e9m da perda da fun\u00e7\u00e3o p\u00fablica e suspens\u00e3o dos direitos pol\u00edticos.<\/p>\n\n\n\n<p><strong>ocaju<\/strong><\/p>\n","protected":false},"excerpt":{"rendered":"<p>A a\u00e7\u00e3o refere-se a contrata\u00e7\u00e3o da empresa Pau Viola Produ\u00e7\u00f5es Art\u00edsticas para a organiza\u00e7\u00e3o de eventos no munic\u00edpio de S\u00e3o Crist\u00f3v\u00e3o Por Uilliam Pinheiro O prefeito de S\u00e3o Cristov\u00e3o, Marcos Santana (MDB), \u00e9 alvo de uma A\u00e7\u00e3o por Pr\u00e1tica de Ato de Improbidade Administrativa movida pelo Minist\u00e9rio P\u00fablico de Sergipe. A a\u00e7\u00e3o refere-se a contrata\u00e7\u00e3o [&hellip;]<\/p>\n","protected":false},"author":1,"featured_media":7797,"comment_status":"closed","ping_status":"closed","sticky":false,"template":"","format":"standard","meta":{"footnotes":""},"categories":[53,43],"tags":[],"class_list":["post-7796","post","type-post","status-publish","format-standard","has-post-thumbnail","hentry","category-destaques","category-sergipe"],"yoast_head":"<!-- This site is optimized with the Yoast SEO plugin v27.4 - https:\/\/yoast.com\/product\/yoast-seo-wordpress\/ -->\n<title>Ap\u00f3s den\u00fancia de Lilo Aben\u00e7oado, Minist\u00e9rio P\u00fablico aju\u00edza a\u00e7\u00e3o de Improbidade Administrativa contra prefeito Marcos Santana - O Coerente<\/title>\n<meta name=\"robots\" content=\"index, follow, max-snippet:-1, max-image-preview:large, max-video-preview:-1\" \/>\n<link rel=\"canonical\" href=\"https:\/\/ocoerente.com.br\/se\/2024\/01\/13\/apos-denuncia-de-lilo-abencoado-ministerio-publico-ajuiza-acao-de-improbidade-administrativa-contra-prefeito-marcos-santana\/\" \/>\n<meta property=\"og:locale\" content=\"pt_BR\" \/>\n<meta property=\"og:type\" content=\"article\" \/>\n<meta property=\"og:title\" content=\"Ap\u00f3s den\u00fancia de Lilo Aben\u00e7oado, Minist\u00e9rio P\u00fablico aju\u00edza a\u00e7\u00e3o de Improbidade Administrativa contra prefeito Marcos Santana - O Coerente\" \/>\n<meta property=\"og:description\" content=\"A a\u00e7\u00e3o refere-se a contrata\u00e7\u00e3o da empresa Pau Viola Produ\u00e7\u00f5es Art\u00edsticas para a organiza\u00e7\u00e3o de eventos no munic\u00edpio de S\u00e3o Crist\u00f3v\u00e3o Por Uilliam Pinheiro O prefeito de S\u00e3o Cristov\u00e3o, Marcos Santana (MDB), \u00e9 alvo de uma A\u00e7\u00e3o por Pr\u00e1tica de Ato de Improbidade Administrativa movida pelo Minist\u00e9rio P\u00fablico de Sergipe. A a\u00e7\u00e3o refere-se a contrata\u00e7\u00e3o [&hellip;]\" \/>\n<meta property=\"og:url\" content=\"https:\/\/ocoerente.com.br\/se\/2024\/01\/13\/apos-denuncia-de-lilo-abencoado-ministerio-publico-ajuiza-acao-de-improbidade-administrativa-contra-prefeito-marcos-santana\/\" \/>\n<meta property=\"og:site_name\" content=\"O Coerente\" \/>\n<meta property=\"article:published_time\" content=\"2024-01-13T04:08:49+00:00\" \/>\n<meta property=\"article:modified_time\" content=\"2024-01-13T04:08:50+00:00\" \/>\n<meta property=\"og:image\" content=\"https:\/\/ocoerente.com.br\/se\/wp-content\/uploads\/2024\/01\/Ministerio-Publico.jpg\" \/>\n\t<meta property=\"og:image:width\" content=\"737\" \/>\n\t<meta property=\"og:image:height\" content=\"485\" \/>\n\t<meta property=\"og:image:type\" content=\"image\/jpeg\" \/>\n<meta name=\"author\" content=\"Reda\u00e7\u00e3o\" \/>\n<meta name=\"twitter:card\" content=\"summary_large_image\" \/>\n<meta name=\"twitter:label1\" content=\"Escrito por\" \/>\n\t<meta name=\"twitter:data1\" content=\"Reda\u00e7\u00e3o\" \/>\n\t<meta name=\"twitter:label2\" content=\"Est. tempo de leitura\" \/>\n\t<meta name=\"twitter:data2\" content=\"2 minutos\" \/>\n<script type=\"application\/ld+json\" class=\"yoast-schema-graph\">{\"@context\":\"https:\\\/\\\/schema.org\",\"@graph\":[{\"@type\":\"Article\",\"@id\":\"https:\\\/\\\/ocoerente.com.br\\\/se\\\/2024\\\/01\\\/13\\\/apos-denuncia-de-lilo-abencoado-ministerio-publico-ajuiza-acao-de-improbidade-administrativa-contra-prefeito-marcos-santana\\\/#article\",\"isPartOf\":{\"@id\":\"https:\\\/\\\/ocoerente.com.br\\\/se\\\/2024\\\/01\\\/13\\\/apos-denuncia-de-lilo-abencoado-ministerio-publico-ajuiza-acao-de-improbidade-administrativa-contra-prefeito-marcos-santana\\\/\"},\"author\":{\"name\":\"Reda\u00e7\u00e3o\",\"@id\":\"https:\\\/\\\/ocoerente.com.br\\\/se\\\/#\\\/schema\\\/person\\\/cc6bfd9fbca465e23543b0c963d8d037\"},\"headline\":\"Ap\u00f3s den\u00fancia de Lilo Aben\u00e7oado, Minist\u00e9rio P\u00fablico aju\u00edza a\u00e7\u00e3o de Improbidade Administrativa contra prefeito Marcos Santana\",\"datePublished\":\"2024-01-13T04:08:49+00:00\",\"dateModified\":\"2024-01-13T04:08:50+00:00\",\"mainEntityOfPage\":{\"@id\":\"https:\\\/\\\/ocoerente.com.br\\\/se\\\/2024\\\/01\\\/13\\\/apos-denuncia-de-lilo-abencoado-ministerio-publico-ajuiza-acao-de-improbidade-administrativa-contra-prefeito-marcos-santana\\\/\"},\"wordCount\":387,\"publisher\":{\"@id\":\"https:\\\/\\\/ocoerente.com.br\\\/se\\\/#\\\/schema\\\/person\\\/cc6bfd9fbca465e23543b0c963d8d037\"},\"image\":{\"@id\":\"https:\\\/\\\/ocoerente.com.br\\\/se\\\/2024\\\/01\\\/13\\\/apos-denuncia-de-lilo-abencoado-ministerio-publico-ajuiza-acao-de-improbidade-administrativa-contra-prefeito-marcos-santana\\\/#primaryimage\"},\"thumbnailUrl\":\"https:\\\/\\\/ocoerente.com.br\\\/se\\\/wp-content\\\/uploads\\\/2024\\\/01\\\/Ministerio-Publico.jpg\",\"articleSection\":[\"Destaques\",\"Sergipe\"],\"inLanguage\":\"pt-BR\"},{\"@type\":\"WebPage\",\"@id\":\"https:\\\/\\\/ocoerente.com.br\\\/se\\\/2024\\\/01\\\/13\\\/apos-denuncia-de-lilo-abencoado-ministerio-publico-ajuiza-acao-de-improbidade-administrativa-contra-prefeito-marcos-santana\\\/\",\"url\":\"https:\\\/\\\/ocoerente.com.br\\\/se\\\/2024\\\/01\\\/13\\\/apos-denuncia-de-lilo-abencoado-ministerio-publico-ajuiza-acao-de-improbidade-administrativa-contra-prefeito-marcos-santana\\\/\",\"name\":\"Ap\u00f3s den\u00fancia de Lilo Aben\u00e7oado, Minist\u00e9rio P\u00fablico aju\u00edza a\u00e7\u00e3o de Improbidade Administrativa contra prefeito Marcos Santana - O Coerente\",\"isPartOf\":{\"@id\":\"https:\\\/\\\/ocoerente.com.br\\\/se\\\/#website\"},\"primaryImageOfPage\":{\"@id\":\"https:\\\/\\\/ocoerente.com.br\\\/se\\\/2024\\\/01\\\/13\\\/apos-denuncia-de-lilo-abencoado-ministerio-publico-ajuiza-acao-de-improbidade-administrativa-contra-prefeito-marcos-santana\\\/#primaryimage\"},\"image\":{\"@id\":\"https:\\\/\\\/ocoerente.com.br\\\/se\\\/2024\\\/01\\\/13\\\/apos-denuncia-de-lilo-abencoado-ministerio-publico-ajuiza-acao-de-improbidade-administrativa-contra-prefeito-marcos-santana\\\/#primaryimage\"},\"thumbnailUrl\":\"https:\\\/\\\/ocoerente.com.br\\\/se\\\/wp-content\\\/uploads\\\/2024\\\/01\\\/Ministerio-Publico.jpg\",\"datePublished\":\"2024-01-13T04:08:49+00:00\",\"dateModified\":\"2024-01-13T04:08:50+00:00\",\"breadcrumb\":{\"@id\":\"https:\\\/\\\/ocoerente.com.br\\\/se\\\/2024\\\/01\\\/13\\\/apos-denuncia-de-lilo-abencoado-ministerio-publico-ajuiza-acao-de-improbidade-administrativa-contra-prefeito-marcos-santana\\\/#breadcrumb\"},\"inLanguage\":\"pt-BR\",\"potentialAction\":[{\"@type\":\"ReadAction\",\"target\":[\"https:\\\/\\\/ocoerente.com.br\\\/se\\\/2024\\\/01\\\/13\\\/apos-denuncia-de-lilo-abencoado-ministerio-publico-ajuiza-acao-de-improbidade-administrativa-contra-prefeito-marcos-santana\\\/\"]}]},{\"@type\":\"ImageObject\",\"inLanguage\":\"pt-BR\",\"@id\":\"https:\\\/\\\/ocoerente.com.br\\\/se\\\/2024\\\/01\\\/13\\\/apos-denuncia-de-lilo-abencoado-ministerio-publico-ajuiza-acao-de-improbidade-administrativa-contra-prefeito-marcos-santana\\\/#primaryimage\",\"url\":\"https:\\\/\\\/ocoerente.com.br\\\/se\\\/wp-content\\\/uploads\\\/2024\\\/01\\\/Ministerio-Publico.jpg\",\"contentUrl\":\"https:\\\/\\\/ocoerente.com.br\\\/se\\\/wp-content\\\/uploads\\\/2024\\\/01\\\/Ministerio-Publico.jpg\",\"width\":737,\"height\":485},{\"@type\":\"BreadcrumbList\",\"@id\":\"https:\\\/\\\/ocoerente.com.br\\\/se\\\/2024\\\/01\\\/13\\\/apos-denuncia-de-lilo-abencoado-ministerio-publico-ajuiza-acao-de-improbidade-administrativa-contra-prefeito-marcos-santana\\\/#breadcrumb\",\"itemListElement\":[{\"@type\":\"ListItem\",\"position\":1,\"name\":\"In\u00edcio\",\"item\":\"https:\\\/\\\/ocoerente.com.br\\\/se\\\/\"},{\"@type\":\"ListItem\",\"position\":2,\"name\":\"Ap\u00f3s den\u00fancia de Lilo Aben\u00e7oado, Minist\u00e9rio P\u00fablico aju\u00edza a\u00e7\u00e3o de Improbidade Administrativa contra prefeito Marcos Santana\"}]},{\"@type\":\"WebSite\",\"@id\":\"https:\\\/\\\/ocoerente.com.br\\\/se\\\/#website\",\"url\":\"https:\\\/\\\/ocoerente.com.br\\\/se\\\/\",\"name\":\"O Coerente\",\"description\":\"\",\"publisher\":{\"@id\":\"https:\\\/\\\/ocoerente.com.br\\\/se\\\/#\\\/schema\\\/person\\\/cc6bfd9fbca465e23543b0c963d8d037\"},\"potentialAction\":[{\"@type\":\"SearchAction\",\"target\":{\"@type\":\"EntryPoint\",\"urlTemplate\":\"https:\\\/\\\/ocoerente.com.br\\\/se\\\/?s={search_term_string}\"},\"query-input\":{\"@type\":\"PropertyValueSpecification\",\"valueRequired\":true,\"valueName\":\"search_term_string\"}}],\"inLanguage\":\"pt-BR\"},{\"@type\":[\"Person\",\"Organization\"],\"@id\":\"https:\\\/\\\/ocoerente.com.br\\\/se\\\/#\\\/schema\\\/person\\\/cc6bfd9fbca465e23543b0c963d8d037\",\"name\":\"Reda\u00e7\u00e3o\",\"image\":{\"@type\":\"ImageObject\",\"inLanguage\":\"pt-BR\",\"@id\":\"https:\\\/\\\/ocoerente.com.br\\\/se\\\/wp-content\\\/uploads\\\/2020\\\/01\\\/ocoerente-1.png\",\"url\":\"https:\\\/\\\/ocoerente.com.br\\\/se\\\/wp-content\\\/uploads\\\/2020\\\/01\\\/ocoerente-1.png\",\"contentUrl\":\"https:\\\/\\\/ocoerente.com.br\\\/se\\\/wp-content\\\/uploads\\\/2020\\\/01\\\/ocoerente-1.png\",\"width\":50,\"height\":50,\"caption\":\"Reda\u00e7\u00e3o\"},\"logo\":{\"@id\":\"https:\\\/\\\/ocoerente.com.br\\\/se\\\/wp-content\\\/uploads\\\/2020\\\/01\\\/ocoerente-1.png\"},\"url\":\"https:\\\/\\\/ocoerente.com.br\\\/se\\\/author\\\/vasticlsales\\\/\"}]}<\/script>\n<!-- \/ Yoast SEO plugin. -->","yoast_head_json":{"title":"Ap\u00f3s den\u00fancia de Lilo Aben\u00e7oado, Minist\u00e9rio P\u00fablico aju\u00edza a\u00e7\u00e3o de Improbidade Administrativa contra prefeito Marcos Santana - O Coerente","robots":{"index":"index","follow":"follow","max-snippet":"max-snippet:-1","max-image-preview":"max-image-preview:large","max-video-preview":"max-video-preview:-1"},"canonical":"https:\/\/ocoerente.com.br\/se\/2024\/01\/13\/apos-denuncia-de-lilo-abencoado-ministerio-publico-ajuiza-acao-de-improbidade-administrativa-contra-prefeito-marcos-santana\/","og_locale":"pt_BR","og_type":"article","og_title":"Ap\u00f3s den\u00fancia de Lilo Aben\u00e7oado, Minist\u00e9rio P\u00fablico aju\u00edza a\u00e7\u00e3o de Improbidade Administrativa contra prefeito Marcos Santana - O Coerente","og_description":"A a\u00e7\u00e3o refere-se a contrata\u00e7\u00e3o da empresa Pau Viola Produ\u00e7\u00f5es Art\u00edsticas para a organiza\u00e7\u00e3o de eventos no munic\u00edpio de S\u00e3o Crist\u00f3v\u00e3o Por Uilliam Pinheiro O prefeito de S\u00e3o Cristov\u00e3o, Marcos Santana (MDB), \u00e9 alvo de uma A\u00e7\u00e3o por Pr\u00e1tica de Ato de Improbidade Administrativa movida pelo Minist\u00e9rio P\u00fablico de Sergipe. A a\u00e7\u00e3o refere-se a contrata\u00e7\u00e3o [&hellip;]","og_url":"https:\/\/ocoerente.com.br\/se\/2024\/01\/13\/apos-denuncia-de-lilo-abencoado-ministerio-publico-ajuiza-acao-de-improbidade-administrativa-contra-prefeito-marcos-santana\/","og_site_name":"O Coerente","article_published_time":"2024-01-13T04:08:49+00:00","article_modified_time":"2024-01-13T04:08:50+00:00","og_image":[{"width":737,"height":485,"url":"https:\/\/ocoerente.com.br\/se\/wp-content\/uploads\/2024\/01\/Ministerio-Publico.jpg","type":"image\/jpeg"}],"author":"Reda\u00e7\u00e3o","twitter_card":"summary_large_image","twitter_misc":{"Escrito por":"Reda\u00e7\u00e3o","Est. tempo de leitura":"2 minutos"},"schema":{"@context":"https:\/\/schema.org","@graph":[{"@type":"Article","@id":"https:\/\/ocoerente.com.br\/se\/2024\/01\/13\/apos-denuncia-de-lilo-abencoado-ministerio-publico-ajuiza-acao-de-improbidade-administrativa-contra-prefeito-marcos-santana\/#article","isPartOf":{"@id":"https:\/\/ocoerente.com.br\/se\/2024\/01\/13\/apos-denuncia-de-lilo-abencoado-ministerio-publico-ajuiza-acao-de-improbidade-administrativa-contra-prefeito-marcos-santana\/"},"author":{"name":"Reda\u00e7\u00e3o","@id":"https:\/\/ocoerente.com.br\/se\/#\/schema\/person\/cc6bfd9fbca465e23543b0c963d8d037"},"headline":"Ap\u00f3s den\u00fancia de Lilo Aben\u00e7oado, Minist\u00e9rio P\u00fablico aju\u00edza a\u00e7\u00e3o de Improbidade Administrativa contra prefeito Marcos Santana","datePublished":"2024-01-13T04:08:49+00:00","dateModified":"2024-01-13T04:08:50+00:00","mainEntityOfPage":{"@id":"https:\/\/ocoerente.com.br\/se\/2024\/01\/13\/apos-denuncia-de-lilo-abencoado-ministerio-publico-ajuiza-acao-de-improbidade-administrativa-contra-prefeito-marcos-santana\/"},"wordCount":387,"publisher":{"@id":"https:\/\/ocoerente.com.br\/se\/#\/schema\/person\/cc6bfd9fbca465e23543b0c963d8d037"},"image":{"@id":"https:\/\/ocoerente.com.br\/se\/2024\/01\/13\/apos-denuncia-de-lilo-abencoado-ministerio-publico-ajuiza-acao-de-improbidade-administrativa-contra-prefeito-marcos-santana\/#primaryimage"},"thumbnailUrl":"https:\/\/ocoerente.com.br\/se\/wp-content\/uploads\/2024\/01\/Ministerio-Publico.jpg","articleSection":["Destaques","Sergipe"],"inLanguage":"pt-BR"},{"@type":"WebPage","@id":"https:\/\/ocoerente.com.br\/se\/2024\/01\/13\/apos-denuncia-de-lilo-abencoado-ministerio-publico-ajuiza-acao-de-improbidade-administrativa-contra-prefeito-marcos-santana\/","url":"https:\/\/ocoerente.com.br\/se\/2024\/01\/13\/apos-denuncia-de-lilo-abencoado-ministerio-publico-ajuiza-acao-de-improbidade-administrativa-contra-prefeito-marcos-santana\/","name":"Ap\u00f3s den\u00fancia de Lilo Aben\u00e7oado, Minist\u00e9rio P\u00fablico aju\u00edza a\u00e7\u00e3o de Improbidade Administrativa contra prefeito Marcos Santana - O Coerente","isPartOf":{"@id":"https:\/\/ocoerente.com.br\/se\/#website"},"primaryImageOfPage":{"@id":"https:\/\/ocoerente.com.br\/se\/2024\/01\/13\/apos-denuncia-de-lilo-abencoado-ministerio-publico-ajuiza-acao-de-improbidade-administrativa-contra-prefeito-marcos-santana\/#primaryimage"},"image":{"@id":"https:\/\/ocoerente.com.br\/se\/2024\/01\/13\/apos-denuncia-de-lilo-abencoado-ministerio-publico-ajuiza-acao-de-improbidade-administrativa-contra-prefeito-marcos-santana\/#primaryimage"},"thumbnailUrl":"https:\/\/ocoerente.com.br\/se\/wp-content\/uploads\/2024\/01\/Ministerio-Publico.jpg","datePublished":"2024-01-13T04:08:49+00:00","dateModified":"2024-01-13T04:08:50+00:00","breadcrumb":{"@id":"https:\/\/ocoerente.com.br\/se\/2024\/01\/13\/apos-denuncia-de-lilo-abencoado-ministerio-publico-ajuiza-acao-de-improbidade-administrativa-contra-prefeito-marcos-santana\/#breadcrumb"},"inLanguage":"pt-BR","potentialAction":[{"@type":"ReadAction","target":["https:\/\/ocoerente.com.br\/se\/2024\/01\/13\/apos-denuncia-de-lilo-abencoado-ministerio-publico-ajuiza-acao-de-improbidade-administrativa-contra-prefeito-marcos-santana\/"]}]},{"@type":"ImageObject","inLanguage":"pt-BR","@id":"https:\/\/ocoerente.com.br\/se\/2024\/01\/13\/apos-denuncia-de-lilo-abencoado-ministerio-publico-ajuiza-acao-de-improbidade-administrativa-contra-prefeito-marcos-santana\/#primaryimage","url":"https:\/\/ocoerente.com.br\/se\/wp-content\/uploads\/2024\/01\/Ministerio-Publico.jpg","contentUrl":"https:\/\/ocoerente.com.br\/se\/wp-content\/uploads\/2024\/01\/Ministerio-Publico.jpg","width":737,"height":485},{"@type":"BreadcrumbList","@id":"https:\/\/ocoerente.com.br\/se\/2024\/01\/13\/apos-denuncia-de-lilo-abencoado-ministerio-publico-ajuiza-acao-de-improbidade-administrativa-contra-prefeito-marcos-santana\/#breadcrumb","itemListElement":[{"@type":"ListItem","position":1,"name":"In\u00edcio","item":"https:\/\/ocoerente.com.br\/se\/"},{"@type":"ListItem","position":2,"name":"Ap\u00f3s den\u00fancia de Lilo Aben\u00e7oado, Minist\u00e9rio P\u00fablico aju\u00edza a\u00e7\u00e3o de Improbidade Administrativa contra prefeito Marcos Santana"}]},{"@type":"WebSite","@id":"https:\/\/ocoerente.com.br\/se\/#website","url":"https:\/\/ocoerente.com.br\/se\/","name":"O Coerente","description":"","publisher":{"@id":"https:\/\/ocoerente.com.br\/se\/#\/schema\/person\/cc6bfd9fbca465e23543b0c963d8d037"},"potentialAction":[{"@type":"SearchAction","target":{"@type":"EntryPoint","urlTemplate":"https:\/\/ocoerente.com.br\/se\/?s={search_term_string}"},"query-input":{"@type":"PropertyValueSpecification","valueRequired":true,"valueName":"search_term_string"}}],"inLanguage":"pt-BR"},{"@type":["Person","Organization"],"@id":"https:\/\/ocoerente.com.br\/se\/#\/schema\/person\/cc6bfd9fbca465e23543b0c963d8d037","name":"Reda\u00e7\u00e3o","image":{"@type":"ImageObject","inLanguage":"pt-BR","@id":"https:\/\/ocoerente.com.br\/se\/wp-content\/uploads\/2020\/01\/ocoerente-1.png","url":"https:\/\/ocoerente.com.br\/se\/wp-content\/uploads\/2020\/01\/ocoerente-1.png","contentUrl":"https:\/\/ocoerente.com.br\/se\/wp-content\/uploads\/2020\/01\/ocoerente-1.png","width":50,"height":50,"caption":"Reda\u00e7\u00e3o"},"logo":{"@id":"https:\/\/ocoerente.com.br\/se\/wp-content\/uploads\/2020\/01\/ocoerente-1.png"},"url":"https:\/\/ocoerente.com.br\/se\/author\/vasticlsales\/"}]}},"_links":{"self":[{"href":"https:\/\/ocoerente.com.br\/se\/wp-json\/wp\/v2\/posts\/7796","targetHints":{"allow":["GET"]}}],"collection":[{"href":"https:\/\/ocoerente.com.br\/se\/wp-json\/wp\/v2\/posts"}],"about":[{"href":"https:\/\/ocoerente.com.br\/se\/wp-json\/wp\/v2\/types\/post"}],"author":[{"embeddable":true,"href":"https:\/\/ocoerente.com.br\/se\/wp-json\/wp\/v2\/users\/1"}],"replies":[{"embeddable":true,"href":"https:\/\/ocoerente.com.br\/se\/wp-json\/wp\/v2\/comments?post=7796"}],"version-history":[{"count":1,"href":"https:\/\/ocoerente.com.br\/se\/wp-json\/wp\/v2\/posts\/7796\/revisions"}],"predecessor-version":[{"id":7799,"href":"https:\/\/ocoerente.com.br\/se\/wp-json\/wp\/v2\/posts\/7796\/revisions\/7799"}],"wp:featuredmedia":[{"embeddable":true,"href":"https:\/\/ocoerente.com.br\/se\/wp-json\/wp\/v2\/media\/7797"}],"wp:attachment":[{"href":"https:\/\/ocoerente.com.br\/se\/wp-json\/wp\/v2\/media?parent=7796"}],"wp:term":[{"taxonomy":"category","embeddable":true,"href":"https:\/\/ocoerente.com.br\/se\/wp-json\/wp\/v2\/categories?post=7796"},{"taxonomy":"post_tag","embeddable":true,"href":"https:\/\/ocoerente.com.br\/se\/wp-json\/wp\/v2\/tags?post=7796"}],"curies":[{"name":"wp","href":"https:\/\/api.w.org\/{rel}","templated":true}]}}