{"id":7793,"date":"2024-01-13T01:03:55","date_gmt":"2024-01-13T04:03:55","guid":{"rendered":"https:\/\/ocoerente.com.br\/se\/?p=7793"},"modified":"2024-01-13T01:03:56","modified_gmt":"2024-01-13T04:03:56","slug":"verao-sergipe-ja-aquece-cadeia-economica-no-estado","status":"publish","type":"post","link":"https:\/\/ocoerente.com.br\/se\/2024\/01\/13\/verao-sergipe-ja-aquece-cadeia-economica-no-estado\/","title":{"rendered":"Ver\u00e3o Sergipe j\u00e1 aquece cadeia econ\u00f4mica no estado"},"content":{"rendered":"\n<p><em>Governo tem investido na realiza\u00e7\u00e3o de grandes eventos como ferramenta de fomento ao turismo e \u00e0 economia<\/em><\/p>\n\n\n\n<p>A incorpora\u00e7\u00e3o do turismo como pol\u00edtica governamental tem sido uma estrat\u00e9gia adotada pelo Governo de Sergipe sob a perspectiva de fortalecer o setor econ\u00f4mico no estado. Demonstra\u00e7\u00e3o disso \u00e9 o constante investimento da gest\u00e3o estadual na realiza\u00e7\u00e3o de grandes eventos, a exemplo dos bem sucedidos Arrai\u00e1 do Povo, no per\u00edodo junino, e Vila do Natal Iluminado, na \u00e9poca natalina, que atra\u00edram milhares de turistas para o estado. Com a chegada do Ver\u00e3o Sergipe neste fim de semana &#8211; 12, 13 e 14 de janeiro -, a expectativa \u00e9 levar o sucesso obtido na capital sergipana para os munic\u00edpios do interior sergipano, aquecendo a economia regional e gerando emprego e renda para a popula\u00e7\u00e3o.<\/p>\n\n\n\n<p>\u00c9 o que explica o coordenador do Observat\u00f3rio de Sergipe, o economista Ciro Brasil. \u201cA aposta de trabalhar com o interior do estado \u00e9 justamente para desconcentrar o investimento do governo e o desenvolvimento apenas na regi\u00e3o metropolitana de Aracaju, e \u00e9 fundamental desenvolver o interior, principalmente a cadeia tur\u00edstica. H\u00e1 uma aposta, nesse sentido, de que esses eventos em Canind\u00e9, em Pirambu e nos outros destinos ajudem a consolidar cada vez mais essas rotas tur\u00edsticas, e a expectativa \u00e9 que, a cada ano, com o sucesso do evento, v\u00e1 aumentando ainda mais o fluxo de turistas. O com\u00e9rcio local desses munic\u00edpios vai ser muito beneficiado tamb\u00e9m\u201d, indica.<\/p>\n\n\n\n<p>Vinculado \u00e0 Secretaria de Estado da Casa Civil (SECC), o Observat\u00f3rio de Sergipe desenvolve diversos estudos e levantamentos de dados sobre o estado, inclusive sobre o setor socioecon\u00f4mico. Como parte desse trabalho, o Observat\u00f3rio realizou, durante o per\u00edodo junino, um estudo sobre o impacto do Arrai\u00e1 do Povo na economia sergipana, que apontou para o aumento na arrecada\u00e7\u00e3o do Imposto sobre Circula\u00e7\u00e3o de Mercadorias e Presta\u00e7\u00e3o de Servi\u00e7os (ICMS) de R$ 26,7 milh\u00f5es, tr\u00eas mil postos de trabalho e crescimento de 92% na movimenta\u00e7\u00e3o do com\u00e9rcio. \u201cA exemplo do que aconteceu no Arrai\u00e1 do Povo, eventos desse porte trazem grandes impactos para a economia local, principalmente nos setores atrelados ao lazer e ao turismo. Temos a movimenta\u00e7\u00e3o nos bares e restaurantes, no setor de distribui\u00e7\u00e3o de bebidas, em mercados, sal\u00f5es de beleza, e com a atra\u00e7\u00e3o de turistas, tamb\u00e9m movimentamos toda uma cadeia de hot\u00e9is, pousadas e transfers, tanto do turista de fora quanto do turista de dentro de Sergipe, al\u00e9m da venda de artesanato local\u201d, detalha Ciro Brasil.<\/p>\n\n\n\n<p>Ainda de acordo com o coordenador do Observat\u00f3rio de Sergipe, al\u00e9m dos setores diretamente ligados ao turismo e ao lazer, \u00e9 esperado que tamb\u00e9m exista a movimenta\u00e7\u00e3o de toda uma cadeia econ\u00f4mica. \u201cO ambulante compra bebida no distribuidor, e o distribuidor vai impactar na compra de bebidas das f\u00e1bricas. Eventos desse estilo trazem um grande ciclo virtuoso para a economia do estado, que vai desde a inclus\u00e3o de quem est\u00e1 na ponta, como o ambulante, at\u00e9 donos de com\u00e9rcios e f\u00e1bricas. E no contexto da arrecada\u00e7\u00e3o de impostos, h\u00e1 expectativa de um pequeno aumento para as prefeituras e, tamb\u00e9m, do ICMS estadual\u201d, complementa o economista.<\/p>\n\n\n\n<p><strong>Bares e restaurantes<\/strong><\/p>\n\n\n\n<p>Conforme indicado pelo coordenador do Observat\u00f3rio de Sergipe, um dos setores que tendem a ser beneficiados com o retorno do Ver\u00e3o Sergipe \u00e9 o gastron\u00f4mico. Para o presidente da Associa\u00e7\u00e3o Brasileira de Bares e Restaurantes (Abrasel) &#8211; Seccional Sergipe, Bruno D\u00f3ria, o evento deve n\u00e3o apenas movimentar economicamente o setor, mas tamb\u00e9m pode ocasionar na valoriza\u00e7\u00e3o da culin\u00e1ria local. \u201cQuando o governo valoriza e investe no turismo, consequentemente, estamos tamb\u00e9m mantendo nossa cultura sergipana ativa, cuidando das nossas receitas, das nossas produ\u00e7\u00f5es de marisco, de mangaba, de sabores, de elementos gastron\u00f4micos que d\u00e3o o sabor sergipano. Isso vem como consequ\u00eancia no nosso dia a dia, e com certeza \u00e9 um diferencial que a gente tem a oferecer a todo mundo\u201d, pondera D\u00f3ria.<\/p>\n\n\n\n<p>Nesse sentido, ele acredita que o sucesso obtido pelo setor nas festas de final de ano deve ser repetido com o Ver\u00e3o Sergipe. \u201cSer\u00e1 um evento com certeza grandioso, que vai movimentar muito a economia n\u00e3o s\u00f3 dos bares e restaurantes, mas tamb\u00e9m do empreendedor informal, de comidas diversas que a gente tem no nosso setor. As festas de fim de ano colocaram Sergipe no rol do turismo nacional, e isso ficou evidente, porque os pr\u00f3prios bares e restaurantes atenderam gente de todo o Brasil e, tamb\u00e9m, do exterior. Isso mostra que Sergipe est\u00e1 entrando no cen\u00e1rio nacional tur\u00edstico e, com certeza, para os bares e restaurantes, foi um fim de ano magn\u00edfico, com lota\u00e7\u00e3o m\u00e1xima\u201d, acrescenta.<\/p>\n\n\n\n<p><strong>Viagens<\/strong><\/p>\n\n\n\n<p>Nesta sexta-feira, 12, a Aena Brasil, empresa que administra o Aeroporto Internacional de Aracaju \u2013 Santa Maria, registrou aumento de 22,6% no n\u00famero de embarques e desembarques de passageiros no m\u00eas de dezembro de 2023, em compara\u00e7\u00e3o ao mesmo per\u00edodo do ano anterior.&nbsp;O percentual de aumento no \u00faltimo m\u00eas do ano passado equivale a 116.469 embarques e desembarques na unidade aeroportu\u00e1ria da capital sergipana. No acumulado dos 12 meses de 2023, o n\u00famero \u00e9 bastante expressivo e tamb\u00e9m impressiona: 1.175.823, o equivalente a um aumento de 22,3% em compara\u00e7\u00e3o ao acumulado de 2022.<\/p>\n\n\n\n<p>Na an\u00e1lise do presidente da Associa\u00e7\u00e3o Brasileira das Ag\u00eancias de Viagens em Sergipe (ABAV\/SE), Ravisson Souza, os eventos realizados pelo Governo do Estado, incluindo o Ver\u00e3o Sergipe, devem enriquecer&nbsp;o&nbsp;setor de viagens no estado,&nbsp;e em especial as ag\u00eancias de turismo. &#8220;O governo est\u00e1 consolidando o que vendeu l\u00e1 fora, nas feiras,&nbsp;divulgando o nosso estado, e agora est\u00e1 promovendo v\u00e1rios eventos, como o Ver\u00e3o Sergipe, que agregam bastante as ag\u00eancias de turismo, em especial as receptivas, porque os turistas est\u00e3o hospedados,&nbsp;as ag\u00eancias os levam para os passeios. Est\u00e1 sendo muito gratificante&#8221;, justifica.<\/p>\n\n\n\n<p><strong>Artesanato<\/strong><\/p>\n\n\n\n<p>Outro segmento que deve ser beneficiado pelo retorno do Ver\u00e3o Sergipe \u00e9 o artesanato local, uma vez que muitos turistas buscam adquirir produtos regionais como lembran\u00e7as da viagem. Na percep\u00e7\u00e3o da diretora de Artesanato da Secretaria de Estado do Trabalho, Emprego e Empreendedorismo (Seteem), Daiane Santana, o evento ser\u00e1 mais uma oportunidade viabilizada pelo Governo do Estado de enaltecer as particularidades do artesanato sergipano e de cada um dos munic\u00edpios visitados, fortalecendo a atividade econ\u00f4mica.<\/p>\n\n\n\n<p>\u201cO Ver\u00e3o Sergipe n\u00e3o s\u00f3 atrai turistas para as praias sergipanas, que s\u00e3o os nossos cart\u00f5es postais, mas acaba abrangendo o artesanato nesse contexto, pois envolve a identidade local de um povo. \u00c9 mais um processo de comercializa\u00e7\u00e3o do artesanato, de escoamento dos produtos locais, principalmente das cidades que receber\u00e3o o Ver\u00e3o Sergipe. \u00c9 um momento para enaltecermos, de fato, as potencialidades desses munic\u00edpios. O artesanato se configura nesse processo justamente porque ele \u00e9 rico, ele tem uma caracter\u00edstica muito espec\u00edfica\u201d, considera.<\/p>\n\n\n\n<p>se.gov.br<\/p>\n","protected":false},"excerpt":{"rendered":"<p>Governo tem investido na realiza\u00e7\u00e3o de grandes eventos como ferramenta de fomento ao turismo e \u00e0 economia A incorpora\u00e7\u00e3o do turismo como pol\u00edtica governamental tem sido uma estrat\u00e9gia adotada pelo Governo de Sergipe sob a perspectiva de fortalecer o setor econ\u00f4mico no estado. Demonstra\u00e7\u00e3o disso \u00e9 o constante investimento da gest\u00e3o estadual na realiza\u00e7\u00e3o de [&hellip;]<\/p>\n","protected":false},"author":1,"featured_media":7794,"comment_status":"closed","ping_status":"closed","sticky":false,"template":"","format":"standard","meta":{"footnotes":""},"categories":[53,55],"tags":[],"class_list":["post-7793","post","type-post","status-publish","format-standard","has-post-thumbnail","hentry","category-destaques","category-economia"],"yoast_head":"<!-- This site is optimized with the Yoast SEO plugin v27.4 - https:\/\/yoast.com\/product\/yoast-seo-wordpress\/ -->\n<title>Ver\u00e3o Sergipe j\u00e1 aquece cadeia econ\u00f4mica no estado - O Coerente<\/title>\n<meta name=\"robots\" content=\"index, follow, max-snippet:-1, max-image-preview:large, max-video-preview:-1\" \/>\n<link rel=\"canonical\" href=\"https:\/\/ocoerente.com.br\/se\/2024\/01\/13\/verao-sergipe-ja-aquece-cadeia-economica-no-estado\/\" \/>\n<meta property=\"og:locale\" content=\"pt_BR\" \/>\n<meta property=\"og:type\" content=\"article\" \/>\n<meta property=\"og:title\" content=\"Ver\u00e3o Sergipe j\u00e1 aquece cadeia econ\u00f4mica no estado - O Coerente\" \/>\n<meta property=\"og:description\" content=\"Governo tem investido na realiza\u00e7\u00e3o de grandes eventos como ferramenta de fomento ao turismo e \u00e0 economia A incorpora\u00e7\u00e3o do turismo como pol\u00edtica governamental tem sido uma estrat\u00e9gia adotada pelo Governo de Sergipe sob a perspectiva de fortalecer o setor econ\u00f4mico no estado. Demonstra\u00e7\u00e3o disso \u00e9 o constante investimento da gest\u00e3o estadual na realiza\u00e7\u00e3o de [&hellip;]\" \/>\n<meta property=\"og:url\" content=\"https:\/\/ocoerente.com.br\/se\/2024\/01\/13\/verao-sergipe-ja-aquece-cadeia-economica-no-estado\/\" \/>\n<meta property=\"og:site_name\" content=\"O Coerente\" \/>\n<meta property=\"article:published_time\" content=\"2024-01-13T04:03:55+00:00\" \/>\n<meta property=\"article:modified_time\" content=\"2024-01-13T04:03:56+00:00\" \/>\n<meta property=\"og:image\" content=\"https:\/\/ocoerente.com.br\/se\/wp-content\/uploads\/2024\/01\/pirambuuu.jpg\" \/>\n\t<meta property=\"og:image:width\" content=\"1100\" \/>\n\t<meta property=\"og:image:height\" content=\"610\" \/>\n\t<meta property=\"og:image:type\" content=\"image\/jpeg\" \/>\n<meta name=\"author\" content=\"Reda\u00e7\u00e3o\" \/>\n<meta name=\"twitter:card\" content=\"summary_large_image\" \/>\n<meta name=\"twitter:label1\" content=\"Escrito por\" \/>\n\t<meta name=\"twitter:data1\" content=\"Reda\u00e7\u00e3o\" \/>\n\t<meta name=\"twitter:label2\" content=\"Est. tempo de leitura\" \/>\n\t<meta name=\"twitter:data2\" content=\"6 minutos\" \/>\n<script type=\"application\/ld+json\" class=\"yoast-schema-graph\">{\"@context\":\"https:\\\/\\\/schema.org\",\"@graph\":[{\"@type\":\"Article\",\"@id\":\"https:\\\/\\\/ocoerente.com.br\\\/se\\\/2024\\\/01\\\/13\\\/verao-sergipe-ja-aquece-cadeia-economica-no-estado\\\/#article\",\"isPartOf\":{\"@id\":\"https:\\\/\\\/ocoerente.com.br\\\/se\\\/2024\\\/01\\\/13\\\/verao-sergipe-ja-aquece-cadeia-economica-no-estado\\\/\"},\"author\":{\"name\":\"Reda\u00e7\u00e3o\",\"@id\":\"https:\\\/\\\/ocoerente.com.br\\\/se\\\/#\\\/schema\\\/person\\\/cc6bfd9fbca465e23543b0c963d8d037\"},\"headline\":\"Ver\u00e3o Sergipe j\u00e1 aquece cadeia econ\u00f4mica no estado\",\"datePublished\":\"2024-01-13T04:03:55+00:00\",\"dateModified\":\"2024-01-13T04:03:56+00:00\",\"mainEntityOfPage\":{\"@id\":\"https:\\\/\\\/ocoerente.com.br\\\/se\\\/2024\\\/01\\\/13\\\/verao-sergipe-ja-aquece-cadeia-economica-no-estado\\\/\"},\"wordCount\":1200,\"publisher\":{\"@id\":\"https:\\\/\\\/ocoerente.com.br\\\/se\\\/#\\\/schema\\\/person\\\/cc6bfd9fbca465e23543b0c963d8d037\"},\"image\":{\"@id\":\"https:\\\/\\\/ocoerente.com.br\\\/se\\\/2024\\\/01\\\/13\\\/verao-sergipe-ja-aquece-cadeia-economica-no-estado\\\/#primaryimage\"},\"thumbnailUrl\":\"https:\\\/\\\/ocoerente.com.br\\\/se\\\/wp-content\\\/uploads\\\/2024\\\/01\\\/pirambuuu.jpg\",\"articleSection\":[\"Destaques\",\"Economia\"],\"inLanguage\":\"pt-BR\"},{\"@type\":\"WebPage\",\"@id\":\"https:\\\/\\\/ocoerente.com.br\\\/se\\\/2024\\\/01\\\/13\\\/verao-sergipe-ja-aquece-cadeia-economica-no-estado\\\/\",\"url\":\"https:\\\/\\\/ocoerente.com.br\\\/se\\\/2024\\\/01\\\/13\\\/verao-sergipe-ja-aquece-cadeia-economica-no-estado\\\/\",\"name\":\"Ver\u00e3o Sergipe j\u00e1 aquece cadeia econ\u00f4mica no estado - O Coerente\",\"isPartOf\":{\"@id\":\"https:\\\/\\\/ocoerente.com.br\\\/se\\\/#website\"},\"primaryImageOfPage\":{\"@id\":\"https:\\\/\\\/ocoerente.com.br\\\/se\\\/2024\\\/01\\\/13\\\/verao-sergipe-ja-aquece-cadeia-economica-no-estado\\\/#primaryimage\"},\"image\":{\"@id\":\"https:\\\/\\\/ocoerente.com.br\\\/se\\\/2024\\\/01\\\/13\\\/verao-sergipe-ja-aquece-cadeia-economica-no-estado\\\/#primaryimage\"},\"thumbnailUrl\":\"https:\\\/\\\/ocoerente.com.br\\\/se\\\/wp-content\\\/uploads\\\/2024\\\/01\\\/pirambuuu.jpg\",\"datePublished\":\"2024-01-13T04:03:55+00:00\",\"dateModified\":\"2024-01-13T04:03:56+00:00\",\"breadcrumb\":{\"@id\":\"https:\\\/\\\/ocoerente.com.br\\\/se\\\/2024\\\/01\\\/13\\\/verao-sergipe-ja-aquece-cadeia-economica-no-estado\\\/#breadcrumb\"},\"inLanguage\":\"pt-BR\",\"potentialAction\":[{\"@type\":\"ReadAction\",\"target\":[\"https:\\\/\\\/ocoerente.com.br\\\/se\\\/2024\\\/01\\\/13\\\/verao-sergipe-ja-aquece-cadeia-economica-no-estado\\\/\"]}]},{\"@type\":\"ImageObject\",\"inLanguage\":\"pt-BR\",\"@id\":\"https:\\\/\\\/ocoerente.com.br\\\/se\\\/2024\\\/01\\\/13\\\/verao-sergipe-ja-aquece-cadeia-economica-no-estado\\\/#primaryimage\",\"url\":\"https:\\\/\\\/ocoerente.com.br\\\/se\\\/wp-content\\\/uploads\\\/2024\\\/01\\\/pirambuuu.jpg\",\"contentUrl\":\"https:\\\/\\\/ocoerente.com.br\\\/se\\\/wp-content\\\/uploads\\\/2024\\\/01\\\/pirambuuu.jpg\",\"width\":1100,\"height\":610,\"caption\":\"Pirambu \\\/ Fotos: Arthuro Paganini\"},{\"@type\":\"BreadcrumbList\",\"@id\":\"https:\\\/\\\/ocoerente.com.br\\\/se\\\/2024\\\/01\\\/13\\\/verao-sergipe-ja-aquece-cadeia-economica-no-estado\\\/#breadcrumb\",\"itemListElement\":[{\"@type\":\"ListItem\",\"position\":1,\"name\":\"In\u00edcio\",\"item\":\"https:\\\/\\\/ocoerente.com.br\\\/se\\\/\"},{\"@type\":\"ListItem\",\"position\":2,\"name\":\"Ver\u00e3o Sergipe j\u00e1 aquece cadeia econ\u00f4mica no estado\"}]},{\"@type\":\"WebSite\",\"@id\":\"https:\\\/\\\/ocoerente.com.br\\\/se\\\/#website\",\"url\":\"https:\\\/\\\/ocoerente.com.br\\\/se\\\/\",\"name\":\"O Coerente\",\"description\":\"\",\"publisher\":{\"@id\":\"https:\\\/\\\/ocoerente.com.br\\\/se\\\/#\\\/schema\\\/person\\\/cc6bfd9fbca465e23543b0c963d8d037\"},\"potentialAction\":[{\"@type\":\"SearchAction\",\"target\":{\"@type\":\"EntryPoint\",\"urlTemplate\":\"https:\\\/\\\/ocoerente.com.br\\\/se\\\/?s={search_term_string}\"},\"query-input\":{\"@type\":\"PropertyValueSpecification\",\"valueRequired\":true,\"valueName\":\"search_term_string\"}}],\"inLanguage\":\"pt-BR\"},{\"@type\":[\"Person\",\"Organization\"],\"@id\":\"https:\\\/\\\/ocoerente.com.br\\\/se\\\/#\\\/schema\\\/person\\\/cc6bfd9fbca465e23543b0c963d8d037\",\"name\":\"Reda\u00e7\u00e3o\",\"image\":{\"@type\":\"ImageObject\",\"inLanguage\":\"pt-BR\",\"@id\":\"https:\\\/\\\/ocoerente.com.br\\\/se\\\/wp-content\\\/uploads\\\/2020\\\/01\\\/ocoerente-1.png\",\"url\":\"https:\\\/\\\/ocoerente.com.br\\\/se\\\/wp-content\\\/uploads\\\/2020\\\/01\\\/ocoerente-1.png\",\"contentUrl\":\"https:\\\/\\\/ocoerente.com.br\\\/se\\\/wp-content\\\/uploads\\\/2020\\\/01\\\/ocoerente-1.png\",\"width\":50,\"height\":50,\"caption\":\"Reda\u00e7\u00e3o\"},\"logo\":{\"@id\":\"https:\\\/\\\/ocoerente.com.br\\\/se\\\/wp-content\\\/uploads\\\/2020\\\/01\\\/ocoerente-1.png\"},\"url\":\"https:\\\/\\\/ocoerente.com.br\\\/se\\\/author\\\/vasticlsales\\\/\"}]}<\/script>\n<!-- \/ Yoast SEO plugin. -->","yoast_head_json":{"title":"Ver\u00e3o Sergipe j\u00e1 aquece cadeia econ\u00f4mica no estado - O Coerente","robots":{"index":"index","follow":"follow","max-snippet":"max-snippet:-1","max-image-preview":"max-image-preview:large","max-video-preview":"max-video-preview:-1"},"canonical":"https:\/\/ocoerente.com.br\/se\/2024\/01\/13\/verao-sergipe-ja-aquece-cadeia-economica-no-estado\/","og_locale":"pt_BR","og_type":"article","og_title":"Ver\u00e3o Sergipe j\u00e1 aquece cadeia econ\u00f4mica no estado - O Coerente","og_description":"Governo tem investido na realiza\u00e7\u00e3o de grandes eventos como ferramenta de fomento ao turismo e \u00e0 economia A incorpora\u00e7\u00e3o do turismo como pol\u00edtica governamental tem sido uma estrat\u00e9gia adotada pelo Governo de Sergipe sob a perspectiva de fortalecer o setor econ\u00f4mico no estado. Demonstra\u00e7\u00e3o disso \u00e9 o constante investimento da gest\u00e3o estadual na realiza\u00e7\u00e3o de [&hellip;]","og_url":"https:\/\/ocoerente.com.br\/se\/2024\/01\/13\/verao-sergipe-ja-aquece-cadeia-economica-no-estado\/","og_site_name":"O Coerente","article_published_time":"2024-01-13T04:03:55+00:00","article_modified_time":"2024-01-13T04:03:56+00:00","og_image":[{"width":1100,"height":610,"url":"https:\/\/ocoerente.com.br\/se\/wp-content\/uploads\/2024\/01\/pirambuuu.jpg","type":"image\/jpeg"}],"author":"Reda\u00e7\u00e3o","twitter_card":"summary_large_image","twitter_misc":{"Escrito por":"Reda\u00e7\u00e3o","Est. tempo de leitura":"6 minutos"},"schema":{"@context":"https:\/\/schema.org","@graph":[{"@type":"Article","@id":"https:\/\/ocoerente.com.br\/se\/2024\/01\/13\/verao-sergipe-ja-aquece-cadeia-economica-no-estado\/#article","isPartOf":{"@id":"https:\/\/ocoerente.com.br\/se\/2024\/01\/13\/verao-sergipe-ja-aquece-cadeia-economica-no-estado\/"},"author":{"name":"Reda\u00e7\u00e3o","@id":"https:\/\/ocoerente.com.br\/se\/#\/schema\/person\/cc6bfd9fbca465e23543b0c963d8d037"},"headline":"Ver\u00e3o Sergipe j\u00e1 aquece cadeia econ\u00f4mica no estado","datePublished":"2024-01-13T04:03:55+00:00","dateModified":"2024-01-13T04:03:56+00:00","mainEntityOfPage":{"@id":"https:\/\/ocoerente.com.br\/se\/2024\/01\/13\/verao-sergipe-ja-aquece-cadeia-economica-no-estado\/"},"wordCount":1200,"publisher":{"@id":"https:\/\/ocoerente.com.br\/se\/#\/schema\/person\/cc6bfd9fbca465e23543b0c963d8d037"},"image":{"@id":"https:\/\/ocoerente.com.br\/se\/2024\/01\/13\/verao-sergipe-ja-aquece-cadeia-economica-no-estado\/#primaryimage"},"thumbnailUrl":"https:\/\/ocoerente.com.br\/se\/wp-content\/uploads\/2024\/01\/pirambuuu.jpg","articleSection":["Destaques","Economia"],"inLanguage":"pt-BR"},{"@type":"WebPage","@id":"https:\/\/ocoerente.com.br\/se\/2024\/01\/13\/verao-sergipe-ja-aquece-cadeia-economica-no-estado\/","url":"https:\/\/ocoerente.com.br\/se\/2024\/01\/13\/verao-sergipe-ja-aquece-cadeia-economica-no-estado\/","name":"Ver\u00e3o Sergipe j\u00e1 aquece cadeia econ\u00f4mica no estado - O Coerente","isPartOf":{"@id":"https:\/\/ocoerente.com.br\/se\/#website"},"primaryImageOfPage":{"@id":"https:\/\/ocoerente.com.br\/se\/2024\/01\/13\/verao-sergipe-ja-aquece-cadeia-economica-no-estado\/#primaryimage"},"image":{"@id":"https:\/\/ocoerente.com.br\/se\/2024\/01\/13\/verao-sergipe-ja-aquece-cadeia-economica-no-estado\/#primaryimage"},"thumbnailUrl":"https:\/\/ocoerente.com.br\/se\/wp-content\/uploads\/2024\/01\/pirambuuu.jpg","datePublished":"2024-01-13T04:03:55+00:00","dateModified":"2024-01-13T04:03:56+00:00","breadcrumb":{"@id":"https:\/\/ocoerente.com.br\/se\/2024\/01\/13\/verao-sergipe-ja-aquece-cadeia-economica-no-estado\/#breadcrumb"},"inLanguage":"pt-BR","potentialAction":[{"@type":"ReadAction","target":["https:\/\/ocoerente.com.br\/se\/2024\/01\/13\/verao-sergipe-ja-aquece-cadeia-economica-no-estado\/"]}]},{"@type":"ImageObject","inLanguage":"pt-BR","@id":"https:\/\/ocoerente.com.br\/se\/2024\/01\/13\/verao-sergipe-ja-aquece-cadeia-economica-no-estado\/#primaryimage","url":"https:\/\/ocoerente.com.br\/se\/wp-content\/uploads\/2024\/01\/pirambuuu.jpg","contentUrl":"https:\/\/ocoerente.com.br\/se\/wp-content\/uploads\/2024\/01\/pirambuuu.jpg","width":1100,"height":610,"caption":"Pirambu \/ Fotos: Arthuro Paganini"},{"@type":"BreadcrumbList","@id":"https:\/\/ocoerente.com.br\/se\/2024\/01\/13\/verao-sergipe-ja-aquece-cadeia-economica-no-estado\/#breadcrumb","itemListElement":[{"@type":"ListItem","position":1,"name":"In\u00edcio","item":"https:\/\/ocoerente.com.br\/se\/"},{"@type":"ListItem","position":2,"name":"Ver\u00e3o Sergipe j\u00e1 aquece cadeia econ\u00f4mica no estado"}]},{"@type":"WebSite","@id":"https:\/\/ocoerente.com.br\/se\/#website","url":"https:\/\/ocoerente.com.br\/se\/","name":"O Coerente","description":"","publisher":{"@id":"https:\/\/ocoerente.com.br\/se\/#\/schema\/person\/cc6bfd9fbca465e23543b0c963d8d037"},"potentialAction":[{"@type":"SearchAction","target":{"@type":"EntryPoint","urlTemplate":"https:\/\/ocoerente.com.br\/se\/?s={search_term_string}"},"query-input":{"@type":"PropertyValueSpecification","valueRequired":true,"valueName":"search_term_string"}}],"inLanguage":"pt-BR"},{"@type":["Person","Organization"],"@id":"https:\/\/ocoerente.com.br\/se\/#\/schema\/person\/cc6bfd9fbca465e23543b0c963d8d037","name":"Reda\u00e7\u00e3o","image":{"@type":"ImageObject","inLanguage":"pt-BR","@id":"https:\/\/ocoerente.com.br\/se\/wp-content\/uploads\/2020\/01\/ocoerente-1.png","url":"https:\/\/ocoerente.com.br\/se\/wp-content\/uploads\/2020\/01\/ocoerente-1.png","contentUrl":"https:\/\/ocoerente.com.br\/se\/wp-content\/uploads\/2020\/01\/ocoerente-1.png","width":50,"height":50,"caption":"Reda\u00e7\u00e3o"},"logo":{"@id":"https:\/\/ocoerente.com.br\/se\/wp-content\/uploads\/2020\/01\/ocoerente-1.png"},"url":"https:\/\/ocoerente.com.br\/se\/author\/vasticlsales\/"}]}},"_links":{"self":[{"href":"https:\/\/ocoerente.com.br\/se\/wp-json\/wp\/v2\/posts\/7793","targetHints":{"allow":["GET"]}}],"collection":[{"href":"https:\/\/ocoerente.com.br\/se\/wp-json\/wp\/v2\/posts"}],"about":[{"href":"https:\/\/ocoerente.com.br\/se\/wp-json\/wp\/v2\/types\/post"}],"author":[{"embeddable":true,"href":"https:\/\/ocoerente.com.br\/se\/wp-json\/wp\/v2\/users\/1"}],"replies":[{"embeddable":true,"href":"https:\/\/ocoerente.com.br\/se\/wp-json\/wp\/v2\/comments?post=7793"}],"version-history":[{"count":1,"href":"https:\/\/ocoerente.com.br\/se\/wp-json\/wp\/v2\/posts\/7793\/revisions"}],"predecessor-version":[{"id":7795,"href":"https:\/\/ocoerente.com.br\/se\/wp-json\/wp\/v2\/posts\/7793\/revisions\/7795"}],"wp:featuredmedia":[{"embeddable":true,"href":"https:\/\/ocoerente.com.br\/se\/wp-json\/wp\/v2\/media\/7794"}],"wp:attachment":[{"href":"https:\/\/ocoerente.com.br\/se\/wp-json\/wp\/v2\/media?parent=7793"}],"wp:term":[{"taxonomy":"category","embeddable":true,"href":"https:\/\/ocoerente.com.br\/se\/wp-json\/wp\/v2\/categories?post=7793"},{"taxonomy":"post_tag","embeddable":true,"href":"https:\/\/ocoerente.com.br\/se\/wp-json\/wp\/v2\/tags?post=7793"}],"curies":[{"name":"wp","href":"https:\/\/api.w.org\/{rel}","templated":true}]}}