{"id":7790,"date":"2024-01-13T01:01:50","date_gmt":"2024-01-13T04:01:50","guid":{"rendered":"https:\/\/ocoerente.com.br\/se\/?p=7790"},"modified":"2024-01-13T01:01:51","modified_gmt":"2024-01-13T04:01:51","slug":"governador-fabio-mitidieri-acompanha-vistoria-da-estrutura-do-verao-sergipe-2024-na-caueira","status":"publish","type":"post","link":"https:\/\/ocoerente.com.br\/se\/2024\/01\/13\/governador-fabio-mitidieri-acompanha-vistoria-da-estrutura-do-verao-sergipe-2024-na-caueira\/","title":{"rendered":"Governador F\u00e1bio Mitidieri acompanha vistoria da estrutura do Ver\u00e3o Sergipe 2024 na Caueira"},"content":{"rendered":"\n<p><em>Planejamento de seguran\u00e7a e sa\u00fade e organiza\u00e7\u00e3o estrutural foram passados em vista no munic\u00edpio de Itaporanga d\u2019Ajuda, que sedia a programa\u00e7\u00e3o de 12 a 14 de janeiro<\/em><\/p>\n\n\n\n<p>Com tudo pronto para o in\u00edcio do Ver\u00e3o Sergipe 2024, foi realizada na manh\u00e3 desta sexta-feira, 12, a vistoria de toda a estrutura do evento na praia da Caueira, em Itaporanga d\u2019Ajuda. Desta sexta at\u00e9 o domingo, 14, a Caueira sediar\u00e1 shows musicais e competi\u00e7\u00f5es esportivas, em uma programa\u00e7\u00e3o voltada \u00e0 celebra\u00e7\u00e3o da esta\u00e7\u00e3o e ao fomento do turismo no interior. O governador F\u00e1bio Mitidieri acompanhou o trabalho, ressaltando a expectativa geral de sucesso no evento.&nbsp;<\/p>\n\n\n\n<p>Durante a vistoria, foram observados desde aspectos estruturais, como as montagens de palco, camarote, som e ilumina\u00e7\u00e3o, at\u00e9 elementos organizacionais, como a disposi\u00e7\u00e3o das equipes de sa\u00fade e seguran\u00e7a. De acordo com o governador F\u00e1bio Mitidieri, a vistoria sela a prepara\u00e7\u00e3o realizada h\u00e1 meses pelos diversos grupos de trabalho integrados na organiza\u00e7\u00e3o.<\/p>\n\n\n\n<p>\u201cO Ver\u00e3o Sergipe est\u00e1 come\u00e7ando com o p\u00e9 direito na Caueira, que \u00e9 uma praia bel\u00edssima. Teremos muito esporte pelo dia e muita cultura e arte pela noite, com shows de grandes artistas nacionais e sergipanos. Isso movimenta muito a nossa economia, j\u00e1 que o turismo \u00e9 a ind\u00fastria sem chamin\u00e9. Notamos o movimento dos comerciantes, agradecendo e preparando sua estrutura. A cidade respira o evento: \u00e9 a pousada que enche, \u00e9 a casa que aluga, \u00e9 o restaurante, \u00e9 a cabeleireira que vai arrumar quem est\u00e1 vindo. \u00c9 o Ver\u00e3o Sergipe, resgatado depois de dez anos\u201d, ressaltou.<\/p>\n\n\n\n<p>O evento \u00e9 fruto de um investimento de R$ 6 milh\u00f5es, com mais de 50 atra\u00e7\u00f5es sergipanas e nacionais, que deve impactar cerca de 200 mil pessoas em todos os munic\u00edpios que o receber\u00e3o. Criado em 2007, durante a gest\u00e3o do ent\u00e3o governador Marcelo D\u00e9da, o evento teve sua \u00faltima edi\u00e7\u00e3o realizada em 2013. Agora, a programa\u00e7\u00e3o \u00e9 trazida de volta pela administra\u00e7\u00e3o estadual, mantendo o perfil original.<\/p>\n\n\n\n<p>Para o prefeito de Itaporanga d\u2019Ajuda, Ot\u00e1vio Sobral, tudo indica que o Ver\u00e3o Sergipe ir\u00e1 superar as expectativas de p\u00fablico. \u201cQuero agradecer \u00e0 parceria que temos com o Governo do Estado. Isso s\u00f3 faz fomentar o turismo, tanto aqui quanto em outros munic\u00edpios. Pela organiza\u00e7\u00e3o que vemos hoje, n\u00e3o tenho d\u00favidas de que o p\u00fablico ir\u00e1 se surpreender. H\u00e1 tr\u00eas semanas que estamos aqui todos os dias para arrumar tudo e abrilhantar este fim de semana\u201d, colocou.<\/p>\n\n\n\n<p><strong>Seguran\u00e7a<\/strong><\/p>\n\n\n\n<p>O planejamento da Pol\u00edcia Militar para o Ver\u00e3o Sergipe, englobando os seis munic\u00edpios-sede, foi iniciado h\u00e1 tr\u00eas meses. Estar\u00e3o envolvidos os comandos do Policiamento Militar do Interior (CPMI), do Policiamento Militar da Capital (CPMC) e do Policiamento Militar Especializado (CPME). O efetivo se dividir\u00e1 no policiamento a p\u00e9, motorizado e montado. Tropas especializadas tamb\u00e9m atuar\u00e3o, a exemplo do Batalh\u00e3o de A\u00e7\u00f5es T\u00e1ticas do Interior, Batalh\u00e3o de Caatinga, Batalh\u00e3o de Choque, Regimento de Pol\u00edcia Montada e batalh\u00f5es de \u00e1reas. BPTran, BPRv e Getam tamb\u00e9m far\u00e3o parte das equipes.<\/p>\n\n\n\n<p>\u201cA Pol\u00edcia Militar do Estado de Sergipe j\u00e1 elaborou seu planejamento operacional. N\u00f3s empregaremos, por dia de evento na Caueira, 130 policiais militares, que estar\u00e3o devidamente orientados e prontos para garantir a seguran\u00e7a dos cidad\u00e3os sergipanos e turistas. Indicamos que a popula\u00e7\u00e3o venha com o esp\u00edrito de aproveitar esse evento tur\u00edstico e de divers\u00e3o, e as for\u00e7as policiais estar\u00e3o a postos para garantir a seguran\u00e7a de todos\u201d, garantiu o comandante geral da Pol\u00edcia Militar, coronel Alexsandro Ribeiro.<\/p>\n\n\n\n<p>Quanto \u00e0 atua\u00e7\u00e3o da Pol\u00edcia Civil, ocorrer\u00e1 em regime de plant\u00f5es. \u201cA Pol\u00edcia Civil ir\u00e1 garantir o atendimento ao cidad\u00e3o com o recebimento de todas as ocorr\u00eancias da Pol\u00edcia Militar ou outras fun\u00e7\u00f5es de seguran\u00e7a no local. Vamos implementar plant\u00f5es presenciais com equipes completas, incluindo delegados, escriv\u00e3es e agentes de pol\u00edcia durante todo o per\u00edodo, tanto na parte festiva, \u00e0 noite, quanto pela manh\u00e3, nos eventos esportivos\u201d, assegurou o coordenador das Delegacias do Interior,&nbsp;delegado Jonathas Evangelista.<\/p>\n\n\n\n<p>O Corpo de Bombeiros Militar de Sergipe (CBMSE) tamb\u00e9m estar\u00e1 presente para informar o p\u00fablico e intervir em eventurais ocorr\u00eancias. Desde o in\u00edcio da organiza\u00e7\u00e3o, a Diretoria de Atividades T\u00e9cnicas dos Bombeiros fez a an\u00e1lise de projetos para observar aspectos de preven\u00e7\u00e3o contra inc\u00eandio e p\u00e2nico. Nos dias de programa\u00e7\u00e3o, 50 bombeiros atuar\u00e3o no salvamento, no atendimento pr\u00e9-hospitalar, no salvamento aqu\u00e1tico e em diversas \u00e1reas. A atua\u00e7\u00e3o dos bombeiros empregar\u00e1 recursos como quadriciclos, UTVs e viaturas de combate a inc\u00eandio e salvamento. Al\u00e9m do refor\u00e7o durante os shows e parte art\u00edstica, a corpora\u00e7\u00e3o tamb\u00e9m atuar\u00e1 durante a programa\u00e7\u00e3o esportiva.<\/p>\n\n\n\n<p><strong>Sa\u00fade<\/strong><\/p>\n\n\n\n<p>A atua\u00e7\u00e3o da Secretaria de Estado da Sa\u00fade (SES) contar\u00e1 com as equipes do Servi\u00e7o de Atendimento M\u00f3vel de Urg\u00eancia (Samu 192 Sergipe), o trabalho preventivo da Vigil\u00e2ncia Sanit\u00e1ria Estadual e a\u00e7\u00f5es educativas do programa IST\/Aids com o \u2018Camisildo\u2019. Com o Samu 192, o &nbsp;evento contar\u00e1 com posto m\u00e9dico composto por um total de seis leitos, sendo cinco de observa\u00e7\u00e3o e um de estabiliza\u00e7\u00e3o. Al\u00e9m disso, o servi\u00e7o m\u00f3vel envolver\u00e1 cerca de 40 profissionais, sendo m\u00e9dicos, enfermeiros, t\u00e9cnicos de enfermagem e condutores. A Unidade de Suporte Avan\u00e7ado (USA) e a viatura tipo A tamb\u00e9m estar\u00e3o presentes.<\/p>\n\n\n\n<p>A Vigil\u00e2ncia Sanit\u00e1ria Estadual estar\u00e1 mobilizada e atuante para garantir a seguran\u00e7a alimentar no Ver\u00e3o Sergipe. O trabalho \u00e9 preventivo e educativo, com a distribui\u00e7\u00e3o de folhetos informativos sobre o manuseio de alimentos. Durante a fiscaliza\u00e7\u00e3o, s\u00e3o verificados a higiene do ambiente, validade das mat\u00e9rias primas e acondicionamento dos produtos, para prevenir, por exemplo, casos de contamina\u00e7\u00e3o cruzada.<\/p>\n\n\n\n<p>Com o tema \u2018\u00c9 ver\u00e3o. \u00c9 folia. \u00c9 curti\u00e7\u00e3o com cuidado!\u2019, o programa IST\/Aids da SES preparou a\u00e7\u00f5es educativas, como a disponibiliza\u00e7\u00e3o de preservativos femininos e masculinos e a presen\u00e7a do ve\u00edculo \u2018Camisildo\u2019. O objetivo \u00e9 conscientizar os foli\u00f5es sobre a preven\u00e7\u00e3o contra doen\u00e7as sexualmente transmiss\u00edveis. &nbsp;<\/p>\n\n\n\n<p><strong>Ver\u00e3o Sergipe<\/strong><\/p>\n\n\n\n<p>O fim de semana na Caueira \u00e9 o primeiro entre os seis que est\u00e3o na lista do Ver\u00e3o Sergipe 2024. Depois de passar por Itaporanga, o evento segue, de 19 a 21 de janeiro, na Ponta dos Mangues, em Pacatuba. J\u00e1 de 26 a 28, a festa acontece em Canind\u00e9 do S\u00e3o Francisco. Pirambu sedia a programa\u00e7\u00e3o de 2 a 4 de fevereiro. O Carnaval do Aba\u00eds, em Est\u00e2ncia, nos dias 10 a 12 de fevereiro, e o Projeto Ver\u00e3o, em Aracaju, entre os dias 1\u00ba e 3 de mar\u00e7o, completam o calend\u00e1rio. &nbsp;<\/p>\n\n\n\n<p>A programa\u00e7\u00e3o musical na praia da Caueira come\u00e7a na sexta-feira, 12, \u00e0s 20h, com Rock 79. Hungria (22h), Dilsinho (0h) e Seaway (2h) completam a grade da noite. No s\u00e1bado, 13, \u00e0s 18h, Os Faranis sobem ao palco. Chicabana (20h), Maneva (22h) e Ygor Raniere (0h) seguem a sequ\u00eancia.&nbsp;<\/p>\n\n\n\n<p>J\u00e1 a programa\u00e7\u00e3o esportiva do s\u00e1bado, 13, inclui surf, beach soccer feminino, beach hand masculino, beach t\u00eanis duplas mistas, v\u00f4lei de praia feminino, futev\u00f4lei masculino, beach basquete feminino, mesabol, frescobol e banho assistido. Em todas essas modalidades, o hor\u00e1rio \u00e9 de 8h \u00e0s 16h. Na mesma data, o passeio cicl\u00edstico\/paraciclismo e o triathlon t\u00eam sa\u00edda \u00e0s 7h.&nbsp;<\/p>\n\n\n\n<p>Quanto \u00e0s modalidades do domingo, 14, o hor\u00e1rio das pr\u00e1ticas e competi\u00e7\u00f5es \u00e9 das 8h \u00e0s 15h, abrangendo surf, beach soccer masculino, beach hand feminino, beach t\u00eanis duplas mistas, v\u00f4lei de praia masculino, futev\u00f4lei feminino, beach basquete masculino, mesabol e frescobol. Tamb\u00e9m no domingo, haver\u00e1 corrida das 7h \u00e0s 9h, e ciclismo \u00e0s 6h40.<\/p>\n\n\n\n<p>se.gov.br<\/p>\n","protected":false},"excerpt":{"rendered":"<p>Planejamento de seguran\u00e7a e sa\u00fade e organiza\u00e7\u00e3o estrutural foram passados em vista no munic\u00edpio de Itaporanga d\u2019Ajuda, que sedia a programa\u00e7\u00e3o de 12 a 14 de janeiro Com tudo pronto para o in\u00edcio do Ver\u00e3o Sergipe 2024, foi realizada na manh\u00e3 desta sexta-feira, 12, a vistoria de toda a estrutura do evento na praia da [&hellip;]<\/p>\n","protected":false},"author":1,"featured_media":7791,"comment_status":"closed","ping_status":"closed","sticky":false,"template":"","format":"standard","meta":{"footnotes":""},"categories":[53,43],"tags":[],"class_list":["post-7790","post","type-post","status-publish","format-standard","has-post-thumbnail","hentry","category-destaques","category-sergipe"],"yoast_head":"<!-- This site is optimized with the Yoast SEO plugin v27.4 - https:\/\/yoast.com\/product\/yoast-seo-wordpress\/ -->\n<title>Governador F\u00e1bio Mitidieri acompanha vistoria da estrutura do Ver\u00e3o Sergipe 2024 na Caueira - O Coerente<\/title>\n<meta name=\"robots\" content=\"index, follow, max-snippet:-1, max-image-preview:large, max-video-preview:-1\" \/>\n<link rel=\"canonical\" href=\"https:\/\/ocoerente.com.br\/se\/2024\/01\/13\/governador-fabio-mitidieri-acompanha-vistoria-da-estrutura-do-verao-sergipe-2024-na-caueira\/\" \/>\n<meta property=\"og:locale\" content=\"pt_BR\" \/>\n<meta property=\"og:type\" content=\"article\" \/>\n<meta property=\"og:title\" content=\"Governador F\u00e1bio Mitidieri acompanha vistoria da estrutura do Ver\u00e3o Sergipe 2024 na Caueira - O Coerente\" \/>\n<meta property=\"og:description\" content=\"Planejamento de seguran\u00e7a e sa\u00fade e organiza\u00e7\u00e3o estrutural foram passados em vista no munic\u00edpio de Itaporanga d\u2019Ajuda, que sedia a programa\u00e7\u00e3o de 12 a 14 de janeiro Com tudo pronto para o in\u00edcio do Ver\u00e3o Sergipe 2024, foi realizada na manh\u00e3 desta sexta-feira, 12, a vistoria de toda a estrutura do evento na praia da [&hellip;]\" \/>\n<meta property=\"og:url\" content=\"https:\/\/ocoerente.com.br\/se\/2024\/01\/13\/governador-fabio-mitidieri-acompanha-vistoria-da-estrutura-do-verao-sergipe-2024-na-caueira\/\" \/>\n<meta property=\"og:site_name\" content=\"O Coerente\" \/>\n<meta property=\"article:published_time\" content=\"2024-01-13T04:01:50+00:00\" \/>\n<meta property=\"article:modified_time\" content=\"2024-01-13T04:01:51+00:00\" \/>\n<meta property=\"og:image\" content=\"https:\/\/ocoerente.com.br\/se\/wp-content\/uploads\/2024\/01\/na-caueira.jpg\" \/>\n\t<meta property=\"og:image:width\" content=\"1100\" \/>\n\t<meta property=\"og:image:height\" content=\"610\" \/>\n\t<meta property=\"og:image:type\" content=\"image\/jpeg\" \/>\n<meta name=\"author\" content=\"Reda\u00e7\u00e3o\" \/>\n<meta name=\"twitter:card\" content=\"summary_large_image\" \/>\n<meta name=\"twitter:label1\" content=\"Escrito por\" \/>\n\t<meta name=\"twitter:data1\" content=\"Reda\u00e7\u00e3o\" \/>\n\t<meta name=\"twitter:label2\" content=\"Est. tempo de leitura\" \/>\n\t<meta name=\"twitter:data2\" content=\"7 minutos\" \/>\n<script type=\"application\/ld+json\" class=\"yoast-schema-graph\">{\"@context\":\"https:\\\/\\\/schema.org\",\"@graph\":[{\"@type\":\"Article\",\"@id\":\"https:\\\/\\\/ocoerente.com.br\\\/se\\\/2024\\\/01\\\/13\\\/governador-fabio-mitidieri-acompanha-vistoria-da-estrutura-do-verao-sergipe-2024-na-caueira\\\/#article\",\"isPartOf\":{\"@id\":\"https:\\\/\\\/ocoerente.com.br\\\/se\\\/2024\\\/01\\\/13\\\/governador-fabio-mitidieri-acompanha-vistoria-da-estrutura-do-verao-sergipe-2024-na-caueira\\\/\"},\"author\":{\"name\":\"Reda\u00e7\u00e3o\",\"@id\":\"https:\\\/\\\/ocoerente.com.br\\\/se\\\/#\\\/schema\\\/person\\\/cc6bfd9fbca465e23543b0c963d8d037\"},\"headline\":\"Governador F\u00e1bio Mitidieri acompanha vistoria da estrutura do Ver\u00e3o Sergipe 2024 na Caueira\",\"datePublished\":\"2024-01-13T04:01:50+00:00\",\"dateModified\":\"2024-01-13T04:01:51+00:00\",\"mainEntityOfPage\":{\"@id\":\"https:\\\/\\\/ocoerente.com.br\\\/se\\\/2024\\\/01\\\/13\\\/governador-fabio-mitidieri-acompanha-vistoria-da-estrutura-do-verao-sergipe-2024-na-caueira\\\/\"},\"wordCount\":1350,\"publisher\":{\"@id\":\"https:\\\/\\\/ocoerente.com.br\\\/se\\\/#\\\/schema\\\/person\\\/cc6bfd9fbca465e23543b0c963d8d037\"},\"image\":{\"@id\":\"https:\\\/\\\/ocoerente.com.br\\\/se\\\/2024\\\/01\\\/13\\\/governador-fabio-mitidieri-acompanha-vistoria-da-estrutura-do-verao-sergipe-2024-na-caueira\\\/#primaryimage\"},\"thumbnailUrl\":\"https:\\\/\\\/ocoerente.com.br\\\/se\\\/wp-content\\\/uploads\\\/2024\\\/01\\\/na-caueira.jpg\",\"articleSection\":[\"Destaques\",\"Sergipe\"],\"inLanguage\":\"pt-BR\"},{\"@type\":\"WebPage\",\"@id\":\"https:\\\/\\\/ocoerente.com.br\\\/se\\\/2024\\\/01\\\/13\\\/governador-fabio-mitidieri-acompanha-vistoria-da-estrutura-do-verao-sergipe-2024-na-caueira\\\/\",\"url\":\"https:\\\/\\\/ocoerente.com.br\\\/se\\\/2024\\\/01\\\/13\\\/governador-fabio-mitidieri-acompanha-vistoria-da-estrutura-do-verao-sergipe-2024-na-caueira\\\/\",\"name\":\"Governador F\u00e1bio Mitidieri acompanha vistoria da estrutura do Ver\u00e3o Sergipe 2024 na Caueira - O Coerente\",\"isPartOf\":{\"@id\":\"https:\\\/\\\/ocoerente.com.br\\\/se\\\/#website\"},\"primaryImageOfPage\":{\"@id\":\"https:\\\/\\\/ocoerente.com.br\\\/se\\\/2024\\\/01\\\/13\\\/governador-fabio-mitidieri-acompanha-vistoria-da-estrutura-do-verao-sergipe-2024-na-caueira\\\/#primaryimage\"},\"image\":{\"@id\":\"https:\\\/\\\/ocoerente.com.br\\\/se\\\/2024\\\/01\\\/13\\\/governador-fabio-mitidieri-acompanha-vistoria-da-estrutura-do-verao-sergipe-2024-na-caueira\\\/#primaryimage\"},\"thumbnailUrl\":\"https:\\\/\\\/ocoerente.com.br\\\/se\\\/wp-content\\\/uploads\\\/2024\\\/01\\\/na-caueira.jpg\",\"datePublished\":\"2024-01-13T04:01:50+00:00\",\"dateModified\":\"2024-01-13T04:01:51+00:00\",\"breadcrumb\":{\"@id\":\"https:\\\/\\\/ocoerente.com.br\\\/se\\\/2024\\\/01\\\/13\\\/governador-fabio-mitidieri-acompanha-vistoria-da-estrutura-do-verao-sergipe-2024-na-caueira\\\/#breadcrumb\"},\"inLanguage\":\"pt-BR\",\"potentialAction\":[{\"@type\":\"ReadAction\",\"target\":[\"https:\\\/\\\/ocoerente.com.br\\\/se\\\/2024\\\/01\\\/13\\\/governador-fabio-mitidieri-acompanha-vistoria-da-estrutura-do-verao-sergipe-2024-na-caueira\\\/\"]}]},{\"@type\":\"ImageObject\",\"inLanguage\":\"pt-BR\",\"@id\":\"https:\\\/\\\/ocoerente.com.br\\\/se\\\/2024\\\/01\\\/13\\\/governador-fabio-mitidieri-acompanha-vistoria-da-estrutura-do-verao-sergipe-2024-na-caueira\\\/#primaryimage\",\"url\":\"https:\\\/\\\/ocoerente.com.br\\\/se\\\/wp-content\\\/uploads\\\/2024\\\/01\\\/na-caueira.jpg\",\"contentUrl\":\"https:\\\/\\\/ocoerente.com.br\\\/se\\\/wp-content\\\/uploads\\\/2024\\\/01\\\/na-caueira.jpg\",\"width\":1100,\"height\":610,\"caption\":\"Fotos: Andr\u00e9 Moreira\"},{\"@type\":\"BreadcrumbList\",\"@id\":\"https:\\\/\\\/ocoerente.com.br\\\/se\\\/2024\\\/01\\\/13\\\/governador-fabio-mitidieri-acompanha-vistoria-da-estrutura-do-verao-sergipe-2024-na-caueira\\\/#breadcrumb\",\"itemListElement\":[{\"@type\":\"ListItem\",\"position\":1,\"name\":\"In\u00edcio\",\"item\":\"https:\\\/\\\/ocoerente.com.br\\\/se\\\/\"},{\"@type\":\"ListItem\",\"position\":2,\"name\":\"Governador F\u00e1bio Mitidieri acompanha vistoria da estrutura do Ver\u00e3o Sergipe 2024 na Caueira\"}]},{\"@type\":\"WebSite\",\"@id\":\"https:\\\/\\\/ocoerente.com.br\\\/se\\\/#website\",\"url\":\"https:\\\/\\\/ocoerente.com.br\\\/se\\\/\",\"name\":\"O Coerente\",\"description\":\"\",\"publisher\":{\"@id\":\"https:\\\/\\\/ocoerente.com.br\\\/se\\\/#\\\/schema\\\/person\\\/cc6bfd9fbca465e23543b0c963d8d037\"},\"potentialAction\":[{\"@type\":\"SearchAction\",\"target\":{\"@type\":\"EntryPoint\",\"urlTemplate\":\"https:\\\/\\\/ocoerente.com.br\\\/se\\\/?s={search_term_string}\"},\"query-input\":{\"@type\":\"PropertyValueSpecification\",\"valueRequired\":true,\"valueName\":\"search_term_string\"}}],\"inLanguage\":\"pt-BR\"},{\"@type\":[\"Person\",\"Organization\"],\"@id\":\"https:\\\/\\\/ocoerente.com.br\\\/se\\\/#\\\/schema\\\/person\\\/cc6bfd9fbca465e23543b0c963d8d037\",\"name\":\"Reda\u00e7\u00e3o\",\"image\":{\"@type\":\"ImageObject\",\"inLanguage\":\"pt-BR\",\"@id\":\"https:\\\/\\\/ocoerente.com.br\\\/se\\\/wp-content\\\/uploads\\\/2020\\\/01\\\/ocoerente-1.png\",\"url\":\"https:\\\/\\\/ocoerente.com.br\\\/se\\\/wp-content\\\/uploads\\\/2020\\\/01\\\/ocoerente-1.png\",\"contentUrl\":\"https:\\\/\\\/ocoerente.com.br\\\/se\\\/wp-content\\\/uploads\\\/2020\\\/01\\\/ocoerente-1.png\",\"width\":50,\"height\":50,\"caption\":\"Reda\u00e7\u00e3o\"},\"logo\":{\"@id\":\"https:\\\/\\\/ocoerente.com.br\\\/se\\\/wp-content\\\/uploads\\\/2020\\\/01\\\/ocoerente-1.png\"},\"url\":\"https:\\\/\\\/ocoerente.com.br\\\/se\\\/author\\\/vasticlsales\\\/\"}]}<\/script>\n<!-- \/ Yoast SEO plugin. -->","yoast_head_json":{"title":"Governador F\u00e1bio Mitidieri acompanha vistoria da estrutura do Ver\u00e3o Sergipe 2024 na Caueira - O Coerente","robots":{"index":"index","follow":"follow","max-snippet":"max-snippet:-1","max-image-preview":"max-image-preview:large","max-video-preview":"max-video-preview:-1"},"canonical":"https:\/\/ocoerente.com.br\/se\/2024\/01\/13\/governador-fabio-mitidieri-acompanha-vistoria-da-estrutura-do-verao-sergipe-2024-na-caueira\/","og_locale":"pt_BR","og_type":"article","og_title":"Governador F\u00e1bio Mitidieri acompanha vistoria da estrutura do Ver\u00e3o Sergipe 2024 na Caueira - O Coerente","og_description":"Planejamento de seguran\u00e7a e sa\u00fade e organiza\u00e7\u00e3o estrutural foram passados em vista no munic\u00edpio de Itaporanga d\u2019Ajuda, que sedia a programa\u00e7\u00e3o de 12 a 14 de janeiro Com tudo pronto para o in\u00edcio do Ver\u00e3o Sergipe 2024, foi realizada na manh\u00e3 desta sexta-feira, 12, a vistoria de toda a estrutura do evento na praia da [&hellip;]","og_url":"https:\/\/ocoerente.com.br\/se\/2024\/01\/13\/governador-fabio-mitidieri-acompanha-vistoria-da-estrutura-do-verao-sergipe-2024-na-caueira\/","og_site_name":"O Coerente","article_published_time":"2024-01-13T04:01:50+00:00","article_modified_time":"2024-01-13T04:01:51+00:00","og_image":[{"width":1100,"height":610,"url":"https:\/\/ocoerente.com.br\/se\/wp-content\/uploads\/2024\/01\/na-caueira.jpg","type":"image\/jpeg"}],"author":"Reda\u00e7\u00e3o","twitter_card":"summary_large_image","twitter_misc":{"Escrito por":"Reda\u00e7\u00e3o","Est. tempo de leitura":"7 minutos"},"schema":{"@context":"https:\/\/schema.org","@graph":[{"@type":"Article","@id":"https:\/\/ocoerente.com.br\/se\/2024\/01\/13\/governador-fabio-mitidieri-acompanha-vistoria-da-estrutura-do-verao-sergipe-2024-na-caueira\/#article","isPartOf":{"@id":"https:\/\/ocoerente.com.br\/se\/2024\/01\/13\/governador-fabio-mitidieri-acompanha-vistoria-da-estrutura-do-verao-sergipe-2024-na-caueira\/"},"author":{"name":"Reda\u00e7\u00e3o","@id":"https:\/\/ocoerente.com.br\/se\/#\/schema\/person\/cc6bfd9fbca465e23543b0c963d8d037"},"headline":"Governador F\u00e1bio Mitidieri acompanha vistoria da estrutura do Ver\u00e3o Sergipe 2024 na Caueira","datePublished":"2024-01-13T04:01:50+00:00","dateModified":"2024-01-13T04:01:51+00:00","mainEntityOfPage":{"@id":"https:\/\/ocoerente.com.br\/se\/2024\/01\/13\/governador-fabio-mitidieri-acompanha-vistoria-da-estrutura-do-verao-sergipe-2024-na-caueira\/"},"wordCount":1350,"publisher":{"@id":"https:\/\/ocoerente.com.br\/se\/#\/schema\/person\/cc6bfd9fbca465e23543b0c963d8d037"},"image":{"@id":"https:\/\/ocoerente.com.br\/se\/2024\/01\/13\/governador-fabio-mitidieri-acompanha-vistoria-da-estrutura-do-verao-sergipe-2024-na-caueira\/#primaryimage"},"thumbnailUrl":"https:\/\/ocoerente.com.br\/se\/wp-content\/uploads\/2024\/01\/na-caueira.jpg","articleSection":["Destaques","Sergipe"],"inLanguage":"pt-BR"},{"@type":"WebPage","@id":"https:\/\/ocoerente.com.br\/se\/2024\/01\/13\/governador-fabio-mitidieri-acompanha-vistoria-da-estrutura-do-verao-sergipe-2024-na-caueira\/","url":"https:\/\/ocoerente.com.br\/se\/2024\/01\/13\/governador-fabio-mitidieri-acompanha-vistoria-da-estrutura-do-verao-sergipe-2024-na-caueira\/","name":"Governador F\u00e1bio Mitidieri acompanha vistoria da estrutura do Ver\u00e3o Sergipe 2024 na Caueira - O Coerente","isPartOf":{"@id":"https:\/\/ocoerente.com.br\/se\/#website"},"primaryImageOfPage":{"@id":"https:\/\/ocoerente.com.br\/se\/2024\/01\/13\/governador-fabio-mitidieri-acompanha-vistoria-da-estrutura-do-verao-sergipe-2024-na-caueira\/#primaryimage"},"image":{"@id":"https:\/\/ocoerente.com.br\/se\/2024\/01\/13\/governador-fabio-mitidieri-acompanha-vistoria-da-estrutura-do-verao-sergipe-2024-na-caueira\/#primaryimage"},"thumbnailUrl":"https:\/\/ocoerente.com.br\/se\/wp-content\/uploads\/2024\/01\/na-caueira.jpg","datePublished":"2024-01-13T04:01:50+00:00","dateModified":"2024-01-13T04:01:51+00:00","breadcrumb":{"@id":"https:\/\/ocoerente.com.br\/se\/2024\/01\/13\/governador-fabio-mitidieri-acompanha-vistoria-da-estrutura-do-verao-sergipe-2024-na-caueira\/#breadcrumb"},"inLanguage":"pt-BR","potentialAction":[{"@type":"ReadAction","target":["https:\/\/ocoerente.com.br\/se\/2024\/01\/13\/governador-fabio-mitidieri-acompanha-vistoria-da-estrutura-do-verao-sergipe-2024-na-caueira\/"]}]},{"@type":"ImageObject","inLanguage":"pt-BR","@id":"https:\/\/ocoerente.com.br\/se\/2024\/01\/13\/governador-fabio-mitidieri-acompanha-vistoria-da-estrutura-do-verao-sergipe-2024-na-caueira\/#primaryimage","url":"https:\/\/ocoerente.com.br\/se\/wp-content\/uploads\/2024\/01\/na-caueira.jpg","contentUrl":"https:\/\/ocoerente.com.br\/se\/wp-content\/uploads\/2024\/01\/na-caueira.jpg","width":1100,"height":610,"caption":"Fotos: Andr\u00e9 Moreira"},{"@type":"BreadcrumbList","@id":"https:\/\/ocoerente.com.br\/se\/2024\/01\/13\/governador-fabio-mitidieri-acompanha-vistoria-da-estrutura-do-verao-sergipe-2024-na-caueira\/#breadcrumb","itemListElement":[{"@type":"ListItem","position":1,"name":"In\u00edcio","item":"https:\/\/ocoerente.com.br\/se\/"},{"@type":"ListItem","position":2,"name":"Governador F\u00e1bio Mitidieri acompanha vistoria da estrutura do Ver\u00e3o Sergipe 2024 na Caueira"}]},{"@type":"WebSite","@id":"https:\/\/ocoerente.com.br\/se\/#website","url":"https:\/\/ocoerente.com.br\/se\/","name":"O Coerente","description":"","publisher":{"@id":"https:\/\/ocoerente.com.br\/se\/#\/schema\/person\/cc6bfd9fbca465e23543b0c963d8d037"},"potentialAction":[{"@type":"SearchAction","target":{"@type":"EntryPoint","urlTemplate":"https:\/\/ocoerente.com.br\/se\/?s={search_term_string}"},"query-input":{"@type":"PropertyValueSpecification","valueRequired":true,"valueName":"search_term_string"}}],"inLanguage":"pt-BR"},{"@type":["Person","Organization"],"@id":"https:\/\/ocoerente.com.br\/se\/#\/schema\/person\/cc6bfd9fbca465e23543b0c963d8d037","name":"Reda\u00e7\u00e3o","image":{"@type":"ImageObject","inLanguage":"pt-BR","@id":"https:\/\/ocoerente.com.br\/se\/wp-content\/uploads\/2020\/01\/ocoerente-1.png","url":"https:\/\/ocoerente.com.br\/se\/wp-content\/uploads\/2020\/01\/ocoerente-1.png","contentUrl":"https:\/\/ocoerente.com.br\/se\/wp-content\/uploads\/2020\/01\/ocoerente-1.png","width":50,"height":50,"caption":"Reda\u00e7\u00e3o"},"logo":{"@id":"https:\/\/ocoerente.com.br\/se\/wp-content\/uploads\/2020\/01\/ocoerente-1.png"},"url":"https:\/\/ocoerente.com.br\/se\/author\/vasticlsales\/"}]}},"_links":{"self":[{"href":"https:\/\/ocoerente.com.br\/se\/wp-json\/wp\/v2\/posts\/7790","targetHints":{"allow":["GET"]}}],"collection":[{"href":"https:\/\/ocoerente.com.br\/se\/wp-json\/wp\/v2\/posts"}],"about":[{"href":"https:\/\/ocoerente.com.br\/se\/wp-json\/wp\/v2\/types\/post"}],"author":[{"embeddable":true,"href":"https:\/\/ocoerente.com.br\/se\/wp-json\/wp\/v2\/users\/1"}],"replies":[{"embeddable":true,"href":"https:\/\/ocoerente.com.br\/se\/wp-json\/wp\/v2\/comments?post=7790"}],"version-history":[{"count":1,"href":"https:\/\/ocoerente.com.br\/se\/wp-json\/wp\/v2\/posts\/7790\/revisions"}],"predecessor-version":[{"id":7792,"href":"https:\/\/ocoerente.com.br\/se\/wp-json\/wp\/v2\/posts\/7790\/revisions\/7792"}],"wp:featuredmedia":[{"embeddable":true,"href":"https:\/\/ocoerente.com.br\/se\/wp-json\/wp\/v2\/media\/7791"}],"wp:attachment":[{"href":"https:\/\/ocoerente.com.br\/se\/wp-json\/wp\/v2\/media?parent=7790"}],"wp:term":[{"taxonomy":"category","embeddable":true,"href":"https:\/\/ocoerente.com.br\/se\/wp-json\/wp\/v2\/categories?post=7790"},{"taxonomy":"post_tag","embeddable":true,"href":"https:\/\/ocoerente.com.br\/se\/wp-json\/wp\/v2\/tags?post=7790"}],"curies":[{"name":"wp","href":"https:\/\/api.w.org\/{rel}","templated":true}]}}