{"id":7781,"date":"2024-01-12T13:33:45","date_gmt":"2024-01-12T16:33:45","guid":{"rendered":"https:\/\/ocoerente.com.br\/se\/?p=7781"},"modified":"2024-01-12T13:34:41","modified_gmt":"2024-01-12T16:34:41","slug":"projeto-rondon-chega-aos-municipios-de-sergipe","status":"publish","type":"post","link":"https:\/\/ocoerente.com.br\/se\/2024\/01\/12\/projeto-rondon-chega-aos-municipios-de-sergipe\/","title":{"rendered":"Projeto Rondon chega aos munic\u00edpios de Sergipe"},"content":{"rendered":"\n<p><i style=\"color: rgb(104, 104, 104); font-family: myFont; font-size: 18px; font-variant-ligatures: normal; font-variant-caps: normal; font-weight: 400; white-space-collapse: collapse; background-color: rgb(245, 245, 245);\">Doze munic\u00edpios receber\u00e3o as a\u00e7\u00f5es que ser\u00e3o realizadas por mais de 250 professores e estudantes universit\u00e1rios<\/i><\/p>\n\n\n\n<p>Entre os dias 18 de janeiro e 4 de fevereiro, o estado de Sergipe recebe a Opera\u00e7\u00e3o Mangabeiras, do Projeto Rondon, que contemplar\u00e1 12 munic\u00edpios e ter\u00e1 como centro regional a cidade de Aracaju\/ SE.<\/p>\n\n\n\n<p>A iniciativa envolve os minist\u00e9rios que comp\u00f5em o Comit\u00ea de Orienta\u00e7\u00e3o e Supervis\u00e3o do Projeto Rondon, sob a coordena\u00e7\u00e3o do Minist\u00e9rio da Defesa. A a\u00e7\u00e3o conta, ainda, com parcerias do Governo do Estado de Sergipe, dos munic\u00edpios participantes, e das For\u00e7as Armadas, representadas pelo 28\u00ba Batalh\u00e3o de Ca\u00e7adores, do Ex\u00e9rcito Brasileiro, apoiar\u00e3o as 24 Institui\u00e7\u00f5es de Ensino Superior (IES) na realiza\u00e7\u00e3o das mais diversas atividades.<\/p>\n\n\n\n<p>Na Opera\u00e7\u00e3o Mangabeiras participar\u00e3o 252 professores e estudantes universit\u00e1rios. Os chamados \u2018rondonistas\u2019 atuar\u00e3o durante duas semanas e de forma volunt\u00e1ria, na realiza\u00e7\u00e3o de projetos em diferentes \u00e1reas do conhecimento que abrangem temas como cultura, direitos humanos, justi\u00e7a, educa\u00e7\u00e3o, sa\u00fade, comunica\u00e7\u00e3o, tecnologia, produ\u00e7\u00e3o, meio ambiente e trabalho, para contribuir com o desenvolvimento sustent\u00e1vel, o bem-estar social e a qualidade de vida nas comunidades dos munic\u00edpios atendidos.<\/p>\n\n\n\n<p>As equipes atuar\u00e3o nos munic\u00edpios Areia Branca, Campo do Brito, Cedro de S\u00e3o Jo\u00e3o, Cumbe, Divina Pastora, Frei Paulo, Graccho Cardoso, Itabi, Malhada dos Bois, Moita Bonita, S\u00e3o Francisco e Tomar do Geru.<\/p>\n\n\n\n<p>Pelas redes sociais, a cobertura em tempo real das a\u00e7\u00f5es da Opera\u00e7\u00e3o Mangabeiras tamb\u00e9m ser\u00e1 realizada por uma equipe de rondonistas que percorrer\u00e1 todos os munic\u00edpios durante a opera\u00e7\u00e3o para levar a melhor cobertura para todos os p\u00fablicos.<\/p>\n\n\n\n<p><strong>Projeto Rondon<\/strong><\/p>\n\n\n\n<p>O Projeto Rondon \u00e9 uma a\u00e7\u00e3o interministerial de cunho estrat\u00e9gico do Governo Federal, coordenada pelo Minist\u00e9rio da Defesa, com o prop\u00f3sito de contribuir para o desenvolvimento da cidadania, empregando solu\u00e7\u00f5es sustent\u00e1veis para a inclus\u00e3o social, a redu\u00e7\u00e3o de desigualdades regionais e o fortalecimento da soberania nacional.<\/p>\n\n\n\n<p>Entre 2005 e 2023 foram realizadas 91 opera\u00e7\u00f5es em 1.320 munic\u00edpios de 24 unidades da federa\u00e7\u00e3o. O projeto capacitou 25.127 rondonistas e formou mais de dois milh\u00f5es de multiplicadores de conhecimento entre produtores, agentes p\u00fablicos, professores e lideran\u00e7as locais.<\/p>\n\n\n\n<p>Em Sergipe, o Projeto Rondon iniciou as atividades em 2007, com a Opera\u00e7\u00e3o Centen\u00e1rio da Comiss\u00e3o Rondon\/Sergipe. Desde ent\u00e3o, j\u00e1 foram realizadas outras quatro opera\u00e7\u00f5es: Ver\u00e3o Fevereiro e Inverno 2008, Rio dos Siris em 2011 e Opera\u00e7\u00e3o S\u00e3o Francisco em 2013.<\/p>\n\n\n\n<p>A realiza\u00e7\u00e3o do Projeto Rondon no Brasil e em Sergipe demonstra a import\u00e2ncia e a for\u00e7a da parceria entre governos federal, estadual, municipais e institui\u00e7\u00f5es de ensino superior que, juntos, unem for\u00e7as para colaborar na busca por um futuro mais justo e sustent\u00e1vel para todos.<\/p>\n\n\n\n<p><strong><em>Servi\u00e7o:<\/em><\/strong><\/p>\n\n\n\n<p><strong>O qu\u00ea:&nbsp;<\/strong>Projeto Rondon chega aos munic\u00edpios de Sergipe<\/p>\n\n\n\n<p><strong>Quando<\/strong>: de&nbsp;18 de janeiro e 4 de fevereiro<\/p>\n\n\n\n<p><strong>Onde<\/strong>:&nbsp;Areia Branca, Campo do Brito, Cedro de S\u00e3o Jo\u00e3o, Cumbe, Divina Pastora, Frei Paulo, Graccho Cardoso, Itabi, Malhada dos Bois, Moita Bonita, S\u00e3o Francisco e Tomar do Geru<\/p>\n\n\n\n<p><strong>Contato:<\/strong>&nbsp;<a href=\"tel:61-2023-5398\">61-2023-5398<\/a>&nbsp;\/&nbsp;<a href=\"tel:61-98310-9466\">61-98310-9466<\/a>&nbsp;&#8211; Coordena\u00e7\u00e3o de Comunica\u00e7\u00e3o Social do Projeto Rondon \/ Minist\u00e9rio da Defesa<\/p>\n\n\n\n<p>\u00a0 \u00a0 \u00a0 \u00a0 \u00a0 \u00a0 \u00a0\u00a0<a href=\"tel:79 3225-9810\">79 3225-9810<\/a>\u00a0&#8211; Edjane Oliveira (coord de Jornalismo Secom)\u00a0<\/p>\n\n\n\n<p><strong>se.gov.br<\/strong><\/p>\n","protected":false},"excerpt":{"rendered":"<p>Doze munic\u00edpios receber\u00e3o as a\u00e7\u00f5es que ser\u00e3o realizadas por mais de 250 professores e estudantes universit\u00e1rios Entre os dias 18 de janeiro e 4 de fevereiro, o estado de Sergipe recebe a Opera\u00e7\u00e3o Mangabeiras, do Projeto Rondon, que contemplar\u00e1 12 munic\u00edpios e ter\u00e1 como centro regional a cidade de Aracaju\/ SE. A iniciativa envolve os [&hellip;]<\/p>\n","protected":false},"author":1,"featured_media":7782,"comment_status":"closed","ping_status":"closed","sticky":false,"template":"","format":"standard","meta":{"footnotes":""},"categories":[53,47],"tags":[],"class_list":["post-7781","post","type-post","status-publish","format-standard","has-post-thumbnail","hentry","category-destaques","category-educacao"],"yoast_head":"<!-- This site is optimized with the Yoast SEO plugin v27.4 - https:\/\/yoast.com\/product\/yoast-seo-wordpress\/ -->\n<title>Projeto Rondon chega aos munic\u00edpios de Sergipe - O Coerente<\/title>\n<meta name=\"robots\" content=\"index, follow, max-snippet:-1, max-image-preview:large, max-video-preview:-1\" \/>\n<link rel=\"canonical\" href=\"https:\/\/ocoerente.com.br\/se\/2024\/01\/12\/projeto-rondon-chega-aos-municipios-de-sergipe\/\" \/>\n<meta property=\"og:locale\" content=\"pt_BR\" \/>\n<meta property=\"og:type\" content=\"article\" \/>\n<meta property=\"og:title\" content=\"Projeto Rondon chega aos munic\u00edpios de Sergipe - O Coerente\" \/>\n<meta property=\"og:description\" content=\"Doze munic\u00edpios receber\u00e3o as a\u00e7\u00f5es que ser\u00e3o realizadas por mais de 250 professores e estudantes universit\u00e1rios Entre os dias 18 de janeiro e 4 de fevereiro, o estado de Sergipe recebe a Opera\u00e7\u00e3o Mangabeiras, do Projeto Rondon, que contemplar\u00e1 12 munic\u00edpios e ter\u00e1 como centro regional a cidade de Aracaju\/ SE. A iniciativa envolve os [&hellip;]\" \/>\n<meta property=\"og:url\" content=\"https:\/\/ocoerente.com.br\/se\/2024\/01\/12\/projeto-rondon-chega-aos-municipios-de-sergipe\/\" \/>\n<meta property=\"og:site_name\" content=\"O Coerente\" \/>\n<meta property=\"article:published_time\" content=\"2024-01-12T16:33:45+00:00\" \/>\n<meta property=\"article:modified_time\" content=\"2024-01-12T16:34:41+00:00\" \/>\n<meta property=\"og:image\" content=\"https:\/\/ocoerente.com.br\/se\/wp-content\/uploads\/2024\/01\/rondon.jpg\" \/>\n\t<meta property=\"og:image:width\" content=\"1100\" \/>\n\t<meta property=\"og:image:height\" content=\"610\" \/>\n\t<meta property=\"og:image:type\" content=\"image\/jpeg\" \/>\n<meta name=\"author\" content=\"Reda\u00e7\u00e3o\" \/>\n<meta name=\"twitter:card\" content=\"summary_large_image\" \/>\n<meta name=\"twitter:label1\" content=\"Escrito por\" \/>\n\t<meta name=\"twitter:data1\" content=\"Reda\u00e7\u00e3o\" \/>\n\t<meta name=\"twitter:label2\" content=\"Est. tempo de leitura\" \/>\n\t<meta name=\"twitter:data2\" content=\"3 minutos\" \/>\n<script type=\"application\/ld+json\" class=\"yoast-schema-graph\">{\"@context\":\"https:\\\/\\\/schema.org\",\"@graph\":[{\"@type\":\"Article\",\"@id\":\"https:\\\/\\\/ocoerente.com.br\\\/se\\\/2024\\\/01\\\/12\\\/projeto-rondon-chega-aos-municipios-de-sergipe\\\/#article\",\"isPartOf\":{\"@id\":\"https:\\\/\\\/ocoerente.com.br\\\/se\\\/2024\\\/01\\\/12\\\/projeto-rondon-chega-aos-municipios-de-sergipe\\\/\"},\"author\":{\"name\":\"Reda\u00e7\u00e3o\",\"@id\":\"https:\\\/\\\/ocoerente.com.br\\\/se\\\/#\\\/schema\\\/person\\\/cc6bfd9fbca465e23543b0c963d8d037\"},\"headline\":\"Projeto Rondon chega aos munic\u00edpios de Sergipe\",\"datePublished\":\"2024-01-12T16:33:45+00:00\",\"dateModified\":\"2024-01-12T16:34:41+00:00\",\"mainEntityOfPage\":{\"@id\":\"https:\\\/\\\/ocoerente.com.br\\\/se\\\/2024\\\/01\\\/12\\\/projeto-rondon-chega-aos-municipios-de-sergipe\\\/\"},\"wordCount\":578,\"publisher\":{\"@id\":\"https:\\\/\\\/ocoerente.com.br\\\/se\\\/#\\\/schema\\\/person\\\/cc6bfd9fbca465e23543b0c963d8d037\"},\"image\":{\"@id\":\"https:\\\/\\\/ocoerente.com.br\\\/se\\\/2024\\\/01\\\/12\\\/projeto-rondon-chega-aos-municipios-de-sergipe\\\/#primaryimage\"},\"thumbnailUrl\":\"https:\\\/\\\/ocoerente.com.br\\\/se\\\/wp-content\\\/uploads\\\/2024\\\/01\\\/rondon.jpg\",\"articleSection\":[\"Destaques\",\"Educa\u00e7\u00e3o\"],\"inLanguage\":\"pt-BR\"},{\"@type\":\"WebPage\",\"@id\":\"https:\\\/\\\/ocoerente.com.br\\\/se\\\/2024\\\/01\\\/12\\\/projeto-rondon-chega-aos-municipios-de-sergipe\\\/\",\"url\":\"https:\\\/\\\/ocoerente.com.br\\\/se\\\/2024\\\/01\\\/12\\\/projeto-rondon-chega-aos-municipios-de-sergipe\\\/\",\"name\":\"Projeto Rondon chega aos munic\u00edpios de Sergipe - O Coerente\",\"isPartOf\":{\"@id\":\"https:\\\/\\\/ocoerente.com.br\\\/se\\\/#website\"},\"primaryImageOfPage\":{\"@id\":\"https:\\\/\\\/ocoerente.com.br\\\/se\\\/2024\\\/01\\\/12\\\/projeto-rondon-chega-aos-municipios-de-sergipe\\\/#primaryimage\"},\"image\":{\"@id\":\"https:\\\/\\\/ocoerente.com.br\\\/se\\\/2024\\\/01\\\/12\\\/projeto-rondon-chega-aos-municipios-de-sergipe\\\/#primaryimage\"},\"thumbnailUrl\":\"https:\\\/\\\/ocoerente.com.br\\\/se\\\/wp-content\\\/uploads\\\/2024\\\/01\\\/rondon.jpg\",\"datePublished\":\"2024-01-12T16:33:45+00:00\",\"dateModified\":\"2024-01-12T16:34:41+00:00\",\"breadcrumb\":{\"@id\":\"https:\\\/\\\/ocoerente.com.br\\\/se\\\/2024\\\/01\\\/12\\\/projeto-rondon-chega-aos-municipios-de-sergipe\\\/#breadcrumb\"},\"inLanguage\":\"pt-BR\",\"potentialAction\":[{\"@type\":\"ReadAction\",\"target\":[\"https:\\\/\\\/ocoerente.com.br\\\/se\\\/2024\\\/01\\\/12\\\/projeto-rondon-chega-aos-municipios-de-sergipe\\\/\"]}]},{\"@type\":\"ImageObject\",\"inLanguage\":\"pt-BR\",\"@id\":\"https:\\\/\\\/ocoerente.com.br\\\/se\\\/2024\\\/01\\\/12\\\/projeto-rondon-chega-aos-municipios-de-sergipe\\\/#primaryimage\",\"url\":\"https:\\\/\\\/ocoerente.com.br\\\/se\\\/wp-content\\\/uploads\\\/2024\\\/01\\\/rondon.jpg\",\"contentUrl\":\"https:\\\/\\\/ocoerente.com.br\\\/se\\\/wp-content\\\/uploads\\\/2024\\\/01\\\/rondon.jpg\",\"width\":1100,\"height\":610,\"caption\":\"Projeto Rondon chega aos munic\u00edpios de Sergipe \\\/ Foto: Ascom Projeto Rondon\\\/Minist\u00e9rio da Defesa\"},{\"@type\":\"BreadcrumbList\",\"@id\":\"https:\\\/\\\/ocoerente.com.br\\\/se\\\/2024\\\/01\\\/12\\\/projeto-rondon-chega-aos-municipios-de-sergipe\\\/#breadcrumb\",\"itemListElement\":[{\"@type\":\"ListItem\",\"position\":1,\"name\":\"In\u00edcio\",\"item\":\"https:\\\/\\\/ocoerente.com.br\\\/se\\\/\"},{\"@type\":\"ListItem\",\"position\":2,\"name\":\"Projeto Rondon chega aos munic\u00edpios de Sergipe\"}]},{\"@type\":\"WebSite\",\"@id\":\"https:\\\/\\\/ocoerente.com.br\\\/se\\\/#website\",\"url\":\"https:\\\/\\\/ocoerente.com.br\\\/se\\\/\",\"name\":\"O Coerente\",\"description\":\"\",\"publisher\":{\"@id\":\"https:\\\/\\\/ocoerente.com.br\\\/se\\\/#\\\/schema\\\/person\\\/cc6bfd9fbca465e23543b0c963d8d037\"},\"potentialAction\":[{\"@type\":\"SearchAction\",\"target\":{\"@type\":\"EntryPoint\",\"urlTemplate\":\"https:\\\/\\\/ocoerente.com.br\\\/se\\\/?s={search_term_string}\"},\"query-input\":{\"@type\":\"PropertyValueSpecification\",\"valueRequired\":true,\"valueName\":\"search_term_string\"}}],\"inLanguage\":\"pt-BR\"},{\"@type\":[\"Person\",\"Organization\"],\"@id\":\"https:\\\/\\\/ocoerente.com.br\\\/se\\\/#\\\/schema\\\/person\\\/cc6bfd9fbca465e23543b0c963d8d037\",\"name\":\"Reda\u00e7\u00e3o\",\"image\":{\"@type\":\"ImageObject\",\"inLanguage\":\"pt-BR\",\"@id\":\"https:\\\/\\\/ocoerente.com.br\\\/se\\\/wp-content\\\/uploads\\\/2020\\\/01\\\/ocoerente-1.png\",\"url\":\"https:\\\/\\\/ocoerente.com.br\\\/se\\\/wp-content\\\/uploads\\\/2020\\\/01\\\/ocoerente-1.png\",\"contentUrl\":\"https:\\\/\\\/ocoerente.com.br\\\/se\\\/wp-content\\\/uploads\\\/2020\\\/01\\\/ocoerente-1.png\",\"width\":50,\"height\":50,\"caption\":\"Reda\u00e7\u00e3o\"},\"logo\":{\"@id\":\"https:\\\/\\\/ocoerente.com.br\\\/se\\\/wp-content\\\/uploads\\\/2020\\\/01\\\/ocoerente-1.png\"},\"url\":\"https:\\\/\\\/ocoerente.com.br\\\/se\\\/author\\\/vasticlsales\\\/\"}]}<\/script>\n<!-- \/ Yoast SEO plugin. -->","yoast_head_json":{"title":"Projeto Rondon chega aos munic\u00edpios de Sergipe - O Coerente","robots":{"index":"index","follow":"follow","max-snippet":"max-snippet:-1","max-image-preview":"max-image-preview:large","max-video-preview":"max-video-preview:-1"},"canonical":"https:\/\/ocoerente.com.br\/se\/2024\/01\/12\/projeto-rondon-chega-aos-municipios-de-sergipe\/","og_locale":"pt_BR","og_type":"article","og_title":"Projeto Rondon chega aos munic\u00edpios de Sergipe - O Coerente","og_description":"Doze munic\u00edpios receber\u00e3o as a\u00e7\u00f5es que ser\u00e3o realizadas por mais de 250 professores e estudantes universit\u00e1rios Entre os dias 18 de janeiro e 4 de fevereiro, o estado de Sergipe recebe a Opera\u00e7\u00e3o Mangabeiras, do Projeto Rondon, que contemplar\u00e1 12 munic\u00edpios e ter\u00e1 como centro regional a cidade de Aracaju\/ SE. A iniciativa envolve os [&hellip;]","og_url":"https:\/\/ocoerente.com.br\/se\/2024\/01\/12\/projeto-rondon-chega-aos-municipios-de-sergipe\/","og_site_name":"O Coerente","article_published_time":"2024-01-12T16:33:45+00:00","article_modified_time":"2024-01-12T16:34:41+00:00","og_image":[{"width":1100,"height":610,"url":"https:\/\/ocoerente.com.br\/se\/wp-content\/uploads\/2024\/01\/rondon.jpg","type":"image\/jpeg"}],"author":"Reda\u00e7\u00e3o","twitter_card":"summary_large_image","twitter_misc":{"Escrito por":"Reda\u00e7\u00e3o","Est. tempo de leitura":"3 minutos"},"schema":{"@context":"https:\/\/schema.org","@graph":[{"@type":"Article","@id":"https:\/\/ocoerente.com.br\/se\/2024\/01\/12\/projeto-rondon-chega-aos-municipios-de-sergipe\/#article","isPartOf":{"@id":"https:\/\/ocoerente.com.br\/se\/2024\/01\/12\/projeto-rondon-chega-aos-municipios-de-sergipe\/"},"author":{"name":"Reda\u00e7\u00e3o","@id":"https:\/\/ocoerente.com.br\/se\/#\/schema\/person\/cc6bfd9fbca465e23543b0c963d8d037"},"headline":"Projeto Rondon chega aos munic\u00edpios de Sergipe","datePublished":"2024-01-12T16:33:45+00:00","dateModified":"2024-01-12T16:34:41+00:00","mainEntityOfPage":{"@id":"https:\/\/ocoerente.com.br\/se\/2024\/01\/12\/projeto-rondon-chega-aos-municipios-de-sergipe\/"},"wordCount":578,"publisher":{"@id":"https:\/\/ocoerente.com.br\/se\/#\/schema\/person\/cc6bfd9fbca465e23543b0c963d8d037"},"image":{"@id":"https:\/\/ocoerente.com.br\/se\/2024\/01\/12\/projeto-rondon-chega-aos-municipios-de-sergipe\/#primaryimage"},"thumbnailUrl":"https:\/\/ocoerente.com.br\/se\/wp-content\/uploads\/2024\/01\/rondon.jpg","articleSection":["Destaques","Educa\u00e7\u00e3o"],"inLanguage":"pt-BR"},{"@type":"WebPage","@id":"https:\/\/ocoerente.com.br\/se\/2024\/01\/12\/projeto-rondon-chega-aos-municipios-de-sergipe\/","url":"https:\/\/ocoerente.com.br\/se\/2024\/01\/12\/projeto-rondon-chega-aos-municipios-de-sergipe\/","name":"Projeto Rondon chega aos munic\u00edpios de Sergipe - O Coerente","isPartOf":{"@id":"https:\/\/ocoerente.com.br\/se\/#website"},"primaryImageOfPage":{"@id":"https:\/\/ocoerente.com.br\/se\/2024\/01\/12\/projeto-rondon-chega-aos-municipios-de-sergipe\/#primaryimage"},"image":{"@id":"https:\/\/ocoerente.com.br\/se\/2024\/01\/12\/projeto-rondon-chega-aos-municipios-de-sergipe\/#primaryimage"},"thumbnailUrl":"https:\/\/ocoerente.com.br\/se\/wp-content\/uploads\/2024\/01\/rondon.jpg","datePublished":"2024-01-12T16:33:45+00:00","dateModified":"2024-01-12T16:34:41+00:00","breadcrumb":{"@id":"https:\/\/ocoerente.com.br\/se\/2024\/01\/12\/projeto-rondon-chega-aos-municipios-de-sergipe\/#breadcrumb"},"inLanguage":"pt-BR","potentialAction":[{"@type":"ReadAction","target":["https:\/\/ocoerente.com.br\/se\/2024\/01\/12\/projeto-rondon-chega-aos-municipios-de-sergipe\/"]}]},{"@type":"ImageObject","inLanguage":"pt-BR","@id":"https:\/\/ocoerente.com.br\/se\/2024\/01\/12\/projeto-rondon-chega-aos-municipios-de-sergipe\/#primaryimage","url":"https:\/\/ocoerente.com.br\/se\/wp-content\/uploads\/2024\/01\/rondon.jpg","contentUrl":"https:\/\/ocoerente.com.br\/se\/wp-content\/uploads\/2024\/01\/rondon.jpg","width":1100,"height":610,"caption":"Projeto Rondon chega aos munic\u00edpios de Sergipe \/ Foto: Ascom Projeto Rondon\/Minist\u00e9rio da Defesa"},{"@type":"BreadcrumbList","@id":"https:\/\/ocoerente.com.br\/se\/2024\/01\/12\/projeto-rondon-chega-aos-municipios-de-sergipe\/#breadcrumb","itemListElement":[{"@type":"ListItem","position":1,"name":"In\u00edcio","item":"https:\/\/ocoerente.com.br\/se\/"},{"@type":"ListItem","position":2,"name":"Projeto Rondon chega aos munic\u00edpios de Sergipe"}]},{"@type":"WebSite","@id":"https:\/\/ocoerente.com.br\/se\/#website","url":"https:\/\/ocoerente.com.br\/se\/","name":"O Coerente","description":"","publisher":{"@id":"https:\/\/ocoerente.com.br\/se\/#\/schema\/person\/cc6bfd9fbca465e23543b0c963d8d037"},"potentialAction":[{"@type":"SearchAction","target":{"@type":"EntryPoint","urlTemplate":"https:\/\/ocoerente.com.br\/se\/?s={search_term_string}"},"query-input":{"@type":"PropertyValueSpecification","valueRequired":true,"valueName":"search_term_string"}}],"inLanguage":"pt-BR"},{"@type":["Person","Organization"],"@id":"https:\/\/ocoerente.com.br\/se\/#\/schema\/person\/cc6bfd9fbca465e23543b0c963d8d037","name":"Reda\u00e7\u00e3o","image":{"@type":"ImageObject","inLanguage":"pt-BR","@id":"https:\/\/ocoerente.com.br\/se\/wp-content\/uploads\/2020\/01\/ocoerente-1.png","url":"https:\/\/ocoerente.com.br\/se\/wp-content\/uploads\/2020\/01\/ocoerente-1.png","contentUrl":"https:\/\/ocoerente.com.br\/se\/wp-content\/uploads\/2020\/01\/ocoerente-1.png","width":50,"height":50,"caption":"Reda\u00e7\u00e3o"},"logo":{"@id":"https:\/\/ocoerente.com.br\/se\/wp-content\/uploads\/2020\/01\/ocoerente-1.png"},"url":"https:\/\/ocoerente.com.br\/se\/author\/vasticlsales\/"}]}},"_links":{"self":[{"href":"https:\/\/ocoerente.com.br\/se\/wp-json\/wp\/v2\/posts\/7781","targetHints":{"allow":["GET"]}}],"collection":[{"href":"https:\/\/ocoerente.com.br\/se\/wp-json\/wp\/v2\/posts"}],"about":[{"href":"https:\/\/ocoerente.com.br\/se\/wp-json\/wp\/v2\/types\/post"}],"author":[{"embeddable":true,"href":"https:\/\/ocoerente.com.br\/se\/wp-json\/wp\/v2\/users\/1"}],"replies":[{"embeddable":true,"href":"https:\/\/ocoerente.com.br\/se\/wp-json\/wp\/v2\/comments?post=7781"}],"version-history":[{"count":2,"href":"https:\/\/ocoerente.com.br\/se\/wp-json\/wp\/v2\/posts\/7781\/revisions"}],"predecessor-version":[{"id":7785,"href":"https:\/\/ocoerente.com.br\/se\/wp-json\/wp\/v2\/posts\/7781\/revisions\/7785"}],"wp:featuredmedia":[{"embeddable":true,"href":"https:\/\/ocoerente.com.br\/se\/wp-json\/wp\/v2\/media\/7782"}],"wp:attachment":[{"href":"https:\/\/ocoerente.com.br\/se\/wp-json\/wp\/v2\/media?parent=7781"}],"wp:term":[{"taxonomy":"category","embeddable":true,"href":"https:\/\/ocoerente.com.br\/se\/wp-json\/wp\/v2\/categories?post=7781"},{"taxonomy":"post_tag","embeddable":true,"href":"https:\/\/ocoerente.com.br\/se\/wp-json\/wp\/v2\/tags?post=7781"}],"curies":[{"name":"wp","href":"https:\/\/api.w.org\/{rel}","templated":true}]}}