{"id":7777,"date":"2024-01-11T21:07:57","date_gmt":"2024-01-12T00:07:57","guid":{"rendered":"https:\/\/ocoerente.com.br\/se\/?p=7777"},"modified":"2024-01-11T21:08:14","modified_gmt":"2024-01-12T00:08:14","slug":"saneamento-basico-e-sua-relacao-com-a-saude-em-aracaju","status":"publish","type":"post","link":"https:\/\/ocoerente.com.br\/se\/2024\/01\/11\/saneamento-basico-e-sua-relacao-com-a-saude-em-aracaju\/","title":{"rendered":"Saneamento b\u00e1sico e sua rela\u00e7\u00e3o com a sa\u00fade, em Aracaju"},"content":{"rendered":"\n<p>Luiz Eduardo Oliveira<\/p>\n\n\n\n<p>Doutor em Sa\u00fade e Ambiente<\/p>\n\n\n\n<p>A rela\u00e7\u00e3o entre sa\u00fade e saneamento b\u00e1sico \u00e9 escancaradamente clara e direta. O problema \u00e9 que as edifica\u00e7\u00f5es para a concretiza\u00e7\u00e3o de saneamento ficam embaixo da terra.\u00a0 Segundo a presidente executiva do instituto Trata Brasil, Luana Pretto, a falta de saneamento influencia diretamente na qualidade de vida das pessoas. A aus\u00eancia dele, integral ou parcial, contribui para a prolifera\u00e7\u00e3o de doen\u00e7as, a exemplo da dengue, esquistossomose, leptospirose e diarreia.\u00a0 Vale destacar que Sergipe \u00e9 um foco de esquistossomose h\u00e1 d\u00e9cadas.\u00a0 A Secretaria de Estado da Sa\u00fade recomendou, embora pare\u00e7a que os gestores n\u00e3o tenham entendido, a intensifica\u00e7\u00e3o de campanhas educativas e a\u00e7\u00f5es de preven\u00e7\u00e3o e buscas de casos de esquistossomose no estado (Sergipe). Segundo a pr\u00f3pria Secretaria, dos 75 munic\u00edpios, 51 s\u00e3o end\u00eamicos e h\u00e1 cidades com ocorr\u00eancia significativa de casos. Qual ou quais a (s) provid\u00eancia (s)? Lagoas e rios contaminados e que por certo devem gerar impactos econ\u00f4micos para os munic\u00edpios e na qualidade de vida dos seus habitantes, no estado de completude, preconizado pela Organiza\u00e7\u00e3o Mundial da Sa\u00fade (OMS). Ainda queremos ser um destino tur\u00edstico, por\u00e9m se os dados sobre a contamina\u00e7\u00e3o ambiental forem expostos, \u201cbye, bye tristeza, n\u00e3o precisa voltar\u201d, j\u00e1 cantava Sandra.<\/p>\n\n\n\n<p>Vale ressaltar que esse conjunto de medidas, denominado saneamento, tem por objetivo prevenir doen\u00e7as e promover a sa\u00fade, melhorar a qualidade de vida da popula\u00e7\u00e3o e, tamb\u00e9m, gerar possibilidades de melhoria na produtividade do indiv\u00edduo. \u00c9 mais um direito assegurado na Constitui\u00e7\u00e3o Federal do Brasil (compet\u00eancia comum da Uni\u00e3o, Estados, Distrito Federal e Munic\u00edpios), na Constitui\u00e7\u00e3o do Estado de Sergipe e na Lei n. 11.455\/2007, por\u00e9m sistematicamente violado. Assegura a Constitui\u00e7\u00e3o Federal a compet\u00eancia do Sistema \u00danico de Sa\u00fade (SUS) na participa\u00e7\u00e3o da formula\u00e7\u00e3o da pol\u00edtica e da execu\u00e7\u00e3o das a\u00e7\u00f5es de saneamento b\u00e1sico. Sergipe pactuou, em 1989, constitucionalmente, que o saneamento b\u00e1sico seria meta priorit\u00e1ria, em todo o territ\u00f3rio estadual. Meta essa que deveria ter sido alcan\u00e7ada at\u00e9 1999.<\/p>\n\n\n\n<p>Importante frisar que o saneamento b\u00e1sico inclui como servi\u00e7os, n\u00e3o somente o abastecimento de \u00e1gua, mas, tamb\u00e9m, o esgotamento sanit\u00e1rio, os res\u00edduos s\u00f3lidos e a limpeza urbana. Os princ\u00edpios adotados pelos governos Federal, Estadual e Municipal contemplam a Universaliza\u00e7\u00e3o, o Plano Municipal de Saneamento B\u00e1sico e a Regula\u00e7\u00e3o de Servi\u00e7os que devem ser prestados \u00e0 popula\u00e7\u00e3o atrav\u00e9s de contrato, que estabele\u00e7a os termos e as principais condi\u00e7\u00f5es para a presta\u00e7\u00e3o dos servi\u00e7os. A lei tamb\u00e9m garantiu \u00e0 sociedade informa\u00e7\u00f5es, representa\u00e7\u00f5es t\u00e9cnicas e participa\u00e7\u00e3o nos processos de formula\u00e7\u00e3o de pol\u00edticas.&nbsp; Fica cada vez mais evidente o porqu\u00ea da necessidade em manter a popula\u00e7\u00e3o em condi\u00e7\u00f5es prec\u00e1rias de educa\u00e7\u00e3o.<\/p>\n\n\n\n<p>O munic\u00edpio de Aracaju, em 2017, instituiu o seu Plano de Saneamento B\u00e1sico, portanto anterior ao \u201cnovo marco legal do saneamento\/2020 e n\u00e3o houve mudan\u00e7as significativas na presta\u00e7\u00e3o dos servi\u00e7os.<\/p>\n\n\n\n<p>N\u00e3o se pode deixar de mencionar o Plano Nacional de Saneamento (Plansab), de 2013, que teve e tem como objetivos, a constru\u00e7\u00e3o do pacto federativo para a solu\u00e7\u00e3o dos problemas do saneamento B\u00c1SICO, fortalecer a regula\u00e7\u00e3o dos servi\u00e7os, instituir metas para a universaliza\u00e7\u00e3o e estimar seus custos. O plano estabeleceu tamb\u00e9m um horizonte de 20 anos, com prazo que findar\u00e1 em 2033, por\u00e9m j\u00e1 estamos em 2024 e at\u00e9 o momento&#8230;<\/p>\n\n\n\n<p>Nem o novo marco legal do saneamento, institu\u00eddo atrav\u00e9s da Lei 14.026\/2020, conseguiu garantir \u00e1gua pot\u00e1vel e tratamento de esgoto para todos, em Aracaju.<\/p>\n\n\n\n<p>Alguns dados s\u00e3o essenciais para a discuss\u00e3o sobre o saneamento b\u00e1sico de nossa capital e para tanto precisamos observar o Painel Saneamento Brasil, atrav\u00e9s do Sistema Nacional de Informa\u00e7\u00f5es Sobre Saneamento (SNIS). De acordo com o \u00faltimo levantamento (2021), Aracaju conta com uma popula\u00e7\u00e3o de aproximadamente 672.614 pessoas e desse total, 2,0% da popula\u00e7\u00e3o n\u00e3o possui acesso \u00e0 \u00e1gua, 44,8% n\u00e3o tem acesso \u00e0 coleta de esgoto e 63,9% \u00e9 o \u00edndice de esgoto tratado referente \u00e0 \u00e1gua consumida. O painel tamb\u00e9m traz associa\u00e7\u00f5es com interna\u00e7\u00f5es por doen\u00e7as de veicula\u00e7\u00e3o h\u00eddrica, escolaridade das pessoas com e sem saneamento, entre outras.<\/p>\n\n\n\n<p>O Instituto \u00c1gua e Saneamento, atrav\u00e9s da empresa prestadora de servi\u00e7o, Empresa Municipal de Obras e Urbaniza\u00e7\u00e3o (EMURB), tamb\u00e9m fornece elementos consistentes para a discuss\u00e3o sobre o saneamento b\u00e1sico de Aracaju. Segundo o Instituto, 100% da \u00e1rea de Aracaju \u00e9 considerada \u00e1rea urbana, 1,6% da popula\u00e7\u00e3o possui domic\u00edlio com risco de inunda\u00e7\u00e3o e n\u00e3o possui Plano Diretor de Drenagem, al\u00e9m de outros dados importantes.<\/p>\n\n\n\n<p>A cria\u00e7\u00e3o da Ag\u00eancia Nacional de \u00c1guas e Saneamento B\u00e1sico (ANA), em 2020, uma autarquia vinculada ao Minist\u00e9rio do Desenvolvimento Regional, foi e \u00e9 outro importante ator na implementa\u00e7\u00e3o da Pol\u00edtica Nacional de Recursos H\u00eddricos e na regula\u00e7\u00e3o dos servi\u00e7os p\u00fablicos de saneamento b\u00e1sico.<\/p>\n\n\n\n<p>Em rela\u00e7\u00e3o \u00e0 Aracaju, alguns locais chamam a aten\u00e7\u00e3o dos transeuntes pelas viola\u00e7\u00f5es, abandonos e falta de aten\u00e7\u00e3o com o meio ambiente. O Parque Tramanda\u00ed, localizado no bairro Jardins, um bairro com pouqu\u00edssimos jardins. Lembrando que Tramanda\u00ed, uma palavra de origem tupi-guarani, pode significar, \u201clugar onde se cerca para colher (pescar com redes) \u201d, ali quase nada sobrevive.<\/p>\n\n\n\n<p>Segundo informa\u00e7\u00e3o, o \u201cparque\u201d nasceu de termo de ajustamento de conduta (TAC) quando da abertura da avenida Pedro Valadares e o tal bairro \u201cJardins\u201d n\u00e3o tem liga\u00e7\u00e3o com a rede de esgoto, ocorrendo o lan\u00e7amento in natura dos efluentes. A interliga\u00e7\u00e3o com o rio Sergipe encontra-se prejudicada pela falta de manuten\u00e7\u00e3o nas seis \u201cbocas\u201d. Para complementar a trag\u00e9dia, h\u00e1 uma construtora pleiteando indeniza\u00e7\u00e3o sob alega\u00e7\u00e3o de que o mangue e o parque s\u00e3o propriedades particular.<\/p>\n\n\n\n<p>Enquanto isso, o pretenso parque apresenta-se como uma \u00e1rea isolada, sem fun\u00e7\u00e3o e aguardando o processo de aterramento para constru\u00e7\u00e3o de edif\u00edcios.<\/p>\n\n\n\n<p>Segundo pesquisa da arquiteta e urbanista Moana Prado, o \u201cparque surgiu como medida compensat\u00f3ria para mitigar os impactos ambientais que foram causadas pela cria\u00e7\u00e3o do Bairro Jardins na d\u00e9cada de 1980\u201d. Qual a medida compensat\u00f3ria? Em que medida o meio ambiente foi recuperado? Ainda segunda a pesquisadora, o parque est\u00e1 classificado como \u00e1rea de prote\u00e7\u00e3o ambiental.<\/p>\n\n\n\n<p>Verificando a lei 12.651\/2012, conhecida como o novo \u201cC\u00f3digo Florestal\u201d encontraremos no artigo 4 que os manguezais, em toda a sua extens\u00e3o, s\u00e3o considerados \u00c1rea de Preserva\u00e7\u00e3o Permanente, bem como o uso ecologicamente sustent\u00e1vel dos apicuns inclui a salvaguarda da absoluta integridade dos manguezais.&nbsp;<\/p>\n\n\n\n<p>Necess\u00e1rio se faz mencionar que Sergipe significa rios dos siris e que esses crust\u00e1ceos s\u00e3o exclusivos de ambiente com salinidade alta, como \u00e9 o caso dos ecossistemas estuarinos, os mangues.&nbsp; Aracaju foi constru\u00edda, praticamente toda a cidade, em cima de manguezais.<\/p>\n\n\n\n<p><a><\/a>Da lagoa Tramanda\u00ed os dejetos s\u00e3o lan\u00e7ados diretamente nos rios Sergipe e Poxim.<\/p>\n\n\n\n<p>Outro local que provoca como\u00e7\u00e3o \u00e9 o aterramento das lagoas localizadas \u00e0 margem da avenida Mel\u00edcio Machado e da Rodovia do N\u00e1ufragos, desde o bairro Atalaia ao bairro Mosqueiro. Um processo que trar\u00e1 problemas de inunda\u00e7\u00e3o em toda a \u00e1rea da conhecida \u201cZona de Expans\u00e3o\u201d.<\/p>\n\n\n\n<p>J\u00e1 a Mar\u00e9 do Apicum, localizada entre bairros de classe m\u00e9dia e alta, recebe os dejetos da Coroa do Meio e frequentemente \u00e9 poss\u00edvel verificar que alguns moradores mais antigos ainda realizam a pesca e o seu resultado do seu trabalho \u00e9 vendido \u00e0 popula\u00e7\u00e3o.<\/p>\n\n\n\n<p>Nas imedia\u00e7\u00f5es dos bairros Coqueiral e Porto Dantas h\u00e1 remanescente de manque, depois de um grande \u201caterro\u201d realizado pelo poder p\u00fablico, nas proximidades do rio do Sal, entre Aracaju e Nossa Senhora do Socorro, que precisa ser analisado conjuntamente por v\u00e1rios atores sociais e pol\u00edticos pois \u00e9 um local destinado a ser um grande foco de doen\u00e7as.<\/p>\n\n\n\n<p>H\u00e1 ainda a Lagoa Doce e a Lagoa Grande, localizadas no bairro Jabotiana que precisam de cuidados e a\u00e7\u00f5es efetivas.<\/p>\n\n\n\n<p>Al\u00e9m da especula\u00e7\u00e3o imobili\u00e1ria presente nos bairros \u201cJardins\u201d, \u201cMosqueiro\u201d, Jabotiana, Coqueiral, Porto Dantas e Coroa do Meio, \u00e9 necess\u00e1rio fiscalizar o ac\u00famulo de res\u00edduos s\u00f3lidos, como os entulhos, colocados \u201cpor engano\u201d. Nesses espa\u00e7os urbanos, o esgotamento sanit\u00e1rio, os aterros e a drenagem das \u00e1guas devem ser analisados \u00e0 luz dos marcos legais e de forma constante.<\/p>\n\n\n\n<p>A\u00e7\u00e3o preventiva \u00e9 sempre menos onerosa e minimiza ou evita cat\u00e1strofes.\u00a0 Algo precisa ser feito urgentemente, pois o saneamento B\u00c1SICO \u00e9 um dos pilares de constru\u00e7\u00e3o da promo\u00e7\u00e3o de sa\u00fade e pode facilitar na mudan\u00e7a para melhor qualidade de vida e sa\u00fade de uma gera\u00e7\u00e3o condenada \u00e0 vulnerabilidade. <em>Quis custodiet ipsos custodes? <\/em>Somente Juvenal para nos ajudar?<\/p>\n\n\n\n<hr class=\"wp-block-separator has-alpha-channel-opacity\"\/>\n\n\n\n<p><\/p>\n","protected":false},"excerpt":{"rendered":"<p>Luiz Eduardo Oliveira Doutor em Sa\u00fade e Ambiente A rela\u00e7\u00e3o entre sa\u00fade e saneamento b\u00e1sico \u00e9 escancaradamente clara e direta. O problema \u00e9 que as edifica\u00e7\u00f5es para a concretiza\u00e7\u00e3o de saneamento ficam embaixo da terra.\u00a0 Segundo a presidente executiva do instituto Trata Brasil, Luana Pretto, a falta de saneamento influencia diretamente na qualidade de vida [&hellip;]<\/p>\n","protected":false},"author":1,"featured_media":7778,"comment_status":"closed","ping_status":"closed","sticky":false,"template":"","format":"standard","meta":{"footnotes":""},"categories":[53,54],"tags":[],"class_list":["post-7777","post","type-post","status-publish","format-standard","has-post-thumbnail","hentry","category-destaques","category-saude"],"yoast_head":"<!-- This site is optimized with the Yoast SEO plugin v27.4 - https:\/\/yoast.com\/product\/yoast-seo-wordpress\/ -->\n<title>Saneamento b\u00e1sico e sua rela\u00e7\u00e3o com a sa\u00fade, em Aracaju - O Coerente<\/title>\n<meta name=\"robots\" content=\"index, follow, max-snippet:-1, max-image-preview:large, max-video-preview:-1\" \/>\n<link rel=\"canonical\" href=\"https:\/\/ocoerente.com.br\/se\/2024\/01\/11\/saneamento-basico-e-sua-relacao-com-a-saude-em-aracaju\/\" \/>\n<meta property=\"og:locale\" content=\"pt_BR\" \/>\n<meta property=\"og:type\" content=\"article\" \/>\n<meta property=\"og:title\" content=\"Saneamento b\u00e1sico e sua rela\u00e7\u00e3o com a sa\u00fade, em Aracaju - O Coerente\" \/>\n<meta property=\"og:description\" content=\"Luiz Eduardo Oliveira Doutor em Sa\u00fade e Ambiente A rela\u00e7\u00e3o entre sa\u00fade e saneamento b\u00e1sico \u00e9 escancaradamente clara e direta. O problema \u00e9 que as edifica\u00e7\u00f5es para a concretiza\u00e7\u00e3o de saneamento ficam embaixo da terra.\u00a0 Segundo a presidente executiva do instituto Trata Brasil, Luana Pretto, a falta de saneamento influencia diretamente na qualidade de vida [&hellip;]\" \/>\n<meta property=\"og:url\" content=\"https:\/\/ocoerente.com.br\/se\/2024\/01\/11\/saneamento-basico-e-sua-relacao-com-a-saude-em-aracaju\/\" \/>\n<meta property=\"og:site_name\" content=\"O Coerente\" \/>\n<meta property=\"article:published_time\" content=\"2024-01-12T00:07:57+00:00\" \/>\n<meta property=\"article:modified_time\" content=\"2024-01-12T00:08:14+00:00\" \/>\n<meta property=\"og:image\" content=\"https:\/\/ocoerente.com.br\/se\/wp-content\/uploads\/2024\/01\/Luiz-eduardo.jpg\" \/>\n\t<meta property=\"og:image:width\" content=\"873\" \/>\n\t<meta property=\"og:image:height\" content=\"583\" \/>\n\t<meta property=\"og:image:type\" content=\"image\/jpeg\" \/>\n<meta name=\"author\" content=\"Reda\u00e7\u00e3o\" \/>\n<meta name=\"twitter:card\" content=\"summary_large_image\" \/>\n<meta name=\"twitter:label1\" content=\"Escrito por\" \/>\n\t<meta name=\"twitter:data1\" content=\"Reda\u00e7\u00e3o\" \/>\n\t<meta name=\"twitter:label2\" content=\"Est. tempo de leitura\" \/>\n\t<meta name=\"twitter:data2\" content=\"8 minutos\" \/>\n<script type=\"application\/ld+json\" class=\"yoast-schema-graph\">{\"@context\":\"https:\\\/\\\/schema.org\",\"@graph\":[{\"@type\":\"Article\",\"@id\":\"https:\\\/\\\/ocoerente.com.br\\\/se\\\/2024\\\/01\\\/11\\\/saneamento-basico-e-sua-relacao-com-a-saude-em-aracaju\\\/#article\",\"isPartOf\":{\"@id\":\"https:\\\/\\\/ocoerente.com.br\\\/se\\\/2024\\\/01\\\/11\\\/saneamento-basico-e-sua-relacao-com-a-saude-em-aracaju\\\/\"},\"author\":{\"name\":\"Reda\u00e7\u00e3o\",\"@id\":\"https:\\\/\\\/ocoerente.com.br\\\/se\\\/#\\\/schema\\\/person\\\/cc6bfd9fbca465e23543b0c963d8d037\"},\"headline\":\"Saneamento b\u00e1sico e sua rela\u00e7\u00e3o com a sa\u00fade, em Aracaju\",\"datePublished\":\"2024-01-12T00:07:57+00:00\",\"dateModified\":\"2024-01-12T00:08:14+00:00\",\"mainEntityOfPage\":{\"@id\":\"https:\\\/\\\/ocoerente.com.br\\\/se\\\/2024\\\/01\\\/11\\\/saneamento-basico-e-sua-relacao-com-a-saude-em-aracaju\\\/\"},\"wordCount\":1526,\"publisher\":{\"@id\":\"https:\\\/\\\/ocoerente.com.br\\\/se\\\/#\\\/schema\\\/person\\\/cc6bfd9fbca465e23543b0c963d8d037\"},\"image\":{\"@id\":\"https:\\\/\\\/ocoerente.com.br\\\/se\\\/2024\\\/01\\\/11\\\/saneamento-basico-e-sua-relacao-com-a-saude-em-aracaju\\\/#primaryimage\"},\"thumbnailUrl\":\"https:\\\/\\\/ocoerente.com.br\\\/se\\\/wp-content\\\/uploads\\\/2024\\\/01\\\/Luiz-eduardo.jpg\",\"articleSection\":[\"Destaques\",\"Sa\u00fade\"],\"inLanguage\":\"pt-BR\"},{\"@type\":\"WebPage\",\"@id\":\"https:\\\/\\\/ocoerente.com.br\\\/se\\\/2024\\\/01\\\/11\\\/saneamento-basico-e-sua-relacao-com-a-saude-em-aracaju\\\/\",\"url\":\"https:\\\/\\\/ocoerente.com.br\\\/se\\\/2024\\\/01\\\/11\\\/saneamento-basico-e-sua-relacao-com-a-saude-em-aracaju\\\/\",\"name\":\"Saneamento b\u00e1sico e sua rela\u00e7\u00e3o com a sa\u00fade, em Aracaju - O Coerente\",\"isPartOf\":{\"@id\":\"https:\\\/\\\/ocoerente.com.br\\\/se\\\/#website\"},\"primaryImageOfPage\":{\"@id\":\"https:\\\/\\\/ocoerente.com.br\\\/se\\\/2024\\\/01\\\/11\\\/saneamento-basico-e-sua-relacao-com-a-saude-em-aracaju\\\/#primaryimage\"},\"image\":{\"@id\":\"https:\\\/\\\/ocoerente.com.br\\\/se\\\/2024\\\/01\\\/11\\\/saneamento-basico-e-sua-relacao-com-a-saude-em-aracaju\\\/#primaryimage\"},\"thumbnailUrl\":\"https:\\\/\\\/ocoerente.com.br\\\/se\\\/wp-content\\\/uploads\\\/2024\\\/01\\\/Luiz-eduardo.jpg\",\"datePublished\":\"2024-01-12T00:07:57+00:00\",\"dateModified\":\"2024-01-12T00:08:14+00:00\",\"breadcrumb\":{\"@id\":\"https:\\\/\\\/ocoerente.com.br\\\/se\\\/2024\\\/01\\\/11\\\/saneamento-basico-e-sua-relacao-com-a-saude-em-aracaju\\\/#breadcrumb\"},\"inLanguage\":\"pt-BR\",\"potentialAction\":[{\"@type\":\"ReadAction\",\"target\":[\"https:\\\/\\\/ocoerente.com.br\\\/se\\\/2024\\\/01\\\/11\\\/saneamento-basico-e-sua-relacao-com-a-saude-em-aracaju\\\/\"]}]},{\"@type\":\"ImageObject\",\"inLanguage\":\"pt-BR\",\"@id\":\"https:\\\/\\\/ocoerente.com.br\\\/se\\\/2024\\\/01\\\/11\\\/saneamento-basico-e-sua-relacao-com-a-saude-em-aracaju\\\/#primaryimage\",\"url\":\"https:\\\/\\\/ocoerente.com.br\\\/se\\\/wp-content\\\/uploads\\\/2024\\\/01\\\/Luiz-eduardo.jpg\",\"contentUrl\":\"https:\\\/\\\/ocoerente.com.br\\\/se\\\/wp-content\\\/uploads\\\/2024\\\/01\\\/Luiz-eduardo.jpg\",\"width\":873,\"height\":583},{\"@type\":\"BreadcrumbList\",\"@id\":\"https:\\\/\\\/ocoerente.com.br\\\/se\\\/2024\\\/01\\\/11\\\/saneamento-basico-e-sua-relacao-com-a-saude-em-aracaju\\\/#breadcrumb\",\"itemListElement\":[{\"@type\":\"ListItem\",\"position\":1,\"name\":\"In\u00edcio\",\"item\":\"https:\\\/\\\/ocoerente.com.br\\\/se\\\/\"},{\"@type\":\"ListItem\",\"position\":2,\"name\":\"Saneamento b\u00e1sico e sua rela\u00e7\u00e3o com a sa\u00fade, em Aracaju\"}]},{\"@type\":\"WebSite\",\"@id\":\"https:\\\/\\\/ocoerente.com.br\\\/se\\\/#website\",\"url\":\"https:\\\/\\\/ocoerente.com.br\\\/se\\\/\",\"name\":\"O Coerente\",\"description\":\"\",\"publisher\":{\"@id\":\"https:\\\/\\\/ocoerente.com.br\\\/se\\\/#\\\/schema\\\/person\\\/cc6bfd9fbca465e23543b0c963d8d037\"},\"potentialAction\":[{\"@type\":\"SearchAction\",\"target\":{\"@type\":\"EntryPoint\",\"urlTemplate\":\"https:\\\/\\\/ocoerente.com.br\\\/se\\\/?s={search_term_string}\"},\"query-input\":{\"@type\":\"PropertyValueSpecification\",\"valueRequired\":true,\"valueName\":\"search_term_string\"}}],\"inLanguage\":\"pt-BR\"},{\"@type\":[\"Person\",\"Organization\"],\"@id\":\"https:\\\/\\\/ocoerente.com.br\\\/se\\\/#\\\/schema\\\/person\\\/cc6bfd9fbca465e23543b0c963d8d037\",\"name\":\"Reda\u00e7\u00e3o\",\"image\":{\"@type\":\"ImageObject\",\"inLanguage\":\"pt-BR\",\"@id\":\"https:\\\/\\\/ocoerente.com.br\\\/se\\\/wp-content\\\/uploads\\\/2020\\\/01\\\/ocoerente-1.png\",\"url\":\"https:\\\/\\\/ocoerente.com.br\\\/se\\\/wp-content\\\/uploads\\\/2020\\\/01\\\/ocoerente-1.png\",\"contentUrl\":\"https:\\\/\\\/ocoerente.com.br\\\/se\\\/wp-content\\\/uploads\\\/2020\\\/01\\\/ocoerente-1.png\",\"width\":50,\"height\":50,\"caption\":\"Reda\u00e7\u00e3o\"},\"logo\":{\"@id\":\"https:\\\/\\\/ocoerente.com.br\\\/se\\\/wp-content\\\/uploads\\\/2020\\\/01\\\/ocoerente-1.png\"},\"url\":\"https:\\\/\\\/ocoerente.com.br\\\/se\\\/author\\\/vasticlsales\\\/\"}]}<\/script>\n<!-- \/ Yoast SEO plugin. -->","yoast_head_json":{"title":"Saneamento b\u00e1sico e sua rela\u00e7\u00e3o com a sa\u00fade, em Aracaju - O Coerente","robots":{"index":"index","follow":"follow","max-snippet":"max-snippet:-1","max-image-preview":"max-image-preview:large","max-video-preview":"max-video-preview:-1"},"canonical":"https:\/\/ocoerente.com.br\/se\/2024\/01\/11\/saneamento-basico-e-sua-relacao-com-a-saude-em-aracaju\/","og_locale":"pt_BR","og_type":"article","og_title":"Saneamento b\u00e1sico e sua rela\u00e7\u00e3o com a sa\u00fade, em Aracaju - O Coerente","og_description":"Luiz Eduardo Oliveira Doutor em Sa\u00fade e Ambiente A rela\u00e7\u00e3o entre sa\u00fade e saneamento b\u00e1sico \u00e9 escancaradamente clara e direta. O problema \u00e9 que as edifica\u00e7\u00f5es para a concretiza\u00e7\u00e3o de saneamento ficam embaixo da terra.\u00a0 Segundo a presidente executiva do instituto Trata Brasil, Luana Pretto, a falta de saneamento influencia diretamente na qualidade de vida [&hellip;]","og_url":"https:\/\/ocoerente.com.br\/se\/2024\/01\/11\/saneamento-basico-e-sua-relacao-com-a-saude-em-aracaju\/","og_site_name":"O Coerente","article_published_time":"2024-01-12T00:07:57+00:00","article_modified_time":"2024-01-12T00:08:14+00:00","og_image":[{"width":873,"height":583,"url":"https:\/\/ocoerente.com.br\/se\/wp-content\/uploads\/2024\/01\/Luiz-eduardo.jpg","type":"image\/jpeg"}],"author":"Reda\u00e7\u00e3o","twitter_card":"summary_large_image","twitter_misc":{"Escrito por":"Reda\u00e7\u00e3o","Est. tempo de leitura":"8 minutos"},"schema":{"@context":"https:\/\/schema.org","@graph":[{"@type":"Article","@id":"https:\/\/ocoerente.com.br\/se\/2024\/01\/11\/saneamento-basico-e-sua-relacao-com-a-saude-em-aracaju\/#article","isPartOf":{"@id":"https:\/\/ocoerente.com.br\/se\/2024\/01\/11\/saneamento-basico-e-sua-relacao-com-a-saude-em-aracaju\/"},"author":{"name":"Reda\u00e7\u00e3o","@id":"https:\/\/ocoerente.com.br\/se\/#\/schema\/person\/cc6bfd9fbca465e23543b0c963d8d037"},"headline":"Saneamento b\u00e1sico e sua rela\u00e7\u00e3o com a sa\u00fade, em Aracaju","datePublished":"2024-01-12T00:07:57+00:00","dateModified":"2024-01-12T00:08:14+00:00","mainEntityOfPage":{"@id":"https:\/\/ocoerente.com.br\/se\/2024\/01\/11\/saneamento-basico-e-sua-relacao-com-a-saude-em-aracaju\/"},"wordCount":1526,"publisher":{"@id":"https:\/\/ocoerente.com.br\/se\/#\/schema\/person\/cc6bfd9fbca465e23543b0c963d8d037"},"image":{"@id":"https:\/\/ocoerente.com.br\/se\/2024\/01\/11\/saneamento-basico-e-sua-relacao-com-a-saude-em-aracaju\/#primaryimage"},"thumbnailUrl":"https:\/\/ocoerente.com.br\/se\/wp-content\/uploads\/2024\/01\/Luiz-eduardo.jpg","articleSection":["Destaques","Sa\u00fade"],"inLanguage":"pt-BR"},{"@type":"WebPage","@id":"https:\/\/ocoerente.com.br\/se\/2024\/01\/11\/saneamento-basico-e-sua-relacao-com-a-saude-em-aracaju\/","url":"https:\/\/ocoerente.com.br\/se\/2024\/01\/11\/saneamento-basico-e-sua-relacao-com-a-saude-em-aracaju\/","name":"Saneamento b\u00e1sico e sua rela\u00e7\u00e3o com a sa\u00fade, em Aracaju - O Coerente","isPartOf":{"@id":"https:\/\/ocoerente.com.br\/se\/#website"},"primaryImageOfPage":{"@id":"https:\/\/ocoerente.com.br\/se\/2024\/01\/11\/saneamento-basico-e-sua-relacao-com-a-saude-em-aracaju\/#primaryimage"},"image":{"@id":"https:\/\/ocoerente.com.br\/se\/2024\/01\/11\/saneamento-basico-e-sua-relacao-com-a-saude-em-aracaju\/#primaryimage"},"thumbnailUrl":"https:\/\/ocoerente.com.br\/se\/wp-content\/uploads\/2024\/01\/Luiz-eduardo.jpg","datePublished":"2024-01-12T00:07:57+00:00","dateModified":"2024-01-12T00:08:14+00:00","breadcrumb":{"@id":"https:\/\/ocoerente.com.br\/se\/2024\/01\/11\/saneamento-basico-e-sua-relacao-com-a-saude-em-aracaju\/#breadcrumb"},"inLanguage":"pt-BR","potentialAction":[{"@type":"ReadAction","target":["https:\/\/ocoerente.com.br\/se\/2024\/01\/11\/saneamento-basico-e-sua-relacao-com-a-saude-em-aracaju\/"]}]},{"@type":"ImageObject","inLanguage":"pt-BR","@id":"https:\/\/ocoerente.com.br\/se\/2024\/01\/11\/saneamento-basico-e-sua-relacao-com-a-saude-em-aracaju\/#primaryimage","url":"https:\/\/ocoerente.com.br\/se\/wp-content\/uploads\/2024\/01\/Luiz-eduardo.jpg","contentUrl":"https:\/\/ocoerente.com.br\/se\/wp-content\/uploads\/2024\/01\/Luiz-eduardo.jpg","width":873,"height":583},{"@type":"BreadcrumbList","@id":"https:\/\/ocoerente.com.br\/se\/2024\/01\/11\/saneamento-basico-e-sua-relacao-com-a-saude-em-aracaju\/#breadcrumb","itemListElement":[{"@type":"ListItem","position":1,"name":"In\u00edcio","item":"https:\/\/ocoerente.com.br\/se\/"},{"@type":"ListItem","position":2,"name":"Saneamento b\u00e1sico e sua rela\u00e7\u00e3o com a sa\u00fade, em Aracaju"}]},{"@type":"WebSite","@id":"https:\/\/ocoerente.com.br\/se\/#website","url":"https:\/\/ocoerente.com.br\/se\/","name":"O Coerente","description":"","publisher":{"@id":"https:\/\/ocoerente.com.br\/se\/#\/schema\/person\/cc6bfd9fbca465e23543b0c963d8d037"},"potentialAction":[{"@type":"SearchAction","target":{"@type":"EntryPoint","urlTemplate":"https:\/\/ocoerente.com.br\/se\/?s={search_term_string}"},"query-input":{"@type":"PropertyValueSpecification","valueRequired":true,"valueName":"search_term_string"}}],"inLanguage":"pt-BR"},{"@type":["Person","Organization"],"@id":"https:\/\/ocoerente.com.br\/se\/#\/schema\/person\/cc6bfd9fbca465e23543b0c963d8d037","name":"Reda\u00e7\u00e3o","image":{"@type":"ImageObject","inLanguage":"pt-BR","@id":"https:\/\/ocoerente.com.br\/se\/wp-content\/uploads\/2020\/01\/ocoerente-1.png","url":"https:\/\/ocoerente.com.br\/se\/wp-content\/uploads\/2020\/01\/ocoerente-1.png","contentUrl":"https:\/\/ocoerente.com.br\/se\/wp-content\/uploads\/2020\/01\/ocoerente-1.png","width":50,"height":50,"caption":"Reda\u00e7\u00e3o"},"logo":{"@id":"https:\/\/ocoerente.com.br\/se\/wp-content\/uploads\/2020\/01\/ocoerente-1.png"},"url":"https:\/\/ocoerente.com.br\/se\/author\/vasticlsales\/"}]}},"_links":{"self":[{"href":"https:\/\/ocoerente.com.br\/se\/wp-json\/wp\/v2\/posts\/7777","targetHints":{"allow":["GET"]}}],"collection":[{"href":"https:\/\/ocoerente.com.br\/se\/wp-json\/wp\/v2\/posts"}],"about":[{"href":"https:\/\/ocoerente.com.br\/se\/wp-json\/wp\/v2\/types\/post"}],"author":[{"embeddable":true,"href":"https:\/\/ocoerente.com.br\/se\/wp-json\/wp\/v2\/users\/1"}],"replies":[{"embeddable":true,"href":"https:\/\/ocoerente.com.br\/se\/wp-json\/wp\/v2\/comments?post=7777"}],"version-history":[{"count":2,"href":"https:\/\/ocoerente.com.br\/se\/wp-json\/wp\/v2\/posts\/7777\/revisions"}],"predecessor-version":[{"id":7780,"href":"https:\/\/ocoerente.com.br\/se\/wp-json\/wp\/v2\/posts\/7777\/revisions\/7780"}],"wp:featuredmedia":[{"embeddable":true,"href":"https:\/\/ocoerente.com.br\/se\/wp-json\/wp\/v2\/media\/7778"}],"wp:attachment":[{"href":"https:\/\/ocoerente.com.br\/se\/wp-json\/wp\/v2\/media?parent=7777"}],"wp:term":[{"taxonomy":"category","embeddable":true,"href":"https:\/\/ocoerente.com.br\/se\/wp-json\/wp\/v2\/categories?post=7777"},{"taxonomy":"post_tag","embeddable":true,"href":"https:\/\/ocoerente.com.br\/se\/wp-json\/wp\/v2\/tags?post=7777"}],"curies":[{"name":"wp","href":"https:\/\/api.w.org\/{rel}","templated":true}]}}