{"id":7774,"date":"2024-01-11T17:54:24","date_gmt":"2024-01-11T20:54:24","guid":{"rendered":"https:\/\/ocoerente.com.br\/se\/?p=7774"},"modified":"2024-01-11T17:54:24","modified_gmt":"2024-01-11T20:54:24","slug":"dorival-junior-assina-contrato-com-a-cbf-e-selecao-brasileira-durante-a-coletiva-de-imprensa","status":"publish","type":"post","link":"https:\/\/ocoerente.com.br\/se\/2024\/01\/11\/dorival-junior-assina-contrato-com-a-cbf-e-selecao-brasileira-durante-a-coletiva-de-imprensa\/","title":{"rendered":"Dorival J\u00fanior assina contrato com a CBF (e sele\u00e7\u00e3o brasileira) durante a coletiva de imprensa"},"content":{"rendered":"\n<p>O amadorismo da CBF n\u00e3o tem fim. Ap\u00f3s sonhar com Carlo Ancelotti e vir seu sonho ruir no fim do ano, a entidade comete novas presepadas. Ap\u00f3s demitir de forma pol\u00eamica Fernando Diniz do cargo de treinador da sele\u00e7\u00e3o brasileira masculina, a mais nova do amadorismo da CBF foi realizar a assinatura de contrato de Dorival Junior com a entidade como treinador da sele\u00e7\u00e3o brasileira masculina durante a coletiva de imprensa.<\/p>\n\n\n\n<p>Isso mesmo, Dorival J\u00fanior de forma oficial, no papel, somente virou treinador da sele\u00e7\u00e3o brasileira, durante a coletiva de imprensa.<\/p>\n\n\n\n<p>\u201cHoje estou aqui representando a sele\u00e7\u00e3o mais vencedora do planeta, a que inspira muitos no mundo inteiro. E tem obriga\u00e7\u00e3o de voltar a vencer. O futebol brasileiro \u00e9 muito forte, se reinventa. N\u00e3o pode passar pelo momento que est\u00e1 passando. Que sirva de li\u00e7\u00e3o para que possamos encontrar um novo caminho. N\u00f3s aprendemos com o futebol brasileiro o caminho da vit\u00f3ria. E precisamos reencontrar esse momento\u201d, disse Dorival na sua apresenta\u00e7\u00e3o, que deseja que o torcedor brasileiro volte a acreditar e ter carinho pela sele\u00e7\u00e3o.<\/p>\n\n\n\n<p>\u201cEstou aqui para fazer a primeira convoca\u00e7\u00e3o: a do torcedor brasileiro. A partir de agora n\u00e3o \u00e9 a sele\u00e7\u00e3o do Dorival, \u00e9 a sele\u00e7\u00e3o do povo brasileiro. Que acredite mais na sele\u00e7\u00e3o, que viva mais a sele\u00e7\u00e3o. Precisamos entregar uma sele\u00e7\u00e3o confi\u00e1vel, que passe credibilidade a todos n\u00f3s. E, num segundo momento, t\u00e3o importante quanto, convoco todos os profissionais que fazem parte do futebol, que estejam envolvidos com futebol. O futebol precisa de cada um de voc\u00eas\u201d, declarou.<\/p>\n\n\n\n<p>Dorival exaltou o \u2018nacionalismo\u2019, o \u2018amor a p\u00e1tria\u2019 em sua primeira coletiva. Para ele, os jogadores convocados para sele\u00e7\u00e3o t\u00eam que sentir o peso e ter orgulho de usar a camisa da sele\u00e7\u00e3o brasileira.<\/p>\n\n\n\n<p>\u201cTodos n\u00f3s temos que entender um pouco mais o que representa essa Sele\u00e7\u00e3o. Acima de tudo, que cada um assuma um pouco mais a responsabilidade quando forem convocados. A li\u00e7\u00e3o que o Zagallo nos deixou \u00e9 uma li\u00e7\u00e3o que tem que ficar guardada para o resto da vida. O atleta que vem para c\u00e1 n\u00e3o pode deixar de ter essa gana, essa garra de querer ganhar o tempo inteiro\u201d, afirmou.<\/p>\n\n\n\n<p>Na sua apresenta\u00e7\u00e3o, o novo t\u00e9cnico da sele\u00e7\u00e3o masculina estava emocionado. \u201c\u00c9 uma satisfa\u00e7\u00e3o, estou sinceramente emocionado, depois de tudo que eu vivi, de tudo que eu passei. E principalmente nos \u00faltimos seis, sete anos, conseguindo vencer dois momentos de muitas dificuldades dentro da minha casa, do meu lar. A minha esposa com um c\u00e2ncer muito agressivo, logo em seguida eu tamb\u00e9m fui diagnosticado. Isso me fortaleceu ainda mais e pude repensar pontos da minha carreira. S\u00e3o praticamente 54 anos em que o futebol vive dentro da minha casa\u201d, comentou.<\/p>\n\n\n\n<p>\u201cHoje completo 20 anos de treinador. Quatro a cinco anos parado nesse intervalo todo. 14 t\u00edtulos alcan\u00e7ados, dois vice-campeonatos brasileiros, com o Santos em 2016 e com o Flamengo em 2018. \u00c9 uma carreira para a qual me dediquei desde o in\u00edcio, de corpo e alma. N\u00e3o imaginava que pudesse acontecer num momento como este, at\u00e9 porque um grande amigo meu aqui estava, o Fernando, por quem eu tenho um carinho e um respeito muito grande\u201d, completou.<\/p>\n\n\n\n<p>Presidente da CBF, Ednaldo Rodrigues, n\u00e3o respondeu perguntas dos jornalistas, e apenas fez um breve pronunciamento, antes da assinatura do contrato entre CBF e Dorival. \u201cHoje anunciamos novo treinador da sele\u00e7\u00e3o brasileira, Dorival J\u00fanior. Est\u00e1 neste momento consolidando projeto vitorioso para a Copa do Mundo de 2026. Contrato do per\u00edodo a partir de hoje e at\u00e9 p\u00f3s-Copa de 2026\u201d, declarou o mandat\u00e1rio da CBF.<\/p>\n\n\n\n<p><strong>esportepaulista.com.br<\/strong><\/p>\n","protected":false},"excerpt":{"rendered":"<p>O amadorismo da CBF n\u00e3o tem fim. Ap\u00f3s sonhar com Carlo Ancelotti e vir seu sonho ruir no fim do ano, a entidade comete novas presepadas. Ap\u00f3s demitir de forma pol\u00eamica Fernando Diniz do cargo de treinador da sele\u00e7\u00e3o brasileira masculina, a mais nova do amadorismo da CBF foi realizar a assinatura de contrato de [&hellip;]<\/p>\n","protected":false},"author":1,"featured_media":7775,"comment_status":"closed","ping_status":"closed","sticky":false,"template":"","format":"standard","meta":{"footnotes":""},"categories":[53,46],"tags":[],"class_list":["post-7774","post","type-post","status-publish","format-standard","has-post-thumbnail","hentry","category-destaques","category-esporte"],"yoast_head":"<!-- This site is optimized with the Yoast SEO plugin v27.4 - https:\/\/yoast.com\/product\/yoast-seo-wordpress\/ -->\n<title>Dorival J\u00fanior assina contrato com a CBF (e sele\u00e7\u00e3o brasileira) durante a coletiva de imprensa - O Coerente<\/title>\n<meta name=\"robots\" content=\"index, follow, max-snippet:-1, max-image-preview:large, max-video-preview:-1\" \/>\n<link rel=\"canonical\" href=\"https:\/\/ocoerente.com.br\/se\/2024\/01\/11\/dorival-junior-assina-contrato-com-a-cbf-e-selecao-brasileira-durante-a-coletiva-de-imprensa\/\" \/>\n<meta property=\"og:locale\" content=\"pt_BR\" \/>\n<meta property=\"og:type\" content=\"article\" \/>\n<meta property=\"og:title\" content=\"Dorival J\u00fanior assina contrato com a CBF (e sele\u00e7\u00e3o brasileira) durante a coletiva de imprensa - O Coerente\" \/>\n<meta property=\"og:description\" content=\"O amadorismo da CBF n\u00e3o tem fim. Ap\u00f3s sonhar com Carlo Ancelotti e vir seu sonho ruir no fim do ano, a entidade comete novas presepadas. Ap\u00f3s demitir de forma pol\u00eamica Fernando Diniz do cargo de treinador da sele\u00e7\u00e3o brasileira masculina, a mais nova do amadorismo da CBF foi realizar a assinatura de contrato de [&hellip;]\" \/>\n<meta property=\"og:url\" content=\"https:\/\/ocoerente.com.br\/se\/2024\/01\/11\/dorival-junior-assina-contrato-com-a-cbf-e-selecao-brasileira-durante-a-coletiva-de-imprensa\/\" \/>\n<meta property=\"og:site_name\" content=\"O Coerente\" \/>\n<meta property=\"article:published_time\" content=\"2024-01-11T20:54:24+00:00\" \/>\n<meta property=\"og:image\" content=\"https:\/\/ocoerente.com.br\/se\/wp-content\/uploads\/2024\/01\/Dorival.png\" \/>\n\t<meta property=\"og:image:width\" content=\"755\" \/>\n\t<meta property=\"og:image:height\" content=\"425\" \/>\n\t<meta property=\"og:image:type\" content=\"image\/png\" \/>\n<meta name=\"author\" content=\"Reda\u00e7\u00e3o\" \/>\n<meta name=\"twitter:card\" content=\"summary_large_image\" \/>\n<meta name=\"twitter:label1\" content=\"Escrito por\" \/>\n\t<meta name=\"twitter:data1\" content=\"Reda\u00e7\u00e3o\" \/>\n\t<meta name=\"twitter:label2\" content=\"Est. tempo de leitura\" \/>\n\t<meta name=\"twitter:data2\" content=\"3 minutos\" \/>\n<script type=\"application\/ld+json\" class=\"yoast-schema-graph\">{\"@context\":\"https:\\\/\\\/schema.org\",\"@graph\":[{\"@type\":\"Article\",\"@id\":\"https:\\\/\\\/ocoerente.com.br\\\/se\\\/2024\\\/01\\\/11\\\/dorival-junior-assina-contrato-com-a-cbf-e-selecao-brasileira-durante-a-coletiva-de-imprensa\\\/#article\",\"isPartOf\":{\"@id\":\"https:\\\/\\\/ocoerente.com.br\\\/se\\\/2024\\\/01\\\/11\\\/dorival-junior-assina-contrato-com-a-cbf-e-selecao-brasileira-durante-a-coletiva-de-imprensa\\\/\"},\"author\":{\"name\":\"Reda\u00e7\u00e3o\",\"@id\":\"https:\\\/\\\/ocoerente.com.br\\\/se\\\/#\\\/schema\\\/person\\\/cc6bfd9fbca465e23543b0c963d8d037\"},\"headline\":\"Dorival J\u00fanior assina contrato com a CBF (e sele\u00e7\u00e3o brasileira) durante a coletiva de imprensa\",\"datePublished\":\"2024-01-11T20:54:24+00:00\",\"mainEntityOfPage\":{\"@id\":\"https:\\\/\\\/ocoerente.com.br\\\/se\\\/2024\\\/01\\\/11\\\/dorival-junior-assina-contrato-com-a-cbf-e-selecao-brasileira-durante-a-coletiva-de-imprensa\\\/\"},\"wordCount\":649,\"publisher\":{\"@id\":\"https:\\\/\\\/ocoerente.com.br\\\/se\\\/#\\\/schema\\\/person\\\/cc6bfd9fbca465e23543b0c963d8d037\"},\"image\":{\"@id\":\"https:\\\/\\\/ocoerente.com.br\\\/se\\\/2024\\\/01\\\/11\\\/dorival-junior-assina-contrato-com-a-cbf-e-selecao-brasileira-durante-a-coletiva-de-imprensa\\\/#primaryimage\"},\"thumbnailUrl\":\"https:\\\/\\\/ocoerente.com.br\\\/se\\\/wp-content\\\/uploads\\\/2024\\\/01\\\/Dorival.png\",\"articleSection\":[\"Destaques\",\"Esporte\"],\"inLanguage\":\"pt-BR\"},{\"@type\":\"WebPage\",\"@id\":\"https:\\\/\\\/ocoerente.com.br\\\/se\\\/2024\\\/01\\\/11\\\/dorival-junior-assina-contrato-com-a-cbf-e-selecao-brasileira-durante-a-coletiva-de-imprensa\\\/\",\"url\":\"https:\\\/\\\/ocoerente.com.br\\\/se\\\/2024\\\/01\\\/11\\\/dorival-junior-assina-contrato-com-a-cbf-e-selecao-brasileira-durante-a-coletiva-de-imprensa\\\/\",\"name\":\"Dorival J\u00fanior assina contrato com a CBF (e sele\u00e7\u00e3o brasileira) durante a coletiva de imprensa - O Coerente\",\"isPartOf\":{\"@id\":\"https:\\\/\\\/ocoerente.com.br\\\/se\\\/#website\"},\"primaryImageOfPage\":{\"@id\":\"https:\\\/\\\/ocoerente.com.br\\\/se\\\/2024\\\/01\\\/11\\\/dorival-junior-assina-contrato-com-a-cbf-e-selecao-brasileira-durante-a-coletiva-de-imprensa\\\/#primaryimage\"},\"image\":{\"@id\":\"https:\\\/\\\/ocoerente.com.br\\\/se\\\/2024\\\/01\\\/11\\\/dorival-junior-assina-contrato-com-a-cbf-e-selecao-brasileira-durante-a-coletiva-de-imprensa\\\/#primaryimage\"},\"thumbnailUrl\":\"https:\\\/\\\/ocoerente.com.br\\\/se\\\/wp-content\\\/uploads\\\/2024\\\/01\\\/Dorival.png\",\"datePublished\":\"2024-01-11T20:54:24+00:00\",\"breadcrumb\":{\"@id\":\"https:\\\/\\\/ocoerente.com.br\\\/se\\\/2024\\\/01\\\/11\\\/dorival-junior-assina-contrato-com-a-cbf-e-selecao-brasileira-durante-a-coletiva-de-imprensa\\\/#breadcrumb\"},\"inLanguage\":\"pt-BR\",\"potentialAction\":[{\"@type\":\"ReadAction\",\"target\":[\"https:\\\/\\\/ocoerente.com.br\\\/se\\\/2024\\\/01\\\/11\\\/dorival-junior-assina-contrato-com-a-cbf-e-selecao-brasileira-durante-a-coletiva-de-imprensa\\\/\"]}]},{\"@type\":\"ImageObject\",\"inLanguage\":\"pt-BR\",\"@id\":\"https:\\\/\\\/ocoerente.com.br\\\/se\\\/2024\\\/01\\\/11\\\/dorival-junior-assina-contrato-com-a-cbf-e-selecao-brasileira-durante-a-coletiva-de-imprensa\\\/#primaryimage\",\"url\":\"https:\\\/\\\/ocoerente.com.br\\\/se\\\/wp-content\\\/uploads\\\/2024\\\/01\\\/Dorival.png\",\"contentUrl\":\"https:\\\/\\\/ocoerente.com.br\\\/se\\\/wp-content\\\/uploads\\\/2024\\\/01\\\/Dorival.png\",\"width\":755,\"height\":425},{\"@type\":\"BreadcrumbList\",\"@id\":\"https:\\\/\\\/ocoerente.com.br\\\/se\\\/2024\\\/01\\\/11\\\/dorival-junior-assina-contrato-com-a-cbf-e-selecao-brasileira-durante-a-coletiva-de-imprensa\\\/#breadcrumb\",\"itemListElement\":[{\"@type\":\"ListItem\",\"position\":1,\"name\":\"In\u00edcio\",\"item\":\"https:\\\/\\\/ocoerente.com.br\\\/se\\\/\"},{\"@type\":\"ListItem\",\"position\":2,\"name\":\"Dorival J\u00fanior assina contrato com a CBF (e sele\u00e7\u00e3o brasileira) durante a coletiva de imprensa\"}]},{\"@type\":\"WebSite\",\"@id\":\"https:\\\/\\\/ocoerente.com.br\\\/se\\\/#website\",\"url\":\"https:\\\/\\\/ocoerente.com.br\\\/se\\\/\",\"name\":\"O Coerente\",\"description\":\"\",\"publisher\":{\"@id\":\"https:\\\/\\\/ocoerente.com.br\\\/se\\\/#\\\/schema\\\/person\\\/cc6bfd9fbca465e23543b0c963d8d037\"},\"potentialAction\":[{\"@type\":\"SearchAction\",\"target\":{\"@type\":\"EntryPoint\",\"urlTemplate\":\"https:\\\/\\\/ocoerente.com.br\\\/se\\\/?s={search_term_string}\"},\"query-input\":{\"@type\":\"PropertyValueSpecification\",\"valueRequired\":true,\"valueName\":\"search_term_string\"}}],\"inLanguage\":\"pt-BR\"},{\"@type\":[\"Person\",\"Organization\"],\"@id\":\"https:\\\/\\\/ocoerente.com.br\\\/se\\\/#\\\/schema\\\/person\\\/cc6bfd9fbca465e23543b0c963d8d037\",\"name\":\"Reda\u00e7\u00e3o\",\"image\":{\"@type\":\"ImageObject\",\"inLanguage\":\"pt-BR\",\"@id\":\"https:\\\/\\\/ocoerente.com.br\\\/se\\\/wp-content\\\/uploads\\\/2020\\\/01\\\/ocoerente-1.png\",\"url\":\"https:\\\/\\\/ocoerente.com.br\\\/se\\\/wp-content\\\/uploads\\\/2020\\\/01\\\/ocoerente-1.png\",\"contentUrl\":\"https:\\\/\\\/ocoerente.com.br\\\/se\\\/wp-content\\\/uploads\\\/2020\\\/01\\\/ocoerente-1.png\",\"width\":50,\"height\":50,\"caption\":\"Reda\u00e7\u00e3o\"},\"logo\":{\"@id\":\"https:\\\/\\\/ocoerente.com.br\\\/se\\\/wp-content\\\/uploads\\\/2020\\\/01\\\/ocoerente-1.png\"},\"url\":\"https:\\\/\\\/ocoerente.com.br\\\/se\\\/author\\\/vasticlsales\\\/\"}]}<\/script>\n<!-- \/ Yoast SEO plugin. -->","yoast_head_json":{"title":"Dorival J\u00fanior assina contrato com a CBF (e sele\u00e7\u00e3o brasileira) durante a coletiva de imprensa - O Coerente","robots":{"index":"index","follow":"follow","max-snippet":"max-snippet:-1","max-image-preview":"max-image-preview:large","max-video-preview":"max-video-preview:-1"},"canonical":"https:\/\/ocoerente.com.br\/se\/2024\/01\/11\/dorival-junior-assina-contrato-com-a-cbf-e-selecao-brasileira-durante-a-coletiva-de-imprensa\/","og_locale":"pt_BR","og_type":"article","og_title":"Dorival J\u00fanior assina contrato com a CBF (e sele\u00e7\u00e3o brasileira) durante a coletiva de imprensa - O Coerente","og_description":"O amadorismo da CBF n\u00e3o tem fim. Ap\u00f3s sonhar com Carlo Ancelotti e vir seu sonho ruir no fim do ano, a entidade comete novas presepadas. Ap\u00f3s demitir de forma pol\u00eamica Fernando Diniz do cargo de treinador da sele\u00e7\u00e3o brasileira masculina, a mais nova do amadorismo da CBF foi realizar a assinatura de contrato de [&hellip;]","og_url":"https:\/\/ocoerente.com.br\/se\/2024\/01\/11\/dorival-junior-assina-contrato-com-a-cbf-e-selecao-brasileira-durante-a-coletiva-de-imprensa\/","og_site_name":"O Coerente","article_published_time":"2024-01-11T20:54:24+00:00","og_image":[{"width":755,"height":425,"url":"https:\/\/ocoerente.com.br\/se\/wp-content\/uploads\/2024\/01\/Dorival.png","type":"image\/png"}],"author":"Reda\u00e7\u00e3o","twitter_card":"summary_large_image","twitter_misc":{"Escrito por":"Reda\u00e7\u00e3o","Est. tempo de leitura":"3 minutos"},"schema":{"@context":"https:\/\/schema.org","@graph":[{"@type":"Article","@id":"https:\/\/ocoerente.com.br\/se\/2024\/01\/11\/dorival-junior-assina-contrato-com-a-cbf-e-selecao-brasileira-durante-a-coletiva-de-imprensa\/#article","isPartOf":{"@id":"https:\/\/ocoerente.com.br\/se\/2024\/01\/11\/dorival-junior-assina-contrato-com-a-cbf-e-selecao-brasileira-durante-a-coletiva-de-imprensa\/"},"author":{"name":"Reda\u00e7\u00e3o","@id":"https:\/\/ocoerente.com.br\/se\/#\/schema\/person\/cc6bfd9fbca465e23543b0c963d8d037"},"headline":"Dorival J\u00fanior assina contrato com a CBF (e sele\u00e7\u00e3o brasileira) durante a coletiva de imprensa","datePublished":"2024-01-11T20:54:24+00:00","mainEntityOfPage":{"@id":"https:\/\/ocoerente.com.br\/se\/2024\/01\/11\/dorival-junior-assina-contrato-com-a-cbf-e-selecao-brasileira-durante-a-coletiva-de-imprensa\/"},"wordCount":649,"publisher":{"@id":"https:\/\/ocoerente.com.br\/se\/#\/schema\/person\/cc6bfd9fbca465e23543b0c963d8d037"},"image":{"@id":"https:\/\/ocoerente.com.br\/se\/2024\/01\/11\/dorival-junior-assina-contrato-com-a-cbf-e-selecao-brasileira-durante-a-coletiva-de-imprensa\/#primaryimage"},"thumbnailUrl":"https:\/\/ocoerente.com.br\/se\/wp-content\/uploads\/2024\/01\/Dorival.png","articleSection":["Destaques","Esporte"],"inLanguage":"pt-BR"},{"@type":"WebPage","@id":"https:\/\/ocoerente.com.br\/se\/2024\/01\/11\/dorival-junior-assina-contrato-com-a-cbf-e-selecao-brasileira-durante-a-coletiva-de-imprensa\/","url":"https:\/\/ocoerente.com.br\/se\/2024\/01\/11\/dorival-junior-assina-contrato-com-a-cbf-e-selecao-brasileira-durante-a-coletiva-de-imprensa\/","name":"Dorival J\u00fanior assina contrato com a CBF (e sele\u00e7\u00e3o brasileira) durante a coletiva de imprensa - O Coerente","isPartOf":{"@id":"https:\/\/ocoerente.com.br\/se\/#website"},"primaryImageOfPage":{"@id":"https:\/\/ocoerente.com.br\/se\/2024\/01\/11\/dorival-junior-assina-contrato-com-a-cbf-e-selecao-brasileira-durante-a-coletiva-de-imprensa\/#primaryimage"},"image":{"@id":"https:\/\/ocoerente.com.br\/se\/2024\/01\/11\/dorival-junior-assina-contrato-com-a-cbf-e-selecao-brasileira-durante-a-coletiva-de-imprensa\/#primaryimage"},"thumbnailUrl":"https:\/\/ocoerente.com.br\/se\/wp-content\/uploads\/2024\/01\/Dorival.png","datePublished":"2024-01-11T20:54:24+00:00","breadcrumb":{"@id":"https:\/\/ocoerente.com.br\/se\/2024\/01\/11\/dorival-junior-assina-contrato-com-a-cbf-e-selecao-brasileira-durante-a-coletiva-de-imprensa\/#breadcrumb"},"inLanguage":"pt-BR","potentialAction":[{"@type":"ReadAction","target":["https:\/\/ocoerente.com.br\/se\/2024\/01\/11\/dorival-junior-assina-contrato-com-a-cbf-e-selecao-brasileira-durante-a-coletiva-de-imprensa\/"]}]},{"@type":"ImageObject","inLanguage":"pt-BR","@id":"https:\/\/ocoerente.com.br\/se\/2024\/01\/11\/dorival-junior-assina-contrato-com-a-cbf-e-selecao-brasileira-durante-a-coletiva-de-imprensa\/#primaryimage","url":"https:\/\/ocoerente.com.br\/se\/wp-content\/uploads\/2024\/01\/Dorival.png","contentUrl":"https:\/\/ocoerente.com.br\/se\/wp-content\/uploads\/2024\/01\/Dorival.png","width":755,"height":425},{"@type":"BreadcrumbList","@id":"https:\/\/ocoerente.com.br\/se\/2024\/01\/11\/dorival-junior-assina-contrato-com-a-cbf-e-selecao-brasileira-durante-a-coletiva-de-imprensa\/#breadcrumb","itemListElement":[{"@type":"ListItem","position":1,"name":"In\u00edcio","item":"https:\/\/ocoerente.com.br\/se\/"},{"@type":"ListItem","position":2,"name":"Dorival J\u00fanior assina contrato com a CBF (e sele\u00e7\u00e3o brasileira) durante a coletiva de imprensa"}]},{"@type":"WebSite","@id":"https:\/\/ocoerente.com.br\/se\/#website","url":"https:\/\/ocoerente.com.br\/se\/","name":"O Coerente","description":"","publisher":{"@id":"https:\/\/ocoerente.com.br\/se\/#\/schema\/person\/cc6bfd9fbca465e23543b0c963d8d037"},"potentialAction":[{"@type":"SearchAction","target":{"@type":"EntryPoint","urlTemplate":"https:\/\/ocoerente.com.br\/se\/?s={search_term_string}"},"query-input":{"@type":"PropertyValueSpecification","valueRequired":true,"valueName":"search_term_string"}}],"inLanguage":"pt-BR"},{"@type":["Person","Organization"],"@id":"https:\/\/ocoerente.com.br\/se\/#\/schema\/person\/cc6bfd9fbca465e23543b0c963d8d037","name":"Reda\u00e7\u00e3o","image":{"@type":"ImageObject","inLanguage":"pt-BR","@id":"https:\/\/ocoerente.com.br\/se\/wp-content\/uploads\/2020\/01\/ocoerente-1.png","url":"https:\/\/ocoerente.com.br\/se\/wp-content\/uploads\/2020\/01\/ocoerente-1.png","contentUrl":"https:\/\/ocoerente.com.br\/se\/wp-content\/uploads\/2020\/01\/ocoerente-1.png","width":50,"height":50,"caption":"Reda\u00e7\u00e3o"},"logo":{"@id":"https:\/\/ocoerente.com.br\/se\/wp-content\/uploads\/2020\/01\/ocoerente-1.png"},"url":"https:\/\/ocoerente.com.br\/se\/author\/vasticlsales\/"}]}},"_links":{"self":[{"href":"https:\/\/ocoerente.com.br\/se\/wp-json\/wp\/v2\/posts\/7774","targetHints":{"allow":["GET"]}}],"collection":[{"href":"https:\/\/ocoerente.com.br\/se\/wp-json\/wp\/v2\/posts"}],"about":[{"href":"https:\/\/ocoerente.com.br\/se\/wp-json\/wp\/v2\/types\/post"}],"author":[{"embeddable":true,"href":"https:\/\/ocoerente.com.br\/se\/wp-json\/wp\/v2\/users\/1"}],"replies":[{"embeddable":true,"href":"https:\/\/ocoerente.com.br\/se\/wp-json\/wp\/v2\/comments?post=7774"}],"version-history":[{"count":1,"href":"https:\/\/ocoerente.com.br\/se\/wp-json\/wp\/v2\/posts\/7774\/revisions"}],"predecessor-version":[{"id":7776,"href":"https:\/\/ocoerente.com.br\/se\/wp-json\/wp\/v2\/posts\/7774\/revisions\/7776"}],"wp:featuredmedia":[{"embeddable":true,"href":"https:\/\/ocoerente.com.br\/se\/wp-json\/wp\/v2\/media\/7775"}],"wp:attachment":[{"href":"https:\/\/ocoerente.com.br\/se\/wp-json\/wp\/v2\/media?parent=7774"}],"wp:term":[{"taxonomy":"category","embeddable":true,"href":"https:\/\/ocoerente.com.br\/se\/wp-json\/wp\/v2\/categories?post=7774"},{"taxonomy":"post_tag","embeddable":true,"href":"https:\/\/ocoerente.com.br\/se\/wp-json\/wp\/v2\/tags?post=7774"}],"curies":[{"name":"wp","href":"https:\/\/api.w.org\/{rel}","templated":true}]}}