{"id":7770,"date":"2024-01-11T17:52:28","date_gmt":"2024-01-11T20:52:28","guid":{"rendered":"https:\/\/ocoerente.com.br\/se\/?p=7770"},"modified":"2024-01-11T17:52:55","modified_gmt":"2024-01-11T20:52:55","slug":"a-historia-da-lider-gedalva-umbauba-e-de-admiracao-pelo-seu-povo","status":"publish","type":"post","link":"https:\/\/ocoerente.com.br\/se\/2024\/01\/11\/a-historia-da-lider-gedalva-umbauba-e-de-admiracao-pelo-seu-povo\/","title":{"rendered":"A Hist\u00f3ria da l\u00edder Gedalva Umba\u00faba \u00e9 de admira\u00e7\u00e3o pelo seu povo!"},"content":{"rendered":"\n<p>A Hist\u00f3ria de luta da l\u00edder Gedalva Umba\u00faba em defesa do seu povo tem deixado essa mulher com grande visibilidade e aceita\u00e7\u00e3o dentro da cidade de S\u00e3o Crist\u00f3v\u00e3o. E essa visibilidade a deixa como a primeira op\u00e7\u00e3o dos eleitores da quarta cidade mais antiga do Brasil. Gedalva tem aparecido como a for\u00e7a pol\u00edtica do munic\u00edpio que mais a popula\u00e7\u00e3o deseja votar nas elei\u00e7\u00f5es de 2024!Alguns institutos at\u00e9 escondem essa desenvoltura da pr\u00e9-candidata a prefeitura de S\u00e3o Crist\u00f3v\u00e3o!<\/p>\n\n\n\n<p>Existe o medo por parte de algumas lideran\u00e7as da cidade no sentido da mulher da \u00e1gua vencer o pr\u00f3ximo pleito eleitoral. A forma de conduzir o seu trabalho a favor dos pobres e mais carentes da cidade, faz a sua aproxima\u00e7\u00e3o mais forte com os mais necessitados de S\u00e3o Crist\u00f3v\u00e3o. Gedalva Umba\u00faba n\u00e3o se cansa e n\u00e3o desisti nunca do seu grande sonho de administrar esse munic\u00edpio hist\u00f3rico de Sergipe.<\/p>\n\n\n\n<p>Gedalva Umba\u00faba continua desenvolvendo seus projetos mesmo sem apoio do munic\u00edpio. Toda semana ela se dirige a capital Aracajuana com o objetivo de fazer parcerias para realizar suas a\u00e7\u00f5es em favor do povo sofrido dos povoados de S\u00e3o Crist\u00f3v\u00e3o. Ela ressaltar que n\u00e3o \u00e9 f\u00e1cil ajudar a resolver sem ter a prefeitura nas m\u00e3os. Gedalva disse ainda que essas dificuldades que ela passa para resolver problemas dessas pessoas com recursos pr\u00f3prios n\u00e3o \u00e9 f\u00e1cil, mas ao mesmo falou que essas dificuldades fortalece a sua vis\u00e3o de mulher que n\u00e3o desisti de lutar todos os dias, independentemente dos problemas que enfrenta.<\/p>\n\n\n\n<p>A pre-candidata a prefeitura de S\u00e3o Crist\u00f3v\u00e3o continua visitando os povoados, os bairros, loteamento do munic\u00edpio todas as semanas e anotando as reivindica\u00e7\u00f5es dos moradores dessas comunidades esquecidas pelo poder p\u00fablico. Gedalva Umba\u00faba destacou que a popula\u00e7\u00e3o sofre muito com problemas existentes especialmente nos povoados e nas comunidades desassistidas completamente de qualquer a\u00e7\u00e3o da prefeitura. A L\u00edder ainda destacou que n\u00e3o consegui entender como o prefeito administra o munic\u00edpio sem planejamento e com tanta maquiagem de obras, gastando muito e de forma errada sem prioridades para os mais carentes. At\u00e9 quando vamos assistir esse descaso na nossa cidade, relatou Gedalva Umba\u00faba.<\/p>\n","protected":false},"excerpt":{"rendered":"<p>A Hist\u00f3ria de luta da l\u00edder Gedalva Umba\u00faba em defesa do seu povo tem deixado essa mulher com grande visibilidade e aceita\u00e7\u00e3o dentro da cidade de S\u00e3o Crist\u00f3v\u00e3o. E essa visibilidade a deixa como a primeira op\u00e7\u00e3o dos eleitores da quarta cidade mais antiga do Brasil. Gedalva tem aparecido como a for\u00e7a pol\u00edtica do munic\u00edpio [&hellip;]<\/p>\n","protected":false},"author":1,"featured_media":7771,"comment_status":"closed","ping_status":"closed","sticky":false,"template":"","format":"standard","meta":{"footnotes":""},"categories":[53,44],"tags":[],"class_list":["post-7770","post","type-post","status-publish","format-standard","has-post-thumbnail","hentry","category-destaques","category-politica"],"yoast_head":"<!-- This site is optimized with the Yoast SEO plugin v27.4 - https:\/\/yoast.com\/product\/yoast-seo-wordpress\/ -->\n<title>A Hist\u00f3ria da l\u00edder Gedalva Umba\u00faba \u00e9 de admira\u00e7\u00e3o pelo seu povo! - O Coerente<\/title>\n<meta name=\"robots\" content=\"index, follow, max-snippet:-1, max-image-preview:large, max-video-preview:-1\" \/>\n<link rel=\"canonical\" href=\"https:\/\/ocoerente.com.br\/se\/2024\/01\/11\/a-historia-da-lider-gedalva-umbauba-e-de-admiracao-pelo-seu-povo\/\" \/>\n<meta property=\"og:locale\" content=\"pt_BR\" \/>\n<meta property=\"og:type\" content=\"article\" \/>\n<meta property=\"og:title\" content=\"A Hist\u00f3ria da l\u00edder Gedalva Umba\u00faba \u00e9 de admira\u00e7\u00e3o pelo seu povo! - O Coerente\" \/>\n<meta property=\"og:description\" content=\"A Hist\u00f3ria de luta da l\u00edder Gedalva Umba\u00faba em defesa do seu povo tem deixado essa mulher com grande visibilidade e aceita\u00e7\u00e3o dentro da cidade de S\u00e3o Crist\u00f3v\u00e3o. E essa visibilidade a deixa como a primeira op\u00e7\u00e3o dos eleitores da quarta cidade mais antiga do Brasil. Gedalva tem aparecido como a for\u00e7a pol\u00edtica do munic\u00edpio [&hellip;]\" \/>\n<meta property=\"og:url\" content=\"https:\/\/ocoerente.com.br\/se\/2024\/01\/11\/a-historia-da-lider-gedalva-umbauba-e-de-admiracao-pelo-seu-povo\/\" \/>\n<meta property=\"og:site_name\" content=\"O Coerente\" \/>\n<meta property=\"article:published_time\" content=\"2024-01-11T20:52:28+00:00\" \/>\n<meta property=\"article:modified_time\" content=\"2024-01-11T20:52:55+00:00\" \/>\n<meta property=\"og:image\" content=\"https:\/\/ocoerente.com.br\/se\/wp-content\/uploads\/2024\/01\/gedalva-um.jpg\" \/>\n\t<meta property=\"og:image:width\" content=\"900\" \/>\n\t<meta property=\"og:image:height\" content=\"599\" \/>\n\t<meta property=\"og:image:type\" content=\"image\/jpeg\" \/>\n<meta name=\"author\" content=\"Reda\u00e7\u00e3o\" \/>\n<meta name=\"twitter:card\" content=\"summary_large_image\" \/>\n<meta name=\"twitter:label1\" content=\"Escrito por\" \/>\n\t<meta name=\"twitter:data1\" content=\"Reda\u00e7\u00e3o\" \/>\n\t<meta name=\"twitter:label2\" content=\"Est. tempo de leitura\" \/>\n\t<meta name=\"twitter:data2\" content=\"2 minutos\" \/>\n<script type=\"application\/ld+json\" class=\"yoast-schema-graph\">{\"@context\":\"https:\\\/\\\/schema.org\",\"@graph\":[{\"@type\":\"Article\",\"@id\":\"https:\\\/\\\/ocoerente.com.br\\\/se\\\/2024\\\/01\\\/11\\\/a-historia-da-lider-gedalva-umbauba-e-de-admiracao-pelo-seu-povo\\\/#article\",\"isPartOf\":{\"@id\":\"https:\\\/\\\/ocoerente.com.br\\\/se\\\/2024\\\/01\\\/11\\\/a-historia-da-lider-gedalva-umbauba-e-de-admiracao-pelo-seu-povo\\\/\"},\"author\":{\"name\":\"Reda\u00e7\u00e3o\",\"@id\":\"https:\\\/\\\/ocoerente.com.br\\\/se\\\/#\\\/schema\\\/person\\\/cc6bfd9fbca465e23543b0c963d8d037\"},\"headline\":\"A Hist\u00f3ria da l\u00edder Gedalva Umba\u00faba \u00e9 de admira\u00e7\u00e3o pelo seu povo!\",\"datePublished\":\"2024-01-11T20:52:28+00:00\",\"dateModified\":\"2024-01-11T20:52:55+00:00\",\"mainEntityOfPage\":{\"@id\":\"https:\\\/\\\/ocoerente.com.br\\\/se\\\/2024\\\/01\\\/11\\\/a-historia-da-lider-gedalva-umbauba-e-de-admiracao-pelo-seu-povo\\\/\"},\"wordCount\":416,\"publisher\":{\"@id\":\"https:\\\/\\\/ocoerente.com.br\\\/se\\\/#\\\/schema\\\/person\\\/cc6bfd9fbca465e23543b0c963d8d037\"},\"image\":{\"@id\":\"https:\\\/\\\/ocoerente.com.br\\\/se\\\/2024\\\/01\\\/11\\\/a-historia-da-lider-gedalva-umbauba-e-de-admiracao-pelo-seu-povo\\\/#primaryimage\"},\"thumbnailUrl\":\"https:\\\/\\\/ocoerente.com.br\\\/se\\\/wp-content\\\/uploads\\\/2024\\\/01\\\/gedalva-um.jpg\",\"articleSection\":[\"Destaques\",\"Pol\u00edtica\"],\"inLanguage\":\"pt-BR\"},{\"@type\":\"WebPage\",\"@id\":\"https:\\\/\\\/ocoerente.com.br\\\/se\\\/2024\\\/01\\\/11\\\/a-historia-da-lider-gedalva-umbauba-e-de-admiracao-pelo-seu-povo\\\/\",\"url\":\"https:\\\/\\\/ocoerente.com.br\\\/se\\\/2024\\\/01\\\/11\\\/a-historia-da-lider-gedalva-umbauba-e-de-admiracao-pelo-seu-povo\\\/\",\"name\":\"A Hist\u00f3ria da l\u00edder Gedalva Umba\u00faba \u00e9 de admira\u00e7\u00e3o pelo seu povo! - O Coerente\",\"isPartOf\":{\"@id\":\"https:\\\/\\\/ocoerente.com.br\\\/se\\\/#website\"},\"primaryImageOfPage\":{\"@id\":\"https:\\\/\\\/ocoerente.com.br\\\/se\\\/2024\\\/01\\\/11\\\/a-historia-da-lider-gedalva-umbauba-e-de-admiracao-pelo-seu-povo\\\/#primaryimage\"},\"image\":{\"@id\":\"https:\\\/\\\/ocoerente.com.br\\\/se\\\/2024\\\/01\\\/11\\\/a-historia-da-lider-gedalva-umbauba-e-de-admiracao-pelo-seu-povo\\\/#primaryimage\"},\"thumbnailUrl\":\"https:\\\/\\\/ocoerente.com.br\\\/se\\\/wp-content\\\/uploads\\\/2024\\\/01\\\/gedalva-um.jpg\",\"datePublished\":\"2024-01-11T20:52:28+00:00\",\"dateModified\":\"2024-01-11T20:52:55+00:00\",\"breadcrumb\":{\"@id\":\"https:\\\/\\\/ocoerente.com.br\\\/se\\\/2024\\\/01\\\/11\\\/a-historia-da-lider-gedalva-umbauba-e-de-admiracao-pelo-seu-povo\\\/#breadcrumb\"},\"inLanguage\":\"pt-BR\",\"potentialAction\":[{\"@type\":\"ReadAction\",\"target\":[\"https:\\\/\\\/ocoerente.com.br\\\/se\\\/2024\\\/01\\\/11\\\/a-historia-da-lider-gedalva-umbauba-e-de-admiracao-pelo-seu-povo\\\/\"]}]},{\"@type\":\"ImageObject\",\"inLanguage\":\"pt-BR\",\"@id\":\"https:\\\/\\\/ocoerente.com.br\\\/se\\\/2024\\\/01\\\/11\\\/a-historia-da-lider-gedalva-umbauba-e-de-admiracao-pelo-seu-povo\\\/#primaryimage\",\"url\":\"https:\\\/\\\/ocoerente.com.br\\\/se\\\/wp-content\\\/uploads\\\/2024\\\/01\\\/gedalva-um.jpg\",\"contentUrl\":\"https:\\\/\\\/ocoerente.com.br\\\/se\\\/wp-content\\\/uploads\\\/2024\\\/01\\\/gedalva-um.jpg\",\"width\":900,\"height\":599},{\"@type\":\"BreadcrumbList\",\"@id\":\"https:\\\/\\\/ocoerente.com.br\\\/se\\\/2024\\\/01\\\/11\\\/a-historia-da-lider-gedalva-umbauba-e-de-admiracao-pelo-seu-povo\\\/#breadcrumb\",\"itemListElement\":[{\"@type\":\"ListItem\",\"position\":1,\"name\":\"In\u00edcio\",\"item\":\"https:\\\/\\\/ocoerente.com.br\\\/se\\\/\"},{\"@type\":\"ListItem\",\"position\":2,\"name\":\"A Hist\u00f3ria da l\u00edder Gedalva Umba\u00faba \u00e9 de admira\u00e7\u00e3o pelo seu povo!\"}]},{\"@type\":\"WebSite\",\"@id\":\"https:\\\/\\\/ocoerente.com.br\\\/se\\\/#website\",\"url\":\"https:\\\/\\\/ocoerente.com.br\\\/se\\\/\",\"name\":\"O Coerente\",\"description\":\"\",\"publisher\":{\"@id\":\"https:\\\/\\\/ocoerente.com.br\\\/se\\\/#\\\/schema\\\/person\\\/cc6bfd9fbca465e23543b0c963d8d037\"},\"potentialAction\":[{\"@type\":\"SearchAction\",\"target\":{\"@type\":\"EntryPoint\",\"urlTemplate\":\"https:\\\/\\\/ocoerente.com.br\\\/se\\\/?s={search_term_string}\"},\"query-input\":{\"@type\":\"PropertyValueSpecification\",\"valueRequired\":true,\"valueName\":\"search_term_string\"}}],\"inLanguage\":\"pt-BR\"},{\"@type\":[\"Person\",\"Organization\"],\"@id\":\"https:\\\/\\\/ocoerente.com.br\\\/se\\\/#\\\/schema\\\/person\\\/cc6bfd9fbca465e23543b0c963d8d037\",\"name\":\"Reda\u00e7\u00e3o\",\"image\":{\"@type\":\"ImageObject\",\"inLanguage\":\"pt-BR\",\"@id\":\"https:\\\/\\\/ocoerente.com.br\\\/se\\\/wp-content\\\/uploads\\\/2020\\\/01\\\/ocoerente-1.png\",\"url\":\"https:\\\/\\\/ocoerente.com.br\\\/se\\\/wp-content\\\/uploads\\\/2020\\\/01\\\/ocoerente-1.png\",\"contentUrl\":\"https:\\\/\\\/ocoerente.com.br\\\/se\\\/wp-content\\\/uploads\\\/2020\\\/01\\\/ocoerente-1.png\",\"width\":50,\"height\":50,\"caption\":\"Reda\u00e7\u00e3o\"},\"logo\":{\"@id\":\"https:\\\/\\\/ocoerente.com.br\\\/se\\\/wp-content\\\/uploads\\\/2020\\\/01\\\/ocoerente-1.png\"},\"url\":\"https:\\\/\\\/ocoerente.com.br\\\/se\\\/author\\\/vasticlsales\\\/\"}]}<\/script>\n<!-- \/ Yoast SEO plugin. -->","yoast_head_json":{"title":"A Hist\u00f3ria da l\u00edder Gedalva Umba\u00faba \u00e9 de admira\u00e7\u00e3o pelo seu povo! - O Coerente","robots":{"index":"index","follow":"follow","max-snippet":"max-snippet:-1","max-image-preview":"max-image-preview:large","max-video-preview":"max-video-preview:-1"},"canonical":"https:\/\/ocoerente.com.br\/se\/2024\/01\/11\/a-historia-da-lider-gedalva-umbauba-e-de-admiracao-pelo-seu-povo\/","og_locale":"pt_BR","og_type":"article","og_title":"A Hist\u00f3ria da l\u00edder Gedalva Umba\u00faba \u00e9 de admira\u00e7\u00e3o pelo seu povo! - O Coerente","og_description":"A Hist\u00f3ria de luta da l\u00edder Gedalva Umba\u00faba em defesa do seu povo tem deixado essa mulher com grande visibilidade e aceita\u00e7\u00e3o dentro da cidade de S\u00e3o Crist\u00f3v\u00e3o. E essa visibilidade a deixa como a primeira op\u00e7\u00e3o dos eleitores da quarta cidade mais antiga do Brasil. Gedalva tem aparecido como a for\u00e7a pol\u00edtica do munic\u00edpio [&hellip;]","og_url":"https:\/\/ocoerente.com.br\/se\/2024\/01\/11\/a-historia-da-lider-gedalva-umbauba-e-de-admiracao-pelo-seu-povo\/","og_site_name":"O Coerente","article_published_time":"2024-01-11T20:52:28+00:00","article_modified_time":"2024-01-11T20:52:55+00:00","og_image":[{"width":900,"height":599,"url":"https:\/\/ocoerente.com.br\/se\/wp-content\/uploads\/2024\/01\/gedalva-um.jpg","type":"image\/jpeg"}],"author":"Reda\u00e7\u00e3o","twitter_card":"summary_large_image","twitter_misc":{"Escrito por":"Reda\u00e7\u00e3o","Est. tempo de leitura":"2 minutos"},"schema":{"@context":"https:\/\/schema.org","@graph":[{"@type":"Article","@id":"https:\/\/ocoerente.com.br\/se\/2024\/01\/11\/a-historia-da-lider-gedalva-umbauba-e-de-admiracao-pelo-seu-povo\/#article","isPartOf":{"@id":"https:\/\/ocoerente.com.br\/se\/2024\/01\/11\/a-historia-da-lider-gedalva-umbauba-e-de-admiracao-pelo-seu-povo\/"},"author":{"name":"Reda\u00e7\u00e3o","@id":"https:\/\/ocoerente.com.br\/se\/#\/schema\/person\/cc6bfd9fbca465e23543b0c963d8d037"},"headline":"A Hist\u00f3ria da l\u00edder Gedalva Umba\u00faba \u00e9 de admira\u00e7\u00e3o pelo seu povo!","datePublished":"2024-01-11T20:52:28+00:00","dateModified":"2024-01-11T20:52:55+00:00","mainEntityOfPage":{"@id":"https:\/\/ocoerente.com.br\/se\/2024\/01\/11\/a-historia-da-lider-gedalva-umbauba-e-de-admiracao-pelo-seu-povo\/"},"wordCount":416,"publisher":{"@id":"https:\/\/ocoerente.com.br\/se\/#\/schema\/person\/cc6bfd9fbca465e23543b0c963d8d037"},"image":{"@id":"https:\/\/ocoerente.com.br\/se\/2024\/01\/11\/a-historia-da-lider-gedalva-umbauba-e-de-admiracao-pelo-seu-povo\/#primaryimage"},"thumbnailUrl":"https:\/\/ocoerente.com.br\/se\/wp-content\/uploads\/2024\/01\/gedalva-um.jpg","articleSection":["Destaques","Pol\u00edtica"],"inLanguage":"pt-BR"},{"@type":"WebPage","@id":"https:\/\/ocoerente.com.br\/se\/2024\/01\/11\/a-historia-da-lider-gedalva-umbauba-e-de-admiracao-pelo-seu-povo\/","url":"https:\/\/ocoerente.com.br\/se\/2024\/01\/11\/a-historia-da-lider-gedalva-umbauba-e-de-admiracao-pelo-seu-povo\/","name":"A Hist\u00f3ria da l\u00edder Gedalva Umba\u00faba \u00e9 de admira\u00e7\u00e3o pelo seu povo! - O Coerente","isPartOf":{"@id":"https:\/\/ocoerente.com.br\/se\/#website"},"primaryImageOfPage":{"@id":"https:\/\/ocoerente.com.br\/se\/2024\/01\/11\/a-historia-da-lider-gedalva-umbauba-e-de-admiracao-pelo-seu-povo\/#primaryimage"},"image":{"@id":"https:\/\/ocoerente.com.br\/se\/2024\/01\/11\/a-historia-da-lider-gedalva-umbauba-e-de-admiracao-pelo-seu-povo\/#primaryimage"},"thumbnailUrl":"https:\/\/ocoerente.com.br\/se\/wp-content\/uploads\/2024\/01\/gedalva-um.jpg","datePublished":"2024-01-11T20:52:28+00:00","dateModified":"2024-01-11T20:52:55+00:00","breadcrumb":{"@id":"https:\/\/ocoerente.com.br\/se\/2024\/01\/11\/a-historia-da-lider-gedalva-umbauba-e-de-admiracao-pelo-seu-povo\/#breadcrumb"},"inLanguage":"pt-BR","potentialAction":[{"@type":"ReadAction","target":["https:\/\/ocoerente.com.br\/se\/2024\/01\/11\/a-historia-da-lider-gedalva-umbauba-e-de-admiracao-pelo-seu-povo\/"]}]},{"@type":"ImageObject","inLanguage":"pt-BR","@id":"https:\/\/ocoerente.com.br\/se\/2024\/01\/11\/a-historia-da-lider-gedalva-umbauba-e-de-admiracao-pelo-seu-povo\/#primaryimage","url":"https:\/\/ocoerente.com.br\/se\/wp-content\/uploads\/2024\/01\/gedalva-um.jpg","contentUrl":"https:\/\/ocoerente.com.br\/se\/wp-content\/uploads\/2024\/01\/gedalva-um.jpg","width":900,"height":599},{"@type":"BreadcrumbList","@id":"https:\/\/ocoerente.com.br\/se\/2024\/01\/11\/a-historia-da-lider-gedalva-umbauba-e-de-admiracao-pelo-seu-povo\/#breadcrumb","itemListElement":[{"@type":"ListItem","position":1,"name":"In\u00edcio","item":"https:\/\/ocoerente.com.br\/se\/"},{"@type":"ListItem","position":2,"name":"A Hist\u00f3ria da l\u00edder Gedalva Umba\u00faba \u00e9 de admira\u00e7\u00e3o pelo seu povo!"}]},{"@type":"WebSite","@id":"https:\/\/ocoerente.com.br\/se\/#website","url":"https:\/\/ocoerente.com.br\/se\/","name":"O Coerente","description":"","publisher":{"@id":"https:\/\/ocoerente.com.br\/se\/#\/schema\/person\/cc6bfd9fbca465e23543b0c963d8d037"},"potentialAction":[{"@type":"SearchAction","target":{"@type":"EntryPoint","urlTemplate":"https:\/\/ocoerente.com.br\/se\/?s={search_term_string}"},"query-input":{"@type":"PropertyValueSpecification","valueRequired":true,"valueName":"search_term_string"}}],"inLanguage":"pt-BR"},{"@type":["Person","Organization"],"@id":"https:\/\/ocoerente.com.br\/se\/#\/schema\/person\/cc6bfd9fbca465e23543b0c963d8d037","name":"Reda\u00e7\u00e3o","image":{"@type":"ImageObject","inLanguage":"pt-BR","@id":"https:\/\/ocoerente.com.br\/se\/wp-content\/uploads\/2020\/01\/ocoerente-1.png","url":"https:\/\/ocoerente.com.br\/se\/wp-content\/uploads\/2020\/01\/ocoerente-1.png","contentUrl":"https:\/\/ocoerente.com.br\/se\/wp-content\/uploads\/2020\/01\/ocoerente-1.png","width":50,"height":50,"caption":"Reda\u00e7\u00e3o"},"logo":{"@id":"https:\/\/ocoerente.com.br\/se\/wp-content\/uploads\/2020\/01\/ocoerente-1.png"},"url":"https:\/\/ocoerente.com.br\/se\/author\/vasticlsales\/"}]}},"_links":{"self":[{"href":"https:\/\/ocoerente.com.br\/se\/wp-json\/wp\/v2\/posts\/7770","targetHints":{"allow":["GET"]}}],"collection":[{"href":"https:\/\/ocoerente.com.br\/se\/wp-json\/wp\/v2\/posts"}],"about":[{"href":"https:\/\/ocoerente.com.br\/se\/wp-json\/wp\/v2\/types\/post"}],"author":[{"embeddable":true,"href":"https:\/\/ocoerente.com.br\/se\/wp-json\/wp\/v2\/users\/1"}],"replies":[{"embeddable":true,"href":"https:\/\/ocoerente.com.br\/se\/wp-json\/wp\/v2\/comments?post=7770"}],"version-history":[{"count":2,"href":"https:\/\/ocoerente.com.br\/se\/wp-json\/wp\/v2\/posts\/7770\/revisions"}],"predecessor-version":[{"id":7773,"href":"https:\/\/ocoerente.com.br\/se\/wp-json\/wp\/v2\/posts\/7770\/revisions\/7773"}],"wp:featuredmedia":[{"embeddable":true,"href":"https:\/\/ocoerente.com.br\/se\/wp-json\/wp\/v2\/media\/7771"}],"wp:attachment":[{"href":"https:\/\/ocoerente.com.br\/se\/wp-json\/wp\/v2\/media?parent=7770"}],"wp:term":[{"taxonomy":"category","embeddable":true,"href":"https:\/\/ocoerente.com.br\/se\/wp-json\/wp\/v2\/categories?post=7770"},{"taxonomy":"post_tag","embeddable":true,"href":"https:\/\/ocoerente.com.br\/se\/wp-json\/wp\/v2\/tags?post=7770"}],"curies":[{"name":"wp","href":"https:\/\/api.w.org\/{rel}","templated":true}]}}