{"id":7764,"date":"2024-01-11T17:46:46","date_gmt":"2024-01-11T20:46:46","guid":{"rendered":"https:\/\/ocoerente.com.br\/se\/?p=7764"},"modified":"2024-01-11T17:46:47","modified_gmt":"2024-01-11T20:46:47","slug":"sintese-solicita-audiencia-com-seduc-pela-valorizacao-do-magisterio-para-2024","status":"publish","type":"post","link":"https:\/\/ocoerente.com.br\/se\/2024\/01\/11\/sintese-solicita-audiencia-com-seduc-pela-valorizacao-do-magisterio-para-2024\/","title":{"rendered":"SINTESE solicita audi\u00eancia com Seduc pela valoriza\u00e7\u00e3o do magist\u00e9rio para 2024"},"content":{"rendered":"\n<p>O SINTESE protocolou of\u00edcio, ontem, dia 10 de janeiro, na Secretaria de Estado da Educa\u00e7\u00e3o e da Cultura (Seduc) solicitando audi\u00eancia com o secret\u00e1rio Zezinho Sobral para tratar da continuidade da pol\u00edtica de valoriza\u00e7\u00e3o do magist\u00e9rio estadual no ano de 2024.<\/p>\n\n\n\n<p>Na pauta, est\u00e3o pontos como o novo projeto de lei para a corre\u00e7\u00e3o de problemas identificados no projeto que estabeleceu o in\u00edcio da retomada da carreira, agora Lei Estadual 9.351\/2023. A proposta \u00e9 que este novo projeto de lei seja constru\u00eddo agora em janeiro e enviado \u00e0 Assembleia Legislativa de Sergipe (Alese) para vota\u00e7\u00e3o em fevereiro.<\/p>\n\n\n\n<p>Outro ponto de pauta \u00e9 a discuss\u00e3o sobre a atualiza\u00e7\u00e3o do piso salarial nacional, que \u00edndice percentual de 3,62%, com vig\u00eancia a partir deste m\u00eas de janeiro, respeitando o plano de carreira do magist\u00e9rio.<\/p>\n\n\n\n<p>A retomada do aux\u00edlio internet e aux\u00edlio tecnol\u00f3gico tamb\u00e9m \u00e9 uma das reivindica\u00e7\u00f5es da categoria. A ideia \u00e9 que estes aux\u00edlios sejam reativados com o in\u00edcio do ano letivo, em fevereiro.<\/p>\n\n\n\n<p>Para se falar realmente em retomada da carreira, professoras e professoras pontuaram que \u00e9 preciso descongelar o tri\u00eanio e a gratifica\u00e7\u00e3o por atividade de tempo integral (GATI). Al\u00e9m disso, a categoria solicita trazer a tabela de vencimentos, aprovada pela Leia 9.351\/2023 e que entraria em vigor em janeiro de 2025, para que j\u00e1 seja implementada em 2024.<\/p>\n\n\n\n<p>\u201cS\u00e3o reivindica\u00e7\u00f5es de professoras e professores para que tenhamos uma retomada da carreira de forma efetiva, com valoriza\u00e7\u00e3o real do magist\u00e9rio sergipano. Estamos no aguardo do agendamento desta audi\u00eancia para o mais breve poss\u00edvel\u201d, disse Roberto Silva, presidente do SINTESE.<\/p>\n\n\n\n<p><strong>SINTESE<\/strong><\/p>\n","protected":false},"excerpt":{"rendered":"<p>O SINTESE protocolou of\u00edcio, ontem, dia 10 de janeiro, na Secretaria de Estado da Educa\u00e7\u00e3o e da Cultura (Seduc) solicitando audi\u00eancia com o secret\u00e1rio Zezinho Sobral para tratar da continuidade da pol\u00edtica de valoriza\u00e7\u00e3o do magist\u00e9rio estadual no ano de 2024. Na pauta, est\u00e3o pontos como o novo projeto de lei para a corre\u00e7\u00e3o de [&hellip;]<\/p>\n","protected":false},"author":1,"featured_media":7765,"comment_status":"closed","ping_status":"closed","sticky":false,"template":"","format":"standard","meta":{"footnotes":""},"categories":[53,43],"tags":[],"class_list":["post-7764","post","type-post","status-publish","format-standard","has-post-thumbnail","hentry","category-destaques","category-sergipe"],"yoast_head":"<!-- This site is optimized with the Yoast SEO plugin v27.4 - https:\/\/yoast.com\/product\/yoast-seo-wordpress\/ -->\n<title>SINTESE solicita audi\u00eancia com Seduc pela valoriza\u00e7\u00e3o do magist\u00e9rio para 2024 - O Coerente<\/title>\n<meta name=\"robots\" content=\"index, follow, max-snippet:-1, max-image-preview:large, max-video-preview:-1\" \/>\n<link rel=\"canonical\" href=\"https:\/\/ocoerente.com.br\/se\/2024\/01\/11\/sintese-solicita-audiencia-com-seduc-pela-valorizacao-do-magisterio-para-2024\/\" \/>\n<meta property=\"og:locale\" content=\"pt_BR\" \/>\n<meta property=\"og:type\" content=\"article\" \/>\n<meta property=\"og:title\" content=\"SINTESE solicita audi\u00eancia com Seduc pela valoriza\u00e7\u00e3o do magist\u00e9rio para 2024 - O Coerente\" \/>\n<meta property=\"og:description\" content=\"O SINTESE protocolou of\u00edcio, ontem, dia 10 de janeiro, na Secretaria de Estado da Educa\u00e7\u00e3o e da Cultura (Seduc) solicitando audi\u00eancia com o secret\u00e1rio Zezinho Sobral para tratar da continuidade da pol\u00edtica de valoriza\u00e7\u00e3o do magist\u00e9rio estadual no ano de 2024. Na pauta, est\u00e3o pontos como o novo projeto de lei para a corre\u00e7\u00e3o de [&hellip;]\" \/>\n<meta property=\"og:url\" content=\"https:\/\/ocoerente.com.br\/se\/2024\/01\/11\/sintese-solicita-audiencia-com-seduc-pela-valorizacao-do-magisterio-para-2024\/\" \/>\n<meta property=\"og:site_name\" content=\"O Coerente\" \/>\n<meta property=\"article:published_time\" content=\"2024-01-11T20:46:46+00:00\" \/>\n<meta property=\"article:modified_time\" content=\"2024-01-11T20:46:47+00:00\" \/>\n<meta property=\"og:image\" content=\"https:\/\/ocoerente.com.br\/se\/wp-content\/uploads\/2024\/01\/retomada.jpg\" \/>\n\t<meta property=\"og:image:width\" content=\"681\" \/>\n\t<meta property=\"og:image:height\" content=\"458\" \/>\n\t<meta property=\"og:image:type\" content=\"image\/jpeg\" \/>\n<meta name=\"author\" content=\"Reda\u00e7\u00e3o\" \/>\n<meta name=\"twitter:card\" content=\"summary_large_image\" \/>\n<meta name=\"twitter:label1\" content=\"Escrito por\" \/>\n\t<meta name=\"twitter:data1\" content=\"Reda\u00e7\u00e3o\" \/>\n\t<meta name=\"twitter:label2\" content=\"Est. tempo de leitura\" \/>\n\t<meta name=\"twitter:data2\" content=\"1 minuto\" \/>\n<script type=\"application\/ld+json\" class=\"yoast-schema-graph\">{\"@context\":\"https:\\\/\\\/schema.org\",\"@graph\":[{\"@type\":\"Article\",\"@id\":\"https:\\\/\\\/ocoerente.com.br\\\/se\\\/2024\\\/01\\\/11\\\/sintese-solicita-audiencia-com-seduc-pela-valorizacao-do-magisterio-para-2024\\\/#article\",\"isPartOf\":{\"@id\":\"https:\\\/\\\/ocoerente.com.br\\\/se\\\/2024\\\/01\\\/11\\\/sintese-solicita-audiencia-com-seduc-pela-valorizacao-do-magisterio-para-2024\\\/\"},\"author\":{\"name\":\"Reda\u00e7\u00e3o\",\"@id\":\"https:\\\/\\\/ocoerente.com.br\\\/se\\\/#\\\/schema\\\/person\\\/cc6bfd9fbca465e23543b0c963d8d037\"},\"headline\":\"SINTESE solicita audi\u00eancia com Seduc pela valoriza\u00e7\u00e3o do magist\u00e9rio para 2024\",\"datePublished\":\"2024-01-11T20:46:46+00:00\",\"dateModified\":\"2024-01-11T20:46:47+00:00\",\"mainEntityOfPage\":{\"@id\":\"https:\\\/\\\/ocoerente.com.br\\\/se\\\/2024\\\/01\\\/11\\\/sintese-solicita-audiencia-com-seduc-pela-valorizacao-do-magisterio-para-2024\\\/\"},\"wordCount\":293,\"publisher\":{\"@id\":\"https:\\\/\\\/ocoerente.com.br\\\/se\\\/#\\\/schema\\\/person\\\/cc6bfd9fbca465e23543b0c963d8d037\"},\"image\":{\"@id\":\"https:\\\/\\\/ocoerente.com.br\\\/se\\\/2024\\\/01\\\/11\\\/sintese-solicita-audiencia-com-seduc-pela-valorizacao-do-magisterio-para-2024\\\/#primaryimage\"},\"thumbnailUrl\":\"https:\\\/\\\/ocoerente.com.br\\\/se\\\/wp-content\\\/uploads\\\/2024\\\/01\\\/retomada.jpg\",\"articleSection\":[\"Destaques\",\"Sergipe\"],\"inLanguage\":\"pt-BR\"},{\"@type\":\"WebPage\",\"@id\":\"https:\\\/\\\/ocoerente.com.br\\\/se\\\/2024\\\/01\\\/11\\\/sintese-solicita-audiencia-com-seduc-pela-valorizacao-do-magisterio-para-2024\\\/\",\"url\":\"https:\\\/\\\/ocoerente.com.br\\\/se\\\/2024\\\/01\\\/11\\\/sintese-solicita-audiencia-com-seduc-pela-valorizacao-do-magisterio-para-2024\\\/\",\"name\":\"SINTESE solicita audi\u00eancia com Seduc pela valoriza\u00e7\u00e3o do magist\u00e9rio para 2024 - O Coerente\",\"isPartOf\":{\"@id\":\"https:\\\/\\\/ocoerente.com.br\\\/se\\\/#website\"},\"primaryImageOfPage\":{\"@id\":\"https:\\\/\\\/ocoerente.com.br\\\/se\\\/2024\\\/01\\\/11\\\/sintese-solicita-audiencia-com-seduc-pela-valorizacao-do-magisterio-para-2024\\\/#primaryimage\"},\"image\":{\"@id\":\"https:\\\/\\\/ocoerente.com.br\\\/se\\\/2024\\\/01\\\/11\\\/sintese-solicita-audiencia-com-seduc-pela-valorizacao-do-magisterio-para-2024\\\/#primaryimage\"},\"thumbnailUrl\":\"https:\\\/\\\/ocoerente.com.br\\\/se\\\/wp-content\\\/uploads\\\/2024\\\/01\\\/retomada.jpg\",\"datePublished\":\"2024-01-11T20:46:46+00:00\",\"dateModified\":\"2024-01-11T20:46:47+00:00\",\"breadcrumb\":{\"@id\":\"https:\\\/\\\/ocoerente.com.br\\\/se\\\/2024\\\/01\\\/11\\\/sintese-solicita-audiencia-com-seduc-pela-valorizacao-do-magisterio-para-2024\\\/#breadcrumb\"},\"inLanguage\":\"pt-BR\",\"potentialAction\":[{\"@type\":\"ReadAction\",\"target\":[\"https:\\\/\\\/ocoerente.com.br\\\/se\\\/2024\\\/01\\\/11\\\/sintese-solicita-audiencia-com-seduc-pela-valorizacao-do-magisterio-para-2024\\\/\"]}]},{\"@type\":\"ImageObject\",\"inLanguage\":\"pt-BR\",\"@id\":\"https:\\\/\\\/ocoerente.com.br\\\/se\\\/2024\\\/01\\\/11\\\/sintese-solicita-audiencia-com-seduc-pela-valorizacao-do-magisterio-para-2024\\\/#primaryimage\",\"url\":\"https:\\\/\\\/ocoerente.com.br\\\/se\\\/wp-content\\\/uploads\\\/2024\\\/01\\\/retomada.jpg\",\"contentUrl\":\"https:\\\/\\\/ocoerente.com.br\\\/se\\\/wp-content\\\/uploads\\\/2024\\\/01\\\/retomada.jpg\",\"width\":681,\"height\":458},{\"@type\":\"BreadcrumbList\",\"@id\":\"https:\\\/\\\/ocoerente.com.br\\\/se\\\/2024\\\/01\\\/11\\\/sintese-solicita-audiencia-com-seduc-pela-valorizacao-do-magisterio-para-2024\\\/#breadcrumb\",\"itemListElement\":[{\"@type\":\"ListItem\",\"position\":1,\"name\":\"In\u00edcio\",\"item\":\"https:\\\/\\\/ocoerente.com.br\\\/se\\\/\"},{\"@type\":\"ListItem\",\"position\":2,\"name\":\"SINTESE solicita audi\u00eancia com Seduc pela valoriza\u00e7\u00e3o do magist\u00e9rio para 2024\"}]},{\"@type\":\"WebSite\",\"@id\":\"https:\\\/\\\/ocoerente.com.br\\\/se\\\/#website\",\"url\":\"https:\\\/\\\/ocoerente.com.br\\\/se\\\/\",\"name\":\"O Coerente\",\"description\":\"\",\"publisher\":{\"@id\":\"https:\\\/\\\/ocoerente.com.br\\\/se\\\/#\\\/schema\\\/person\\\/cc6bfd9fbca465e23543b0c963d8d037\"},\"potentialAction\":[{\"@type\":\"SearchAction\",\"target\":{\"@type\":\"EntryPoint\",\"urlTemplate\":\"https:\\\/\\\/ocoerente.com.br\\\/se\\\/?s={search_term_string}\"},\"query-input\":{\"@type\":\"PropertyValueSpecification\",\"valueRequired\":true,\"valueName\":\"search_term_string\"}}],\"inLanguage\":\"pt-BR\"},{\"@type\":[\"Person\",\"Organization\"],\"@id\":\"https:\\\/\\\/ocoerente.com.br\\\/se\\\/#\\\/schema\\\/person\\\/cc6bfd9fbca465e23543b0c963d8d037\",\"name\":\"Reda\u00e7\u00e3o\",\"image\":{\"@type\":\"ImageObject\",\"inLanguage\":\"pt-BR\",\"@id\":\"https:\\\/\\\/ocoerente.com.br\\\/se\\\/wp-content\\\/uploads\\\/2020\\\/01\\\/ocoerente-1.png\",\"url\":\"https:\\\/\\\/ocoerente.com.br\\\/se\\\/wp-content\\\/uploads\\\/2020\\\/01\\\/ocoerente-1.png\",\"contentUrl\":\"https:\\\/\\\/ocoerente.com.br\\\/se\\\/wp-content\\\/uploads\\\/2020\\\/01\\\/ocoerente-1.png\",\"width\":50,\"height\":50,\"caption\":\"Reda\u00e7\u00e3o\"},\"logo\":{\"@id\":\"https:\\\/\\\/ocoerente.com.br\\\/se\\\/wp-content\\\/uploads\\\/2020\\\/01\\\/ocoerente-1.png\"},\"url\":\"https:\\\/\\\/ocoerente.com.br\\\/se\\\/author\\\/vasticlsales\\\/\"}]}<\/script>\n<!-- \/ Yoast SEO plugin. -->","yoast_head_json":{"title":"SINTESE solicita audi\u00eancia com Seduc pela valoriza\u00e7\u00e3o do magist\u00e9rio para 2024 - O Coerente","robots":{"index":"index","follow":"follow","max-snippet":"max-snippet:-1","max-image-preview":"max-image-preview:large","max-video-preview":"max-video-preview:-1"},"canonical":"https:\/\/ocoerente.com.br\/se\/2024\/01\/11\/sintese-solicita-audiencia-com-seduc-pela-valorizacao-do-magisterio-para-2024\/","og_locale":"pt_BR","og_type":"article","og_title":"SINTESE solicita audi\u00eancia com Seduc pela valoriza\u00e7\u00e3o do magist\u00e9rio para 2024 - O Coerente","og_description":"O SINTESE protocolou of\u00edcio, ontem, dia 10 de janeiro, na Secretaria de Estado da Educa\u00e7\u00e3o e da Cultura (Seduc) solicitando audi\u00eancia com o secret\u00e1rio Zezinho Sobral para tratar da continuidade da pol\u00edtica de valoriza\u00e7\u00e3o do magist\u00e9rio estadual no ano de 2024. Na pauta, est\u00e3o pontos como o novo projeto de lei para a corre\u00e7\u00e3o de [&hellip;]","og_url":"https:\/\/ocoerente.com.br\/se\/2024\/01\/11\/sintese-solicita-audiencia-com-seduc-pela-valorizacao-do-magisterio-para-2024\/","og_site_name":"O Coerente","article_published_time":"2024-01-11T20:46:46+00:00","article_modified_time":"2024-01-11T20:46:47+00:00","og_image":[{"width":681,"height":458,"url":"https:\/\/ocoerente.com.br\/se\/wp-content\/uploads\/2024\/01\/retomada.jpg","type":"image\/jpeg"}],"author":"Reda\u00e7\u00e3o","twitter_card":"summary_large_image","twitter_misc":{"Escrito por":"Reda\u00e7\u00e3o","Est. tempo de leitura":"1 minuto"},"schema":{"@context":"https:\/\/schema.org","@graph":[{"@type":"Article","@id":"https:\/\/ocoerente.com.br\/se\/2024\/01\/11\/sintese-solicita-audiencia-com-seduc-pela-valorizacao-do-magisterio-para-2024\/#article","isPartOf":{"@id":"https:\/\/ocoerente.com.br\/se\/2024\/01\/11\/sintese-solicita-audiencia-com-seduc-pela-valorizacao-do-magisterio-para-2024\/"},"author":{"name":"Reda\u00e7\u00e3o","@id":"https:\/\/ocoerente.com.br\/se\/#\/schema\/person\/cc6bfd9fbca465e23543b0c963d8d037"},"headline":"SINTESE solicita audi\u00eancia com Seduc pela valoriza\u00e7\u00e3o do magist\u00e9rio para 2024","datePublished":"2024-01-11T20:46:46+00:00","dateModified":"2024-01-11T20:46:47+00:00","mainEntityOfPage":{"@id":"https:\/\/ocoerente.com.br\/se\/2024\/01\/11\/sintese-solicita-audiencia-com-seduc-pela-valorizacao-do-magisterio-para-2024\/"},"wordCount":293,"publisher":{"@id":"https:\/\/ocoerente.com.br\/se\/#\/schema\/person\/cc6bfd9fbca465e23543b0c963d8d037"},"image":{"@id":"https:\/\/ocoerente.com.br\/se\/2024\/01\/11\/sintese-solicita-audiencia-com-seduc-pela-valorizacao-do-magisterio-para-2024\/#primaryimage"},"thumbnailUrl":"https:\/\/ocoerente.com.br\/se\/wp-content\/uploads\/2024\/01\/retomada.jpg","articleSection":["Destaques","Sergipe"],"inLanguage":"pt-BR"},{"@type":"WebPage","@id":"https:\/\/ocoerente.com.br\/se\/2024\/01\/11\/sintese-solicita-audiencia-com-seduc-pela-valorizacao-do-magisterio-para-2024\/","url":"https:\/\/ocoerente.com.br\/se\/2024\/01\/11\/sintese-solicita-audiencia-com-seduc-pela-valorizacao-do-magisterio-para-2024\/","name":"SINTESE solicita audi\u00eancia com Seduc pela valoriza\u00e7\u00e3o do magist\u00e9rio para 2024 - O Coerente","isPartOf":{"@id":"https:\/\/ocoerente.com.br\/se\/#website"},"primaryImageOfPage":{"@id":"https:\/\/ocoerente.com.br\/se\/2024\/01\/11\/sintese-solicita-audiencia-com-seduc-pela-valorizacao-do-magisterio-para-2024\/#primaryimage"},"image":{"@id":"https:\/\/ocoerente.com.br\/se\/2024\/01\/11\/sintese-solicita-audiencia-com-seduc-pela-valorizacao-do-magisterio-para-2024\/#primaryimage"},"thumbnailUrl":"https:\/\/ocoerente.com.br\/se\/wp-content\/uploads\/2024\/01\/retomada.jpg","datePublished":"2024-01-11T20:46:46+00:00","dateModified":"2024-01-11T20:46:47+00:00","breadcrumb":{"@id":"https:\/\/ocoerente.com.br\/se\/2024\/01\/11\/sintese-solicita-audiencia-com-seduc-pela-valorizacao-do-magisterio-para-2024\/#breadcrumb"},"inLanguage":"pt-BR","potentialAction":[{"@type":"ReadAction","target":["https:\/\/ocoerente.com.br\/se\/2024\/01\/11\/sintese-solicita-audiencia-com-seduc-pela-valorizacao-do-magisterio-para-2024\/"]}]},{"@type":"ImageObject","inLanguage":"pt-BR","@id":"https:\/\/ocoerente.com.br\/se\/2024\/01\/11\/sintese-solicita-audiencia-com-seduc-pela-valorizacao-do-magisterio-para-2024\/#primaryimage","url":"https:\/\/ocoerente.com.br\/se\/wp-content\/uploads\/2024\/01\/retomada.jpg","contentUrl":"https:\/\/ocoerente.com.br\/se\/wp-content\/uploads\/2024\/01\/retomada.jpg","width":681,"height":458},{"@type":"BreadcrumbList","@id":"https:\/\/ocoerente.com.br\/se\/2024\/01\/11\/sintese-solicita-audiencia-com-seduc-pela-valorizacao-do-magisterio-para-2024\/#breadcrumb","itemListElement":[{"@type":"ListItem","position":1,"name":"In\u00edcio","item":"https:\/\/ocoerente.com.br\/se\/"},{"@type":"ListItem","position":2,"name":"SINTESE solicita audi\u00eancia com Seduc pela valoriza\u00e7\u00e3o do magist\u00e9rio para 2024"}]},{"@type":"WebSite","@id":"https:\/\/ocoerente.com.br\/se\/#website","url":"https:\/\/ocoerente.com.br\/se\/","name":"O Coerente","description":"","publisher":{"@id":"https:\/\/ocoerente.com.br\/se\/#\/schema\/person\/cc6bfd9fbca465e23543b0c963d8d037"},"potentialAction":[{"@type":"SearchAction","target":{"@type":"EntryPoint","urlTemplate":"https:\/\/ocoerente.com.br\/se\/?s={search_term_string}"},"query-input":{"@type":"PropertyValueSpecification","valueRequired":true,"valueName":"search_term_string"}}],"inLanguage":"pt-BR"},{"@type":["Person","Organization"],"@id":"https:\/\/ocoerente.com.br\/se\/#\/schema\/person\/cc6bfd9fbca465e23543b0c963d8d037","name":"Reda\u00e7\u00e3o","image":{"@type":"ImageObject","inLanguage":"pt-BR","@id":"https:\/\/ocoerente.com.br\/se\/wp-content\/uploads\/2020\/01\/ocoerente-1.png","url":"https:\/\/ocoerente.com.br\/se\/wp-content\/uploads\/2020\/01\/ocoerente-1.png","contentUrl":"https:\/\/ocoerente.com.br\/se\/wp-content\/uploads\/2020\/01\/ocoerente-1.png","width":50,"height":50,"caption":"Reda\u00e7\u00e3o"},"logo":{"@id":"https:\/\/ocoerente.com.br\/se\/wp-content\/uploads\/2020\/01\/ocoerente-1.png"},"url":"https:\/\/ocoerente.com.br\/se\/author\/vasticlsales\/"}]}},"_links":{"self":[{"href":"https:\/\/ocoerente.com.br\/se\/wp-json\/wp\/v2\/posts\/7764","targetHints":{"allow":["GET"]}}],"collection":[{"href":"https:\/\/ocoerente.com.br\/se\/wp-json\/wp\/v2\/posts"}],"about":[{"href":"https:\/\/ocoerente.com.br\/se\/wp-json\/wp\/v2\/types\/post"}],"author":[{"embeddable":true,"href":"https:\/\/ocoerente.com.br\/se\/wp-json\/wp\/v2\/users\/1"}],"replies":[{"embeddable":true,"href":"https:\/\/ocoerente.com.br\/se\/wp-json\/wp\/v2\/comments?post=7764"}],"version-history":[{"count":1,"href":"https:\/\/ocoerente.com.br\/se\/wp-json\/wp\/v2\/posts\/7764\/revisions"}],"predecessor-version":[{"id":7766,"href":"https:\/\/ocoerente.com.br\/se\/wp-json\/wp\/v2\/posts\/7764\/revisions\/7766"}],"wp:featuredmedia":[{"embeddable":true,"href":"https:\/\/ocoerente.com.br\/se\/wp-json\/wp\/v2\/media\/7765"}],"wp:attachment":[{"href":"https:\/\/ocoerente.com.br\/se\/wp-json\/wp\/v2\/media?parent=7764"}],"wp:term":[{"taxonomy":"category","embeddable":true,"href":"https:\/\/ocoerente.com.br\/se\/wp-json\/wp\/v2\/categories?post=7764"},{"taxonomy":"post_tag","embeddable":true,"href":"https:\/\/ocoerente.com.br\/se\/wp-json\/wp\/v2\/tags?post=7764"}],"curies":[{"name":"wp","href":"https:\/\/api.w.org\/{rel}","templated":true}]}}