{"id":7757,"date":"2024-01-11T17:42:44","date_gmt":"2024-01-11T20:42:44","guid":{"rendered":"https:\/\/ocoerente.com.br\/se\/?p=7757"},"modified":"2024-01-11T17:43:00","modified_gmt":"2024-01-11T20:43:00","slug":"ministerio-de-marcio-macedo-sai-com-nota-a-imprensa","status":"publish","type":"post","link":"https:\/\/ocoerente.com.br\/se\/2024\/01\/11\/ministerio-de-marcio-macedo-sai-com-nota-a-imprensa\/","title":{"rendered":"Minist\u00e9rio de M\u00e1rcio Macedo sa\u00ed com nota \u00e0 imprensa"},"content":{"rendered":"\n<p>Diz a nota:<\/p>\n\n\n\n<p>A respeito das mat\u00e9rias jornal\u00edsticas publicadas sobre a suposta raz\u00e3o da exonera\u00e7\u00e3o de Maria Fernanda Coelho da Secretaria-Geral da Presid\u00eancia da Rep\u00fablica, este Minist\u00e9rio informa que:<\/p>\n\n\n\n<p>. ao contr\u00e1rio do que foi noticiado, nunca houve tratativa sobre quaisquer passagens nem di\u00e1rias de viagem entre a ex-secret\u00e1ria e o ministro M\u00e1rcio Mac\u00eado;<\/p>\n\n\n\n<p>. a exonera\u00e7\u00e3o foi a pedido dela por quest\u00f5es pessoais.<\/p>\n\n\n\n<p>Sobre a viagem de funcion\u00e1rios do Minist\u00e9rio foi determinada a abertura de sindic\u00e2ncia para apurar os fatos noticiados.<\/p>\n\n\n\n<p>Assessoria de Comunica\u00e7\u00e3o Social<br>Secretaria-Geral da Presid\u00eancia da Rep\u00fablica<\/p>\n\n\n\n<p><strong>roacontece<\/strong><\/p>\n","protected":false},"excerpt":{"rendered":"<p>Diz a nota: A respeito das mat\u00e9rias jornal\u00edsticas publicadas sobre a suposta raz\u00e3o da exonera\u00e7\u00e3o de Maria Fernanda Coelho da Secretaria-Geral da Presid\u00eancia da Rep\u00fablica, este Minist\u00e9rio informa que: . ao contr\u00e1rio do que foi noticiado, nunca houve tratativa sobre quaisquer passagens nem di\u00e1rias de viagem entre a ex-secret\u00e1ria e o ministro M\u00e1rcio Mac\u00eado; . [&hellip;]<\/p>\n","protected":false},"author":1,"featured_media":7758,"comment_status":"closed","ping_status":"closed","sticky":false,"template":"","format":"standard","meta":{"footnotes":""},"categories":[48,53],"tags":[],"class_list":["post-7757","post","type-post","status-publish","format-standard","has-post-thumbnail","hentry","category-brasil","category-destaques"],"yoast_head":"<!-- This site is optimized with the Yoast SEO plugin v27.4 - https:\/\/yoast.com\/product\/yoast-seo-wordpress\/ -->\n<title>Minist\u00e9rio de M\u00e1rcio Macedo sa\u00ed com nota \u00e0 imprensa - O Coerente<\/title>\n<meta name=\"robots\" content=\"index, follow, max-snippet:-1, max-image-preview:large, max-video-preview:-1\" \/>\n<link rel=\"canonical\" href=\"https:\/\/ocoerente.com.br\/se\/2024\/01\/11\/ministerio-de-marcio-macedo-sai-com-nota-a-imprensa\/\" \/>\n<meta property=\"og:locale\" content=\"pt_BR\" \/>\n<meta property=\"og:type\" content=\"article\" \/>\n<meta property=\"og:title\" content=\"Minist\u00e9rio de M\u00e1rcio Macedo sa\u00ed com nota \u00e0 imprensa - O Coerente\" \/>\n<meta property=\"og:description\" content=\"Diz a nota: A respeito das mat\u00e9rias jornal\u00edsticas publicadas sobre a suposta raz\u00e3o da exonera\u00e7\u00e3o de Maria Fernanda Coelho da Secretaria-Geral da Presid\u00eancia da Rep\u00fablica, este Minist\u00e9rio informa que: . ao contr\u00e1rio do que foi noticiado, nunca houve tratativa sobre quaisquer passagens nem di\u00e1rias de viagem entre a ex-secret\u00e1ria e o ministro M\u00e1rcio Mac\u00eado; . [&hellip;]\" \/>\n<meta property=\"og:url\" content=\"https:\/\/ocoerente.com.br\/se\/2024\/01\/11\/ministerio-de-marcio-macedo-sai-com-nota-a-imprensa\/\" \/>\n<meta property=\"og:site_name\" content=\"O Coerente\" \/>\n<meta property=\"article:published_time\" content=\"2024-01-11T20:42:44+00:00\" \/>\n<meta property=\"article:modified_time\" content=\"2024-01-11T20:43:00+00:00\" \/>\n<meta property=\"og:image\" content=\"https:\/\/ocoerente.com.br\/se\/wp-content\/uploads\/2024\/01\/Nota-imprensa.jpg\" \/>\n\t<meta property=\"og:image:width\" content=\"635\" \/>\n\t<meta property=\"og:image:height\" content=\"385\" \/>\n\t<meta property=\"og:image:type\" content=\"image\/jpeg\" \/>\n<meta name=\"author\" content=\"Reda\u00e7\u00e3o\" \/>\n<meta name=\"twitter:card\" content=\"summary_large_image\" \/>\n<meta name=\"twitter:label1\" content=\"Escrito por\" \/>\n\t<meta name=\"twitter:data1\" content=\"Reda\u00e7\u00e3o\" \/>\n\t<meta name=\"twitter:label2\" content=\"Est. tempo de leitura\" \/>\n\t<meta name=\"twitter:data2\" content=\"1 minuto\" \/>\n<script type=\"application\/ld+json\" class=\"yoast-schema-graph\">{\"@context\":\"https:\\\/\\\/schema.org\",\"@graph\":[{\"@type\":\"Article\",\"@id\":\"https:\\\/\\\/ocoerente.com.br\\\/se\\\/2024\\\/01\\\/11\\\/ministerio-de-marcio-macedo-sai-com-nota-a-imprensa\\\/#article\",\"isPartOf\":{\"@id\":\"https:\\\/\\\/ocoerente.com.br\\\/se\\\/2024\\\/01\\\/11\\\/ministerio-de-marcio-macedo-sai-com-nota-a-imprensa\\\/\"},\"author\":{\"name\":\"Reda\u00e7\u00e3o\",\"@id\":\"https:\\\/\\\/ocoerente.com.br\\\/se\\\/#\\\/schema\\\/person\\\/cc6bfd9fbca465e23543b0c963d8d037\"},\"headline\":\"Minist\u00e9rio de M\u00e1rcio Macedo sa\u00ed com nota \u00e0 imprensa\",\"datePublished\":\"2024-01-11T20:42:44+00:00\",\"dateModified\":\"2024-01-11T20:43:00+00:00\",\"mainEntityOfPage\":{\"@id\":\"https:\\\/\\\/ocoerente.com.br\\\/se\\\/2024\\\/01\\\/11\\\/ministerio-de-marcio-macedo-sai-com-nota-a-imprensa\\\/\"},\"wordCount\":119,\"publisher\":{\"@id\":\"https:\\\/\\\/ocoerente.com.br\\\/se\\\/#\\\/schema\\\/person\\\/cc6bfd9fbca465e23543b0c963d8d037\"},\"image\":{\"@id\":\"https:\\\/\\\/ocoerente.com.br\\\/se\\\/2024\\\/01\\\/11\\\/ministerio-de-marcio-macedo-sai-com-nota-a-imprensa\\\/#primaryimage\"},\"thumbnailUrl\":\"https:\\\/\\\/ocoerente.com.br\\\/se\\\/wp-content\\\/uploads\\\/2024\\\/01\\\/Nota-imprensa.jpg\",\"articleSection\":[\"Brasil\",\"Destaques\"],\"inLanguage\":\"pt-BR\"},{\"@type\":\"WebPage\",\"@id\":\"https:\\\/\\\/ocoerente.com.br\\\/se\\\/2024\\\/01\\\/11\\\/ministerio-de-marcio-macedo-sai-com-nota-a-imprensa\\\/\",\"url\":\"https:\\\/\\\/ocoerente.com.br\\\/se\\\/2024\\\/01\\\/11\\\/ministerio-de-marcio-macedo-sai-com-nota-a-imprensa\\\/\",\"name\":\"Minist\u00e9rio de M\u00e1rcio Macedo sa\u00ed com nota \u00e0 imprensa - O Coerente\",\"isPartOf\":{\"@id\":\"https:\\\/\\\/ocoerente.com.br\\\/se\\\/#website\"},\"primaryImageOfPage\":{\"@id\":\"https:\\\/\\\/ocoerente.com.br\\\/se\\\/2024\\\/01\\\/11\\\/ministerio-de-marcio-macedo-sai-com-nota-a-imprensa\\\/#primaryimage\"},\"image\":{\"@id\":\"https:\\\/\\\/ocoerente.com.br\\\/se\\\/2024\\\/01\\\/11\\\/ministerio-de-marcio-macedo-sai-com-nota-a-imprensa\\\/#primaryimage\"},\"thumbnailUrl\":\"https:\\\/\\\/ocoerente.com.br\\\/se\\\/wp-content\\\/uploads\\\/2024\\\/01\\\/Nota-imprensa.jpg\",\"datePublished\":\"2024-01-11T20:42:44+00:00\",\"dateModified\":\"2024-01-11T20:43:00+00:00\",\"breadcrumb\":{\"@id\":\"https:\\\/\\\/ocoerente.com.br\\\/se\\\/2024\\\/01\\\/11\\\/ministerio-de-marcio-macedo-sai-com-nota-a-imprensa\\\/#breadcrumb\"},\"inLanguage\":\"pt-BR\",\"potentialAction\":[{\"@type\":\"ReadAction\",\"target\":[\"https:\\\/\\\/ocoerente.com.br\\\/se\\\/2024\\\/01\\\/11\\\/ministerio-de-marcio-macedo-sai-com-nota-a-imprensa\\\/\"]}]},{\"@type\":\"ImageObject\",\"inLanguage\":\"pt-BR\",\"@id\":\"https:\\\/\\\/ocoerente.com.br\\\/se\\\/2024\\\/01\\\/11\\\/ministerio-de-marcio-macedo-sai-com-nota-a-imprensa\\\/#primaryimage\",\"url\":\"https:\\\/\\\/ocoerente.com.br\\\/se\\\/wp-content\\\/uploads\\\/2024\\\/01\\\/Nota-imprensa.jpg\",\"contentUrl\":\"https:\\\/\\\/ocoerente.com.br\\\/se\\\/wp-content\\\/uploads\\\/2024\\\/01\\\/Nota-imprensa.jpg\",\"width\":635,\"height\":385},{\"@type\":\"BreadcrumbList\",\"@id\":\"https:\\\/\\\/ocoerente.com.br\\\/se\\\/2024\\\/01\\\/11\\\/ministerio-de-marcio-macedo-sai-com-nota-a-imprensa\\\/#breadcrumb\",\"itemListElement\":[{\"@type\":\"ListItem\",\"position\":1,\"name\":\"In\u00edcio\",\"item\":\"https:\\\/\\\/ocoerente.com.br\\\/se\\\/\"},{\"@type\":\"ListItem\",\"position\":2,\"name\":\"Minist\u00e9rio de M\u00e1rcio Macedo sa\u00ed com nota \u00e0 imprensa\"}]},{\"@type\":\"WebSite\",\"@id\":\"https:\\\/\\\/ocoerente.com.br\\\/se\\\/#website\",\"url\":\"https:\\\/\\\/ocoerente.com.br\\\/se\\\/\",\"name\":\"O Coerente\",\"description\":\"\",\"publisher\":{\"@id\":\"https:\\\/\\\/ocoerente.com.br\\\/se\\\/#\\\/schema\\\/person\\\/cc6bfd9fbca465e23543b0c963d8d037\"},\"potentialAction\":[{\"@type\":\"SearchAction\",\"target\":{\"@type\":\"EntryPoint\",\"urlTemplate\":\"https:\\\/\\\/ocoerente.com.br\\\/se\\\/?s={search_term_string}\"},\"query-input\":{\"@type\":\"PropertyValueSpecification\",\"valueRequired\":true,\"valueName\":\"search_term_string\"}}],\"inLanguage\":\"pt-BR\"},{\"@type\":[\"Person\",\"Organization\"],\"@id\":\"https:\\\/\\\/ocoerente.com.br\\\/se\\\/#\\\/schema\\\/person\\\/cc6bfd9fbca465e23543b0c963d8d037\",\"name\":\"Reda\u00e7\u00e3o\",\"image\":{\"@type\":\"ImageObject\",\"inLanguage\":\"pt-BR\",\"@id\":\"https:\\\/\\\/ocoerente.com.br\\\/se\\\/wp-content\\\/uploads\\\/2020\\\/01\\\/ocoerente-1.png\",\"url\":\"https:\\\/\\\/ocoerente.com.br\\\/se\\\/wp-content\\\/uploads\\\/2020\\\/01\\\/ocoerente-1.png\",\"contentUrl\":\"https:\\\/\\\/ocoerente.com.br\\\/se\\\/wp-content\\\/uploads\\\/2020\\\/01\\\/ocoerente-1.png\",\"width\":50,\"height\":50,\"caption\":\"Reda\u00e7\u00e3o\"},\"logo\":{\"@id\":\"https:\\\/\\\/ocoerente.com.br\\\/se\\\/wp-content\\\/uploads\\\/2020\\\/01\\\/ocoerente-1.png\"},\"url\":\"https:\\\/\\\/ocoerente.com.br\\\/se\\\/author\\\/vasticlsales\\\/\"}]}<\/script>\n<!-- \/ Yoast SEO plugin. -->","yoast_head_json":{"title":"Minist\u00e9rio de M\u00e1rcio Macedo sa\u00ed com nota \u00e0 imprensa - O Coerente","robots":{"index":"index","follow":"follow","max-snippet":"max-snippet:-1","max-image-preview":"max-image-preview:large","max-video-preview":"max-video-preview:-1"},"canonical":"https:\/\/ocoerente.com.br\/se\/2024\/01\/11\/ministerio-de-marcio-macedo-sai-com-nota-a-imprensa\/","og_locale":"pt_BR","og_type":"article","og_title":"Minist\u00e9rio de M\u00e1rcio Macedo sa\u00ed com nota \u00e0 imprensa - O Coerente","og_description":"Diz a nota: A respeito das mat\u00e9rias jornal\u00edsticas publicadas sobre a suposta raz\u00e3o da exonera\u00e7\u00e3o de Maria Fernanda Coelho da Secretaria-Geral da Presid\u00eancia da Rep\u00fablica, este Minist\u00e9rio informa que: . ao contr\u00e1rio do que foi noticiado, nunca houve tratativa sobre quaisquer passagens nem di\u00e1rias de viagem entre a ex-secret\u00e1ria e o ministro M\u00e1rcio Mac\u00eado; . [&hellip;]","og_url":"https:\/\/ocoerente.com.br\/se\/2024\/01\/11\/ministerio-de-marcio-macedo-sai-com-nota-a-imprensa\/","og_site_name":"O Coerente","article_published_time":"2024-01-11T20:42:44+00:00","article_modified_time":"2024-01-11T20:43:00+00:00","og_image":[{"width":635,"height":385,"url":"https:\/\/ocoerente.com.br\/se\/wp-content\/uploads\/2024\/01\/Nota-imprensa.jpg","type":"image\/jpeg"}],"author":"Reda\u00e7\u00e3o","twitter_card":"summary_large_image","twitter_misc":{"Escrito por":"Reda\u00e7\u00e3o","Est. tempo de leitura":"1 minuto"},"schema":{"@context":"https:\/\/schema.org","@graph":[{"@type":"Article","@id":"https:\/\/ocoerente.com.br\/se\/2024\/01\/11\/ministerio-de-marcio-macedo-sai-com-nota-a-imprensa\/#article","isPartOf":{"@id":"https:\/\/ocoerente.com.br\/se\/2024\/01\/11\/ministerio-de-marcio-macedo-sai-com-nota-a-imprensa\/"},"author":{"name":"Reda\u00e7\u00e3o","@id":"https:\/\/ocoerente.com.br\/se\/#\/schema\/person\/cc6bfd9fbca465e23543b0c963d8d037"},"headline":"Minist\u00e9rio de M\u00e1rcio Macedo sa\u00ed com nota \u00e0 imprensa","datePublished":"2024-01-11T20:42:44+00:00","dateModified":"2024-01-11T20:43:00+00:00","mainEntityOfPage":{"@id":"https:\/\/ocoerente.com.br\/se\/2024\/01\/11\/ministerio-de-marcio-macedo-sai-com-nota-a-imprensa\/"},"wordCount":119,"publisher":{"@id":"https:\/\/ocoerente.com.br\/se\/#\/schema\/person\/cc6bfd9fbca465e23543b0c963d8d037"},"image":{"@id":"https:\/\/ocoerente.com.br\/se\/2024\/01\/11\/ministerio-de-marcio-macedo-sai-com-nota-a-imprensa\/#primaryimage"},"thumbnailUrl":"https:\/\/ocoerente.com.br\/se\/wp-content\/uploads\/2024\/01\/Nota-imprensa.jpg","articleSection":["Brasil","Destaques"],"inLanguage":"pt-BR"},{"@type":"WebPage","@id":"https:\/\/ocoerente.com.br\/se\/2024\/01\/11\/ministerio-de-marcio-macedo-sai-com-nota-a-imprensa\/","url":"https:\/\/ocoerente.com.br\/se\/2024\/01\/11\/ministerio-de-marcio-macedo-sai-com-nota-a-imprensa\/","name":"Minist\u00e9rio de M\u00e1rcio Macedo sa\u00ed com nota \u00e0 imprensa - O Coerente","isPartOf":{"@id":"https:\/\/ocoerente.com.br\/se\/#website"},"primaryImageOfPage":{"@id":"https:\/\/ocoerente.com.br\/se\/2024\/01\/11\/ministerio-de-marcio-macedo-sai-com-nota-a-imprensa\/#primaryimage"},"image":{"@id":"https:\/\/ocoerente.com.br\/se\/2024\/01\/11\/ministerio-de-marcio-macedo-sai-com-nota-a-imprensa\/#primaryimage"},"thumbnailUrl":"https:\/\/ocoerente.com.br\/se\/wp-content\/uploads\/2024\/01\/Nota-imprensa.jpg","datePublished":"2024-01-11T20:42:44+00:00","dateModified":"2024-01-11T20:43:00+00:00","breadcrumb":{"@id":"https:\/\/ocoerente.com.br\/se\/2024\/01\/11\/ministerio-de-marcio-macedo-sai-com-nota-a-imprensa\/#breadcrumb"},"inLanguage":"pt-BR","potentialAction":[{"@type":"ReadAction","target":["https:\/\/ocoerente.com.br\/se\/2024\/01\/11\/ministerio-de-marcio-macedo-sai-com-nota-a-imprensa\/"]}]},{"@type":"ImageObject","inLanguage":"pt-BR","@id":"https:\/\/ocoerente.com.br\/se\/2024\/01\/11\/ministerio-de-marcio-macedo-sai-com-nota-a-imprensa\/#primaryimage","url":"https:\/\/ocoerente.com.br\/se\/wp-content\/uploads\/2024\/01\/Nota-imprensa.jpg","contentUrl":"https:\/\/ocoerente.com.br\/se\/wp-content\/uploads\/2024\/01\/Nota-imprensa.jpg","width":635,"height":385},{"@type":"BreadcrumbList","@id":"https:\/\/ocoerente.com.br\/se\/2024\/01\/11\/ministerio-de-marcio-macedo-sai-com-nota-a-imprensa\/#breadcrumb","itemListElement":[{"@type":"ListItem","position":1,"name":"In\u00edcio","item":"https:\/\/ocoerente.com.br\/se\/"},{"@type":"ListItem","position":2,"name":"Minist\u00e9rio de M\u00e1rcio Macedo sa\u00ed com nota \u00e0 imprensa"}]},{"@type":"WebSite","@id":"https:\/\/ocoerente.com.br\/se\/#website","url":"https:\/\/ocoerente.com.br\/se\/","name":"O Coerente","description":"","publisher":{"@id":"https:\/\/ocoerente.com.br\/se\/#\/schema\/person\/cc6bfd9fbca465e23543b0c963d8d037"},"potentialAction":[{"@type":"SearchAction","target":{"@type":"EntryPoint","urlTemplate":"https:\/\/ocoerente.com.br\/se\/?s={search_term_string}"},"query-input":{"@type":"PropertyValueSpecification","valueRequired":true,"valueName":"search_term_string"}}],"inLanguage":"pt-BR"},{"@type":["Person","Organization"],"@id":"https:\/\/ocoerente.com.br\/se\/#\/schema\/person\/cc6bfd9fbca465e23543b0c963d8d037","name":"Reda\u00e7\u00e3o","image":{"@type":"ImageObject","inLanguage":"pt-BR","@id":"https:\/\/ocoerente.com.br\/se\/wp-content\/uploads\/2020\/01\/ocoerente-1.png","url":"https:\/\/ocoerente.com.br\/se\/wp-content\/uploads\/2020\/01\/ocoerente-1.png","contentUrl":"https:\/\/ocoerente.com.br\/se\/wp-content\/uploads\/2020\/01\/ocoerente-1.png","width":50,"height":50,"caption":"Reda\u00e7\u00e3o"},"logo":{"@id":"https:\/\/ocoerente.com.br\/se\/wp-content\/uploads\/2020\/01\/ocoerente-1.png"},"url":"https:\/\/ocoerente.com.br\/se\/author\/vasticlsales\/"}]}},"_links":{"self":[{"href":"https:\/\/ocoerente.com.br\/se\/wp-json\/wp\/v2\/posts\/7757","targetHints":{"allow":["GET"]}}],"collection":[{"href":"https:\/\/ocoerente.com.br\/se\/wp-json\/wp\/v2\/posts"}],"about":[{"href":"https:\/\/ocoerente.com.br\/se\/wp-json\/wp\/v2\/types\/post"}],"author":[{"embeddable":true,"href":"https:\/\/ocoerente.com.br\/se\/wp-json\/wp\/v2\/users\/1"}],"replies":[{"embeddable":true,"href":"https:\/\/ocoerente.com.br\/se\/wp-json\/wp\/v2\/comments?post=7757"}],"version-history":[{"count":2,"href":"https:\/\/ocoerente.com.br\/se\/wp-json\/wp\/v2\/posts\/7757\/revisions"}],"predecessor-version":[{"id":7760,"href":"https:\/\/ocoerente.com.br\/se\/wp-json\/wp\/v2\/posts\/7757\/revisions\/7760"}],"wp:featuredmedia":[{"embeddable":true,"href":"https:\/\/ocoerente.com.br\/se\/wp-json\/wp\/v2\/media\/7758"}],"wp:attachment":[{"href":"https:\/\/ocoerente.com.br\/se\/wp-json\/wp\/v2\/media?parent=7757"}],"wp:term":[{"taxonomy":"category","embeddable":true,"href":"https:\/\/ocoerente.com.br\/se\/wp-json\/wp\/v2\/categories?post=7757"},{"taxonomy":"post_tag","embeddable":true,"href":"https:\/\/ocoerente.com.br\/se\/wp-json\/wp\/v2\/tags?post=7757"}],"curies":[{"name":"wp","href":"https:\/\/api.w.org\/{rel}","templated":true}]}}