{"id":7751,"date":"2024-01-11T17:37:14","date_gmt":"2024-01-11T20:37:14","guid":{"rendered":"https:\/\/ocoerente.com.br\/se\/?p=7751"},"modified":"2024-01-11T17:37:16","modified_gmt":"2024-01-11T20:37:16","slug":"sergipe-sediara-mais-uma-edicao-do-jungle-fight-o-maior-evento-de-mma-da-america-latina","status":"publish","type":"post","link":"https:\/\/ocoerente.com.br\/se\/2024\/01\/11\/sergipe-sediara-mais-uma-edicao-do-jungle-fight-o-maior-evento-de-mma-da-america-latina\/","title":{"rendered":"Sergipe sediar\u00e1 mais uma edi\u00e7\u00e3o do Jungle Fight, o maior evento de MMA da Am\u00e9rica Latina"},"content":{"rendered":"\n<p><em>Sergipe sediou o Jungle Fight pela primeira vez em julho de 2023<\/em><\/p>\n\n\n\n<p>Em reuni\u00e3o no Pal\u00e1cio Museu Ol\u00edmpio Campos, nesta quarta-feira, 10, o governador F\u00e1bio Mitidieri anunciou a realiza\u00e7\u00e3o de mais uma edi\u00e7\u00e3o do Jungle Fight, o maior evento de MMA da Am\u00e9rica Latina. A competi\u00e7\u00e3o acontecer\u00e1 no dia 16 de mar\u00e7o, no Gin\u00e1sio de Esportes Const\u00e2ncio Vieira, em Aracaju, reunindo dezenas de atletas sergipanos e com a disputa in\u00e9dita de dois cintur\u00f5es.<\/p>\n\n\n\n<p>O governador F\u00e1bio Mitidieri afirmou que o evento ser\u00e1 mais um presente de anivers\u00e1rio para a capital sergipana. \u201cDia 16 de mar\u00e7o, v\u00e9spera do anivers\u00e1rio da cidade de Aracaju, tem Jungle Fight. Ano passado foi show, o nosso William Colorado conquistou o cintur\u00e3o. E este ano, dois sergipanos disputando cintur\u00e3o: William Colorado, que vai defender o t\u00edtulo, e o nosso Astro da Maldade, que vai lutar pelo t\u00edtulo tamb\u00e9m. Tenho certeza que vai ser lotado, port\u00f5es fechados como foi da outra vez. Grande atra\u00e7\u00e3o, grande evento, um dos maiores eventos de MMA do mundo\u201d, disse o governador.<\/p>\n\n\n\n<p>O organizador e idealizador do Jungle Fight, Vallid Ismail, antecipou que esta edi\u00e7\u00e3o do evento vai oferecer ainda mais oportunidades aos atletas sergipanos da modalidade. \u201cEsse Jungle Fight vai ser sensacional. Jungle Fight 125, dia 16 de mar\u00e7o, vai ser incr\u00edvel! Imagina dois sergipanos, um defendendo o cintur\u00e3o e o outro lutando pelo cintur\u00e3o. O cintur\u00e3o que escorregou pelos dedos, porque ele venceu mas n\u00e3o tinha batido o peso, l\u00e1 em S\u00e3o Paulo. Vamos lotar! E vamos trabalhar tamb\u00e9m as eliminat\u00f3rias do Jungle. Guerreiros de Sergipe que s\u00e3o de outras artes marciais, se preparem, porque n\u00f3s vamos fazer dois dias de eliminat\u00f3rias do Jungle. Vamos fazer o evento dia 16, dia 15 a pesagem. Vamos fazer 14 e 13 de mar\u00e7o, dois dias de eliminat\u00f3rias para dar oportunidade para essa nova gera\u00e7\u00e3o de guerreiros sergipanos. Foi um pedido do nosso querido governador F\u00e1bio Mitidieri, porque ele quer ver mais sergipanos no mercado de trabalho\u201d, completa.&nbsp;<\/p>\n\n\n\n<p>A secret\u00e1ria de Estado do Esporte e Lazer, Mariana Dantas, destacou a import\u00e2ncia do evento para o fortalecimento do esporte sergipano. \u201cSegundo Jungle Fight vindo a\u00ed, em dose dupla dessa vez, j\u00e1 que a gente vai ter duas disputas de cintur\u00e3o por dois sergipanos, \u00edcones aqui do nosso estado, que s\u00e3o William Colorado e Anderson Astro da Maldade. Vai acontecer no dia 16 de mar\u00e7o, um presente do Governo do Estado para a cidade de Aracaju, comemorando o anivers\u00e1rio da capital. Mais uma vez, a gente quer lotar o Const\u00e2ncio Vieira; queremos fechar os port\u00f5es por superlota\u00e7\u00e3o, como a gente fez na primeira edi\u00e7\u00e3o, em 2023. Esse evento \u00e9 bom para o esporte nacional, para o esporte sergipano e nordestino. A gente quer trazer aqui para o nosso estado, porque a gente quer incentivar toda a popula\u00e7\u00e3o a praticar esporte, a ser mais ativa fisicamente e trazer esse show de alegria, essa festa que o esporte tanto proporciona\u201d, completa.<\/p>\n\n\n\n<p><strong>se.gov.br<\/strong><\/p>\n","protected":false},"excerpt":{"rendered":"<p>Sergipe sediou o Jungle Fight pela primeira vez em julho de 2023 Em reuni\u00e3o no Pal\u00e1cio Museu Ol\u00edmpio Campos, nesta quarta-feira, 10, o governador F\u00e1bio Mitidieri anunciou a realiza\u00e7\u00e3o de mais uma edi\u00e7\u00e3o do Jungle Fight, o maior evento de MMA da Am\u00e9rica Latina. A competi\u00e7\u00e3o acontecer\u00e1 no dia 16 de mar\u00e7o, no Gin\u00e1sio de [&hellip;]<\/p>\n","protected":false},"author":1,"featured_media":7752,"comment_status":"closed","ping_status":"closed","sticky":false,"template":"","format":"standard","meta":{"footnotes":""},"categories":[53,46],"tags":[],"class_list":["post-7751","post","type-post","status-publish","format-standard","has-post-thumbnail","hentry","category-destaques","category-esporte"],"yoast_head":"<!-- This site is optimized with the Yoast SEO plugin v27.4 - https:\/\/yoast.com\/product\/yoast-seo-wordpress\/ -->\n<title>Sergipe sediar\u00e1 mais uma edi\u00e7\u00e3o do Jungle Fight, o maior evento de MMA da Am\u00e9rica Latina - O Coerente<\/title>\n<meta name=\"robots\" content=\"index, follow, max-snippet:-1, max-image-preview:large, max-video-preview:-1\" \/>\n<link rel=\"canonical\" href=\"https:\/\/ocoerente.com.br\/se\/2024\/01\/11\/sergipe-sediara-mais-uma-edicao-do-jungle-fight-o-maior-evento-de-mma-da-america-latina\/\" \/>\n<meta property=\"og:locale\" content=\"pt_BR\" \/>\n<meta property=\"og:type\" content=\"article\" \/>\n<meta property=\"og:title\" content=\"Sergipe sediar\u00e1 mais uma edi\u00e7\u00e3o do Jungle Fight, o maior evento de MMA da Am\u00e9rica Latina - O Coerente\" \/>\n<meta property=\"og:description\" content=\"Sergipe sediou o Jungle Fight pela primeira vez em julho de 2023 Em reuni\u00e3o no Pal\u00e1cio Museu Ol\u00edmpio Campos, nesta quarta-feira, 10, o governador F\u00e1bio Mitidieri anunciou a realiza\u00e7\u00e3o de mais uma edi\u00e7\u00e3o do Jungle Fight, o maior evento de MMA da Am\u00e9rica Latina. A competi\u00e7\u00e3o acontecer\u00e1 no dia 16 de mar\u00e7o, no Gin\u00e1sio de [&hellip;]\" \/>\n<meta property=\"og:url\" content=\"https:\/\/ocoerente.com.br\/se\/2024\/01\/11\/sergipe-sediara-mais-uma-edicao-do-jungle-fight-o-maior-evento-de-mma-da-america-latina\/\" \/>\n<meta property=\"og:site_name\" content=\"O Coerente\" \/>\n<meta property=\"article:published_time\" content=\"2024-01-11T20:37:14+00:00\" \/>\n<meta property=\"article:modified_time\" content=\"2024-01-11T20:37:16+00:00\" \/>\n<meta property=\"og:image\" content=\"https:\/\/ocoerente.com.br\/se\/wp-content\/uploads\/2024\/01\/gove-luta.jpg\" \/>\n\t<meta property=\"og:image:width\" content=\"1100\" \/>\n\t<meta property=\"og:image:height\" content=\"610\" \/>\n\t<meta property=\"og:image:type\" content=\"image\/jpeg\" \/>\n<meta name=\"author\" content=\"Reda\u00e7\u00e3o\" \/>\n<meta name=\"twitter:card\" content=\"summary_large_image\" \/>\n<meta name=\"twitter:label1\" content=\"Escrito por\" \/>\n\t<meta name=\"twitter:data1\" content=\"Reda\u00e7\u00e3o\" \/>\n\t<meta name=\"twitter:label2\" content=\"Est. tempo de leitura\" \/>\n\t<meta name=\"twitter:data2\" content=\"3 minutos\" \/>\n<script type=\"application\/ld+json\" class=\"yoast-schema-graph\">{\"@context\":\"https:\\\/\\\/schema.org\",\"@graph\":[{\"@type\":\"Article\",\"@id\":\"https:\\\/\\\/ocoerente.com.br\\\/se\\\/2024\\\/01\\\/11\\\/sergipe-sediara-mais-uma-edicao-do-jungle-fight-o-maior-evento-de-mma-da-america-latina\\\/#article\",\"isPartOf\":{\"@id\":\"https:\\\/\\\/ocoerente.com.br\\\/se\\\/2024\\\/01\\\/11\\\/sergipe-sediara-mais-uma-edicao-do-jungle-fight-o-maior-evento-de-mma-da-america-latina\\\/\"},\"author\":{\"name\":\"Reda\u00e7\u00e3o\",\"@id\":\"https:\\\/\\\/ocoerente.com.br\\\/se\\\/#\\\/schema\\\/person\\\/cc6bfd9fbca465e23543b0c963d8d037\"},\"headline\":\"Sergipe sediar\u00e1 mais uma edi\u00e7\u00e3o do Jungle Fight, o maior evento de MMA da Am\u00e9rica Latina\",\"datePublished\":\"2024-01-11T20:37:14+00:00\",\"dateModified\":\"2024-01-11T20:37:16+00:00\",\"mainEntityOfPage\":{\"@id\":\"https:\\\/\\\/ocoerente.com.br\\\/se\\\/2024\\\/01\\\/11\\\/sergipe-sediara-mais-uma-edicao-do-jungle-fight-o-maior-evento-de-mma-da-america-latina\\\/\"},\"wordCount\":546,\"publisher\":{\"@id\":\"https:\\\/\\\/ocoerente.com.br\\\/se\\\/#\\\/schema\\\/person\\\/cc6bfd9fbca465e23543b0c963d8d037\"},\"image\":{\"@id\":\"https:\\\/\\\/ocoerente.com.br\\\/se\\\/2024\\\/01\\\/11\\\/sergipe-sediara-mais-uma-edicao-do-jungle-fight-o-maior-evento-de-mma-da-america-latina\\\/#primaryimage\"},\"thumbnailUrl\":\"https:\\\/\\\/ocoerente.com.br\\\/se\\\/wp-content\\\/uploads\\\/2024\\\/01\\\/gove-luta.jpg\",\"articleSection\":[\"Destaques\",\"Esporte\"],\"inLanguage\":\"pt-BR\"},{\"@type\":\"WebPage\",\"@id\":\"https:\\\/\\\/ocoerente.com.br\\\/se\\\/2024\\\/01\\\/11\\\/sergipe-sediara-mais-uma-edicao-do-jungle-fight-o-maior-evento-de-mma-da-america-latina\\\/\",\"url\":\"https:\\\/\\\/ocoerente.com.br\\\/se\\\/2024\\\/01\\\/11\\\/sergipe-sediara-mais-uma-edicao-do-jungle-fight-o-maior-evento-de-mma-da-america-latina\\\/\",\"name\":\"Sergipe sediar\u00e1 mais uma edi\u00e7\u00e3o do Jungle Fight, o maior evento de MMA da Am\u00e9rica Latina - O Coerente\",\"isPartOf\":{\"@id\":\"https:\\\/\\\/ocoerente.com.br\\\/se\\\/#website\"},\"primaryImageOfPage\":{\"@id\":\"https:\\\/\\\/ocoerente.com.br\\\/se\\\/2024\\\/01\\\/11\\\/sergipe-sediara-mais-uma-edicao-do-jungle-fight-o-maior-evento-de-mma-da-america-latina\\\/#primaryimage\"},\"image\":{\"@id\":\"https:\\\/\\\/ocoerente.com.br\\\/se\\\/2024\\\/01\\\/11\\\/sergipe-sediara-mais-uma-edicao-do-jungle-fight-o-maior-evento-de-mma-da-america-latina\\\/#primaryimage\"},\"thumbnailUrl\":\"https:\\\/\\\/ocoerente.com.br\\\/se\\\/wp-content\\\/uploads\\\/2024\\\/01\\\/gove-luta.jpg\",\"datePublished\":\"2024-01-11T20:37:14+00:00\",\"dateModified\":\"2024-01-11T20:37:16+00:00\",\"breadcrumb\":{\"@id\":\"https:\\\/\\\/ocoerente.com.br\\\/se\\\/2024\\\/01\\\/11\\\/sergipe-sediara-mais-uma-edicao-do-jungle-fight-o-maior-evento-de-mma-da-america-latina\\\/#breadcrumb\"},\"inLanguage\":\"pt-BR\",\"potentialAction\":[{\"@type\":\"ReadAction\",\"target\":[\"https:\\\/\\\/ocoerente.com.br\\\/se\\\/2024\\\/01\\\/11\\\/sergipe-sediara-mais-uma-edicao-do-jungle-fight-o-maior-evento-de-mma-da-america-latina\\\/\"]}]},{\"@type\":\"ImageObject\",\"inLanguage\":\"pt-BR\",\"@id\":\"https:\\\/\\\/ocoerente.com.br\\\/se\\\/2024\\\/01\\\/11\\\/sergipe-sediara-mais-uma-edicao-do-jungle-fight-o-maior-evento-de-mma-da-america-latina\\\/#primaryimage\",\"url\":\"https:\\\/\\\/ocoerente.com.br\\\/se\\\/wp-content\\\/uploads\\\/2024\\\/01\\\/gove-luta.jpg\",\"contentUrl\":\"https:\\\/\\\/ocoerente.com.br\\\/se\\\/wp-content\\\/uploads\\\/2024\\\/01\\\/gove-luta.jpg\",\"width\":1100,\"height\":610,\"caption\":\"Fotos: Andr\u00e9 Moreira\"},{\"@type\":\"BreadcrumbList\",\"@id\":\"https:\\\/\\\/ocoerente.com.br\\\/se\\\/2024\\\/01\\\/11\\\/sergipe-sediara-mais-uma-edicao-do-jungle-fight-o-maior-evento-de-mma-da-america-latina\\\/#breadcrumb\",\"itemListElement\":[{\"@type\":\"ListItem\",\"position\":1,\"name\":\"In\u00edcio\",\"item\":\"https:\\\/\\\/ocoerente.com.br\\\/se\\\/\"},{\"@type\":\"ListItem\",\"position\":2,\"name\":\"Sergipe sediar\u00e1 mais uma edi\u00e7\u00e3o do Jungle Fight, o maior evento de MMA da Am\u00e9rica Latina\"}]},{\"@type\":\"WebSite\",\"@id\":\"https:\\\/\\\/ocoerente.com.br\\\/se\\\/#website\",\"url\":\"https:\\\/\\\/ocoerente.com.br\\\/se\\\/\",\"name\":\"O Coerente\",\"description\":\"\",\"publisher\":{\"@id\":\"https:\\\/\\\/ocoerente.com.br\\\/se\\\/#\\\/schema\\\/person\\\/cc6bfd9fbca465e23543b0c963d8d037\"},\"potentialAction\":[{\"@type\":\"SearchAction\",\"target\":{\"@type\":\"EntryPoint\",\"urlTemplate\":\"https:\\\/\\\/ocoerente.com.br\\\/se\\\/?s={search_term_string}\"},\"query-input\":{\"@type\":\"PropertyValueSpecification\",\"valueRequired\":true,\"valueName\":\"search_term_string\"}}],\"inLanguage\":\"pt-BR\"},{\"@type\":[\"Person\",\"Organization\"],\"@id\":\"https:\\\/\\\/ocoerente.com.br\\\/se\\\/#\\\/schema\\\/person\\\/cc6bfd9fbca465e23543b0c963d8d037\",\"name\":\"Reda\u00e7\u00e3o\",\"image\":{\"@type\":\"ImageObject\",\"inLanguage\":\"pt-BR\",\"@id\":\"https:\\\/\\\/ocoerente.com.br\\\/se\\\/wp-content\\\/uploads\\\/2020\\\/01\\\/ocoerente-1.png\",\"url\":\"https:\\\/\\\/ocoerente.com.br\\\/se\\\/wp-content\\\/uploads\\\/2020\\\/01\\\/ocoerente-1.png\",\"contentUrl\":\"https:\\\/\\\/ocoerente.com.br\\\/se\\\/wp-content\\\/uploads\\\/2020\\\/01\\\/ocoerente-1.png\",\"width\":50,\"height\":50,\"caption\":\"Reda\u00e7\u00e3o\"},\"logo\":{\"@id\":\"https:\\\/\\\/ocoerente.com.br\\\/se\\\/wp-content\\\/uploads\\\/2020\\\/01\\\/ocoerente-1.png\"},\"url\":\"https:\\\/\\\/ocoerente.com.br\\\/se\\\/author\\\/vasticlsales\\\/\"}]}<\/script>\n<!-- \/ Yoast SEO plugin. -->","yoast_head_json":{"title":"Sergipe sediar\u00e1 mais uma edi\u00e7\u00e3o do Jungle Fight, o maior evento de MMA da Am\u00e9rica Latina - O Coerente","robots":{"index":"index","follow":"follow","max-snippet":"max-snippet:-1","max-image-preview":"max-image-preview:large","max-video-preview":"max-video-preview:-1"},"canonical":"https:\/\/ocoerente.com.br\/se\/2024\/01\/11\/sergipe-sediara-mais-uma-edicao-do-jungle-fight-o-maior-evento-de-mma-da-america-latina\/","og_locale":"pt_BR","og_type":"article","og_title":"Sergipe sediar\u00e1 mais uma edi\u00e7\u00e3o do Jungle Fight, o maior evento de MMA da Am\u00e9rica Latina - O Coerente","og_description":"Sergipe sediou o Jungle Fight pela primeira vez em julho de 2023 Em reuni\u00e3o no Pal\u00e1cio Museu Ol\u00edmpio Campos, nesta quarta-feira, 10, o governador F\u00e1bio Mitidieri anunciou a realiza\u00e7\u00e3o de mais uma edi\u00e7\u00e3o do Jungle Fight, o maior evento de MMA da Am\u00e9rica Latina. A competi\u00e7\u00e3o acontecer\u00e1 no dia 16 de mar\u00e7o, no Gin\u00e1sio de [&hellip;]","og_url":"https:\/\/ocoerente.com.br\/se\/2024\/01\/11\/sergipe-sediara-mais-uma-edicao-do-jungle-fight-o-maior-evento-de-mma-da-america-latina\/","og_site_name":"O Coerente","article_published_time":"2024-01-11T20:37:14+00:00","article_modified_time":"2024-01-11T20:37:16+00:00","og_image":[{"width":1100,"height":610,"url":"https:\/\/ocoerente.com.br\/se\/wp-content\/uploads\/2024\/01\/gove-luta.jpg","type":"image\/jpeg"}],"author":"Reda\u00e7\u00e3o","twitter_card":"summary_large_image","twitter_misc":{"Escrito por":"Reda\u00e7\u00e3o","Est. tempo de leitura":"3 minutos"},"schema":{"@context":"https:\/\/schema.org","@graph":[{"@type":"Article","@id":"https:\/\/ocoerente.com.br\/se\/2024\/01\/11\/sergipe-sediara-mais-uma-edicao-do-jungle-fight-o-maior-evento-de-mma-da-america-latina\/#article","isPartOf":{"@id":"https:\/\/ocoerente.com.br\/se\/2024\/01\/11\/sergipe-sediara-mais-uma-edicao-do-jungle-fight-o-maior-evento-de-mma-da-america-latina\/"},"author":{"name":"Reda\u00e7\u00e3o","@id":"https:\/\/ocoerente.com.br\/se\/#\/schema\/person\/cc6bfd9fbca465e23543b0c963d8d037"},"headline":"Sergipe sediar\u00e1 mais uma edi\u00e7\u00e3o do Jungle Fight, o maior evento de MMA da Am\u00e9rica Latina","datePublished":"2024-01-11T20:37:14+00:00","dateModified":"2024-01-11T20:37:16+00:00","mainEntityOfPage":{"@id":"https:\/\/ocoerente.com.br\/se\/2024\/01\/11\/sergipe-sediara-mais-uma-edicao-do-jungle-fight-o-maior-evento-de-mma-da-america-latina\/"},"wordCount":546,"publisher":{"@id":"https:\/\/ocoerente.com.br\/se\/#\/schema\/person\/cc6bfd9fbca465e23543b0c963d8d037"},"image":{"@id":"https:\/\/ocoerente.com.br\/se\/2024\/01\/11\/sergipe-sediara-mais-uma-edicao-do-jungle-fight-o-maior-evento-de-mma-da-america-latina\/#primaryimage"},"thumbnailUrl":"https:\/\/ocoerente.com.br\/se\/wp-content\/uploads\/2024\/01\/gove-luta.jpg","articleSection":["Destaques","Esporte"],"inLanguage":"pt-BR"},{"@type":"WebPage","@id":"https:\/\/ocoerente.com.br\/se\/2024\/01\/11\/sergipe-sediara-mais-uma-edicao-do-jungle-fight-o-maior-evento-de-mma-da-america-latina\/","url":"https:\/\/ocoerente.com.br\/se\/2024\/01\/11\/sergipe-sediara-mais-uma-edicao-do-jungle-fight-o-maior-evento-de-mma-da-america-latina\/","name":"Sergipe sediar\u00e1 mais uma edi\u00e7\u00e3o do Jungle Fight, o maior evento de MMA da Am\u00e9rica Latina - O Coerente","isPartOf":{"@id":"https:\/\/ocoerente.com.br\/se\/#website"},"primaryImageOfPage":{"@id":"https:\/\/ocoerente.com.br\/se\/2024\/01\/11\/sergipe-sediara-mais-uma-edicao-do-jungle-fight-o-maior-evento-de-mma-da-america-latina\/#primaryimage"},"image":{"@id":"https:\/\/ocoerente.com.br\/se\/2024\/01\/11\/sergipe-sediara-mais-uma-edicao-do-jungle-fight-o-maior-evento-de-mma-da-america-latina\/#primaryimage"},"thumbnailUrl":"https:\/\/ocoerente.com.br\/se\/wp-content\/uploads\/2024\/01\/gove-luta.jpg","datePublished":"2024-01-11T20:37:14+00:00","dateModified":"2024-01-11T20:37:16+00:00","breadcrumb":{"@id":"https:\/\/ocoerente.com.br\/se\/2024\/01\/11\/sergipe-sediara-mais-uma-edicao-do-jungle-fight-o-maior-evento-de-mma-da-america-latina\/#breadcrumb"},"inLanguage":"pt-BR","potentialAction":[{"@type":"ReadAction","target":["https:\/\/ocoerente.com.br\/se\/2024\/01\/11\/sergipe-sediara-mais-uma-edicao-do-jungle-fight-o-maior-evento-de-mma-da-america-latina\/"]}]},{"@type":"ImageObject","inLanguage":"pt-BR","@id":"https:\/\/ocoerente.com.br\/se\/2024\/01\/11\/sergipe-sediara-mais-uma-edicao-do-jungle-fight-o-maior-evento-de-mma-da-america-latina\/#primaryimage","url":"https:\/\/ocoerente.com.br\/se\/wp-content\/uploads\/2024\/01\/gove-luta.jpg","contentUrl":"https:\/\/ocoerente.com.br\/se\/wp-content\/uploads\/2024\/01\/gove-luta.jpg","width":1100,"height":610,"caption":"Fotos: Andr\u00e9 Moreira"},{"@type":"BreadcrumbList","@id":"https:\/\/ocoerente.com.br\/se\/2024\/01\/11\/sergipe-sediara-mais-uma-edicao-do-jungle-fight-o-maior-evento-de-mma-da-america-latina\/#breadcrumb","itemListElement":[{"@type":"ListItem","position":1,"name":"In\u00edcio","item":"https:\/\/ocoerente.com.br\/se\/"},{"@type":"ListItem","position":2,"name":"Sergipe sediar\u00e1 mais uma edi\u00e7\u00e3o do Jungle Fight, o maior evento de MMA da Am\u00e9rica Latina"}]},{"@type":"WebSite","@id":"https:\/\/ocoerente.com.br\/se\/#website","url":"https:\/\/ocoerente.com.br\/se\/","name":"O Coerente","description":"","publisher":{"@id":"https:\/\/ocoerente.com.br\/se\/#\/schema\/person\/cc6bfd9fbca465e23543b0c963d8d037"},"potentialAction":[{"@type":"SearchAction","target":{"@type":"EntryPoint","urlTemplate":"https:\/\/ocoerente.com.br\/se\/?s={search_term_string}"},"query-input":{"@type":"PropertyValueSpecification","valueRequired":true,"valueName":"search_term_string"}}],"inLanguage":"pt-BR"},{"@type":["Person","Organization"],"@id":"https:\/\/ocoerente.com.br\/se\/#\/schema\/person\/cc6bfd9fbca465e23543b0c963d8d037","name":"Reda\u00e7\u00e3o","image":{"@type":"ImageObject","inLanguage":"pt-BR","@id":"https:\/\/ocoerente.com.br\/se\/wp-content\/uploads\/2020\/01\/ocoerente-1.png","url":"https:\/\/ocoerente.com.br\/se\/wp-content\/uploads\/2020\/01\/ocoerente-1.png","contentUrl":"https:\/\/ocoerente.com.br\/se\/wp-content\/uploads\/2020\/01\/ocoerente-1.png","width":50,"height":50,"caption":"Reda\u00e7\u00e3o"},"logo":{"@id":"https:\/\/ocoerente.com.br\/se\/wp-content\/uploads\/2020\/01\/ocoerente-1.png"},"url":"https:\/\/ocoerente.com.br\/se\/author\/vasticlsales\/"}]}},"_links":{"self":[{"href":"https:\/\/ocoerente.com.br\/se\/wp-json\/wp\/v2\/posts\/7751","targetHints":{"allow":["GET"]}}],"collection":[{"href":"https:\/\/ocoerente.com.br\/se\/wp-json\/wp\/v2\/posts"}],"about":[{"href":"https:\/\/ocoerente.com.br\/se\/wp-json\/wp\/v2\/types\/post"}],"author":[{"embeddable":true,"href":"https:\/\/ocoerente.com.br\/se\/wp-json\/wp\/v2\/users\/1"}],"replies":[{"embeddable":true,"href":"https:\/\/ocoerente.com.br\/se\/wp-json\/wp\/v2\/comments?post=7751"}],"version-history":[{"count":1,"href":"https:\/\/ocoerente.com.br\/se\/wp-json\/wp\/v2\/posts\/7751\/revisions"}],"predecessor-version":[{"id":7753,"href":"https:\/\/ocoerente.com.br\/se\/wp-json\/wp\/v2\/posts\/7751\/revisions\/7753"}],"wp:featuredmedia":[{"embeddable":true,"href":"https:\/\/ocoerente.com.br\/se\/wp-json\/wp\/v2\/media\/7752"}],"wp:attachment":[{"href":"https:\/\/ocoerente.com.br\/se\/wp-json\/wp\/v2\/media?parent=7751"}],"wp:term":[{"taxonomy":"category","embeddable":true,"href":"https:\/\/ocoerente.com.br\/se\/wp-json\/wp\/v2\/categories?post=7751"},{"taxonomy":"post_tag","embeddable":true,"href":"https:\/\/ocoerente.com.br\/se\/wp-json\/wp\/v2\/tags?post=7751"}],"curies":[{"name":"wp","href":"https:\/\/api.w.org\/{rel}","templated":true}]}}