{"id":7747,"date":"2024-01-11T17:34:56","date_gmt":"2024-01-11T20:34:56","guid":{"rendered":"https:\/\/ocoerente.com.br\/se\/?p=7747"},"modified":"2024-01-11T17:34:57","modified_gmt":"2024-01-11T20:34:57","slug":"vigilancia-sanitaria-do-estado-dara-suporte-a-municipios-durante-o-verao-sergipe","status":"publish","type":"post","link":"https:\/\/ocoerente.com.br\/se\/2024\/01\/11\/vigilancia-sanitaria-do-estado-dara-suporte-a-municipios-durante-o-verao-sergipe\/","title":{"rendered":"Vigil\u00e2ncia Sanit\u00e1ria do Estado dar\u00e1 suporte a munic\u00edpios durante o Ver\u00e3o Sergipe"},"content":{"rendered":"\n<p><em>\u00d3rg\u00e3o se manter\u00e1 de prontid\u00e3o nos dias de programa\u00e7\u00e3o na Caueira, Ponta dos Mangues, Canind\u00e9, Pirambu e no Aba\u00eds<\/em><\/p>\n\n\n\n<p>A poucos dias do in\u00edcio do maior evento da esta\u00e7\u00e3o, a Vigil\u00e2ncia Sanit\u00e1ria estadual confirmou presen\u00e7a no Ver\u00e3o Sergipe 2024, para dar suporte \u00e0s vigil\u00e2ncias municipais na fiscaliza\u00e7\u00e3o da estrutura, manipula\u00e7\u00e3o e armazenamento de alimentos durante o evento, que tem in\u00edcio na pr\u00f3xima sexta-feira, 12, na Praia da Caueira, em Itaporanga d\u2019Ajuda. Embora a responsabilidade de atua\u00e7\u00e3o seja municipal, a Vigil\u00e2ncia Sanit\u00e1ria de Sergipe auxiliar\u00e1 nos trabalhos, j\u00e1 que o \u00f3rg\u00e3o atua de forma direta ou indireta nos 75 munic\u00edpios sergipanos.<\/p>\n\n\n\n<p>De acordo com o coordenador \u00c1vio Britto, quando h\u00e1 qualquer tipo de evento no estado, \u00e9 de compet\u00eancia dos munic\u00edpios assegurar a fiscaliza\u00e7\u00e3o sanit\u00e1ria do local da festa. Por\u00e9m, a Vigil\u00e2ncia Sanit\u00e1ria estadual atuar\u00e1 em parceria no Ver\u00e3o Sergipe 2024. \u201cA Vigil\u00e2ncia Sanit\u00e1ria do Estado tem um trabalho em todos os 75 munic\u00edpios. Quando existe qualquer tipo de evento, as responsabilidades dos munic\u00edpios \u00e9 total, porque eles j\u00e1 s\u00e3o capacitados e podem fazer determinadas a\u00e7\u00f5es\u201d.<\/p>\n\n\n\n<p>A fiscaliza\u00e7\u00e3o ser\u00e1 feita nos quatro finais de semanas de programa\u00e7\u00e3o, de 12 de janeiro a 12 de fevereiro. \u201cEstamos nesta condi\u00e7\u00e3o de favorecer as vigil\u00e2ncias e mostrar como devem ser feitos os trabalhos, apesar de que elas tamb\u00e9m s\u00e3o capacitadas para isso. Mas o processo principal \u00e9 darmos a nossa contribui\u00e7\u00e3o pelo vasto conhecimento que a Vigil\u00e2ncia Sanit\u00e1ria do Estado tem\u201d, informou.&nbsp;<\/p>\n\n\n\n<p>Entram no campo de fiscaliza\u00e7\u00e3o todo tipo de estabelecimento, que vai desde o vendedor ambulante com isopor, o pipoqueiro, vendedor de churrasquinho, restaurantes e bares, entre outros, que atuar\u00e3o nos munic\u00edpios de Itaporanga d\u2019Ajuda (Praia da Caueira), Pacatuba (Ponta dos Mangues), Canind\u00e9 de S\u00e3o Francisco, Pirambu e Est\u00e2ncia (Aba\u00eds).<\/p>\n\n\n\n<p>A capacita\u00e7\u00e3o desses comerciantes j\u00e1 foi feita e a fase atual \u00e9 de convoca\u00e7\u00e3o de todos para o sorteio e distribui\u00e7\u00e3o de pontos dos comercializa\u00e7\u00e3o dentro da festa. \u201cEstaremos l\u00e1, independentemente de o munic\u00edpio ter ou n\u00e3o condi\u00e7\u00f5es de atuar\u201d, completou \u00c1vio, ao lembrar que a obrigatoriedade do uso de equipamentos de prote\u00e7\u00e3o individual (EPIs) foi destacada durante a capacita\u00e7\u00e3o dos comerciantes.&nbsp;<\/p>\n\n\n\n<p><strong>Fiscaliza\u00e7\u00e3o<\/strong><\/p>\n\n\n\n<p>A Divis\u00e3o de Vigil\u00e2ncia Sanit\u00e1ria Estadual (DVS) \u00e9 formada pela Vigil\u00e2ncia Sanit\u00e1ria e Vigil\u00e2ncia Epidemiol\u00f3gica. Elas seguem as normas padronizadas pela Ag\u00eancia Nacional de Vigil\u00e2ncia Sanit\u00e1ria (Anvisa) estabelecidas nas Resolu\u00e7\u00f5es da Diretoria Colegiada (RDCs), que regulam as pr\u00e1ticas e padr\u00f5es de qualidade para produtos e servi\u00e7os. A Lei Federal 6437\/77 embasa o \u00f3rg\u00e3o sobre o que configura infra\u00e7\u00f5es e estabelece as san\u00e7\u00f5es.&nbsp;<\/p>\n\n\n\n<p>Embora a compet\u00eancia de fiscaliza\u00e7\u00e3o seja municipal, o com\u00e9rcio no entorno da festa tamb\u00e9m \u00e9 pass\u00edvel da atua\u00e7\u00e3o da Vigil\u00e2ncia Sanit\u00e1ria estadual. \u201cO munic\u00edpio realizador n\u00e3o pode proibir a comercializa\u00e7\u00e3o no entorno da festa, que na verdade s\u00e3o os comerciantes que n\u00e3o foram contemplados no sorteio do circuito da festa. Mas isso n\u00e3o nos impede de apurar as condi\u00e7\u00f5es de higiene de seus produtos. O certificado \u00e9 obrigat\u00f3rio para quem comercializa dentro do circuito, mas os que n\u00e3o receberam n\u00e3o est\u00e3o livres de cumprir as normas de qualidade\u201d, alertou o coordenador.<\/p>\n\n\n\n<p>Durante o Ver\u00e3o Sergipe 2024 ser\u00e3o verificadas a forma de acondicionamento, refrigera\u00e7\u00e3o, armazenamento de prote\u00ednas, uso de EPIs, como gorros e m\u00e1scaras, al\u00e9m de conferir as condi\u00e7\u00f5es de manipula\u00e7\u00e3o dos alimentos, como manter as unhas cortadas e sem esmalta\u00e7\u00e3o e tamb\u00e9m sem o uso de brincos nas orelhas. \u201c\u00c9 essa estrutura que a sa\u00fade p\u00fablica exige que cada pessoa que manipula alimentos mantenha\u201d, ratificou Britto.<\/p>\n\n\n\n<p>As penalidades para quem descumprir os padr\u00f5es sanit\u00e1rios exigidos v\u00e3o desde advert\u00eancia e multa at\u00e9 as mais graves, como apreens\u00e3o de produto e interdi\u00e7\u00e3o parcial ou total do estabelecimento infrator.<\/p>\n\n\n\n<p><strong>Ver\u00e3o Sergipe 2024<\/strong><\/p>\n\n\n\n<p>Com o objetivo de fortalecer o turismo no interior do estado, o Ver\u00e3o Sergipe 2024 traz mais de 50 atra\u00e7\u00f5es sergipanas e nacionais, al\u00e9m de exposi\u00e7\u00e3o e feira de artesanato, bem como competi\u00e7\u00f5es em diversas modalidades esportivas. Fruto de um investimento de R$ 10 milh\u00f5es, o evento deve impactar mais de 200 mil pessoas em todos os munic\u00edpios que o sedia.<\/p>\n\n\n\n<p>A programa\u00e7\u00e3o come\u00e7a na Praia da Caueira, em Itaporanga d\u2019Ajuda, de 12 a 14 de janeiro. Depois, o Ver\u00e3o Sergipe segue de 19 a 21 de janeiro, na Ponta dos Mangues, em Pacatuba. De 26 a 28 o evento acontece em Canind\u00e9 de S\u00e3o Francisco e o munic\u00edpio de Pirambu sedia o Ver\u00e3o Sergipe de 2 a 4 de fevereiro. O Carnaval do Aba\u00eds, em Est\u00e2ncia, ser\u00e1 de 10 a 12 de fevereiro.<\/p>\n\n\n\n<p><strong>Programa\u00e7\u00e3o musical<\/strong><br><strong>Itaporanga d\u2019Ajuda &#8211; Praia da Caueira<\/strong><\/p>\n\n\n\n<p>Sexta-feira, 12 de janeiro<\/p>\n\n\n\n<p>20h &#8211; Rock 79<\/p>\n\n\n\n<p>22h &#8211; Hungria<\/p>\n\n\n\n<p>0h &#8211; Dilsinho<\/p>\n\n\n\n<p>2h &#8211; Seaway<\/p>\n\n\n\n<p>S\u00e1bado, 13 de janeiro<\/p>\n\n\n\n<p>18h &#8211; Faranis<\/p>\n\n\n\n<p>20h &#8211; Chicabana<\/p>\n\n\n\n<p>22h &#8211; Maneva<\/p>\n\n\n\n<p>0h &#8211; Ygor Raniere<\/p>\n\n\n\n<p><br><strong>Pacatuba &#8211; Ponta dos Mangues<\/strong><\/p>\n\n\n\n<p>Sexta-feira, 19 de janeiro<\/p>\n\n\n\n<p>20h &#8211; Rea\u00e7\u00e3o<\/p>\n\n\n\n<p>22h &#8211; Nona<\/p>\n\n\n\n<p>0h &#8211; Saulo<\/p>\n\n\n\n<p>2h &#8211; Bhaskar<\/p>\n\n\n\n<p>S\u00e1bado, 20 de janeiro<\/p>\n\n\n\n<p>18h &#8211; The Baggios<\/p>\n\n\n\n<p>20h &#8211; Jau<\/p>\n\n\n\n<p>22h &#8211; Nando Reis<\/p>\n\n\n\n<p>0h &#8211; Jorge Ducci<\/p>\n\n\n\n<p><strong>Canind\u00e9 de S\u00e3o Francisco<\/strong><\/p>\n\n\n\n<p>Sexta-feira, 26 de janeiro<\/p>\n\n\n\n<p>20h &#8211; Bruninho Top7<\/p>\n\n\n\n<p>22h &#8211; Matheus Fernandes<\/p>\n\n\n\n<p>0h &#8211; Iguinho e Lulinha<\/p>\n\n\n\n<p>2h &#8211; Dan Chicleteiro<\/p>\n\n\n\n<p>S\u00e1bado, 27 de janeiro<\/p>\n\n\n\n<p>18h &#8211; Naur\u00eaa<\/p>\n\n\n\n<p>20h &#8211; Luiza Martins<\/p>\n\n\n\n<p>22h &#8211; Vitor Fernandes<\/p>\n\n\n\n<p>22h &#8211; MariaMilena<\/p>\n\n\n\n<p><br><strong>Pirambu<\/strong><\/p>\n\n\n\n<p>Sexta-feira, 2 de fevereiro<\/p>\n\n\n\n<p>20h &#8211; Art Mania<\/p>\n\n\n\n<p>22h &#8211; Xande de Pilares<\/p>\n\n\n\n<p>0h &#8211; Psirico<\/p>\n\n\n\n<p>2h &#8211; Cid Natureza<\/p>\n\n\n\n<p>S\u00e1bado, 3 de fevereiro<\/p>\n\n\n\n<p>18h &#8211; Maysa Reis<\/p>\n\n\n\n<p>20h &#8211; Tayrone<\/p>\n\n\n\n<p>22h &#8211; Saia El\u00e9trica<\/p>\n\n\n\n<p>0h &#8211; Marcelo Balla<\/p>\n\n\n\n<p><br><strong>Carnaval do Aba\u00eds, em Est\u00e2ncia<\/strong><\/p>\n\n\n\n<p>S\u00e1bado, 10 de fevereiro<\/p>\n\n\n\n<p>20h &#8211; Ninha<\/p>\n\n\n\n<p>Domingo, 11 de fevereiro<\/p>\n\n\n\n<p>18h &#8211; Filhos da Bahia<\/p>\n\n\n\n<p>Segunda-feira, 12 de fevereiro<\/p>\n\n\n\n<p>18h &#8211; Cavaleiros El\u00e9trico<\/p>\n\n\n\n<p><strong>se.gov.br<\/strong><\/p>\n","protected":false},"excerpt":{"rendered":"<p>\u00d3rg\u00e3o se manter\u00e1 de prontid\u00e3o nos dias de programa\u00e7\u00e3o na Caueira, Ponta dos Mangues, Canind\u00e9, Pirambu e no Aba\u00eds A poucos dias do in\u00edcio do maior evento da esta\u00e7\u00e3o, a Vigil\u00e2ncia Sanit\u00e1ria estadual confirmou presen\u00e7a no Ver\u00e3o Sergipe 2024, para dar suporte \u00e0s vigil\u00e2ncias municipais na fiscaliza\u00e7\u00e3o da estrutura, manipula\u00e7\u00e3o e armazenamento de alimentos durante [&hellip;]<\/p>\n","protected":false},"author":1,"featured_media":7748,"comment_status":"closed","ping_status":"closed","sticky":false,"template":"","format":"standard","meta":{"footnotes":""},"categories":[53,43],"tags":[],"class_list":["post-7747","post","type-post","status-publish","format-standard","has-post-thumbnail","hentry","category-destaques","category-sergipe"],"yoast_head":"<!-- This site is optimized with the Yoast SEO plugin v27.4 - https:\/\/yoast.com\/product\/yoast-seo-wordpress\/ -->\n<title>Vigil\u00e2ncia Sanit\u00e1ria do Estado dar\u00e1 suporte a munic\u00edpios durante o Ver\u00e3o Sergipe - O Coerente<\/title>\n<meta name=\"robots\" content=\"index, follow, max-snippet:-1, max-image-preview:large, max-video-preview:-1\" \/>\n<link rel=\"canonical\" href=\"https:\/\/ocoerente.com.br\/se\/2024\/01\/11\/vigilancia-sanitaria-do-estado-dara-suporte-a-municipios-durante-o-verao-sergipe\/\" \/>\n<meta property=\"og:locale\" content=\"pt_BR\" \/>\n<meta property=\"og:type\" content=\"article\" \/>\n<meta property=\"og:title\" content=\"Vigil\u00e2ncia Sanit\u00e1ria do Estado dar\u00e1 suporte a munic\u00edpios durante o Ver\u00e3o Sergipe - O Coerente\" \/>\n<meta property=\"og:description\" content=\"\u00d3rg\u00e3o se manter\u00e1 de prontid\u00e3o nos dias de programa\u00e7\u00e3o na Caueira, Ponta dos Mangues, Canind\u00e9, Pirambu e no Aba\u00eds A poucos dias do in\u00edcio do maior evento da esta\u00e7\u00e3o, a Vigil\u00e2ncia Sanit\u00e1ria estadual confirmou presen\u00e7a no Ver\u00e3o Sergipe 2024, para dar suporte \u00e0s vigil\u00e2ncias municipais na fiscaliza\u00e7\u00e3o da estrutura, manipula\u00e7\u00e3o e armazenamento de alimentos durante [&hellip;]\" \/>\n<meta property=\"og:url\" content=\"https:\/\/ocoerente.com.br\/se\/2024\/01\/11\/vigilancia-sanitaria-do-estado-dara-suporte-a-municipios-durante-o-verao-sergipe\/\" \/>\n<meta property=\"og:site_name\" content=\"O Coerente\" \/>\n<meta property=\"article:published_time\" content=\"2024-01-11T20:34:56+00:00\" \/>\n<meta property=\"article:modified_time\" content=\"2024-01-11T20:34:57+00:00\" \/>\n<meta property=\"og:image\" content=\"https:\/\/ocoerente.com.br\/se\/wp-content\/uploads\/2024\/01\/verao-se-vigi.jpg\" \/>\n\t<meta property=\"og:image:width\" content=\"1100\" \/>\n\t<meta property=\"og:image:height\" content=\"610\" \/>\n\t<meta property=\"og:image:type\" content=\"image\/jpeg\" \/>\n<meta name=\"author\" content=\"Reda\u00e7\u00e3o\" \/>\n<meta name=\"twitter:card\" content=\"summary_large_image\" \/>\n<meta name=\"twitter:label1\" content=\"Escrito por\" \/>\n\t<meta name=\"twitter:data1\" content=\"Reda\u00e7\u00e3o\" \/>\n\t<meta name=\"twitter:label2\" content=\"Est. tempo de leitura\" \/>\n\t<meta name=\"twitter:data2\" content=\"5 minutos\" \/>\n<script type=\"application\/ld+json\" class=\"yoast-schema-graph\">{\"@context\":\"https:\\\/\\\/schema.org\",\"@graph\":[{\"@type\":\"Article\",\"@id\":\"https:\\\/\\\/ocoerente.com.br\\\/se\\\/2024\\\/01\\\/11\\\/vigilancia-sanitaria-do-estado-dara-suporte-a-municipios-durante-o-verao-sergipe\\\/#article\",\"isPartOf\":{\"@id\":\"https:\\\/\\\/ocoerente.com.br\\\/se\\\/2024\\\/01\\\/11\\\/vigilancia-sanitaria-do-estado-dara-suporte-a-municipios-durante-o-verao-sergipe\\\/\"},\"author\":{\"name\":\"Reda\u00e7\u00e3o\",\"@id\":\"https:\\\/\\\/ocoerente.com.br\\\/se\\\/#\\\/schema\\\/person\\\/cc6bfd9fbca465e23543b0c963d8d037\"},\"headline\":\"Vigil\u00e2ncia Sanit\u00e1ria do Estado dar\u00e1 suporte a munic\u00edpios durante o Ver\u00e3o Sergipe\",\"datePublished\":\"2024-01-11T20:34:56+00:00\",\"dateModified\":\"2024-01-11T20:34:57+00:00\",\"mainEntityOfPage\":{\"@id\":\"https:\\\/\\\/ocoerente.com.br\\\/se\\\/2024\\\/01\\\/11\\\/vigilancia-sanitaria-do-estado-dara-suporte-a-municipios-durante-o-verao-sergipe\\\/\"},\"wordCount\":1053,\"publisher\":{\"@id\":\"https:\\\/\\\/ocoerente.com.br\\\/se\\\/#\\\/schema\\\/person\\\/cc6bfd9fbca465e23543b0c963d8d037\"},\"image\":{\"@id\":\"https:\\\/\\\/ocoerente.com.br\\\/se\\\/2024\\\/01\\\/11\\\/vigilancia-sanitaria-do-estado-dara-suporte-a-municipios-durante-o-verao-sergipe\\\/#primaryimage\"},\"thumbnailUrl\":\"https:\\\/\\\/ocoerente.com.br\\\/se\\\/wp-content\\\/uploads\\\/2024\\\/01\\\/verao-se-vigi.jpg\",\"articleSection\":[\"Destaques\",\"Sergipe\"],\"inLanguage\":\"pt-BR\"},{\"@type\":\"WebPage\",\"@id\":\"https:\\\/\\\/ocoerente.com.br\\\/se\\\/2024\\\/01\\\/11\\\/vigilancia-sanitaria-do-estado-dara-suporte-a-municipios-durante-o-verao-sergipe\\\/\",\"url\":\"https:\\\/\\\/ocoerente.com.br\\\/se\\\/2024\\\/01\\\/11\\\/vigilancia-sanitaria-do-estado-dara-suporte-a-municipios-durante-o-verao-sergipe\\\/\",\"name\":\"Vigil\u00e2ncia Sanit\u00e1ria do Estado dar\u00e1 suporte a munic\u00edpios durante o Ver\u00e3o Sergipe - O Coerente\",\"isPartOf\":{\"@id\":\"https:\\\/\\\/ocoerente.com.br\\\/se\\\/#website\"},\"primaryImageOfPage\":{\"@id\":\"https:\\\/\\\/ocoerente.com.br\\\/se\\\/2024\\\/01\\\/11\\\/vigilancia-sanitaria-do-estado-dara-suporte-a-municipios-durante-o-verao-sergipe\\\/#primaryimage\"},\"image\":{\"@id\":\"https:\\\/\\\/ocoerente.com.br\\\/se\\\/2024\\\/01\\\/11\\\/vigilancia-sanitaria-do-estado-dara-suporte-a-municipios-durante-o-verao-sergipe\\\/#primaryimage\"},\"thumbnailUrl\":\"https:\\\/\\\/ocoerente.com.br\\\/se\\\/wp-content\\\/uploads\\\/2024\\\/01\\\/verao-se-vigi.jpg\",\"datePublished\":\"2024-01-11T20:34:56+00:00\",\"dateModified\":\"2024-01-11T20:34:57+00:00\",\"breadcrumb\":{\"@id\":\"https:\\\/\\\/ocoerente.com.br\\\/se\\\/2024\\\/01\\\/11\\\/vigilancia-sanitaria-do-estado-dara-suporte-a-municipios-durante-o-verao-sergipe\\\/#breadcrumb\"},\"inLanguage\":\"pt-BR\",\"potentialAction\":[{\"@type\":\"ReadAction\",\"target\":[\"https:\\\/\\\/ocoerente.com.br\\\/se\\\/2024\\\/01\\\/11\\\/vigilancia-sanitaria-do-estado-dara-suporte-a-municipios-durante-o-verao-sergipe\\\/\"]}]},{\"@type\":\"ImageObject\",\"inLanguage\":\"pt-BR\",\"@id\":\"https:\\\/\\\/ocoerente.com.br\\\/se\\\/2024\\\/01\\\/11\\\/vigilancia-sanitaria-do-estado-dara-suporte-a-municipios-durante-o-verao-sergipe\\\/#primaryimage\",\"url\":\"https:\\\/\\\/ocoerente.com.br\\\/se\\\/wp-content\\\/uploads\\\/2024\\\/01\\\/verao-se-vigi.jpg\",\"contentUrl\":\"https:\\\/\\\/ocoerente.com.br\\\/se\\\/wp-content\\\/uploads\\\/2024\\\/01\\\/verao-se-vigi.jpg\",\"width\":1100,\"height\":610,\"caption\":\"Vigil\u00e2ncia Sanit\u00e1ria do Estado dar\u00e1 suporte a munic\u00edpios durante o Ver\u00e3o Sergipe \\\/ Foto: Moema Costa\"},{\"@type\":\"BreadcrumbList\",\"@id\":\"https:\\\/\\\/ocoerente.com.br\\\/se\\\/2024\\\/01\\\/11\\\/vigilancia-sanitaria-do-estado-dara-suporte-a-municipios-durante-o-verao-sergipe\\\/#breadcrumb\",\"itemListElement\":[{\"@type\":\"ListItem\",\"position\":1,\"name\":\"In\u00edcio\",\"item\":\"https:\\\/\\\/ocoerente.com.br\\\/se\\\/\"},{\"@type\":\"ListItem\",\"position\":2,\"name\":\"Vigil\u00e2ncia Sanit\u00e1ria do Estado dar\u00e1 suporte a munic\u00edpios durante o Ver\u00e3o Sergipe\"}]},{\"@type\":\"WebSite\",\"@id\":\"https:\\\/\\\/ocoerente.com.br\\\/se\\\/#website\",\"url\":\"https:\\\/\\\/ocoerente.com.br\\\/se\\\/\",\"name\":\"O Coerente\",\"description\":\"\",\"publisher\":{\"@id\":\"https:\\\/\\\/ocoerente.com.br\\\/se\\\/#\\\/schema\\\/person\\\/cc6bfd9fbca465e23543b0c963d8d037\"},\"potentialAction\":[{\"@type\":\"SearchAction\",\"target\":{\"@type\":\"EntryPoint\",\"urlTemplate\":\"https:\\\/\\\/ocoerente.com.br\\\/se\\\/?s={search_term_string}\"},\"query-input\":{\"@type\":\"PropertyValueSpecification\",\"valueRequired\":true,\"valueName\":\"search_term_string\"}}],\"inLanguage\":\"pt-BR\"},{\"@type\":[\"Person\",\"Organization\"],\"@id\":\"https:\\\/\\\/ocoerente.com.br\\\/se\\\/#\\\/schema\\\/person\\\/cc6bfd9fbca465e23543b0c963d8d037\",\"name\":\"Reda\u00e7\u00e3o\",\"image\":{\"@type\":\"ImageObject\",\"inLanguage\":\"pt-BR\",\"@id\":\"https:\\\/\\\/ocoerente.com.br\\\/se\\\/wp-content\\\/uploads\\\/2020\\\/01\\\/ocoerente-1.png\",\"url\":\"https:\\\/\\\/ocoerente.com.br\\\/se\\\/wp-content\\\/uploads\\\/2020\\\/01\\\/ocoerente-1.png\",\"contentUrl\":\"https:\\\/\\\/ocoerente.com.br\\\/se\\\/wp-content\\\/uploads\\\/2020\\\/01\\\/ocoerente-1.png\",\"width\":50,\"height\":50,\"caption\":\"Reda\u00e7\u00e3o\"},\"logo\":{\"@id\":\"https:\\\/\\\/ocoerente.com.br\\\/se\\\/wp-content\\\/uploads\\\/2020\\\/01\\\/ocoerente-1.png\"},\"url\":\"https:\\\/\\\/ocoerente.com.br\\\/se\\\/author\\\/vasticlsales\\\/\"}]}<\/script>\n<!-- \/ Yoast SEO plugin. -->","yoast_head_json":{"title":"Vigil\u00e2ncia Sanit\u00e1ria do Estado dar\u00e1 suporte a munic\u00edpios durante o Ver\u00e3o Sergipe - O Coerente","robots":{"index":"index","follow":"follow","max-snippet":"max-snippet:-1","max-image-preview":"max-image-preview:large","max-video-preview":"max-video-preview:-1"},"canonical":"https:\/\/ocoerente.com.br\/se\/2024\/01\/11\/vigilancia-sanitaria-do-estado-dara-suporte-a-municipios-durante-o-verao-sergipe\/","og_locale":"pt_BR","og_type":"article","og_title":"Vigil\u00e2ncia Sanit\u00e1ria do Estado dar\u00e1 suporte a munic\u00edpios durante o Ver\u00e3o Sergipe - O Coerente","og_description":"\u00d3rg\u00e3o se manter\u00e1 de prontid\u00e3o nos dias de programa\u00e7\u00e3o na Caueira, Ponta dos Mangues, Canind\u00e9, Pirambu e no Aba\u00eds A poucos dias do in\u00edcio do maior evento da esta\u00e7\u00e3o, a Vigil\u00e2ncia Sanit\u00e1ria estadual confirmou presen\u00e7a no Ver\u00e3o Sergipe 2024, para dar suporte \u00e0s vigil\u00e2ncias municipais na fiscaliza\u00e7\u00e3o da estrutura, manipula\u00e7\u00e3o e armazenamento de alimentos durante [&hellip;]","og_url":"https:\/\/ocoerente.com.br\/se\/2024\/01\/11\/vigilancia-sanitaria-do-estado-dara-suporte-a-municipios-durante-o-verao-sergipe\/","og_site_name":"O Coerente","article_published_time":"2024-01-11T20:34:56+00:00","article_modified_time":"2024-01-11T20:34:57+00:00","og_image":[{"width":1100,"height":610,"url":"https:\/\/ocoerente.com.br\/se\/wp-content\/uploads\/2024\/01\/verao-se-vigi.jpg","type":"image\/jpeg"}],"author":"Reda\u00e7\u00e3o","twitter_card":"summary_large_image","twitter_misc":{"Escrito por":"Reda\u00e7\u00e3o","Est. tempo de leitura":"5 minutos"},"schema":{"@context":"https:\/\/schema.org","@graph":[{"@type":"Article","@id":"https:\/\/ocoerente.com.br\/se\/2024\/01\/11\/vigilancia-sanitaria-do-estado-dara-suporte-a-municipios-durante-o-verao-sergipe\/#article","isPartOf":{"@id":"https:\/\/ocoerente.com.br\/se\/2024\/01\/11\/vigilancia-sanitaria-do-estado-dara-suporte-a-municipios-durante-o-verao-sergipe\/"},"author":{"name":"Reda\u00e7\u00e3o","@id":"https:\/\/ocoerente.com.br\/se\/#\/schema\/person\/cc6bfd9fbca465e23543b0c963d8d037"},"headline":"Vigil\u00e2ncia Sanit\u00e1ria do Estado dar\u00e1 suporte a munic\u00edpios durante o Ver\u00e3o Sergipe","datePublished":"2024-01-11T20:34:56+00:00","dateModified":"2024-01-11T20:34:57+00:00","mainEntityOfPage":{"@id":"https:\/\/ocoerente.com.br\/se\/2024\/01\/11\/vigilancia-sanitaria-do-estado-dara-suporte-a-municipios-durante-o-verao-sergipe\/"},"wordCount":1053,"publisher":{"@id":"https:\/\/ocoerente.com.br\/se\/#\/schema\/person\/cc6bfd9fbca465e23543b0c963d8d037"},"image":{"@id":"https:\/\/ocoerente.com.br\/se\/2024\/01\/11\/vigilancia-sanitaria-do-estado-dara-suporte-a-municipios-durante-o-verao-sergipe\/#primaryimage"},"thumbnailUrl":"https:\/\/ocoerente.com.br\/se\/wp-content\/uploads\/2024\/01\/verao-se-vigi.jpg","articleSection":["Destaques","Sergipe"],"inLanguage":"pt-BR"},{"@type":"WebPage","@id":"https:\/\/ocoerente.com.br\/se\/2024\/01\/11\/vigilancia-sanitaria-do-estado-dara-suporte-a-municipios-durante-o-verao-sergipe\/","url":"https:\/\/ocoerente.com.br\/se\/2024\/01\/11\/vigilancia-sanitaria-do-estado-dara-suporte-a-municipios-durante-o-verao-sergipe\/","name":"Vigil\u00e2ncia Sanit\u00e1ria do Estado dar\u00e1 suporte a munic\u00edpios durante o Ver\u00e3o Sergipe - O Coerente","isPartOf":{"@id":"https:\/\/ocoerente.com.br\/se\/#website"},"primaryImageOfPage":{"@id":"https:\/\/ocoerente.com.br\/se\/2024\/01\/11\/vigilancia-sanitaria-do-estado-dara-suporte-a-municipios-durante-o-verao-sergipe\/#primaryimage"},"image":{"@id":"https:\/\/ocoerente.com.br\/se\/2024\/01\/11\/vigilancia-sanitaria-do-estado-dara-suporte-a-municipios-durante-o-verao-sergipe\/#primaryimage"},"thumbnailUrl":"https:\/\/ocoerente.com.br\/se\/wp-content\/uploads\/2024\/01\/verao-se-vigi.jpg","datePublished":"2024-01-11T20:34:56+00:00","dateModified":"2024-01-11T20:34:57+00:00","breadcrumb":{"@id":"https:\/\/ocoerente.com.br\/se\/2024\/01\/11\/vigilancia-sanitaria-do-estado-dara-suporte-a-municipios-durante-o-verao-sergipe\/#breadcrumb"},"inLanguage":"pt-BR","potentialAction":[{"@type":"ReadAction","target":["https:\/\/ocoerente.com.br\/se\/2024\/01\/11\/vigilancia-sanitaria-do-estado-dara-suporte-a-municipios-durante-o-verao-sergipe\/"]}]},{"@type":"ImageObject","inLanguage":"pt-BR","@id":"https:\/\/ocoerente.com.br\/se\/2024\/01\/11\/vigilancia-sanitaria-do-estado-dara-suporte-a-municipios-durante-o-verao-sergipe\/#primaryimage","url":"https:\/\/ocoerente.com.br\/se\/wp-content\/uploads\/2024\/01\/verao-se-vigi.jpg","contentUrl":"https:\/\/ocoerente.com.br\/se\/wp-content\/uploads\/2024\/01\/verao-se-vigi.jpg","width":1100,"height":610,"caption":"Vigil\u00e2ncia Sanit\u00e1ria do Estado dar\u00e1 suporte a munic\u00edpios durante o Ver\u00e3o Sergipe \/ Foto: Moema Costa"},{"@type":"BreadcrumbList","@id":"https:\/\/ocoerente.com.br\/se\/2024\/01\/11\/vigilancia-sanitaria-do-estado-dara-suporte-a-municipios-durante-o-verao-sergipe\/#breadcrumb","itemListElement":[{"@type":"ListItem","position":1,"name":"In\u00edcio","item":"https:\/\/ocoerente.com.br\/se\/"},{"@type":"ListItem","position":2,"name":"Vigil\u00e2ncia Sanit\u00e1ria do Estado dar\u00e1 suporte a munic\u00edpios durante o Ver\u00e3o Sergipe"}]},{"@type":"WebSite","@id":"https:\/\/ocoerente.com.br\/se\/#website","url":"https:\/\/ocoerente.com.br\/se\/","name":"O Coerente","description":"","publisher":{"@id":"https:\/\/ocoerente.com.br\/se\/#\/schema\/person\/cc6bfd9fbca465e23543b0c963d8d037"},"potentialAction":[{"@type":"SearchAction","target":{"@type":"EntryPoint","urlTemplate":"https:\/\/ocoerente.com.br\/se\/?s={search_term_string}"},"query-input":{"@type":"PropertyValueSpecification","valueRequired":true,"valueName":"search_term_string"}}],"inLanguage":"pt-BR"},{"@type":["Person","Organization"],"@id":"https:\/\/ocoerente.com.br\/se\/#\/schema\/person\/cc6bfd9fbca465e23543b0c963d8d037","name":"Reda\u00e7\u00e3o","image":{"@type":"ImageObject","inLanguage":"pt-BR","@id":"https:\/\/ocoerente.com.br\/se\/wp-content\/uploads\/2020\/01\/ocoerente-1.png","url":"https:\/\/ocoerente.com.br\/se\/wp-content\/uploads\/2020\/01\/ocoerente-1.png","contentUrl":"https:\/\/ocoerente.com.br\/se\/wp-content\/uploads\/2020\/01\/ocoerente-1.png","width":50,"height":50,"caption":"Reda\u00e7\u00e3o"},"logo":{"@id":"https:\/\/ocoerente.com.br\/se\/wp-content\/uploads\/2020\/01\/ocoerente-1.png"},"url":"https:\/\/ocoerente.com.br\/se\/author\/vasticlsales\/"}]}},"_links":{"self":[{"href":"https:\/\/ocoerente.com.br\/se\/wp-json\/wp\/v2\/posts\/7747","targetHints":{"allow":["GET"]}}],"collection":[{"href":"https:\/\/ocoerente.com.br\/se\/wp-json\/wp\/v2\/posts"}],"about":[{"href":"https:\/\/ocoerente.com.br\/se\/wp-json\/wp\/v2\/types\/post"}],"author":[{"embeddable":true,"href":"https:\/\/ocoerente.com.br\/se\/wp-json\/wp\/v2\/users\/1"}],"replies":[{"embeddable":true,"href":"https:\/\/ocoerente.com.br\/se\/wp-json\/wp\/v2\/comments?post=7747"}],"version-history":[{"count":1,"href":"https:\/\/ocoerente.com.br\/se\/wp-json\/wp\/v2\/posts\/7747\/revisions"}],"predecessor-version":[{"id":7749,"href":"https:\/\/ocoerente.com.br\/se\/wp-json\/wp\/v2\/posts\/7747\/revisions\/7749"}],"wp:featuredmedia":[{"embeddable":true,"href":"https:\/\/ocoerente.com.br\/se\/wp-json\/wp\/v2\/media\/7748"}],"wp:attachment":[{"href":"https:\/\/ocoerente.com.br\/se\/wp-json\/wp\/v2\/media?parent=7747"}],"wp:term":[{"taxonomy":"category","embeddable":true,"href":"https:\/\/ocoerente.com.br\/se\/wp-json\/wp\/v2\/categories?post=7747"},{"taxonomy":"post_tag","embeddable":true,"href":"https:\/\/ocoerente.com.br\/se\/wp-json\/wp\/v2\/tags?post=7747"}],"curies":[{"name":"wp","href":"https:\/\/api.w.org\/{rel}","templated":true}]}}