{"id":7744,"date":"2024-01-11T17:33:26","date_gmt":"2024-01-11T20:33:26","guid":{"rendered":"https:\/\/ocoerente.com.br\/se\/?p=7744"},"modified":"2024-01-11T17:35:19","modified_gmt":"2024-01-11T20:35:19","slug":"confira-a-programacao-completa-do-primeiro-final-de-semana-do-verao-sergipe-2024","status":"publish","type":"post","link":"https:\/\/ocoerente.com.br\/se\/2024\/01\/11\/confira-a-programacao-completa-do-primeiro-final-de-semana-do-verao-sergipe-2024\/","title":{"rendered":"Confira a programa\u00e7\u00e3o completa do primeiro final de semana do Ver\u00e3o Sergipe 2024"},"content":{"rendered":"\n<p>Realiza\u00e7\u00e3o do Governo do Estado, evento tem in\u00edcio nesta sexta-feira, 12, na Praia da Caueira, em Itaporanga d\u2019Ajuda<\/p>\n\n\n\n<p>A esta\u00e7\u00e3o mais quente e agitada do ano chegou e, com ela, o Ver\u00e3o Sergipe 2024. Uma realiza\u00e7\u00e3o do Governo do Estado, o evento retorna ap\u00f3s mais de dez anos de suspens\u00e3o e, em seu primeiro final de semana, promete movimentar a Praia da Caueira, em Itaporanga d\u2019Ajuda, com atividades culturais e esportivas. A programa\u00e7\u00e3o tem in\u00edcio na noite da sexta-feira, 12, com shows musicais, e se estende durante o s\u00e1bado, 13, e o domingo, 14, com mais m\u00fasica e muito esporte e lazer.<\/p>\n\n\n\n<p>No pr\u00f3ximo final de semana, \u00e9 a vez da Ponta dos Mangues, em Pacatuba, na regi\u00e3o do baixo S\u00e3o Francisco, receber a iniciativa do Estado, nos dias 19, 20 e 21. No \u00faltimo final de semana de janeiro, 26, 27 e 28, o munic\u00edpio de Canind\u00e9 de S\u00e3o Francisco, no alto sert\u00e3o sergipano, ser\u00e1 o cen\u00e1rio do Ver\u00e3o Sergipe. A cidade de Pirambu, no leste sergipano, recebe o Ver\u00e3o Sergipe nos dias 2, 3 e 4 de fevereiro. No Carnaval, nos dias 10, 11 e 12, a programa\u00e7\u00e3o art\u00edstica \u00e9 na Praia do Aba\u00eds, em Est\u00e2ncia, no sul do estado.&nbsp;<\/p>\n\n\n\n<p>A programa\u00e7\u00e3o esportiva acontece sempre aos s\u00e1bados e domingos, com atividades em diversas modalidades e livres para o p\u00fablico e algumas que precisam de inscri\u00e7\u00e3o pr\u00e9via para participa\u00e7\u00e3o. As inscri\u00e7\u00f5es podem ser feitas por meio do site https:\/\/veraosergipe.se.gov.br.<\/p>\n\n\n\n<p>O Ver\u00e3o Sergipe reflete o compromisso do Governo do Estado com a interioriza\u00e7\u00e3o das pol\u00edticas governamentais e com o fomento \u00e0 cultura, ao turismo e \u00e0 economia por meio da realiza\u00e7\u00e3o de grandes eventos. O evento \u00e9 viabilizado por interm\u00e9dio da Secretaria Especial da Comunica\u00e7\u00e3o (Secom) em colabora\u00e7\u00e3o com a Secretaria de Estado do Turismo (Setur), Funda\u00e7\u00e3o de Cultura e Arte Aperip\u00ea (Funcap), Secretaria de Estado do Trabalho, Emprego e Empreendedorismo (Seteem) e Secretaria de Estado do Esporte e Lazer (Seel).<\/p>\n\n\n\n<p><strong>Praia da Caueira<\/strong><\/p>\n\n\n\n<p>A apenas 29 quil\u00f4metros da capital sergipana, Aracaju, a Praia da Caueira, em Itaporanga d\u2019Ajuda, chama aten\u00e7\u00e3o pelas suas \u00e1guas mornas, pequenas faixas de dunas de areia, vegeta\u00e7\u00e3o rica em coqueiros e pelo belo p\u00f4r do sol. A regi\u00e3o tamb\u00e9m disp\u00f5e de bares, restaurantes, pousadas e uma grande diversidade gastron\u00f4mica, com destaque para a culin\u00e1ria \u00e0 base de mariscos e crust\u00e1ceos, como o aratu.&nbsp;<\/p>\n\n\n\n<p><strong>Programa\u00e7\u00e3o musical:<\/strong><\/p>\n\n\n\n<p><strong>Sexta-feira, 12 de janeiro<\/strong><\/p>\n\n\n\n<p>20h &#8211; Rock 79<br>22h &#8211; Hungria<br>0h &#8211; Dilsinho<br>2h &#8211; Seeway<\/p>\n\n\n\n<p><strong>S\u00e1bado, 13 de janeiro<\/strong><\/p>\n\n\n\n<p>18h &#8211; Faranis<br>20h &#8211; Chicabana<br>22h &#8211; Maneva<br>0h &#8211; Ygor Raniere<\/p>\n\n\n\n<p><a href=\"https:\/\/www.se.gov.br\/noticias\/verao-sergipe\/governo_movimentara_verao_em_sergipe_com_programacao_inovadora_que_consolida_estado_como_destino_do_aconchego\" target=\"_blank\" rel=\"noreferrer noopener\">Confira a programa\u00e7\u00e3o musical completa do Ver\u00e3o Sergipe.<\/a><\/p>\n\n\n\n<p><strong>Programa\u00e7\u00e3o esportiva:<\/strong><\/p>\n\n\n\n<p><strong>S\u00e1bado, 13 de janeiro<\/strong><\/p>\n\n\n\n<p>Surf &#8211; das 8h \u00e0s 16h<\/p>\n\n\n\n<p>Passeio cicl\u00edstico &#8211; concentra\u00e7\u00e3o \u00e0s 6h, sa\u00edda \u00e0s 7h<\/p>\n\n\n\n<p>Beach soccer (feminino) \u2013 8h \u00e0s 16h, em formato de competi\u00e7\u00e3o<\/p>\n\n\n\n<p>Beach hand (masculino) &#8211; 8h \u00e0s 16h, em formato de competi\u00e7\u00e3o<\/p>\n\n\n\n<p>Beach t\u00eanis (duplas mistas) &#8211; 8h \u00e0s 16h, em formato de competi\u00e7\u00e3o<\/p>\n\n\n\n<p>V\u00f4lei de praia (feminino) &#8211; 8h \u00e0s 16h, em formato de competi\u00e7\u00e3o<\/p>\n\n\n\n<p>Futev\u00f4lei (masculino) &#8211; 8h \u00e0s 16h, em formato de competi\u00e7\u00e3o<\/p>\n\n\n\n<p>Beach basquete (feminino) &#8211; 8h \u00e0s 16h, em formato de competi\u00e7\u00e3o<\/p>\n\n\n\n<p>Mesabol &#8211; 8h \u00e0s 16h, aberto ao p\u00fablico<\/p>\n\n\n\n<p>Frescobol &#8211; 8h \u00e0s 16h, aberto ao p\u00fablico<\/p>\n\n\n\n<p>Banho assistido &#8211; 8h \u00e0s 16h, aberto ao p\u00fablico com defici\u00eancia<\/p>\n\n\n\n<p><strong>Domingo, 14 de janeiro<\/strong><\/p>\n\n\n\n<p>Ciclismo &#8211; concentra\u00e7\u00e3o \u00e0s 6h, sa\u00edda \u00e0s 6h40, em formato de competi\u00e7\u00e3o<\/p>\n\n\n\n<p>Surf &#8211; 8h \u00e0s 15h, em formato de competi\u00e7\u00e3o<\/p>\n\n\n\n<p>Beach soccer (masculino) &#8211; 8h \u00e0s 15h, em formato de competi\u00e7\u00e3o<\/p>\n\n\n\n<p>Beach hand (feminino) &#8211; 8h \u00e0s 15h, em formato de competi\u00e7\u00e3o<\/p>\n\n\n\n<p>Beach t\u00eanis (duplas mistas) &#8211; 8h \u00e0s 15h, em formato de competi\u00e7\u00e3o<\/p>\n\n\n\n<p>V\u00f4lei de praia (masculino) &#8211; 8h \u00e0s 15h, em formato de competi\u00e7\u00e3o<\/p>\n\n\n\n<p>Futev\u00f4lei (fem) &#8211; 8h \u00e0s 15h, em formato de competi\u00e7\u00e3o<\/p>\n\n\n\n<p>Beach basquete (mas) &#8211; 8h \u00e0s 15h, em formato de competi\u00e7\u00e3o<\/p>\n\n\n\n<p>Mesabol &#8211; 8h \u00e0s 15h, aberto ao p\u00fablico<\/p>\n\n\n\n<p>Frescobol &#8211; 8h \u00e0s 15h, aberto ao p\u00fablico<\/p>\n\n\n\n<p><strong>se.gov.br<\/strong><\/p>\n","protected":false},"excerpt":{"rendered":"<p>Realiza\u00e7\u00e3o do Governo do Estado, evento tem in\u00edcio nesta sexta-feira, 12, na Praia da Caueira, em Itaporanga d\u2019Ajuda A esta\u00e7\u00e3o mais quente e agitada do ano chegou e, com ela, o Ver\u00e3o Sergipe 2024. Uma realiza\u00e7\u00e3o do Governo do Estado, o evento retorna ap\u00f3s mais de dez anos de suspens\u00e3o e, em seu primeiro final [&hellip;]<\/p>\n","protected":false},"author":1,"featured_media":7745,"comment_status":"closed","ping_status":"closed","sticky":false,"template":"","format":"standard","meta":{"footnotes":""},"categories":[53,43],"tags":[],"class_list":["post-7744","post","type-post","status-publish","format-standard","has-post-thumbnail","hentry","category-destaques","category-sergipe"],"yoast_head":"<!-- This site is optimized with the Yoast SEO plugin v27.4 - https:\/\/yoast.com\/product\/yoast-seo-wordpress\/ -->\n<title>Confira a programa\u00e7\u00e3o completa do primeiro final de semana do Ver\u00e3o Sergipe 2024 - O Coerente<\/title>\n<meta name=\"robots\" content=\"index, follow, max-snippet:-1, max-image-preview:large, max-video-preview:-1\" \/>\n<link rel=\"canonical\" href=\"https:\/\/ocoerente.com.br\/se\/2024\/01\/11\/confira-a-programacao-completa-do-primeiro-final-de-semana-do-verao-sergipe-2024\/\" \/>\n<meta property=\"og:locale\" content=\"pt_BR\" \/>\n<meta property=\"og:type\" content=\"article\" \/>\n<meta property=\"og:title\" content=\"Confira a programa\u00e7\u00e3o completa do primeiro final de semana do Ver\u00e3o Sergipe 2024 - O Coerente\" \/>\n<meta property=\"og:description\" content=\"Realiza\u00e7\u00e3o do Governo do Estado, evento tem in\u00edcio nesta sexta-feira, 12, na Praia da Caueira, em Itaporanga d\u2019Ajuda A esta\u00e7\u00e3o mais quente e agitada do ano chegou e, com ela, o Ver\u00e3o Sergipe 2024. Uma realiza\u00e7\u00e3o do Governo do Estado, o evento retorna ap\u00f3s mais de dez anos de suspens\u00e3o e, em seu primeiro final [&hellip;]\" \/>\n<meta property=\"og:url\" content=\"https:\/\/ocoerente.com.br\/se\/2024\/01\/11\/confira-a-programacao-completa-do-primeiro-final-de-semana-do-verao-sergipe-2024\/\" \/>\n<meta property=\"og:site_name\" content=\"O Coerente\" \/>\n<meta property=\"article:published_time\" content=\"2024-01-11T20:33:26+00:00\" \/>\n<meta property=\"article:modified_time\" content=\"2024-01-11T20:35:19+00:00\" \/>\n<meta property=\"og:image\" content=\"https:\/\/ocoerente.com.br\/se\/wp-content\/uploads\/2024\/01\/verao-sergipe.jpg\" \/>\n\t<meta property=\"og:image:width\" content=\"1100\" \/>\n\t<meta property=\"og:image:height\" content=\"610\" \/>\n\t<meta property=\"og:image:type\" content=\"image\/jpeg\" \/>\n<meta name=\"author\" content=\"Reda\u00e7\u00e3o\" \/>\n<meta name=\"twitter:card\" content=\"summary_large_image\" \/>\n<meta name=\"twitter:label1\" content=\"Escrito por\" \/>\n\t<meta name=\"twitter:data1\" content=\"Reda\u00e7\u00e3o\" \/>\n\t<meta name=\"twitter:label2\" content=\"Est. tempo de leitura\" \/>\n\t<meta name=\"twitter:data2\" content=\"4 minutos\" \/>\n<script type=\"application\/ld+json\" class=\"yoast-schema-graph\">{\"@context\":\"https:\\\/\\\/schema.org\",\"@graph\":[{\"@type\":\"Article\",\"@id\":\"https:\\\/\\\/ocoerente.com.br\\\/se\\\/2024\\\/01\\\/11\\\/confira-a-programacao-completa-do-primeiro-final-de-semana-do-verao-sergipe-2024\\\/#article\",\"isPartOf\":{\"@id\":\"https:\\\/\\\/ocoerente.com.br\\\/se\\\/2024\\\/01\\\/11\\\/confira-a-programacao-completa-do-primeiro-final-de-semana-do-verao-sergipe-2024\\\/\"},\"author\":{\"name\":\"Reda\u00e7\u00e3o\",\"@id\":\"https:\\\/\\\/ocoerente.com.br\\\/se\\\/#\\\/schema\\\/person\\\/cc6bfd9fbca465e23543b0c963d8d037\"},\"headline\":\"Confira a programa\u00e7\u00e3o completa do primeiro final de semana do Ver\u00e3o Sergipe 2024\",\"datePublished\":\"2024-01-11T20:33:26+00:00\",\"dateModified\":\"2024-01-11T20:35:19+00:00\",\"mainEntityOfPage\":{\"@id\":\"https:\\\/\\\/ocoerente.com.br\\\/se\\\/2024\\\/01\\\/11\\\/confira-a-programacao-completa-do-primeiro-final-de-semana-do-verao-sergipe-2024\\\/\"},\"wordCount\":737,\"publisher\":{\"@id\":\"https:\\\/\\\/ocoerente.com.br\\\/se\\\/#\\\/schema\\\/person\\\/cc6bfd9fbca465e23543b0c963d8d037\"},\"image\":{\"@id\":\"https:\\\/\\\/ocoerente.com.br\\\/se\\\/2024\\\/01\\\/11\\\/confira-a-programacao-completa-do-primeiro-final-de-semana-do-verao-sergipe-2024\\\/#primaryimage\"},\"thumbnailUrl\":\"https:\\\/\\\/ocoerente.com.br\\\/se\\\/wp-content\\\/uploads\\\/2024\\\/01\\\/verao-sergipe.jpg\",\"articleSection\":[\"Destaques\",\"Sergipe\"],\"inLanguage\":\"pt-BR\"},{\"@type\":\"WebPage\",\"@id\":\"https:\\\/\\\/ocoerente.com.br\\\/se\\\/2024\\\/01\\\/11\\\/confira-a-programacao-completa-do-primeiro-final-de-semana-do-verao-sergipe-2024\\\/\",\"url\":\"https:\\\/\\\/ocoerente.com.br\\\/se\\\/2024\\\/01\\\/11\\\/confira-a-programacao-completa-do-primeiro-final-de-semana-do-verao-sergipe-2024\\\/\",\"name\":\"Confira a programa\u00e7\u00e3o completa do primeiro final de semana do Ver\u00e3o Sergipe 2024 - O Coerente\",\"isPartOf\":{\"@id\":\"https:\\\/\\\/ocoerente.com.br\\\/se\\\/#website\"},\"primaryImageOfPage\":{\"@id\":\"https:\\\/\\\/ocoerente.com.br\\\/se\\\/2024\\\/01\\\/11\\\/confira-a-programacao-completa-do-primeiro-final-de-semana-do-verao-sergipe-2024\\\/#primaryimage\"},\"image\":{\"@id\":\"https:\\\/\\\/ocoerente.com.br\\\/se\\\/2024\\\/01\\\/11\\\/confira-a-programacao-completa-do-primeiro-final-de-semana-do-verao-sergipe-2024\\\/#primaryimage\"},\"thumbnailUrl\":\"https:\\\/\\\/ocoerente.com.br\\\/se\\\/wp-content\\\/uploads\\\/2024\\\/01\\\/verao-sergipe.jpg\",\"datePublished\":\"2024-01-11T20:33:26+00:00\",\"dateModified\":\"2024-01-11T20:35:19+00:00\",\"breadcrumb\":{\"@id\":\"https:\\\/\\\/ocoerente.com.br\\\/se\\\/2024\\\/01\\\/11\\\/confira-a-programacao-completa-do-primeiro-final-de-semana-do-verao-sergipe-2024\\\/#breadcrumb\"},\"inLanguage\":\"pt-BR\",\"potentialAction\":[{\"@type\":\"ReadAction\",\"target\":[\"https:\\\/\\\/ocoerente.com.br\\\/se\\\/2024\\\/01\\\/11\\\/confira-a-programacao-completa-do-primeiro-final-de-semana-do-verao-sergipe-2024\\\/\"]}]},{\"@type\":\"ImageObject\",\"inLanguage\":\"pt-BR\",\"@id\":\"https:\\\/\\\/ocoerente.com.br\\\/se\\\/2024\\\/01\\\/11\\\/confira-a-programacao-completa-do-primeiro-final-de-semana-do-verao-sergipe-2024\\\/#primaryimage\",\"url\":\"https:\\\/\\\/ocoerente.com.br\\\/se\\\/wp-content\\\/uploads\\\/2024\\\/01\\\/verao-sergipe.jpg\",\"contentUrl\":\"https:\\\/\\\/ocoerente.com.br\\\/se\\\/wp-content\\\/uploads\\\/2024\\\/01\\\/verao-sergipe.jpg\",\"width\":1100,\"height\":610,\"caption\":\"Fotos: Erick O'Hara\"},{\"@type\":\"BreadcrumbList\",\"@id\":\"https:\\\/\\\/ocoerente.com.br\\\/se\\\/2024\\\/01\\\/11\\\/confira-a-programacao-completa-do-primeiro-final-de-semana-do-verao-sergipe-2024\\\/#breadcrumb\",\"itemListElement\":[{\"@type\":\"ListItem\",\"position\":1,\"name\":\"In\u00edcio\",\"item\":\"https:\\\/\\\/ocoerente.com.br\\\/se\\\/\"},{\"@type\":\"ListItem\",\"position\":2,\"name\":\"Confira a programa\u00e7\u00e3o completa do primeiro final de semana do Ver\u00e3o Sergipe 2024\"}]},{\"@type\":\"WebSite\",\"@id\":\"https:\\\/\\\/ocoerente.com.br\\\/se\\\/#website\",\"url\":\"https:\\\/\\\/ocoerente.com.br\\\/se\\\/\",\"name\":\"O Coerente\",\"description\":\"\",\"publisher\":{\"@id\":\"https:\\\/\\\/ocoerente.com.br\\\/se\\\/#\\\/schema\\\/person\\\/cc6bfd9fbca465e23543b0c963d8d037\"},\"potentialAction\":[{\"@type\":\"SearchAction\",\"target\":{\"@type\":\"EntryPoint\",\"urlTemplate\":\"https:\\\/\\\/ocoerente.com.br\\\/se\\\/?s={search_term_string}\"},\"query-input\":{\"@type\":\"PropertyValueSpecification\",\"valueRequired\":true,\"valueName\":\"search_term_string\"}}],\"inLanguage\":\"pt-BR\"},{\"@type\":[\"Person\",\"Organization\"],\"@id\":\"https:\\\/\\\/ocoerente.com.br\\\/se\\\/#\\\/schema\\\/person\\\/cc6bfd9fbca465e23543b0c963d8d037\",\"name\":\"Reda\u00e7\u00e3o\",\"image\":{\"@type\":\"ImageObject\",\"inLanguage\":\"pt-BR\",\"@id\":\"https:\\\/\\\/ocoerente.com.br\\\/se\\\/wp-content\\\/uploads\\\/2020\\\/01\\\/ocoerente-1.png\",\"url\":\"https:\\\/\\\/ocoerente.com.br\\\/se\\\/wp-content\\\/uploads\\\/2020\\\/01\\\/ocoerente-1.png\",\"contentUrl\":\"https:\\\/\\\/ocoerente.com.br\\\/se\\\/wp-content\\\/uploads\\\/2020\\\/01\\\/ocoerente-1.png\",\"width\":50,\"height\":50,\"caption\":\"Reda\u00e7\u00e3o\"},\"logo\":{\"@id\":\"https:\\\/\\\/ocoerente.com.br\\\/se\\\/wp-content\\\/uploads\\\/2020\\\/01\\\/ocoerente-1.png\"},\"url\":\"https:\\\/\\\/ocoerente.com.br\\\/se\\\/author\\\/vasticlsales\\\/\"}]}<\/script>\n<!-- \/ Yoast SEO plugin. -->","yoast_head_json":{"title":"Confira a programa\u00e7\u00e3o completa do primeiro final de semana do Ver\u00e3o Sergipe 2024 - O Coerente","robots":{"index":"index","follow":"follow","max-snippet":"max-snippet:-1","max-image-preview":"max-image-preview:large","max-video-preview":"max-video-preview:-1"},"canonical":"https:\/\/ocoerente.com.br\/se\/2024\/01\/11\/confira-a-programacao-completa-do-primeiro-final-de-semana-do-verao-sergipe-2024\/","og_locale":"pt_BR","og_type":"article","og_title":"Confira a programa\u00e7\u00e3o completa do primeiro final de semana do Ver\u00e3o Sergipe 2024 - O Coerente","og_description":"Realiza\u00e7\u00e3o do Governo do Estado, evento tem in\u00edcio nesta sexta-feira, 12, na Praia da Caueira, em Itaporanga d\u2019Ajuda A esta\u00e7\u00e3o mais quente e agitada do ano chegou e, com ela, o Ver\u00e3o Sergipe 2024. Uma realiza\u00e7\u00e3o do Governo do Estado, o evento retorna ap\u00f3s mais de dez anos de suspens\u00e3o e, em seu primeiro final [&hellip;]","og_url":"https:\/\/ocoerente.com.br\/se\/2024\/01\/11\/confira-a-programacao-completa-do-primeiro-final-de-semana-do-verao-sergipe-2024\/","og_site_name":"O Coerente","article_published_time":"2024-01-11T20:33:26+00:00","article_modified_time":"2024-01-11T20:35:19+00:00","og_image":[{"width":1100,"height":610,"url":"https:\/\/ocoerente.com.br\/se\/wp-content\/uploads\/2024\/01\/verao-sergipe.jpg","type":"image\/jpeg"}],"author":"Reda\u00e7\u00e3o","twitter_card":"summary_large_image","twitter_misc":{"Escrito por":"Reda\u00e7\u00e3o","Est. tempo de leitura":"4 minutos"},"schema":{"@context":"https:\/\/schema.org","@graph":[{"@type":"Article","@id":"https:\/\/ocoerente.com.br\/se\/2024\/01\/11\/confira-a-programacao-completa-do-primeiro-final-de-semana-do-verao-sergipe-2024\/#article","isPartOf":{"@id":"https:\/\/ocoerente.com.br\/se\/2024\/01\/11\/confira-a-programacao-completa-do-primeiro-final-de-semana-do-verao-sergipe-2024\/"},"author":{"name":"Reda\u00e7\u00e3o","@id":"https:\/\/ocoerente.com.br\/se\/#\/schema\/person\/cc6bfd9fbca465e23543b0c963d8d037"},"headline":"Confira a programa\u00e7\u00e3o completa do primeiro final de semana do Ver\u00e3o Sergipe 2024","datePublished":"2024-01-11T20:33:26+00:00","dateModified":"2024-01-11T20:35:19+00:00","mainEntityOfPage":{"@id":"https:\/\/ocoerente.com.br\/se\/2024\/01\/11\/confira-a-programacao-completa-do-primeiro-final-de-semana-do-verao-sergipe-2024\/"},"wordCount":737,"publisher":{"@id":"https:\/\/ocoerente.com.br\/se\/#\/schema\/person\/cc6bfd9fbca465e23543b0c963d8d037"},"image":{"@id":"https:\/\/ocoerente.com.br\/se\/2024\/01\/11\/confira-a-programacao-completa-do-primeiro-final-de-semana-do-verao-sergipe-2024\/#primaryimage"},"thumbnailUrl":"https:\/\/ocoerente.com.br\/se\/wp-content\/uploads\/2024\/01\/verao-sergipe.jpg","articleSection":["Destaques","Sergipe"],"inLanguage":"pt-BR"},{"@type":"WebPage","@id":"https:\/\/ocoerente.com.br\/se\/2024\/01\/11\/confira-a-programacao-completa-do-primeiro-final-de-semana-do-verao-sergipe-2024\/","url":"https:\/\/ocoerente.com.br\/se\/2024\/01\/11\/confira-a-programacao-completa-do-primeiro-final-de-semana-do-verao-sergipe-2024\/","name":"Confira a programa\u00e7\u00e3o completa do primeiro final de semana do Ver\u00e3o Sergipe 2024 - O Coerente","isPartOf":{"@id":"https:\/\/ocoerente.com.br\/se\/#website"},"primaryImageOfPage":{"@id":"https:\/\/ocoerente.com.br\/se\/2024\/01\/11\/confira-a-programacao-completa-do-primeiro-final-de-semana-do-verao-sergipe-2024\/#primaryimage"},"image":{"@id":"https:\/\/ocoerente.com.br\/se\/2024\/01\/11\/confira-a-programacao-completa-do-primeiro-final-de-semana-do-verao-sergipe-2024\/#primaryimage"},"thumbnailUrl":"https:\/\/ocoerente.com.br\/se\/wp-content\/uploads\/2024\/01\/verao-sergipe.jpg","datePublished":"2024-01-11T20:33:26+00:00","dateModified":"2024-01-11T20:35:19+00:00","breadcrumb":{"@id":"https:\/\/ocoerente.com.br\/se\/2024\/01\/11\/confira-a-programacao-completa-do-primeiro-final-de-semana-do-verao-sergipe-2024\/#breadcrumb"},"inLanguage":"pt-BR","potentialAction":[{"@type":"ReadAction","target":["https:\/\/ocoerente.com.br\/se\/2024\/01\/11\/confira-a-programacao-completa-do-primeiro-final-de-semana-do-verao-sergipe-2024\/"]}]},{"@type":"ImageObject","inLanguage":"pt-BR","@id":"https:\/\/ocoerente.com.br\/se\/2024\/01\/11\/confira-a-programacao-completa-do-primeiro-final-de-semana-do-verao-sergipe-2024\/#primaryimage","url":"https:\/\/ocoerente.com.br\/se\/wp-content\/uploads\/2024\/01\/verao-sergipe.jpg","contentUrl":"https:\/\/ocoerente.com.br\/se\/wp-content\/uploads\/2024\/01\/verao-sergipe.jpg","width":1100,"height":610,"caption":"Fotos: Erick O'Hara"},{"@type":"BreadcrumbList","@id":"https:\/\/ocoerente.com.br\/se\/2024\/01\/11\/confira-a-programacao-completa-do-primeiro-final-de-semana-do-verao-sergipe-2024\/#breadcrumb","itemListElement":[{"@type":"ListItem","position":1,"name":"In\u00edcio","item":"https:\/\/ocoerente.com.br\/se\/"},{"@type":"ListItem","position":2,"name":"Confira a programa\u00e7\u00e3o completa do primeiro final de semana do Ver\u00e3o Sergipe 2024"}]},{"@type":"WebSite","@id":"https:\/\/ocoerente.com.br\/se\/#website","url":"https:\/\/ocoerente.com.br\/se\/","name":"O Coerente","description":"","publisher":{"@id":"https:\/\/ocoerente.com.br\/se\/#\/schema\/person\/cc6bfd9fbca465e23543b0c963d8d037"},"potentialAction":[{"@type":"SearchAction","target":{"@type":"EntryPoint","urlTemplate":"https:\/\/ocoerente.com.br\/se\/?s={search_term_string}"},"query-input":{"@type":"PropertyValueSpecification","valueRequired":true,"valueName":"search_term_string"}}],"inLanguage":"pt-BR"},{"@type":["Person","Organization"],"@id":"https:\/\/ocoerente.com.br\/se\/#\/schema\/person\/cc6bfd9fbca465e23543b0c963d8d037","name":"Reda\u00e7\u00e3o","image":{"@type":"ImageObject","inLanguage":"pt-BR","@id":"https:\/\/ocoerente.com.br\/se\/wp-content\/uploads\/2020\/01\/ocoerente-1.png","url":"https:\/\/ocoerente.com.br\/se\/wp-content\/uploads\/2020\/01\/ocoerente-1.png","contentUrl":"https:\/\/ocoerente.com.br\/se\/wp-content\/uploads\/2020\/01\/ocoerente-1.png","width":50,"height":50,"caption":"Reda\u00e7\u00e3o"},"logo":{"@id":"https:\/\/ocoerente.com.br\/se\/wp-content\/uploads\/2020\/01\/ocoerente-1.png"},"url":"https:\/\/ocoerente.com.br\/se\/author\/vasticlsales\/"}]}},"_links":{"self":[{"href":"https:\/\/ocoerente.com.br\/se\/wp-json\/wp\/v2\/posts\/7744","targetHints":{"allow":["GET"]}}],"collection":[{"href":"https:\/\/ocoerente.com.br\/se\/wp-json\/wp\/v2\/posts"}],"about":[{"href":"https:\/\/ocoerente.com.br\/se\/wp-json\/wp\/v2\/types\/post"}],"author":[{"embeddable":true,"href":"https:\/\/ocoerente.com.br\/se\/wp-json\/wp\/v2\/users\/1"}],"replies":[{"embeddable":true,"href":"https:\/\/ocoerente.com.br\/se\/wp-json\/wp\/v2\/comments?post=7744"}],"version-history":[{"count":2,"href":"https:\/\/ocoerente.com.br\/se\/wp-json\/wp\/v2\/posts\/7744\/revisions"}],"predecessor-version":[{"id":7750,"href":"https:\/\/ocoerente.com.br\/se\/wp-json\/wp\/v2\/posts\/7744\/revisions\/7750"}],"wp:featuredmedia":[{"embeddable":true,"href":"https:\/\/ocoerente.com.br\/se\/wp-json\/wp\/v2\/media\/7745"}],"wp:attachment":[{"href":"https:\/\/ocoerente.com.br\/se\/wp-json\/wp\/v2\/media?parent=7744"}],"wp:term":[{"taxonomy":"category","embeddable":true,"href":"https:\/\/ocoerente.com.br\/se\/wp-json\/wp\/v2\/categories?post=7744"},{"taxonomy":"post_tag","embeddable":true,"href":"https:\/\/ocoerente.com.br\/se\/wp-json\/wp\/v2\/tags?post=7744"}],"curies":[{"name":"wp","href":"https:\/\/api.w.org\/{rel}","templated":true}]}}