{"id":7735,"date":"2024-01-09T21:41:00","date_gmt":"2024-01-10T00:41:00","guid":{"rendered":"https:\/\/ocoerente.com.br\/se\/?p=7735"},"modified":"2024-01-09T22:46:07","modified_gmt":"2024-01-10T01:46:07","slug":"a-muniz-imobiliaria-vai-completar-23-anos-em-agosto-de-2024","status":"publish","type":"post","link":"https:\/\/ocoerente.com.br\/se\/2024\/01\/09\/a-muniz-imobiliaria-vai-completar-23-anos-em-agosto-de-2024\/","title":{"rendered":"A Muniz imobili\u00e1ria vai completar 23 anos em agosto de 2024!"},"content":{"rendered":"\n<p>Refer\u00eancia no mercado Sergipano, a Muniz imobili\u00e1ria construiu ao longo desses anos uma hist\u00f3ria de seriedade e compromisso com esse mercado que cresce no mundo inteiro e \u00e9 um segmento de realiza\u00e7\u00f5es de sonhos das fam\u00edlias em comprar ou alugar um im\u00f3vel. A Muniz imobili\u00e1ria que possu\u00ed uma equipe de colaboradores treinados para atender empresas, empres\u00e1rios e pessoas f\u00edsicas que procuram im\u00f3veis para alugar ou comprar! Pela sua credibilidade a Muniz imobili\u00e1ria se tornou nos \u00faltimos anos uma das maiores imobili\u00e1rias de Sergipe. A forma de administrar do seu fundador Josival Muniz, seus filhos e colaboradores, coloca essa empresa em evid\u00eancia no mercado imobili\u00e1rio de Sergipe.<\/p>\n\n\n\n<p>As pessoas que se dirigem a procura dos servi\u00e7os que s\u00e3o prestados por essa imobili\u00e1ria sa\u00edrem satisfeitos com o atendimento. E essa forma de atender bem os clientes, torna a Muniz imobili\u00e1ria uma refer\u00eancia de satisfa\u00e7\u00e3o das pessoas que procuram seus servi\u00e7os.<\/p>\n\n\n\n<p>A carta de empreendimentos que a Muniz det\u00e9m sobre sua administra\u00e7\u00e3o tamb\u00e9m chama aten\u00e7\u00e3o do mercado! S\u00e3o milhares de casas, pr\u00e9dios Comerciais, apartamentos entre outros neg\u00f3cios que s\u00e3o geridos pela Muniz imobili\u00e1ria. A outro detalhe que tamb\u00e9m \u00e9 um diferencial desta empresa, \u00e9 que vc pode se quiser ser atendido pelo pr\u00f3prio propriet\u00e1rio da imobili\u00e1ria. Na Muniz n\u00e3o existe arrodeio para conversar com o dono de acordo \u00e9 claro com a sua agenda. Essa forma de ser recebido pelo empres\u00e1rio Muniz, fez a imobili\u00e1ria crescer muito na \u00faltima d\u00e9cada. Olho no olho, um bom papo, descontra\u00e7\u00e3o e a orienta\u00e7\u00e3o que \u00e9 dada por uma pessoa que conhece o mercado imobili\u00e1rio e Sergipe na palma da m\u00e3o!<\/p>\n\n\n\n<p>Ao longo desses 22 anos a Muniz imobili\u00e1ria tentou criar formas de inova\u00e7\u00e3o para melhorar atender seus clientes. Fez uma moderna sede com bastante requinte e equipamentos de \u00faltima gera\u00e7\u00e3o. Na Muniz vc encontra al\u00e9m de um grande atendimento de pessoas capacitadas, vc sempre vai encontrar na imobili\u00e1ria um bom caf\u00e9, Ch\u00e1 diversos, \u00e1gua mineral, biscoitos, etc. Na Muniz \u00e9 assim, tratar voc\u00ea com muito respeito e bons servi\u00e7os.<\/p>\n\n\n\n<p>A Muniz aproveita para desejar aos seus colaboradores e clientes um ano novo com muita sa\u00fade, paz e felicidades. Cheio de realiza\u00e7\u00f5es e Conquistas.<\/p>\n\n\n\n<p>por M\u00e1rcio Prata<\/p>\n","protected":false},"excerpt":{"rendered":"<p>Refer\u00eancia no mercado Sergipano, a Muniz imobili\u00e1ria construiu ao longo desses anos uma hist\u00f3ria de seriedade e compromisso com esse mercado que cresce no mundo inteiro e \u00e9 um segmento de realiza\u00e7\u00f5es de sonhos das fam\u00edlias em comprar ou alugar um im\u00f3vel. A Muniz imobili\u00e1ria que possu\u00ed uma equipe de colaboradores treinados para atender empresas, [&hellip;]<\/p>\n","protected":false},"author":1,"featured_media":7736,"comment_status":"closed","ping_status":"closed","sticky":false,"template":"","format":"standard","meta":{"footnotes":""},"categories":[53,43],"tags":[],"class_list":["post-7735","post","type-post","status-publish","format-standard","has-post-thumbnail","hentry","category-destaques","category-sergipe"],"yoast_head":"<!-- This site is optimized with the Yoast SEO plugin v27.4 - https:\/\/yoast.com\/product\/yoast-seo-wordpress\/ -->\n<title>A Muniz imobili\u00e1ria vai completar 23 anos em agosto de 2024! - O Coerente<\/title>\n<meta name=\"robots\" content=\"index, follow, max-snippet:-1, max-image-preview:large, max-video-preview:-1\" \/>\n<link rel=\"canonical\" href=\"https:\/\/ocoerente.com.br\/se\/2024\/01\/09\/a-muniz-imobiliaria-vai-completar-23-anos-em-agosto-de-2024\/\" \/>\n<meta property=\"og:locale\" content=\"pt_BR\" \/>\n<meta property=\"og:type\" content=\"article\" \/>\n<meta property=\"og:title\" content=\"A Muniz imobili\u00e1ria vai completar 23 anos em agosto de 2024! - O Coerente\" \/>\n<meta property=\"og:description\" content=\"Refer\u00eancia no mercado Sergipano, a Muniz imobili\u00e1ria construiu ao longo desses anos uma hist\u00f3ria de seriedade e compromisso com esse mercado que cresce no mundo inteiro e \u00e9 um segmento de realiza\u00e7\u00f5es de sonhos das fam\u00edlias em comprar ou alugar um im\u00f3vel. A Muniz imobili\u00e1ria que possu\u00ed uma equipe de colaboradores treinados para atender empresas, [&hellip;]\" \/>\n<meta property=\"og:url\" content=\"https:\/\/ocoerente.com.br\/se\/2024\/01\/09\/a-muniz-imobiliaria-vai-completar-23-anos-em-agosto-de-2024\/\" \/>\n<meta property=\"og:site_name\" content=\"O Coerente\" \/>\n<meta property=\"article:published_time\" content=\"2024-01-10T00:41:00+00:00\" \/>\n<meta property=\"article:modified_time\" content=\"2024-01-10T01:46:07+00:00\" \/>\n<meta property=\"og:image\" content=\"https:\/\/ocoerente.com.br\/se\/wp-content\/uploads\/2024\/01\/muniz.jpg\" \/>\n\t<meta property=\"og:image:width\" content=\"1014\" \/>\n\t<meta property=\"og:image:height\" content=\"638\" \/>\n\t<meta property=\"og:image:type\" content=\"image\/jpeg\" \/>\n<meta name=\"author\" content=\"Reda\u00e7\u00e3o\" \/>\n<meta name=\"twitter:card\" content=\"summary_large_image\" \/>\n<meta name=\"twitter:label1\" content=\"Escrito por\" \/>\n\t<meta name=\"twitter:data1\" content=\"Reda\u00e7\u00e3o\" \/>\n\t<meta name=\"twitter:label2\" content=\"Est. tempo de leitura\" \/>\n\t<meta name=\"twitter:data2\" content=\"2 minutos\" \/>\n<script type=\"application\/ld+json\" class=\"yoast-schema-graph\">{\"@context\":\"https:\\\/\\\/schema.org\",\"@graph\":[{\"@type\":\"Article\",\"@id\":\"https:\\\/\\\/ocoerente.com.br\\\/se\\\/2024\\\/01\\\/09\\\/a-muniz-imobiliaria-vai-completar-23-anos-em-agosto-de-2024\\\/#article\",\"isPartOf\":{\"@id\":\"https:\\\/\\\/ocoerente.com.br\\\/se\\\/2024\\\/01\\\/09\\\/a-muniz-imobiliaria-vai-completar-23-anos-em-agosto-de-2024\\\/\"},\"author\":{\"name\":\"Reda\u00e7\u00e3o\",\"@id\":\"https:\\\/\\\/ocoerente.com.br\\\/se\\\/#\\\/schema\\\/person\\\/cc6bfd9fbca465e23543b0c963d8d037\"},\"headline\":\"A Muniz imobili\u00e1ria vai completar 23 anos em agosto de 2024!\",\"datePublished\":\"2024-01-10T00:41:00+00:00\",\"dateModified\":\"2024-01-10T01:46:07+00:00\",\"mainEntityOfPage\":{\"@id\":\"https:\\\/\\\/ocoerente.com.br\\\/se\\\/2024\\\/01\\\/09\\\/a-muniz-imobiliaria-vai-completar-23-anos-em-agosto-de-2024\\\/\"},\"wordCount\":415,\"publisher\":{\"@id\":\"https:\\\/\\\/ocoerente.com.br\\\/se\\\/#\\\/schema\\\/person\\\/cc6bfd9fbca465e23543b0c963d8d037\"},\"image\":{\"@id\":\"https:\\\/\\\/ocoerente.com.br\\\/se\\\/2024\\\/01\\\/09\\\/a-muniz-imobiliaria-vai-completar-23-anos-em-agosto-de-2024\\\/#primaryimage\"},\"thumbnailUrl\":\"https:\\\/\\\/ocoerente.com.br\\\/se\\\/wp-content\\\/uploads\\\/2024\\\/01\\\/muniz.jpg\",\"articleSection\":[\"Destaques\",\"Sergipe\"],\"inLanguage\":\"pt-BR\"},{\"@type\":\"WebPage\",\"@id\":\"https:\\\/\\\/ocoerente.com.br\\\/se\\\/2024\\\/01\\\/09\\\/a-muniz-imobiliaria-vai-completar-23-anos-em-agosto-de-2024\\\/\",\"url\":\"https:\\\/\\\/ocoerente.com.br\\\/se\\\/2024\\\/01\\\/09\\\/a-muniz-imobiliaria-vai-completar-23-anos-em-agosto-de-2024\\\/\",\"name\":\"A Muniz imobili\u00e1ria vai completar 23 anos em agosto de 2024! - O Coerente\",\"isPartOf\":{\"@id\":\"https:\\\/\\\/ocoerente.com.br\\\/se\\\/#website\"},\"primaryImageOfPage\":{\"@id\":\"https:\\\/\\\/ocoerente.com.br\\\/se\\\/2024\\\/01\\\/09\\\/a-muniz-imobiliaria-vai-completar-23-anos-em-agosto-de-2024\\\/#primaryimage\"},\"image\":{\"@id\":\"https:\\\/\\\/ocoerente.com.br\\\/se\\\/2024\\\/01\\\/09\\\/a-muniz-imobiliaria-vai-completar-23-anos-em-agosto-de-2024\\\/#primaryimage\"},\"thumbnailUrl\":\"https:\\\/\\\/ocoerente.com.br\\\/se\\\/wp-content\\\/uploads\\\/2024\\\/01\\\/muniz.jpg\",\"datePublished\":\"2024-01-10T00:41:00+00:00\",\"dateModified\":\"2024-01-10T01:46:07+00:00\",\"breadcrumb\":{\"@id\":\"https:\\\/\\\/ocoerente.com.br\\\/se\\\/2024\\\/01\\\/09\\\/a-muniz-imobiliaria-vai-completar-23-anos-em-agosto-de-2024\\\/#breadcrumb\"},\"inLanguage\":\"pt-BR\",\"potentialAction\":[{\"@type\":\"ReadAction\",\"target\":[\"https:\\\/\\\/ocoerente.com.br\\\/se\\\/2024\\\/01\\\/09\\\/a-muniz-imobiliaria-vai-completar-23-anos-em-agosto-de-2024\\\/\"]}]},{\"@type\":\"ImageObject\",\"inLanguage\":\"pt-BR\",\"@id\":\"https:\\\/\\\/ocoerente.com.br\\\/se\\\/2024\\\/01\\\/09\\\/a-muniz-imobiliaria-vai-completar-23-anos-em-agosto-de-2024\\\/#primaryimage\",\"url\":\"https:\\\/\\\/ocoerente.com.br\\\/se\\\/wp-content\\\/uploads\\\/2024\\\/01\\\/muniz.jpg\",\"contentUrl\":\"https:\\\/\\\/ocoerente.com.br\\\/se\\\/wp-content\\\/uploads\\\/2024\\\/01\\\/muniz.jpg\",\"width\":1014,\"height\":638},{\"@type\":\"BreadcrumbList\",\"@id\":\"https:\\\/\\\/ocoerente.com.br\\\/se\\\/2024\\\/01\\\/09\\\/a-muniz-imobiliaria-vai-completar-23-anos-em-agosto-de-2024\\\/#breadcrumb\",\"itemListElement\":[{\"@type\":\"ListItem\",\"position\":1,\"name\":\"In\u00edcio\",\"item\":\"https:\\\/\\\/ocoerente.com.br\\\/se\\\/\"},{\"@type\":\"ListItem\",\"position\":2,\"name\":\"A Muniz imobili\u00e1ria vai completar 23 anos em agosto de 2024!\"}]},{\"@type\":\"WebSite\",\"@id\":\"https:\\\/\\\/ocoerente.com.br\\\/se\\\/#website\",\"url\":\"https:\\\/\\\/ocoerente.com.br\\\/se\\\/\",\"name\":\"O Coerente\",\"description\":\"\",\"publisher\":{\"@id\":\"https:\\\/\\\/ocoerente.com.br\\\/se\\\/#\\\/schema\\\/person\\\/cc6bfd9fbca465e23543b0c963d8d037\"},\"potentialAction\":[{\"@type\":\"SearchAction\",\"target\":{\"@type\":\"EntryPoint\",\"urlTemplate\":\"https:\\\/\\\/ocoerente.com.br\\\/se\\\/?s={search_term_string}\"},\"query-input\":{\"@type\":\"PropertyValueSpecification\",\"valueRequired\":true,\"valueName\":\"search_term_string\"}}],\"inLanguage\":\"pt-BR\"},{\"@type\":[\"Person\",\"Organization\"],\"@id\":\"https:\\\/\\\/ocoerente.com.br\\\/se\\\/#\\\/schema\\\/person\\\/cc6bfd9fbca465e23543b0c963d8d037\",\"name\":\"Reda\u00e7\u00e3o\",\"image\":{\"@type\":\"ImageObject\",\"inLanguage\":\"pt-BR\",\"@id\":\"https:\\\/\\\/ocoerente.com.br\\\/se\\\/wp-content\\\/uploads\\\/2020\\\/01\\\/ocoerente-1.png\",\"url\":\"https:\\\/\\\/ocoerente.com.br\\\/se\\\/wp-content\\\/uploads\\\/2020\\\/01\\\/ocoerente-1.png\",\"contentUrl\":\"https:\\\/\\\/ocoerente.com.br\\\/se\\\/wp-content\\\/uploads\\\/2020\\\/01\\\/ocoerente-1.png\",\"width\":50,\"height\":50,\"caption\":\"Reda\u00e7\u00e3o\"},\"logo\":{\"@id\":\"https:\\\/\\\/ocoerente.com.br\\\/se\\\/wp-content\\\/uploads\\\/2020\\\/01\\\/ocoerente-1.png\"},\"url\":\"https:\\\/\\\/ocoerente.com.br\\\/se\\\/author\\\/vasticlsales\\\/\"}]}<\/script>\n<!-- \/ Yoast SEO plugin. -->","yoast_head_json":{"title":"A Muniz imobili\u00e1ria vai completar 23 anos em agosto de 2024! - O Coerente","robots":{"index":"index","follow":"follow","max-snippet":"max-snippet:-1","max-image-preview":"max-image-preview:large","max-video-preview":"max-video-preview:-1"},"canonical":"https:\/\/ocoerente.com.br\/se\/2024\/01\/09\/a-muniz-imobiliaria-vai-completar-23-anos-em-agosto-de-2024\/","og_locale":"pt_BR","og_type":"article","og_title":"A Muniz imobili\u00e1ria vai completar 23 anos em agosto de 2024! - O Coerente","og_description":"Refer\u00eancia no mercado Sergipano, a Muniz imobili\u00e1ria construiu ao longo desses anos uma hist\u00f3ria de seriedade e compromisso com esse mercado que cresce no mundo inteiro e \u00e9 um segmento de realiza\u00e7\u00f5es de sonhos das fam\u00edlias em comprar ou alugar um im\u00f3vel. A Muniz imobili\u00e1ria que possu\u00ed uma equipe de colaboradores treinados para atender empresas, [&hellip;]","og_url":"https:\/\/ocoerente.com.br\/se\/2024\/01\/09\/a-muniz-imobiliaria-vai-completar-23-anos-em-agosto-de-2024\/","og_site_name":"O Coerente","article_published_time":"2024-01-10T00:41:00+00:00","article_modified_time":"2024-01-10T01:46:07+00:00","og_image":[{"width":1014,"height":638,"url":"https:\/\/ocoerente.com.br\/se\/wp-content\/uploads\/2024\/01\/muniz.jpg","type":"image\/jpeg"}],"author":"Reda\u00e7\u00e3o","twitter_card":"summary_large_image","twitter_misc":{"Escrito por":"Reda\u00e7\u00e3o","Est. tempo de leitura":"2 minutos"},"schema":{"@context":"https:\/\/schema.org","@graph":[{"@type":"Article","@id":"https:\/\/ocoerente.com.br\/se\/2024\/01\/09\/a-muniz-imobiliaria-vai-completar-23-anos-em-agosto-de-2024\/#article","isPartOf":{"@id":"https:\/\/ocoerente.com.br\/se\/2024\/01\/09\/a-muniz-imobiliaria-vai-completar-23-anos-em-agosto-de-2024\/"},"author":{"name":"Reda\u00e7\u00e3o","@id":"https:\/\/ocoerente.com.br\/se\/#\/schema\/person\/cc6bfd9fbca465e23543b0c963d8d037"},"headline":"A Muniz imobili\u00e1ria vai completar 23 anos em agosto de 2024!","datePublished":"2024-01-10T00:41:00+00:00","dateModified":"2024-01-10T01:46:07+00:00","mainEntityOfPage":{"@id":"https:\/\/ocoerente.com.br\/se\/2024\/01\/09\/a-muniz-imobiliaria-vai-completar-23-anos-em-agosto-de-2024\/"},"wordCount":415,"publisher":{"@id":"https:\/\/ocoerente.com.br\/se\/#\/schema\/person\/cc6bfd9fbca465e23543b0c963d8d037"},"image":{"@id":"https:\/\/ocoerente.com.br\/se\/2024\/01\/09\/a-muniz-imobiliaria-vai-completar-23-anos-em-agosto-de-2024\/#primaryimage"},"thumbnailUrl":"https:\/\/ocoerente.com.br\/se\/wp-content\/uploads\/2024\/01\/muniz.jpg","articleSection":["Destaques","Sergipe"],"inLanguage":"pt-BR"},{"@type":"WebPage","@id":"https:\/\/ocoerente.com.br\/se\/2024\/01\/09\/a-muniz-imobiliaria-vai-completar-23-anos-em-agosto-de-2024\/","url":"https:\/\/ocoerente.com.br\/se\/2024\/01\/09\/a-muniz-imobiliaria-vai-completar-23-anos-em-agosto-de-2024\/","name":"A Muniz imobili\u00e1ria vai completar 23 anos em agosto de 2024! - O Coerente","isPartOf":{"@id":"https:\/\/ocoerente.com.br\/se\/#website"},"primaryImageOfPage":{"@id":"https:\/\/ocoerente.com.br\/se\/2024\/01\/09\/a-muniz-imobiliaria-vai-completar-23-anos-em-agosto-de-2024\/#primaryimage"},"image":{"@id":"https:\/\/ocoerente.com.br\/se\/2024\/01\/09\/a-muniz-imobiliaria-vai-completar-23-anos-em-agosto-de-2024\/#primaryimage"},"thumbnailUrl":"https:\/\/ocoerente.com.br\/se\/wp-content\/uploads\/2024\/01\/muniz.jpg","datePublished":"2024-01-10T00:41:00+00:00","dateModified":"2024-01-10T01:46:07+00:00","breadcrumb":{"@id":"https:\/\/ocoerente.com.br\/se\/2024\/01\/09\/a-muniz-imobiliaria-vai-completar-23-anos-em-agosto-de-2024\/#breadcrumb"},"inLanguage":"pt-BR","potentialAction":[{"@type":"ReadAction","target":["https:\/\/ocoerente.com.br\/se\/2024\/01\/09\/a-muniz-imobiliaria-vai-completar-23-anos-em-agosto-de-2024\/"]}]},{"@type":"ImageObject","inLanguage":"pt-BR","@id":"https:\/\/ocoerente.com.br\/se\/2024\/01\/09\/a-muniz-imobiliaria-vai-completar-23-anos-em-agosto-de-2024\/#primaryimage","url":"https:\/\/ocoerente.com.br\/se\/wp-content\/uploads\/2024\/01\/muniz.jpg","contentUrl":"https:\/\/ocoerente.com.br\/se\/wp-content\/uploads\/2024\/01\/muniz.jpg","width":1014,"height":638},{"@type":"BreadcrumbList","@id":"https:\/\/ocoerente.com.br\/se\/2024\/01\/09\/a-muniz-imobiliaria-vai-completar-23-anos-em-agosto-de-2024\/#breadcrumb","itemListElement":[{"@type":"ListItem","position":1,"name":"In\u00edcio","item":"https:\/\/ocoerente.com.br\/se\/"},{"@type":"ListItem","position":2,"name":"A Muniz imobili\u00e1ria vai completar 23 anos em agosto de 2024!"}]},{"@type":"WebSite","@id":"https:\/\/ocoerente.com.br\/se\/#website","url":"https:\/\/ocoerente.com.br\/se\/","name":"O Coerente","description":"","publisher":{"@id":"https:\/\/ocoerente.com.br\/se\/#\/schema\/person\/cc6bfd9fbca465e23543b0c963d8d037"},"potentialAction":[{"@type":"SearchAction","target":{"@type":"EntryPoint","urlTemplate":"https:\/\/ocoerente.com.br\/se\/?s={search_term_string}"},"query-input":{"@type":"PropertyValueSpecification","valueRequired":true,"valueName":"search_term_string"}}],"inLanguage":"pt-BR"},{"@type":["Person","Organization"],"@id":"https:\/\/ocoerente.com.br\/se\/#\/schema\/person\/cc6bfd9fbca465e23543b0c963d8d037","name":"Reda\u00e7\u00e3o","image":{"@type":"ImageObject","inLanguage":"pt-BR","@id":"https:\/\/ocoerente.com.br\/se\/wp-content\/uploads\/2020\/01\/ocoerente-1.png","url":"https:\/\/ocoerente.com.br\/se\/wp-content\/uploads\/2020\/01\/ocoerente-1.png","contentUrl":"https:\/\/ocoerente.com.br\/se\/wp-content\/uploads\/2020\/01\/ocoerente-1.png","width":50,"height":50,"caption":"Reda\u00e7\u00e3o"},"logo":{"@id":"https:\/\/ocoerente.com.br\/se\/wp-content\/uploads\/2020\/01\/ocoerente-1.png"},"url":"https:\/\/ocoerente.com.br\/se\/author\/vasticlsales\/"}]}},"_links":{"self":[{"href":"https:\/\/ocoerente.com.br\/se\/wp-json\/wp\/v2\/posts\/7735","targetHints":{"allow":["GET"]}}],"collection":[{"href":"https:\/\/ocoerente.com.br\/se\/wp-json\/wp\/v2\/posts"}],"about":[{"href":"https:\/\/ocoerente.com.br\/se\/wp-json\/wp\/v2\/types\/post"}],"author":[{"embeddable":true,"href":"https:\/\/ocoerente.com.br\/se\/wp-json\/wp\/v2\/users\/1"}],"replies":[{"embeddable":true,"href":"https:\/\/ocoerente.com.br\/se\/wp-json\/wp\/v2\/comments?post=7735"}],"version-history":[{"count":5,"href":"https:\/\/ocoerente.com.br\/se\/wp-json\/wp\/v2\/posts\/7735\/revisions"}],"predecessor-version":[{"id":7742,"href":"https:\/\/ocoerente.com.br\/se\/wp-json\/wp\/v2\/posts\/7735\/revisions\/7742"}],"wp:featuredmedia":[{"embeddable":true,"href":"https:\/\/ocoerente.com.br\/se\/wp-json\/wp\/v2\/media\/7736"}],"wp:attachment":[{"href":"https:\/\/ocoerente.com.br\/se\/wp-json\/wp\/v2\/media?parent=7735"}],"wp:term":[{"taxonomy":"category","embeddable":true,"href":"https:\/\/ocoerente.com.br\/se\/wp-json\/wp\/v2\/categories?post=7735"},{"taxonomy":"post_tag","embeddable":true,"href":"https:\/\/ocoerente.com.br\/se\/wp-json\/wp\/v2\/tags?post=7735"}],"curies":[{"name":"wp","href":"https:\/\/api.w.org\/{rel}","templated":true}]}}