{"id":7660,"date":"2024-01-06T16:29:33","date_gmt":"2024-01-06T19:29:33","guid":{"rendered":"https:\/\/ocoerente.com.br\/se\/?p=7660"},"modified":"2024-01-06T16:29:34","modified_gmt":"2024-01-06T19:29:34","slug":"bombeiros-resgataram-19-vitimas-apos-explosao-de-imovel-em-aracaju","status":"publish","type":"post","link":"https:\/\/ocoerente.com.br\/se\/2024\/01\/06\/bombeiros-resgataram-19-vitimas-apos-explosao-de-imovel-em-aracaju\/","title":{"rendered":"Bombeiros resgataram 19 v\u00edtimas ap\u00f3s explos\u00e3o de im\u00f3vel em Aracaju"},"content":{"rendered":"\n<p>Foram 14 v\u00edtimas resgatadas com vida e cinco em \u00f3bito<\/p>\n\n\n\n<p>O Corpo de Bombeiros Militar de Sergipe (CBMSE) resgatou 19 v\u00edtimas no desabamento ap\u00f3s explos\u00e3o de uma edifica\u00e7\u00e3o com v\u00e1rias unidades residenciais em Aracaju. A ocorr\u00eancia aconteceu na manh\u00e3 do \u00faltimo domingo, 31, na avenida Jo\u00e3o Ribeiro, bairro Santo Ant\u00f4nio. Os trabalhos de busca e resgate das v\u00edtimas foram conclu\u00eddos pela corpora\u00e7\u00e3o no final da manh\u00e3 desta ter\u00e7a-feira, 2. Foram 14 v\u00edtimas resgatadas com vida e cinco em \u00f3bito. Os detalhes de toda a opera\u00e7\u00e3o foram apresentados pelos \u00f3rg\u00e3os envolvidos em um entrevista coletiva no Quartel Central, na manh\u00e3 desta quarta-feira, 3.<\/p>\n\n\n\n<p>\u201cFomos acionados na manh\u00e3 do dia 31. Foram encaminhadas ao local equipes de Aracaju e Nossa Senhora do Socorro. Montamos o Sistema de Comando de Incidentes (SCI). Foram em m\u00e9dia 50 bombeiros por dia atuando nessa ocorr\u00eancia, divididos em equipes que foram se revezando para que o trabalho fosse cont\u00ednuo, visando o resgate das v\u00edtimas com a maior brevidade poss\u00edvel\u201d, afirmou o comandante-geral do Corpo de Bombeiros, coronel F\u00e1bio Cardoso.<\/p>\n\n\n\n<p>Ele explicou como os trabalhos foram desenvolvidos. \u201cContamos com equipes de Busca e Resgate em Estruturas Colapsadas (BREC) e do Servi\u00e7o de&nbsp;Busca, Resgate e Salvamento com C\u00e3es (SBRESC). Todo o trabalho precisou ser bastante cuidadoso para a realiza\u00e7\u00e3o das buscas com seguran\u00e7a. Os nossos c\u00e3es indicavam os locais onde possivelmente estavam as v\u00edtimas, e as equipes de busca e salvamento iniciavam o trabalho de remo\u00e7\u00e3o dos escombros, observando riscos e amea\u00e7as, estabilizando o terreno, at\u00e9 acessar as pessoas para a retirada\u201d, apontou o coronel F\u00e1bio.<\/p>\n\n\n\n<p>Segundo o comandante, a atua\u00e7\u00e3o em conjunto de diversos \u00f3rg\u00e3os foi fundamental na ocorr\u00eancia. \u201cForam resgatadas duas v\u00edtimas presas em ferragens, outras em situa\u00e7\u00e3o de risco iminente de queda, em locais de dif\u00edcil acesso, totalizando 14 pessoas resgatadas com vida. Infelizmente, foram cinco \u00f3bitos. Quero agradecer a todos os integrantes do Corpo de Bombeiros pelo empenho no resgate. Bem como toda a estrutura disponibilizada pelo Governo do Estado e Prefeitura de Aracaju, al\u00e9m do apoio da iniciativa privada. A efici\u00eancia na atua\u00e7\u00e3o foi resultado de um trabalho integrado. Agora passamos para o trabalho de per\u00edcia, feito pelo Corpo de Bombeiros e Pol\u00edcia Cient\u00edfica, al\u00e9m da an\u00e1lise estrutural a cargo da Defesa Civil Municipal\u201d, concluiu.<\/p>\n\n\n\n<p>Participaram do atendimento \u00e0 ocorr\u00eancia Corpo de Bombeiros Militar, Defesa Civil Estadual e Municipal, Pol\u00edcia Militar, Samu, Secretaria de Estado do Desenvolvimento Urbano e Infraestrutura (Sedurbi), Superintend\u00eancia Municipal de Transportes e Tr\u00e2nsito (SMTT), Secretaria Municipal de Assist\u00eancia Social e Torre.<\/p>\n\n\n\n<p><em>Fonte e Foto: Ascom CBM\/SE<\/em><\/p>\n","protected":false},"excerpt":{"rendered":"<p>Foram 14 v\u00edtimas resgatadas com vida e cinco em \u00f3bito O Corpo de Bombeiros Militar de Sergipe (CBMSE) resgatou 19 v\u00edtimas no desabamento ap\u00f3s explos\u00e3o de uma edifica\u00e7\u00e3o com v\u00e1rias unidades residenciais em Aracaju. A ocorr\u00eancia aconteceu na manh\u00e3 do \u00faltimo domingo, 31, na avenida Jo\u00e3o Ribeiro, bairro Santo Ant\u00f4nio. Os trabalhos de busca e [&hellip;]<\/p>\n","protected":false},"author":1,"featured_media":7661,"comment_status":"closed","ping_status":"closed","sticky":false,"template":"","format":"standard","meta":{"footnotes":""},"categories":[53,43],"tags":[],"class_list":["post-7660","post","type-post","status-publish","format-standard","has-post-thumbnail","hentry","category-destaques","category-sergipe"],"yoast_head":"<!-- This site is optimized with the Yoast SEO plugin v27.4 - https:\/\/yoast.com\/product\/yoast-seo-wordpress\/ -->\n<title>Bombeiros resgataram 19 v\u00edtimas ap\u00f3s explos\u00e3o de im\u00f3vel em Aracaju - O Coerente<\/title>\n<meta name=\"robots\" content=\"index, follow, max-snippet:-1, max-image-preview:large, max-video-preview:-1\" \/>\n<link rel=\"canonical\" href=\"https:\/\/ocoerente.com.br\/se\/2024\/01\/06\/bombeiros-resgataram-19-vitimas-apos-explosao-de-imovel-em-aracaju\/\" \/>\n<meta property=\"og:locale\" content=\"pt_BR\" \/>\n<meta property=\"og:type\" content=\"article\" \/>\n<meta property=\"og:title\" content=\"Bombeiros resgataram 19 v\u00edtimas ap\u00f3s explos\u00e3o de im\u00f3vel em Aracaju - O Coerente\" \/>\n<meta property=\"og:description\" content=\"Foram 14 v\u00edtimas resgatadas com vida e cinco em \u00f3bito O Corpo de Bombeiros Militar de Sergipe (CBMSE) resgatou 19 v\u00edtimas no desabamento ap\u00f3s explos\u00e3o de uma edifica\u00e7\u00e3o com v\u00e1rias unidades residenciais em Aracaju. A ocorr\u00eancia aconteceu na manh\u00e3 do \u00faltimo domingo, 31, na avenida Jo\u00e3o Ribeiro, bairro Santo Ant\u00f4nio. Os trabalhos de busca e [&hellip;]\" \/>\n<meta property=\"og:url\" content=\"https:\/\/ocoerente.com.br\/se\/2024\/01\/06\/bombeiros-resgataram-19-vitimas-apos-explosao-de-imovel-em-aracaju\/\" \/>\n<meta property=\"og:site_name\" content=\"O Coerente\" \/>\n<meta property=\"article:published_time\" content=\"2024-01-06T19:29:33+00:00\" \/>\n<meta property=\"article:modified_time\" content=\"2024-01-06T19:29:34+00:00\" \/>\n<meta property=\"og:image\" content=\"https:\/\/ocoerente.com.br\/se\/wp-content\/uploads\/2024\/01\/bombeirosss.jpg\" \/>\n\t<meta property=\"og:image:width\" content=\"739\" \/>\n\t<meta property=\"og:image:height\" content=\"470\" \/>\n\t<meta property=\"og:image:type\" content=\"image\/jpeg\" \/>\n<meta name=\"author\" content=\"Reda\u00e7\u00e3o\" \/>\n<meta name=\"twitter:card\" content=\"summary_large_image\" \/>\n<meta name=\"twitter:label1\" content=\"Escrito por\" \/>\n\t<meta name=\"twitter:data1\" content=\"Reda\u00e7\u00e3o\" \/>\n\t<meta name=\"twitter:label2\" content=\"Est. tempo de leitura\" \/>\n\t<meta name=\"twitter:data2\" content=\"2 minutos\" \/>\n<script type=\"application\/ld+json\" class=\"yoast-schema-graph\">{\"@context\":\"https:\\\/\\\/schema.org\",\"@graph\":[{\"@type\":\"Article\",\"@id\":\"https:\\\/\\\/ocoerente.com.br\\\/se\\\/2024\\\/01\\\/06\\\/bombeiros-resgataram-19-vitimas-apos-explosao-de-imovel-em-aracaju\\\/#article\",\"isPartOf\":{\"@id\":\"https:\\\/\\\/ocoerente.com.br\\\/se\\\/2024\\\/01\\\/06\\\/bombeiros-resgataram-19-vitimas-apos-explosao-de-imovel-em-aracaju\\\/\"},\"author\":{\"name\":\"Reda\u00e7\u00e3o\",\"@id\":\"https:\\\/\\\/ocoerente.com.br\\\/se\\\/#\\\/schema\\\/person\\\/cc6bfd9fbca465e23543b0c963d8d037\"},\"headline\":\"Bombeiros resgataram 19 v\u00edtimas ap\u00f3s explos\u00e3o de im\u00f3vel em Aracaju\",\"datePublished\":\"2024-01-06T19:29:33+00:00\",\"dateModified\":\"2024-01-06T19:29:34+00:00\",\"mainEntityOfPage\":{\"@id\":\"https:\\\/\\\/ocoerente.com.br\\\/se\\\/2024\\\/01\\\/06\\\/bombeiros-resgataram-19-vitimas-apos-explosao-de-imovel-em-aracaju\\\/\"},\"wordCount\":472,\"publisher\":{\"@id\":\"https:\\\/\\\/ocoerente.com.br\\\/se\\\/#\\\/schema\\\/person\\\/cc6bfd9fbca465e23543b0c963d8d037\"},\"image\":{\"@id\":\"https:\\\/\\\/ocoerente.com.br\\\/se\\\/2024\\\/01\\\/06\\\/bombeiros-resgataram-19-vitimas-apos-explosao-de-imovel-em-aracaju\\\/#primaryimage\"},\"thumbnailUrl\":\"https:\\\/\\\/ocoerente.com.br\\\/se\\\/wp-content\\\/uploads\\\/2024\\\/01\\\/bombeirosss.jpg\",\"articleSection\":[\"Destaques\",\"Sergipe\"],\"inLanguage\":\"pt-BR\"},{\"@type\":\"WebPage\",\"@id\":\"https:\\\/\\\/ocoerente.com.br\\\/se\\\/2024\\\/01\\\/06\\\/bombeiros-resgataram-19-vitimas-apos-explosao-de-imovel-em-aracaju\\\/\",\"url\":\"https:\\\/\\\/ocoerente.com.br\\\/se\\\/2024\\\/01\\\/06\\\/bombeiros-resgataram-19-vitimas-apos-explosao-de-imovel-em-aracaju\\\/\",\"name\":\"Bombeiros resgataram 19 v\u00edtimas ap\u00f3s explos\u00e3o de im\u00f3vel em Aracaju - O Coerente\",\"isPartOf\":{\"@id\":\"https:\\\/\\\/ocoerente.com.br\\\/se\\\/#website\"},\"primaryImageOfPage\":{\"@id\":\"https:\\\/\\\/ocoerente.com.br\\\/se\\\/2024\\\/01\\\/06\\\/bombeiros-resgataram-19-vitimas-apos-explosao-de-imovel-em-aracaju\\\/#primaryimage\"},\"image\":{\"@id\":\"https:\\\/\\\/ocoerente.com.br\\\/se\\\/2024\\\/01\\\/06\\\/bombeiros-resgataram-19-vitimas-apos-explosao-de-imovel-em-aracaju\\\/#primaryimage\"},\"thumbnailUrl\":\"https:\\\/\\\/ocoerente.com.br\\\/se\\\/wp-content\\\/uploads\\\/2024\\\/01\\\/bombeirosss.jpg\",\"datePublished\":\"2024-01-06T19:29:33+00:00\",\"dateModified\":\"2024-01-06T19:29:34+00:00\",\"breadcrumb\":{\"@id\":\"https:\\\/\\\/ocoerente.com.br\\\/se\\\/2024\\\/01\\\/06\\\/bombeiros-resgataram-19-vitimas-apos-explosao-de-imovel-em-aracaju\\\/#breadcrumb\"},\"inLanguage\":\"pt-BR\",\"potentialAction\":[{\"@type\":\"ReadAction\",\"target\":[\"https:\\\/\\\/ocoerente.com.br\\\/se\\\/2024\\\/01\\\/06\\\/bombeiros-resgataram-19-vitimas-apos-explosao-de-imovel-em-aracaju\\\/\"]}]},{\"@type\":\"ImageObject\",\"inLanguage\":\"pt-BR\",\"@id\":\"https:\\\/\\\/ocoerente.com.br\\\/se\\\/2024\\\/01\\\/06\\\/bombeiros-resgataram-19-vitimas-apos-explosao-de-imovel-em-aracaju\\\/#primaryimage\",\"url\":\"https:\\\/\\\/ocoerente.com.br\\\/se\\\/wp-content\\\/uploads\\\/2024\\\/01\\\/bombeirosss.jpg\",\"contentUrl\":\"https:\\\/\\\/ocoerente.com.br\\\/se\\\/wp-content\\\/uploads\\\/2024\\\/01\\\/bombeirosss.jpg\",\"width\":739,\"height\":470,\"caption\":\"Foto: Ascom CBM\\\/SE\"},{\"@type\":\"BreadcrumbList\",\"@id\":\"https:\\\/\\\/ocoerente.com.br\\\/se\\\/2024\\\/01\\\/06\\\/bombeiros-resgataram-19-vitimas-apos-explosao-de-imovel-em-aracaju\\\/#breadcrumb\",\"itemListElement\":[{\"@type\":\"ListItem\",\"position\":1,\"name\":\"In\u00edcio\",\"item\":\"https:\\\/\\\/ocoerente.com.br\\\/se\\\/\"},{\"@type\":\"ListItem\",\"position\":2,\"name\":\"Bombeiros resgataram 19 v\u00edtimas ap\u00f3s explos\u00e3o de im\u00f3vel em Aracaju\"}]},{\"@type\":\"WebSite\",\"@id\":\"https:\\\/\\\/ocoerente.com.br\\\/se\\\/#website\",\"url\":\"https:\\\/\\\/ocoerente.com.br\\\/se\\\/\",\"name\":\"O Coerente\",\"description\":\"\",\"publisher\":{\"@id\":\"https:\\\/\\\/ocoerente.com.br\\\/se\\\/#\\\/schema\\\/person\\\/cc6bfd9fbca465e23543b0c963d8d037\"},\"potentialAction\":[{\"@type\":\"SearchAction\",\"target\":{\"@type\":\"EntryPoint\",\"urlTemplate\":\"https:\\\/\\\/ocoerente.com.br\\\/se\\\/?s={search_term_string}\"},\"query-input\":{\"@type\":\"PropertyValueSpecification\",\"valueRequired\":true,\"valueName\":\"search_term_string\"}}],\"inLanguage\":\"pt-BR\"},{\"@type\":[\"Person\",\"Organization\"],\"@id\":\"https:\\\/\\\/ocoerente.com.br\\\/se\\\/#\\\/schema\\\/person\\\/cc6bfd9fbca465e23543b0c963d8d037\",\"name\":\"Reda\u00e7\u00e3o\",\"image\":{\"@type\":\"ImageObject\",\"inLanguage\":\"pt-BR\",\"@id\":\"https:\\\/\\\/ocoerente.com.br\\\/se\\\/wp-content\\\/uploads\\\/2020\\\/01\\\/ocoerente-1.png\",\"url\":\"https:\\\/\\\/ocoerente.com.br\\\/se\\\/wp-content\\\/uploads\\\/2020\\\/01\\\/ocoerente-1.png\",\"contentUrl\":\"https:\\\/\\\/ocoerente.com.br\\\/se\\\/wp-content\\\/uploads\\\/2020\\\/01\\\/ocoerente-1.png\",\"width\":50,\"height\":50,\"caption\":\"Reda\u00e7\u00e3o\"},\"logo\":{\"@id\":\"https:\\\/\\\/ocoerente.com.br\\\/se\\\/wp-content\\\/uploads\\\/2020\\\/01\\\/ocoerente-1.png\"},\"url\":\"https:\\\/\\\/ocoerente.com.br\\\/se\\\/author\\\/vasticlsales\\\/\"}]}<\/script>\n<!-- \/ Yoast SEO plugin. -->","yoast_head_json":{"title":"Bombeiros resgataram 19 v\u00edtimas ap\u00f3s explos\u00e3o de im\u00f3vel em Aracaju - O Coerente","robots":{"index":"index","follow":"follow","max-snippet":"max-snippet:-1","max-image-preview":"max-image-preview:large","max-video-preview":"max-video-preview:-1"},"canonical":"https:\/\/ocoerente.com.br\/se\/2024\/01\/06\/bombeiros-resgataram-19-vitimas-apos-explosao-de-imovel-em-aracaju\/","og_locale":"pt_BR","og_type":"article","og_title":"Bombeiros resgataram 19 v\u00edtimas ap\u00f3s explos\u00e3o de im\u00f3vel em Aracaju - O Coerente","og_description":"Foram 14 v\u00edtimas resgatadas com vida e cinco em \u00f3bito O Corpo de Bombeiros Militar de Sergipe (CBMSE) resgatou 19 v\u00edtimas no desabamento ap\u00f3s explos\u00e3o de uma edifica\u00e7\u00e3o com v\u00e1rias unidades residenciais em Aracaju. A ocorr\u00eancia aconteceu na manh\u00e3 do \u00faltimo domingo, 31, na avenida Jo\u00e3o Ribeiro, bairro Santo Ant\u00f4nio. Os trabalhos de busca e [&hellip;]","og_url":"https:\/\/ocoerente.com.br\/se\/2024\/01\/06\/bombeiros-resgataram-19-vitimas-apos-explosao-de-imovel-em-aracaju\/","og_site_name":"O Coerente","article_published_time":"2024-01-06T19:29:33+00:00","article_modified_time":"2024-01-06T19:29:34+00:00","og_image":[{"width":739,"height":470,"url":"https:\/\/ocoerente.com.br\/se\/wp-content\/uploads\/2024\/01\/bombeirosss.jpg","type":"image\/jpeg"}],"author":"Reda\u00e7\u00e3o","twitter_card":"summary_large_image","twitter_misc":{"Escrito por":"Reda\u00e7\u00e3o","Est. tempo de leitura":"2 minutos"},"schema":{"@context":"https:\/\/schema.org","@graph":[{"@type":"Article","@id":"https:\/\/ocoerente.com.br\/se\/2024\/01\/06\/bombeiros-resgataram-19-vitimas-apos-explosao-de-imovel-em-aracaju\/#article","isPartOf":{"@id":"https:\/\/ocoerente.com.br\/se\/2024\/01\/06\/bombeiros-resgataram-19-vitimas-apos-explosao-de-imovel-em-aracaju\/"},"author":{"name":"Reda\u00e7\u00e3o","@id":"https:\/\/ocoerente.com.br\/se\/#\/schema\/person\/cc6bfd9fbca465e23543b0c963d8d037"},"headline":"Bombeiros resgataram 19 v\u00edtimas ap\u00f3s explos\u00e3o de im\u00f3vel em Aracaju","datePublished":"2024-01-06T19:29:33+00:00","dateModified":"2024-01-06T19:29:34+00:00","mainEntityOfPage":{"@id":"https:\/\/ocoerente.com.br\/se\/2024\/01\/06\/bombeiros-resgataram-19-vitimas-apos-explosao-de-imovel-em-aracaju\/"},"wordCount":472,"publisher":{"@id":"https:\/\/ocoerente.com.br\/se\/#\/schema\/person\/cc6bfd9fbca465e23543b0c963d8d037"},"image":{"@id":"https:\/\/ocoerente.com.br\/se\/2024\/01\/06\/bombeiros-resgataram-19-vitimas-apos-explosao-de-imovel-em-aracaju\/#primaryimage"},"thumbnailUrl":"https:\/\/ocoerente.com.br\/se\/wp-content\/uploads\/2024\/01\/bombeirosss.jpg","articleSection":["Destaques","Sergipe"],"inLanguage":"pt-BR"},{"@type":"WebPage","@id":"https:\/\/ocoerente.com.br\/se\/2024\/01\/06\/bombeiros-resgataram-19-vitimas-apos-explosao-de-imovel-em-aracaju\/","url":"https:\/\/ocoerente.com.br\/se\/2024\/01\/06\/bombeiros-resgataram-19-vitimas-apos-explosao-de-imovel-em-aracaju\/","name":"Bombeiros resgataram 19 v\u00edtimas ap\u00f3s explos\u00e3o de im\u00f3vel em Aracaju - O Coerente","isPartOf":{"@id":"https:\/\/ocoerente.com.br\/se\/#website"},"primaryImageOfPage":{"@id":"https:\/\/ocoerente.com.br\/se\/2024\/01\/06\/bombeiros-resgataram-19-vitimas-apos-explosao-de-imovel-em-aracaju\/#primaryimage"},"image":{"@id":"https:\/\/ocoerente.com.br\/se\/2024\/01\/06\/bombeiros-resgataram-19-vitimas-apos-explosao-de-imovel-em-aracaju\/#primaryimage"},"thumbnailUrl":"https:\/\/ocoerente.com.br\/se\/wp-content\/uploads\/2024\/01\/bombeirosss.jpg","datePublished":"2024-01-06T19:29:33+00:00","dateModified":"2024-01-06T19:29:34+00:00","breadcrumb":{"@id":"https:\/\/ocoerente.com.br\/se\/2024\/01\/06\/bombeiros-resgataram-19-vitimas-apos-explosao-de-imovel-em-aracaju\/#breadcrumb"},"inLanguage":"pt-BR","potentialAction":[{"@type":"ReadAction","target":["https:\/\/ocoerente.com.br\/se\/2024\/01\/06\/bombeiros-resgataram-19-vitimas-apos-explosao-de-imovel-em-aracaju\/"]}]},{"@type":"ImageObject","inLanguage":"pt-BR","@id":"https:\/\/ocoerente.com.br\/se\/2024\/01\/06\/bombeiros-resgataram-19-vitimas-apos-explosao-de-imovel-em-aracaju\/#primaryimage","url":"https:\/\/ocoerente.com.br\/se\/wp-content\/uploads\/2024\/01\/bombeirosss.jpg","contentUrl":"https:\/\/ocoerente.com.br\/se\/wp-content\/uploads\/2024\/01\/bombeirosss.jpg","width":739,"height":470,"caption":"Foto: Ascom CBM\/SE"},{"@type":"BreadcrumbList","@id":"https:\/\/ocoerente.com.br\/se\/2024\/01\/06\/bombeiros-resgataram-19-vitimas-apos-explosao-de-imovel-em-aracaju\/#breadcrumb","itemListElement":[{"@type":"ListItem","position":1,"name":"In\u00edcio","item":"https:\/\/ocoerente.com.br\/se\/"},{"@type":"ListItem","position":2,"name":"Bombeiros resgataram 19 v\u00edtimas ap\u00f3s explos\u00e3o de im\u00f3vel em Aracaju"}]},{"@type":"WebSite","@id":"https:\/\/ocoerente.com.br\/se\/#website","url":"https:\/\/ocoerente.com.br\/se\/","name":"O Coerente","description":"","publisher":{"@id":"https:\/\/ocoerente.com.br\/se\/#\/schema\/person\/cc6bfd9fbca465e23543b0c963d8d037"},"potentialAction":[{"@type":"SearchAction","target":{"@type":"EntryPoint","urlTemplate":"https:\/\/ocoerente.com.br\/se\/?s={search_term_string}"},"query-input":{"@type":"PropertyValueSpecification","valueRequired":true,"valueName":"search_term_string"}}],"inLanguage":"pt-BR"},{"@type":["Person","Organization"],"@id":"https:\/\/ocoerente.com.br\/se\/#\/schema\/person\/cc6bfd9fbca465e23543b0c963d8d037","name":"Reda\u00e7\u00e3o","image":{"@type":"ImageObject","inLanguage":"pt-BR","@id":"https:\/\/ocoerente.com.br\/se\/wp-content\/uploads\/2020\/01\/ocoerente-1.png","url":"https:\/\/ocoerente.com.br\/se\/wp-content\/uploads\/2020\/01\/ocoerente-1.png","contentUrl":"https:\/\/ocoerente.com.br\/se\/wp-content\/uploads\/2020\/01\/ocoerente-1.png","width":50,"height":50,"caption":"Reda\u00e7\u00e3o"},"logo":{"@id":"https:\/\/ocoerente.com.br\/se\/wp-content\/uploads\/2020\/01\/ocoerente-1.png"},"url":"https:\/\/ocoerente.com.br\/se\/author\/vasticlsales\/"}]}},"_links":{"self":[{"href":"https:\/\/ocoerente.com.br\/se\/wp-json\/wp\/v2\/posts\/7660","targetHints":{"allow":["GET"]}}],"collection":[{"href":"https:\/\/ocoerente.com.br\/se\/wp-json\/wp\/v2\/posts"}],"about":[{"href":"https:\/\/ocoerente.com.br\/se\/wp-json\/wp\/v2\/types\/post"}],"author":[{"embeddable":true,"href":"https:\/\/ocoerente.com.br\/se\/wp-json\/wp\/v2\/users\/1"}],"replies":[{"embeddable":true,"href":"https:\/\/ocoerente.com.br\/se\/wp-json\/wp\/v2\/comments?post=7660"}],"version-history":[{"count":1,"href":"https:\/\/ocoerente.com.br\/se\/wp-json\/wp\/v2\/posts\/7660\/revisions"}],"predecessor-version":[{"id":7662,"href":"https:\/\/ocoerente.com.br\/se\/wp-json\/wp\/v2\/posts\/7660\/revisions\/7662"}],"wp:featuredmedia":[{"embeddable":true,"href":"https:\/\/ocoerente.com.br\/se\/wp-json\/wp\/v2\/media\/7661"}],"wp:attachment":[{"href":"https:\/\/ocoerente.com.br\/se\/wp-json\/wp\/v2\/media?parent=7660"}],"wp:term":[{"taxonomy":"category","embeddable":true,"href":"https:\/\/ocoerente.com.br\/se\/wp-json\/wp\/v2\/categories?post=7660"},{"taxonomy":"post_tag","embeddable":true,"href":"https:\/\/ocoerente.com.br\/se\/wp-json\/wp\/v2\/tags?post=7660"}],"curies":[{"name":"wp","href":"https:\/\/api.w.org\/{rel}","templated":true}]}}