{"id":7657,"date":"2024-01-06T16:26:56","date_gmt":"2024-01-06T19:26:56","guid":{"rendered":"https:\/\/ocoerente.com.br\/se\/?p=7657"},"modified":"2024-01-06T16:26:58","modified_gmt":"2024-01-06T19:26:58","slug":"mirem-se-no-exemplo-daquelas-mulheres","status":"publish","type":"post","link":"https:\/\/ocoerente.com.br\/se\/2024\/01\/06\/mirem-se-no-exemplo-daquelas-mulheres\/","title":{"rendered":"Mirem-se no exemplo daquelas mulheres"},"content":{"rendered":"\n<p>Chico Buarque, em seu genial disco Meus Caros Amigos, no auge da nefasta ditadura civil-militar de 1976, ousou mandar not\u00edcias sobre o Brasil que matava pessoas, torturava esperan\u00e7a, desaparecia corpos, exilava exist\u00eancias, censurava resist\u00eancias e, na pirueta do calabou\u00e7o, escondia a mutreta que corrompia sem pirra\u00e7a. Fustigou ainda, sem choros ou perfumes inebriantes, a hipocrisia da sociedade machista que, em nome da tradi\u00e7\u00e3o, da fam\u00edlia e da propriedade, aprisionava as atenienses nascidas no Brasil, que viviam pros seus maridos, nas mais duras penas.<br>Naquela p\u00e1gina infeliz da nossa Hist\u00f3ria, o estruturado patrimonialismo patriarcal seguia passando, como passagem desbotada na mem\u00f3ria.<\/p>\n\n\n\n<p>Ele fincara e fincou as suas garras na nossa Pindorama, desde o distante 22 de abril de 1500, sob o comando do portugu\u00eas Pedro \u00c1lvares Cabral e dos homens a bordo das treze caravelas europeias. Os homens que logo escravizariam os povos origin\u00e1rios e os nascidos da M\u00e3e \u00c1frica, eram os mesmos que j\u00e1 oprimiam as mulheres, igualmente consideradas coisas, despossu\u00eddas de direitos, objetos de prazer ou reprodutoras sem prazer. Os senhores de escravizados, os donos do p\u00e1trio poder e o patriarcado estavam protegidos pelas leis. Eram a pr\u00f3pria Lei. Divina. Atemporal. Incontest\u00e1vel.<\/p>\n\n\n\n<p>por CEZAR BRITTO<\/p>\n\n\n\n<p>congressoemfoco.uol.com.br<\/p>\n","protected":false},"excerpt":{"rendered":"<p>Chico Buarque, em seu genial disco Meus Caros Amigos, no auge da nefasta ditadura civil-militar de 1976, ousou mandar not\u00edcias sobre o Brasil que matava pessoas, torturava esperan\u00e7a, desaparecia corpos, exilava exist\u00eancias, censurava resist\u00eancias e, na pirueta do calabou\u00e7o, escondia a mutreta que corrompia sem pirra\u00e7a. Fustigou ainda, sem choros ou perfumes inebriantes, a hipocrisia [&hellip;]<\/p>\n","protected":false},"author":1,"featured_media":7658,"comment_status":"closed","ping_status":"closed","sticky":false,"template":"","format":"standard","meta":{"footnotes":""},"categories":[48,53],"tags":[],"class_list":["post-7657","post","type-post","status-publish","format-standard","has-post-thumbnail","hentry","category-brasil","category-destaques"],"yoast_head":"<!-- This site is optimized with the Yoast SEO plugin v27.4 - https:\/\/yoast.com\/product\/yoast-seo-wordpress\/ -->\n<title>Mirem-se no exemplo daquelas mulheres - O Coerente<\/title>\n<meta name=\"robots\" content=\"index, follow, max-snippet:-1, max-image-preview:large, max-video-preview:-1\" \/>\n<link rel=\"canonical\" href=\"https:\/\/ocoerente.com.br\/se\/2024\/01\/06\/mirem-se-no-exemplo-daquelas-mulheres\/\" \/>\n<meta property=\"og:locale\" content=\"pt_BR\" \/>\n<meta property=\"og:type\" content=\"article\" \/>\n<meta property=\"og:title\" content=\"Mirem-se no exemplo daquelas mulheres - O Coerente\" \/>\n<meta property=\"og:description\" content=\"Chico Buarque, em seu genial disco Meus Caros Amigos, no auge da nefasta ditadura civil-militar de 1976, ousou mandar not\u00edcias sobre o Brasil que matava pessoas, torturava esperan\u00e7a, desaparecia corpos, exilava exist\u00eancias, censurava resist\u00eancias e, na pirueta do calabou\u00e7o, escondia a mutreta que corrompia sem pirra\u00e7a. Fustigou ainda, sem choros ou perfumes inebriantes, a hipocrisia [&hellip;]\" \/>\n<meta property=\"og:url\" content=\"https:\/\/ocoerente.com.br\/se\/2024\/01\/06\/mirem-se-no-exemplo-daquelas-mulheres\/\" \/>\n<meta property=\"og:site_name\" content=\"O Coerente\" \/>\n<meta property=\"article:published_time\" content=\"2024-01-06T19:26:56+00:00\" \/>\n<meta property=\"article:modified_time\" content=\"2024-01-06T19:26:58+00:00\" \/>\n<meta property=\"og:image\" content=\"https:\/\/ocoerente.com.br\/se\/wp-content\/uploads\/2024\/01\/carol-proner-home-1.jpg\" \/>\n\t<meta property=\"og:image:width\" content=\"620\" \/>\n\t<meta property=\"og:image:height\" content=\"400\" \/>\n\t<meta property=\"og:image:type\" content=\"image\/jpeg\" \/>\n<meta name=\"author\" content=\"Reda\u00e7\u00e3o\" \/>\n<meta name=\"twitter:card\" content=\"summary_large_image\" \/>\n<meta name=\"twitter:label1\" content=\"Escrito por\" \/>\n\t<meta name=\"twitter:data1\" content=\"Reda\u00e7\u00e3o\" \/>\n\t<meta name=\"twitter:label2\" content=\"Est. tempo de leitura\" \/>\n\t<meta name=\"twitter:data2\" content=\"1 minuto\" \/>\n<script type=\"application\/ld+json\" class=\"yoast-schema-graph\">{\"@context\":\"https:\\\/\\\/schema.org\",\"@graph\":[{\"@type\":\"Article\",\"@id\":\"https:\\\/\\\/ocoerente.com.br\\\/se\\\/2024\\\/01\\\/06\\\/mirem-se-no-exemplo-daquelas-mulheres\\\/#article\",\"isPartOf\":{\"@id\":\"https:\\\/\\\/ocoerente.com.br\\\/se\\\/2024\\\/01\\\/06\\\/mirem-se-no-exemplo-daquelas-mulheres\\\/\"},\"author\":{\"name\":\"Reda\u00e7\u00e3o\",\"@id\":\"https:\\\/\\\/ocoerente.com.br\\\/se\\\/#\\\/schema\\\/person\\\/cc6bfd9fbca465e23543b0c963d8d037\"},\"headline\":\"Mirem-se no exemplo daquelas mulheres\",\"datePublished\":\"2024-01-06T19:26:56+00:00\",\"dateModified\":\"2024-01-06T19:26:58+00:00\",\"mainEntityOfPage\":{\"@id\":\"https:\\\/\\\/ocoerente.com.br\\\/se\\\/2024\\\/01\\\/06\\\/mirem-se-no-exemplo-daquelas-mulheres\\\/\"},\"wordCount\":220,\"publisher\":{\"@id\":\"https:\\\/\\\/ocoerente.com.br\\\/se\\\/#\\\/schema\\\/person\\\/cc6bfd9fbca465e23543b0c963d8d037\"},\"image\":{\"@id\":\"https:\\\/\\\/ocoerente.com.br\\\/se\\\/2024\\\/01\\\/06\\\/mirem-se-no-exemplo-daquelas-mulheres\\\/#primaryimage\"},\"thumbnailUrl\":\"https:\\\/\\\/ocoerente.com.br\\\/se\\\/wp-content\\\/uploads\\\/2024\\\/01\\\/carol-proner-home-1.jpg\",\"articleSection\":[\"Brasil\",\"Destaques\"],\"inLanguage\":\"pt-BR\"},{\"@type\":\"WebPage\",\"@id\":\"https:\\\/\\\/ocoerente.com.br\\\/se\\\/2024\\\/01\\\/06\\\/mirem-se-no-exemplo-daquelas-mulheres\\\/\",\"url\":\"https:\\\/\\\/ocoerente.com.br\\\/se\\\/2024\\\/01\\\/06\\\/mirem-se-no-exemplo-daquelas-mulheres\\\/\",\"name\":\"Mirem-se no exemplo daquelas mulheres - O Coerente\",\"isPartOf\":{\"@id\":\"https:\\\/\\\/ocoerente.com.br\\\/se\\\/#website\"},\"primaryImageOfPage\":{\"@id\":\"https:\\\/\\\/ocoerente.com.br\\\/se\\\/2024\\\/01\\\/06\\\/mirem-se-no-exemplo-daquelas-mulheres\\\/#primaryimage\"},\"image\":{\"@id\":\"https:\\\/\\\/ocoerente.com.br\\\/se\\\/2024\\\/01\\\/06\\\/mirem-se-no-exemplo-daquelas-mulheres\\\/#primaryimage\"},\"thumbnailUrl\":\"https:\\\/\\\/ocoerente.com.br\\\/se\\\/wp-content\\\/uploads\\\/2024\\\/01\\\/carol-proner-home-1.jpg\",\"datePublished\":\"2024-01-06T19:26:56+00:00\",\"dateModified\":\"2024-01-06T19:26:58+00:00\",\"breadcrumb\":{\"@id\":\"https:\\\/\\\/ocoerente.com.br\\\/se\\\/2024\\\/01\\\/06\\\/mirem-se-no-exemplo-daquelas-mulheres\\\/#breadcrumb\"},\"inLanguage\":\"pt-BR\",\"potentialAction\":[{\"@type\":\"ReadAction\",\"target\":[\"https:\\\/\\\/ocoerente.com.br\\\/se\\\/2024\\\/01\\\/06\\\/mirem-se-no-exemplo-daquelas-mulheres\\\/\"]}]},{\"@type\":\"ImageObject\",\"inLanguage\":\"pt-BR\",\"@id\":\"https:\\\/\\\/ocoerente.com.br\\\/se\\\/2024\\\/01\\\/06\\\/mirem-se-no-exemplo-daquelas-mulheres\\\/#primaryimage\",\"url\":\"https:\\\/\\\/ocoerente.com.br\\\/se\\\/wp-content\\\/uploads\\\/2024\\\/01\\\/carol-proner-home-1.jpg\",\"contentUrl\":\"https:\\\/\\\/ocoerente.com.br\\\/se\\\/wp-content\\\/uploads\\\/2024\\\/01\\\/carol-proner-home-1.jpg\",\"width\":620,\"height\":400,\"caption\":\"\\\"Fundadora e parceira na resistente Associa\u00e7\u00e3o Brasileira de Juristas pela Democracia Carol Proner, foi voz ativa na defesa da Democracia\\\". Foto: Grupo Prerrogativas\"},{\"@type\":\"BreadcrumbList\",\"@id\":\"https:\\\/\\\/ocoerente.com.br\\\/se\\\/2024\\\/01\\\/06\\\/mirem-se-no-exemplo-daquelas-mulheres\\\/#breadcrumb\",\"itemListElement\":[{\"@type\":\"ListItem\",\"position\":1,\"name\":\"In\u00edcio\",\"item\":\"https:\\\/\\\/ocoerente.com.br\\\/se\\\/\"},{\"@type\":\"ListItem\",\"position\":2,\"name\":\"Mirem-se no exemplo daquelas mulheres\"}]},{\"@type\":\"WebSite\",\"@id\":\"https:\\\/\\\/ocoerente.com.br\\\/se\\\/#website\",\"url\":\"https:\\\/\\\/ocoerente.com.br\\\/se\\\/\",\"name\":\"O Coerente\",\"description\":\"\",\"publisher\":{\"@id\":\"https:\\\/\\\/ocoerente.com.br\\\/se\\\/#\\\/schema\\\/person\\\/cc6bfd9fbca465e23543b0c963d8d037\"},\"potentialAction\":[{\"@type\":\"SearchAction\",\"target\":{\"@type\":\"EntryPoint\",\"urlTemplate\":\"https:\\\/\\\/ocoerente.com.br\\\/se\\\/?s={search_term_string}\"},\"query-input\":{\"@type\":\"PropertyValueSpecification\",\"valueRequired\":true,\"valueName\":\"search_term_string\"}}],\"inLanguage\":\"pt-BR\"},{\"@type\":[\"Person\",\"Organization\"],\"@id\":\"https:\\\/\\\/ocoerente.com.br\\\/se\\\/#\\\/schema\\\/person\\\/cc6bfd9fbca465e23543b0c963d8d037\",\"name\":\"Reda\u00e7\u00e3o\",\"image\":{\"@type\":\"ImageObject\",\"inLanguage\":\"pt-BR\",\"@id\":\"https:\\\/\\\/ocoerente.com.br\\\/se\\\/wp-content\\\/uploads\\\/2020\\\/01\\\/ocoerente-1.png\",\"url\":\"https:\\\/\\\/ocoerente.com.br\\\/se\\\/wp-content\\\/uploads\\\/2020\\\/01\\\/ocoerente-1.png\",\"contentUrl\":\"https:\\\/\\\/ocoerente.com.br\\\/se\\\/wp-content\\\/uploads\\\/2020\\\/01\\\/ocoerente-1.png\",\"width\":50,\"height\":50,\"caption\":\"Reda\u00e7\u00e3o\"},\"logo\":{\"@id\":\"https:\\\/\\\/ocoerente.com.br\\\/se\\\/wp-content\\\/uploads\\\/2020\\\/01\\\/ocoerente-1.png\"},\"url\":\"https:\\\/\\\/ocoerente.com.br\\\/se\\\/author\\\/vasticlsales\\\/\"}]}<\/script>\n<!-- \/ Yoast SEO plugin. -->","yoast_head_json":{"title":"Mirem-se no exemplo daquelas mulheres - O Coerente","robots":{"index":"index","follow":"follow","max-snippet":"max-snippet:-1","max-image-preview":"max-image-preview:large","max-video-preview":"max-video-preview:-1"},"canonical":"https:\/\/ocoerente.com.br\/se\/2024\/01\/06\/mirem-se-no-exemplo-daquelas-mulheres\/","og_locale":"pt_BR","og_type":"article","og_title":"Mirem-se no exemplo daquelas mulheres - O Coerente","og_description":"Chico Buarque, em seu genial disco Meus Caros Amigos, no auge da nefasta ditadura civil-militar de 1976, ousou mandar not\u00edcias sobre o Brasil que matava pessoas, torturava esperan\u00e7a, desaparecia corpos, exilava exist\u00eancias, censurava resist\u00eancias e, na pirueta do calabou\u00e7o, escondia a mutreta que corrompia sem pirra\u00e7a. Fustigou ainda, sem choros ou perfumes inebriantes, a hipocrisia [&hellip;]","og_url":"https:\/\/ocoerente.com.br\/se\/2024\/01\/06\/mirem-se-no-exemplo-daquelas-mulheres\/","og_site_name":"O Coerente","article_published_time":"2024-01-06T19:26:56+00:00","article_modified_time":"2024-01-06T19:26:58+00:00","og_image":[{"width":620,"height":400,"url":"https:\/\/ocoerente.com.br\/se\/wp-content\/uploads\/2024\/01\/carol-proner-home-1.jpg","type":"image\/jpeg"}],"author":"Reda\u00e7\u00e3o","twitter_card":"summary_large_image","twitter_misc":{"Escrito por":"Reda\u00e7\u00e3o","Est. tempo de leitura":"1 minuto"},"schema":{"@context":"https:\/\/schema.org","@graph":[{"@type":"Article","@id":"https:\/\/ocoerente.com.br\/se\/2024\/01\/06\/mirem-se-no-exemplo-daquelas-mulheres\/#article","isPartOf":{"@id":"https:\/\/ocoerente.com.br\/se\/2024\/01\/06\/mirem-se-no-exemplo-daquelas-mulheres\/"},"author":{"name":"Reda\u00e7\u00e3o","@id":"https:\/\/ocoerente.com.br\/se\/#\/schema\/person\/cc6bfd9fbca465e23543b0c963d8d037"},"headline":"Mirem-se no exemplo daquelas mulheres","datePublished":"2024-01-06T19:26:56+00:00","dateModified":"2024-01-06T19:26:58+00:00","mainEntityOfPage":{"@id":"https:\/\/ocoerente.com.br\/se\/2024\/01\/06\/mirem-se-no-exemplo-daquelas-mulheres\/"},"wordCount":220,"publisher":{"@id":"https:\/\/ocoerente.com.br\/se\/#\/schema\/person\/cc6bfd9fbca465e23543b0c963d8d037"},"image":{"@id":"https:\/\/ocoerente.com.br\/se\/2024\/01\/06\/mirem-se-no-exemplo-daquelas-mulheres\/#primaryimage"},"thumbnailUrl":"https:\/\/ocoerente.com.br\/se\/wp-content\/uploads\/2024\/01\/carol-proner-home-1.jpg","articleSection":["Brasil","Destaques"],"inLanguage":"pt-BR"},{"@type":"WebPage","@id":"https:\/\/ocoerente.com.br\/se\/2024\/01\/06\/mirem-se-no-exemplo-daquelas-mulheres\/","url":"https:\/\/ocoerente.com.br\/se\/2024\/01\/06\/mirem-se-no-exemplo-daquelas-mulheres\/","name":"Mirem-se no exemplo daquelas mulheres - O Coerente","isPartOf":{"@id":"https:\/\/ocoerente.com.br\/se\/#website"},"primaryImageOfPage":{"@id":"https:\/\/ocoerente.com.br\/se\/2024\/01\/06\/mirem-se-no-exemplo-daquelas-mulheres\/#primaryimage"},"image":{"@id":"https:\/\/ocoerente.com.br\/se\/2024\/01\/06\/mirem-se-no-exemplo-daquelas-mulheres\/#primaryimage"},"thumbnailUrl":"https:\/\/ocoerente.com.br\/se\/wp-content\/uploads\/2024\/01\/carol-proner-home-1.jpg","datePublished":"2024-01-06T19:26:56+00:00","dateModified":"2024-01-06T19:26:58+00:00","breadcrumb":{"@id":"https:\/\/ocoerente.com.br\/se\/2024\/01\/06\/mirem-se-no-exemplo-daquelas-mulheres\/#breadcrumb"},"inLanguage":"pt-BR","potentialAction":[{"@type":"ReadAction","target":["https:\/\/ocoerente.com.br\/se\/2024\/01\/06\/mirem-se-no-exemplo-daquelas-mulheres\/"]}]},{"@type":"ImageObject","inLanguage":"pt-BR","@id":"https:\/\/ocoerente.com.br\/se\/2024\/01\/06\/mirem-se-no-exemplo-daquelas-mulheres\/#primaryimage","url":"https:\/\/ocoerente.com.br\/se\/wp-content\/uploads\/2024\/01\/carol-proner-home-1.jpg","contentUrl":"https:\/\/ocoerente.com.br\/se\/wp-content\/uploads\/2024\/01\/carol-proner-home-1.jpg","width":620,"height":400,"caption":"\"Fundadora e parceira na resistente Associa\u00e7\u00e3o Brasileira de Juristas pela Democracia Carol Proner, foi voz ativa na defesa da Democracia\". Foto: Grupo Prerrogativas"},{"@type":"BreadcrumbList","@id":"https:\/\/ocoerente.com.br\/se\/2024\/01\/06\/mirem-se-no-exemplo-daquelas-mulheres\/#breadcrumb","itemListElement":[{"@type":"ListItem","position":1,"name":"In\u00edcio","item":"https:\/\/ocoerente.com.br\/se\/"},{"@type":"ListItem","position":2,"name":"Mirem-se no exemplo daquelas mulheres"}]},{"@type":"WebSite","@id":"https:\/\/ocoerente.com.br\/se\/#website","url":"https:\/\/ocoerente.com.br\/se\/","name":"O Coerente","description":"","publisher":{"@id":"https:\/\/ocoerente.com.br\/se\/#\/schema\/person\/cc6bfd9fbca465e23543b0c963d8d037"},"potentialAction":[{"@type":"SearchAction","target":{"@type":"EntryPoint","urlTemplate":"https:\/\/ocoerente.com.br\/se\/?s={search_term_string}"},"query-input":{"@type":"PropertyValueSpecification","valueRequired":true,"valueName":"search_term_string"}}],"inLanguage":"pt-BR"},{"@type":["Person","Organization"],"@id":"https:\/\/ocoerente.com.br\/se\/#\/schema\/person\/cc6bfd9fbca465e23543b0c963d8d037","name":"Reda\u00e7\u00e3o","image":{"@type":"ImageObject","inLanguage":"pt-BR","@id":"https:\/\/ocoerente.com.br\/se\/wp-content\/uploads\/2020\/01\/ocoerente-1.png","url":"https:\/\/ocoerente.com.br\/se\/wp-content\/uploads\/2020\/01\/ocoerente-1.png","contentUrl":"https:\/\/ocoerente.com.br\/se\/wp-content\/uploads\/2020\/01\/ocoerente-1.png","width":50,"height":50,"caption":"Reda\u00e7\u00e3o"},"logo":{"@id":"https:\/\/ocoerente.com.br\/se\/wp-content\/uploads\/2020\/01\/ocoerente-1.png"},"url":"https:\/\/ocoerente.com.br\/se\/author\/vasticlsales\/"}]}},"_links":{"self":[{"href":"https:\/\/ocoerente.com.br\/se\/wp-json\/wp\/v2\/posts\/7657","targetHints":{"allow":["GET"]}}],"collection":[{"href":"https:\/\/ocoerente.com.br\/se\/wp-json\/wp\/v2\/posts"}],"about":[{"href":"https:\/\/ocoerente.com.br\/se\/wp-json\/wp\/v2\/types\/post"}],"author":[{"embeddable":true,"href":"https:\/\/ocoerente.com.br\/se\/wp-json\/wp\/v2\/users\/1"}],"replies":[{"embeddable":true,"href":"https:\/\/ocoerente.com.br\/se\/wp-json\/wp\/v2\/comments?post=7657"}],"version-history":[{"count":1,"href":"https:\/\/ocoerente.com.br\/se\/wp-json\/wp\/v2\/posts\/7657\/revisions"}],"predecessor-version":[{"id":7659,"href":"https:\/\/ocoerente.com.br\/se\/wp-json\/wp\/v2\/posts\/7657\/revisions\/7659"}],"wp:featuredmedia":[{"embeddable":true,"href":"https:\/\/ocoerente.com.br\/se\/wp-json\/wp\/v2\/media\/7658"}],"wp:attachment":[{"href":"https:\/\/ocoerente.com.br\/se\/wp-json\/wp\/v2\/media?parent=7657"}],"wp:term":[{"taxonomy":"category","embeddable":true,"href":"https:\/\/ocoerente.com.br\/se\/wp-json\/wp\/v2\/categories?post=7657"},{"taxonomy":"post_tag","embeddable":true,"href":"https:\/\/ocoerente.com.br\/se\/wp-json\/wp\/v2\/tags?post=7657"}],"curies":[{"name":"wp","href":"https:\/\/api.w.org\/{rel}","templated":true}]}}