{"id":7652,"date":"2024-01-05T11:11:08","date_gmt":"2024-01-05T14:11:08","guid":{"rendered":"https:\/\/ocoerente.com.br\/se\/?p=7652"},"modified":"2024-01-05T12:46:53","modified_gmt":"2024-01-05T15:46:53","slug":"huse-registra-reducao-nos-atendimentos-as-vitimas-de-acidente-de-transito-no-periodo-de-fim-de-ano","status":"publish","type":"post","link":"https:\/\/ocoerente.com.br\/se\/2024\/01\/05\/huse-registra-reducao-nos-atendimentos-as-vitimas-de-acidente-de-transito-no-periodo-de-fim-de-ano\/","title":{"rendered":"Huse registra redu\u00e7\u00e3o nos atendimentos \u00e0s v\u00edtimas de acidente de tr\u00e2nsito no per\u00edodo de fim de ano"},"content":{"rendered":"\n<p><em>A redu\u00e7\u00e3o foi de 25%, quando comparado com o mesmo per\u00edodo do ano de 2022<\/em><\/p>\n\n\n\n<p>O Hospital de Urg\u00eancias de Sergipe Governador Jo\u00e3o Alves Filho (Huse) divulgou nesta quarta-feira, 3, o balan\u00e7o de atendimento \u00e0s v\u00edtimas de acidente de tr\u00e2nsito entre o per\u00edodo de 29 de dezembro de 2023 a 1\u00ba de janeiro de 2024, que equivale ao feriado prolongado de R\u00e9veillon. A redu\u00e7\u00e3o foi de 25%, quando comparado ao mesmo per\u00edodo do ano anterior.<\/p>\n\n\n\n<p>No final de 2023, foi registrado um total de 63 atendimentos de pessoas v\u00edtimas de acidentes, enquanto que no final de 2022 houve registro de 84 ocorr\u00eancias dessa natureza. Os n\u00fameros do \u00faltimo fim de ano tamb\u00e9m s\u00e3o inferiores ao per\u00edodo do natal, quando foram registrados 79 acidentes.<\/p>\n\n\n\n<p>De acordo com o coordenador do Eixo Cr\u00edtico do Huse, o m\u00e9dico Jos\u00e9 Edvaldo, o grande n\u00famero de acidentes ocorridos durante as festas de fim de ano est\u00e1 ligado&nbsp;ao consumo excessivo de \u00e1lcool.&nbsp;<\/p>\n\n\n\n<p>\u201cA gente percebe que os acidentes que chegam no Huse tanto no natal quanto no ano novo tem uma rela\u00e7\u00e3o forte com a bebida alco\u00f3lica, e essa \u00e9 uma orienta\u00e7\u00e3o que vale para a vida. Portanto, \u00e9 importante que neste ano novo as pessoas tenham mais consci\u00eancia ao dirigir ve\u00edculo automotor, seja moto ou carro, porque \u00e1lcool e dire\u00e7\u00e3o n\u00e3o combinam\u201d, afirmou.<\/p>\n\n\n\n<p>se.gov.br<\/p>\n\n\n\n<p><\/p>\n","protected":false},"excerpt":{"rendered":"<p>A redu\u00e7\u00e3o foi de 25%, quando comparado com o mesmo per\u00edodo do ano de 2022 O Hospital de Urg\u00eancias de Sergipe Governador Jo\u00e3o Alves Filho (Huse) divulgou nesta quarta-feira, 3, o balan\u00e7o de atendimento \u00e0s v\u00edtimas de acidente de tr\u00e2nsito entre o per\u00edodo de 29 de dezembro de 2023 a 1\u00ba de janeiro de 2024, [&hellip;]<\/p>\n","protected":false},"author":1,"featured_media":7653,"comment_status":"closed","ping_status":"closed","sticky":false,"template":"","format":"standard","meta":{"footnotes":""},"categories":[53,54],"tags":[],"class_list":["post-7652","post","type-post","status-publish","format-standard","has-post-thumbnail","hentry","category-destaques","category-saude"],"yoast_head":"<!-- This site is optimized with the Yoast SEO plugin v27.4 - https:\/\/yoast.com\/product\/yoast-seo-wordpress\/ -->\n<title>Huse registra redu\u00e7\u00e3o nos atendimentos \u00e0s v\u00edtimas de acidente de tr\u00e2nsito no per\u00edodo de fim de ano - O Coerente<\/title>\n<meta name=\"robots\" content=\"index, follow, max-snippet:-1, max-image-preview:large, max-video-preview:-1\" \/>\n<link rel=\"canonical\" href=\"https:\/\/ocoerente.com.br\/se\/2024\/01\/05\/huse-registra-reducao-nos-atendimentos-as-vitimas-de-acidente-de-transito-no-periodo-de-fim-de-ano\/\" \/>\n<meta property=\"og:locale\" content=\"pt_BR\" \/>\n<meta property=\"og:type\" content=\"article\" \/>\n<meta property=\"og:title\" content=\"Huse registra redu\u00e7\u00e3o nos atendimentos \u00e0s v\u00edtimas de acidente de tr\u00e2nsito no per\u00edodo de fim de ano - O Coerente\" \/>\n<meta property=\"og:description\" content=\"A redu\u00e7\u00e3o foi de 25%, quando comparado com o mesmo per\u00edodo do ano de 2022 O Hospital de Urg\u00eancias de Sergipe Governador Jo\u00e3o Alves Filho (Huse) divulgou nesta quarta-feira, 3, o balan\u00e7o de atendimento \u00e0s v\u00edtimas de acidente de tr\u00e2nsito entre o per\u00edodo de 29 de dezembro de 2023 a 1\u00ba de janeiro de 2024, [&hellip;]\" \/>\n<meta property=\"og:url\" content=\"https:\/\/ocoerente.com.br\/se\/2024\/01\/05\/huse-registra-reducao-nos-atendimentos-as-vitimas-de-acidente-de-transito-no-periodo-de-fim-de-ano\/\" \/>\n<meta property=\"og:site_name\" content=\"O Coerente\" \/>\n<meta property=\"article:published_time\" content=\"2024-01-05T14:11:08+00:00\" \/>\n<meta property=\"article:modified_time\" content=\"2024-01-05T15:46:53+00:00\" \/>\n<meta property=\"og:image\" content=\"https:\/\/ocoerente.com.br\/se\/wp-content\/uploads\/2024\/01\/huse.jpg\" \/>\n\t<meta property=\"og:image:width\" content=\"1100\" \/>\n\t<meta property=\"og:image:height\" content=\"610\" \/>\n\t<meta property=\"og:image:type\" content=\"image\/jpeg\" \/>\n<meta name=\"author\" content=\"Reda\u00e7\u00e3o\" \/>\n<meta name=\"twitter:card\" content=\"summary_large_image\" \/>\n<meta name=\"twitter:label1\" content=\"Escrito por\" \/>\n\t<meta name=\"twitter:data1\" content=\"Reda\u00e7\u00e3o\" \/>\n\t<meta name=\"twitter:label2\" content=\"Est. tempo de leitura\" \/>\n\t<meta name=\"twitter:data2\" content=\"2 minutos\" \/>\n<script type=\"application\/ld+json\" class=\"yoast-schema-graph\">{\"@context\":\"https:\\\/\\\/schema.org\",\"@graph\":[{\"@type\":\"Article\",\"@id\":\"https:\\\/\\\/ocoerente.com.br\\\/se\\\/2024\\\/01\\\/05\\\/huse-registra-reducao-nos-atendimentos-as-vitimas-de-acidente-de-transito-no-periodo-de-fim-de-ano\\\/#article\",\"isPartOf\":{\"@id\":\"https:\\\/\\\/ocoerente.com.br\\\/se\\\/2024\\\/01\\\/05\\\/huse-registra-reducao-nos-atendimentos-as-vitimas-de-acidente-de-transito-no-periodo-de-fim-de-ano\\\/\"},\"author\":{\"name\":\"Reda\u00e7\u00e3o\",\"@id\":\"https:\\\/\\\/ocoerente.com.br\\\/se\\\/#\\\/schema\\\/person\\\/cc6bfd9fbca465e23543b0c963d8d037\"},\"headline\":\"Huse registra redu\u00e7\u00e3o nos atendimentos \u00e0s v\u00edtimas de acidente de tr\u00e2nsito no per\u00edodo de fim de ano\",\"datePublished\":\"2024-01-05T14:11:08+00:00\",\"dateModified\":\"2024-01-05T15:46:53+00:00\",\"mainEntityOfPage\":{\"@id\":\"https:\\\/\\\/ocoerente.com.br\\\/se\\\/2024\\\/01\\\/05\\\/huse-registra-reducao-nos-atendimentos-as-vitimas-de-acidente-de-transito-no-periodo-de-fim-de-ano\\\/\"},\"wordCount\":257,\"publisher\":{\"@id\":\"https:\\\/\\\/ocoerente.com.br\\\/se\\\/#\\\/schema\\\/person\\\/cc6bfd9fbca465e23543b0c963d8d037\"},\"image\":{\"@id\":\"https:\\\/\\\/ocoerente.com.br\\\/se\\\/2024\\\/01\\\/05\\\/huse-registra-reducao-nos-atendimentos-as-vitimas-de-acidente-de-transito-no-periodo-de-fim-de-ano\\\/#primaryimage\"},\"thumbnailUrl\":\"https:\\\/\\\/ocoerente.com.br\\\/se\\\/wp-content\\\/uploads\\\/2024\\\/01\\\/huse.jpg\",\"articleSection\":[\"Destaques\",\"Sa\u00fade\"],\"inLanguage\":\"pt-BR\"},{\"@type\":\"WebPage\",\"@id\":\"https:\\\/\\\/ocoerente.com.br\\\/se\\\/2024\\\/01\\\/05\\\/huse-registra-reducao-nos-atendimentos-as-vitimas-de-acidente-de-transito-no-periodo-de-fim-de-ano\\\/\",\"url\":\"https:\\\/\\\/ocoerente.com.br\\\/se\\\/2024\\\/01\\\/05\\\/huse-registra-reducao-nos-atendimentos-as-vitimas-de-acidente-de-transito-no-periodo-de-fim-de-ano\\\/\",\"name\":\"Huse registra redu\u00e7\u00e3o nos atendimentos \u00e0s v\u00edtimas de acidente de tr\u00e2nsito no per\u00edodo de fim de ano - O Coerente\",\"isPartOf\":{\"@id\":\"https:\\\/\\\/ocoerente.com.br\\\/se\\\/#website\"},\"primaryImageOfPage\":{\"@id\":\"https:\\\/\\\/ocoerente.com.br\\\/se\\\/2024\\\/01\\\/05\\\/huse-registra-reducao-nos-atendimentos-as-vitimas-de-acidente-de-transito-no-periodo-de-fim-de-ano\\\/#primaryimage\"},\"image\":{\"@id\":\"https:\\\/\\\/ocoerente.com.br\\\/se\\\/2024\\\/01\\\/05\\\/huse-registra-reducao-nos-atendimentos-as-vitimas-de-acidente-de-transito-no-periodo-de-fim-de-ano\\\/#primaryimage\"},\"thumbnailUrl\":\"https:\\\/\\\/ocoerente.com.br\\\/se\\\/wp-content\\\/uploads\\\/2024\\\/01\\\/huse.jpg\",\"datePublished\":\"2024-01-05T14:11:08+00:00\",\"dateModified\":\"2024-01-05T15:46:53+00:00\",\"breadcrumb\":{\"@id\":\"https:\\\/\\\/ocoerente.com.br\\\/se\\\/2024\\\/01\\\/05\\\/huse-registra-reducao-nos-atendimentos-as-vitimas-de-acidente-de-transito-no-periodo-de-fim-de-ano\\\/#breadcrumb\"},\"inLanguage\":\"pt-BR\",\"potentialAction\":[{\"@type\":\"ReadAction\",\"target\":[\"https:\\\/\\\/ocoerente.com.br\\\/se\\\/2024\\\/01\\\/05\\\/huse-registra-reducao-nos-atendimentos-as-vitimas-de-acidente-de-transito-no-periodo-de-fim-de-ano\\\/\"]}]},{\"@type\":\"ImageObject\",\"inLanguage\":\"pt-BR\",\"@id\":\"https:\\\/\\\/ocoerente.com.br\\\/se\\\/2024\\\/01\\\/05\\\/huse-registra-reducao-nos-atendimentos-as-vitimas-de-acidente-de-transito-no-periodo-de-fim-de-ano\\\/#primaryimage\",\"url\":\"https:\\\/\\\/ocoerente.com.br\\\/se\\\/wp-content\\\/uploads\\\/2024\\\/01\\\/huse.jpg\",\"contentUrl\":\"https:\\\/\\\/ocoerente.com.br\\\/se\\\/wp-content\\\/uploads\\\/2024\\\/01\\\/huse.jpg\",\"width\":1100,\"height\":610,\"caption\":\"Fotos: Ascom SES\"},{\"@type\":\"BreadcrumbList\",\"@id\":\"https:\\\/\\\/ocoerente.com.br\\\/se\\\/2024\\\/01\\\/05\\\/huse-registra-reducao-nos-atendimentos-as-vitimas-de-acidente-de-transito-no-periodo-de-fim-de-ano\\\/#breadcrumb\",\"itemListElement\":[{\"@type\":\"ListItem\",\"position\":1,\"name\":\"In\u00edcio\",\"item\":\"https:\\\/\\\/ocoerente.com.br\\\/se\\\/\"},{\"@type\":\"ListItem\",\"position\":2,\"name\":\"Huse registra redu\u00e7\u00e3o nos atendimentos \u00e0s v\u00edtimas de acidente de tr\u00e2nsito no per\u00edodo de fim de ano\"}]},{\"@type\":\"WebSite\",\"@id\":\"https:\\\/\\\/ocoerente.com.br\\\/se\\\/#website\",\"url\":\"https:\\\/\\\/ocoerente.com.br\\\/se\\\/\",\"name\":\"O Coerente\",\"description\":\"\",\"publisher\":{\"@id\":\"https:\\\/\\\/ocoerente.com.br\\\/se\\\/#\\\/schema\\\/person\\\/cc6bfd9fbca465e23543b0c963d8d037\"},\"potentialAction\":[{\"@type\":\"SearchAction\",\"target\":{\"@type\":\"EntryPoint\",\"urlTemplate\":\"https:\\\/\\\/ocoerente.com.br\\\/se\\\/?s={search_term_string}\"},\"query-input\":{\"@type\":\"PropertyValueSpecification\",\"valueRequired\":true,\"valueName\":\"search_term_string\"}}],\"inLanguage\":\"pt-BR\"},{\"@type\":[\"Person\",\"Organization\"],\"@id\":\"https:\\\/\\\/ocoerente.com.br\\\/se\\\/#\\\/schema\\\/person\\\/cc6bfd9fbca465e23543b0c963d8d037\",\"name\":\"Reda\u00e7\u00e3o\",\"image\":{\"@type\":\"ImageObject\",\"inLanguage\":\"pt-BR\",\"@id\":\"https:\\\/\\\/ocoerente.com.br\\\/se\\\/wp-content\\\/uploads\\\/2020\\\/01\\\/ocoerente-1.png\",\"url\":\"https:\\\/\\\/ocoerente.com.br\\\/se\\\/wp-content\\\/uploads\\\/2020\\\/01\\\/ocoerente-1.png\",\"contentUrl\":\"https:\\\/\\\/ocoerente.com.br\\\/se\\\/wp-content\\\/uploads\\\/2020\\\/01\\\/ocoerente-1.png\",\"width\":50,\"height\":50,\"caption\":\"Reda\u00e7\u00e3o\"},\"logo\":{\"@id\":\"https:\\\/\\\/ocoerente.com.br\\\/se\\\/wp-content\\\/uploads\\\/2020\\\/01\\\/ocoerente-1.png\"},\"url\":\"https:\\\/\\\/ocoerente.com.br\\\/se\\\/author\\\/vasticlsales\\\/\"}]}<\/script>\n<!-- \/ Yoast SEO plugin. -->","yoast_head_json":{"title":"Huse registra redu\u00e7\u00e3o nos atendimentos \u00e0s v\u00edtimas de acidente de tr\u00e2nsito no per\u00edodo de fim de ano - O Coerente","robots":{"index":"index","follow":"follow","max-snippet":"max-snippet:-1","max-image-preview":"max-image-preview:large","max-video-preview":"max-video-preview:-1"},"canonical":"https:\/\/ocoerente.com.br\/se\/2024\/01\/05\/huse-registra-reducao-nos-atendimentos-as-vitimas-de-acidente-de-transito-no-periodo-de-fim-de-ano\/","og_locale":"pt_BR","og_type":"article","og_title":"Huse registra redu\u00e7\u00e3o nos atendimentos \u00e0s v\u00edtimas de acidente de tr\u00e2nsito no per\u00edodo de fim de ano - O Coerente","og_description":"A redu\u00e7\u00e3o foi de 25%, quando comparado com o mesmo per\u00edodo do ano de 2022 O Hospital de Urg\u00eancias de Sergipe Governador Jo\u00e3o Alves Filho (Huse) divulgou nesta quarta-feira, 3, o balan\u00e7o de atendimento \u00e0s v\u00edtimas de acidente de tr\u00e2nsito entre o per\u00edodo de 29 de dezembro de 2023 a 1\u00ba de janeiro de 2024, [&hellip;]","og_url":"https:\/\/ocoerente.com.br\/se\/2024\/01\/05\/huse-registra-reducao-nos-atendimentos-as-vitimas-de-acidente-de-transito-no-periodo-de-fim-de-ano\/","og_site_name":"O Coerente","article_published_time":"2024-01-05T14:11:08+00:00","article_modified_time":"2024-01-05T15:46:53+00:00","og_image":[{"width":1100,"height":610,"url":"https:\/\/ocoerente.com.br\/se\/wp-content\/uploads\/2024\/01\/huse.jpg","type":"image\/jpeg"}],"author":"Reda\u00e7\u00e3o","twitter_card":"summary_large_image","twitter_misc":{"Escrito por":"Reda\u00e7\u00e3o","Est. tempo de leitura":"2 minutos"},"schema":{"@context":"https:\/\/schema.org","@graph":[{"@type":"Article","@id":"https:\/\/ocoerente.com.br\/se\/2024\/01\/05\/huse-registra-reducao-nos-atendimentos-as-vitimas-de-acidente-de-transito-no-periodo-de-fim-de-ano\/#article","isPartOf":{"@id":"https:\/\/ocoerente.com.br\/se\/2024\/01\/05\/huse-registra-reducao-nos-atendimentos-as-vitimas-de-acidente-de-transito-no-periodo-de-fim-de-ano\/"},"author":{"name":"Reda\u00e7\u00e3o","@id":"https:\/\/ocoerente.com.br\/se\/#\/schema\/person\/cc6bfd9fbca465e23543b0c963d8d037"},"headline":"Huse registra redu\u00e7\u00e3o nos atendimentos \u00e0s v\u00edtimas de acidente de tr\u00e2nsito no per\u00edodo de fim de ano","datePublished":"2024-01-05T14:11:08+00:00","dateModified":"2024-01-05T15:46:53+00:00","mainEntityOfPage":{"@id":"https:\/\/ocoerente.com.br\/se\/2024\/01\/05\/huse-registra-reducao-nos-atendimentos-as-vitimas-de-acidente-de-transito-no-periodo-de-fim-de-ano\/"},"wordCount":257,"publisher":{"@id":"https:\/\/ocoerente.com.br\/se\/#\/schema\/person\/cc6bfd9fbca465e23543b0c963d8d037"},"image":{"@id":"https:\/\/ocoerente.com.br\/se\/2024\/01\/05\/huse-registra-reducao-nos-atendimentos-as-vitimas-de-acidente-de-transito-no-periodo-de-fim-de-ano\/#primaryimage"},"thumbnailUrl":"https:\/\/ocoerente.com.br\/se\/wp-content\/uploads\/2024\/01\/huse.jpg","articleSection":["Destaques","Sa\u00fade"],"inLanguage":"pt-BR"},{"@type":"WebPage","@id":"https:\/\/ocoerente.com.br\/se\/2024\/01\/05\/huse-registra-reducao-nos-atendimentos-as-vitimas-de-acidente-de-transito-no-periodo-de-fim-de-ano\/","url":"https:\/\/ocoerente.com.br\/se\/2024\/01\/05\/huse-registra-reducao-nos-atendimentos-as-vitimas-de-acidente-de-transito-no-periodo-de-fim-de-ano\/","name":"Huse registra redu\u00e7\u00e3o nos atendimentos \u00e0s v\u00edtimas de acidente de tr\u00e2nsito no per\u00edodo de fim de ano - O Coerente","isPartOf":{"@id":"https:\/\/ocoerente.com.br\/se\/#website"},"primaryImageOfPage":{"@id":"https:\/\/ocoerente.com.br\/se\/2024\/01\/05\/huse-registra-reducao-nos-atendimentos-as-vitimas-de-acidente-de-transito-no-periodo-de-fim-de-ano\/#primaryimage"},"image":{"@id":"https:\/\/ocoerente.com.br\/se\/2024\/01\/05\/huse-registra-reducao-nos-atendimentos-as-vitimas-de-acidente-de-transito-no-periodo-de-fim-de-ano\/#primaryimage"},"thumbnailUrl":"https:\/\/ocoerente.com.br\/se\/wp-content\/uploads\/2024\/01\/huse.jpg","datePublished":"2024-01-05T14:11:08+00:00","dateModified":"2024-01-05T15:46:53+00:00","breadcrumb":{"@id":"https:\/\/ocoerente.com.br\/se\/2024\/01\/05\/huse-registra-reducao-nos-atendimentos-as-vitimas-de-acidente-de-transito-no-periodo-de-fim-de-ano\/#breadcrumb"},"inLanguage":"pt-BR","potentialAction":[{"@type":"ReadAction","target":["https:\/\/ocoerente.com.br\/se\/2024\/01\/05\/huse-registra-reducao-nos-atendimentos-as-vitimas-de-acidente-de-transito-no-periodo-de-fim-de-ano\/"]}]},{"@type":"ImageObject","inLanguage":"pt-BR","@id":"https:\/\/ocoerente.com.br\/se\/2024\/01\/05\/huse-registra-reducao-nos-atendimentos-as-vitimas-de-acidente-de-transito-no-periodo-de-fim-de-ano\/#primaryimage","url":"https:\/\/ocoerente.com.br\/se\/wp-content\/uploads\/2024\/01\/huse.jpg","contentUrl":"https:\/\/ocoerente.com.br\/se\/wp-content\/uploads\/2024\/01\/huse.jpg","width":1100,"height":610,"caption":"Fotos: Ascom SES"},{"@type":"BreadcrumbList","@id":"https:\/\/ocoerente.com.br\/se\/2024\/01\/05\/huse-registra-reducao-nos-atendimentos-as-vitimas-de-acidente-de-transito-no-periodo-de-fim-de-ano\/#breadcrumb","itemListElement":[{"@type":"ListItem","position":1,"name":"In\u00edcio","item":"https:\/\/ocoerente.com.br\/se\/"},{"@type":"ListItem","position":2,"name":"Huse registra redu\u00e7\u00e3o nos atendimentos \u00e0s v\u00edtimas de acidente de tr\u00e2nsito no per\u00edodo de fim de ano"}]},{"@type":"WebSite","@id":"https:\/\/ocoerente.com.br\/se\/#website","url":"https:\/\/ocoerente.com.br\/se\/","name":"O Coerente","description":"","publisher":{"@id":"https:\/\/ocoerente.com.br\/se\/#\/schema\/person\/cc6bfd9fbca465e23543b0c963d8d037"},"potentialAction":[{"@type":"SearchAction","target":{"@type":"EntryPoint","urlTemplate":"https:\/\/ocoerente.com.br\/se\/?s={search_term_string}"},"query-input":{"@type":"PropertyValueSpecification","valueRequired":true,"valueName":"search_term_string"}}],"inLanguage":"pt-BR"},{"@type":["Person","Organization"],"@id":"https:\/\/ocoerente.com.br\/se\/#\/schema\/person\/cc6bfd9fbca465e23543b0c963d8d037","name":"Reda\u00e7\u00e3o","image":{"@type":"ImageObject","inLanguage":"pt-BR","@id":"https:\/\/ocoerente.com.br\/se\/wp-content\/uploads\/2020\/01\/ocoerente-1.png","url":"https:\/\/ocoerente.com.br\/se\/wp-content\/uploads\/2020\/01\/ocoerente-1.png","contentUrl":"https:\/\/ocoerente.com.br\/se\/wp-content\/uploads\/2020\/01\/ocoerente-1.png","width":50,"height":50,"caption":"Reda\u00e7\u00e3o"},"logo":{"@id":"https:\/\/ocoerente.com.br\/se\/wp-content\/uploads\/2020\/01\/ocoerente-1.png"},"url":"https:\/\/ocoerente.com.br\/se\/author\/vasticlsales\/"}]}},"_links":{"self":[{"href":"https:\/\/ocoerente.com.br\/se\/wp-json\/wp\/v2\/posts\/7652","targetHints":{"allow":["GET"]}}],"collection":[{"href":"https:\/\/ocoerente.com.br\/se\/wp-json\/wp\/v2\/posts"}],"about":[{"href":"https:\/\/ocoerente.com.br\/se\/wp-json\/wp\/v2\/types\/post"}],"author":[{"embeddable":true,"href":"https:\/\/ocoerente.com.br\/se\/wp-json\/wp\/v2\/users\/1"}],"replies":[{"embeddable":true,"href":"https:\/\/ocoerente.com.br\/se\/wp-json\/wp\/v2\/comments?post=7652"}],"version-history":[{"count":1,"href":"https:\/\/ocoerente.com.br\/se\/wp-json\/wp\/v2\/posts\/7652\/revisions"}],"predecessor-version":[{"id":7654,"href":"https:\/\/ocoerente.com.br\/se\/wp-json\/wp\/v2\/posts\/7652\/revisions\/7654"}],"wp:featuredmedia":[{"embeddable":true,"href":"https:\/\/ocoerente.com.br\/se\/wp-json\/wp\/v2\/media\/7653"}],"wp:attachment":[{"href":"https:\/\/ocoerente.com.br\/se\/wp-json\/wp\/v2\/media?parent=7652"}],"wp:term":[{"taxonomy":"category","embeddable":true,"href":"https:\/\/ocoerente.com.br\/se\/wp-json\/wp\/v2\/categories?post=7652"},{"taxonomy":"post_tag","embeddable":true,"href":"https:\/\/ocoerente.com.br\/se\/wp-json\/wp\/v2\/tags?post=7652"}],"curies":[{"name":"wp","href":"https:\/\/api.w.org\/{rel}","templated":true}]}}