{"id":7585,"date":"2023-03-28T17:27:55","date_gmt":"2023-03-28T20:27:55","guid":{"rendered":"https:\/\/ocoerente.com.br\/se\/?p=7585"},"modified":"2023-03-28T17:27:56","modified_gmt":"2023-03-28T20:27:56","slug":"servidores-da-funesa-acenam-com-paralisacao-no-dia-3-de-abril","status":"publish","type":"post","link":"https:\/\/ocoerente.com.br\/se\/2023\/03\/28\/servidores-da-funesa-acenam-com-paralisacao-no-dia-3-de-abril\/","title":{"rendered":"Servidores da Funesa acenam com paralisa\u00e7\u00e3o no dia 3 de abril"},"content":{"rendered":"\n<p>At\u00e9 a pr\u00f3xima sexta-feira, 31 de mar\u00e7o. Este foi o prazo limite deliberado pelos servidores da Funesa para a gest\u00e3o apresentar a contrapartida da proposta do Acordo Coletivo de Trabalho 2023-2025. Esta delibera\u00e7\u00e3o foi decidida durante a Assembleia Extraordin\u00e1ria, promovida pelo Sindicato dos Trabalhadores na \u00c1rea da Sa\u00fade do Estado de Sergipe (Sintasa) e o Sinodonto, nesta segunda-feira, 27, no audit\u00f3rio da pr\u00f3pria funda\u00e7\u00e3o.<\/p>\n\n\n\n<p>Caso n\u00e3o recebam uma resposta da gest\u00e3o, os servidores deliberaram realizar uma paralisa\u00e7\u00e3o de 24 horas, no dia 3 de abril, com ato das 8h \u00e0s 10h, na porta da Funesa. Ap\u00f3s o ato, haver\u00e1 uma assembleia para deliberar as pr\u00f3ximas a\u00e7\u00f5es.<\/p>\n\n\n\n<p>\u201cEstamos tentando negociar com a Funesa h\u00e1 mais de 30 dias e a gest\u00e3o sempre pede mais tempo. Ent\u00e3o, a nossa paci\u00eancia vai at\u00e9 a pr\u00f3xima sexta-feira, 31. Caso a contraproposta n\u00e3o seja apresentada, os servidores deliberaram pela paralisa\u00e7\u00e3o na pr\u00f3xima segunda-feira\u201d, afirmou Augusto Couto, presidente do Sintasa, que esteve na assembleia com o gerente administrativo, Janderson Alves.<\/p>\n\n\n\n<figure class=\"wp-block-image size-full is-resized\"><img loading=\"lazy\" decoding=\"async\" src=\"https:\/\/ocoerente.com.br\/se\/wp-content\/uploads\/2023\/03\/sintadoc.jpg\" alt=\"\" class=\"wp-image-7587\" width=\"498\" height=\"738\" srcset=\"https:\/\/ocoerente.com.br\/se\/wp-content\/uploads\/2023\/03\/sintadoc.jpg 691w, https:\/\/ocoerente.com.br\/se\/wp-content\/uploads\/2023\/03\/sintadoc-202x300.jpg 202w\" sizes=\"auto, (max-width: 498px) 100vw, 498px\" \/><\/figure>\n\n\n\n<p>SINTASA<\/p>\n","protected":false},"excerpt":{"rendered":"<p>At\u00e9 a pr\u00f3xima sexta-feira, 31 de mar\u00e7o. Este foi o prazo limite deliberado pelos servidores da Funesa para a gest\u00e3o apresentar a contrapartida da proposta do Acordo Coletivo de Trabalho 2023-2025. Esta delibera\u00e7\u00e3o foi decidida durante a Assembleia Extraordin\u00e1ria, promovida pelo Sindicato dos Trabalhadores na \u00c1rea da Sa\u00fade do Estado de Sergipe (Sintasa) e o [&hellip;]<\/p>\n","protected":false},"author":1,"featured_media":7586,"comment_status":"closed","ping_status":"closed","sticky":false,"template":"","format":"standard","meta":{"footnotes":""},"categories":[53,54],"tags":[],"class_list":["post-7585","post","type-post","status-publish","format-standard","has-post-thumbnail","hentry","category-destaques","category-saude"],"yoast_head":"<!-- This site is optimized with the Yoast SEO plugin v27.4 - https:\/\/yoast.com\/product\/yoast-seo-wordpress\/ -->\n<title>Servidores da Funesa acenam com paralisa\u00e7\u00e3o no dia 3 de abril - O Coerente<\/title>\n<meta name=\"robots\" content=\"index, follow, max-snippet:-1, max-image-preview:large, max-video-preview:-1\" \/>\n<link rel=\"canonical\" href=\"https:\/\/ocoerente.com.br\/se\/2023\/03\/28\/servidores-da-funesa-acenam-com-paralisacao-no-dia-3-de-abril\/\" \/>\n<meta property=\"og:locale\" content=\"pt_BR\" \/>\n<meta property=\"og:type\" content=\"article\" \/>\n<meta property=\"og:title\" content=\"Servidores da Funesa acenam com paralisa\u00e7\u00e3o no dia 3 de abril - O Coerente\" \/>\n<meta property=\"og:description\" content=\"At\u00e9 a pr\u00f3xima sexta-feira, 31 de mar\u00e7o. Este foi o prazo limite deliberado pelos servidores da Funesa para a gest\u00e3o apresentar a contrapartida da proposta do Acordo Coletivo de Trabalho 2023-2025. Esta delibera\u00e7\u00e3o foi decidida durante a Assembleia Extraordin\u00e1ria, promovida pelo Sindicato dos Trabalhadores na \u00c1rea da Sa\u00fade do Estado de Sergipe (Sintasa) e o [&hellip;]\" \/>\n<meta property=\"og:url\" content=\"https:\/\/ocoerente.com.br\/se\/2023\/03\/28\/servidores-da-funesa-acenam-com-paralisacao-no-dia-3-de-abril\/\" \/>\n<meta property=\"og:site_name\" content=\"O Coerente\" \/>\n<meta property=\"article:published_time\" content=\"2023-03-28T20:27:55+00:00\" \/>\n<meta property=\"article:modified_time\" content=\"2023-03-28T20:27:56+00:00\" \/>\n<meta property=\"og:image\" content=\"https:\/\/ocoerente.com.br\/se\/wp-content\/uploads\/2023\/03\/sintataaa.jpg\" \/>\n\t<meta property=\"og:image:width\" content=\"1024\" \/>\n\t<meta property=\"og:image:height\" content=\"768\" \/>\n\t<meta property=\"og:image:type\" content=\"image\/jpeg\" \/>\n<meta name=\"author\" content=\"Reda\u00e7\u00e3o\" \/>\n<meta name=\"twitter:card\" content=\"summary_large_image\" \/>\n<meta name=\"twitter:label1\" content=\"Escrito por\" \/>\n\t<meta name=\"twitter:data1\" content=\"Reda\u00e7\u00e3o\" \/>\n\t<meta name=\"twitter:label2\" content=\"Est. tempo de leitura\" \/>\n\t<meta name=\"twitter:data2\" content=\"2 minutos\" \/>\n<script type=\"application\/ld+json\" class=\"yoast-schema-graph\">{\"@context\":\"https:\\\/\\\/schema.org\",\"@graph\":[{\"@type\":\"Article\",\"@id\":\"https:\\\/\\\/ocoerente.com.br\\\/se\\\/2023\\\/03\\\/28\\\/servidores-da-funesa-acenam-com-paralisacao-no-dia-3-de-abril\\\/#article\",\"isPartOf\":{\"@id\":\"https:\\\/\\\/ocoerente.com.br\\\/se\\\/2023\\\/03\\\/28\\\/servidores-da-funesa-acenam-com-paralisacao-no-dia-3-de-abril\\\/\"},\"author\":{\"name\":\"Reda\u00e7\u00e3o\",\"@id\":\"https:\\\/\\\/ocoerente.com.br\\\/se\\\/#\\\/schema\\\/person\\\/cc6bfd9fbca465e23543b0c963d8d037\"},\"headline\":\"Servidores da Funesa acenam com paralisa\u00e7\u00e3o no dia 3 de abril\",\"datePublished\":\"2023-03-28T20:27:55+00:00\",\"dateModified\":\"2023-03-28T20:27:56+00:00\",\"mainEntityOfPage\":{\"@id\":\"https:\\\/\\\/ocoerente.com.br\\\/se\\\/2023\\\/03\\\/28\\\/servidores-da-funesa-acenam-com-paralisacao-no-dia-3-de-abril\\\/\"},\"wordCount\":192,\"publisher\":{\"@id\":\"https:\\\/\\\/ocoerente.com.br\\\/se\\\/#\\\/schema\\\/person\\\/cc6bfd9fbca465e23543b0c963d8d037\"},\"image\":{\"@id\":\"https:\\\/\\\/ocoerente.com.br\\\/se\\\/2023\\\/03\\\/28\\\/servidores-da-funesa-acenam-com-paralisacao-no-dia-3-de-abril\\\/#primaryimage\"},\"thumbnailUrl\":\"https:\\\/\\\/ocoerente.com.br\\\/se\\\/wp-content\\\/uploads\\\/2023\\\/03\\\/sintataaa.jpg\",\"articleSection\":[\"Destaques\",\"Sa\u00fade\"],\"inLanguage\":\"pt-BR\"},{\"@type\":\"WebPage\",\"@id\":\"https:\\\/\\\/ocoerente.com.br\\\/se\\\/2023\\\/03\\\/28\\\/servidores-da-funesa-acenam-com-paralisacao-no-dia-3-de-abril\\\/\",\"url\":\"https:\\\/\\\/ocoerente.com.br\\\/se\\\/2023\\\/03\\\/28\\\/servidores-da-funesa-acenam-com-paralisacao-no-dia-3-de-abril\\\/\",\"name\":\"Servidores da Funesa acenam com paralisa\u00e7\u00e3o no dia 3 de abril - O Coerente\",\"isPartOf\":{\"@id\":\"https:\\\/\\\/ocoerente.com.br\\\/se\\\/#website\"},\"primaryImageOfPage\":{\"@id\":\"https:\\\/\\\/ocoerente.com.br\\\/se\\\/2023\\\/03\\\/28\\\/servidores-da-funesa-acenam-com-paralisacao-no-dia-3-de-abril\\\/#primaryimage\"},\"image\":{\"@id\":\"https:\\\/\\\/ocoerente.com.br\\\/se\\\/2023\\\/03\\\/28\\\/servidores-da-funesa-acenam-com-paralisacao-no-dia-3-de-abril\\\/#primaryimage\"},\"thumbnailUrl\":\"https:\\\/\\\/ocoerente.com.br\\\/se\\\/wp-content\\\/uploads\\\/2023\\\/03\\\/sintataaa.jpg\",\"datePublished\":\"2023-03-28T20:27:55+00:00\",\"dateModified\":\"2023-03-28T20:27:56+00:00\",\"breadcrumb\":{\"@id\":\"https:\\\/\\\/ocoerente.com.br\\\/se\\\/2023\\\/03\\\/28\\\/servidores-da-funesa-acenam-com-paralisacao-no-dia-3-de-abril\\\/#breadcrumb\"},\"inLanguage\":\"pt-BR\",\"potentialAction\":[{\"@type\":\"ReadAction\",\"target\":[\"https:\\\/\\\/ocoerente.com.br\\\/se\\\/2023\\\/03\\\/28\\\/servidores-da-funesa-acenam-com-paralisacao-no-dia-3-de-abril\\\/\"]}]},{\"@type\":\"ImageObject\",\"inLanguage\":\"pt-BR\",\"@id\":\"https:\\\/\\\/ocoerente.com.br\\\/se\\\/2023\\\/03\\\/28\\\/servidores-da-funesa-acenam-com-paralisacao-no-dia-3-de-abril\\\/#primaryimage\",\"url\":\"https:\\\/\\\/ocoerente.com.br\\\/se\\\/wp-content\\\/uploads\\\/2023\\\/03\\\/sintataaa.jpg\",\"contentUrl\":\"https:\\\/\\\/ocoerente.com.br\\\/se\\\/wp-content\\\/uploads\\\/2023\\\/03\\\/sintataaa.jpg\",\"width\":1024,\"height\":768},{\"@type\":\"BreadcrumbList\",\"@id\":\"https:\\\/\\\/ocoerente.com.br\\\/se\\\/2023\\\/03\\\/28\\\/servidores-da-funesa-acenam-com-paralisacao-no-dia-3-de-abril\\\/#breadcrumb\",\"itemListElement\":[{\"@type\":\"ListItem\",\"position\":1,\"name\":\"In\u00edcio\",\"item\":\"https:\\\/\\\/ocoerente.com.br\\\/se\\\/\"},{\"@type\":\"ListItem\",\"position\":2,\"name\":\"Servidores da Funesa acenam com paralisa\u00e7\u00e3o no dia 3 de abril\"}]},{\"@type\":\"WebSite\",\"@id\":\"https:\\\/\\\/ocoerente.com.br\\\/se\\\/#website\",\"url\":\"https:\\\/\\\/ocoerente.com.br\\\/se\\\/\",\"name\":\"O Coerente\",\"description\":\"\",\"publisher\":{\"@id\":\"https:\\\/\\\/ocoerente.com.br\\\/se\\\/#\\\/schema\\\/person\\\/cc6bfd9fbca465e23543b0c963d8d037\"},\"potentialAction\":[{\"@type\":\"SearchAction\",\"target\":{\"@type\":\"EntryPoint\",\"urlTemplate\":\"https:\\\/\\\/ocoerente.com.br\\\/se\\\/?s={search_term_string}\"},\"query-input\":{\"@type\":\"PropertyValueSpecification\",\"valueRequired\":true,\"valueName\":\"search_term_string\"}}],\"inLanguage\":\"pt-BR\"},{\"@type\":[\"Person\",\"Organization\"],\"@id\":\"https:\\\/\\\/ocoerente.com.br\\\/se\\\/#\\\/schema\\\/person\\\/cc6bfd9fbca465e23543b0c963d8d037\",\"name\":\"Reda\u00e7\u00e3o\",\"image\":{\"@type\":\"ImageObject\",\"inLanguage\":\"pt-BR\",\"@id\":\"https:\\\/\\\/ocoerente.com.br\\\/se\\\/wp-content\\\/uploads\\\/2020\\\/01\\\/ocoerente-1.png\",\"url\":\"https:\\\/\\\/ocoerente.com.br\\\/se\\\/wp-content\\\/uploads\\\/2020\\\/01\\\/ocoerente-1.png\",\"contentUrl\":\"https:\\\/\\\/ocoerente.com.br\\\/se\\\/wp-content\\\/uploads\\\/2020\\\/01\\\/ocoerente-1.png\",\"width\":50,\"height\":50,\"caption\":\"Reda\u00e7\u00e3o\"},\"logo\":{\"@id\":\"https:\\\/\\\/ocoerente.com.br\\\/se\\\/wp-content\\\/uploads\\\/2020\\\/01\\\/ocoerente-1.png\"},\"url\":\"https:\\\/\\\/ocoerente.com.br\\\/se\\\/author\\\/vasticlsales\\\/\"}]}<\/script>\n<!-- \/ Yoast SEO plugin. -->","yoast_head_json":{"title":"Servidores da Funesa acenam com paralisa\u00e7\u00e3o no dia 3 de abril - O Coerente","robots":{"index":"index","follow":"follow","max-snippet":"max-snippet:-1","max-image-preview":"max-image-preview:large","max-video-preview":"max-video-preview:-1"},"canonical":"https:\/\/ocoerente.com.br\/se\/2023\/03\/28\/servidores-da-funesa-acenam-com-paralisacao-no-dia-3-de-abril\/","og_locale":"pt_BR","og_type":"article","og_title":"Servidores da Funesa acenam com paralisa\u00e7\u00e3o no dia 3 de abril - O Coerente","og_description":"At\u00e9 a pr\u00f3xima sexta-feira, 31 de mar\u00e7o. Este foi o prazo limite deliberado pelos servidores da Funesa para a gest\u00e3o apresentar a contrapartida da proposta do Acordo Coletivo de Trabalho 2023-2025. Esta delibera\u00e7\u00e3o foi decidida durante a Assembleia Extraordin\u00e1ria, promovida pelo Sindicato dos Trabalhadores na \u00c1rea da Sa\u00fade do Estado de Sergipe (Sintasa) e o [&hellip;]","og_url":"https:\/\/ocoerente.com.br\/se\/2023\/03\/28\/servidores-da-funesa-acenam-com-paralisacao-no-dia-3-de-abril\/","og_site_name":"O Coerente","article_published_time":"2023-03-28T20:27:55+00:00","article_modified_time":"2023-03-28T20:27:56+00:00","og_image":[{"width":1024,"height":768,"url":"https:\/\/ocoerente.com.br\/se\/wp-content\/uploads\/2023\/03\/sintataaa.jpg","type":"image\/jpeg"}],"author":"Reda\u00e7\u00e3o","twitter_card":"summary_large_image","twitter_misc":{"Escrito por":"Reda\u00e7\u00e3o","Est. tempo de leitura":"2 minutos"},"schema":{"@context":"https:\/\/schema.org","@graph":[{"@type":"Article","@id":"https:\/\/ocoerente.com.br\/se\/2023\/03\/28\/servidores-da-funesa-acenam-com-paralisacao-no-dia-3-de-abril\/#article","isPartOf":{"@id":"https:\/\/ocoerente.com.br\/se\/2023\/03\/28\/servidores-da-funesa-acenam-com-paralisacao-no-dia-3-de-abril\/"},"author":{"name":"Reda\u00e7\u00e3o","@id":"https:\/\/ocoerente.com.br\/se\/#\/schema\/person\/cc6bfd9fbca465e23543b0c963d8d037"},"headline":"Servidores da Funesa acenam com paralisa\u00e7\u00e3o no dia 3 de abril","datePublished":"2023-03-28T20:27:55+00:00","dateModified":"2023-03-28T20:27:56+00:00","mainEntityOfPage":{"@id":"https:\/\/ocoerente.com.br\/se\/2023\/03\/28\/servidores-da-funesa-acenam-com-paralisacao-no-dia-3-de-abril\/"},"wordCount":192,"publisher":{"@id":"https:\/\/ocoerente.com.br\/se\/#\/schema\/person\/cc6bfd9fbca465e23543b0c963d8d037"},"image":{"@id":"https:\/\/ocoerente.com.br\/se\/2023\/03\/28\/servidores-da-funesa-acenam-com-paralisacao-no-dia-3-de-abril\/#primaryimage"},"thumbnailUrl":"https:\/\/ocoerente.com.br\/se\/wp-content\/uploads\/2023\/03\/sintataaa.jpg","articleSection":["Destaques","Sa\u00fade"],"inLanguage":"pt-BR"},{"@type":"WebPage","@id":"https:\/\/ocoerente.com.br\/se\/2023\/03\/28\/servidores-da-funesa-acenam-com-paralisacao-no-dia-3-de-abril\/","url":"https:\/\/ocoerente.com.br\/se\/2023\/03\/28\/servidores-da-funesa-acenam-com-paralisacao-no-dia-3-de-abril\/","name":"Servidores da Funesa acenam com paralisa\u00e7\u00e3o no dia 3 de abril - O Coerente","isPartOf":{"@id":"https:\/\/ocoerente.com.br\/se\/#website"},"primaryImageOfPage":{"@id":"https:\/\/ocoerente.com.br\/se\/2023\/03\/28\/servidores-da-funesa-acenam-com-paralisacao-no-dia-3-de-abril\/#primaryimage"},"image":{"@id":"https:\/\/ocoerente.com.br\/se\/2023\/03\/28\/servidores-da-funesa-acenam-com-paralisacao-no-dia-3-de-abril\/#primaryimage"},"thumbnailUrl":"https:\/\/ocoerente.com.br\/se\/wp-content\/uploads\/2023\/03\/sintataaa.jpg","datePublished":"2023-03-28T20:27:55+00:00","dateModified":"2023-03-28T20:27:56+00:00","breadcrumb":{"@id":"https:\/\/ocoerente.com.br\/se\/2023\/03\/28\/servidores-da-funesa-acenam-com-paralisacao-no-dia-3-de-abril\/#breadcrumb"},"inLanguage":"pt-BR","potentialAction":[{"@type":"ReadAction","target":["https:\/\/ocoerente.com.br\/se\/2023\/03\/28\/servidores-da-funesa-acenam-com-paralisacao-no-dia-3-de-abril\/"]}]},{"@type":"ImageObject","inLanguage":"pt-BR","@id":"https:\/\/ocoerente.com.br\/se\/2023\/03\/28\/servidores-da-funesa-acenam-com-paralisacao-no-dia-3-de-abril\/#primaryimage","url":"https:\/\/ocoerente.com.br\/se\/wp-content\/uploads\/2023\/03\/sintataaa.jpg","contentUrl":"https:\/\/ocoerente.com.br\/se\/wp-content\/uploads\/2023\/03\/sintataaa.jpg","width":1024,"height":768},{"@type":"BreadcrumbList","@id":"https:\/\/ocoerente.com.br\/se\/2023\/03\/28\/servidores-da-funesa-acenam-com-paralisacao-no-dia-3-de-abril\/#breadcrumb","itemListElement":[{"@type":"ListItem","position":1,"name":"In\u00edcio","item":"https:\/\/ocoerente.com.br\/se\/"},{"@type":"ListItem","position":2,"name":"Servidores da Funesa acenam com paralisa\u00e7\u00e3o no dia 3 de abril"}]},{"@type":"WebSite","@id":"https:\/\/ocoerente.com.br\/se\/#website","url":"https:\/\/ocoerente.com.br\/se\/","name":"O Coerente","description":"","publisher":{"@id":"https:\/\/ocoerente.com.br\/se\/#\/schema\/person\/cc6bfd9fbca465e23543b0c963d8d037"},"potentialAction":[{"@type":"SearchAction","target":{"@type":"EntryPoint","urlTemplate":"https:\/\/ocoerente.com.br\/se\/?s={search_term_string}"},"query-input":{"@type":"PropertyValueSpecification","valueRequired":true,"valueName":"search_term_string"}}],"inLanguage":"pt-BR"},{"@type":["Person","Organization"],"@id":"https:\/\/ocoerente.com.br\/se\/#\/schema\/person\/cc6bfd9fbca465e23543b0c963d8d037","name":"Reda\u00e7\u00e3o","image":{"@type":"ImageObject","inLanguage":"pt-BR","@id":"https:\/\/ocoerente.com.br\/se\/wp-content\/uploads\/2020\/01\/ocoerente-1.png","url":"https:\/\/ocoerente.com.br\/se\/wp-content\/uploads\/2020\/01\/ocoerente-1.png","contentUrl":"https:\/\/ocoerente.com.br\/se\/wp-content\/uploads\/2020\/01\/ocoerente-1.png","width":50,"height":50,"caption":"Reda\u00e7\u00e3o"},"logo":{"@id":"https:\/\/ocoerente.com.br\/se\/wp-content\/uploads\/2020\/01\/ocoerente-1.png"},"url":"https:\/\/ocoerente.com.br\/se\/author\/vasticlsales\/"}]}},"_links":{"self":[{"href":"https:\/\/ocoerente.com.br\/se\/wp-json\/wp\/v2\/posts\/7585","targetHints":{"allow":["GET"]}}],"collection":[{"href":"https:\/\/ocoerente.com.br\/se\/wp-json\/wp\/v2\/posts"}],"about":[{"href":"https:\/\/ocoerente.com.br\/se\/wp-json\/wp\/v2\/types\/post"}],"author":[{"embeddable":true,"href":"https:\/\/ocoerente.com.br\/se\/wp-json\/wp\/v2\/users\/1"}],"replies":[{"embeddable":true,"href":"https:\/\/ocoerente.com.br\/se\/wp-json\/wp\/v2\/comments?post=7585"}],"version-history":[{"count":1,"href":"https:\/\/ocoerente.com.br\/se\/wp-json\/wp\/v2\/posts\/7585\/revisions"}],"predecessor-version":[{"id":7588,"href":"https:\/\/ocoerente.com.br\/se\/wp-json\/wp\/v2\/posts\/7585\/revisions\/7588"}],"wp:featuredmedia":[{"embeddable":true,"href":"https:\/\/ocoerente.com.br\/se\/wp-json\/wp\/v2\/media\/7586"}],"wp:attachment":[{"href":"https:\/\/ocoerente.com.br\/se\/wp-json\/wp\/v2\/media?parent=7585"}],"wp:term":[{"taxonomy":"category","embeddable":true,"href":"https:\/\/ocoerente.com.br\/se\/wp-json\/wp\/v2\/categories?post=7585"},{"taxonomy":"post_tag","embeddable":true,"href":"https:\/\/ocoerente.com.br\/se\/wp-json\/wp\/v2\/tags?post=7585"}],"curies":[{"name":"wp","href":"https:\/\/api.w.org\/{rel}","templated":true}]}}