{"id":7580,"date":"2023-03-27T01:58:44","date_gmt":"2023-03-27T04:58:44","guid":{"rendered":"https:\/\/ocoerente.com.br\/se\/?p=7580"},"modified":"2023-03-27T01:58:45","modified_gmt":"2023-03-27T04:58:45","slug":"minc-seleciona-artistas-e-produtores-culturais-para-evento-na-argentina-no-qual-o-brasil-este-ano-e-o-pais-convidado","status":"publish","type":"post","link":"https:\/\/ocoerente.com.br\/se\/2023\/03\/27\/minc-seleciona-artistas-e-produtores-culturais-para-evento-na-argentina-no-qual-o-brasil-este-ano-e-o-pais-convidado\/","title":{"rendered":"MinC seleciona artistas e produtores culturais para evento na Argentina no qual o Brasil, este ano, \u00e9 o pa\u00eds-convidado"},"content":{"rendered":"\n<p>Chamada p\u00fablica para o Mercado de Ind\u00fastrias Culturais Argentinas (MICA) vai at\u00e9 31 de mar\u00e7o<\/p>\n\n\n\n<p>Minist\u00e9rio da Cultura (MinC) lan\u00e7ou nesta quinta-feira (2) o primeiro edital exclusivo da atual gest\u00e3o. A proposta selecionar\u00e1 90 empreendedores culturais de nove setores&nbsp;\u2014&nbsp;audiovisual, circo, dan\u00e7a, teatro, design, editorial, hip hop, m\u00fasica e games&nbsp;\u2014&nbsp;para participarem das rodadas de neg\u00f3cios e atividades formativas da 7\u00aa edi\u00e7\u00e3o do Mercado de Ind\u00fastrias Culturais Argentinas (MICA). O Brasil \u00e9 o convidado de honra deste evento que ser\u00e1 realizado entre os dias 1\u00ba e 4 de junho, no Centro Cultural Kirchner, em Buenos Aires.<\/p>\n\n\n\n<p>&#8220;\u00c9 um momento no qual podemos estreitar nossas rela\u00e7\u00f5es e somar essas oportunidades, fortalecer o nosso setor econ\u00f4mico e o interc\u00e2mbio entre nossas culturas. Para isso, o Minist\u00e9rio da Cultura do Brasil est\u00e1 abrindo um edital para selecionar profissionais criativos que ir\u00e3o para o MICA na Argentina\u201d, afirmou a ministra Margareth Menezes ao aceitar o convite feito pelo ministro da Cultura da Argentina, Trist\u00e1n Bauer.<\/p>\n\n\n\n<p>O Edital destinar\u00e1 R$793 mil para viabilizar a ida e perman\u00eancia, em Buenos Aires, dos empreendedores culturais selecionados, bem como o retorno ao Brasil. As inscri\u00e7\u00f5es est\u00e3o abertas at\u00e9 \u00e0s 18h do dia 31 de mar\u00e7o de 2023.<\/p>\n\n\n\n<p>A chamada p\u00fablica d\u00e1 sequ\u00eancia \u00e0 pol\u00edtica de promo\u00e7\u00e3o internacional da cultura brasileira, estimulada pelo governo do presidente Lula. Com o evento, os Minist\u00e9rios da Cultura brasileiro e argentino esperam impulsionar encontros entre os desenvolvedores, programadores, editores, diretores, produtores, t\u00e9cnicos e demais gestores culturais de todos os setores.<\/p>\n\n\n\n<p>A proposta de trabalho conjunto quer levar adiante uma valiosa agenda bilateral que vincule os setores das ind\u00fastrias culturais, que dinamize os interc\u00e2mbios comerciais, art\u00edsticos e intelectuais entre os dois pa\u00edses, e que promova a associa\u00e7\u00e3o e complementa\u00e7\u00e3o das cadeias de valor da economia da cultura.<\/p>\n\n\n\n<p><strong>Inscri\u00e7\u00f5es<\/strong><\/p>\n\n\n\n<p>Os interessados em participar da sele\u00e7\u00e3o devem se inscrever&nbsp;<a href=\"http:\/\/mapas.cultura.gov.br\/oportunidade\/2013\/\" target=\"_blank\" rel=\"noreferrer noopener\">neste link<\/a>&nbsp;at\u00e9 \u00e0s 18h do dia 31 de mar\u00e7o. O regulamento completo do Edital tamb\u00e9m est\u00e1 dispon\u00edvel na mesma plataforma.&nbsp;<\/p>\n\n\n\n<p>No registro, os empreendedores culturais dever\u00e3o escolher o perfil de participa\u00e7\u00e3o (vendedor ou comprador). Entre os crit\u00e9rios de avalia\u00e7\u00e3o est\u00e3o a diversidade, a representatividade, a inclus\u00e3o e a criatividade das propostas. O edital obedecer\u00e1, ainda, ao crit\u00e9rio de distribui\u00e7\u00e3o regional, de forma a contemplar, pelo menos, um vendedor por regi\u00e3o brasileira, em cada setor.<\/p>\n\n\n\n<p><strong>MICA<\/strong><\/p>\n\n\n\n<p>Criado em 2011, o MICA \u00e9 o evento central do sistema de pol\u00edticas p\u00fablicas voltado exclusivamente para a comercializa\u00e7\u00e3o de produtos e servi\u00e7os, e para o fortalecimento dos setores das ind\u00fastrias culturais na Argentina e a n\u00edvel internacional.<\/p>\n\n\n\n<p>O Mercado tem uma programa\u00e7\u00e3o pensada para o fortalecimento dos v\u00ednculos institucionais, comerciais e art\u00edsticos entre pa\u00edses. Visa tamb\u00e9m a estimular reuni\u00f5es entre institui\u00e7\u00f5es governamentais de cultura da Argentina e de outras na\u00e7\u00f5es, e incentivar a celebra\u00e7\u00e3o de acordos de coopera\u00e7\u00e3o entre institui\u00e7\u00f5es culturais p\u00fablicas e\/ou privadas.<\/p>\n\n\n\n<p>&#8220;Ser\u00e1 um momento muito oportuno para aprofundar as rela\u00e7\u00f5es de amizade entre Argentina e Brasil, promover v\u00ednculos, neg\u00f3cios e fortalecer nossas ind\u00fastrias culturais&#8221;, disse o ministro argentino Trist\u00e1n Bauer sobre a edi\u00e7\u00e3o de 2023.<\/p>\n\n\n\n<p>Acesse o&nbsp;<a href=\"http:\/\/www.mica.gob.ar\/\" target=\"_blank\" rel=\"noreferrer noopener\">site oficial<\/a>&nbsp;do evento para mais informa\u00e7\u00f5es.<\/p>\n","protected":false},"excerpt":{"rendered":"<p>Chamada p\u00fablica para o Mercado de Ind\u00fastrias Culturais Argentinas (MICA) vai at\u00e9 31 de mar\u00e7o Minist\u00e9rio da Cultura (MinC) lan\u00e7ou nesta quinta-feira (2) o primeiro edital exclusivo da atual gest\u00e3o. A proposta selecionar\u00e1 90 empreendedores culturais de nove setores&nbsp;\u2014&nbsp;audiovisual, circo, dan\u00e7a, teatro, design, editorial, hip hop, m\u00fasica e games&nbsp;\u2014&nbsp;para participarem das rodadas de neg\u00f3cios e [&hellip;]<\/p>\n","protected":false},"author":1,"featured_media":7581,"comment_status":"closed","ping_status":"closed","sticky":false,"template":"","format":"standard","meta":{"footnotes":""},"categories":[48,53],"tags":[],"class_list":["post-7580","post","type-post","status-publish","format-standard","has-post-thumbnail","hentry","category-brasil","category-destaques"],"yoast_head":"<!-- This site is optimized with the Yoast SEO plugin v27.4 - https:\/\/yoast.com\/product\/yoast-seo-wordpress\/ -->\n<title>MinC seleciona artistas e produtores culturais para evento na Argentina no qual o Brasil, este ano, \u00e9 o pa\u00eds-convidado - O Coerente<\/title>\n<meta name=\"robots\" content=\"index, follow, max-snippet:-1, max-image-preview:large, max-video-preview:-1\" \/>\n<link rel=\"canonical\" href=\"https:\/\/ocoerente.com.br\/se\/2023\/03\/27\/minc-seleciona-artistas-e-produtores-culturais-para-evento-na-argentina-no-qual-o-brasil-este-ano-e-o-pais-convidado\/\" \/>\n<meta property=\"og:locale\" content=\"pt_BR\" \/>\n<meta property=\"og:type\" content=\"article\" \/>\n<meta property=\"og:title\" content=\"MinC seleciona artistas e produtores culturais para evento na Argentina no qual o Brasil, este ano, \u00e9 o pa\u00eds-convidado - O Coerente\" \/>\n<meta property=\"og:description\" content=\"Chamada p\u00fablica para o Mercado de Ind\u00fastrias Culturais Argentinas (MICA) vai at\u00e9 31 de mar\u00e7o Minist\u00e9rio da Cultura (MinC) lan\u00e7ou nesta quinta-feira (2) o primeiro edital exclusivo da atual gest\u00e3o. A proposta selecionar\u00e1 90 empreendedores culturais de nove setores&nbsp;\u2014&nbsp;audiovisual, circo, dan\u00e7a, teatro, design, editorial, hip hop, m\u00fasica e games&nbsp;\u2014&nbsp;para participarem das rodadas de neg\u00f3cios e [&hellip;]\" \/>\n<meta property=\"og:url\" content=\"https:\/\/ocoerente.com.br\/se\/2023\/03\/27\/minc-seleciona-artistas-e-produtores-culturais-para-evento-na-argentina-no-qual-o-brasil-este-ano-e-o-pais-convidado\/\" \/>\n<meta property=\"og:site_name\" content=\"O Coerente\" \/>\n<meta property=\"article:published_time\" content=\"2023-03-27T04:58:44+00:00\" \/>\n<meta property=\"article:modified_time\" content=\"2023-03-27T04:58:45+00:00\" \/>\n<meta property=\"og:image\" content=\"https:\/\/ocoerente.com.br\/se\/wp-content\/uploads\/2023\/03\/minc-111.jpg\" \/>\n\t<meta property=\"og:image:width\" content=\"768\" \/>\n\t<meta property=\"og:image:height\" content=\"312\" \/>\n\t<meta property=\"og:image:type\" content=\"image\/jpeg\" \/>\n<meta name=\"author\" content=\"Reda\u00e7\u00e3o\" \/>\n<meta name=\"twitter:card\" content=\"summary_large_image\" \/>\n<meta name=\"twitter:label1\" content=\"Escrito por\" \/>\n\t<meta name=\"twitter:data1\" content=\"Reda\u00e7\u00e3o\" \/>\n\t<meta name=\"twitter:label2\" content=\"Est. tempo de leitura\" \/>\n\t<meta name=\"twitter:data2\" content=\"3 minutos\" \/>\n<script type=\"application\/ld+json\" class=\"yoast-schema-graph\">{\"@context\":\"https:\\\/\\\/schema.org\",\"@graph\":[{\"@type\":\"Article\",\"@id\":\"https:\\\/\\\/ocoerente.com.br\\\/se\\\/2023\\\/03\\\/27\\\/minc-seleciona-artistas-e-produtores-culturais-para-evento-na-argentina-no-qual-o-brasil-este-ano-e-o-pais-convidado\\\/#article\",\"isPartOf\":{\"@id\":\"https:\\\/\\\/ocoerente.com.br\\\/se\\\/2023\\\/03\\\/27\\\/minc-seleciona-artistas-e-produtores-culturais-para-evento-na-argentina-no-qual-o-brasil-este-ano-e-o-pais-convidado\\\/\"},\"author\":{\"name\":\"Reda\u00e7\u00e3o\",\"@id\":\"https:\\\/\\\/ocoerente.com.br\\\/se\\\/#\\\/schema\\\/person\\\/cc6bfd9fbca465e23543b0c963d8d037\"},\"headline\":\"MinC seleciona artistas e produtores culturais para evento na Argentina no qual o Brasil, este ano, \u00e9 o pa\u00eds-convidado\",\"datePublished\":\"2023-03-27T04:58:44+00:00\",\"dateModified\":\"2023-03-27T04:58:45+00:00\",\"mainEntityOfPage\":{\"@id\":\"https:\\\/\\\/ocoerente.com.br\\\/se\\\/2023\\\/03\\\/27\\\/minc-seleciona-artistas-e-produtores-culturais-para-evento-na-argentina-no-qual-o-brasil-este-ano-e-o-pais-convidado\\\/\"},\"wordCount\":593,\"publisher\":{\"@id\":\"https:\\\/\\\/ocoerente.com.br\\\/se\\\/#\\\/schema\\\/person\\\/cc6bfd9fbca465e23543b0c963d8d037\"},\"image\":{\"@id\":\"https:\\\/\\\/ocoerente.com.br\\\/se\\\/2023\\\/03\\\/27\\\/minc-seleciona-artistas-e-produtores-culturais-para-evento-na-argentina-no-qual-o-brasil-este-ano-e-o-pais-convidado\\\/#primaryimage\"},\"thumbnailUrl\":\"https:\\\/\\\/ocoerente.com.br\\\/se\\\/wp-content\\\/uploads\\\/2023\\\/03\\\/minc-111.jpg\",\"articleSection\":[\"Brasil\",\"Destaques\"],\"inLanguage\":\"pt-BR\"},{\"@type\":\"WebPage\",\"@id\":\"https:\\\/\\\/ocoerente.com.br\\\/se\\\/2023\\\/03\\\/27\\\/minc-seleciona-artistas-e-produtores-culturais-para-evento-na-argentina-no-qual-o-brasil-este-ano-e-o-pais-convidado\\\/\",\"url\":\"https:\\\/\\\/ocoerente.com.br\\\/se\\\/2023\\\/03\\\/27\\\/minc-seleciona-artistas-e-produtores-culturais-para-evento-na-argentina-no-qual-o-brasil-este-ano-e-o-pais-convidado\\\/\",\"name\":\"MinC seleciona artistas e produtores culturais para evento na Argentina no qual o Brasil, este ano, \u00e9 o pa\u00eds-convidado - O Coerente\",\"isPartOf\":{\"@id\":\"https:\\\/\\\/ocoerente.com.br\\\/se\\\/#website\"},\"primaryImageOfPage\":{\"@id\":\"https:\\\/\\\/ocoerente.com.br\\\/se\\\/2023\\\/03\\\/27\\\/minc-seleciona-artistas-e-produtores-culturais-para-evento-na-argentina-no-qual-o-brasil-este-ano-e-o-pais-convidado\\\/#primaryimage\"},\"image\":{\"@id\":\"https:\\\/\\\/ocoerente.com.br\\\/se\\\/2023\\\/03\\\/27\\\/minc-seleciona-artistas-e-produtores-culturais-para-evento-na-argentina-no-qual-o-brasil-este-ano-e-o-pais-convidado\\\/#primaryimage\"},\"thumbnailUrl\":\"https:\\\/\\\/ocoerente.com.br\\\/se\\\/wp-content\\\/uploads\\\/2023\\\/03\\\/minc-111.jpg\",\"datePublished\":\"2023-03-27T04:58:44+00:00\",\"dateModified\":\"2023-03-27T04:58:45+00:00\",\"breadcrumb\":{\"@id\":\"https:\\\/\\\/ocoerente.com.br\\\/se\\\/2023\\\/03\\\/27\\\/minc-seleciona-artistas-e-produtores-culturais-para-evento-na-argentina-no-qual-o-brasil-este-ano-e-o-pais-convidado\\\/#breadcrumb\"},\"inLanguage\":\"pt-BR\",\"potentialAction\":[{\"@type\":\"ReadAction\",\"target\":[\"https:\\\/\\\/ocoerente.com.br\\\/se\\\/2023\\\/03\\\/27\\\/minc-seleciona-artistas-e-produtores-culturais-para-evento-na-argentina-no-qual-o-brasil-este-ano-e-o-pais-convidado\\\/\"]}]},{\"@type\":\"ImageObject\",\"inLanguage\":\"pt-BR\",\"@id\":\"https:\\\/\\\/ocoerente.com.br\\\/se\\\/2023\\\/03\\\/27\\\/minc-seleciona-artistas-e-produtores-culturais-para-evento-na-argentina-no-qual-o-brasil-este-ano-e-o-pais-convidado\\\/#primaryimage\",\"url\":\"https:\\\/\\\/ocoerente.com.br\\\/se\\\/wp-content\\\/uploads\\\/2023\\\/03\\\/minc-111.jpg\",\"contentUrl\":\"https:\\\/\\\/ocoerente.com.br\\\/se\\\/wp-content\\\/uploads\\\/2023\\\/03\\\/minc-111.jpg\",\"width\":768,\"height\":312},{\"@type\":\"BreadcrumbList\",\"@id\":\"https:\\\/\\\/ocoerente.com.br\\\/se\\\/2023\\\/03\\\/27\\\/minc-seleciona-artistas-e-produtores-culturais-para-evento-na-argentina-no-qual-o-brasil-este-ano-e-o-pais-convidado\\\/#breadcrumb\",\"itemListElement\":[{\"@type\":\"ListItem\",\"position\":1,\"name\":\"In\u00edcio\",\"item\":\"https:\\\/\\\/ocoerente.com.br\\\/se\\\/\"},{\"@type\":\"ListItem\",\"position\":2,\"name\":\"MinC seleciona artistas e produtores culturais para evento na Argentina no qual o Brasil, este ano, \u00e9 o pa\u00eds-convidado\"}]},{\"@type\":\"WebSite\",\"@id\":\"https:\\\/\\\/ocoerente.com.br\\\/se\\\/#website\",\"url\":\"https:\\\/\\\/ocoerente.com.br\\\/se\\\/\",\"name\":\"O Coerente\",\"description\":\"\",\"publisher\":{\"@id\":\"https:\\\/\\\/ocoerente.com.br\\\/se\\\/#\\\/schema\\\/person\\\/cc6bfd9fbca465e23543b0c963d8d037\"},\"potentialAction\":[{\"@type\":\"SearchAction\",\"target\":{\"@type\":\"EntryPoint\",\"urlTemplate\":\"https:\\\/\\\/ocoerente.com.br\\\/se\\\/?s={search_term_string}\"},\"query-input\":{\"@type\":\"PropertyValueSpecification\",\"valueRequired\":true,\"valueName\":\"search_term_string\"}}],\"inLanguage\":\"pt-BR\"},{\"@type\":[\"Person\",\"Organization\"],\"@id\":\"https:\\\/\\\/ocoerente.com.br\\\/se\\\/#\\\/schema\\\/person\\\/cc6bfd9fbca465e23543b0c963d8d037\",\"name\":\"Reda\u00e7\u00e3o\",\"image\":{\"@type\":\"ImageObject\",\"inLanguage\":\"pt-BR\",\"@id\":\"https:\\\/\\\/ocoerente.com.br\\\/se\\\/wp-content\\\/uploads\\\/2020\\\/01\\\/ocoerente-1.png\",\"url\":\"https:\\\/\\\/ocoerente.com.br\\\/se\\\/wp-content\\\/uploads\\\/2020\\\/01\\\/ocoerente-1.png\",\"contentUrl\":\"https:\\\/\\\/ocoerente.com.br\\\/se\\\/wp-content\\\/uploads\\\/2020\\\/01\\\/ocoerente-1.png\",\"width\":50,\"height\":50,\"caption\":\"Reda\u00e7\u00e3o\"},\"logo\":{\"@id\":\"https:\\\/\\\/ocoerente.com.br\\\/se\\\/wp-content\\\/uploads\\\/2020\\\/01\\\/ocoerente-1.png\"},\"url\":\"https:\\\/\\\/ocoerente.com.br\\\/se\\\/author\\\/vasticlsales\\\/\"}]}<\/script>\n<!-- \/ Yoast SEO plugin. -->","yoast_head_json":{"title":"MinC seleciona artistas e produtores culturais para evento na Argentina no qual o Brasil, este ano, \u00e9 o pa\u00eds-convidado - O Coerente","robots":{"index":"index","follow":"follow","max-snippet":"max-snippet:-1","max-image-preview":"max-image-preview:large","max-video-preview":"max-video-preview:-1"},"canonical":"https:\/\/ocoerente.com.br\/se\/2023\/03\/27\/minc-seleciona-artistas-e-produtores-culturais-para-evento-na-argentina-no-qual-o-brasil-este-ano-e-o-pais-convidado\/","og_locale":"pt_BR","og_type":"article","og_title":"MinC seleciona artistas e produtores culturais para evento na Argentina no qual o Brasil, este ano, \u00e9 o pa\u00eds-convidado - O Coerente","og_description":"Chamada p\u00fablica para o Mercado de Ind\u00fastrias Culturais Argentinas (MICA) vai at\u00e9 31 de mar\u00e7o Minist\u00e9rio da Cultura (MinC) lan\u00e7ou nesta quinta-feira (2) o primeiro edital exclusivo da atual gest\u00e3o. A proposta selecionar\u00e1 90 empreendedores culturais de nove setores&nbsp;\u2014&nbsp;audiovisual, circo, dan\u00e7a, teatro, design, editorial, hip hop, m\u00fasica e games&nbsp;\u2014&nbsp;para participarem das rodadas de neg\u00f3cios e [&hellip;]","og_url":"https:\/\/ocoerente.com.br\/se\/2023\/03\/27\/minc-seleciona-artistas-e-produtores-culturais-para-evento-na-argentina-no-qual-o-brasil-este-ano-e-o-pais-convidado\/","og_site_name":"O Coerente","article_published_time":"2023-03-27T04:58:44+00:00","article_modified_time":"2023-03-27T04:58:45+00:00","og_image":[{"width":768,"height":312,"url":"https:\/\/ocoerente.com.br\/se\/wp-content\/uploads\/2023\/03\/minc-111.jpg","type":"image\/jpeg"}],"author":"Reda\u00e7\u00e3o","twitter_card":"summary_large_image","twitter_misc":{"Escrito por":"Reda\u00e7\u00e3o","Est. tempo de leitura":"3 minutos"},"schema":{"@context":"https:\/\/schema.org","@graph":[{"@type":"Article","@id":"https:\/\/ocoerente.com.br\/se\/2023\/03\/27\/minc-seleciona-artistas-e-produtores-culturais-para-evento-na-argentina-no-qual-o-brasil-este-ano-e-o-pais-convidado\/#article","isPartOf":{"@id":"https:\/\/ocoerente.com.br\/se\/2023\/03\/27\/minc-seleciona-artistas-e-produtores-culturais-para-evento-na-argentina-no-qual-o-brasil-este-ano-e-o-pais-convidado\/"},"author":{"name":"Reda\u00e7\u00e3o","@id":"https:\/\/ocoerente.com.br\/se\/#\/schema\/person\/cc6bfd9fbca465e23543b0c963d8d037"},"headline":"MinC seleciona artistas e produtores culturais para evento na Argentina no qual o Brasil, este ano, \u00e9 o pa\u00eds-convidado","datePublished":"2023-03-27T04:58:44+00:00","dateModified":"2023-03-27T04:58:45+00:00","mainEntityOfPage":{"@id":"https:\/\/ocoerente.com.br\/se\/2023\/03\/27\/minc-seleciona-artistas-e-produtores-culturais-para-evento-na-argentina-no-qual-o-brasil-este-ano-e-o-pais-convidado\/"},"wordCount":593,"publisher":{"@id":"https:\/\/ocoerente.com.br\/se\/#\/schema\/person\/cc6bfd9fbca465e23543b0c963d8d037"},"image":{"@id":"https:\/\/ocoerente.com.br\/se\/2023\/03\/27\/minc-seleciona-artistas-e-produtores-culturais-para-evento-na-argentina-no-qual-o-brasil-este-ano-e-o-pais-convidado\/#primaryimage"},"thumbnailUrl":"https:\/\/ocoerente.com.br\/se\/wp-content\/uploads\/2023\/03\/minc-111.jpg","articleSection":["Brasil","Destaques"],"inLanguage":"pt-BR"},{"@type":"WebPage","@id":"https:\/\/ocoerente.com.br\/se\/2023\/03\/27\/minc-seleciona-artistas-e-produtores-culturais-para-evento-na-argentina-no-qual-o-brasil-este-ano-e-o-pais-convidado\/","url":"https:\/\/ocoerente.com.br\/se\/2023\/03\/27\/minc-seleciona-artistas-e-produtores-culturais-para-evento-na-argentina-no-qual-o-brasil-este-ano-e-o-pais-convidado\/","name":"MinC seleciona artistas e produtores culturais para evento na Argentina no qual o Brasil, este ano, \u00e9 o pa\u00eds-convidado - O Coerente","isPartOf":{"@id":"https:\/\/ocoerente.com.br\/se\/#website"},"primaryImageOfPage":{"@id":"https:\/\/ocoerente.com.br\/se\/2023\/03\/27\/minc-seleciona-artistas-e-produtores-culturais-para-evento-na-argentina-no-qual-o-brasil-este-ano-e-o-pais-convidado\/#primaryimage"},"image":{"@id":"https:\/\/ocoerente.com.br\/se\/2023\/03\/27\/minc-seleciona-artistas-e-produtores-culturais-para-evento-na-argentina-no-qual-o-brasil-este-ano-e-o-pais-convidado\/#primaryimage"},"thumbnailUrl":"https:\/\/ocoerente.com.br\/se\/wp-content\/uploads\/2023\/03\/minc-111.jpg","datePublished":"2023-03-27T04:58:44+00:00","dateModified":"2023-03-27T04:58:45+00:00","breadcrumb":{"@id":"https:\/\/ocoerente.com.br\/se\/2023\/03\/27\/minc-seleciona-artistas-e-produtores-culturais-para-evento-na-argentina-no-qual-o-brasil-este-ano-e-o-pais-convidado\/#breadcrumb"},"inLanguage":"pt-BR","potentialAction":[{"@type":"ReadAction","target":["https:\/\/ocoerente.com.br\/se\/2023\/03\/27\/minc-seleciona-artistas-e-produtores-culturais-para-evento-na-argentina-no-qual-o-brasil-este-ano-e-o-pais-convidado\/"]}]},{"@type":"ImageObject","inLanguage":"pt-BR","@id":"https:\/\/ocoerente.com.br\/se\/2023\/03\/27\/minc-seleciona-artistas-e-produtores-culturais-para-evento-na-argentina-no-qual-o-brasil-este-ano-e-o-pais-convidado\/#primaryimage","url":"https:\/\/ocoerente.com.br\/se\/wp-content\/uploads\/2023\/03\/minc-111.jpg","contentUrl":"https:\/\/ocoerente.com.br\/se\/wp-content\/uploads\/2023\/03\/minc-111.jpg","width":768,"height":312},{"@type":"BreadcrumbList","@id":"https:\/\/ocoerente.com.br\/se\/2023\/03\/27\/minc-seleciona-artistas-e-produtores-culturais-para-evento-na-argentina-no-qual-o-brasil-este-ano-e-o-pais-convidado\/#breadcrumb","itemListElement":[{"@type":"ListItem","position":1,"name":"In\u00edcio","item":"https:\/\/ocoerente.com.br\/se\/"},{"@type":"ListItem","position":2,"name":"MinC seleciona artistas e produtores culturais para evento na Argentina no qual o Brasil, este ano, \u00e9 o pa\u00eds-convidado"}]},{"@type":"WebSite","@id":"https:\/\/ocoerente.com.br\/se\/#website","url":"https:\/\/ocoerente.com.br\/se\/","name":"O Coerente","description":"","publisher":{"@id":"https:\/\/ocoerente.com.br\/se\/#\/schema\/person\/cc6bfd9fbca465e23543b0c963d8d037"},"potentialAction":[{"@type":"SearchAction","target":{"@type":"EntryPoint","urlTemplate":"https:\/\/ocoerente.com.br\/se\/?s={search_term_string}"},"query-input":{"@type":"PropertyValueSpecification","valueRequired":true,"valueName":"search_term_string"}}],"inLanguage":"pt-BR"},{"@type":["Person","Organization"],"@id":"https:\/\/ocoerente.com.br\/se\/#\/schema\/person\/cc6bfd9fbca465e23543b0c963d8d037","name":"Reda\u00e7\u00e3o","image":{"@type":"ImageObject","inLanguage":"pt-BR","@id":"https:\/\/ocoerente.com.br\/se\/wp-content\/uploads\/2020\/01\/ocoerente-1.png","url":"https:\/\/ocoerente.com.br\/se\/wp-content\/uploads\/2020\/01\/ocoerente-1.png","contentUrl":"https:\/\/ocoerente.com.br\/se\/wp-content\/uploads\/2020\/01\/ocoerente-1.png","width":50,"height":50,"caption":"Reda\u00e7\u00e3o"},"logo":{"@id":"https:\/\/ocoerente.com.br\/se\/wp-content\/uploads\/2020\/01\/ocoerente-1.png"},"url":"https:\/\/ocoerente.com.br\/se\/author\/vasticlsales\/"}]}},"_links":{"self":[{"href":"https:\/\/ocoerente.com.br\/se\/wp-json\/wp\/v2\/posts\/7580","targetHints":{"allow":["GET"]}}],"collection":[{"href":"https:\/\/ocoerente.com.br\/se\/wp-json\/wp\/v2\/posts"}],"about":[{"href":"https:\/\/ocoerente.com.br\/se\/wp-json\/wp\/v2\/types\/post"}],"author":[{"embeddable":true,"href":"https:\/\/ocoerente.com.br\/se\/wp-json\/wp\/v2\/users\/1"}],"replies":[{"embeddable":true,"href":"https:\/\/ocoerente.com.br\/se\/wp-json\/wp\/v2\/comments?post=7580"}],"version-history":[{"count":1,"href":"https:\/\/ocoerente.com.br\/se\/wp-json\/wp\/v2\/posts\/7580\/revisions"}],"predecessor-version":[{"id":7582,"href":"https:\/\/ocoerente.com.br\/se\/wp-json\/wp\/v2\/posts\/7580\/revisions\/7582"}],"wp:featuredmedia":[{"embeddable":true,"href":"https:\/\/ocoerente.com.br\/se\/wp-json\/wp\/v2\/media\/7581"}],"wp:attachment":[{"href":"https:\/\/ocoerente.com.br\/se\/wp-json\/wp\/v2\/media?parent=7580"}],"wp:term":[{"taxonomy":"category","embeddable":true,"href":"https:\/\/ocoerente.com.br\/se\/wp-json\/wp\/v2\/categories?post=7580"},{"taxonomy":"post_tag","embeddable":true,"href":"https:\/\/ocoerente.com.br\/se\/wp-json\/wp\/v2\/tags?post=7580"}],"curies":[{"name":"wp","href":"https:\/\/api.w.org\/{rel}","templated":true}]}}