{"id":7567,"date":"2023-03-24T02:07:50","date_gmt":"2023-03-24T05:07:50","guid":{"rendered":"https:\/\/ocoerente.com.br\/se\/?p=7567"},"modified":"2023-03-24T02:07:51","modified_gmt":"2023-03-24T05:07:51","slug":"laercio-oliveira-apoia-proposta-do-pronampe-com-exigencia-de-manutencao-de-empregos","status":"publish","type":"post","link":"https:\/\/ocoerente.com.br\/se\/2023\/03\/24\/laercio-oliveira-apoia-proposta-do-pronampe-com-exigencia-de-manutencao-de-empregos\/","title":{"rendered":"La\u00e9rcio Oliveira apoia proposta do Pronampe com exig\u00eancia de manuten\u00e7\u00e3o de empregos"},"content":{"rendered":"\n<p>Com o voto favor\u00e1vel do senador La\u00e9rcio Oliveira (PP-SE), o Plen\u00e1rio aprovou a Medida Provis\u00f3ria&nbsp;<a href=\"https:\/\/www.congressonacional.leg.br\/materias\/medidas-provisorias\/-\/mpv\/154988\" target=\"_blank\" rel=\"noreferrer noopener\">1.139\/2022<\/a>, que aumentou de 48 para 72 meses o prazo m\u00e1ximo de pagamento dos empr\u00e9stimos do Programa Nacional de Apoio \u00e0s Microempresas e Empresas de Pequeno Porte (Pronampe). Durante a vota\u00e7\u00e3o, La\u00e9rcio elogiou o trabalho da relatora, Zenaide Maia (PSD-RN), e argumentou que as novas regras ajudam a manter os empregos e o funcionamento das empresas. O senador sergipano lembrou que o texto estabelece que as empresas que contratarem novos empr\u00e9stimos ou prorrogarem os contratos em vigor ter\u00e3o que assumir o compromisso de n\u00e3o diminuir o n\u00famero de empregados at\u00e9 quitar o financiamento.<\/p>\n\n\n\n<p>\u201cEssa medida traz de volta a esperan\u00e7a para as micro e pequenas empresas que queiram aproveitar este bom momento ap\u00f3s a pandemia para reinvestir em seus neg\u00f3cios, promover o desenvolvimento e a gera\u00e7\u00e3o de empregos\u201d, disse La\u00e9rcio.<\/p>\n\n\n\n<p>O senador tamb\u00e9m explicou que o Pronampe foi criado para ajudar os pequenos negociantes a enfrentar as consequ\u00eancias da pandemia da Covid-19, em especial a queda de receita e a falta de acesso a cr\u00e9dito. E defendeu que a proposta aprovada tem uma grande repercuss\u00e3o na economia.<\/p>\n\n\n\n<p>\u201cEstes empres\u00e1rios enfrentavam grandes dificuldades e precisavam de recursos. Cada um de n\u00f3s, senadoras e senadores, precisa ter a dimens\u00e3o exata do que isso representa para o setor produtivo nacional, que gera riqueza e renda\u201d, justificou.&nbsp;<\/p>\n\n\n\n<p>Segundo a Associa\u00e7\u00e3o Brasileira de Desenvolvimento (ABDE), mais de 1 milh\u00e3o de micro e pequenas empresas j\u00e1 foram beneficiadas pelo Programa. O dinheiro pode ser usado a compra de equipamentos e mercadorias, a realiza\u00e7\u00e3o de reformas e o pagamento de sal\u00e1rios dos funcion\u00e1rios e de contas. \u00c9 proibido o uso destes empr\u00e9stimos visando a distribui\u00e7\u00e3o de lucros.<\/p>\n\n\n\n<h3 class=\"wp-block-heading\"><strong>Acesso ao cr\u00e9dito mais barato<\/strong><\/h3>\n\n\n\n<p>O projeto aprovado pelo Congresso ainda torna permanente o Programa Emergencial de Acesso ao Cr\u00e9dito na modalidade garantia (Peac-FGI), cuja vig\u00eancia acabaria em 31 de dezembro de 2023. Ainda pelo Peac-FGI, o prazo de pagamento dos empr\u00e9stimos passa de cinco para seis anos. O texto reabre, por mais um ano, o prazo para empresas pedirem a renegocia\u00e7\u00e3o de empr\u00e9stimos tomados com recursos dos fundos constitucionais do Norte (FNO), do Nordeste (FNE) e do Centro Oeste (FCO).<\/p>\n\n\n\n<p>A proposta que segue agora para san\u00e7\u00e3o presidencial tamb\u00e9m altera a taxa de remunera\u00e7\u00e3o do Fundo Nacional de Desenvolvimento Cient\u00edfico e Tecnol\u00f3gico (FNDCT). O texto prev\u00ea a volta da Taxa Referencial (TR) na remunera\u00e7\u00e3o de recursos do fundo usados pela Financiadora de Estudos e Projetos (Finep). A TR, que acumulou 1,78% nos \u00faltimos 12 meses, ser\u00e1 usada para remunerar tanto os empr\u00e9stimos reembols\u00e1veis quanto os n\u00e3o reembols\u00e1veis tocados pela Finep. Hoje \u00e9 usada a Taxa de Juros de Longo Prazo (TJLP), que est\u00e1 em 7,37% ao ano.&nbsp;<\/p>\n","protected":false},"excerpt":{"rendered":"<p>Com o voto favor\u00e1vel do senador La\u00e9rcio Oliveira (PP-SE), o Plen\u00e1rio aprovou a Medida Provis\u00f3ria&nbsp;1.139\/2022, que aumentou de 48 para 72 meses o prazo m\u00e1ximo de pagamento dos empr\u00e9stimos do Programa Nacional de Apoio \u00e0s Microempresas e Empresas de Pequeno Porte (Pronampe). Durante a vota\u00e7\u00e3o, La\u00e9rcio elogiou o trabalho da relatora, Zenaide Maia (PSD-RN), e [&hellip;]<\/p>\n","protected":false},"author":1,"featured_media":7568,"comment_status":"closed","ping_status":"closed","sticky":false,"template":"","format":"standard","meta":{"footnotes":""},"categories":[48,53],"tags":[],"class_list":["post-7567","post","type-post","status-publish","format-standard","has-post-thumbnail","hentry","category-brasil","category-destaques"],"yoast_head":"<!-- This site is optimized with the Yoast SEO plugin v27.4 - https:\/\/yoast.com\/product\/yoast-seo-wordpress\/ -->\n<title>La\u00e9rcio Oliveira apoia proposta do Pronampe com exig\u00eancia de manuten\u00e7\u00e3o de empregos - O Coerente<\/title>\n<meta name=\"robots\" content=\"index, follow, max-snippet:-1, max-image-preview:large, max-video-preview:-1\" \/>\n<link rel=\"canonical\" href=\"https:\/\/ocoerente.com.br\/se\/2023\/03\/24\/laercio-oliveira-apoia-proposta-do-pronampe-com-exigencia-de-manutencao-de-empregos\/\" \/>\n<meta property=\"og:locale\" content=\"pt_BR\" \/>\n<meta property=\"og:type\" content=\"article\" \/>\n<meta property=\"og:title\" content=\"La\u00e9rcio Oliveira apoia proposta do Pronampe com exig\u00eancia de manuten\u00e7\u00e3o de empregos - O Coerente\" \/>\n<meta property=\"og:description\" content=\"Com o voto favor\u00e1vel do senador La\u00e9rcio Oliveira (PP-SE), o Plen\u00e1rio aprovou a Medida Provis\u00f3ria&nbsp;1.139\/2022, que aumentou de 48 para 72 meses o prazo m\u00e1ximo de pagamento dos empr\u00e9stimos do Programa Nacional de Apoio \u00e0s Microempresas e Empresas de Pequeno Porte (Pronampe). Durante a vota\u00e7\u00e3o, La\u00e9rcio elogiou o trabalho da relatora, Zenaide Maia (PSD-RN), e [&hellip;]\" \/>\n<meta property=\"og:url\" content=\"https:\/\/ocoerente.com.br\/se\/2023\/03\/24\/laercio-oliveira-apoia-proposta-do-pronampe-com-exigencia-de-manutencao-de-empregos\/\" \/>\n<meta property=\"og:site_name\" content=\"O Coerente\" \/>\n<meta property=\"article:published_time\" content=\"2023-03-24T05:07:50+00:00\" \/>\n<meta property=\"article:modified_time\" content=\"2023-03-24T05:07:51+00:00\" \/>\n<meta property=\"og:image\" content=\"https:\/\/ocoerente.com.br\/se\/wp-content\/uploads\/2023\/03\/Laercio-Foto-Plenario.jpg\" \/>\n\t<meta property=\"og:image:width\" content=\"640\" \/>\n\t<meta property=\"og:image:height\" content=\"427\" \/>\n\t<meta property=\"og:image:type\" content=\"image\/jpeg\" \/>\n<meta name=\"author\" content=\"Reda\u00e7\u00e3o\" \/>\n<meta name=\"twitter:card\" content=\"summary_large_image\" \/>\n<meta name=\"twitter:label1\" content=\"Escrito por\" \/>\n\t<meta name=\"twitter:data1\" content=\"Reda\u00e7\u00e3o\" \/>\n\t<meta name=\"twitter:label2\" content=\"Est. tempo de leitura\" \/>\n\t<meta name=\"twitter:data2\" content=\"3 minutos\" \/>\n<script type=\"application\/ld+json\" class=\"yoast-schema-graph\">{\"@context\":\"https:\\\/\\\/schema.org\",\"@graph\":[{\"@type\":\"Article\",\"@id\":\"https:\\\/\\\/ocoerente.com.br\\\/se\\\/2023\\\/03\\\/24\\\/laercio-oliveira-apoia-proposta-do-pronampe-com-exigencia-de-manutencao-de-empregos\\\/#article\",\"isPartOf\":{\"@id\":\"https:\\\/\\\/ocoerente.com.br\\\/se\\\/2023\\\/03\\\/24\\\/laercio-oliveira-apoia-proposta-do-pronampe-com-exigencia-de-manutencao-de-empregos\\\/\"},\"author\":{\"name\":\"Reda\u00e7\u00e3o\",\"@id\":\"https:\\\/\\\/ocoerente.com.br\\\/se\\\/#\\\/schema\\\/person\\\/cc6bfd9fbca465e23543b0c963d8d037\"},\"headline\":\"La\u00e9rcio Oliveira apoia proposta do Pronampe com exig\u00eancia de manuten\u00e7\u00e3o de empregos\",\"datePublished\":\"2023-03-24T05:07:50+00:00\",\"dateModified\":\"2023-03-24T05:07:51+00:00\",\"mainEntityOfPage\":{\"@id\":\"https:\\\/\\\/ocoerente.com.br\\\/se\\\/2023\\\/03\\\/24\\\/laercio-oliveira-apoia-proposta-do-pronampe-com-exigencia-de-manutencao-de-empregos\\\/\"},\"wordCount\":507,\"publisher\":{\"@id\":\"https:\\\/\\\/ocoerente.com.br\\\/se\\\/#\\\/schema\\\/person\\\/cc6bfd9fbca465e23543b0c963d8d037\"},\"image\":{\"@id\":\"https:\\\/\\\/ocoerente.com.br\\\/se\\\/2023\\\/03\\\/24\\\/laercio-oliveira-apoia-proposta-do-pronampe-com-exigencia-de-manutencao-de-empregos\\\/#primaryimage\"},\"thumbnailUrl\":\"https:\\\/\\\/ocoerente.com.br\\\/se\\\/wp-content\\\/uploads\\\/2023\\\/03\\\/Laercio-Foto-Plenario.jpg\",\"articleSection\":[\"Brasil\",\"Destaques\"],\"inLanguage\":\"pt-BR\"},{\"@type\":\"WebPage\",\"@id\":\"https:\\\/\\\/ocoerente.com.br\\\/se\\\/2023\\\/03\\\/24\\\/laercio-oliveira-apoia-proposta-do-pronampe-com-exigencia-de-manutencao-de-empregos\\\/\",\"url\":\"https:\\\/\\\/ocoerente.com.br\\\/se\\\/2023\\\/03\\\/24\\\/laercio-oliveira-apoia-proposta-do-pronampe-com-exigencia-de-manutencao-de-empregos\\\/\",\"name\":\"La\u00e9rcio Oliveira apoia proposta do Pronampe com exig\u00eancia de manuten\u00e7\u00e3o de empregos - O Coerente\",\"isPartOf\":{\"@id\":\"https:\\\/\\\/ocoerente.com.br\\\/se\\\/#website\"},\"primaryImageOfPage\":{\"@id\":\"https:\\\/\\\/ocoerente.com.br\\\/se\\\/2023\\\/03\\\/24\\\/laercio-oliveira-apoia-proposta-do-pronampe-com-exigencia-de-manutencao-de-empregos\\\/#primaryimage\"},\"image\":{\"@id\":\"https:\\\/\\\/ocoerente.com.br\\\/se\\\/2023\\\/03\\\/24\\\/laercio-oliveira-apoia-proposta-do-pronampe-com-exigencia-de-manutencao-de-empregos\\\/#primaryimage\"},\"thumbnailUrl\":\"https:\\\/\\\/ocoerente.com.br\\\/se\\\/wp-content\\\/uploads\\\/2023\\\/03\\\/Laercio-Foto-Plenario.jpg\",\"datePublished\":\"2023-03-24T05:07:50+00:00\",\"dateModified\":\"2023-03-24T05:07:51+00:00\",\"breadcrumb\":{\"@id\":\"https:\\\/\\\/ocoerente.com.br\\\/se\\\/2023\\\/03\\\/24\\\/laercio-oliveira-apoia-proposta-do-pronampe-com-exigencia-de-manutencao-de-empregos\\\/#breadcrumb\"},\"inLanguage\":\"pt-BR\",\"potentialAction\":[{\"@type\":\"ReadAction\",\"target\":[\"https:\\\/\\\/ocoerente.com.br\\\/se\\\/2023\\\/03\\\/24\\\/laercio-oliveira-apoia-proposta-do-pronampe-com-exigencia-de-manutencao-de-empregos\\\/\"]}]},{\"@type\":\"ImageObject\",\"inLanguage\":\"pt-BR\",\"@id\":\"https:\\\/\\\/ocoerente.com.br\\\/se\\\/2023\\\/03\\\/24\\\/laercio-oliveira-apoia-proposta-do-pronampe-com-exigencia-de-manutencao-de-empregos\\\/#primaryimage\",\"url\":\"https:\\\/\\\/ocoerente.com.br\\\/se\\\/wp-content\\\/uploads\\\/2023\\\/03\\\/Laercio-Foto-Plenario.jpg\",\"contentUrl\":\"https:\\\/\\\/ocoerente.com.br\\\/se\\\/wp-content\\\/uploads\\\/2023\\\/03\\\/Laercio-Foto-Plenario.jpg\",\"width\":640,\"height\":427},{\"@type\":\"BreadcrumbList\",\"@id\":\"https:\\\/\\\/ocoerente.com.br\\\/se\\\/2023\\\/03\\\/24\\\/laercio-oliveira-apoia-proposta-do-pronampe-com-exigencia-de-manutencao-de-empregos\\\/#breadcrumb\",\"itemListElement\":[{\"@type\":\"ListItem\",\"position\":1,\"name\":\"In\u00edcio\",\"item\":\"https:\\\/\\\/ocoerente.com.br\\\/se\\\/\"},{\"@type\":\"ListItem\",\"position\":2,\"name\":\"La\u00e9rcio Oliveira apoia proposta do Pronampe com exig\u00eancia de manuten\u00e7\u00e3o de empregos\"}]},{\"@type\":\"WebSite\",\"@id\":\"https:\\\/\\\/ocoerente.com.br\\\/se\\\/#website\",\"url\":\"https:\\\/\\\/ocoerente.com.br\\\/se\\\/\",\"name\":\"O Coerente\",\"description\":\"\",\"publisher\":{\"@id\":\"https:\\\/\\\/ocoerente.com.br\\\/se\\\/#\\\/schema\\\/person\\\/cc6bfd9fbca465e23543b0c963d8d037\"},\"potentialAction\":[{\"@type\":\"SearchAction\",\"target\":{\"@type\":\"EntryPoint\",\"urlTemplate\":\"https:\\\/\\\/ocoerente.com.br\\\/se\\\/?s={search_term_string}\"},\"query-input\":{\"@type\":\"PropertyValueSpecification\",\"valueRequired\":true,\"valueName\":\"search_term_string\"}}],\"inLanguage\":\"pt-BR\"},{\"@type\":[\"Person\",\"Organization\"],\"@id\":\"https:\\\/\\\/ocoerente.com.br\\\/se\\\/#\\\/schema\\\/person\\\/cc6bfd9fbca465e23543b0c963d8d037\",\"name\":\"Reda\u00e7\u00e3o\",\"image\":{\"@type\":\"ImageObject\",\"inLanguage\":\"pt-BR\",\"@id\":\"https:\\\/\\\/ocoerente.com.br\\\/se\\\/wp-content\\\/uploads\\\/2020\\\/01\\\/ocoerente-1.png\",\"url\":\"https:\\\/\\\/ocoerente.com.br\\\/se\\\/wp-content\\\/uploads\\\/2020\\\/01\\\/ocoerente-1.png\",\"contentUrl\":\"https:\\\/\\\/ocoerente.com.br\\\/se\\\/wp-content\\\/uploads\\\/2020\\\/01\\\/ocoerente-1.png\",\"width\":50,\"height\":50,\"caption\":\"Reda\u00e7\u00e3o\"},\"logo\":{\"@id\":\"https:\\\/\\\/ocoerente.com.br\\\/se\\\/wp-content\\\/uploads\\\/2020\\\/01\\\/ocoerente-1.png\"},\"url\":\"https:\\\/\\\/ocoerente.com.br\\\/se\\\/author\\\/vasticlsales\\\/\"}]}<\/script>\n<!-- \/ Yoast SEO plugin. -->","yoast_head_json":{"title":"La\u00e9rcio Oliveira apoia proposta do Pronampe com exig\u00eancia de manuten\u00e7\u00e3o de empregos - O Coerente","robots":{"index":"index","follow":"follow","max-snippet":"max-snippet:-1","max-image-preview":"max-image-preview:large","max-video-preview":"max-video-preview:-1"},"canonical":"https:\/\/ocoerente.com.br\/se\/2023\/03\/24\/laercio-oliveira-apoia-proposta-do-pronampe-com-exigencia-de-manutencao-de-empregos\/","og_locale":"pt_BR","og_type":"article","og_title":"La\u00e9rcio Oliveira apoia proposta do Pronampe com exig\u00eancia de manuten\u00e7\u00e3o de empregos - O Coerente","og_description":"Com o voto favor\u00e1vel do senador La\u00e9rcio Oliveira (PP-SE), o Plen\u00e1rio aprovou a Medida Provis\u00f3ria&nbsp;1.139\/2022, que aumentou de 48 para 72 meses o prazo m\u00e1ximo de pagamento dos empr\u00e9stimos do Programa Nacional de Apoio \u00e0s Microempresas e Empresas de Pequeno Porte (Pronampe). Durante a vota\u00e7\u00e3o, La\u00e9rcio elogiou o trabalho da relatora, Zenaide Maia (PSD-RN), e [&hellip;]","og_url":"https:\/\/ocoerente.com.br\/se\/2023\/03\/24\/laercio-oliveira-apoia-proposta-do-pronampe-com-exigencia-de-manutencao-de-empregos\/","og_site_name":"O Coerente","article_published_time":"2023-03-24T05:07:50+00:00","article_modified_time":"2023-03-24T05:07:51+00:00","og_image":[{"width":640,"height":427,"url":"https:\/\/ocoerente.com.br\/se\/wp-content\/uploads\/2023\/03\/Laercio-Foto-Plenario.jpg","type":"image\/jpeg"}],"author":"Reda\u00e7\u00e3o","twitter_card":"summary_large_image","twitter_misc":{"Escrito por":"Reda\u00e7\u00e3o","Est. tempo de leitura":"3 minutos"},"schema":{"@context":"https:\/\/schema.org","@graph":[{"@type":"Article","@id":"https:\/\/ocoerente.com.br\/se\/2023\/03\/24\/laercio-oliveira-apoia-proposta-do-pronampe-com-exigencia-de-manutencao-de-empregos\/#article","isPartOf":{"@id":"https:\/\/ocoerente.com.br\/se\/2023\/03\/24\/laercio-oliveira-apoia-proposta-do-pronampe-com-exigencia-de-manutencao-de-empregos\/"},"author":{"name":"Reda\u00e7\u00e3o","@id":"https:\/\/ocoerente.com.br\/se\/#\/schema\/person\/cc6bfd9fbca465e23543b0c963d8d037"},"headline":"La\u00e9rcio Oliveira apoia proposta do Pronampe com exig\u00eancia de manuten\u00e7\u00e3o de empregos","datePublished":"2023-03-24T05:07:50+00:00","dateModified":"2023-03-24T05:07:51+00:00","mainEntityOfPage":{"@id":"https:\/\/ocoerente.com.br\/se\/2023\/03\/24\/laercio-oliveira-apoia-proposta-do-pronampe-com-exigencia-de-manutencao-de-empregos\/"},"wordCount":507,"publisher":{"@id":"https:\/\/ocoerente.com.br\/se\/#\/schema\/person\/cc6bfd9fbca465e23543b0c963d8d037"},"image":{"@id":"https:\/\/ocoerente.com.br\/se\/2023\/03\/24\/laercio-oliveira-apoia-proposta-do-pronampe-com-exigencia-de-manutencao-de-empregos\/#primaryimage"},"thumbnailUrl":"https:\/\/ocoerente.com.br\/se\/wp-content\/uploads\/2023\/03\/Laercio-Foto-Plenario.jpg","articleSection":["Brasil","Destaques"],"inLanguage":"pt-BR"},{"@type":"WebPage","@id":"https:\/\/ocoerente.com.br\/se\/2023\/03\/24\/laercio-oliveira-apoia-proposta-do-pronampe-com-exigencia-de-manutencao-de-empregos\/","url":"https:\/\/ocoerente.com.br\/se\/2023\/03\/24\/laercio-oliveira-apoia-proposta-do-pronampe-com-exigencia-de-manutencao-de-empregos\/","name":"La\u00e9rcio Oliveira apoia proposta do Pronampe com exig\u00eancia de manuten\u00e7\u00e3o de empregos - O Coerente","isPartOf":{"@id":"https:\/\/ocoerente.com.br\/se\/#website"},"primaryImageOfPage":{"@id":"https:\/\/ocoerente.com.br\/se\/2023\/03\/24\/laercio-oliveira-apoia-proposta-do-pronampe-com-exigencia-de-manutencao-de-empregos\/#primaryimage"},"image":{"@id":"https:\/\/ocoerente.com.br\/se\/2023\/03\/24\/laercio-oliveira-apoia-proposta-do-pronampe-com-exigencia-de-manutencao-de-empregos\/#primaryimage"},"thumbnailUrl":"https:\/\/ocoerente.com.br\/se\/wp-content\/uploads\/2023\/03\/Laercio-Foto-Plenario.jpg","datePublished":"2023-03-24T05:07:50+00:00","dateModified":"2023-03-24T05:07:51+00:00","breadcrumb":{"@id":"https:\/\/ocoerente.com.br\/se\/2023\/03\/24\/laercio-oliveira-apoia-proposta-do-pronampe-com-exigencia-de-manutencao-de-empregos\/#breadcrumb"},"inLanguage":"pt-BR","potentialAction":[{"@type":"ReadAction","target":["https:\/\/ocoerente.com.br\/se\/2023\/03\/24\/laercio-oliveira-apoia-proposta-do-pronampe-com-exigencia-de-manutencao-de-empregos\/"]}]},{"@type":"ImageObject","inLanguage":"pt-BR","@id":"https:\/\/ocoerente.com.br\/se\/2023\/03\/24\/laercio-oliveira-apoia-proposta-do-pronampe-com-exigencia-de-manutencao-de-empregos\/#primaryimage","url":"https:\/\/ocoerente.com.br\/se\/wp-content\/uploads\/2023\/03\/Laercio-Foto-Plenario.jpg","contentUrl":"https:\/\/ocoerente.com.br\/se\/wp-content\/uploads\/2023\/03\/Laercio-Foto-Plenario.jpg","width":640,"height":427},{"@type":"BreadcrumbList","@id":"https:\/\/ocoerente.com.br\/se\/2023\/03\/24\/laercio-oliveira-apoia-proposta-do-pronampe-com-exigencia-de-manutencao-de-empregos\/#breadcrumb","itemListElement":[{"@type":"ListItem","position":1,"name":"In\u00edcio","item":"https:\/\/ocoerente.com.br\/se\/"},{"@type":"ListItem","position":2,"name":"La\u00e9rcio Oliveira apoia proposta do Pronampe com exig\u00eancia de manuten\u00e7\u00e3o de empregos"}]},{"@type":"WebSite","@id":"https:\/\/ocoerente.com.br\/se\/#website","url":"https:\/\/ocoerente.com.br\/se\/","name":"O Coerente","description":"","publisher":{"@id":"https:\/\/ocoerente.com.br\/se\/#\/schema\/person\/cc6bfd9fbca465e23543b0c963d8d037"},"potentialAction":[{"@type":"SearchAction","target":{"@type":"EntryPoint","urlTemplate":"https:\/\/ocoerente.com.br\/se\/?s={search_term_string}"},"query-input":{"@type":"PropertyValueSpecification","valueRequired":true,"valueName":"search_term_string"}}],"inLanguage":"pt-BR"},{"@type":["Person","Organization"],"@id":"https:\/\/ocoerente.com.br\/se\/#\/schema\/person\/cc6bfd9fbca465e23543b0c963d8d037","name":"Reda\u00e7\u00e3o","image":{"@type":"ImageObject","inLanguage":"pt-BR","@id":"https:\/\/ocoerente.com.br\/se\/wp-content\/uploads\/2020\/01\/ocoerente-1.png","url":"https:\/\/ocoerente.com.br\/se\/wp-content\/uploads\/2020\/01\/ocoerente-1.png","contentUrl":"https:\/\/ocoerente.com.br\/se\/wp-content\/uploads\/2020\/01\/ocoerente-1.png","width":50,"height":50,"caption":"Reda\u00e7\u00e3o"},"logo":{"@id":"https:\/\/ocoerente.com.br\/se\/wp-content\/uploads\/2020\/01\/ocoerente-1.png"},"url":"https:\/\/ocoerente.com.br\/se\/author\/vasticlsales\/"}]}},"_links":{"self":[{"href":"https:\/\/ocoerente.com.br\/se\/wp-json\/wp\/v2\/posts\/7567","targetHints":{"allow":["GET"]}}],"collection":[{"href":"https:\/\/ocoerente.com.br\/se\/wp-json\/wp\/v2\/posts"}],"about":[{"href":"https:\/\/ocoerente.com.br\/se\/wp-json\/wp\/v2\/types\/post"}],"author":[{"embeddable":true,"href":"https:\/\/ocoerente.com.br\/se\/wp-json\/wp\/v2\/users\/1"}],"replies":[{"embeddable":true,"href":"https:\/\/ocoerente.com.br\/se\/wp-json\/wp\/v2\/comments?post=7567"}],"version-history":[{"count":1,"href":"https:\/\/ocoerente.com.br\/se\/wp-json\/wp\/v2\/posts\/7567\/revisions"}],"predecessor-version":[{"id":7569,"href":"https:\/\/ocoerente.com.br\/se\/wp-json\/wp\/v2\/posts\/7567\/revisions\/7569"}],"wp:featuredmedia":[{"embeddable":true,"href":"https:\/\/ocoerente.com.br\/se\/wp-json\/wp\/v2\/media\/7568"}],"wp:attachment":[{"href":"https:\/\/ocoerente.com.br\/se\/wp-json\/wp\/v2\/media?parent=7567"}],"wp:term":[{"taxonomy":"category","embeddable":true,"href":"https:\/\/ocoerente.com.br\/se\/wp-json\/wp\/v2\/categories?post=7567"},{"taxonomy":"post_tag","embeddable":true,"href":"https:\/\/ocoerente.com.br\/se\/wp-json\/wp\/v2\/tags?post=7567"}],"curies":[{"name":"wp","href":"https:\/\/api.w.org\/{rel}","templated":true}]}}