{"id":7564,"date":"2023-03-24T02:06:19","date_gmt":"2023-03-24T05:06:19","guid":{"rendered":"https:\/\/ocoerente.com.br\/se\/?p=7564"},"modified":"2023-03-24T02:06:21","modified_gmt":"2023-03-24T05:06:21","slug":"senador-alessandro-participa-da-conferencia-da-onu-sobre-a-agua-em-nova-iorque","status":"publish","type":"post","link":"https:\/\/ocoerente.com.br\/se\/2023\/03\/24\/senador-alessandro-participa-da-conferencia-da-onu-sobre-a-agua-em-nova-iorque\/","title":{"rendered":"Senador Alessandro participa da Confer\u00eancia da ONU sobre a \u00c1gua, em Nova Iorque"},"content":{"rendered":"\n<p>O senador Alessandro Vieira (PSDB) est\u00e1 em Nova Iorque, nos Estados Unidos, para participar da Confer\u00eancia das Na\u00e7\u00f5es Unidas (ONU) sobre a \u00c1gua, que acontece de hoje, 22 a 24 de mar\u00e7o. O evento re\u00fane lideran\u00e7as mundiais, especialistas e organiza\u00e7\u00f5es para discutir a crise mundial da \u00e1gua e decidir a\u00e7\u00e3o conjunta para alcan\u00e7ar os objetivos e metas internacionais acordados sobre o tema, incluindo o que est\u00e1 contido na Agenda 2030 para o Desenvolvimento Sustent\u00e1vel.<\/p>\n\n\n\n<p>&#8220;\u00c9 crucial definirmos o plano de a\u00e7\u00e3o para implementa\u00e7\u00e3o das metas mundiais para \u00c1gua e Saneamento, que est\u00e3o relacionados \u00e0 sa\u00fade, alimenta\u00e7\u00e3o, subsist\u00eancia, desenvolvimento, clima e meio ambiente. Na Confer\u00eancia vamos focar principalmente nas 3 facetas da \u00e1gua: abund\u00e2ncia (enchentes e alagamentos), escassez (seca e falta de \u00e1gua) e potabilidade (\u00e1gua impr\u00f3pria x pr\u00f3pria para consumo), temas caros para o Brasil e principalmente para Sergipe, por isso retomamos nosso papel central na discuss\u00e3o&#8221;, destaca Alessandro Vieira.<\/p>\n\n\n\n<p>Bilh\u00f5es de pessoas em todo o mundo ainda vivem sem \u00e1gua pot\u00e1vel e saneamento gerenciados de maneira segura, embora o acesso aos dois servi\u00e7os tenha sido definido h\u00e1 muito tempo como um direito humano. Muitas fontes de \u00e1gua est\u00e3o se tornando mais polu\u00eddas e ecossistemas que prov\u00eam \u00e1gua est\u00e3o desaparecendo. As mudan\u00e7as clim\u00e1ticas est\u00e3o impactando o ciclo da \u00e1gua, causando secas e enchentes. \u00c1gua \u00e9 um assunto de todos e a Confer\u00eancia \u00e9 inclusiva e multisetorial.<\/p>\n\n\n\n<p>&#8220;Hoje s\u00e3o 3,6 bilh\u00f5es de pessoas vivendo sem \u00e1gua pot\u00e1vel no mundo. Nesse ritmo, em 2050 ser\u00e3o 5 bilh\u00f5es. Precisamos trabalhar para garantir a distribui\u00e7\u00e3o da \u00e1gua de forma efetiva, justa e democr\u00e1tica. Por isso, aqui na Confer\u00eancia vamos buscar por uma revis\u00e3o da agenda com compromissos que possam ser atingidos mas sem perder de vista o tamanho do desafio&#8221;, pontua o senador.<\/p>\n\n\n\n<p>Sergipe e a \u00c1gua<\/p>\n\n\n\n<p>Em Sergipe, os dados s\u00e3o preocupantes, comprovados pelo alto n\u00famero de reclama\u00e7\u00f5es de falta de acesso \u00e0 \u00e1gua pot\u00e1vel. Cerca 10% dos sergipanos, mais de 254 mil pessoas, n\u00e3o tem acesso \u00e0 \u00e1gua, e 69,5%, mais de 1,6 milh\u00f5es de sergipanos n\u00e3o possuem coleta de esgoto. A seca tamb\u00e9m castiga o territ\u00f3rio sergipano. Em m\u00e9dia, ao longo do ano, 30 munic\u00edpios sergipanos decretam, desde 2017, situa\u00e7\u00e3o de emerg\u00eancia em decorr\u00eancia da seca.<\/p>\n\n\n\n<p>&#8220;Para n\u00f3s, o tema da \u00c1gua \u00e9 muito sens\u00edvel, e os problemas que enfrentamos hoje s\u00e3o resultado do ac\u00famulo de erros na gest\u00e3o da \u00e1gua de Sergipe, principalmente por interfer\u00eancia pol\u00edtica. Meu papel como senador \u00e9 apontar a corre\u00e7\u00e3o desses erros e garantir investimentos para os projetos&#8221;, ressalta.<\/p>\n\n\n\n<p>O principal resultado da Confer\u00eancia ser\u00e1 o lan\u00e7amento da Agenda de A\u00e7\u00e3o da \u00c1gua, que representa comprometimentos volunt\u00e1rios de todos os n\u00edveis, incluindo governos, institui\u00e7\u00f5es e comunidades locais. A Agenda ajudar\u00e1 a mobilizar a\u00e7\u00e3o por parte de governos, setores e demais partes interessadas em alcan\u00e7ar os objetivos e metas globais relacionados \u00e0 \u00e1gua.<\/p>\n","protected":false},"excerpt":{"rendered":"<p>O senador Alessandro Vieira (PSDB) est\u00e1 em Nova Iorque, nos Estados Unidos, para participar da Confer\u00eancia das Na\u00e7\u00f5es Unidas (ONU) sobre a \u00c1gua, que acontece de hoje, 22 a 24 de mar\u00e7o. O evento re\u00fane lideran\u00e7as mundiais, especialistas e organiza\u00e7\u00f5es para discutir a crise mundial da \u00e1gua e decidir a\u00e7\u00e3o conjunta para alcan\u00e7ar os objetivos [&hellip;]<\/p>\n","protected":false},"author":1,"featured_media":7565,"comment_status":"closed","ping_status":"closed","sticky":false,"template":"","format":"standard","meta":{"footnotes":""},"categories":[53,44],"tags":[],"class_list":["post-7564","post","type-post","status-publish","format-standard","has-post-thumbnail","hentry","category-destaques","category-politica"],"yoast_head":"<!-- This site is optimized with the Yoast SEO plugin v27.4 - https:\/\/yoast.com\/product\/yoast-seo-wordpress\/ -->\n<title>Senador Alessandro participa da Confer\u00eancia da ONU sobre a \u00c1gua, em Nova Iorque - O Coerente<\/title>\n<meta name=\"robots\" content=\"index, follow, max-snippet:-1, max-image-preview:large, max-video-preview:-1\" \/>\n<link rel=\"canonical\" href=\"https:\/\/ocoerente.com.br\/se\/2023\/03\/24\/senador-alessandro-participa-da-conferencia-da-onu-sobre-a-agua-em-nova-iorque\/\" \/>\n<meta property=\"og:locale\" content=\"pt_BR\" \/>\n<meta property=\"og:type\" content=\"article\" \/>\n<meta property=\"og:title\" content=\"Senador Alessandro participa da Confer\u00eancia da ONU sobre a \u00c1gua, em Nova Iorque - O Coerente\" \/>\n<meta property=\"og:description\" content=\"O senador Alessandro Vieira (PSDB) est\u00e1 em Nova Iorque, nos Estados Unidos, para participar da Confer\u00eancia das Na\u00e7\u00f5es Unidas (ONU) sobre a \u00c1gua, que acontece de hoje, 22 a 24 de mar\u00e7o. O evento re\u00fane lideran\u00e7as mundiais, especialistas e organiza\u00e7\u00f5es para discutir a crise mundial da \u00e1gua e decidir a\u00e7\u00e3o conjunta para alcan\u00e7ar os objetivos [&hellip;]\" \/>\n<meta property=\"og:url\" content=\"https:\/\/ocoerente.com.br\/se\/2023\/03\/24\/senador-alessandro-participa-da-conferencia-da-onu-sobre-a-agua-em-nova-iorque\/\" \/>\n<meta property=\"og:site_name\" content=\"O Coerente\" \/>\n<meta property=\"article:published_time\" content=\"2023-03-24T05:06:19+00:00\" \/>\n<meta property=\"article:modified_time\" content=\"2023-03-24T05:06:21+00:00\" \/>\n<meta property=\"og:image\" content=\"https:\/\/ocoerente.com.br\/se\/wp-content\/uploads\/2023\/03\/alelalessaa.jpg\" \/>\n\t<meta property=\"og:image:width\" content=\"875\" \/>\n\t<meta property=\"og:image:height\" content=\"615\" \/>\n\t<meta property=\"og:image:type\" content=\"image\/jpeg\" \/>\n<meta name=\"author\" content=\"Reda\u00e7\u00e3o\" \/>\n<meta name=\"twitter:card\" content=\"summary_large_image\" \/>\n<meta name=\"twitter:label1\" content=\"Escrito por\" \/>\n\t<meta name=\"twitter:data1\" content=\"Reda\u00e7\u00e3o\" \/>\n\t<meta name=\"twitter:label2\" content=\"Est. tempo de leitura\" \/>\n\t<meta name=\"twitter:data2\" content=\"3 minutos\" \/>\n<script type=\"application\/ld+json\" class=\"yoast-schema-graph\">{\"@context\":\"https:\\\/\\\/schema.org\",\"@graph\":[{\"@type\":\"Article\",\"@id\":\"https:\\\/\\\/ocoerente.com.br\\\/se\\\/2023\\\/03\\\/24\\\/senador-alessandro-participa-da-conferencia-da-onu-sobre-a-agua-em-nova-iorque\\\/#article\",\"isPartOf\":{\"@id\":\"https:\\\/\\\/ocoerente.com.br\\\/se\\\/2023\\\/03\\\/24\\\/senador-alessandro-participa-da-conferencia-da-onu-sobre-a-agua-em-nova-iorque\\\/\"},\"author\":{\"name\":\"Reda\u00e7\u00e3o\",\"@id\":\"https:\\\/\\\/ocoerente.com.br\\\/se\\\/#\\\/schema\\\/person\\\/cc6bfd9fbca465e23543b0c963d8d037\"},\"headline\":\"Senador Alessandro participa da Confer\u00eancia da ONU sobre a \u00c1gua, em Nova Iorque\",\"datePublished\":\"2023-03-24T05:06:19+00:00\",\"dateModified\":\"2023-03-24T05:06:21+00:00\",\"mainEntityOfPage\":{\"@id\":\"https:\\\/\\\/ocoerente.com.br\\\/se\\\/2023\\\/03\\\/24\\\/senador-alessandro-participa-da-conferencia-da-onu-sobre-a-agua-em-nova-iorque\\\/\"},\"wordCount\":528,\"publisher\":{\"@id\":\"https:\\\/\\\/ocoerente.com.br\\\/se\\\/#\\\/schema\\\/person\\\/cc6bfd9fbca465e23543b0c963d8d037\"},\"image\":{\"@id\":\"https:\\\/\\\/ocoerente.com.br\\\/se\\\/2023\\\/03\\\/24\\\/senador-alessandro-participa-da-conferencia-da-onu-sobre-a-agua-em-nova-iorque\\\/#primaryimage\"},\"thumbnailUrl\":\"https:\\\/\\\/ocoerente.com.br\\\/se\\\/wp-content\\\/uploads\\\/2023\\\/03\\\/alelalessaa.jpg\",\"articleSection\":[\"Destaques\",\"Pol\u00edtica\"],\"inLanguage\":\"pt-BR\"},{\"@type\":\"WebPage\",\"@id\":\"https:\\\/\\\/ocoerente.com.br\\\/se\\\/2023\\\/03\\\/24\\\/senador-alessandro-participa-da-conferencia-da-onu-sobre-a-agua-em-nova-iorque\\\/\",\"url\":\"https:\\\/\\\/ocoerente.com.br\\\/se\\\/2023\\\/03\\\/24\\\/senador-alessandro-participa-da-conferencia-da-onu-sobre-a-agua-em-nova-iorque\\\/\",\"name\":\"Senador Alessandro participa da Confer\u00eancia da ONU sobre a \u00c1gua, em Nova Iorque - O Coerente\",\"isPartOf\":{\"@id\":\"https:\\\/\\\/ocoerente.com.br\\\/se\\\/#website\"},\"primaryImageOfPage\":{\"@id\":\"https:\\\/\\\/ocoerente.com.br\\\/se\\\/2023\\\/03\\\/24\\\/senador-alessandro-participa-da-conferencia-da-onu-sobre-a-agua-em-nova-iorque\\\/#primaryimage\"},\"image\":{\"@id\":\"https:\\\/\\\/ocoerente.com.br\\\/se\\\/2023\\\/03\\\/24\\\/senador-alessandro-participa-da-conferencia-da-onu-sobre-a-agua-em-nova-iorque\\\/#primaryimage\"},\"thumbnailUrl\":\"https:\\\/\\\/ocoerente.com.br\\\/se\\\/wp-content\\\/uploads\\\/2023\\\/03\\\/alelalessaa.jpg\",\"datePublished\":\"2023-03-24T05:06:19+00:00\",\"dateModified\":\"2023-03-24T05:06:21+00:00\",\"breadcrumb\":{\"@id\":\"https:\\\/\\\/ocoerente.com.br\\\/se\\\/2023\\\/03\\\/24\\\/senador-alessandro-participa-da-conferencia-da-onu-sobre-a-agua-em-nova-iorque\\\/#breadcrumb\"},\"inLanguage\":\"pt-BR\",\"potentialAction\":[{\"@type\":\"ReadAction\",\"target\":[\"https:\\\/\\\/ocoerente.com.br\\\/se\\\/2023\\\/03\\\/24\\\/senador-alessandro-participa-da-conferencia-da-onu-sobre-a-agua-em-nova-iorque\\\/\"]}]},{\"@type\":\"ImageObject\",\"inLanguage\":\"pt-BR\",\"@id\":\"https:\\\/\\\/ocoerente.com.br\\\/se\\\/2023\\\/03\\\/24\\\/senador-alessandro-participa-da-conferencia-da-onu-sobre-a-agua-em-nova-iorque\\\/#primaryimage\",\"url\":\"https:\\\/\\\/ocoerente.com.br\\\/se\\\/wp-content\\\/uploads\\\/2023\\\/03\\\/alelalessaa.jpg\",\"contentUrl\":\"https:\\\/\\\/ocoerente.com.br\\\/se\\\/wp-content\\\/uploads\\\/2023\\\/03\\\/alelalessaa.jpg\",\"width\":875,\"height\":615},{\"@type\":\"BreadcrumbList\",\"@id\":\"https:\\\/\\\/ocoerente.com.br\\\/se\\\/2023\\\/03\\\/24\\\/senador-alessandro-participa-da-conferencia-da-onu-sobre-a-agua-em-nova-iorque\\\/#breadcrumb\",\"itemListElement\":[{\"@type\":\"ListItem\",\"position\":1,\"name\":\"In\u00edcio\",\"item\":\"https:\\\/\\\/ocoerente.com.br\\\/se\\\/\"},{\"@type\":\"ListItem\",\"position\":2,\"name\":\"Senador Alessandro participa da Confer\u00eancia da ONU sobre a \u00c1gua, em Nova Iorque\"}]},{\"@type\":\"WebSite\",\"@id\":\"https:\\\/\\\/ocoerente.com.br\\\/se\\\/#website\",\"url\":\"https:\\\/\\\/ocoerente.com.br\\\/se\\\/\",\"name\":\"O Coerente\",\"description\":\"\",\"publisher\":{\"@id\":\"https:\\\/\\\/ocoerente.com.br\\\/se\\\/#\\\/schema\\\/person\\\/cc6bfd9fbca465e23543b0c963d8d037\"},\"potentialAction\":[{\"@type\":\"SearchAction\",\"target\":{\"@type\":\"EntryPoint\",\"urlTemplate\":\"https:\\\/\\\/ocoerente.com.br\\\/se\\\/?s={search_term_string}\"},\"query-input\":{\"@type\":\"PropertyValueSpecification\",\"valueRequired\":true,\"valueName\":\"search_term_string\"}}],\"inLanguage\":\"pt-BR\"},{\"@type\":[\"Person\",\"Organization\"],\"@id\":\"https:\\\/\\\/ocoerente.com.br\\\/se\\\/#\\\/schema\\\/person\\\/cc6bfd9fbca465e23543b0c963d8d037\",\"name\":\"Reda\u00e7\u00e3o\",\"image\":{\"@type\":\"ImageObject\",\"inLanguage\":\"pt-BR\",\"@id\":\"https:\\\/\\\/ocoerente.com.br\\\/se\\\/wp-content\\\/uploads\\\/2020\\\/01\\\/ocoerente-1.png\",\"url\":\"https:\\\/\\\/ocoerente.com.br\\\/se\\\/wp-content\\\/uploads\\\/2020\\\/01\\\/ocoerente-1.png\",\"contentUrl\":\"https:\\\/\\\/ocoerente.com.br\\\/se\\\/wp-content\\\/uploads\\\/2020\\\/01\\\/ocoerente-1.png\",\"width\":50,\"height\":50,\"caption\":\"Reda\u00e7\u00e3o\"},\"logo\":{\"@id\":\"https:\\\/\\\/ocoerente.com.br\\\/se\\\/wp-content\\\/uploads\\\/2020\\\/01\\\/ocoerente-1.png\"},\"url\":\"https:\\\/\\\/ocoerente.com.br\\\/se\\\/author\\\/vasticlsales\\\/\"}]}<\/script>\n<!-- \/ Yoast SEO plugin. -->","yoast_head_json":{"title":"Senador Alessandro participa da Confer\u00eancia da ONU sobre a \u00c1gua, em Nova Iorque - O Coerente","robots":{"index":"index","follow":"follow","max-snippet":"max-snippet:-1","max-image-preview":"max-image-preview:large","max-video-preview":"max-video-preview:-1"},"canonical":"https:\/\/ocoerente.com.br\/se\/2023\/03\/24\/senador-alessandro-participa-da-conferencia-da-onu-sobre-a-agua-em-nova-iorque\/","og_locale":"pt_BR","og_type":"article","og_title":"Senador Alessandro participa da Confer\u00eancia da ONU sobre a \u00c1gua, em Nova Iorque - O Coerente","og_description":"O senador Alessandro Vieira (PSDB) est\u00e1 em Nova Iorque, nos Estados Unidos, para participar da Confer\u00eancia das Na\u00e7\u00f5es Unidas (ONU) sobre a \u00c1gua, que acontece de hoje, 22 a 24 de mar\u00e7o. O evento re\u00fane lideran\u00e7as mundiais, especialistas e organiza\u00e7\u00f5es para discutir a crise mundial da \u00e1gua e decidir a\u00e7\u00e3o conjunta para alcan\u00e7ar os objetivos [&hellip;]","og_url":"https:\/\/ocoerente.com.br\/se\/2023\/03\/24\/senador-alessandro-participa-da-conferencia-da-onu-sobre-a-agua-em-nova-iorque\/","og_site_name":"O Coerente","article_published_time":"2023-03-24T05:06:19+00:00","article_modified_time":"2023-03-24T05:06:21+00:00","og_image":[{"width":875,"height":615,"url":"https:\/\/ocoerente.com.br\/se\/wp-content\/uploads\/2023\/03\/alelalessaa.jpg","type":"image\/jpeg"}],"author":"Reda\u00e7\u00e3o","twitter_card":"summary_large_image","twitter_misc":{"Escrito por":"Reda\u00e7\u00e3o","Est. tempo de leitura":"3 minutos"},"schema":{"@context":"https:\/\/schema.org","@graph":[{"@type":"Article","@id":"https:\/\/ocoerente.com.br\/se\/2023\/03\/24\/senador-alessandro-participa-da-conferencia-da-onu-sobre-a-agua-em-nova-iorque\/#article","isPartOf":{"@id":"https:\/\/ocoerente.com.br\/se\/2023\/03\/24\/senador-alessandro-participa-da-conferencia-da-onu-sobre-a-agua-em-nova-iorque\/"},"author":{"name":"Reda\u00e7\u00e3o","@id":"https:\/\/ocoerente.com.br\/se\/#\/schema\/person\/cc6bfd9fbca465e23543b0c963d8d037"},"headline":"Senador Alessandro participa da Confer\u00eancia da ONU sobre a \u00c1gua, em Nova Iorque","datePublished":"2023-03-24T05:06:19+00:00","dateModified":"2023-03-24T05:06:21+00:00","mainEntityOfPage":{"@id":"https:\/\/ocoerente.com.br\/se\/2023\/03\/24\/senador-alessandro-participa-da-conferencia-da-onu-sobre-a-agua-em-nova-iorque\/"},"wordCount":528,"publisher":{"@id":"https:\/\/ocoerente.com.br\/se\/#\/schema\/person\/cc6bfd9fbca465e23543b0c963d8d037"},"image":{"@id":"https:\/\/ocoerente.com.br\/se\/2023\/03\/24\/senador-alessandro-participa-da-conferencia-da-onu-sobre-a-agua-em-nova-iorque\/#primaryimage"},"thumbnailUrl":"https:\/\/ocoerente.com.br\/se\/wp-content\/uploads\/2023\/03\/alelalessaa.jpg","articleSection":["Destaques","Pol\u00edtica"],"inLanguage":"pt-BR"},{"@type":"WebPage","@id":"https:\/\/ocoerente.com.br\/se\/2023\/03\/24\/senador-alessandro-participa-da-conferencia-da-onu-sobre-a-agua-em-nova-iorque\/","url":"https:\/\/ocoerente.com.br\/se\/2023\/03\/24\/senador-alessandro-participa-da-conferencia-da-onu-sobre-a-agua-em-nova-iorque\/","name":"Senador Alessandro participa da Confer\u00eancia da ONU sobre a \u00c1gua, em Nova Iorque - O Coerente","isPartOf":{"@id":"https:\/\/ocoerente.com.br\/se\/#website"},"primaryImageOfPage":{"@id":"https:\/\/ocoerente.com.br\/se\/2023\/03\/24\/senador-alessandro-participa-da-conferencia-da-onu-sobre-a-agua-em-nova-iorque\/#primaryimage"},"image":{"@id":"https:\/\/ocoerente.com.br\/se\/2023\/03\/24\/senador-alessandro-participa-da-conferencia-da-onu-sobre-a-agua-em-nova-iorque\/#primaryimage"},"thumbnailUrl":"https:\/\/ocoerente.com.br\/se\/wp-content\/uploads\/2023\/03\/alelalessaa.jpg","datePublished":"2023-03-24T05:06:19+00:00","dateModified":"2023-03-24T05:06:21+00:00","breadcrumb":{"@id":"https:\/\/ocoerente.com.br\/se\/2023\/03\/24\/senador-alessandro-participa-da-conferencia-da-onu-sobre-a-agua-em-nova-iorque\/#breadcrumb"},"inLanguage":"pt-BR","potentialAction":[{"@type":"ReadAction","target":["https:\/\/ocoerente.com.br\/se\/2023\/03\/24\/senador-alessandro-participa-da-conferencia-da-onu-sobre-a-agua-em-nova-iorque\/"]}]},{"@type":"ImageObject","inLanguage":"pt-BR","@id":"https:\/\/ocoerente.com.br\/se\/2023\/03\/24\/senador-alessandro-participa-da-conferencia-da-onu-sobre-a-agua-em-nova-iorque\/#primaryimage","url":"https:\/\/ocoerente.com.br\/se\/wp-content\/uploads\/2023\/03\/alelalessaa.jpg","contentUrl":"https:\/\/ocoerente.com.br\/se\/wp-content\/uploads\/2023\/03\/alelalessaa.jpg","width":875,"height":615},{"@type":"BreadcrumbList","@id":"https:\/\/ocoerente.com.br\/se\/2023\/03\/24\/senador-alessandro-participa-da-conferencia-da-onu-sobre-a-agua-em-nova-iorque\/#breadcrumb","itemListElement":[{"@type":"ListItem","position":1,"name":"In\u00edcio","item":"https:\/\/ocoerente.com.br\/se\/"},{"@type":"ListItem","position":2,"name":"Senador Alessandro participa da Confer\u00eancia da ONU sobre a \u00c1gua, em Nova Iorque"}]},{"@type":"WebSite","@id":"https:\/\/ocoerente.com.br\/se\/#website","url":"https:\/\/ocoerente.com.br\/se\/","name":"O Coerente","description":"","publisher":{"@id":"https:\/\/ocoerente.com.br\/se\/#\/schema\/person\/cc6bfd9fbca465e23543b0c963d8d037"},"potentialAction":[{"@type":"SearchAction","target":{"@type":"EntryPoint","urlTemplate":"https:\/\/ocoerente.com.br\/se\/?s={search_term_string}"},"query-input":{"@type":"PropertyValueSpecification","valueRequired":true,"valueName":"search_term_string"}}],"inLanguage":"pt-BR"},{"@type":["Person","Organization"],"@id":"https:\/\/ocoerente.com.br\/se\/#\/schema\/person\/cc6bfd9fbca465e23543b0c963d8d037","name":"Reda\u00e7\u00e3o","image":{"@type":"ImageObject","inLanguage":"pt-BR","@id":"https:\/\/ocoerente.com.br\/se\/wp-content\/uploads\/2020\/01\/ocoerente-1.png","url":"https:\/\/ocoerente.com.br\/se\/wp-content\/uploads\/2020\/01\/ocoerente-1.png","contentUrl":"https:\/\/ocoerente.com.br\/se\/wp-content\/uploads\/2020\/01\/ocoerente-1.png","width":50,"height":50,"caption":"Reda\u00e7\u00e3o"},"logo":{"@id":"https:\/\/ocoerente.com.br\/se\/wp-content\/uploads\/2020\/01\/ocoerente-1.png"},"url":"https:\/\/ocoerente.com.br\/se\/author\/vasticlsales\/"}]}},"_links":{"self":[{"href":"https:\/\/ocoerente.com.br\/se\/wp-json\/wp\/v2\/posts\/7564","targetHints":{"allow":["GET"]}}],"collection":[{"href":"https:\/\/ocoerente.com.br\/se\/wp-json\/wp\/v2\/posts"}],"about":[{"href":"https:\/\/ocoerente.com.br\/se\/wp-json\/wp\/v2\/types\/post"}],"author":[{"embeddable":true,"href":"https:\/\/ocoerente.com.br\/se\/wp-json\/wp\/v2\/users\/1"}],"replies":[{"embeddable":true,"href":"https:\/\/ocoerente.com.br\/se\/wp-json\/wp\/v2\/comments?post=7564"}],"version-history":[{"count":1,"href":"https:\/\/ocoerente.com.br\/se\/wp-json\/wp\/v2\/posts\/7564\/revisions"}],"predecessor-version":[{"id":7566,"href":"https:\/\/ocoerente.com.br\/se\/wp-json\/wp\/v2\/posts\/7564\/revisions\/7566"}],"wp:featuredmedia":[{"embeddable":true,"href":"https:\/\/ocoerente.com.br\/se\/wp-json\/wp\/v2\/media\/7565"}],"wp:attachment":[{"href":"https:\/\/ocoerente.com.br\/se\/wp-json\/wp\/v2\/media?parent=7564"}],"wp:term":[{"taxonomy":"category","embeddable":true,"href":"https:\/\/ocoerente.com.br\/se\/wp-json\/wp\/v2\/categories?post=7564"},{"taxonomy":"post_tag","embeddable":true,"href":"https:\/\/ocoerente.com.br\/se\/wp-json\/wp\/v2\/tags?post=7564"}],"curies":[{"name":"wp","href":"https:\/\/api.w.org\/{rel}","templated":true}]}}