{"id":7472,"date":"2023-03-14T22:23:39","date_gmt":"2023-03-15T01:23:39","guid":{"rendered":"https:\/\/ocoerente.com.br\/se\/?p=7472"},"modified":"2023-03-14T22:23:40","modified_gmt":"2023-03-15T01:23:40","slug":"projeto-do-senador-laercio-pode-redirecionar-mais-de-r-300-milhoes-para-a-conclusao-de-escolas-e-creches","status":"publish","type":"post","link":"https:\/\/ocoerente.com.br\/se\/2023\/03\/14\/projeto-do-senador-laercio-pode-redirecionar-mais-de-r-300-milhoes-para-a-conclusao-de-escolas-e-creches\/","title":{"rendered":"Projeto do senador La\u00e9rcio pode redirecionar mais de R$ 300 milh\u00f5es para a conclus\u00e3o de escolas e creches"},"content":{"rendered":"\n<p>A proposta apresentada pelo senador La\u00e9rcio Oliveira (PP-SE) estabelece que os recursos parados em programas inativos coordenados pelo Minist\u00e9rio da Educa\u00e7\u00e3o possam ser redirecionados para outras finalidades, como a reforma e a conclus\u00e3o de escolas e creches. Os chamados recursos \u201cempo\u00e7ados\u201d s\u00e3o verbas liberadas pelo governo federal paradas nas contas de estados e munic\u00edpios, que n\u00e3o foram utilizadas por quest\u00f5es burocr\u00e1ticas, como a vincula\u00e7\u00e3o de receitas para programas espec\u00edficos, falhas de projeto, problemas de gest\u00e3o e prazos vencidos.<\/p>\n\n\n\n<p>\u201cO dinheiro p\u00fablico mais mal-empregado \u00e9 o da obra inacabada. Isso mostra como a falta de planejamento pode fazer mal \u00e0 na\u00e7\u00e3o e atrapalhar o desenvolvimento do pa\u00eds. Nossa proposta, o PLP n\u00b0 48\/23, altera a Lei de Responsabilidade Fiscal para combater esse desperd\u00edcio e melhorar a qualidade do ensino no Brasil\u201d, argumentou.<\/p>\n\n\n\n<p>Segundo o Painel de Investimentos em Educa\u00e7\u00e3o B\u00e1sica, prefeituras e governos estaduais possu\u00edam, em abril de 2022, mais de 300 milh\u00f5es de reais em saldo referentes a programas inativos. Este dinheiro deveria ter sido investido pelos gestores em a\u00e7\u00f5es e programas da educa\u00e7\u00e3o b\u00e1sica \u00e0 superior, como no transporte e na alimenta\u00e7\u00e3o de estudantes.<\/p>\n\n\n\n<p>\u201cTrata-se de um volume significativo, ainda mais em tempos em que os poderes p\u00fablicos t\u00eam demonstrado baix\u00edssima capacidade de investimento. Sendo assim, por que impedir a destina\u00e7\u00e3o adequada e privar a popula\u00e7\u00e3o de receber um benef\u00edcio, havendo dinheiro para tanto?\u201d questionou o senador.<\/p>\n\n\n\n<p>La\u00e9rcio lembrou que muitas cidades no Brasil sofrem com a falta de salas de aula ou escolas inadequadas, sem internet, quadras de esporte, banheiros ou at\u00e9 mesmo \u00e1gua pot\u00e1vel. E defendeu a possibilidade de remanejar essas verbas bloqueadas, sem a cria\u00e7\u00e3o de novas despesas.&nbsp;<\/p>\n\n\n\n<p>\u201cEm todo o Brasil, estados e munic\u00edpios possuem milhares de obras escolares paralisadas por n\u00e3o disporem de recursos financeiros suficientes. Esta proposta vai permitir que essas obras sejam retomadas em proveito da popula\u00e7\u00e3o\u201d justificou La\u00e9rcio.<\/p>\n\n\n\n<p><strong>Prioridade para a Educa\u00e7\u00e3o<\/strong><\/p>\n\n\n\n<p>No plen\u00e1rio, La\u00e9rcio Oliveira citou dados do Anu\u00e1rio Brasileiro da Educa\u00e7\u00e3o B\u00e1sica de 2021, que revela o atraso escolar como um desafio para a educa\u00e7\u00e3o b\u00e1sica.<\/p>\n\n\n\n<p>\u201cNo nosso estado, apenas 1 em cada 5 alunos da rede p\u00fablica chega ao nono ano com aprendizagem adequada em L\u00edngua Portuguesa. Al\u00e9m disso, somente 52 de cada 100 jovens sergipanos concluem o Ensino M\u00e9dio at\u00e9 os 19 anos\u201d, lamentou o senador sergipano ao defender que o enfrentamento das consequ\u00eancias da pandemia na Educa\u00e7\u00e3o precisa come\u00e7ar j\u00e1. \u201cN\u00e3o \u00e9 mais caso de olhar para o futuro: \u00e9 no presente, aqui e agora, que as medidas precisam ser tomadas\u201d, concluiu. \u00a0\u00a0<\/p>\n\n\n\n<p>laerciooliveira<\/p>\n","protected":false},"excerpt":{"rendered":"<p>A proposta apresentada pelo senador La\u00e9rcio Oliveira (PP-SE) estabelece que os recursos parados em programas inativos coordenados pelo Minist\u00e9rio da Educa\u00e7\u00e3o possam ser redirecionados para outras finalidades, como a reforma e a conclus\u00e3o de escolas e creches. Os chamados recursos \u201cempo\u00e7ados\u201d s\u00e3o verbas liberadas pelo governo federal paradas nas contas de estados e munic\u00edpios, que [&hellip;]<\/p>\n","protected":false},"author":1,"featured_media":7473,"comment_status":"closed","ping_status":"closed","sticky":false,"template":"","format":"standard","meta":{"footnotes":""},"categories":[53,44],"tags":[],"class_list":["post-7472","post","type-post","status-publish","format-standard","has-post-thumbnail","hentry","category-destaques","category-politica"],"yoast_head":"<!-- This site is optimized with the Yoast SEO plugin v27.4 - https:\/\/yoast.com\/product\/yoast-seo-wordpress\/ -->\n<title>Projeto do senador La\u00e9rcio pode redirecionar mais de R$ 300 milh\u00f5es para a conclus\u00e3o de escolas e creches - O Coerente<\/title>\n<meta name=\"robots\" content=\"index, follow, max-snippet:-1, max-image-preview:large, max-video-preview:-1\" \/>\n<link rel=\"canonical\" href=\"https:\/\/ocoerente.com.br\/se\/2023\/03\/14\/projeto-do-senador-laercio-pode-redirecionar-mais-de-r-300-milhoes-para-a-conclusao-de-escolas-e-creches\/\" \/>\n<meta property=\"og:locale\" content=\"pt_BR\" \/>\n<meta property=\"og:type\" content=\"article\" \/>\n<meta property=\"og:title\" content=\"Projeto do senador La\u00e9rcio pode redirecionar mais de R$ 300 milh\u00f5es para a conclus\u00e3o de escolas e creches - O Coerente\" \/>\n<meta property=\"og:description\" content=\"A proposta apresentada pelo senador La\u00e9rcio Oliveira (PP-SE) estabelece que os recursos parados em programas inativos coordenados pelo Minist\u00e9rio da Educa\u00e7\u00e3o possam ser redirecionados para outras finalidades, como a reforma e a conclus\u00e3o de escolas e creches. Os chamados recursos \u201cempo\u00e7ados\u201d s\u00e3o verbas liberadas pelo governo federal paradas nas contas de estados e munic\u00edpios, que [&hellip;]\" \/>\n<meta property=\"og:url\" content=\"https:\/\/ocoerente.com.br\/se\/2023\/03\/14\/projeto-do-senador-laercio-pode-redirecionar-mais-de-r-300-milhoes-para-a-conclusao-de-escolas-e-creches\/\" \/>\n<meta property=\"og:site_name\" content=\"O Coerente\" \/>\n<meta property=\"article:published_time\" content=\"2023-03-15T01:23:39+00:00\" \/>\n<meta property=\"article:modified_time\" content=\"2023-03-15T01:23:40+00:00\" \/>\n<meta property=\"og:image\" content=\"https:\/\/ocoerente.com.br\/se\/wp-content\/uploads\/2023\/03\/lalalal1.jpg\" \/>\n\t<meta property=\"og:image:width\" content=\"1024\" \/>\n\t<meta property=\"og:image:height\" content=\"641\" \/>\n\t<meta property=\"og:image:type\" content=\"image\/jpeg\" \/>\n<meta name=\"author\" content=\"Reda\u00e7\u00e3o\" \/>\n<meta name=\"twitter:card\" content=\"summary_large_image\" \/>\n<meta name=\"twitter:label1\" content=\"Escrito por\" \/>\n\t<meta name=\"twitter:data1\" content=\"Reda\u00e7\u00e3o\" \/>\n\t<meta name=\"twitter:label2\" content=\"Est. tempo de leitura\" \/>\n\t<meta name=\"twitter:data2\" content=\"3 minutos\" \/>\n<script type=\"application\/ld+json\" class=\"yoast-schema-graph\">{\"@context\":\"https:\\\/\\\/schema.org\",\"@graph\":[{\"@type\":\"Article\",\"@id\":\"https:\\\/\\\/ocoerente.com.br\\\/se\\\/2023\\\/03\\\/14\\\/projeto-do-senador-laercio-pode-redirecionar-mais-de-r-300-milhoes-para-a-conclusao-de-escolas-e-creches\\\/#article\",\"isPartOf\":{\"@id\":\"https:\\\/\\\/ocoerente.com.br\\\/se\\\/2023\\\/03\\\/14\\\/projeto-do-senador-laercio-pode-redirecionar-mais-de-r-300-milhoes-para-a-conclusao-de-escolas-e-creches\\\/\"},\"author\":{\"name\":\"Reda\u00e7\u00e3o\",\"@id\":\"https:\\\/\\\/ocoerente.com.br\\\/se\\\/#\\\/schema\\\/person\\\/cc6bfd9fbca465e23543b0c963d8d037\"},\"headline\":\"Projeto do senador La\u00e9rcio pode redirecionar mais de R$ 300 milh\u00f5es para a conclus\u00e3o de escolas e creches\",\"datePublished\":\"2023-03-15T01:23:39+00:00\",\"dateModified\":\"2023-03-15T01:23:40+00:00\",\"mainEntityOfPage\":{\"@id\":\"https:\\\/\\\/ocoerente.com.br\\\/se\\\/2023\\\/03\\\/14\\\/projeto-do-senador-laercio-pode-redirecionar-mais-de-r-300-milhoes-para-a-conclusao-de-escolas-e-creches\\\/\"},\"wordCount\":478,\"publisher\":{\"@id\":\"https:\\\/\\\/ocoerente.com.br\\\/se\\\/#\\\/schema\\\/person\\\/cc6bfd9fbca465e23543b0c963d8d037\"},\"image\":{\"@id\":\"https:\\\/\\\/ocoerente.com.br\\\/se\\\/2023\\\/03\\\/14\\\/projeto-do-senador-laercio-pode-redirecionar-mais-de-r-300-milhoes-para-a-conclusao-de-escolas-e-creches\\\/#primaryimage\"},\"thumbnailUrl\":\"https:\\\/\\\/ocoerente.com.br\\\/se\\\/wp-content\\\/uploads\\\/2023\\\/03\\\/lalalal1.jpg\",\"articleSection\":[\"Destaques\",\"Pol\u00edtica\"],\"inLanguage\":\"pt-BR\"},{\"@type\":\"WebPage\",\"@id\":\"https:\\\/\\\/ocoerente.com.br\\\/se\\\/2023\\\/03\\\/14\\\/projeto-do-senador-laercio-pode-redirecionar-mais-de-r-300-milhoes-para-a-conclusao-de-escolas-e-creches\\\/\",\"url\":\"https:\\\/\\\/ocoerente.com.br\\\/se\\\/2023\\\/03\\\/14\\\/projeto-do-senador-laercio-pode-redirecionar-mais-de-r-300-milhoes-para-a-conclusao-de-escolas-e-creches\\\/\",\"name\":\"Projeto do senador La\u00e9rcio pode redirecionar mais de R$ 300 milh\u00f5es para a conclus\u00e3o de escolas e creches - O Coerente\",\"isPartOf\":{\"@id\":\"https:\\\/\\\/ocoerente.com.br\\\/se\\\/#website\"},\"primaryImageOfPage\":{\"@id\":\"https:\\\/\\\/ocoerente.com.br\\\/se\\\/2023\\\/03\\\/14\\\/projeto-do-senador-laercio-pode-redirecionar-mais-de-r-300-milhoes-para-a-conclusao-de-escolas-e-creches\\\/#primaryimage\"},\"image\":{\"@id\":\"https:\\\/\\\/ocoerente.com.br\\\/se\\\/2023\\\/03\\\/14\\\/projeto-do-senador-laercio-pode-redirecionar-mais-de-r-300-milhoes-para-a-conclusao-de-escolas-e-creches\\\/#primaryimage\"},\"thumbnailUrl\":\"https:\\\/\\\/ocoerente.com.br\\\/se\\\/wp-content\\\/uploads\\\/2023\\\/03\\\/lalalal1.jpg\",\"datePublished\":\"2023-03-15T01:23:39+00:00\",\"dateModified\":\"2023-03-15T01:23:40+00:00\",\"breadcrumb\":{\"@id\":\"https:\\\/\\\/ocoerente.com.br\\\/se\\\/2023\\\/03\\\/14\\\/projeto-do-senador-laercio-pode-redirecionar-mais-de-r-300-milhoes-para-a-conclusao-de-escolas-e-creches\\\/#breadcrumb\"},\"inLanguage\":\"pt-BR\",\"potentialAction\":[{\"@type\":\"ReadAction\",\"target\":[\"https:\\\/\\\/ocoerente.com.br\\\/se\\\/2023\\\/03\\\/14\\\/projeto-do-senador-laercio-pode-redirecionar-mais-de-r-300-milhoes-para-a-conclusao-de-escolas-e-creches\\\/\"]}]},{\"@type\":\"ImageObject\",\"inLanguage\":\"pt-BR\",\"@id\":\"https:\\\/\\\/ocoerente.com.br\\\/se\\\/2023\\\/03\\\/14\\\/projeto-do-senador-laercio-pode-redirecionar-mais-de-r-300-milhoes-para-a-conclusao-de-escolas-e-creches\\\/#primaryimage\",\"url\":\"https:\\\/\\\/ocoerente.com.br\\\/se\\\/wp-content\\\/uploads\\\/2023\\\/03\\\/lalalal1.jpg\",\"contentUrl\":\"https:\\\/\\\/ocoerente.com.br\\\/se\\\/wp-content\\\/uploads\\\/2023\\\/03\\\/lalalal1.jpg\",\"width\":1024,\"height\":641},{\"@type\":\"BreadcrumbList\",\"@id\":\"https:\\\/\\\/ocoerente.com.br\\\/se\\\/2023\\\/03\\\/14\\\/projeto-do-senador-laercio-pode-redirecionar-mais-de-r-300-milhoes-para-a-conclusao-de-escolas-e-creches\\\/#breadcrumb\",\"itemListElement\":[{\"@type\":\"ListItem\",\"position\":1,\"name\":\"In\u00edcio\",\"item\":\"https:\\\/\\\/ocoerente.com.br\\\/se\\\/\"},{\"@type\":\"ListItem\",\"position\":2,\"name\":\"Projeto do senador La\u00e9rcio pode redirecionar mais de R$ 300 milh\u00f5es para a conclus\u00e3o de escolas e creches\"}]},{\"@type\":\"WebSite\",\"@id\":\"https:\\\/\\\/ocoerente.com.br\\\/se\\\/#website\",\"url\":\"https:\\\/\\\/ocoerente.com.br\\\/se\\\/\",\"name\":\"O Coerente\",\"description\":\"\",\"publisher\":{\"@id\":\"https:\\\/\\\/ocoerente.com.br\\\/se\\\/#\\\/schema\\\/person\\\/cc6bfd9fbca465e23543b0c963d8d037\"},\"potentialAction\":[{\"@type\":\"SearchAction\",\"target\":{\"@type\":\"EntryPoint\",\"urlTemplate\":\"https:\\\/\\\/ocoerente.com.br\\\/se\\\/?s={search_term_string}\"},\"query-input\":{\"@type\":\"PropertyValueSpecification\",\"valueRequired\":true,\"valueName\":\"search_term_string\"}}],\"inLanguage\":\"pt-BR\"},{\"@type\":[\"Person\",\"Organization\"],\"@id\":\"https:\\\/\\\/ocoerente.com.br\\\/se\\\/#\\\/schema\\\/person\\\/cc6bfd9fbca465e23543b0c963d8d037\",\"name\":\"Reda\u00e7\u00e3o\",\"image\":{\"@type\":\"ImageObject\",\"inLanguage\":\"pt-BR\",\"@id\":\"https:\\\/\\\/ocoerente.com.br\\\/se\\\/wp-content\\\/uploads\\\/2020\\\/01\\\/ocoerente-1.png\",\"url\":\"https:\\\/\\\/ocoerente.com.br\\\/se\\\/wp-content\\\/uploads\\\/2020\\\/01\\\/ocoerente-1.png\",\"contentUrl\":\"https:\\\/\\\/ocoerente.com.br\\\/se\\\/wp-content\\\/uploads\\\/2020\\\/01\\\/ocoerente-1.png\",\"width\":50,\"height\":50,\"caption\":\"Reda\u00e7\u00e3o\"},\"logo\":{\"@id\":\"https:\\\/\\\/ocoerente.com.br\\\/se\\\/wp-content\\\/uploads\\\/2020\\\/01\\\/ocoerente-1.png\"},\"url\":\"https:\\\/\\\/ocoerente.com.br\\\/se\\\/author\\\/vasticlsales\\\/\"}]}<\/script>\n<!-- \/ Yoast SEO plugin. -->","yoast_head_json":{"title":"Projeto do senador La\u00e9rcio pode redirecionar mais de R$ 300 milh\u00f5es para a conclus\u00e3o de escolas e creches - O Coerente","robots":{"index":"index","follow":"follow","max-snippet":"max-snippet:-1","max-image-preview":"max-image-preview:large","max-video-preview":"max-video-preview:-1"},"canonical":"https:\/\/ocoerente.com.br\/se\/2023\/03\/14\/projeto-do-senador-laercio-pode-redirecionar-mais-de-r-300-milhoes-para-a-conclusao-de-escolas-e-creches\/","og_locale":"pt_BR","og_type":"article","og_title":"Projeto do senador La\u00e9rcio pode redirecionar mais de R$ 300 milh\u00f5es para a conclus\u00e3o de escolas e creches - O Coerente","og_description":"A proposta apresentada pelo senador La\u00e9rcio Oliveira (PP-SE) estabelece que os recursos parados em programas inativos coordenados pelo Minist\u00e9rio da Educa\u00e7\u00e3o possam ser redirecionados para outras finalidades, como a reforma e a conclus\u00e3o de escolas e creches. Os chamados recursos \u201cempo\u00e7ados\u201d s\u00e3o verbas liberadas pelo governo federal paradas nas contas de estados e munic\u00edpios, que [&hellip;]","og_url":"https:\/\/ocoerente.com.br\/se\/2023\/03\/14\/projeto-do-senador-laercio-pode-redirecionar-mais-de-r-300-milhoes-para-a-conclusao-de-escolas-e-creches\/","og_site_name":"O Coerente","article_published_time":"2023-03-15T01:23:39+00:00","article_modified_time":"2023-03-15T01:23:40+00:00","og_image":[{"width":1024,"height":641,"url":"https:\/\/ocoerente.com.br\/se\/wp-content\/uploads\/2023\/03\/lalalal1.jpg","type":"image\/jpeg"}],"author":"Reda\u00e7\u00e3o","twitter_card":"summary_large_image","twitter_misc":{"Escrito por":"Reda\u00e7\u00e3o","Est. tempo de leitura":"3 minutos"},"schema":{"@context":"https:\/\/schema.org","@graph":[{"@type":"Article","@id":"https:\/\/ocoerente.com.br\/se\/2023\/03\/14\/projeto-do-senador-laercio-pode-redirecionar-mais-de-r-300-milhoes-para-a-conclusao-de-escolas-e-creches\/#article","isPartOf":{"@id":"https:\/\/ocoerente.com.br\/se\/2023\/03\/14\/projeto-do-senador-laercio-pode-redirecionar-mais-de-r-300-milhoes-para-a-conclusao-de-escolas-e-creches\/"},"author":{"name":"Reda\u00e7\u00e3o","@id":"https:\/\/ocoerente.com.br\/se\/#\/schema\/person\/cc6bfd9fbca465e23543b0c963d8d037"},"headline":"Projeto do senador La\u00e9rcio pode redirecionar mais de R$ 300 milh\u00f5es para a conclus\u00e3o de escolas e creches","datePublished":"2023-03-15T01:23:39+00:00","dateModified":"2023-03-15T01:23:40+00:00","mainEntityOfPage":{"@id":"https:\/\/ocoerente.com.br\/se\/2023\/03\/14\/projeto-do-senador-laercio-pode-redirecionar-mais-de-r-300-milhoes-para-a-conclusao-de-escolas-e-creches\/"},"wordCount":478,"publisher":{"@id":"https:\/\/ocoerente.com.br\/se\/#\/schema\/person\/cc6bfd9fbca465e23543b0c963d8d037"},"image":{"@id":"https:\/\/ocoerente.com.br\/se\/2023\/03\/14\/projeto-do-senador-laercio-pode-redirecionar-mais-de-r-300-milhoes-para-a-conclusao-de-escolas-e-creches\/#primaryimage"},"thumbnailUrl":"https:\/\/ocoerente.com.br\/se\/wp-content\/uploads\/2023\/03\/lalalal1.jpg","articleSection":["Destaques","Pol\u00edtica"],"inLanguage":"pt-BR"},{"@type":"WebPage","@id":"https:\/\/ocoerente.com.br\/se\/2023\/03\/14\/projeto-do-senador-laercio-pode-redirecionar-mais-de-r-300-milhoes-para-a-conclusao-de-escolas-e-creches\/","url":"https:\/\/ocoerente.com.br\/se\/2023\/03\/14\/projeto-do-senador-laercio-pode-redirecionar-mais-de-r-300-milhoes-para-a-conclusao-de-escolas-e-creches\/","name":"Projeto do senador La\u00e9rcio pode redirecionar mais de R$ 300 milh\u00f5es para a conclus\u00e3o de escolas e creches - O Coerente","isPartOf":{"@id":"https:\/\/ocoerente.com.br\/se\/#website"},"primaryImageOfPage":{"@id":"https:\/\/ocoerente.com.br\/se\/2023\/03\/14\/projeto-do-senador-laercio-pode-redirecionar-mais-de-r-300-milhoes-para-a-conclusao-de-escolas-e-creches\/#primaryimage"},"image":{"@id":"https:\/\/ocoerente.com.br\/se\/2023\/03\/14\/projeto-do-senador-laercio-pode-redirecionar-mais-de-r-300-milhoes-para-a-conclusao-de-escolas-e-creches\/#primaryimage"},"thumbnailUrl":"https:\/\/ocoerente.com.br\/se\/wp-content\/uploads\/2023\/03\/lalalal1.jpg","datePublished":"2023-03-15T01:23:39+00:00","dateModified":"2023-03-15T01:23:40+00:00","breadcrumb":{"@id":"https:\/\/ocoerente.com.br\/se\/2023\/03\/14\/projeto-do-senador-laercio-pode-redirecionar-mais-de-r-300-milhoes-para-a-conclusao-de-escolas-e-creches\/#breadcrumb"},"inLanguage":"pt-BR","potentialAction":[{"@type":"ReadAction","target":["https:\/\/ocoerente.com.br\/se\/2023\/03\/14\/projeto-do-senador-laercio-pode-redirecionar-mais-de-r-300-milhoes-para-a-conclusao-de-escolas-e-creches\/"]}]},{"@type":"ImageObject","inLanguage":"pt-BR","@id":"https:\/\/ocoerente.com.br\/se\/2023\/03\/14\/projeto-do-senador-laercio-pode-redirecionar-mais-de-r-300-milhoes-para-a-conclusao-de-escolas-e-creches\/#primaryimage","url":"https:\/\/ocoerente.com.br\/se\/wp-content\/uploads\/2023\/03\/lalalal1.jpg","contentUrl":"https:\/\/ocoerente.com.br\/se\/wp-content\/uploads\/2023\/03\/lalalal1.jpg","width":1024,"height":641},{"@type":"BreadcrumbList","@id":"https:\/\/ocoerente.com.br\/se\/2023\/03\/14\/projeto-do-senador-laercio-pode-redirecionar-mais-de-r-300-milhoes-para-a-conclusao-de-escolas-e-creches\/#breadcrumb","itemListElement":[{"@type":"ListItem","position":1,"name":"In\u00edcio","item":"https:\/\/ocoerente.com.br\/se\/"},{"@type":"ListItem","position":2,"name":"Projeto do senador La\u00e9rcio pode redirecionar mais de R$ 300 milh\u00f5es para a conclus\u00e3o de escolas e creches"}]},{"@type":"WebSite","@id":"https:\/\/ocoerente.com.br\/se\/#website","url":"https:\/\/ocoerente.com.br\/se\/","name":"O Coerente","description":"","publisher":{"@id":"https:\/\/ocoerente.com.br\/se\/#\/schema\/person\/cc6bfd9fbca465e23543b0c963d8d037"},"potentialAction":[{"@type":"SearchAction","target":{"@type":"EntryPoint","urlTemplate":"https:\/\/ocoerente.com.br\/se\/?s={search_term_string}"},"query-input":{"@type":"PropertyValueSpecification","valueRequired":true,"valueName":"search_term_string"}}],"inLanguage":"pt-BR"},{"@type":["Person","Organization"],"@id":"https:\/\/ocoerente.com.br\/se\/#\/schema\/person\/cc6bfd9fbca465e23543b0c963d8d037","name":"Reda\u00e7\u00e3o","image":{"@type":"ImageObject","inLanguage":"pt-BR","@id":"https:\/\/ocoerente.com.br\/se\/wp-content\/uploads\/2020\/01\/ocoerente-1.png","url":"https:\/\/ocoerente.com.br\/se\/wp-content\/uploads\/2020\/01\/ocoerente-1.png","contentUrl":"https:\/\/ocoerente.com.br\/se\/wp-content\/uploads\/2020\/01\/ocoerente-1.png","width":50,"height":50,"caption":"Reda\u00e7\u00e3o"},"logo":{"@id":"https:\/\/ocoerente.com.br\/se\/wp-content\/uploads\/2020\/01\/ocoerente-1.png"},"url":"https:\/\/ocoerente.com.br\/se\/author\/vasticlsales\/"}]}},"_links":{"self":[{"href":"https:\/\/ocoerente.com.br\/se\/wp-json\/wp\/v2\/posts\/7472","targetHints":{"allow":["GET"]}}],"collection":[{"href":"https:\/\/ocoerente.com.br\/se\/wp-json\/wp\/v2\/posts"}],"about":[{"href":"https:\/\/ocoerente.com.br\/se\/wp-json\/wp\/v2\/types\/post"}],"author":[{"embeddable":true,"href":"https:\/\/ocoerente.com.br\/se\/wp-json\/wp\/v2\/users\/1"}],"replies":[{"embeddable":true,"href":"https:\/\/ocoerente.com.br\/se\/wp-json\/wp\/v2\/comments?post=7472"}],"version-history":[{"count":1,"href":"https:\/\/ocoerente.com.br\/se\/wp-json\/wp\/v2\/posts\/7472\/revisions"}],"predecessor-version":[{"id":7474,"href":"https:\/\/ocoerente.com.br\/se\/wp-json\/wp\/v2\/posts\/7472\/revisions\/7474"}],"wp:featuredmedia":[{"embeddable":true,"href":"https:\/\/ocoerente.com.br\/se\/wp-json\/wp\/v2\/media\/7473"}],"wp:attachment":[{"href":"https:\/\/ocoerente.com.br\/se\/wp-json\/wp\/v2\/media?parent=7472"}],"wp:term":[{"taxonomy":"category","embeddable":true,"href":"https:\/\/ocoerente.com.br\/se\/wp-json\/wp\/v2\/categories?post=7472"},{"taxonomy":"post_tag","embeddable":true,"href":"https:\/\/ocoerente.com.br\/se\/wp-json\/wp\/v2\/tags?post=7472"}],"curies":[{"name":"wp","href":"https:\/\/api.w.org\/{rel}","templated":true}]}}