{"id":7469,"date":"2023-03-14T22:20:33","date_gmt":"2023-03-15T01:20:33","guid":{"rendered":"https:\/\/ocoerente.com.br\/se\/?p=7469"},"modified":"2023-03-14T22:20:34","modified_gmt":"2023-03-15T01:20:34","slug":"rogerio-carvalho-questiona-banco-central-a-respeito-de-estrategias-para-reduzir-a-divida-publica","status":"publish","type":"post","link":"https:\/\/ocoerente.com.br\/se\/2023\/03\/14\/rogerio-carvalho-questiona-banco-central-a-respeito-de-estrategias-para-reduzir-a-divida-publica\/","title":{"rendered":"Rog\u00e9rio Carvalho questiona Banco Central a respeito de estrat\u00e9gias para reduzir a d\u00edvida p\u00fablica"},"content":{"rendered":"\n<p>O senador Rog\u00e9rio Carvalho (PT\/SE) destacou, nesta ter\u00e7a-feira, 14, que o presidente do Banco Central, Roberto Campos Neto, dever\u00e1 ir ao Senado Federal para dar explica\u00e7\u00f5es sobre quest\u00f5es ligadas a taxa\u00e7\u00e3o b\u00e1sica de juros no Brasil. O 1\u00ba Secret\u00e1rio pontuou, durante reuni\u00e3o na Comiss\u00e3o de Assuntos Econ\u00f4micos (CAE), que a Lei 14.185\/2021 foi aprovada justamente para que houvesse &#8220;um instrumento de gest\u00e3o monet\u00e1ria para gerar liquidez interbanc\u00e1ria&#8221;.<\/p>\n\n\n\n<p>Com isso, Carvalho disse que o tema precisa ser amplamente discutido, sobretudo para entender quais os riscos o mercado brasileiro e popula\u00e7\u00e3o, num modo geral, correm em rela\u00e7\u00e3o a outras cadeias econ\u00f4micas. Ele tamb\u00e9m demonstrou preocupa\u00e7\u00e3o com endividamento das fam\u00edlias, para al\u00e9m das quest\u00f5es enfrentadas pelas grandes empresas.<\/p>\n\n\n\n<p>&#8220;Atualmente, cerca de 70% das fam\u00edlias est\u00e3o endividadas, e isso afeta diretamente a atividade econ\u00f4mica do pa\u00eds, que j\u00e1 est\u00e1 comprometido com a produ\u00e7\u00e3o industrial, o varejo, atacado etc. E isso tem se tornado um grande problema&#8221;, comentou.<\/p>\n\n\n\n<p>Ainda na opini\u00e3o do senador Rog\u00e9rio Carvalho, o Banco Central precisa trazer algumas outras explica\u00e7\u00f5es importantes ao povo brasileiro. &#8220;O Pix foi um grande aliado, porque o sistema financeiro precisava de liquidez para realizar as transa\u00e7\u00f5es. Portanto, atrav\u00e9s da Lei 14.185\/21, de minha autoria, criamos um instrumento, que nada mais \u00e9 do que a remunera\u00e7\u00e3o dos dep\u00f3sitos volunt\u00e1rios em substitui\u00e7\u00e3o das opera\u00e7\u00f5es compromissadas, que gera d\u00edvida de curto prazo para fazer gest\u00e3o de liquidez&#8221;, detalhou.<\/p>\n\n\n\n<p>&#8220;Mas, na pr\u00e1tica, qual o impacto disso? Dados do pr\u00f3prio Banco Central revelam que opera\u00e7\u00f5es compromissadas representam cerca de 22% da d\u00edvida bruta do governo geral, totalizando aproximadamente R$ 1,3 trilh\u00e3o&#8221;, revelou.<\/p>\n\n\n\n<p>Deste modo, Carvalho defende que, atrav\u00e9s do instrumento da lei j\u00e1 criada, \u00e9 poss\u00edvel que o Brasil consiga reduzir parte de sua d\u00edvida. E, por isso, ele indagou sobre a sua aplicabilidade. &#8220;Com esse instrumento (da Lei 14.185\/2021), \u00e9 poss\u00edvel reduzir em mais de R$ 1 trilh\u00e3o de reais da d\u00edvida p\u00fablica. E o tamanho da d\u00edvida influencia na base de c\u00e1lculo sobre a qual incidir\u00e3o os juros. Quanto maior a d\u00edvida, maior a conta de juros do pa\u00eds&#8221;, explicou.<\/p>\n\n\n\n<p>&#8220;Mas, infelizmente, o Banco Central tem se utilizado muito pouco deste instrumento! Por qual motivo? Se existe uma possibilidade de reduzir a taxa de juros, por que esta estrat\u00e9gia n\u00e3o est\u00e1 sendo usada?&#8221;, questionou.<\/p>\n\n\n\n<p>Modelo internacional<br>De acordo com a justificativa apresentada pelo Senador para a cria\u00e7\u00e3o da Lei, a substitui\u00e7\u00e3o das opera\u00e7\u00f5es compromissadas pelos dep\u00f3sitos volunt\u00e1rios s\u00e3o uma maneira mais moderna de gest\u00e3o de liquidez da economia, que inclusive j\u00e1 \u00e9 utilizada por outros bancos centrais ao redor do mundo, entre eles o FED, o Banco Central americano.<\/p>\n\n\n\n<p>|Fonte: Assessoria de Comunica\u00e7\u00e3o<br>||Fotos: Daniel Gomes\/Assessoria de Comunica\u00e7\u00e3o<\/p>\n","protected":false},"excerpt":{"rendered":"<p>O senador Rog\u00e9rio Carvalho (PT\/SE) destacou, nesta ter\u00e7a-feira, 14, que o presidente do Banco Central, Roberto Campos Neto, dever\u00e1 ir ao Senado Federal para dar explica\u00e7\u00f5es sobre quest\u00f5es ligadas a taxa\u00e7\u00e3o b\u00e1sica de juros no Brasil. O 1\u00ba Secret\u00e1rio pontuou, durante reuni\u00e3o na Comiss\u00e3o de Assuntos Econ\u00f4micos (CAE), que a Lei 14.185\/2021 foi aprovada justamente [&hellip;]<\/p>\n","protected":false},"author":1,"featured_media":7470,"comment_status":"closed","ping_status":"closed","sticky":false,"template":"","format":"standard","meta":{"footnotes":""},"categories":[53,44],"tags":[],"class_list":["post-7469","post","type-post","status-publish","format-standard","has-post-thumbnail","hentry","category-destaques","category-politica"],"yoast_head":"<!-- This site is optimized with the Yoast SEO plugin v27.4 - https:\/\/yoast.com\/product\/yoast-seo-wordpress\/ -->\n<title>Rog\u00e9rio Carvalho questiona Banco Central a respeito de estrat\u00e9gias para reduzir a d\u00edvida p\u00fablica - O Coerente<\/title>\n<meta name=\"robots\" content=\"index, follow, max-snippet:-1, max-image-preview:large, max-video-preview:-1\" \/>\n<link rel=\"canonical\" href=\"https:\/\/ocoerente.com.br\/se\/2023\/03\/14\/rogerio-carvalho-questiona-banco-central-a-respeito-de-estrategias-para-reduzir-a-divida-publica\/\" \/>\n<meta property=\"og:locale\" content=\"pt_BR\" \/>\n<meta property=\"og:type\" content=\"article\" \/>\n<meta property=\"og:title\" content=\"Rog\u00e9rio Carvalho questiona Banco Central a respeito de estrat\u00e9gias para reduzir a d\u00edvida p\u00fablica - O Coerente\" \/>\n<meta property=\"og:description\" content=\"O senador Rog\u00e9rio Carvalho (PT\/SE) destacou, nesta ter\u00e7a-feira, 14, que o presidente do Banco Central, Roberto Campos Neto, dever\u00e1 ir ao Senado Federal para dar explica\u00e7\u00f5es sobre quest\u00f5es ligadas a taxa\u00e7\u00e3o b\u00e1sica de juros no Brasil. O 1\u00ba Secret\u00e1rio pontuou, durante reuni\u00e3o na Comiss\u00e3o de Assuntos Econ\u00f4micos (CAE), que a Lei 14.185\/2021 foi aprovada justamente [&hellip;]\" \/>\n<meta property=\"og:url\" content=\"https:\/\/ocoerente.com.br\/se\/2023\/03\/14\/rogerio-carvalho-questiona-banco-central-a-respeito-de-estrategias-para-reduzir-a-divida-publica\/\" \/>\n<meta property=\"og:site_name\" content=\"O Coerente\" \/>\n<meta property=\"article:published_time\" content=\"2023-03-15T01:20:33+00:00\" \/>\n<meta property=\"article:modified_time\" content=\"2023-03-15T01:20:34+00:00\" \/>\n<meta property=\"og:image\" content=\"https:\/\/ocoerente.com.br\/se\/wp-content\/uploads\/2023\/03\/rororogg.jpg\" \/>\n\t<meta property=\"og:image:width\" content=\"798\" \/>\n\t<meta property=\"og:image:height\" content=\"604\" \/>\n\t<meta property=\"og:image:type\" content=\"image\/jpeg\" \/>\n<meta name=\"author\" content=\"Reda\u00e7\u00e3o\" \/>\n<meta name=\"twitter:card\" content=\"summary_large_image\" \/>\n<meta name=\"twitter:label1\" content=\"Escrito por\" \/>\n\t<meta name=\"twitter:data1\" content=\"Reda\u00e7\u00e3o\" \/>\n\t<meta name=\"twitter:label2\" content=\"Est. tempo de leitura\" \/>\n\t<meta name=\"twitter:data2\" content=\"3 minutos\" \/>\n<script type=\"application\/ld+json\" class=\"yoast-schema-graph\">{\"@context\":\"https:\\\/\\\/schema.org\",\"@graph\":[{\"@type\":\"Article\",\"@id\":\"https:\\\/\\\/ocoerente.com.br\\\/se\\\/2023\\\/03\\\/14\\\/rogerio-carvalho-questiona-banco-central-a-respeito-de-estrategias-para-reduzir-a-divida-publica\\\/#article\",\"isPartOf\":{\"@id\":\"https:\\\/\\\/ocoerente.com.br\\\/se\\\/2023\\\/03\\\/14\\\/rogerio-carvalho-questiona-banco-central-a-respeito-de-estrategias-para-reduzir-a-divida-publica\\\/\"},\"author\":{\"name\":\"Reda\u00e7\u00e3o\",\"@id\":\"https:\\\/\\\/ocoerente.com.br\\\/se\\\/#\\\/schema\\\/person\\\/cc6bfd9fbca465e23543b0c963d8d037\"},\"headline\":\"Rog\u00e9rio Carvalho questiona Banco Central a respeito de estrat\u00e9gias para reduzir a d\u00edvida p\u00fablica\",\"datePublished\":\"2023-03-15T01:20:33+00:00\",\"dateModified\":\"2023-03-15T01:20:34+00:00\",\"mainEntityOfPage\":{\"@id\":\"https:\\\/\\\/ocoerente.com.br\\\/se\\\/2023\\\/03\\\/14\\\/rogerio-carvalho-questiona-banco-central-a-respeito-de-estrategias-para-reduzir-a-divida-publica\\\/\"},\"wordCount\":510,\"publisher\":{\"@id\":\"https:\\\/\\\/ocoerente.com.br\\\/se\\\/#\\\/schema\\\/person\\\/cc6bfd9fbca465e23543b0c963d8d037\"},\"image\":{\"@id\":\"https:\\\/\\\/ocoerente.com.br\\\/se\\\/2023\\\/03\\\/14\\\/rogerio-carvalho-questiona-banco-central-a-respeito-de-estrategias-para-reduzir-a-divida-publica\\\/#primaryimage\"},\"thumbnailUrl\":\"https:\\\/\\\/ocoerente.com.br\\\/se\\\/wp-content\\\/uploads\\\/2023\\\/03\\\/rororogg.jpg\",\"articleSection\":[\"Destaques\",\"Pol\u00edtica\"],\"inLanguage\":\"pt-BR\"},{\"@type\":\"WebPage\",\"@id\":\"https:\\\/\\\/ocoerente.com.br\\\/se\\\/2023\\\/03\\\/14\\\/rogerio-carvalho-questiona-banco-central-a-respeito-de-estrategias-para-reduzir-a-divida-publica\\\/\",\"url\":\"https:\\\/\\\/ocoerente.com.br\\\/se\\\/2023\\\/03\\\/14\\\/rogerio-carvalho-questiona-banco-central-a-respeito-de-estrategias-para-reduzir-a-divida-publica\\\/\",\"name\":\"Rog\u00e9rio Carvalho questiona Banco Central a respeito de estrat\u00e9gias para reduzir a d\u00edvida p\u00fablica - O Coerente\",\"isPartOf\":{\"@id\":\"https:\\\/\\\/ocoerente.com.br\\\/se\\\/#website\"},\"primaryImageOfPage\":{\"@id\":\"https:\\\/\\\/ocoerente.com.br\\\/se\\\/2023\\\/03\\\/14\\\/rogerio-carvalho-questiona-banco-central-a-respeito-de-estrategias-para-reduzir-a-divida-publica\\\/#primaryimage\"},\"image\":{\"@id\":\"https:\\\/\\\/ocoerente.com.br\\\/se\\\/2023\\\/03\\\/14\\\/rogerio-carvalho-questiona-banco-central-a-respeito-de-estrategias-para-reduzir-a-divida-publica\\\/#primaryimage\"},\"thumbnailUrl\":\"https:\\\/\\\/ocoerente.com.br\\\/se\\\/wp-content\\\/uploads\\\/2023\\\/03\\\/rororogg.jpg\",\"datePublished\":\"2023-03-15T01:20:33+00:00\",\"dateModified\":\"2023-03-15T01:20:34+00:00\",\"breadcrumb\":{\"@id\":\"https:\\\/\\\/ocoerente.com.br\\\/se\\\/2023\\\/03\\\/14\\\/rogerio-carvalho-questiona-banco-central-a-respeito-de-estrategias-para-reduzir-a-divida-publica\\\/#breadcrumb\"},\"inLanguage\":\"pt-BR\",\"potentialAction\":[{\"@type\":\"ReadAction\",\"target\":[\"https:\\\/\\\/ocoerente.com.br\\\/se\\\/2023\\\/03\\\/14\\\/rogerio-carvalho-questiona-banco-central-a-respeito-de-estrategias-para-reduzir-a-divida-publica\\\/\"]}]},{\"@type\":\"ImageObject\",\"inLanguage\":\"pt-BR\",\"@id\":\"https:\\\/\\\/ocoerente.com.br\\\/se\\\/2023\\\/03\\\/14\\\/rogerio-carvalho-questiona-banco-central-a-respeito-de-estrategias-para-reduzir-a-divida-publica\\\/#primaryimage\",\"url\":\"https:\\\/\\\/ocoerente.com.br\\\/se\\\/wp-content\\\/uploads\\\/2023\\\/03\\\/rororogg.jpg\",\"contentUrl\":\"https:\\\/\\\/ocoerente.com.br\\\/se\\\/wp-content\\\/uploads\\\/2023\\\/03\\\/rororogg.jpg\",\"width\":798,\"height\":604},{\"@type\":\"BreadcrumbList\",\"@id\":\"https:\\\/\\\/ocoerente.com.br\\\/se\\\/2023\\\/03\\\/14\\\/rogerio-carvalho-questiona-banco-central-a-respeito-de-estrategias-para-reduzir-a-divida-publica\\\/#breadcrumb\",\"itemListElement\":[{\"@type\":\"ListItem\",\"position\":1,\"name\":\"In\u00edcio\",\"item\":\"https:\\\/\\\/ocoerente.com.br\\\/se\\\/\"},{\"@type\":\"ListItem\",\"position\":2,\"name\":\"Rog\u00e9rio Carvalho questiona Banco Central a respeito de estrat\u00e9gias para reduzir a d\u00edvida p\u00fablica\"}]},{\"@type\":\"WebSite\",\"@id\":\"https:\\\/\\\/ocoerente.com.br\\\/se\\\/#website\",\"url\":\"https:\\\/\\\/ocoerente.com.br\\\/se\\\/\",\"name\":\"O Coerente\",\"description\":\"\",\"publisher\":{\"@id\":\"https:\\\/\\\/ocoerente.com.br\\\/se\\\/#\\\/schema\\\/person\\\/cc6bfd9fbca465e23543b0c963d8d037\"},\"potentialAction\":[{\"@type\":\"SearchAction\",\"target\":{\"@type\":\"EntryPoint\",\"urlTemplate\":\"https:\\\/\\\/ocoerente.com.br\\\/se\\\/?s={search_term_string}\"},\"query-input\":{\"@type\":\"PropertyValueSpecification\",\"valueRequired\":true,\"valueName\":\"search_term_string\"}}],\"inLanguage\":\"pt-BR\"},{\"@type\":[\"Person\",\"Organization\"],\"@id\":\"https:\\\/\\\/ocoerente.com.br\\\/se\\\/#\\\/schema\\\/person\\\/cc6bfd9fbca465e23543b0c963d8d037\",\"name\":\"Reda\u00e7\u00e3o\",\"image\":{\"@type\":\"ImageObject\",\"inLanguage\":\"pt-BR\",\"@id\":\"https:\\\/\\\/ocoerente.com.br\\\/se\\\/wp-content\\\/uploads\\\/2020\\\/01\\\/ocoerente-1.png\",\"url\":\"https:\\\/\\\/ocoerente.com.br\\\/se\\\/wp-content\\\/uploads\\\/2020\\\/01\\\/ocoerente-1.png\",\"contentUrl\":\"https:\\\/\\\/ocoerente.com.br\\\/se\\\/wp-content\\\/uploads\\\/2020\\\/01\\\/ocoerente-1.png\",\"width\":50,\"height\":50,\"caption\":\"Reda\u00e7\u00e3o\"},\"logo\":{\"@id\":\"https:\\\/\\\/ocoerente.com.br\\\/se\\\/wp-content\\\/uploads\\\/2020\\\/01\\\/ocoerente-1.png\"},\"url\":\"https:\\\/\\\/ocoerente.com.br\\\/se\\\/author\\\/vasticlsales\\\/\"}]}<\/script>\n<!-- \/ Yoast SEO plugin. -->","yoast_head_json":{"title":"Rog\u00e9rio Carvalho questiona Banco Central a respeito de estrat\u00e9gias para reduzir a d\u00edvida p\u00fablica - O Coerente","robots":{"index":"index","follow":"follow","max-snippet":"max-snippet:-1","max-image-preview":"max-image-preview:large","max-video-preview":"max-video-preview:-1"},"canonical":"https:\/\/ocoerente.com.br\/se\/2023\/03\/14\/rogerio-carvalho-questiona-banco-central-a-respeito-de-estrategias-para-reduzir-a-divida-publica\/","og_locale":"pt_BR","og_type":"article","og_title":"Rog\u00e9rio Carvalho questiona Banco Central a respeito de estrat\u00e9gias para reduzir a d\u00edvida p\u00fablica - O Coerente","og_description":"O senador Rog\u00e9rio Carvalho (PT\/SE) destacou, nesta ter\u00e7a-feira, 14, que o presidente do Banco Central, Roberto Campos Neto, dever\u00e1 ir ao Senado Federal para dar explica\u00e7\u00f5es sobre quest\u00f5es ligadas a taxa\u00e7\u00e3o b\u00e1sica de juros no Brasil. O 1\u00ba Secret\u00e1rio pontuou, durante reuni\u00e3o na Comiss\u00e3o de Assuntos Econ\u00f4micos (CAE), que a Lei 14.185\/2021 foi aprovada justamente [&hellip;]","og_url":"https:\/\/ocoerente.com.br\/se\/2023\/03\/14\/rogerio-carvalho-questiona-banco-central-a-respeito-de-estrategias-para-reduzir-a-divida-publica\/","og_site_name":"O Coerente","article_published_time":"2023-03-15T01:20:33+00:00","article_modified_time":"2023-03-15T01:20:34+00:00","og_image":[{"width":798,"height":604,"url":"https:\/\/ocoerente.com.br\/se\/wp-content\/uploads\/2023\/03\/rororogg.jpg","type":"image\/jpeg"}],"author":"Reda\u00e7\u00e3o","twitter_card":"summary_large_image","twitter_misc":{"Escrito por":"Reda\u00e7\u00e3o","Est. tempo de leitura":"3 minutos"},"schema":{"@context":"https:\/\/schema.org","@graph":[{"@type":"Article","@id":"https:\/\/ocoerente.com.br\/se\/2023\/03\/14\/rogerio-carvalho-questiona-banco-central-a-respeito-de-estrategias-para-reduzir-a-divida-publica\/#article","isPartOf":{"@id":"https:\/\/ocoerente.com.br\/se\/2023\/03\/14\/rogerio-carvalho-questiona-banco-central-a-respeito-de-estrategias-para-reduzir-a-divida-publica\/"},"author":{"name":"Reda\u00e7\u00e3o","@id":"https:\/\/ocoerente.com.br\/se\/#\/schema\/person\/cc6bfd9fbca465e23543b0c963d8d037"},"headline":"Rog\u00e9rio Carvalho questiona Banco Central a respeito de estrat\u00e9gias para reduzir a d\u00edvida p\u00fablica","datePublished":"2023-03-15T01:20:33+00:00","dateModified":"2023-03-15T01:20:34+00:00","mainEntityOfPage":{"@id":"https:\/\/ocoerente.com.br\/se\/2023\/03\/14\/rogerio-carvalho-questiona-banco-central-a-respeito-de-estrategias-para-reduzir-a-divida-publica\/"},"wordCount":510,"publisher":{"@id":"https:\/\/ocoerente.com.br\/se\/#\/schema\/person\/cc6bfd9fbca465e23543b0c963d8d037"},"image":{"@id":"https:\/\/ocoerente.com.br\/se\/2023\/03\/14\/rogerio-carvalho-questiona-banco-central-a-respeito-de-estrategias-para-reduzir-a-divida-publica\/#primaryimage"},"thumbnailUrl":"https:\/\/ocoerente.com.br\/se\/wp-content\/uploads\/2023\/03\/rororogg.jpg","articleSection":["Destaques","Pol\u00edtica"],"inLanguage":"pt-BR"},{"@type":"WebPage","@id":"https:\/\/ocoerente.com.br\/se\/2023\/03\/14\/rogerio-carvalho-questiona-banco-central-a-respeito-de-estrategias-para-reduzir-a-divida-publica\/","url":"https:\/\/ocoerente.com.br\/se\/2023\/03\/14\/rogerio-carvalho-questiona-banco-central-a-respeito-de-estrategias-para-reduzir-a-divida-publica\/","name":"Rog\u00e9rio Carvalho questiona Banco Central a respeito de estrat\u00e9gias para reduzir a d\u00edvida p\u00fablica - O Coerente","isPartOf":{"@id":"https:\/\/ocoerente.com.br\/se\/#website"},"primaryImageOfPage":{"@id":"https:\/\/ocoerente.com.br\/se\/2023\/03\/14\/rogerio-carvalho-questiona-banco-central-a-respeito-de-estrategias-para-reduzir-a-divida-publica\/#primaryimage"},"image":{"@id":"https:\/\/ocoerente.com.br\/se\/2023\/03\/14\/rogerio-carvalho-questiona-banco-central-a-respeito-de-estrategias-para-reduzir-a-divida-publica\/#primaryimage"},"thumbnailUrl":"https:\/\/ocoerente.com.br\/se\/wp-content\/uploads\/2023\/03\/rororogg.jpg","datePublished":"2023-03-15T01:20:33+00:00","dateModified":"2023-03-15T01:20:34+00:00","breadcrumb":{"@id":"https:\/\/ocoerente.com.br\/se\/2023\/03\/14\/rogerio-carvalho-questiona-banco-central-a-respeito-de-estrategias-para-reduzir-a-divida-publica\/#breadcrumb"},"inLanguage":"pt-BR","potentialAction":[{"@type":"ReadAction","target":["https:\/\/ocoerente.com.br\/se\/2023\/03\/14\/rogerio-carvalho-questiona-banco-central-a-respeito-de-estrategias-para-reduzir-a-divida-publica\/"]}]},{"@type":"ImageObject","inLanguage":"pt-BR","@id":"https:\/\/ocoerente.com.br\/se\/2023\/03\/14\/rogerio-carvalho-questiona-banco-central-a-respeito-de-estrategias-para-reduzir-a-divida-publica\/#primaryimage","url":"https:\/\/ocoerente.com.br\/se\/wp-content\/uploads\/2023\/03\/rororogg.jpg","contentUrl":"https:\/\/ocoerente.com.br\/se\/wp-content\/uploads\/2023\/03\/rororogg.jpg","width":798,"height":604},{"@type":"BreadcrumbList","@id":"https:\/\/ocoerente.com.br\/se\/2023\/03\/14\/rogerio-carvalho-questiona-banco-central-a-respeito-de-estrategias-para-reduzir-a-divida-publica\/#breadcrumb","itemListElement":[{"@type":"ListItem","position":1,"name":"In\u00edcio","item":"https:\/\/ocoerente.com.br\/se\/"},{"@type":"ListItem","position":2,"name":"Rog\u00e9rio Carvalho questiona Banco Central a respeito de estrat\u00e9gias para reduzir a d\u00edvida p\u00fablica"}]},{"@type":"WebSite","@id":"https:\/\/ocoerente.com.br\/se\/#website","url":"https:\/\/ocoerente.com.br\/se\/","name":"O Coerente","description":"","publisher":{"@id":"https:\/\/ocoerente.com.br\/se\/#\/schema\/person\/cc6bfd9fbca465e23543b0c963d8d037"},"potentialAction":[{"@type":"SearchAction","target":{"@type":"EntryPoint","urlTemplate":"https:\/\/ocoerente.com.br\/se\/?s={search_term_string}"},"query-input":{"@type":"PropertyValueSpecification","valueRequired":true,"valueName":"search_term_string"}}],"inLanguage":"pt-BR"},{"@type":["Person","Organization"],"@id":"https:\/\/ocoerente.com.br\/se\/#\/schema\/person\/cc6bfd9fbca465e23543b0c963d8d037","name":"Reda\u00e7\u00e3o","image":{"@type":"ImageObject","inLanguage":"pt-BR","@id":"https:\/\/ocoerente.com.br\/se\/wp-content\/uploads\/2020\/01\/ocoerente-1.png","url":"https:\/\/ocoerente.com.br\/se\/wp-content\/uploads\/2020\/01\/ocoerente-1.png","contentUrl":"https:\/\/ocoerente.com.br\/se\/wp-content\/uploads\/2020\/01\/ocoerente-1.png","width":50,"height":50,"caption":"Reda\u00e7\u00e3o"},"logo":{"@id":"https:\/\/ocoerente.com.br\/se\/wp-content\/uploads\/2020\/01\/ocoerente-1.png"},"url":"https:\/\/ocoerente.com.br\/se\/author\/vasticlsales\/"}]}},"_links":{"self":[{"href":"https:\/\/ocoerente.com.br\/se\/wp-json\/wp\/v2\/posts\/7469","targetHints":{"allow":["GET"]}}],"collection":[{"href":"https:\/\/ocoerente.com.br\/se\/wp-json\/wp\/v2\/posts"}],"about":[{"href":"https:\/\/ocoerente.com.br\/se\/wp-json\/wp\/v2\/types\/post"}],"author":[{"embeddable":true,"href":"https:\/\/ocoerente.com.br\/se\/wp-json\/wp\/v2\/users\/1"}],"replies":[{"embeddable":true,"href":"https:\/\/ocoerente.com.br\/se\/wp-json\/wp\/v2\/comments?post=7469"}],"version-history":[{"count":1,"href":"https:\/\/ocoerente.com.br\/se\/wp-json\/wp\/v2\/posts\/7469\/revisions"}],"predecessor-version":[{"id":7471,"href":"https:\/\/ocoerente.com.br\/se\/wp-json\/wp\/v2\/posts\/7469\/revisions\/7471"}],"wp:featuredmedia":[{"embeddable":true,"href":"https:\/\/ocoerente.com.br\/se\/wp-json\/wp\/v2\/media\/7470"}],"wp:attachment":[{"href":"https:\/\/ocoerente.com.br\/se\/wp-json\/wp\/v2\/media?parent=7469"}],"wp:term":[{"taxonomy":"category","embeddable":true,"href":"https:\/\/ocoerente.com.br\/se\/wp-json\/wp\/v2\/categories?post=7469"},{"taxonomy":"post_tag","embeddable":true,"href":"https:\/\/ocoerente.com.br\/se\/wp-json\/wp\/v2\/tags?post=7469"}],"curies":[{"name":"wp","href":"https:\/\/api.w.org\/{rel}","templated":true}]}}