{"id":7466,"date":"2023-03-14T22:17:56","date_gmt":"2023-03-15T01:17:56","guid":{"rendered":"https:\/\/ocoerente.com.br\/se\/?p=7466"},"modified":"2023-03-14T22:17:57","modified_gmt":"2023-03-15T01:17:57","slug":"dino-governo-prepara-pl-para-regulamentacao-das-redes-sociais","status":"publish","type":"post","link":"https:\/\/ocoerente.com.br\/se\/2023\/03\/14\/dino-governo-prepara-pl-para-regulamentacao-das-redes-sociais\/","title":{"rendered":"Dino: governo prepara PL para regulamenta\u00e7\u00e3o das redes sociais"},"content":{"rendered":"\n<p>Ministro da Justi\u00e7a espera que a lei seja aprovada ainda neste ano<\/p>\n\n\n\n<p>O ministro da Justi\u00e7a e Seguran\u00e7a P\u00fablica, Fl\u00e1vio Dino, disse que,&nbsp;junto com a Secretaria de Comunica\u00e7\u00e3o (Secom),&nbsp;a pasta est\u00e1 preparando proposta de projeto de lei de regulamenta\u00e7\u00e3o das redes sociais. A estimativa, segundo ele, \u00e9 encaminhar o texto \u2013 que j\u00e1 tem as linhas gerais definidas e unidade na equipe de governo \u2013&nbsp;para avalia\u00e7\u00e3o do presidente Luiz In\u00e1cio Lula da Silva na pr\u00f3xima semana. Dino informou que se o presidente concordar com a proposta, o texto ser\u00e1 encaminhado \u00e0 C\u00e2mara dos Deputados.<img decoding=\"async\" src=\"https:\/\/agenciabrasil.ebc.com.br\/ebc.png?id=1515964&amp;o=node\"><img decoding=\"async\" src=\"https:\/\/agenciabrasil.ebc.com.br\/ebc.gif?id=1515964&amp;o=node\"><\/p>\n\n\n\n<p>\u201cJ\u00e1 temos a tramita\u00e7\u00e3o de um projeto de lei l\u00e1, sob a relatoria do deputado Orlando [Silva] e a nossa ideia inicial \u00e9 que o conte\u00fado seja aproveitado para&nbsp;qualificar, e termos uma legisla\u00e7\u00e3o moderna, adequada e que proteja as liberdades e garanta, ao mesmo tempo, que a internet n\u00e3o seja uma guerra. Que haja dever e cuidado por parte das empresas, e haja um sistema de responsabilidade, no caso de cometimento de crimes por interm\u00e9dio dessas plataformas\u201d, disse.<\/p>\n\n\n\n<p>Segundo o ministro, o projeto em discuss\u00e3o na C\u00e2mara j\u00e1 passou pelo Senado e, aparentemente, vai ocorrer mudan\u00e7a por parte dos deputados e isso implica no retorno \u00e0 avalia\u00e7\u00e3o dos senadores. Mesmo assim, ele disse esperar que a lei seja aprovada ainda neste ano.&nbsp;<\/p>\n\n\n\n<p>Dino lembrou que, em paralelo, h\u00e1 duas a\u00e7\u00f5es diretas de inconstitucionalidade tramitando no STF. \u201cHaver\u00e1 uma audi\u00eancia p\u00fablica no dia&nbsp;28 de mar\u00e7o, e claro, conclu\u00edda esta fase o Supremo tamb\u00e9m pode julgar, de modo que s\u00e3o dois caminhos diferentes que ir\u00e3o se complementar, no sentido de termos novos marcos jur\u00eddicos sobre internet no Brasil ainda neste ano de 2023, seja por delibera\u00e7\u00e3o do Congresso, seja por delibera\u00e7\u00e3o do Supremo\u201d, completou.<\/p>\n\n\n\n<p>Em outra frente o Tribunal Superior Eleitoral (TSE) est\u00e1 preparado um relat\u00f3rio que tamb\u00e9m ser\u00e1 encaminhado ao Congresso. Segundo o presidente do TSE e ministro do Alexandre de Moraes, a inten\u00e7\u00e3o \u00e9 acrescentar sugest\u00f5es ao PL de origem do Senado e em tramita\u00e7\u00e3o na C\u00e2mara com relatoria do deputado Orlando Silva (PCdoB \u2013 SP). Moraes acrescentou que, para concluir o trabalho, tem conversado com representantes das redes sociais.<\/p>\n\n\n\n<p>Para o presidente do TSE, as discuss\u00f5es t\u00eam que levar em conta tr\u00eas pontos: a transpar\u00eancia no uso dos algoritmos, o engajamento maior e a monetiza\u00e7\u00e3o das redes sociais. \u201cN\u00e3o importa qual seja a informa\u00e7\u00e3o, se est\u00e1 ganhando dinheiro tem que&nbsp;ter&nbsp;responsabilidade pela informa\u00e7\u00e3o\u201d, disse<\/p>\n\n\n\n<p>Moraes defendeu que, neste momento, para uma nova legisla\u00e7\u00e3o, n\u00e3o precisa ser definido o conceito de&nbsp;<em>fake news<\/em>, sob pena do pa\u00eds ficar sem uma regulamenta\u00e7\u00e3o do setor. \u201cN\u00e3o precisamos, de in\u00edcio, exigir que toda, absolutamente toda informa\u00e7\u00e3o seja checada pelas plataformas, mas podemos exigir estes tr\u00eas pontos e que todas as&nbsp;<em>big tecs<\/em>&nbsp;tenham responsabilidade, com maior transpar\u00eancia dos algoritmos. H\u00e1 necessidade. A utiliza\u00e7\u00e3o de algoritmos faz com que qualquer plataforma deixe de ser algo inerte onde se colocou conte\u00fado e passou a atuar. Se passou a atuar pode ser responsabilizada\u201d, apontou.<\/p>\n\n\n\n<p>\u201cO que voc\u00ea n\u00e3o pode fazer na vida real, n\u00e3o pode fazer escondido nas redes sociais. \u00c9 simples isso. Agora, como responsabilizar, como ir atr\u00e1s do anonimato, de redes sociais que se escondem em para\u00edsos n\u00e3o mais fiscais, mas digitais? Essa \u00e9 uma outra quest\u00e3o. Se n\u00f3s n\u00e3o tivermos premissas s\u00f3lidas para iniciar a discuss\u00e3o n\u00f3s n\u00e3o vamos chegar a lugar nenhum. A primeira premissa \u00e9: a lei vale para o real e para o virtual.\u201d<\/p>\n\n\n\n<p>O presidente da C\u00e2mara, Arthur Lira, defendeu equil\u00edbrio na discuss\u00e3o do tema e que n\u00e3o se pode permitir radicaliza\u00e7\u00f5es de nenhuma das partes. Lira destacou que, desde a aprova\u00e7\u00e3o do texto pelo Senado, muitos fatos ocorreram envolvendo a participa\u00e7\u00e3o em redes sociais. Para ele, \u00e9 poss\u00edvel fazer um consenso entre as propostas para a aprova\u00e7\u00e3o de uma lei para o setor.<\/p>\n\n\n\n<p>\u201cCaber\u00e1 ao relator Orlando fazer uma s\u00edntese de propostas que vir\u00e3o do Poder Executivo, do Poder Judici\u00e1rio, sociedade civil e \u00f3rg\u00e3os interessados, para que a gente construa realmente um texto adequado, que propicie as altera\u00e7\u00f5es que n\u00f3s desejamos, todos brasileiros, para que a liberdade de express\u00e3o seja preservada, mas, ao mesmo tempo, a responsabilidade necess\u00e1ria com todos os caminhos adequados tanto para as&nbsp;<em>big tecs<\/em>&nbsp;como para os usu\u00e1rios\u201d, disse.<\/p>\n\n\n\n<p>\u201c\u00c9 pol\u00eamico o tema, \u00e9 abstrato, \u00e9 subjetivo, dito pelo pr\u00f3prio ministro que tem \u00e1reas escuras, opacas, claras, ent\u00e3o n\u00f3s teremos um trabalho duro para aprovar este texto. N\u00f3s n\u00e3o conseguimos sequer votar a urg\u00eancia no mandato passado, mas a&nbsp; necessidade de se chegar a um bom termo, em um tema que est\u00e1 desequilibrado, \u00e9 importante que todos n\u00f3s nos empenhamos\u201d, concluiu.<\/p>\n\n\n\n<p>Na avalia\u00e7\u00e3o de Lira o tema est\u00e1 bastante maduro em rela\u00e7\u00e3o a sua espinha dorsal. \u201cO poder judici\u00e1rio vai prestar algum tipo de contribui\u00e7\u00e3o ali pelo dia 15, 16 e o relator j\u00e1 vem conversando com alguns assessores e com o ministro da Justi\u00e7a para tamb\u00e9m trazer para o plen\u00e1rio as contribui\u00e7\u00f5es do executivo. Por que isso \u00e9 importante? Porque s\u00e3o setores que v\u00e3o influenciar na vota\u00e7\u00e3o e na condu\u00e7\u00e3o dos votos para que a gente tenha a aprova\u00e7\u00e3o. De um lado, a gente n\u00e3o vai poder traduzir com liberdade de express\u00e3o excessiva, em que tudo \u00e9 permissivo e tamb\u00e9m n\u00e3o s\u00f3 uma restri\u00e7\u00e3o punitiva.\u201d<\/p>\n\n\n\n<p><em>Fonte: Ag\u00eancia Brasil<\/em><br><em>Foto: T\u00e2nia R\u00eago\/Ag\u00eancia Brasil<\/em><\/p>\n","protected":false},"excerpt":{"rendered":"<p>Ministro da Justi\u00e7a espera que a lei seja aprovada ainda neste ano O ministro da Justi\u00e7a e Seguran\u00e7a P\u00fablica, Fl\u00e1vio Dino, disse que,&nbsp;junto com a Secretaria de Comunica\u00e7\u00e3o (Secom),&nbsp;a pasta est\u00e1 preparando proposta de projeto de lei de regulamenta\u00e7\u00e3o das redes sociais. A estimativa, segundo ele, \u00e9 encaminhar o texto \u2013 que j\u00e1 tem as [&hellip;]<\/p>\n","protected":false},"author":1,"featured_media":7467,"comment_status":"closed","ping_status":"closed","sticky":false,"template":"","format":"standard","meta":{"footnotes":""},"categories":[48,53],"tags":[],"class_list":["post-7466","post","type-post","status-publish","format-standard","has-post-thumbnail","hentry","category-brasil","category-destaques"],"yoast_head":"<!-- This site is optimized with the Yoast SEO plugin v27.4 - https:\/\/yoast.com\/product\/yoast-seo-wordpress\/ -->\n<title>Dino: governo prepara PL para regulamenta\u00e7\u00e3o das redes sociais - O Coerente<\/title>\n<meta name=\"robots\" content=\"index, follow, max-snippet:-1, max-image-preview:large, max-video-preview:-1\" \/>\n<link rel=\"canonical\" href=\"https:\/\/ocoerente.com.br\/se\/2023\/03\/14\/dino-governo-prepara-pl-para-regulamentacao-das-redes-sociais\/\" \/>\n<meta property=\"og:locale\" content=\"pt_BR\" \/>\n<meta property=\"og:type\" content=\"article\" \/>\n<meta property=\"og:title\" content=\"Dino: governo prepara PL para regulamenta\u00e7\u00e3o das redes sociais - O Coerente\" \/>\n<meta property=\"og:description\" content=\"Ministro da Justi\u00e7a espera que a lei seja aprovada ainda neste ano O ministro da Justi\u00e7a e Seguran\u00e7a P\u00fablica, Fl\u00e1vio Dino, disse que,&nbsp;junto com a Secretaria de Comunica\u00e7\u00e3o (Secom),&nbsp;a pasta est\u00e1 preparando proposta de projeto de lei de regulamenta\u00e7\u00e3o das redes sociais. A estimativa, segundo ele, \u00e9 encaminhar o texto \u2013 que j\u00e1 tem as [&hellip;]\" \/>\n<meta property=\"og:url\" content=\"https:\/\/ocoerente.com.br\/se\/2023\/03\/14\/dino-governo-prepara-pl-para-regulamentacao-das-redes-sociais\/\" \/>\n<meta property=\"og:site_name\" content=\"O Coerente\" \/>\n<meta property=\"article:published_time\" content=\"2023-03-15T01:17:56+00:00\" \/>\n<meta property=\"article:modified_time\" content=\"2023-03-15T01:17:57+00:00\" \/>\n<meta property=\"og:image\" content=\"https:\/\/ocoerente.com.br\/se\/wp-content\/uploads\/2023\/03\/FlavioDinnno.jpg\" \/>\n\t<meta property=\"og:image:width\" content=\"522\" \/>\n\t<meta property=\"og:image:height\" content=\"325\" \/>\n\t<meta property=\"og:image:type\" content=\"image\/jpeg\" \/>\n<meta name=\"author\" content=\"Reda\u00e7\u00e3o\" \/>\n<meta name=\"twitter:card\" content=\"summary_large_image\" \/>\n<meta name=\"twitter:label1\" content=\"Escrito por\" \/>\n\t<meta name=\"twitter:data1\" content=\"Reda\u00e7\u00e3o\" \/>\n\t<meta name=\"twitter:label2\" content=\"Est. tempo de leitura\" \/>\n\t<meta name=\"twitter:data2\" content=\"6 minutos\" \/>\n<script type=\"application\/ld+json\" class=\"yoast-schema-graph\">{\"@context\":\"https:\\\/\\\/schema.org\",\"@graph\":[{\"@type\":\"Article\",\"@id\":\"https:\\\/\\\/ocoerente.com.br\\\/se\\\/2023\\\/03\\\/14\\\/dino-governo-prepara-pl-para-regulamentacao-das-redes-sociais\\\/#article\",\"isPartOf\":{\"@id\":\"https:\\\/\\\/ocoerente.com.br\\\/se\\\/2023\\\/03\\\/14\\\/dino-governo-prepara-pl-para-regulamentacao-das-redes-sociais\\\/\"},\"author\":{\"name\":\"Reda\u00e7\u00e3o\",\"@id\":\"https:\\\/\\\/ocoerente.com.br\\\/se\\\/#\\\/schema\\\/person\\\/cc6bfd9fbca465e23543b0c963d8d037\"},\"headline\":\"Dino: governo prepara PL para regulamenta\u00e7\u00e3o das redes sociais\",\"datePublished\":\"2023-03-15T01:17:56+00:00\",\"dateModified\":\"2023-03-15T01:17:57+00:00\",\"mainEntityOfPage\":{\"@id\":\"https:\\\/\\\/ocoerente.com.br\\\/se\\\/2023\\\/03\\\/14\\\/dino-governo-prepara-pl-para-regulamentacao-das-redes-sociais\\\/\"},\"wordCount\":998,\"publisher\":{\"@id\":\"https:\\\/\\\/ocoerente.com.br\\\/se\\\/#\\\/schema\\\/person\\\/cc6bfd9fbca465e23543b0c963d8d037\"},\"image\":{\"@id\":\"https:\\\/\\\/ocoerente.com.br\\\/se\\\/2023\\\/03\\\/14\\\/dino-governo-prepara-pl-para-regulamentacao-das-redes-sociais\\\/#primaryimage\"},\"thumbnailUrl\":\"https:\\\/\\\/ocoerente.com.br\\\/se\\\/wp-content\\\/uploads\\\/2023\\\/03\\\/FlavioDinnno.jpg\",\"articleSection\":[\"Brasil\",\"Destaques\"],\"inLanguage\":\"pt-BR\"},{\"@type\":\"WebPage\",\"@id\":\"https:\\\/\\\/ocoerente.com.br\\\/se\\\/2023\\\/03\\\/14\\\/dino-governo-prepara-pl-para-regulamentacao-das-redes-sociais\\\/\",\"url\":\"https:\\\/\\\/ocoerente.com.br\\\/se\\\/2023\\\/03\\\/14\\\/dino-governo-prepara-pl-para-regulamentacao-das-redes-sociais\\\/\",\"name\":\"Dino: governo prepara PL para regulamenta\u00e7\u00e3o das redes sociais - O Coerente\",\"isPartOf\":{\"@id\":\"https:\\\/\\\/ocoerente.com.br\\\/se\\\/#website\"},\"primaryImageOfPage\":{\"@id\":\"https:\\\/\\\/ocoerente.com.br\\\/se\\\/2023\\\/03\\\/14\\\/dino-governo-prepara-pl-para-regulamentacao-das-redes-sociais\\\/#primaryimage\"},\"image\":{\"@id\":\"https:\\\/\\\/ocoerente.com.br\\\/se\\\/2023\\\/03\\\/14\\\/dino-governo-prepara-pl-para-regulamentacao-das-redes-sociais\\\/#primaryimage\"},\"thumbnailUrl\":\"https:\\\/\\\/ocoerente.com.br\\\/se\\\/wp-content\\\/uploads\\\/2023\\\/03\\\/FlavioDinnno.jpg\",\"datePublished\":\"2023-03-15T01:17:56+00:00\",\"dateModified\":\"2023-03-15T01:17:57+00:00\",\"breadcrumb\":{\"@id\":\"https:\\\/\\\/ocoerente.com.br\\\/se\\\/2023\\\/03\\\/14\\\/dino-governo-prepara-pl-para-regulamentacao-das-redes-sociais\\\/#breadcrumb\"},\"inLanguage\":\"pt-BR\",\"potentialAction\":[{\"@type\":\"ReadAction\",\"target\":[\"https:\\\/\\\/ocoerente.com.br\\\/se\\\/2023\\\/03\\\/14\\\/dino-governo-prepara-pl-para-regulamentacao-das-redes-sociais\\\/\"]}]},{\"@type\":\"ImageObject\",\"inLanguage\":\"pt-BR\",\"@id\":\"https:\\\/\\\/ocoerente.com.br\\\/se\\\/2023\\\/03\\\/14\\\/dino-governo-prepara-pl-para-regulamentacao-das-redes-sociais\\\/#primaryimage\",\"url\":\"https:\\\/\\\/ocoerente.com.br\\\/se\\\/wp-content\\\/uploads\\\/2023\\\/03\\\/FlavioDinnno.jpg\",\"contentUrl\":\"https:\\\/\\\/ocoerente.com.br\\\/se\\\/wp-content\\\/uploads\\\/2023\\\/03\\\/FlavioDinnno.jpg\",\"width\":522,\"height\":325},{\"@type\":\"BreadcrumbList\",\"@id\":\"https:\\\/\\\/ocoerente.com.br\\\/se\\\/2023\\\/03\\\/14\\\/dino-governo-prepara-pl-para-regulamentacao-das-redes-sociais\\\/#breadcrumb\",\"itemListElement\":[{\"@type\":\"ListItem\",\"position\":1,\"name\":\"In\u00edcio\",\"item\":\"https:\\\/\\\/ocoerente.com.br\\\/se\\\/\"},{\"@type\":\"ListItem\",\"position\":2,\"name\":\"Dino: governo prepara PL para regulamenta\u00e7\u00e3o das redes sociais\"}]},{\"@type\":\"WebSite\",\"@id\":\"https:\\\/\\\/ocoerente.com.br\\\/se\\\/#website\",\"url\":\"https:\\\/\\\/ocoerente.com.br\\\/se\\\/\",\"name\":\"O Coerente\",\"description\":\"\",\"publisher\":{\"@id\":\"https:\\\/\\\/ocoerente.com.br\\\/se\\\/#\\\/schema\\\/person\\\/cc6bfd9fbca465e23543b0c963d8d037\"},\"potentialAction\":[{\"@type\":\"SearchAction\",\"target\":{\"@type\":\"EntryPoint\",\"urlTemplate\":\"https:\\\/\\\/ocoerente.com.br\\\/se\\\/?s={search_term_string}\"},\"query-input\":{\"@type\":\"PropertyValueSpecification\",\"valueRequired\":true,\"valueName\":\"search_term_string\"}}],\"inLanguage\":\"pt-BR\"},{\"@type\":[\"Person\",\"Organization\"],\"@id\":\"https:\\\/\\\/ocoerente.com.br\\\/se\\\/#\\\/schema\\\/person\\\/cc6bfd9fbca465e23543b0c963d8d037\",\"name\":\"Reda\u00e7\u00e3o\",\"image\":{\"@type\":\"ImageObject\",\"inLanguage\":\"pt-BR\",\"@id\":\"https:\\\/\\\/ocoerente.com.br\\\/se\\\/wp-content\\\/uploads\\\/2020\\\/01\\\/ocoerente-1.png\",\"url\":\"https:\\\/\\\/ocoerente.com.br\\\/se\\\/wp-content\\\/uploads\\\/2020\\\/01\\\/ocoerente-1.png\",\"contentUrl\":\"https:\\\/\\\/ocoerente.com.br\\\/se\\\/wp-content\\\/uploads\\\/2020\\\/01\\\/ocoerente-1.png\",\"width\":50,\"height\":50,\"caption\":\"Reda\u00e7\u00e3o\"},\"logo\":{\"@id\":\"https:\\\/\\\/ocoerente.com.br\\\/se\\\/wp-content\\\/uploads\\\/2020\\\/01\\\/ocoerente-1.png\"},\"url\":\"https:\\\/\\\/ocoerente.com.br\\\/se\\\/author\\\/vasticlsales\\\/\"}]}<\/script>\n<!-- \/ Yoast SEO plugin. -->","yoast_head_json":{"title":"Dino: governo prepara PL para regulamenta\u00e7\u00e3o das redes sociais - O Coerente","robots":{"index":"index","follow":"follow","max-snippet":"max-snippet:-1","max-image-preview":"max-image-preview:large","max-video-preview":"max-video-preview:-1"},"canonical":"https:\/\/ocoerente.com.br\/se\/2023\/03\/14\/dino-governo-prepara-pl-para-regulamentacao-das-redes-sociais\/","og_locale":"pt_BR","og_type":"article","og_title":"Dino: governo prepara PL para regulamenta\u00e7\u00e3o das redes sociais - O Coerente","og_description":"Ministro da Justi\u00e7a espera que a lei seja aprovada ainda neste ano O ministro da Justi\u00e7a e Seguran\u00e7a P\u00fablica, Fl\u00e1vio Dino, disse que,&nbsp;junto com a Secretaria de Comunica\u00e7\u00e3o (Secom),&nbsp;a pasta est\u00e1 preparando proposta de projeto de lei de regulamenta\u00e7\u00e3o das redes sociais. A estimativa, segundo ele, \u00e9 encaminhar o texto \u2013 que j\u00e1 tem as [&hellip;]","og_url":"https:\/\/ocoerente.com.br\/se\/2023\/03\/14\/dino-governo-prepara-pl-para-regulamentacao-das-redes-sociais\/","og_site_name":"O Coerente","article_published_time":"2023-03-15T01:17:56+00:00","article_modified_time":"2023-03-15T01:17:57+00:00","og_image":[{"width":522,"height":325,"url":"https:\/\/ocoerente.com.br\/se\/wp-content\/uploads\/2023\/03\/FlavioDinnno.jpg","type":"image\/jpeg"}],"author":"Reda\u00e7\u00e3o","twitter_card":"summary_large_image","twitter_misc":{"Escrito por":"Reda\u00e7\u00e3o","Est. tempo de leitura":"6 minutos"},"schema":{"@context":"https:\/\/schema.org","@graph":[{"@type":"Article","@id":"https:\/\/ocoerente.com.br\/se\/2023\/03\/14\/dino-governo-prepara-pl-para-regulamentacao-das-redes-sociais\/#article","isPartOf":{"@id":"https:\/\/ocoerente.com.br\/se\/2023\/03\/14\/dino-governo-prepara-pl-para-regulamentacao-das-redes-sociais\/"},"author":{"name":"Reda\u00e7\u00e3o","@id":"https:\/\/ocoerente.com.br\/se\/#\/schema\/person\/cc6bfd9fbca465e23543b0c963d8d037"},"headline":"Dino: governo prepara PL para regulamenta\u00e7\u00e3o das redes sociais","datePublished":"2023-03-15T01:17:56+00:00","dateModified":"2023-03-15T01:17:57+00:00","mainEntityOfPage":{"@id":"https:\/\/ocoerente.com.br\/se\/2023\/03\/14\/dino-governo-prepara-pl-para-regulamentacao-das-redes-sociais\/"},"wordCount":998,"publisher":{"@id":"https:\/\/ocoerente.com.br\/se\/#\/schema\/person\/cc6bfd9fbca465e23543b0c963d8d037"},"image":{"@id":"https:\/\/ocoerente.com.br\/se\/2023\/03\/14\/dino-governo-prepara-pl-para-regulamentacao-das-redes-sociais\/#primaryimage"},"thumbnailUrl":"https:\/\/ocoerente.com.br\/se\/wp-content\/uploads\/2023\/03\/FlavioDinnno.jpg","articleSection":["Brasil","Destaques"],"inLanguage":"pt-BR"},{"@type":"WebPage","@id":"https:\/\/ocoerente.com.br\/se\/2023\/03\/14\/dino-governo-prepara-pl-para-regulamentacao-das-redes-sociais\/","url":"https:\/\/ocoerente.com.br\/se\/2023\/03\/14\/dino-governo-prepara-pl-para-regulamentacao-das-redes-sociais\/","name":"Dino: governo prepara PL para regulamenta\u00e7\u00e3o das redes sociais - O Coerente","isPartOf":{"@id":"https:\/\/ocoerente.com.br\/se\/#website"},"primaryImageOfPage":{"@id":"https:\/\/ocoerente.com.br\/se\/2023\/03\/14\/dino-governo-prepara-pl-para-regulamentacao-das-redes-sociais\/#primaryimage"},"image":{"@id":"https:\/\/ocoerente.com.br\/se\/2023\/03\/14\/dino-governo-prepara-pl-para-regulamentacao-das-redes-sociais\/#primaryimage"},"thumbnailUrl":"https:\/\/ocoerente.com.br\/se\/wp-content\/uploads\/2023\/03\/FlavioDinnno.jpg","datePublished":"2023-03-15T01:17:56+00:00","dateModified":"2023-03-15T01:17:57+00:00","breadcrumb":{"@id":"https:\/\/ocoerente.com.br\/se\/2023\/03\/14\/dino-governo-prepara-pl-para-regulamentacao-das-redes-sociais\/#breadcrumb"},"inLanguage":"pt-BR","potentialAction":[{"@type":"ReadAction","target":["https:\/\/ocoerente.com.br\/se\/2023\/03\/14\/dino-governo-prepara-pl-para-regulamentacao-das-redes-sociais\/"]}]},{"@type":"ImageObject","inLanguage":"pt-BR","@id":"https:\/\/ocoerente.com.br\/se\/2023\/03\/14\/dino-governo-prepara-pl-para-regulamentacao-das-redes-sociais\/#primaryimage","url":"https:\/\/ocoerente.com.br\/se\/wp-content\/uploads\/2023\/03\/FlavioDinnno.jpg","contentUrl":"https:\/\/ocoerente.com.br\/se\/wp-content\/uploads\/2023\/03\/FlavioDinnno.jpg","width":522,"height":325},{"@type":"BreadcrumbList","@id":"https:\/\/ocoerente.com.br\/se\/2023\/03\/14\/dino-governo-prepara-pl-para-regulamentacao-das-redes-sociais\/#breadcrumb","itemListElement":[{"@type":"ListItem","position":1,"name":"In\u00edcio","item":"https:\/\/ocoerente.com.br\/se\/"},{"@type":"ListItem","position":2,"name":"Dino: governo prepara PL para regulamenta\u00e7\u00e3o das redes sociais"}]},{"@type":"WebSite","@id":"https:\/\/ocoerente.com.br\/se\/#website","url":"https:\/\/ocoerente.com.br\/se\/","name":"O Coerente","description":"","publisher":{"@id":"https:\/\/ocoerente.com.br\/se\/#\/schema\/person\/cc6bfd9fbca465e23543b0c963d8d037"},"potentialAction":[{"@type":"SearchAction","target":{"@type":"EntryPoint","urlTemplate":"https:\/\/ocoerente.com.br\/se\/?s={search_term_string}"},"query-input":{"@type":"PropertyValueSpecification","valueRequired":true,"valueName":"search_term_string"}}],"inLanguage":"pt-BR"},{"@type":["Person","Organization"],"@id":"https:\/\/ocoerente.com.br\/se\/#\/schema\/person\/cc6bfd9fbca465e23543b0c963d8d037","name":"Reda\u00e7\u00e3o","image":{"@type":"ImageObject","inLanguage":"pt-BR","@id":"https:\/\/ocoerente.com.br\/se\/wp-content\/uploads\/2020\/01\/ocoerente-1.png","url":"https:\/\/ocoerente.com.br\/se\/wp-content\/uploads\/2020\/01\/ocoerente-1.png","contentUrl":"https:\/\/ocoerente.com.br\/se\/wp-content\/uploads\/2020\/01\/ocoerente-1.png","width":50,"height":50,"caption":"Reda\u00e7\u00e3o"},"logo":{"@id":"https:\/\/ocoerente.com.br\/se\/wp-content\/uploads\/2020\/01\/ocoerente-1.png"},"url":"https:\/\/ocoerente.com.br\/se\/author\/vasticlsales\/"}]}},"_links":{"self":[{"href":"https:\/\/ocoerente.com.br\/se\/wp-json\/wp\/v2\/posts\/7466","targetHints":{"allow":["GET"]}}],"collection":[{"href":"https:\/\/ocoerente.com.br\/se\/wp-json\/wp\/v2\/posts"}],"about":[{"href":"https:\/\/ocoerente.com.br\/se\/wp-json\/wp\/v2\/types\/post"}],"author":[{"embeddable":true,"href":"https:\/\/ocoerente.com.br\/se\/wp-json\/wp\/v2\/users\/1"}],"replies":[{"embeddable":true,"href":"https:\/\/ocoerente.com.br\/se\/wp-json\/wp\/v2\/comments?post=7466"}],"version-history":[{"count":1,"href":"https:\/\/ocoerente.com.br\/se\/wp-json\/wp\/v2\/posts\/7466\/revisions"}],"predecessor-version":[{"id":7468,"href":"https:\/\/ocoerente.com.br\/se\/wp-json\/wp\/v2\/posts\/7466\/revisions\/7468"}],"wp:featuredmedia":[{"embeddable":true,"href":"https:\/\/ocoerente.com.br\/se\/wp-json\/wp\/v2\/media\/7467"}],"wp:attachment":[{"href":"https:\/\/ocoerente.com.br\/se\/wp-json\/wp\/v2\/media?parent=7466"}],"wp:term":[{"taxonomy":"category","embeddable":true,"href":"https:\/\/ocoerente.com.br\/se\/wp-json\/wp\/v2\/categories?post=7466"},{"taxonomy":"post_tag","embeddable":true,"href":"https:\/\/ocoerente.com.br\/se\/wp-json\/wp\/v2\/tags?post=7466"}],"curies":[{"name":"wp","href":"https:\/\/api.w.org\/{rel}","templated":true}]}}