{"id":7463,"date":"2023-03-14T22:15:20","date_gmt":"2023-03-15T01:15:20","guid":{"rendered":"https:\/\/ocoerente.com.br\/se\/?p=7463"},"modified":"2023-03-14T22:15:21","modified_gmt":"2023-03-15T01:15:21","slug":"alessandro-vieira-quer-ampliar-alcance-do-bolsa-familia","status":"publish","type":"post","link":"https:\/\/ocoerente.com.br\/se\/2023\/03\/14\/alessandro-vieira-quer-ampliar-alcance-do-bolsa-familia\/","title":{"rendered":"Alessandro Vieira quer ampliar alcance do Bolsa Fam\u00edlia"},"content":{"rendered":"\n<p>Parlamentar protocolou oito emendas \u00e0 medida provis\u00f3ria que trata do programa e pretende aumentar o n\u00famero de benefici\u00e1rios<\/p>\n\n\n\n<p>O Congresso Nacional est\u00e1 analisando a Medida Provis\u00f3ria 1164\/23, que recria o Bolsa Fam\u00edlia. A nova vers\u00e3o do programa vai pagar o valor m\u00ednimo de R$ 600 \u00e0s fam\u00edlias benefici\u00e1rias, al\u00e9m de R$ 150 para a primeira inf\u00e2ncia e R$ 50 para cada dependente entre 7 e 18 anos. Com o intuito de aprimorar a proposta e garantir o benef\u00edcio para mais fam\u00edlias, o senador Alessandro Vieira (PSDB-SE) protocolou oito emendas \u00e0 MP. Entre os destaques, a indexa\u00e7\u00e3o da faixa de elegibilidade ao sal\u00e1rio m\u00ednimo e o reajuste anual do benef\u00edcio com base no \u00cdndice Nacional de Pre\u00e7os ao Consumidor (INPC).<\/p>\n\n\n\n<p>\u201cA complementa\u00e7\u00e3o de renda proporcionada pelo Programa Bolsa Fam\u00edlia tem por objetivo a autonomia e a seguran\u00e7a, sobretudo alimentar, de fam\u00edlias em situa\u00e7\u00e3o de pobreza e vulnerabilidade social no Brasil\u201d, destaca o senador, que v\u00ea lacunas na MP. \u201cN\u00e3o podemos deixar em aberto pontos que s\u00e3o cruciais para a efetividade do Bolsa Fam\u00edlia\u201d, afirma, ao propor a indexa\u00e7\u00e3o da faixa de elegibilidade ao sal\u00e1rio m\u00ednimo.<\/p>\n\n\n\n<p>A emenda, caso aprovada, vai elevar o valor e o n\u00famero de benefici\u00e1rios. Em Sergipe, por exemplo, passa de 414 mil para 580 mil o n\u00famero de fam\u00edlias benefici\u00e1rias.<\/p>\n\n\n\n<p>Com o objetivo de garantir justi\u00e7a social, Vieira sugere que o valor do benef\u00edcio dever\u00e1 ser reajustado anualmente com base no \u00cdndice Nacional de Pre\u00e7os ao Consumidor (INPC). Dessa forma, garante \u00e0s fam\u00edlias benefici\u00e1rias a corre\u00e7\u00e3o do poder de compra. \u201cAssim, cumpre o papel de bom referencial para um reajuste minimamente condizente com a realidade das fam\u00edlias assistidas\u201d, afirma.<\/p>\n\n\n\n<p>Outra sugest\u00e3o eleva para 21 anos a idade limite para o pagamento do Bolsa Vari\u00e1vel. O objetivo \u00e9 impedir a evas\u00e3o de alunos jovens no ensino m\u00e9dio. \u201cA idade m\u00e9dia de conclus\u00e3o do ensino m\u00e9dio est\u00e1 nessa faixa de jovens entre 18 e 20 anos. Por isso, \u00e9 importante que o benef\u00edcio continue at\u00e9 a conclus\u00e3o do ensino m\u00e9dio\u201d, explica o autor da emenda.<\/p>\n\n\n\n<p>Vieira quer que fam\u00edlias que moram em locais sem \u00e1gua e saneamento b\u00e1sico tenham prioridade no reingresso ao Programa. \u201cV\u00e1rios problemas s\u00e9rios de sa\u00fade p\u00fablica em todo o pa\u00eds decorrem da falta de fornecimento de \u00e1gua tratada e de saneamento b\u00e1sico. Por isso, o Bolsa Fam\u00edlia deve olhar de forma transversal para as causas de vulnerabilidade social, todas decorrentes de necessidades b\u00e1sicas\u201d, afirma.<\/p>\n\n\n\n<p>E, para impedir que bancos quitem d\u00edvidas de inadimplentes com o benef\u00edcio, o senador prop\u00f5e a imunidade das verbas perante os credores. Para o parlamentar, \u201cde nada adianta termos um programa de transfer\u00eancia de renda para retirar os benefici\u00e1rios de situa\u00e7\u00e3o de pobreza se, quando o dinheiro entrar na conta, o banco ou outros credores se apropriarem desses valores por meio de d\u00e9bitos que o correntista n\u00e3o tem poder de alterar ou rejeitar\u201d, frisa.<\/p>\n\n\n\n<p><\/p>\n","protected":false},"excerpt":{"rendered":"<p>Parlamentar protocolou oito emendas \u00e0 medida provis\u00f3ria que trata do programa e pretende aumentar o n\u00famero de benefici\u00e1rios O Congresso Nacional est\u00e1 analisando a Medida Provis\u00f3ria 1164\/23, que recria o Bolsa Fam\u00edlia. A nova vers\u00e3o do programa vai pagar o valor m\u00ednimo de R$ 600 \u00e0s fam\u00edlias benefici\u00e1rias, al\u00e9m de R$ 150 para a primeira [&hellip;]<\/p>\n","protected":false},"author":1,"featured_media":7464,"comment_status":"closed","ping_status":"closed","sticky":false,"template":"","format":"standard","meta":{"footnotes":""},"categories":[53,44],"tags":[],"class_list":["post-7463","post","type-post","status-publish","format-standard","has-post-thumbnail","hentry","category-destaques","category-politica"],"yoast_head":"<!-- This site is optimized with the Yoast SEO plugin v27.4 - https:\/\/yoast.com\/product\/yoast-seo-wordpress\/ -->\n<title>Alessandro Vieira quer ampliar alcance do Bolsa Fam\u00edlia - O Coerente<\/title>\n<meta name=\"robots\" content=\"index, follow, max-snippet:-1, max-image-preview:large, max-video-preview:-1\" \/>\n<link rel=\"canonical\" href=\"https:\/\/ocoerente.com.br\/se\/2023\/03\/14\/alessandro-vieira-quer-ampliar-alcance-do-bolsa-familia\/\" \/>\n<meta property=\"og:locale\" content=\"pt_BR\" \/>\n<meta property=\"og:type\" content=\"article\" \/>\n<meta property=\"og:title\" content=\"Alessandro Vieira quer ampliar alcance do Bolsa Fam\u00edlia - O Coerente\" \/>\n<meta property=\"og:description\" content=\"Parlamentar protocolou oito emendas \u00e0 medida provis\u00f3ria que trata do programa e pretende aumentar o n\u00famero de benefici\u00e1rios O Congresso Nacional est\u00e1 analisando a Medida Provis\u00f3ria 1164\/23, que recria o Bolsa Fam\u00edlia. A nova vers\u00e3o do programa vai pagar o valor m\u00ednimo de R$ 600 \u00e0s fam\u00edlias benefici\u00e1rias, al\u00e9m de R$ 150 para a primeira [&hellip;]\" \/>\n<meta property=\"og:url\" content=\"https:\/\/ocoerente.com.br\/se\/2023\/03\/14\/alessandro-vieira-quer-ampliar-alcance-do-bolsa-familia\/\" \/>\n<meta property=\"og:site_name\" content=\"O Coerente\" \/>\n<meta property=\"article:published_time\" content=\"2023-03-15T01:15:20+00:00\" \/>\n<meta property=\"article:modified_time\" content=\"2023-03-15T01:15:21+00:00\" \/>\n<meta property=\"og:image\" content=\"https:\/\/ocoerente.com.br\/se\/wp-content\/uploads\/2023\/03\/alealeale.jpg\" \/>\n\t<meta property=\"og:image:width\" content=\"1600\" \/>\n\t<meta property=\"og:image:height\" content=\"1066\" \/>\n\t<meta property=\"og:image:type\" content=\"image\/jpeg\" \/>\n<meta name=\"author\" content=\"Reda\u00e7\u00e3o\" \/>\n<meta name=\"twitter:card\" content=\"summary_large_image\" \/>\n<meta name=\"twitter:label1\" content=\"Escrito por\" \/>\n\t<meta name=\"twitter:data1\" content=\"Reda\u00e7\u00e3o\" \/>\n\t<meta name=\"twitter:label2\" content=\"Est. tempo de leitura\" \/>\n\t<meta name=\"twitter:data2\" content=\"3 minutos\" \/>\n<script type=\"application\/ld+json\" class=\"yoast-schema-graph\">{\"@context\":\"https:\\\/\\\/schema.org\",\"@graph\":[{\"@type\":\"Article\",\"@id\":\"https:\\\/\\\/ocoerente.com.br\\\/se\\\/2023\\\/03\\\/14\\\/alessandro-vieira-quer-ampliar-alcance-do-bolsa-familia\\\/#article\",\"isPartOf\":{\"@id\":\"https:\\\/\\\/ocoerente.com.br\\\/se\\\/2023\\\/03\\\/14\\\/alessandro-vieira-quer-ampliar-alcance-do-bolsa-familia\\\/\"},\"author\":{\"name\":\"Reda\u00e7\u00e3o\",\"@id\":\"https:\\\/\\\/ocoerente.com.br\\\/se\\\/#\\\/schema\\\/person\\\/cc6bfd9fbca465e23543b0c963d8d037\"},\"headline\":\"Alessandro Vieira quer ampliar alcance do Bolsa Fam\u00edlia\",\"datePublished\":\"2023-03-15T01:15:20+00:00\",\"dateModified\":\"2023-03-15T01:15:21+00:00\",\"mainEntityOfPage\":{\"@id\":\"https:\\\/\\\/ocoerente.com.br\\\/se\\\/2023\\\/03\\\/14\\\/alessandro-vieira-quer-ampliar-alcance-do-bolsa-familia\\\/\"},\"wordCount\":536,\"publisher\":{\"@id\":\"https:\\\/\\\/ocoerente.com.br\\\/se\\\/#\\\/schema\\\/person\\\/cc6bfd9fbca465e23543b0c963d8d037\"},\"image\":{\"@id\":\"https:\\\/\\\/ocoerente.com.br\\\/se\\\/2023\\\/03\\\/14\\\/alessandro-vieira-quer-ampliar-alcance-do-bolsa-familia\\\/#primaryimage\"},\"thumbnailUrl\":\"https:\\\/\\\/ocoerente.com.br\\\/se\\\/wp-content\\\/uploads\\\/2023\\\/03\\\/alealeale.jpg\",\"articleSection\":[\"Destaques\",\"Pol\u00edtica\"],\"inLanguage\":\"pt-BR\"},{\"@type\":\"WebPage\",\"@id\":\"https:\\\/\\\/ocoerente.com.br\\\/se\\\/2023\\\/03\\\/14\\\/alessandro-vieira-quer-ampliar-alcance-do-bolsa-familia\\\/\",\"url\":\"https:\\\/\\\/ocoerente.com.br\\\/se\\\/2023\\\/03\\\/14\\\/alessandro-vieira-quer-ampliar-alcance-do-bolsa-familia\\\/\",\"name\":\"Alessandro Vieira quer ampliar alcance do Bolsa Fam\u00edlia - O Coerente\",\"isPartOf\":{\"@id\":\"https:\\\/\\\/ocoerente.com.br\\\/se\\\/#website\"},\"primaryImageOfPage\":{\"@id\":\"https:\\\/\\\/ocoerente.com.br\\\/se\\\/2023\\\/03\\\/14\\\/alessandro-vieira-quer-ampliar-alcance-do-bolsa-familia\\\/#primaryimage\"},\"image\":{\"@id\":\"https:\\\/\\\/ocoerente.com.br\\\/se\\\/2023\\\/03\\\/14\\\/alessandro-vieira-quer-ampliar-alcance-do-bolsa-familia\\\/#primaryimage\"},\"thumbnailUrl\":\"https:\\\/\\\/ocoerente.com.br\\\/se\\\/wp-content\\\/uploads\\\/2023\\\/03\\\/alealeale.jpg\",\"datePublished\":\"2023-03-15T01:15:20+00:00\",\"dateModified\":\"2023-03-15T01:15:21+00:00\",\"breadcrumb\":{\"@id\":\"https:\\\/\\\/ocoerente.com.br\\\/se\\\/2023\\\/03\\\/14\\\/alessandro-vieira-quer-ampliar-alcance-do-bolsa-familia\\\/#breadcrumb\"},\"inLanguage\":\"pt-BR\",\"potentialAction\":[{\"@type\":\"ReadAction\",\"target\":[\"https:\\\/\\\/ocoerente.com.br\\\/se\\\/2023\\\/03\\\/14\\\/alessandro-vieira-quer-ampliar-alcance-do-bolsa-familia\\\/\"]}]},{\"@type\":\"ImageObject\",\"inLanguage\":\"pt-BR\",\"@id\":\"https:\\\/\\\/ocoerente.com.br\\\/se\\\/2023\\\/03\\\/14\\\/alessandro-vieira-quer-ampliar-alcance-do-bolsa-familia\\\/#primaryimage\",\"url\":\"https:\\\/\\\/ocoerente.com.br\\\/se\\\/wp-content\\\/uploads\\\/2023\\\/03\\\/alealeale.jpg\",\"contentUrl\":\"https:\\\/\\\/ocoerente.com.br\\\/se\\\/wp-content\\\/uploads\\\/2023\\\/03\\\/alealeale.jpg\",\"width\":1600,\"height\":1066},{\"@type\":\"BreadcrumbList\",\"@id\":\"https:\\\/\\\/ocoerente.com.br\\\/se\\\/2023\\\/03\\\/14\\\/alessandro-vieira-quer-ampliar-alcance-do-bolsa-familia\\\/#breadcrumb\",\"itemListElement\":[{\"@type\":\"ListItem\",\"position\":1,\"name\":\"In\u00edcio\",\"item\":\"https:\\\/\\\/ocoerente.com.br\\\/se\\\/\"},{\"@type\":\"ListItem\",\"position\":2,\"name\":\"Alessandro Vieira quer ampliar alcance do Bolsa Fam\u00edlia\"}]},{\"@type\":\"WebSite\",\"@id\":\"https:\\\/\\\/ocoerente.com.br\\\/se\\\/#website\",\"url\":\"https:\\\/\\\/ocoerente.com.br\\\/se\\\/\",\"name\":\"O Coerente\",\"description\":\"\",\"publisher\":{\"@id\":\"https:\\\/\\\/ocoerente.com.br\\\/se\\\/#\\\/schema\\\/person\\\/cc6bfd9fbca465e23543b0c963d8d037\"},\"potentialAction\":[{\"@type\":\"SearchAction\",\"target\":{\"@type\":\"EntryPoint\",\"urlTemplate\":\"https:\\\/\\\/ocoerente.com.br\\\/se\\\/?s={search_term_string}\"},\"query-input\":{\"@type\":\"PropertyValueSpecification\",\"valueRequired\":true,\"valueName\":\"search_term_string\"}}],\"inLanguage\":\"pt-BR\"},{\"@type\":[\"Person\",\"Organization\"],\"@id\":\"https:\\\/\\\/ocoerente.com.br\\\/se\\\/#\\\/schema\\\/person\\\/cc6bfd9fbca465e23543b0c963d8d037\",\"name\":\"Reda\u00e7\u00e3o\",\"image\":{\"@type\":\"ImageObject\",\"inLanguage\":\"pt-BR\",\"@id\":\"https:\\\/\\\/ocoerente.com.br\\\/se\\\/wp-content\\\/uploads\\\/2020\\\/01\\\/ocoerente-1.png\",\"url\":\"https:\\\/\\\/ocoerente.com.br\\\/se\\\/wp-content\\\/uploads\\\/2020\\\/01\\\/ocoerente-1.png\",\"contentUrl\":\"https:\\\/\\\/ocoerente.com.br\\\/se\\\/wp-content\\\/uploads\\\/2020\\\/01\\\/ocoerente-1.png\",\"width\":50,\"height\":50,\"caption\":\"Reda\u00e7\u00e3o\"},\"logo\":{\"@id\":\"https:\\\/\\\/ocoerente.com.br\\\/se\\\/wp-content\\\/uploads\\\/2020\\\/01\\\/ocoerente-1.png\"},\"url\":\"https:\\\/\\\/ocoerente.com.br\\\/se\\\/author\\\/vasticlsales\\\/\"}]}<\/script>\n<!-- \/ Yoast SEO plugin. -->","yoast_head_json":{"title":"Alessandro Vieira quer ampliar alcance do Bolsa Fam\u00edlia - O Coerente","robots":{"index":"index","follow":"follow","max-snippet":"max-snippet:-1","max-image-preview":"max-image-preview:large","max-video-preview":"max-video-preview:-1"},"canonical":"https:\/\/ocoerente.com.br\/se\/2023\/03\/14\/alessandro-vieira-quer-ampliar-alcance-do-bolsa-familia\/","og_locale":"pt_BR","og_type":"article","og_title":"Alessandro Vieira quer ampliar alcance do Bolsa Fam\u00edlia - O Coerente","og_description":"Parlamentar protocolou oito emendas \u00e0 medida provis\u00f3ria que trata do programa e pretende aumentar o n\u00famero de benefici\u00e1rios O Congresso Nacional est\u00e1 analisando a Medida Provis\u00f3ria 1164\/23, que recria o Bolsa Fam\u00edlia. A nova vers\u00e3o do programa vai pagar o valor m\u00ednimo de R$ 600 \u00e0s fam\u00edlias benefici\u00e1rias, al\u00e9m de R$ 150 para a primeira [&hellip;]","og_url":"https:\/\/ocoerente.com.br\/se\/2023\/03\/14\/alessandro-vieira-quer-ampliar-alcance-do-bolsa-familia\/","og_site_name":"O Coerente","article_published_time":"2023-03-15T01:15:20+00:00","article_modified_time":"2023-03-15T01:15:21+00:00","og_image":[{"width":1600,"height":1066,"url":"https:\/\/ocoerente.com.br\/se\/wp-content\/uploads\/2023\/03\/alealeale.jpg","type":"image\/jpeg"}],"author":"Reda\u00e7\u00e3o","twitter_card":"summary_large_image","twitter_misc":{"Escrito por":"Reda\u00e7\u00e3o","Est. tempo de leitura":"3 minutos"},"schema":{"@context":"https:\/\/schema.org","@graph":[{"@type":"Article","@id":"https:\/\/ocoerente.com.br\/se\/2023\/03\/14\/alessandro-vieira-quer-ampliar-alcance-do-bolsa-familia\/#article","isPartOf":{"@id":"https:\/\/ocoerente.com.br\/se\/2023\/03\/14\/alessandro-vieira-quer-ampliar-alcance-do-bolsa-familia\/"},"author":{"name":"Reda\u00e7\u00e3o","@id":"https:\/\/ocoerente.com.br\/se\/#\/schema\/person\/cc6bfd9fbca465e23543b0c963d8d037"},"headline":"Alessandro Vieira quer ampliar alcance do Bolsa Fam\u00edlia","datePublished":"2023-03-15T01:15:20+00:00","dateModified":"2023-03-15T01:15:21+00:00","mainEntityOfPage":{"@id":"https:\/\/ocoerente.com.br\/se\/2023\/03\/14\/alessandro-vieira-quer-ampliar-alcance-do-bolsa-familia\/"},"wordCount":536,"publisher":{"@id":"https:\/\/ocoerente.com.br\/se\/#\/schema\/person\/cc6bfd9fbca465e23543b0c963d8d037"},"image":{"@id":"https:\/\/ocoerente.com.br\/se\/2023\/03\/14\/alessandro-vieira-quer-ampliar-alcance-do-bolsa-familia\/#primaryimage"},"thumbnailUrl":"https:\/\/ocoerente.com.br\/se\/wp-content\/uploads\/2023\/03\/alealeale.jpg","articleSection":["Destaques","Pol\u00edtica"],"inLanguage":"pt-BR"},{"@type":"WebPage","@id":"https:\/\/ocoerente.com.br\/se\/2023\/03\/14\/alessandro-vieira-quer-ampliar-alcance-do-bolsa-familia\/","url":"https:\/\/ocoerente.com.br\/se\/2023\/03\/14\/alessandro-vieira-quer-ampliar-alcance-do-bolsa-familia\/","name":"Alessandro Vieira quer ampliar alcance do Bolsa Fam\u00edlia - O Coerente","isPartOf":{"@id":"https:\/\/ocoerente.com.br\/se\/#website"},"primaryImageOfPage":{"@id":"https:\/\/ocoerente.com.br\/se\/2023\/03\/14\/alessandro-vieira-quer-ampliar-alcance-do-bolsa-familia\/#primaryimage"},"image":{"@id":"https:\/\/ocoerente.com.br\/se\/2023\/03\/14\/alessandro-vieira-quer-ampliar-alcance-do-bolsa-familia\/#primaryimage"},"thumbnailUrl":"https:\/\/ocoerente.com.br\/se\/wp-content\/uploads\/2023\/03\/alealeale.jpg","datePublished":"2023-03-15T01:15:20+00:00","dateModified":"2023-03-15T01:15:21+00:00","breadcrumb":{"@id":"https:\/\/ocoerente.com.br\/se\/2023\/03\/14\/alessandro-vieira-quer-ampliar-alcance-do-bolsa-familia\/#breadcrumb"},"inLanguage":"pt-BR","potentialAction":[{"@type":"ReadAction","target":["https:\/\/ocoerente.com.br\/se\/2023\/03\/14\/alessandro-vieira-quer-ampliar-alcance-do-bolsa-familia\/"]}]},{"@type":"ImageObject","inLanguage":"pt-BR","@id":"https:\/\/ocoerente.com.br\/se\/2023\/03\/14\/alessandro-vieira-quer-ampliar-alcance-do-bolsa-familia\/#primaryimage","url":"https:\/\/ocoerente.com.br\/se\/wp-content\/uploads\/2023\/03\/alealeale.jpg","contentUrl":"https:\/\/ocoerente.com.br\/se\/wp-content\/uploads\/2023\/03\/alealeale.jpg","width":1600,"height":1066},{"@type":"BreadcrumbList","@id":"https:\/\/ocoerente.com.br\/se\/2023\/03\/14\/alessandro-vieira-quer-ampliar-alcance-do-bolsa-familia\/#breadcrumb","itemListElement":[{"@type":"ListItem","position":1,"name":"In\u00edcio","item":"https:\/\/ocoerente.com.br\/se\/"},{"@type":"ListItem","position":2,"name":"Alessandro Vieira quer ampliar alcance do Bolsa Fam\u00edlia"}]},{"@type":"WebSite","@id":"https:\/\/ocoerente.com.br\/se\/#website","url":"https:\/\/ocoerente.com.br\/se\/","name":"O Coerente","description":"","publisher":{"@id":"https:\/\/ocoerente.com.br\/se\/#\/schema\/person\/cc6bfd9fbca465e23543b0c963d8d037"},"potentialAction":[{"@type":"SearchAction","target":{"@type":"EntryPoint","urlTemplate":"https:\/\/ocoerente.com.br\/se\/?s={search_term_string}"},"query-input":{"@type":"PropertyValueSpecification","valueRequired":true,"valueName":"search_term_string"}}],"inLanguage":"pt-BR"},{"@type":["Person","Organization"],"@id":"https:\/\/ocoerente.com.br\/se\/#\/schema\/person\/cc6bfd9fbca465e23543b0c963d8d037","name":"Reda\u00e7\u00e3o","image":{"@type":"ImageObject","inLanguage":"pt-BR","@id":"https:\/\/ocoerente.com.br\/se\/wp-content\/uploads\/2020\/01\/ocoerente-1.png","url":"https:\/\/ocoerente.com.br\/se\/wp-content\/uploads\/2020\/01\/ocoerente-1.png","contentUrl":"https:\/\/ocoerente.com.br\/se\/wp-content\/uploads\/2020\/01\/ocoerente-1.png","width":50,"height":50,"caption":"Reda\u00e7\u00e3o"},"logo":{"@id":"https:\/\/ocoerente.com.br\/se\/wp-content\/uploads\/2020\/01\/ocoerente-1.png"},"url":"https:\/\/ocoerente.com.br\/se\/author\/vasticlsales\/"}]}},"_links":{"self":[{"href":"https:\/\/ocoerente.com.br\/se\/wp-json\/wp\/v2\/posts\/7463","targetHints":{"allow":["GET"]}}],"collection":[{"href":"https:\/\/ocoerente.com.br\/se\/wp-json\/wp\/v2\/posts"}],"about":[{"href":"https:\/\/ocoerente.com.br\/se\/wp-json\/wp\/v2\/types\/post"}],"author":[{"embeddable":true,"href":"https:\/\/ocoerente.com.br\/se\/wp-json\/wp\/v2\/users\/1"}],"replies":[{"embeddable":true,"href":"https:\/\/ocoerente.com.br\/se\/wp-json\/wp\/v2\/comments?post=7463"}],"version-history":[{"count":1,"href":"https:\/\/ocoerente.com.br\/se\/wp-json\/wp\/v2\/posts\/7463\/revisions"}],"predecessor-version":[{"id":7465,"href":"https:\/\/ocoerente.com.br\/se\/wp-json\/wp\/v2\/posts\/7463\/revisions\/7465"}],"wp:featuredmedia":[{"embeddable":true,"href":"https:\/\/ocoerente.com.br\/se\/wp-json\/wp\/v2\/media\/7464"}],"wp:attachment":[{"href":"https:\/\/ocoerente.com.br\/se\/wp-json\/wp\/v2\/media?parent=7463"}],"wp:term":[{"taxonomy":"category","embeddable":true,"href":"https:\/\/ocoerente.com.br\/se\/wp-json\/wp\/v2\/categories?post=7463"},{"taxonomy":"post_tag","embeddable":true,"href":"https:\/\/ocoerente.com.br\/se\/wp-json\/wp\/v2\/tags?post=7463"}],"curies":[{"name":"wp","href":"https:\/\/api.w.org\/{rel}","templated":true}]}}