{"id":7457,"date":"2023-03-14T22:00:20","date_gmt":"2023-03-15T01:00:20","guid":{"rendered":"https:\/\/ocoerente.com.br\/se\/?p=7457"},"modified":"2023-03-14T22:00:27","modified_gmt":"2023-03-15T01:00:27","slug":"convite-a-imprensa-primeiro-curso-de-pos-graduacao-para-policiais-penais-inicia-nesta-segunda-feira-em-sergipe","status":"publish","type":"post","link":"https:\/\/ocoerente.com.br\/se\/2023\/03\/14\/convite-a-imprensa-primeiro-curso-de-pos-graduacao-para-policiais-penais-inicia-nesta-segunda-feira-em-sergipe\/","title":{"rendered":"Convite \u00e0 imprensa &#8211; Primeiro curso de p\u00f3s-gradua\u00e7\u00e3o para policiais penais inicia nesta segunda-feira em Sergipe"},"content":{"rendered":"\n<p>O curso de \u2018Direitos Humanos e Execu\u00e7\u00e3o Penal\u2019, a primeira p\u00f3s-gradua\u00e7\u00e3o espec\u00edfica para policiais penais em Sergipe, com tem\u00e1tica diretamente relacionada ao cotidiano do trabalho destes profissionais, ter\u00e1 sua aula inaugural nesta segunda-feira 13, \u00e0s 19 horas, no audit\u00f3rio do bloco G, na Universidade Tiradentes (Unit-Farol\u00e2ndia).<\/p>\n\n\n\n<p>A a\u00e7\u00e3o \u00e9 fruto de um conv\u00eanio com o Minist\u00e9rio da Justi\u00e7a e Seguran\u00e7a P\u00fablica, por meio do Fundo Penitenci\u00e1rio (Funpen). A tem\u00e1tica do curso promovido em Sergipe tamb\u00e9m \u00e9 in\u00e9dita dentre as oferecidas no pa\u00eds atrav\u00e9s desta parceria.<\/p>\n\n\n\n<p>\u201cEm alguns estados do pa\u00eds, essa iniciativa j\u00e1 promoveu cursos com outras especificidades como gest\u00e3o prisional, sistema penitenci\u00e1rio e pol\u00edticas de seguran\u00e7a p\u00fablica, mas, com foco em Direitos Humanos e Execu\u00e7\u00e3o Penal, que s\u00e3o matrizes operacionais dos policiais penais, o nosso curso ser\u00e1 o primeiro do pa\u00eds. \u00c9 uma conquista hist\u00f3rica para toda a categoria e para a gest\u00e3o da Sejuc\u201d, argumenta a secret\u00e1ria de Estado da Justi\u00e7a e de Defesa do Consumidor, Viviane Pessoa.<\/p>\n\n\n\n<p>A secret\u00e1ria lembrou que os gestores estaduais receberam uma miss\u00e3o do governador F\u00e1bio Mitidieri no sentido de buscar a\u00e7\u00f5es inovadoras e edificantes para promover resultados sociais. \u201cNada melhor do que investir nas pessoas, nos servidores, que s\u00e3o o maior patrim\u00f4nio de cada secretaria ou \u00f3rg\u00e3o de governo. Esse \u00e9 um investimento perene numa a\u00e7\u00e3o reconstrutiva e edificante para buscarmos um sistema prisional cada vez mais eficaz em ressocializar os apenados que, mais cedo ou mais tarde retornar\u00e3o ao conv\u00edvio social\u201d, complementou.<\/p>\n\n\n\n<p>Por interm\u00e9dio da Secretaria Nacional de Pol\u00edticas Penais (Senappen), o Fundo Penitenci\u00e1rio visa promover desenvolvimento e qualifica\u00e7\u00e3o para a carreira da Pol\u00edcia Penal, al\u00e9m de aperfei\u00e7oar a estrutura do sistema penitenci\u00e1rio em todo o pa\u00eds. Nesse sentido, esse mecanismo custear\u00e1 a qualifica\u00e7\u00e3o de 100 policiais penais sergipanos com este curso de especializa\u00e7\u00e3o, oferecendo 360 horas\/aula, num prazo estimado de 15 meses.<\/p>\n\n\n\n<p>Servi\u00e7o:<\/p>\n\n\n\n<p>O qu\u00ea: Aula inaugural do primeiro curso de p\u00f3s-gradua\u00e7\u00e3o para policiais penais<br>Quando: 13\/03 \u2013 19 horas<br>Onde: Bloco G \u2013 Unit Farol\u00e2ndia<br>Contato: Hugo Sidney (assessor de Comunica\u00e7\u00e3o Sejuc) &#8211; 99909-4739<\/p>\n","protected":false},"excerpt":{"rendered":"<p>O curso de \u2018Direitos Humanos e Execu\u00e7\u00e3o Penal\u2019, a primeira p\u00f3s-gradua\u00e7\u00e3o espec\u00edfica para policiais penais em Sergipe, com tem\u00e1tica diretamente relacionada ao cotidiano do trabalho destes profissionais, ter\u00e1 sua aula inaugural nesta segunda-feira 13, \u00e0s 19 horas, no audit\u00f3rio do bloco G, na Universidade Tiradentes (Unit-Farol\u00e2ndia). A a\u00e7\u00e3o \u00e9 fruto de um conv\u00eanio com o [&hellip;]<\/p>\n","protected":false},"author":1,"featured_media":7458,"comment_status":"closed","ping_status":"closed","sticky":false,"template":"","format":"standard","meta":{"footnotes":""},"categories":[53,43],"tags":[],"class_list":["post-7457","post","type-post","status-publish","format-standard","has-post-thumbnail","hentry","category-destaques","category-sergipe"],"yoast_head":"<!-- This site is optimized with the Yoast SEO plugin v27.4 - https:\/\/yoast.com\/product\/yoast-seo-wordpress\/ -->\n<title>Convite \u00e0 imprensa - Primeiro curso de p\u00f3s-gradua\u00e7\u00e3o para policiais penais inicia nesta segunda-feira em Sergipe - O Coerente<\/title>\n<meta name=\"robots\" content=\"index, follow, max-snippet:-1, max-image-preview:large, max-video-preview:-1\" \/>\n<link rel=\"canonical\" href=\"https:\/\/ocoerente.com.br\/se\/2023\/03\/14\/convite-a-imprensa-primeiro-curso-de-pos-graduacao-para-policiais-penais-inicia-nesta-segunda-feira-em-sergipe\/\" \/>\n<meta property=\"og:locale\" content=\"pt_BR\" \/>\n<meta property=\"og:type\" content=\"article\" \/>\n<meta property=\"og:title\" content=\"Convite \u00e0 imprensa - Primeiro curso de p\u00f3s-gradua\u00e7\u00e3o para policiais penais inicia nesta segunda-feira em Sergipe - O Coerente\" \/>\n<meta property=\"og:description\" content=\"O curso de \u2018Direitos Humanos e Execu\u00e7\u00e3o Penal\u2019, a primeira p\u00f3s-gradua\u00e7\u00e3o espec\u00edfica para policiais penais em Sergipe, com tem\u00e1tica diretamente relacionada ao cotidiano do trabalho destes profissionais, ter\u00e1 sua aula inaugural nesta segunda-feira 13, \u00e0s 19 horas, no audit\u00f3rio do bloco G, na Universidade Tiradentes (Unit-Farol\u00e2ndia). A a\u00e7\u00e3o \u00e9 fruto de um conv\u00eanio com o [&hellip;]\" \/>\n<meta property=\"og:url\" content=\"https:\/\/ocoerente.com.br\/se\/2023\/03\/14\/convite-a-imprensa-primeiro-curso-de-pos-graduacao-para-policiais-penais-inicia-nesta-segunda-feira-em-sergipe\/\" \/>\n<meta property=\"og:site_name\" content=\"O Coerente\" \/>\n<meta property=\"article:published_time\" content=\"2023-03-15T01:00:20+00:00\" \/>\n<meta property=\"article:modified_time\" content=\"2023-03-15T01:00:27+00:00\" \/>\n<meta property=\"og:image\" content=\"https:\/\/ocoerente.com.br\/se\/wp-content\/uploads\/2023\/03\/Policia-Penal-curso.jpg\" \/>\n\t<meta property=\"og:image:width\" content=\"1280\" \/>\n\t<meta property=\"og:image:height\" content=\"852\" \/>\n\t<meta property=\"og:image:type\" content=\"image\/jpeg\" \/>\n<meta name=\"author\" content=\"Reda\u00e7\u00e3o\" \/>\n<meta name=\"twitter:card\" content=\"summary_large_image\" \/>\n<meta name=\"twitter:label1\" content=\"Escrito por\" \/>\n\t<meta name=\"twitter:data1\" content=\"Reda\u00e7\u00e3o\" \/>\n\t<meta name=\"twitter:label2\" content=\"Est. tempo de leitura\" \/>\n\t<meta name=\"twitter:data2\" content=\"2 minutos\" \/>\n<script type=\"application\/ld+json\" class=\"yoast-schema-graph\">{\"@context\":\"https:\\\/\\\/schema.org\",\"@graph\":[{\"@type\":\"Article\",\"@id\":\"https:\\\/\\\/ocoerente.com.br\\\/se\\\/2023\\\/03\\\/14\\\/convite-a-imprensa-primeiro-curso-de-pos-graduacao-para-policiais-penais-inicia-nesta-segunda-feira-em-sergipe\\\/#article\",\"isPartOf\":{\"@id\":\"https:\\\/\\\/ocoerente.com.br\\\/se\\\/2023\\\/03\\\/14\\\/convite-a-imprensa-primeiro-curso-de-pos-graduacao-para-policiais-penais-inicia-nesta-segunda-feira-em-sergipe\\\/\"},\"author\":{\"name\":\"Reda\u00e7\u00e3o\",\"@id\":\"https:\\\/\\\/ocoerente.com.br\\\/se\\\/#\\\/schema\\\/person\\\/cc6bfd9fbca465e23543b0c963d8d037\"},\"headline\":\"Convite \u00e0 imprensa &#8211; Primeiro curso de p\u00f3s-gradua\u00e7\u00e3o para policiais penais inicia nesta segunda-feira em Sergipe\",\"datePublished\":\"2023-03-15T01:00:20+00:00\",\"dateModified\":\"2023-03-15T01:00:27+00:00\",\"mainEntityOfPage\":{\"@id\":\"https:\\\/\\\/ocoerente.com.br\\\/se\\\/2023\\\/03\\\/14\\\/convite-a-imprensa-primeiro-curso-de-pos-graduacao-para-policiais-penais-inicia-nesta-segunda-feira-em-sergipe\\\/\"},\"wordCount\":395,\"publisher\":{\"@id\":\"https:\\\/\\\/ocoerente.com.br\\\/se\\\/#\\\/schema\\\/person\\\/cc6bfd9fbca465e23543b0c963d8d037\"},\"image\":{\"@id\":\"https:\\\/\\\/ocoerente.com.br\\\/se\\\/2023\\\/03\\\/14\\\/convite-a-imprensa-primeiro-curso-de-pos-graduacao-para-policiais-penais-inicia-nesta-segunda-feira-em-sergipe\\\/#primaryimage\"},\"thumbnailUrl\":\"https:\\\/\\\/ocoerente.com.br\\\/se\\\/wp-content\\\/uploads\\\/2023\\\/03\\\/Policia-Penal-curso.jpg\",\"articleSection\":[\"Destaques\",\"Sergipe\"],\"inLanguage\":\"pt-BR\"},{\"@type\":\"WebPage\",\"@id\":\"https:\\\/\\\/ocoerente.com.br\\\/se\\\/2023\\\/03\\\/14\\\/convite-a-imprensa-primeiro-curso-de-pos-graduacao-para-policiais-penais-inicia-nesta-segunda-feira-em-sergipe\\\/\",\"url\":\"https:\\\/\\\/ocoerente.com.br\\\/se\\\/2023\\\/03\\\/14\\\/convite-a-imprensa-primeiro-curso-de-pos-graduacao-para-policiais-penais-inicia-nesta-segunda-feira-em-sergipe\\\/\",\"name\":\"Convite \u00e0 imprensa - Primeiro curso de p\u00f3s-gradua\u00e7\u00e3o para policiais penais inicia nesta segunda-feira em Sergipe - O Coerente\",\"isPartOf\":{\"@id\":\"https:\\\/\\\/ocoerente.com.br\\\/se\\\/#website\"},\"primaryImageOfPage\":{\"@id\":\"https:\\\/\\\/ocoerente.com.br\\\/se\\\/2023\\\/03\\\/14\\\/convite-a-imprensa-primeiro-curso-de-pos-graduacao-para-policiais-penais-inicia-nesta-segunda-feira-em-sergipe\\\/#primaryimage\"},\"image\":{\"@id\":\"https:\\\/\\\/ocoerente.com.br\\\/se\\\/2023\\\/03\\\/14\\\/convite-a-imprensa-primeiro-curso-de-pos-graduacao-para-policiais-penais-inicia-nesta-segunda-feira-em-sergipe\\\/#primaryimage\"},\"thumbnailUrl\":\"https:\\\/\\\/ocoerente.com.br\\\/se\\\/wp-content\\\/uploads\\\/2023\\\/03\\\/Policia-Penal-curso.jpg\",\"datePublished\":\"2023-03-15T01:00:20+00:00\",\"dateModified\":\"2023-03-15T01:00:27+00:00\",\"breadcrumb\":{\"@id\":\"https:\\\/\\\/ocoerente.com.br\\\/se\\\/2023\\\/03\\\/14\\\/convite-a-imprensa-primeiro-curso-de-pos-graduacao-para-policiais-penais-inicia-nesta-segunda-feira-em-sergipe\\\/#breadcrumb\"},\"inLanguage\":\"pt-BR\",\"potentialAction\":[{\"@type\":\"ReadAction\",\"target\":[\"https:\\\/\\\/ocoerente.com.br\\\/se\\\/2023\\\/03\\\/14\\\/convite-a-imprensa-primeiro-curso-de-pos-graduacao-para-policiais-penais-inicia-nesta-segunda-feira-em-sergipe\\\/\"]}]},{\"@type\":\"ImageObject\",\"inLanguage\":\"pt-BR\",\"@id\":\"https:\\\/\\\/ocoerente.com.br\\\/se\\\/2023\\\/03\\\/14\\\/convite-a-imprensa-primeiro-curso-de-pos-graduacao-para-policiais-penais-inicia-nesta-segunda-feira-em-sergipe\\\/#primaryimage\",\"url\":\"https:\\\/\\\/ocoerente.com.br\\\/se\\\/wp-content\\\/uploads\\\/2023\\\/03\\\/Policia-Penal-curso.jpg\",\"contentUrl\":\"https:\\\/\\\/ocoerente.com.br\\\/se\\\/wp-content\\\/uploads\\\/2023\\\/03\\\/Policia-Penal-curso.jpg\",\"width\":1280,\"height\":852},{\"@type\":\"BreadcrumbList\",\"@id\":\"https:\\\/\\\/ocoerente.com.br\\\/se\\\/2023\\\/03\\\/14\\\/convite-a-imprensa-primeiro-curso-de-pos-graduacao-para-policiais-penais-inicia-nesta-segunda-feira-em-sergipe\\\/#breadcrumb\",\"itemListElement\":[{\"@type\":\"ListItem\",\"position\":1,\"name\":\"In\u00edcio\",\"item\":\"https:\\\/\\\/ocoerente.com.br\\\/se\\\/\"},{\"@type\":\"ListItem\",\"position\":2,\"name\":\"Convite \u00e0 imprensa &#8211; Primeiro curso de p\u00f3s-gradua\u00e7\u00e3o para policiais penais inicia nesta segunda-feira em Sergipe\"}]},{\"@type\":\"WebSite\",\"@id\":\"https:\\\/\\\/ocoerente.com.br\\\/se\\\/#website\",\"url\":\"https:\\\/\\\/ocoerente.com.br\\\/se\\\/\",\"name\":\"O Coerente\",\"description\":\"\",\"publisher\":{\"@id\":\"https:\\\/\\\/ocoerente.com.br\\\/se\\\/#\\\/schema\\\/person\\\/cc6bfd9fbca465e23543b0c963d8d037\"},\"potentialAction\":[{\"@type\":\"SearchAction\",\"target\":{\"@type\":\"EntryPoint\",\"urlTemplate\":\"https:\\\/\\\/ocoerente.com.br\\\/se\\\/?s={search_term_string}\"},\"query-input\":{\"@type\":\"PropertyValueSpecification\",\"valueRequired\":true,\"valueName\":\"search_term_string\"}}],\"inLanguage\":\"pt-BR\"},{\"@type\":[\"Person\",\"Organization\"],\"@id\":\"https:\\\/\\\/ocoerente.com.br\\\/se\\\/#\\\/schema\\\/person\\\/cc6bfd9fbca465e23543b0c963d8d037\",\"name\":\"Reda\u00e7\u00e3o\",\"image\":{\"@type\":\"ImageObject\",\"inLanguage\":\"pt-BR\",\"@id\":\"https:\\\/\\\/ocoerente.com.br\\\/se\\\/wp-content\\\/uploads\\\/2020\\\/01\\\/ocoerente-1.png\",\"url\":\"https:\\\/\\\/ocoerente.com.br\\\/se\\\/wp-content\\\/uploads\\\/2020\\\/01\\\/ocoerente-1.png\",\"contentUrl\":\"https:\\\/\\\/ocoerente.com.br\\\/se\\\/wp-content\\\/uploads\\\/2020\\\/01\\\/ocoerente-1.png\",\"width\":50,\"height\":50,\"caption\":\"Reda\u00e7\u00e3o\"},\"logo\":{\"@id\":\"https:\\\/\\\/ocoerente.com.br\\\/se\\\/wp-content\\\/uploads\\\/2020\\\/01\\\/ocoerente-1.png\"},\"url\":\"https:\\\/\\\/ocoerente.com.br\\\/se\\\/author\\\/vasticlsales\\\/\"}]}<\/script>\n<!-- \/ Yoast SEO plugin. -->","yoast_head_json":{"title":"Convite \u00e0 imprensa - Primeiro curso de p\u00f3s-gradua\u00e7\u00e3o para policiais penais inicia nesta segunda-feira em Sergipe - O Coerente","robots":{"index":"index","follow":"follow","max-snippet":"max-snippet:-1","max-image-preview":"max-image-preview:large","max-video-preview":"max-video-preview:-1"},"canonical":"https:\/\/ocoerente.com.br\/se\/2023\/03\/14\/convite-a-imprensa-primeiro-curso-de-pos-graduacao-para-policiais-penais-inicia-nesta-segunda-feira-em-sergipe\/","og_locale":"pt_BR","og_type":"article","og_title":"Convite \u00e0 imprensa - Primeiro curso de p\u00f3s-gradua\u00e7\u00e3o para policiais penais inicia nesta segunda-feira em Sergipe - O Coerente","og_description":"O curso de \u2018Direitos Humanos e Execu\u00e7\u00e3o Penal\u2019, a primeira p\u00f3s-gradua\u00e7\u00e3o espec\u00edfica para policiais penais em Sergipe, com tem\u00e1tica diretamente relacionada ao cotidiano do trabalho destes profissionais, ter\u00e1 sua aula inaugural nesta segunda-feira 13, \u00e0s 19 horas, no audit\u00f3rio do bloco G, na Universidade Tiradentes (Unit-Farol\u00e2ndia). A a\u00e7\u00e3o \u00e9 fruto de um conv\u00eanio com o [&hellip;]","og_url":"https:\/\/ocoerente.com.br\/se\/2023\/03\/14\/convite-a-imprensa-primeiro-curso-de-pos-graduacao-para-policiais-penais-inicia-nesta-segunda-feira-em-sergipe\/","og_site_name":"O Coerente","article_published_time":"2023-03-15T01:00:20+00:00","article_modified_time":"2023-03-15T01:00:27+00:00","og_image":[{"width":1280,"height":852,"url":"https:\/\/ocoerente.com.br\/se\/wp-content\/uploads\/2023\/03\/Policia-Penal-curso.jpg","type":"image\/jpeg"}],"author":"Reda\u00e7\u00e3o","twitter_card":"summary_large_image","twitter_misc":{"Escrito por":"Reda\u00e7\u00e3o","Est. tempo de leitura":"2 minutos"},"schema":{"@context":"https:\/\/schema.org","@graph":[{"@type":"Article","@id":"https:\/\/ocoerente.com.br\/se\/2023\/03\/14\/convite-a-imprensa-primeiro-curso-de-pos-graduacao-para-policiais-penais-inicia-nesta-segunda-feira-em-sergipe\/#article","isPartOf":{"@id":"https:\/\/ocoerente.com.br\/se\/2023\/03\/14\/convite-a-imprensa-primeiro-curso-de-pos-graduacao-para-policiais-penais-inicia-nesta-segunda-feira-em-sergipe\/"},"author":{"name":"Reda\u00e7\u00e3o","@id":"https:\/\/ocoerente.com.br\/se\/#\/schema\/person\/cc6bfd9fbca465e23543b0c963d8d037"},"headline":"Convite \u00e0 imprensa &#8211; Primeiro curso de p\u00f3s-gradua\u00e7\u00e3o para policiais penais inicia nesta segunda-feira em Sergipe","datePublished":"2023-03-15T01:00:20+00:00","dateModified":"2023-03-15T01:00:27+00:00","mainEntityOfPage":{"@id":"https:\/\/ocoerente.com.br\/se\/2023\/03\/14\/convite-a-imprensa-primeiro-curso-de-pos-graduacao-para-policiais-penais-inicia-nesta-segunda-feira-em-sergipe\/"},"wordCount":395,"publisher":{"@id":"https:\/\/ocoerente.com.br\/se\/#\/schema\/person\/cc6bfd9fbca465e23543b0c963d8d037"},"image":{"@id":"https:\/\/ocoerente.com.br\/se\/2023\/03\/14\/convite-a-imprensa-primeiro-curso-de-pos-graduacao-para-policiais-penais-inicia-nesta-segunda-feira-em-sergipe\/#primaryimage"},"thumbnailUrl":"https:\/\/ocoerente.com.br\/se\/wp-content\/uploads\/2023\/03\/Policia-Penal-curso.jpg","articleSection":["Destaques","Sergipe"],"inLanguage":"pt-BR"},{"@type":"WebPage","@id":"https:\/\/ocoerente.com.br\/se\/2023\/03\/14\/convite-a-imprensa-primeiro-curso-de-pos-graduacao-para-policiais-penais-inicia-nesta-segunda-feira-em-sergipe\/","url":"https:\/\/ocoerente.com.br\/se\/2023\/03\/14\/convite-a-imprensa-primeiro-curso-de-pos-graduacao-para-policiais-penais-inicia-nesta-segunda-feira-em-sergipe\/","name":"Convite \u00e0 imprensa - Primeiro curso de p\u00f3s-gradua\u00e7\u00e3o para policiais penais inicia nesta segunda-feira em Sergipe - O Coerente","isPartOf":{"@id":"https:\/\/ocoerente.com.br\/se\/#website"},"primaryImageOfPage":{"@id":"https:\/\/ocoerente.com.br\/se\/2023\/03\/14\/convite-a-imprensa-primeiro-curso-de-pos-graduacao-para-policiais-penais-inicia-nesta-segunda-feira-em-sergipe\/#primaryimage"},"image":{"@id":"https:\/\/ocoerente.com.br\/se\/2023\/03\/14\/convite-a-imprensa-primeiro-curso-de-pos-graduacao-para-policiais-penais-inicia-nesta-segunda-feira-em-sergipe\/#primaryimage"},"thumbnailUrl":"https:\/\/ocoerente.com.br\/se\/wp-content\/uploads\/2023\/03\/Policia-Penal-curso.jpg","datePublished":"2023-03-15T01:00:20+00:00","dateModified":"2023-03-15T01:00:27+00:00","breadcrumb":{"@id":"https:\/\/ocoerente.com.br\/se\/2023\/03\/14\/convite-a-imprensa-primeiro-curso-de-pos-graduacao-para-policiais-penais-inicia-nesta-segunda-feira-em-sergipe\/#breadcrumb"},"inLanguage":"pt-BR","potentialAction":[{"@type":"ReadAction","target":["https:\/\/ocoerente.com.br\/se\/2023\/03\/14\/convite-a-imprensa-primeiro-curso-de-pos-graduacao-para-policiais-penais-inicia-nesta-segunda-feira-em-sergipe\/"]}]},{"@type":"ImageObject","inLanguage":"pt-BR","@id":"https:\/\/ocoerente.com.br\/se\/2023\/03\/14\/convite-a-imprensa-primeiro-curso-de-pos-graduacao-para-policiais-penais-inicia-nesta-segunda-feira-em-sergipe\/#primaryimage","url":"https:\/\/ocoerente.com.br\/se\/wp-content\/uploads\/2023\/03\/Policia-Penal-curso.jpg","contentUrl":"https:\/\/ocoerente.com.br\/se\/wp-content\/uploads\/2023\/03\/Policia-Penal-curso.jpg","width":1280,"height":852},{"@type":"BreadcrumbList","@id":"https:\/\/ocoerente.com.br\/se\/2023\/03\/14\/convite-a-imprensa-primeiro-curso-de-pos-graduacao-para-policiais-penais-inicia-nesta-segunda-feira-em-sergipe\/#breadcrumb","itemListElement":[{"@type":"ListItem","position":1,"name":"In\u00edcio","item":"https:\/\/ocoerente.com.br\/se\/"},{"@type":"ListItem","position":2,"name":"Convite \u00e0 imprensa &#8211; Primeiro curso de p\u00f3s-gradua\u00e7\u00e3o para policiais penais inicia nesta segunda-feira em Sergipe"}]},{"@type":"WebSite","@id":"https:\/\/ocoerente.com.br\/se\/#website","url":"https:\/\/ocoerente.com.br\/se\/","name":"O Coerente","description":"","publisher":{"@id":"https:\/\/ocoerente.com.br\/se\/#\/schema\/person\/cc6bfd9fbca465e23543b0c963d8d037"},"potentialAction":[{"@type":"SearchAction","target":{"@type":"EntryPoint","urlTemplate":"https:\/\/ocoerente.com.br\/se\/?s={search_term_string}"},"query-input":{"@type":"PropertyValueSpecification","valueRequired":true,"valueName":"search_term_string"}}],"inLanguage":"pt-BR"},{"@type":["Person","Organization"],"@id":"https:\/\/ocoerente.com.br\/se\/#\/schema\/person\/cc6bfd9fbca465e23543b0c963d8d037","name":"Reda\u00e7\u00e3o","image":{"@type":"ImageObject","inLanguage":"pt-BR","@id":"https:\/\/ocoerente.com.br\/se\/wp-content\/uploads\/2020\/01\/ocoerente-1.png","url":"https:\/\/ocoerente.com.br\/se\/wp-content\/uploads\/2020\/01\/ocoerente-1.png","contentUrl":"https:\/\/ocoerente.com.br\/se\/wp-content\/uploads\/2020\/01\/ocoerente-1.png","width":50,"height":50,"caption":"Reda\u00e7\u00e3o"},"logo":{"@id":"https:\/\/ocoerente.com.br\/se\/wp-content\/uploads\/2020\/01\/ocoerente-1.png"},"url":"https:\/\/ocoerente.com.br\/se\/author\/vasticlsales\/"}]}},"_links":{"self":[{"href":"https:\/\/ocoerente.com.br\/se\/wp-json\/wp\/v2\/posts\/7457","targetHints":{"allow":["GET"]}}],"collection":[{"href":"https:\/\/ocoerente.com.br\/se\/wp-json\/wp\/v2\/posts"}],"about":[{"href":"https:\/\/ocoerente.com.br\/se\/wp-json\/wp\/v2\/types\/post"}],"author":[{"embeddable":true,"href":"https:\/\/ocoerente.com.br\/se\/wp-json\/wp\/v2\/users\/1"}],"replies":[{"embeddable":true,"href":"https:\/\/ocoerente.com.br\/se\/wp-json\/wp\/v2\/comments?post=7457"}],"version-history":[{"count":1,"href":"https:\/\/ocoerente.com.br\/se\/wp-json\/wp\/v2\/posts\/7457\/revisions"}],"predecessor-version":[{"id":7459,"href":"https:\/\/ocoerente.com.br\/se\/wp-json\/wp\/v2\/posts\/7457\/revisions\/7459"}],"wp:featuredmedia":[{"embeddable":true,"href":"https:\/\/ocoerente.com.br\/se\/wp-json\/wp\/v2\/media\/7458"}],"wp:attachment":[{"href":"https:\/\/ocoerente.com.br\/se\/wp-json\/wp\/v2\/media?parent=7457"}],"wp:term":[{"taxonomy":"category","embeddable":true,"href":"https:\/\/ocoerente.com.br\/se\/wp-json\/wp\/v2\/categories?post=7457"},{"taxonomy":"post_tag","embeddable":true,"href":"https:\/\/ocoerente.com.br\/se\/wp-json\/wp\/v2\/tags?post=7457"}],"curies":[{"name":"wp","href":"https:\/\/api.w.org\/{rel}","templated":true}]}}