{"id":7452,"date":"2023-03-11T01:17:13","date_gmt":"2023-03-11T04:17:13","guid":{"rendered":"https:\/\/ocoerente.com.br\/se\/?p=7452"},"modified":"2023-03-11T01:17:49","modified_gmt":"2023-03-11T04:17:49","slug":"politicas-de-valorizacao-da-mulher-sao-destacadas-pelo-governador-durante-encontro-promovido-pela-federacao-dos-municipios-de-sergipe","status":"publish","type":"post","link":"https:\/\/ocoerente.com.br\/se\/2023\/03\/11\/politicas-de-valorizacao-da-mulher-sao-destacadas-pelo-governador-durante-encontro-promovido-pela-federacao-dos-municipios-de-sergipe\/","title":{"rendered":"<em>Pol\u00edticas de valoriza\u00e7\u00e3o da mulher s\u00e3o destacadas pelo governador durante encontro promovido pela Federa\u00e7\u00e3o dos Munic\u00edpios de Sergipe<\/em>"},"content":{"rendered":"\n<p>Evento realizado no Teatro Tobias Barreto reuniu importantes lideran\u00e7as femininas do estado para debater o protagonismo feminino na sociedade<\/p>\n\n\n\n<p>Empenhado em construir uma gest\u00e3o voltada a valorizar e ampliar o protagonismo feminino, o governador de Sergipe, F\u00e1bio Mitidieri, prestigiou nesta sexta-feira, 10, o evento promovido pela Federa\u00e7\u00e3o dos Munic\u00edpios do Estado de Sergipe (Fames), em comemora\u00e7\u00e3o ao Dia Internacional da Mulher, celebrado em 8 de mar\u00e7o.<\/p>\n\n\n\n<p>O encontro aconteceu no Teatro Tobias Barreto, em Aracaju, e apresentou como tema central \u2018A mulher e a ocupa\u00e7\u00e3o de espa\u00e7o em nossa sociedade\u2019. Para discutir a tem\u00e1tica, foram realizados pain\u00e9is que debateram sobre a representatividade feminina nos espa\u00e7os de poder, o enfrentamento \u00e0 viol\u00eancia contra a mulher, o empoderamento das mulheres e a busca da equidade de g\u00eanero. Al\u00e9m disso, tamb\u00e9m ocorreu a palestra sobre Protagonismo Feminino nas Comunidades Tradicionais Sergipanas, ministrada pela procuradora da Rep\u00fablica, L\u00edvia Tin\u00f4co.<\/p>\n\n\n\n<p>Na abertura do evento, o governador de Sergipe agradeceu a oportunidade de poder falar em uma cerim\u00f4nia t\u00e3o simb\u00f3lica e representativa. \u201cLugar de mulher \u00e9 onde ela quiser, voc\u00eas t\u00eam toda compet\u00eancia para ocupar a posi\u00e7\u00e3o que desejarem, sobretudo na pol\u00edtica. O nosso governo \u00e9 feito por mulheres, s\u00e3o sete secretarias comandadas por mulheres, temos a primeira secret\u00e1ria da Fazenda, primeira secret\u00e1ria da Justi\u00e7a, a primeira-chefe do Gabinete Militar e criamos a primeira Secretaria de Pol\u00edticas para as Mulheres (SPM), uma pasta transversal que atua sempre com o prisma das mulheres\u201d.<\/p>\n\n\n\n<p>F\u00e1bio aproveitou o momento para ressaltar os decretos lan\u00e7ados no \u00faltimo dia 8, que criam programas e a\u00e7\u00f5es do Governo de Sergipe destinados, especialmente, \u00e0 prote\u00e7\u00e3o e ao combate \u00e0 viol\u00eancia contra mulher, bem como \u00e0 gera\u00e7\u00e3o de emprego e renda. Os decretos determinam a cria\u00e7\u00e3o do &#8216;Observat\u00f3rio da Mulher Beatriz Nascimento&#8217;, o &#8216;Selo Empresa Amiga da Mulher&#8217;, al\u00e9m da oficializa\u00e7\u00e3o do &#8216;Programa Cart\u00e3o Mais Inclus\u00e3o &#8211; CMais Mulher&#8217;- e da parceria com a Associa\u00e7\u00e3o Brasileira de Bares e Restaurantes (Abrasel) para o cumprimento da Lei 8.264\/19, que estabelece aos estabelecimentos a obrigatoriedade de adotar medidas de aux\u00edlio \u00e0 mulher que se sinta em situa\u00e7\u00e3o de risco. Os projetos s\u00e3o executados por meio da Secretaria de Pol\u00edticas para as Mulheres.<\/p>\n\n\n\n<p>\u201cPrecisamos dar abrigo e cuidar das mulheres em situa\u00e7\u00e3o de vulnerabilidade. Esse \u00e9 um governo de a\u00e7\u00f5es, n\u00f3s temos pressa para mudar a realidade, gerar emprego e condi\u00e7\u00f5es que transformem a vida delas. Nosso governo \u00e9 proativo e sempre ter\u00e1 um olhar especial e dedicado \u00e0 mulher sergipana\u201d, acrescentou Mitidieri.<\/p>\n\n\n\n<p><strong>Valoriza\u00e7\u00e3o<\/strong><br>A vice-presidente da Fames e prefeita de Capela, Silvany Mamlak, parabenizou as mulheres e agradeceu ao governador pelo empenho na gest\u00e3o pela valoriza\u00e7\u00e3o e empoderamento feminino. \u201cTemos um governador de verdade e uma primeira-dama atuante, competente e protagonista, que caminha ao lado do governador. F\u00e1bio est\u00e1 colocando em pr\u00e1tica o seu compromisso com as mulheres, tenho certeza que voc\u00ea ser\u00e1 um grande mandat\u00e1rio\u201d, disse Silvany.<\/p>\n\n\n\n<p>A primeira-dama e secret\u00e1ria de Estado da Assist\u00eancia Social e Cidadania, \u00c9rica Mitidieri, tamb\u00e9m participou do painel sobre a import\u00e2ncia da ocupa\u00e7\u00e3o de espa\u00e7o de poder pelas mulheres, juntamente com a vice-presidente da Fames, Silvany Mamlak, a deputada federal Yandra Moura, a ju\u00edza Jumara Porto e a deputada federal pelo estado do Amap\u00e1 Silvia Wai\u00e3pi.<\/p>\n\n\n\n<p>\u201cHoje foi um dia de muita representatividade, for\u00e7a e uni\u00e3o, um momento de muita reflex\u00e3o e discuss\u00e3o sobre nosso papel e sobre as lutas que precisam cada vez mais de valoriza\u00e7\u00e3o. Estamos juntas, ocupando espa\u00e7os e sempre cuidando do nosso povo\u201d, destacou \u00c9rica.<\/p>\n","protected":false},"excerpt":{"rendered":"<p>Evento realizado no Teatro Tobias Barreto reuniu importantes lideran\u00e7as femininas do estado para debater o protagonismo feminino na sociedade Empenhado em construir uma gest\u00e3o voltada a valorizar e ampliar o protagonismo feminino, o governador de Sergipe, F\u00e1bio Mitidieri, prestigiou nesta sexta-feira, 10, o evento promovido pela Federa\u00e7\u00e3o dos Munic\u00edpios do Estado de Sergipe (Fames), em [&hellip;]<\/p>\n","protected":false},"author":1,"featured_media":7453,"comment_status":"closed","ping_status":"closed","sticky":false,"template":"","format":"standard","meta":{"footnotes":""},"categories":[53,43],"tags":[],"class_list":["post-7452","post","type-post","status-publish","format-standard","has-post-thumbnail","hentry","category-destaques","category-sergipe"],"yoast_head":"<!-- This site is optimized with the Yoast SEO plugin v27.4 - https:\/\/yoast.com\/product\/yoast-seo-wordpress\/ -->\n<title>Pol\u00edticas de valoriza\u00e7\u00e3o da mulher s\u00e3o destacadas pelo governador durante encontro promovido pela Federa\u00e7\u00e3o dos Munic\u00edpios de Sergipe - O Coerente<\/title>\n<meta name=\"robots\" content=\"index, follow, max-snippet:-1, max-image-preview:large, max-video-preview:-1\" \/>\n<link rel=\"canonical\" href=\"https:\/\/ocoerente.com.br\/se\/2023\/03\/11\/politicas-de-valorizacao-da-mulher-sao-destacadas-pelo-governador-durante-encontro-promovido-pela-federacao-dos-municipios-de-sergipe\/\" \/>\n<meta property=\"og:locale\" content=\"pt_BR\" \/>\n<meta property=\"og:type\" content=\"article\" \/>\n<meta property=\"og:title\" content=\"Pol\u00edticas de valoriza\u00e7\u00e3o da mulher s\u00e3o destacadas pelo governador durante encontro promovido pela Federa\u00e7\u00e3o dos Munic\u00edpios de Sergipe - O Coerente\" \/>\n<meta property=\"og:description\" content=\"Evento realizado no Teatro Tobias Barreto reuniu importantes lideran\u00e7as femininas do estado para debater o protagonismo feminino na sociedade Empenhado em construir uma gest\u00e3o voltada a valorizar e ampliar o protagonismo feminino, o governador de Sergipe, F\u00e1bio Mitidieri, prestigiou nesta sexta-feira, 10, o evento promovido pela Federa\u00e7\u00e3o dos Munic\u00edpios do Estado de Sergipe (Fames), em [&hellip;]\" \/>\n<meta property=\"og:url\" content=\"https:\/\/ocoerente.com.br\/se\/2023\/03\/11\/politicas-de-valorizacao-da-mulher-sao-destacadas-pelo-governador-durante-encontro-promovido-pela-federacao-dos-municipios-de-sergipe\/\" \/>\n<meta property=\"og:site_name\" content=\"O Coerente\" \/>\n<meta property=\"article:published_time\" content=\"2023-03-11T04:17:13+00:00\" \/>\n<meta property=\"article:modified_time\" content=\"2023-03-11T04:17:49+00:00\" \/>\n<meta property=\"og:image\" content=\"https:\/\/ocoerente.com.br\/se\/wp-content\/uploads\/2023\/03\/govespo.jpg\" \/>\n\t<meta property=\"og:image:width\" content=\"1280\" \/>\n\t<meta property=\"og:image:height\" content=\"854\" \/>\n\t<meta property=\"og:image:type\" content=\"image\/jpeg\" \/>\n<meta name=\"author\" content=\"Reda\u00e7\u00e3o\" \/>\n<meta name=\"twitter:card\" content=\"summary_large_image\" \/>\n<meta name=\"twitter:label1\" content=\"Escrito por\" \/>\n\t<meta name=\"twitter:data1\" content=\"Reda\u00e7\u00e3o\" \/>\n\t<meta name=\"twitter:label2\" content=\"Est. tempo de leitura\" \/>\n\t<meta name=\"twitter:data2\" content=\"4 minutos\" \/>\n<script type=\"application\/ld+json\" class=\"yoast-schema-graph\">{\"@context\":\"https:\\\/\\\/schema.org\",\"@graph\":[{\"@type\":\"Article\",\"@id\":\"https:\\\/\\\/ocoerente.com.br\\\/se\\\/2023\\\/03\\\/11\\\/politicas-de-valorizacao-da-mulher-sao-destacadas-pelo-governador-durante-encontro-promovido-pela-federacao-dos-municipios-de-sergipe\\\/#article\",\"isPartOf\":{\"@id\":\"https:\\\/\\\/ocoerente.com.br\\\/se\\\/2023\\\/03\\\/11\\\/politicas-de-valorizacao-da-mulher-sao-destacadas-pelo-governador-durante-encontro-promovido-pela-federacao-dos-municipios-de-sergipe\\\/\"},\"author\":{\"name\":\"Reda\u00e7\u00e3o\",\"@id\":\"https:\\\/\\\/ocoerente.com.br\\\/se\\\/#\\\/schema\\\/person\\\/cc6bfd9fbca465e23543b0c963d8d037\"},\"headline\":\"Pol\u00edticas de valoriza\u00e7\u00e3o da mulher s\u00e3o destacadas pelo governador durante encontro promovido pela Federa\u00e7\u00e3o dos Munic\u00edpios de Sergipe\",\"datePublished\":\"2023-03-11T04:17:13+00:00\",\"dateModified\":\"2023-03-11T04:17:49+00:00\",\"mainEntityOfPage\":{\"@id\":\"https:\\\/\\\/ocoerente.com.br\\\/se\\\/2023\\\/03\\\/11\\\/politicas-de-valorizacao-da-mulher-sao-destacadas-pelo-governador-durante-encontro-promovido-pela-federacao-dos-municipios-de-sergipe\\\/\"},\"wordCount\":652,\"publisher\":{\"@id\":\"https:\\\/\\\/ocoerente.com.br\\\/se\\\/#\\\/schema\\\/person\\\/cc6bfd9fbca465e23543b0c963d8d037\"},\"image\":{\"@id\":\"https:\\\/\\\/ocoerente.com.br\\\/se\\\/2023\\\/03\\\/11\\\/politicas-de-valorizacao-da-mulher-sao-destacadas-pelo-governador-durante-encontro-promovido-pela-federacao-dos-municipios-de-sergipe\\\/#primaryimage\"},\"thumbnailUrl\":\"https:\\\/\\\/ocoerente.com.br\\\/se\\\/wp-content\\\/uploads\\\/2023\\\/03\\\/govespo.jpg\",\"articleSection\":[\"Destaques\",\"Sergipe\"],\"inLanguage\":\"pt-BR\"},{\"@type\":\"WebPage\",\"@id\":\"https:\\\/\\\/ocoerente.com.br\\\/se\\\/2023\\\/03\\\/11\\\/politicas-de-valorizacao-da-mulher-sao-destacadas-pelo-governador-durante-encontro-promovido-pela-federacao-dos-municipios-de-sergipe\\\/\",\"url\":\"https:\\\/\\\/ocoerente.com.br\\\/se\\\/2023\\\/03\\\/11\\\/politicas-de-valorizacao-da-mulher-sao-destacadas-pelo-governador-durante-encontro-promovido-pela-federacao-dos-municipios-de-sergipe\\\/\",\"name\":\"Pol\u00edticas de valoriza\u00e7\u00e3o da mulher s\u00e3o destacadas pelo governador durante encontro promovido pela Federa\u00e7\u00e3o dos Munic\u00edpios de Sergipe - O Coerente\",\"isPartOf\":{\"@id\":\"https:\\\/\\\/ocoerente.com.br\\\/se\\\/#website\"},\"primaryImageOfPage\":{\"@id\":\"https:\\\/\\\/ocoerente.com.br\\\/se\\\/2023\\\/03\\\/11\\\/politicas-de-valorizacao-da-mulher-sao-destacadas-pelo-governador-durante-encontro-promovido-pela-federacao-dos-municipios-de-sergipe\\\/#primaryimage\"},\"image\":{\"@id\":\"https:\\\/\\\/ocoerente.com.br\\\/se\\\/2023\\\/03\\\/11\\\/politicas-de-valorizacao-da-mulher-sao-destacadas-pelo-governador-durante-encontro-promovido-pela-federacao-dos-municipios-de-sergipe\\\/#primaryimage\"},\"thumbnailUrl\":\"https:\\\/\\\/ocoerente.com.br\\\/se\\\/wp-content\\\/uploads\\\/2023\\\/03\\\/govespo.jpg\",\"datePublished\":\"2023-03-11T04:17:13+00:00\",\"dateModified\":\"2023-03-11T04:17:49+00:00\",\"breadcrumb\":{\"@id\":\"https:\\\/\\\/ocoerente.com.br\\\/se\\\/2023\\\/03\\\/11\\\/politicas-de-valorizacao-da-mulher-sao-destacadas-pelo-governador-durante-encontro-promovido-pela-federacao-dos-municipios-de-sergipe\\\/#breadcrumb\"},\"inLanguage\":\"pt-BR\",\"potentialAction\":[{\"@type\":\"ReadAction\",\"target\":[\"https:\\\/\\\/ocoerente.com.br\\\/se\\\/2023\\\/03\\\/11\\\/politicas-de-valorizacao-da-mulher-sao-destacadas-pelo-governador-durante-encontro-promovido-pela-federacao-dos-municipios-de-sergipe\\\/\"]}]},{\"@type\":\"ImageObject\",\"inLanguage\":\"pt-BR\",\"@id\":\"https:\\\/\\\/ocoerente.com.br\\\/se\\\/2023\\\/03\\\/11\\\/politicas-de-valorizacao-da-mulher-sao-destacadas-pelo-governador-durante-encontro-promovido-pela-federacao-dos-municipios-de-sergipe\\\/#primaryimage\",\"url\":\"https:\\\/\\\/ocoerente.com.br\\\/se\\\/wp-content\\\/uploads\\\/2023\\\/03\\\/govespo.jpg\",\"contentUrl\":\"https:\\\/\\\/ocoerente.com.br\\\/se\\\/wp-content\\\/uploads\\\/2023\\\/03\\\/govespo.jpg\",\"width\":1280,\"height\":854,\"caption\":\"O encontro aconteceu no Teatro Tobias Barreto e apresentou como tema central \u2018A mulher e a ocupa\u00e7\u00e3o de espa\u00e7o em nossa sociedade\u2019 \\\/ Foto: Arthur Soares\"},{\"@type\":\"BreadcrumbList\",\"@id\":\"https:\\\/\\\/ocoerente.com.br\\\/se\\\/2023\\\/03\\\/11\\\/politicas-de-valorizacao-da-mulher-sao-destacadas-pelo-governador-durante-encontro-promovido-pela-federacao-dos-municipios-de-sergipe\\\/#breadcrumb\",\"itemListElement\":[{\"@type\":\"ListItem\",\"position\":1,\"name\":\"In\u00edcio\",\"item\":\"https:\\\/\\\/ocoerente.com.br\\\/se\\\/\"},{\"@type\":\"ListItem\",\"position\":2,\"name\":\"Pol\u00edticas de valoriza\u00e7\u00e3o da mulher s\u00e3o destacadas pelo governador durante encontro promovido pela Federa\u00e7\u00e3o dos Munic\u00edpios de Sergipe\"}]},{\"@type\":\"WebSite\",\"@id\":\"https:\\\/\\\/ocoerente.com.br\\\/se\\\/#website\",\"url\":\"https:\\\/\\\/ocoerente.com.br\\\/se\\\/\",\"name\":\"O Coerente\",\"description\":\"\",\"publisher\":{\"@id\":\"https:\\\/\\\/ocoerente.com.br\\\/se\\\/#\\\/schema\\\/person\\\/cc6bfd9fbca465e23543b0c963d8d037\"},\"potentialAction\":[{\"@type\":\"SearchAction\",\"target\":{\"@type\":\"EntryPoint\",\"urlTemplate\":\"https:\\\/\\\/ocoerente.com.br\\\/se\\\/?s={search_term_string}\"},\"query-input\":{\"@type\":\"PropertyValueSpecification\",\"valueRequired\":true,\"valueName\":\"search_term_string\"}}],\"inLanguage\":\"pt-BR\"},{\"@type\":[\"Person\",\"Organization\"],\"@id\":\"https:\\\/\\\/ocoerente.com.br\\\/se\\\/#\\\/schema\\\/person\\\/cc6bfd9fbca465e23543b0c963d8d037\",\"name\":\"Reda\u00e7\u00e3o\",\"image\":{\"@type\":\"ImageObject\",\"inLanguage\":\"pt-BR\",\"@id\":\"https:\\\/\\\/ocoerente.com.br\\\/se\\\/wp-content\\\/uploads\\\/2020\\\/01\\\/ocoerente-1.png\",\"url\":\"https:\\\/\\\/ocoerente.com.br\\\/se\\\/wp-content\\\/uploads\\\/2020\\\/01\\\/ocoerente-1.png\",\"contentUrl\":\"https:\\\/\\\/ocoerente.com.br\\\/se\\\/wp-content\\\/uploads\\\/2020\\\/01\\\/ocoerente-1.png\",\"width\":50,\"height\":50,\"caption\":\"Reda\u00e7\u00e3o\"},\"logo\":{\"@id\":\"https:\\\/\\\/ocoerente.com.br\\\/se\\\/wp-content\\\/uploads\\\/2020\\\/01\\\/ocoerente-1.png\"},\"url\":\"https:\\\/\\\/ocoerente.com.br\\\/se\\\/author\\\/vasticlsales\\\/\"}]}<\/script>\n<!-- \/ Yoast SEO plugin. -->","yoast_head_json":{"title":"Pol\u00edticas de valoriza\u00e7\u00e3o da mulher s\u00e3o destacadas pelo governador durante encontro promovido pela Federa\u00e7\u00e3o dos Munic\u00edpios de Sergipe - O Coerente","robots":{"index":"index","follow":"follow","max-snippet":"max-snippet:-1","max-image-preview":"max-image-preview:large","max-video-preview":"max-video-preview:-1"},"canonical":"https:\/\/ocoerente.com.br\/se\/2023\/03\/11\/politicas-de-valorizacao-da-mulher-sao-destacadas-pelo-governador-durante-encontro-promovido-pela-federacao-dos-municipios-de-sergipe\/","og_locale":"pt_BR","og_type":"article","og_title":"Pol\u00edticas de valoriza\u00e7\u00e3o da mulher s\u00e3o destacadas pelo governador durante encontro promovido pela Federa\u00e7\u00e3o dos Munic\u00edpios de Sergipe - O Coerente","og_description":"Evento realizado no Teatro Tobias Barreto reuniu importantes lideran\u00e7as femininas do estado para debater o protagonismo feminino na sociedade Empenhado em construir uma gest\u00e3o voltada a valorizar e ampliar o protagonismo feminino, o governador de Sergipe, F\u00e1bio Mitidieri, prestigiou nesta sexta-feira, 10, o evento promovido pela Federa\u00e7\u00e3o dos Munic\u00edpios do Estado de Sergipe (Fames), em [&hellip;]","og_url":"https:\/\/ocoerente.com.br\/se\/2023\/03\/11\/politicas-de-valorizacao-da-mulher-sao-destacadas-pelo-governador-durante-encontro-promovido-pela-federacao-dos-municipios-de-sergipe\/","og_site_name":"O Coerente","article_published_time":"2023-03-11T04:17:13+00:00","article_modified_time":"2023-03-11T04:17:49+00:00","og_image":[{"width":1280,"height":854,"url":"https:\/\/ocoerente.com.br\/se\/wp-content\/uploads\/2023\/03\/govespo.jpg","type":"image\/jpeg"}],"author":"Reda\u00e7\u00e3o","twitter_card":"summary_large_image","twitter_misc":{"Escrito por":"Reda\u00e7\u00e3o","Est. tempo de leitura":"4 minutos"},"schema":{"@context":"https:\/\/schema.org","@graph":[{"@type":"Article","@id":"https:\/\/ocoerente.com.br\/se\/2023\/03\/11\/politicas-de-valorizacao-da-mulher-sao-destacadas-pelo-governador-durante-encontro-promovido-pela-federacao-dos-municipios-de-sergipe\/#article","isPartOf":{"@id":"https:\/\/ocoerente.com.br\/se\/2023\/03\/11\/politicas-de-valorizacao-da-mulher-sao-destacadas-pelo-governador-durante-encontro-promovido-pela-federacao-dos-municipios-de-sergipe\/"},"author":{"name":"Reda\u00e7\u00e3o","@id":"https:\/\/ocoerente.com.br\/se\/#\/schema\/person\/cc6bfd9fbca465e23543b0c963d8d037"},"headline":"Pol\u00edticas de valoriza\u00e7\u00e3o da mulher s\u00e3o destacadas pelo governador durante encontro promovido pela Federa\u00e7\u00e3o dos Munic\u00edpios de Sergipe","datePublished":"2023-03-11T04:17:13+00:00","dateModified":"2023-03-11T04:17:49+00:00","mainEntityOfPage":{"@id":"https:\/\/ocoerente.com.br\/se\/2023\/03\/11\/politicas-de-valorizacao-da-mulher-sao-destacadas-pelo-governador-durante-encontro-promovido-pela-federacao-dos-municipios-de-sergipe\/"},"wordCount":652,"publisher":{"@id":"https:\/\/ocoerente.com.br\/se\/#\/schema\/person\/cc6bfd9fbca465e23543b0c963d8d037"},"image":{"@id":"https:\/\/ocoerente.com.br\/se\/2023\/03\/11\/politicas-de-valorizacao-da-mulher-sao-destacadas-pelo-governador-durante-encontro-promovido-pela-federacao-dos-municipios-de-sergipe\/#primaryimage"},"thumbnailUrl":"https:\/\/ocoerente.com.br\/se\/wp-content\/uploads\/2023\/03\/govespo.jpg","articleSection":["Destaques","Sergipe"],"inLanguage":"pt-BR"},{"@type":"WebPage","@id":"https:\/\/ocoerente.com.br\/se\/2023\/03\/11\/politicas-de-valorizacao-da-mulher-sao-destacadas-pelo-governador-durante-encontro-promovido-pela-federacao-dos-municipios-de-sergipe\/","url":"https:\/\/ocoerente.com.br\/se\/2023\/03\/11\/politicas-de-valorizacao-da-mulher-sao-destacadas-pelo-governador-durante-encontro-promovido-pela-federacao-dos-municipios-de-sergipe\/","name":"Pol\u00edticas de valoriza\u00e7\u00e3o da mulher s\u00e3o destacadas pelo governador durante encontro promovido pela Federa\u00e7\u00e3o dos Munic\u00edpios de Sergipe - O Coerente","isPartOf":{"@id":"https:\/\/ocoerente.com.br\/se\/#website"},"primaryImageOfPage":{"@id":"https:\/\/ocoerente.com.br\/se\/2023\/03\/11\/politicas-de-valorizacao-da-mulher-sao-destacadas-pelo-governador-durante-encontro-promovido-pela-federacao-dos-municipios-de-sergipe\/#primaryimage"},"image":{"@id":"https:\/\/ocoerente.com.br\/se\/2023\/03\/11\/politicas-de-valorizacao-da-mulher-sao-destacadas-pelo-governador-durante-encontro-promovido-pela-federacao-dos-municipios-de-sergipe\/#primaryimage"},"thumbnailUrl":"https:\/\/ocoerente.com.br\/se\/wp-content\/uploads\/2023\/03\/govespo.jpg","datePublished":"2023-03-11T04:17:13+00:00","dateModified":"2023-03-11T04:17:49+00:00","breadcrumb":{"@id":"https:\/\/ocoerente.com.br\/se\/2023\/03\/11\/politicas-de-valorizacao-da-mulher-sao-destacadas-pelo-governador-durante-encontro-promovido-pela-federacao-dos-municipios-de-sergipe\/#breadcrumb"},"inLanguage":"pt-BR","potentialAction":[{"@type":"ReadAction","target":["https:\/\/ocoerente.com.br\/se\/2023\/03\/11\/politicas-de-valorizacao-da-mulher-sao-destacadas-pelo-governador-durante-encontro-promovido-pela-federacao-dos-municipios-de-sergipe\/"]}]},{"@type":"ImageObject","inLanguage":"pt-BR","@id":"https:\/\/ocoerente.com.br\/se\/2023\/03\/11\/politicas-de-valorizacao-da-mulher-sao-destacadas-pelo-governador-durante-encontro-promovido-pela-federacao-dos-municipios-de-sergipe\/#primaryimage","url":"https:\/\/ocoerente.com.br\/se\/wp-content\/uploads\/2023\/03\/govespo.jpg","contentUrl":"https:\/\/ocoerente.com.br\/se\/wp-content\/uploads\/2023\/03\/govespo.jpg","width":1280,"height":854,"caption":"O encontro aconteceu no Teatro Tobias Barreto e apresentou como tema central \u2018A mulher e a ocupa\u00e7\u00e3o de espa\u00e7o em nossa sociedade\u2019 \/ Foto: Arthur Soares"},{"@type":"BreadcrumbList","@id":"https:\/\/ocoerente.com.br\/se\/2023\/03\/11\/politicas-de-valorizacao-da-mulher-sao-destacadas-pelo-governador-durante-encontro-promovido-pela-federacao-dos-municipios-de-sergipe\/#breadcrumb","itemListElement":[{"@type":"ListItem","position":1,"name":"In\u00edcio","item":"https:\/\/ocoerente.com.br\/se\/"},{"@type":"ListItem","position":2,"name":"Pol\u00edticas de valoriza\u00e7\u00e3o da mulher s\u00e3o destacadas pelo governador durante encontro promovido pela Federa\u00e7\u00e3o dos Munic\u00edpios de Sergipe"}]},{"@type":"WebSite","@id":"https:\/\/ocoerente.com.br\/se\/#website","url":"https:\/\/ocoerente.com.br\/se\/","name":"O Coerente","description":"","publisher":{"@id":"https:\/\/ocoerente.com.br\/se\/#\/schema\/person\/cc6bfd9fbca465e23543b0c963d8d037"},"potentialAction":[{"@type":"SearchAction","target":{"@type":"EntryPoint","urlTemplate":"https:\/\/ocoerente.com.br\/se\/?s={search_term_string}"},"query-input":{"@type":"PropertyValueSpecification","valueRequired":true,"valueName":"search_term_string"}}],"inLanguage":"pt-BR"},{"@type":["Person","Organization"],"@id":"https:\/\/ocoerente.com.br\/se\/#\/schema\/person\/cc6bfd9fbca465e23543b0c963d8d037","name":"Reda\u00e7\u00e3o","image":{"@type":"ImageObject","inLanguage":"pt-BR","@id":"https:\/\/ocoerente.com.br\/se\/wp-content\/uploads\/2020\/01\/ocoerente-1.png","url":"https:\/\/ocoerente.com.br\/se\/wp-content\/uploads\/2020\/01\/ocoerente-1.png","contentUrl":"https:\/\/ocoerente.com.br\/se\/wp-content\/uploads\/2020\/01\/ocoerente-1.png","width":50,"height":50,"caption":"Reda\u00e7\u00e3o"},"logo":{"@id":"https:\/\/ocoerente.com.br\/se\/wp-content\/uploads\/2020\/01\/ocoerente-1.png"},"url":"https:\/\/ocoerente.com.br\/se\/author\/vasticlsales\/"}]}},"_links":{"self":[{"href":"https:\/\/ocoerente.com.br\/se\/wp-json\/wp\/v2\/posts\/7452","targetHints":{"allow":["GET"]}}],"collection":[{"href":"https:\/\/ocoerente.com.br\/se\/wp-json\/wp\/v2\/posts"}],"about":[{"href":"https:\/\/ocoerente.com.br\/se\/wp-json\/wp\/v2\/types\/post"}],"author":[{"embeddable":true,"href":"https:\/\/ocoerente.com.br\/se\/wp-json\/wp\/v2\/users\/1"}],"replies":[{"embeddable":true,"href":"https:\/\/ocoerente.com.br\/se\/wp-json\/wp\/v2\/comments?post=7452"}],"version-history":[{"count":1,"href":"https:\/\/ocoerente.com.br\/se\/wp-json\/wp\/v2\/posts\/7452\/revisions"}],"predecessor-version":[{"id":7454,"href":"https:\/\/ocoerente.com.br\/se\/wp-json\/wp\/v2\/posts\/7452\/revisions\/7454"}],"wp:featuredmedia":[{"embeddable":true,"href":"https:\/\/ocoerente.com.br\/se\/wp-json\/wp\/v2\/media\/7453"}],"wp:attachment":[{"href":"https:\/\/ocoerente.com.br\/se\/wp-json\/wp\/v2\/media?parent=7452"}],"wp:term":[{"taxonomy":"category","embeddable":true,"href":"https:\/\/ocoerente.com.br\/se\/wp-json\/wp\/v2\/categories?post=7452"},{"taxonomy":"post_tag","embeddable":true,"href":"https:\/\/ocoerente.com.br\/se\/wp-json\/wp\/v2\/tags?post=7452"}],"curies":[{"name":"wp","href":"https:\/\/api.w.org\/{rel}","templated":true}]}}