{"id":7446,"date":"2023-03-11T01:12:18","date_gmt":"2023-03-11T04:12:18","guid":{"rendered":"https:\/\/ocoerente.com.br\/se\/?p=7446"},"modified":"2023-03-11T01:12:19","modified_gmt":"2023-03-11T04:12:19","slug":"eduardo-lima-indaga-sobre-a-falta-de-monitores-para-acompanhar-alunos-na-rede-publica-de-ensino","status":"publish","type":"post","link":"https:\/\/ocoerente.com.br\/se\/2023\/03\/11\/eduardo-lima-indaga-sobre-a-falta-de-monitores-para-acompanhar-alunos-na-rede-publica-de-ensino\/","title":{"rendered":"Eduardo Lima indaga sobre a falta de monitores para acompanhar alunos na rede p\u00fablica de ensino"},"content":{"rendered":"\n<p>A indaga\u00e7\u00e3o foi feita durante a visita do Secret\u00e1rio da Educa\u00e7\u00e3o municipal \u00e0 CMA<\/p>\n\n\n\n<p>Durante a visita do Secret\u00e1rio da Educa\u00e7\u00e3o de Aracaju, Ricardo Abreu, \u00e0 C\u00e2mara Municipal de Aracaju (CMA), na manh\u00e3 desta quinta-feira, dia 9, o vereador Eduardo Lima (Republicanos), indagou ao gestor sobre a falta de monitores para acompanhar crian\u00e7as nos \u00f4nibus, durante o transporte escolar e sobre a falta de vaga para alunos Portadores de Necessidades Especiais (PNE) na rede p\u00fablica municipal.<\/p>\n\n\n\n<p>\u201cO movimento das crian\u00e7as nos \u00f4nibus \u00e9 uma coisa que nos preocupa, haja vista que hoje existe uma demanda muito grande de monitores e n\u00e3o tem sido atingida a oferta necess\u00e1ria; outra coisa, \u00e9 que muitas crian\u00e7as especiais n\u00e3o t\u00eam encontrado vagas nas escolas devido a falta de monitoria\u201d, indagou o vereador.<\/p>\n\n\n\n<p>Em sua resposta, Ricardo Abreu afirmou que est\u00e1 sendo um desafio muito grande o transporte na rede p\u00fabica e que est\u00e1 discutindo a revitaliza\u00e7\u00e3o e expans\u00e3o do mesmo.<\/p>\n\n\n\n<p>\u201cN\u00f3s estamos trabalhando com muita parcim\u00f4nia, dentro daquilo que \u00e9 poss\u00edvel fazer atualmente. N\u00f3s colocamos \u00f4nibus com monitores e esses alunos s\u00e3o acompanhados durante todo percurso at\u00e9 serem entregues aos seus pais. De fato, \u00e9 algo que nos preocupa bastante, por isso, a nossa grande resist\u00eancia \u00e9 transportar alunos que s\u00e3o estudantes da educa\u00e7\u00e3o infantil, de seis meses a cinco anos, isso \u00e9 um desafio para todos n\u00f3s\u201d, explicou o secret\u00e1rio.<\/p>\n\n\n\n<p>Sobre a falta de monitores para crian\u00e7as especiais, Abreu afirmou que o n\u00famero de crian\u00e7as matriculadas, numa perspectiva diacr\u00f4nica, aumentou muito ao longo dos anos.<\/p>\n\n\n\n<p>\u201cN\u00f3s, nos \u00faltimos tr\u00eas anos, antes da Pandemia, saltamos de um n\u00famero 400 estudantes da educa\u00e7\u00e3o especial para 600, um ano depois para mais de 1000, agora n\u00f3s temos aproximadamente 1800 estudantes na educa\u00e7\u00e3o especial matriculados na nossa rede. N\u00f3s estamos em um paradigma novo para o qual nenhuma rede desse pa\u00eds se preparou at\u00e9 ent\u00e3o. N\u00f3s estamos aprendendo diante do fen\u00f4meno\u201d, afirmou Abreu.<\/p>\n\n\n\n<p>Por: Leonardo Teles<\/p>\n","protected":false},"excerpt":{"rendered":"<p>A indaga\u00e7\u00e3o foi feita durante a visita do Secret\u00e1rio da Educa\u00e7\u00e3o municipal \u00e0 CMA Durante a visita do Secret\u00e1rio da Educa\u00e7\u00e3o de Aracaju, Ricardo Abreu, \u00e0 C\u00e2mara Municipal de Aracaju (CMA), na manh\u00e3 desta quinta-feira, dia 9, o vereador Eduardo Lima (Republicanos), indagou ao gestor sobre a falta de monitores para acompanhar crian\u00e7as nos \u00f4nibus, [&hellip;]<\/p>\n","protected":false},"author":1,"featured_media":7447,"comment_status":"closed","ping_status":"closed","sticky":false,"template":"","format":"standard","meta":{"footnotes":""},"categories":[53,44],"tags":[],"class_list":["post-7446","post","type-post","status-publish","format-standard","has-post-thumbnail","hentry","category-destaques","category-politica"],"yoast_head":"<!-- This site is optimized with the Yoast SEO plugin v27.4 - https:\/\/yoast.com\/product\/yoast-seo-wordpress\/ -->\n<title>Eduardo Lima indaga sobre a falta de monitores para acompanhar alunos na rede p\u00fablica de ensino - O Coerente<\/title>\n<meta name=\"robots\" content=\"index, follow, max-snippet:-1, max-image-preview:large, max-video-preview:-1\" \/>\n<link rel=\"canonical\" href=\"https:\/\/ocoerente.com.br\/se\/2023\/03\/11\/eduardo-lima-indaga-sobre-a-falta-de-monitores-para-acompanhar-alunos-na-rede-publica-de-ensino\/\" \/>\n<meta property=\"og:locale\" content=\"pt_BR\" \/>\n<meta property=\"og:type\" content=\"article\" \/>\n<meta property=\"og:title\" content=\"Eduardo Lima indaga sobre a falta de monitores para acompanhar alunos na rede p\u00fablica de ensino - O Coerente\" \/>\n<meta property=\"og:description\" content=\"A indaga\u00e7\u00e3o foi feita durante a visita do Secret\u00e1rio da Educa\u00e7\u00e3o municipal \u00e0 CMA Durante a visita do Secret\u00e1rio da Educa\u00e7\u00e3o de Aracaju, Ricardo Abreu, \u00e0 C\u00e2mara Municipal de Aracaju (CMA), na manh\u00e3 desta quinta-feira, dia 9, o vereador Eduardo Lima (Republicanos), indagou ao gestor sobre a falta de monitores para acompanhar crian\u00e7as nos \u00f4nibus, [&hellip;]\" \/>\n<meta property=\"og:url\" content=\"https:\/\/ocoerente.com.br\/se\/2023\/03\/11\/eduardo-lima-indaga-sobre-a-falta-de-monitores-para-acompanhar-alunos-na-rede-publica-de-ensino\/\" \/>\n<meta property=\"og:site_name\" content=\"O Coerente\" \/>\n<meta property=\"article:published_time\" content=\"2023-03-11T04:12:18+00:00\" \/>\n<meta property=\"article:modified_time\" content=\"2023-03-11T04:12:19+00:00\" \/>\n<meta property=\"og:image\" content=\"https:\/\/ocoerente.com.br\/se\/wp-content\/uploads\/2023\/03\/llllimmma.jpg\" \/>\n\t<meta property=\"og:image:width\" content=\"1600\" \/>\n\t<meta property=\"og:image:height\" content=\"1066\" \/>\n\t<meta property=\"og:image:type\" content=\"image\/jpeg\" \/>\n<meta name=\"author\" content=\"Reda\u00e7\u00e3o\" \/>\n<meta name=\"twitter:card\" content=\"summary_large_image\" \/>\n<meta name=\"twitter:label1\" content=\"Escrito por\" \/>\n\t<meta name=\"twitter:data1\" content=\"Reda\u00e7\u00e3o\" \/>\n\t<meta name=\"twitter:label2\" content=\"Est. tempo de leitura\" \/>\n\t<meta name=\"twitter:data2\" content=\"2 minutos\" \/>\n<script type=\"application\/ld+json\" class=\"yoast-schema-graph\">{\"@context\":\"https:\\\/\\\/schema.org\",\"@graph\":[{\"@type\":\"Article\",\"@id\":\"https:\\\/\\\/ocoerente.com.br\\\/se\\\/2023\\\/03\\\/11\\\/eduardo-lima-indaga-sobre-a-falta-de-monitores-para-acompanhar-alunos-na-rede-publica-de-ensino\\\/#article\",\"isPartOf\":{\"@id\":\"https:\\\/\\\/ocoerente.com.br\\\/se\\\/2023\\\/03\\\/11\\\/eduardo-lima-indaga-sobre-a-falta-de-monitores-para-acompanhar-alunos-na-rede-publica-de-ensino\\\/\"},\"author\":{\"name\":\"Reda\u00e7\u00e3o\",\"@id\":\"https:\\\/\\\/ocoerente.com.br\\\/se\\\/#\\\/schema\\\/person\\\/cc6bfd9fbca465e23543b0c963d8d037\"},\"headline\":\"Eduardo Lima indaga sobre a falta de monitores para acompanhar alunos na rede p\u00fablica de ensino\",\"datePublished\":\"2023-03-11T04:12:18+00:00\",\"dateModified\":\"2023-03-11T04:12:19+00:00\",\"mainEntityOfPage\":{\"@id\":\"https:\\\/\\\/ocoerente.com.br\\\/se\\\/2023\\\/03\\\/11\\\/eduardo-lima-indaga-sobre-a-falta-de-monitores-para-acompanhar-alunos-na-rede-publica-de-ensino\\\/\"},\"wordCount\":365,\"publisher\":{\"@id\":\"https:\\\/\\\/ocoerente.com.br\\\/se\\\/#\\\/schema\\\/person\\\/cc6bfd9fbca465e23543b0c963d8d037\"},\"image\":{\"@id\":\"https:\\\/\\\/ocoerente.com.br\\\/se\\\/2023\\\/03\\\/11\\\/eduardo-lima-indaga-sobre-a-falta-de-monitores-para-acompanhar-alunos-na-rede-publica-de-ensino\\\/#primaryimage\"},\"thumbnailUrl\":\"https:\\\/\\\/ocoerente.com.br\\\/se\\\/wp-content\\\/uploads\\\/2023\\\/03\\\/llllimmma.jpg\",\"articleSection\":[\"Destaques\",\"Pol\u00edtica\"],\"inLanguage\":\"pt-BR\"},{\"@type\":\"WebPage\",\"@id\":\"https:\\\/\\\/ocoerente.com.br\\\/se\\\/2023\\\/03\\\/11\\\/eduardo-lima-indaga-sobre-a-falta-de-monitores-para-acompanhar-alunos-na-rede-publica-de-ensino\\\/\",\"url\":\"https:\\\/\\\/ocoerente.com.br\\\/se\\\/2023\\\/03\\\/11\\\/eduardo-lima-indaga-sobre-a-falta-de-monitores-para-acompanhar-alunos-na-rede-publica-de-ensino\\\/\",\"name\":\"Eduardo Lima indaga sobre a falta de monitores para acompanhar alunos na rede p\u00fablica de ensino - O Coerente\",\"isPartOf\":{\"@id\":\"https:\\\/\\\/ocoerente.com.br\\\/se\\\/#website\"},\"primaryImageOfPage\":{\"@id\":\"https:\\\/\\\/ocoerente.com.br\\\/se\\\/2023\\\/03\\\/11\\\/eduardo-lima-indaga-sobre-a-falta-de-monitores-para-acompanhar-alunos-na-rede-publica-de-ensino\\\/#primaryimage\"},\"image\":{\"@id\":\"https:\\\/\\\/ocoerente.com.br\\\/se\\\/2023\\\/03\\\/11\\\/eduardo-lima-indaga-sobre-a-falta-de-monitores-para-acompanhar-alunos-na-rede-publica-de-ensino\\\/#primaryimage\"},\"thumbnailUrl\":\"https:\\\/\\\/ocoerente.com.br\\\/se\\\/wp-content\\\/uploads\\\/2023\\\/03\\\/llllimmma.jpg\",\"datePublished\":\"2023-03-11T04:12:18+00:00\",\"dateModified\":\"2023-03-11T04:12:19+00:00\",\"breadcrumb\":{\"@id\":\"https:\\\/\\\/ocoerente.com.br\\\/se\\\/2023\\\/03\\\/11\\\/eduardo-lima-indaga-sobre-a-falta-de-monitores-para-acompanhar-alunos-na-rede-publica-de-ensino\\\/#breadcrumb\"},\"inLanguage\":\"pt-BR\",\"potentialAction\":[{\"@type\":\"ReadAction\",\"target\":[\"https:\\\/\\\/ocoerente.com.br\\\/se\\\/2023\\\/03\\\/11\\\/eduardo-lima-indaga-sobre-a-falta-de-monitores-para-acompanhar-alunos-na-rede-publica-de-ensino\\\/\"]}]},{\"@type\":\"ImageObject\",\"inLanguage\":\"pt-BR\",\"@id\":\"https:\\\/\\\/ocoerente.com.br\\\/se\\\/2023\\\/03\\\/11\\\/eduardo-lima-indaga-sobre-a-falta-de-monitores-para-acompanhar-alunos-na-rede-publica-de-ensino\\\/#primaryimage\",\"url\":\"https:\\\/\\\/ocoerente.com.br\\\/se\\\/wp-content\\\/uploads\\\/2023\\\/03\\\/llllimmma.jpg\",\"contentUrl\":\"https:\\\/\\\/ocoerente.com.br\\\/se\\\/wp-content\\\/uploads\\\/2023\\\/03\\\/llllimmma.jpg\",\"width\":1600,\"height\":1066,\"caption\":\"Foto: Gilton Rosas\"},{\"@type\":\"BreadcrumbList\",\"@id\":\"https:\\\/\\\/ocoerente.com.br\\\/se\\\/2023\\\/03\\\/11\\\/eduardo-lima-indaga-sobre-a-falta-de-monitores-para-acompanhar-alunos-na-rede-publica-de-ensino\\\/#breadcrumb\",\"itemListElement\":[{\"@type\":\"ListItem\",\"position\":1,\"name\":\"In\u00edcio\",\"item\":\"https:\\\/\\\/ocoerente.com.br\\\/se\\\/\"},{\"@type\":\"ListItem\",\"position\":2,\"name\":\"Eduardo Lima indaga sobre a falta de monitores para acompanhar alunos na rede p\u00fablica de ensino\"}]},{\"@type\":\"WebSite\",\"@id\":\"https:\\\/\\\/ocoerente.com.br\\\/se\\\/#website\",\"url\":\"https:\\\/\\\/ocoerente.com.br\\\/se\\\/\",\"name\":\"O Coerente\",\"description\":\"\",\"publisher\":{\"@id\":\"https:\\\/\\\/ocoerente.com.br\\\/se\\\/#\\\/schema\\\/person\\\/cc6bfd9fbca465e23543b0c963d8d037\"},\"potentialAction\":[{\"@type\":\"SearchAction\",\"target\":{\"@type\":\"EntryPoint\",\"urlTemplate\":\"https:\\\/\\\/ocoerente.com.br\\\/se\\\/?s={search_term_string}\"},\"query-input\":{\"@type\":\"PropertyValueSpecification\",\"valueRequired\":true,\"valueName\":\"search_term_string\"}}],\"inLanguage\":\"pt-BR\"},{\"@type\":[\"Person\",\"Organization\"],\"@id\":\"https:\\\/\\\/ocoerente.com.br\\\/se\\\/#\\\/schema\\\/person\\\/cc6bfd9fbca465e23543b0c963d8d037\",\"name\":\"Reda\u00e7\u00e3o\",\"image\":{\"@type\":\"ImageObject\",\"inLanguage\":\"pt-BR\",\"@id\":\"https:\\\/\\\/ocoerente.com.br\\\/se\\\/wp-content\\\/uploads\\\/2020\\\/01\\\/ocoerente-1.png\",\"url\":\"https:\\\/\\\/ocoerente.com.br\\\/se\\\/wp-content\\\/uploads\\\/2020\\\/01\\\/ocoerente-1.png\",\"contentUrl\":\"https:\\\/\\\/ocoerente.com.br\\\/se\\\/wp-content\\\/uploads\\\/2020\\\/01\\\/ocoerente-1.png\",\"width\":50,\"height\":50,\"caption\":\"Reda\u00e7\u00e3o\"},\"logo\":{\"@id\":\"https:\\\/\\\/ocoerente.com.br\\\/se\\\/wp-content\\\/uploads\\\/2020\\\/01\\\/ocoerente-1.png\"},\"url\":\"https:\\\/\\\/ocoerente.com.br\\\/se\\\/author\\\/vasticlsales\\\/\"}]}<\/script>\n<!-- \/ Yoast SEO plugin. -->","yoast_head_json":{"title":"Eduardo Lima indaga sobre a falta de monitores para acompanhar alunos na rede p\u00fablica de ensino - O Coerente","robots":{"index":"index","follow":"follow","max-snippet":"max-snippet:-1","max-image-preview":"max-image-preview:large","max-video-preview":"max-video-preview:-1"},"canonical":"https:\/\/ocoerente.com.br\/se\/2023\/03\/11\/eduardo-lima-indaga-sobre-a-falta-de-monitores-para-acompanhar-alunos-na-rede-publica-de-ensino\/","og_locale":"pt_BR","og_type":"article","og_title":"Eduardo Lima indaga sobre a falta de monitores para acompanhar alunos na rede p\u00fablica de ensino - O Coerente","og_description":"A indaga\u00e7\u00e3o foi feita durante a visita do Secret\u00e1rio da Educa\u00e7\u00e3o municipal \u00e0 CMA Durante a visita do Secret\u00e1rio da Educa\u00e7\u00e3o de Aracaju, Ricardo Abreu, \u00e0 C\u00e2mara Municipal de Aracaju (CMA), na manh\u00e3 desta quinta-feira, dia 9, o vereador Eduardo Lima (Republicanos), indagou ao gestor sobre a falta de monitores para acompanhar crian\u00e7as nos \u00f4nibus, [&hellip;]","og_url":"https:\/\/ocoerente.com.br\/se\/2023\/03\/11\/eduardo-lima-indaga-sobre-a-falta-de-monitores-para-acompanhar-alunos-na-rede-publica-de-ensino\/","og_site_name":"O Coerente","article_published_time":"2023-03-11T04:12:18+00:00","article_modified_time":"2023-03-11T04:12:19+00:00","og_image":[{"width":1600,"height":1066,"url":"https:\/\/ocoerente.com.br\/se\/wp-content\/uploads\/2023\/03\/llllimmma.jpg","type":"image\/jpeg"}],"author":"Reda\u00e7\u00e3o","twitter_card":"summary_large_image","twitter_misc":{"Escrito por":"Reda\u00e7\u00e3o","Est. tempo de leitura":"2 minutos"},"schema":{"@context":"https:\/\/schema.org","@graph":[{"@type":"Article","@id":"https:\/\/ocoerente.com.br\/se\/2023\/03\/11\/eduardo-lima-indaga-sobre-a-falta-de-monitores-para-acompanhar-alunos-na-rede-publica-de-ensino\/#article","isPartOf":{"@id":"https:\/\/ocoerente.com.br\/se\/2023\/03\/11\/eduardo-lima-indaga-sobre-a-falta-de-monitores-para-acompanhar-alunos-na-rede-publica-de-ensino\/"},"author":{"name":"Reda\u00e7\u00e3o","@id":"https:\/\/ocoerente.com.br\/se\/#\/schema\/person\/cc6bfd9fbca465e23543b0c963d8d037"},"headline":"Eduardo Lima indaga sobre a falta de monitores para acompanhar alunos na rede p\u00fablica de ensino","datePublished":"2023-03-11T04:12:18+00:00","dateModified":"2023-03-11T04:12:19+00:00","mainEntityOfPage":{"@id":"https:\/\/ocoerente.com.br\/se\/2023\/03\/11\/eduardo-lima-indaga-sobre-a-falta-de-monitores-para-acompanhar-alunos-na-rede-publica-de-ensino\/"},"wordCount":365,"publisher":{"@id":"https:\/\/ocoerente.com.br\/se\/#\/schema\/person\/cc6bfd9fbca465e23543b0c963d8d037"},"image":{"@id":"https:\/\/ocoerente.com.br\/se\/2023\/03\/11\/eduardo-lima-indaga-sobre-a-falta-de-monitores-para-acompanhar-alunos-na-rede-publica-de-ensino\/#primaryimage"},"thumbnailUrl":"https:\/\/ocoerente.com.br\/se\/wp-content\/uploads\/2023\/03\/llllimmma.jpg","articleSection":["Destaques","Pol\u00edtica"],"inLanguage":"pt-BR"},{"@type":"WebPage","@id":"https:\/\/ocoerente.com.br\/se\/2023\/03\/11\/eduardo-lima-indaga-sobre-a-falta-de-monitores-para-acompanhar-alunos-na-rede-publica-de-ensino\/","url":"https:\/\/ocoerente.com.br\/se\/2023\/03\/11\/eduardo-lima-indaga-sobre-a-falta-de-monitores-para-acompanhar-alunos-na-rede-publica-de-ensino\/","name":"Eduardo Lima indaga sobre a falta de monitores para acompanhar alunos na rede p\u00fablica de ensino - O Coerente","isPartOf":{"@id":"https:\/\/ocoerente.com.br\/se\/#website"},"primaryImageOfPage":{"@id":"https:\/\/ocoerente.com.br\/se\/2023\/03\/11\/eduardo-lima-indaga-sobre-a-falta-de-monitores-para-acompanhar-alunos-na-rede-publica-de-ensino\/#primaryimage"},"image":{"@id":"https:\/\/ocoerente.com.br\/se\/2023\/03\/11\/eduardo-lima-indaga-sobre-a-falta-de-monitores-para-acompanhar-alunos-na-rede-publica-de-ensino\/#primaryimage"},"thumbnailUrl":"https:\/\/ocoerente.com.br\/se\/wp-content\/uploads\/2023\/03\/llllimmma.jpg","datePublished":"2023-03-11T04:12:18+00:00","dateModified":"2023-03-11T04:12:19+00:00","breadcrumb":{"@id":"https:\/\/ocoerente.com.br\/se\/2023\/03\/11\/eduardo-lima-indaga-sobre-a-falta-de-monitores-para-acompanhar-alunos-na-rede-publica-de-ensino\/#breadcrumb"},"inLanguage":"pt-BR","potentialAction":[{"@type":"ReadAction","target":["https:\/\/ocoerente.com.br\/se\/2023\/03\/11\/eduardo-lima-indaga-sobre-a-falta-de-monitores-para-acompanhar-alunos-na-rede-publica-de-ensino\/"]}]},{"@type":"ImageObject","inLanguage":"pt-BR","@id":"https:\/\/ocoerente.com.br\/se\/2023\/03\/11\/eduardo-lima-indaga-sobre-a-falta-de-monitores-para-acompanhar-alunos-na-rede-publica-de-ensino\/#primaryimage","url":"https:\/\/ocoerente.com.br\/se\/wp-content\/uploads\/2023\/03\/llllimmma.jpg","contentUrl":"https:\/\/ocoerente.com.br\/se\/wp-content\/uploads\/2023\/03\/llllimmma.jpg","width":1600,"height":1066,"caption":"Foto: Gilton Rosas"},{"@type":"BreadcrumbList","@id":"https:\/\/ocoerente.com.br\/se\/2023\/03\/11\/eduardo-lima-indaga-sobre-a-falta-de-monitores-para-acompanhar-alunos-na-rede-publica-de-ensino\/#breadcrumb","itemListElement":[{"@type":"ListItem","position":1,"name":"In\u00edcio","item":"https:\/\/ocoerente.com.br\/se\/"},{"@type":"ListItem","position":2,"name":"Eduardo Lima indaga sobre a falta de monitores para acompanhar alunos na rede p\u00fablica de ensino"}]},{"@type":"WebSite","@id":"https:\/\/ocoerente.com.br\/se\/#website","url":"https:\/\/ocoerente.com.br\/se\/","name":"O Coerente","description":"","publisher":{"@id":"https:\/\/ocoerente.com.br\/se\/#\/schema\/person\/cc6bfd9fbca465e23543b0c963d8d037"},"potentialAction":[{"@type":"SearchAction","target":{"@type":"EntryPoint","urlTemplate":"https:\/\/ocoerente.com.br\/se\/?s={search_term_string}"},"query-input":{"@type":"PropertyValueSpecification","valueRequired":true,"valueName":"search_term_string"}}],"inLanguage":"pt-BR"},{"@type":["Person","Organization"],"@id":"https:\/\/ocoerente.com.br\/se\/#\/schema\/person\/cc6bfd9fbca465e23543b0c963d8d037","name":"Reda\u00e7\u00e3o","image":{"@type":"ImageObject","inLanguage":"pt-BR","@id":"https:\/\/ocoerente.com.br\/se\/wp-content\/uploads\/2020\/01\/ocoerente-1.png","url":"https:\/\/ocoerente.com.br\/se\/wp-content\/uploads\/2020\/01\/ocoerente-1.png","contentUrl":"https:\/\/ocoerente.com.br\/se\/wp-content\/uploads\/2020\/01\/ocoerente-1.png","width":50,"height":50,"caption":"Reda\u00e7\u00e3o"},"logo":{"@id":"https:\/\/ocoerente.com.br\/se\/wp-content\/uploads\/2020\/01\/ocoerente-1.png"},"url":"https:\/\/ocoerente.com.br\/se\/author\/vasticlsales\/"}]}},"_links":{"self":[{"href":"https:\/\/ocoerente.com.br\/se\/wp-json\/wp\/v2\/posts\/7446","targetHints":{"allow":["GET"]}}],"collection":[{"href":"https:\/\/ocoerente.com.br\/se\/wp-json\/wp\/v2\/posts"}],"about":[{"href":"https:\/\/ocoerente.com.br\/se\/wp-json\/wp\/v2\/types\/post"}],"author":[{"embeddable":true,"href":"https:\/\/ocoerente.com.br\/se\/wp-json\/wp\/v2\/users\/1"}],"replies":[{"embeddable":true,"href":"https:\/\/ocoerente.com.br\/se\/wp-json\/wp\/v2\/comments?post=7446"}],"version-history":[{"count":1,"href":"https:\/\/ocoerente.com.br\/se\/wp-json\/wp\/v2\/posts\/7446\/revisions"}],"predecessor-version":[{"id":7448,"href":"https:\/\/ocoerente.com.br\/se\/wp-json\/wp\/v2\/posts\/7446\/revisions\/7448"}],"wp:featuredmedia":[{"embeddable":true,"href":"https:\/\/ocoerente.com.br\/se\/wp-json\/wp\/v2\/media\/7447"}],"wp:attachment":[{"href":"https:\/\/ocoerente.com.br\/se\/wp-json\/wp\/v2\/media?parent=7446"}],"wp:term":[{"taxonomy":"category","embeddable":true,"href":"https:\/\/ocoerente.com.br\/se\/wp-json\/wp\/v2\/categories?post=7446"},{"taxonomy":"post_tag","embeddable":true,"href":"https:\/\/ocoerente.com.br\/se\/wp-json\/wp\/v2\/tags?post=7446"}],"curies":[{"name":"wp","href":"https:\/\/api.w.org\/{rel}","templated":true}]}}