{"id":7441,"date":"2023-03-10T00:29:56","date_gmt":"2023-03-10T03:29:56","guid":{"rendered":"https:\/\/ocoerente.com.br\/se\/?p=7441"},"modified":"2023-03-10T00:29:58","modified_gmt":"2023-03-10T03:29:58","slug":"deputado-cobra-explicacoes-do-ministro-das-relacoes-exteriores-sobre-brasil-nao-aderir-documento-da-onu-contra-ortega","status":"publish","type":"post","link":"https:\/\/ocoerente.com.br\/se\/2023\/03\/10\/deputado-cobra-explicacoes-do-ministro-das-relacoes-exteriores-sobre-brasil-nao-aderir-documento-da-onu-contra-ortega\/","title":{"rendered":"Deputado cobra explica\u00e7\u00f5es do Ministro das Rela\u00e7\u00f5es Exteriores sobre Brasil n\u00e3o aderir documento da ONU contra Ortega"},"content":{"rendered":"\n<p>O deputado federal Rodrigo Valadares usou a tribuna nesta quarta-feira, 8, para apresentar aos pares um requerimento em que solicita esclarecimentos ao Ministro das Rela\u00e7\u00f5es Exteriores, Mauro Vieira, sobre as raz\u00f5es que levaram o Governo Lula a n\u00e3o assinar o documento da Organiza\u00e7\u00e3o das Na\u00e7\u00f5es Unidas (ONU) que condena as a\u00e7\u00f5es violentas e ditatoriais do presidente da Nicar\u00e1gua, Daniel Ortega, e \u00e0s autoridades do pa\u00eds.<\/p>\n\n\n\n<p>\u201cTrago neste dia um requerimento que fizemos para o ministro das rela\u00e7\u00f5es exteriores, senhor Luiz Vieira, solicitando que ele explique o porqu\u00ea do Brasil n\u00e3o aderir ao documento da ONU que condena os abusos aos direitos humanos cometido na ditadura da Nicar\u00e1gua\u201d, apresentou Rodrigo.<\/p>\n\n\n\n<p>Segundo o parlamentar, a isen\u00e7\u00e3o de um posicionamento em favor da democracia e dos direitos humanos \u00e9 uma vergonha para o pa\u00eds. Al\u00e9m disso, citou algumas das atrocidades que t\u00eam ocorrido na Nicar\u00e1gua. \u201cO ministro das rela\u00e7\u00f5es exteriores precisa urgentemente se explicar. Isso \u00e9 uma vergonha para o nosso pa\u00eds. Na Nicar\u00e1gua as pessoas est\u00e3o sendo presas e mortas, existe persegui\u00e7\u00e3o religiosa, persegui\u00e7\u00e3o ao direito de liberdade de express\u00e3o, persegui\u00e7\u00e3o pol\u00edtica, um bispo condenado \u00e0 morte, uma brasileira morta pela pol\u00edcia ditatorial comunista do pa\u00eds e o Brasil se mant\u00e9m em sil\u00eancio\u201d, repudiou.<\/p>\n\n\n\n<p>No documento, o deputado chegou a mencionar que a a\u00e7\u00e3o do Governo Federal demonstra consentimento \u00e0s a\u00e7\u00f5es do presidente nicaraguense. \u201cNem o Governo brasileiro, tampouco a representa\u00e7\u00e3o do Brasil no Conselho de Direitos, realizaram o apoiamento ao documento. Tal a\u00e7\u00e3o demonstra que o Governo do Brasil est\u00e1 favor\u00e1vel a cat\u00e1strofe humanit\u00e1ria que vem acontecendo na Nicar\u00e1gua\u201d.<\/p>\n\n\n\n<p>Por Assessoria Parlamentar<\/p>\n","protected":false},"excerpt":{"rendered":"<p>O deputado federal Rodrigo Valadares usou a tribuna nesta quarta-feira, 8, para apresentar aos pares um requerimento em que solicita esclarecimentos ao Ministro das Rela\u00e7\u00f5es Exteriores, Mauro Vieira, sobre as raz\u00f5es que levaram o Governo Lula a n\u00e3o assinar o documento da Organiza\u00e7\u00e3o das Na\u00e7\u00f5es Unidas (ONU) que condena as a\u00e7\u00f5es violentas e ditatoriais do [&hellip;]<\/p>\n","protected":false},"author":1,"featured_media":7442,"comment_status":"closed","ping_status":"closed","sticky":false,"template":"","format":"standard","meta":{"footnotes":""},"categories":[53,44],"tags":[],"class_list":["post-7441","post","type-post","status-publish","format-standard","has-post-thumbnail","hentry","category-destaques","category-politica"],"yoast_head":"<!-- This site is optimized with the Yoast SEO plugin v27.4 - https:\/\/yoast.com\/product\/yoast-seo-wordpress\/ -->\n<title>Deputado cobra explica\u00e7\u00f5es do Ministro das Rela\u00e7\u00f5es Exteriores sobre Brasil n\u00e3o aderir documento da ONU contra Ortega - O Coerente<\/title>\n<meta name=\"robots\" content=\"index, follow, max-snippet:-1, max-image-preview:large, max-video-preview:-1\" \/>\n<link rel=\"canonical\" href=\"https:\/\/ocoerente.com.br\/se\/2023\/03\/10\/deputado-cobra-explicacoes-do-ministro-das-relacoes-exteriores-sobre-brasil-nao-aderir-documento-da-onu-contra-ortega\/\" \/>\n<meta property=\"og:locale\" content=\"pt_BR\" \/>\n<meta property=\"og:type\" content=\"article\" \/>\n<meta property=\"og:title\" content=\"Deputado cobra explica\u00e7\u00f5es do Ministro das Rela\u00e7\u00f5es Exteriores sobre Brasil n\u00e3o aderir documento da ONU contra Ortega - O Coerente\" \/>\n<meta property=\"og:description\" content=\"O deputado federal Rodrigo Valadares usou a tribuna nesta quarta-feira, 8, para apresentar aos pares um requerimento em que solicita esclarecimentos ao Ministro das Rela\u00e7\u00f5es Exteriores, Mauro Vieira, sobre as raz\u00f5es que levaram o Governo Lula a n\u00e3o assinar o documento da Organiza\u00e7\u00e3o das Na\u00e7\u00f5es Unidas (ONU) que condena as a\u00e7\u00f5es violentas e ditatoriais do [&hellip;]\" \/>\n<meta property=\"og:url\" content=\"https:\/\/ocoerente.com.br\/se\/2023\/03\/10\/deputado-cobra-explicacoes-do-ministro-das-relacoes-exteriores-sobre-brasil-nao-aderir-documento-da-onu-contra-ortega\/\" \/>\n<meta property=\"og:site_name\" content=\"O Coerente\" \/>\n<meta property=\"article:published_time\" content=\"2023-03-10T03:29:56+00:00\" \/>\n<meta property=\"article:modified_time\" content=\"2023-03-10T03:29:58+00:00\" \/>\n<meta property=\"og:image\" content=\"https:\/\/ocoerente.com.br\/se\/wp-content\/uploads\/2023\/03\/rodriiiigggooo.jpg\" \/>\n\t<meta property=\"og:image:width\" content=\"1600\" \/>\n\t<meta property=\"og:image:height\" content=\"1068\" \/>\n\t<meta property=\"og:image:type\" content=\"image\/jpeg\" \/>\n<meta name=\"author\" content=\"Reda\u00e7\u00e3o\" \/>\n<meta name=\"twitter:card\" content=\"summary_large_image\" \/>\n<meta name=\"twitter:label1\" content=\"Escrito por\" \/>\n\t<meta name=\"twitter:data1\" content=\"Reda\u00e7\u00e3o\" \/>\n\t<meta name=\"twitter:label2\" content=\"Est. tempo de leitura\" \/>\n\t<meta name=\"twitter:data2\" content=\"2 minutos\" \/>\n<script type=\"application\/ld+json\" class=\"yoast-schema-graph\">{\"@context\":\"https:\\\/\\\/schema.org\",\"@graph\":[{\"@type\":\"Article\",\"@id\":\"https:\\\/\\\/ocoerente.com.br\\\/se\\\/2023\\\/03\\\/10\\\/deputado-cobra-explicacoes-do-ministro-das-relacoes-exteriores-sobre-brasil-nao-aderir-documento-da-onu-contra-ortega\\\/#article\",\"isPartOf\":{\"@id\":\"https:\\\/\\\/ocoerente.com.br\\\/se\\\/2023\\\/03\\\/10\\\/deputado-cobra-explicacoes-do-ministro-das-relacoes-exteriores-sobre-brasil-nao-aderir-documento-da-onu-contra-ortega\\\/\"},\"author\":{\"name\":\"Reda\u00e7\u00e3o\",\"@id\":\"https:\\\/\\\/ocoerente.com.br\\\/se\\\/#\\\/schema\\\/person\\\/cc6bfd9fbca465e23543b0c963d8d037\"},\"headline\":\"Deputado cobra explica\u00e7\u00f5es do Ministro das Rela\u00e7\u00f5es Exteriores sobre Brasil n\u00e3o aderir documento da ONU contra Ortega\",\"datePublished\":\"2023-03-10T03:29:56+00:00\",\"dateModified\":\"2023-03-10T03:29:58+00:00\",\"mainEntityOfPage\":{\"@id\":\"https:\\\/\\\/ocoerente.com.br\\\/se\\\/2023\\\/03\\\/10\\\/deputado-cobra-explicacoes-do-ministro-das-relacoes-exteriores-sobre-brasil-nao-aderir-documento-da-onu-contra-ortega\\\/\"},\"wordCount\":314,\"publisher\":{\"@id\":\"https:\\\/\\\/ocoerente.com.br\\\/se\\\/#\\\/schema\\\/person\\\/cc6bfd9fbca465e23543b0c963d8d037\"},\"image\":{\"@id\":\"https:\\\/\\\/ocoerente.com.br\\\/se\\\/2023\\\/03\\\/10\\\/deputado-cobra-explicacoes-do-ministro-das-relacoes-exteriores-sobre-brasil-nao-aderir-documento-da-onu-contra-ortega\\\/#primaryimage\"},\"thumbnailUrl\":\"https:\\\/\\\/ocoerente.com.br\\\/se\\\/wp-content\\\/uploads\\\/2023\\\/03\\\/rodriiiigggooo.jpg\",\"articleSection\":[\"Destaques\",\"Pol\u00edtica\"],\"inLanguage\":\"pt-BR\"},{\"@type\":\"WebPage\",\"@id\":\"https:\\\/\\\/ocoerente.com.br\\\/se\\\/2023\\\/03\\\/10\\\/deputado-cobra-explicacoes-do-ministro-das-relacoes-exteriores-sobre-brasil-nao-aderir-documento-da-onu-contra-ortega\\\/\",\"url\":\"https:\\\/\\\/ocoerente.com.br\\\/se\\\/2023\\\/03\\\/10\\\/deputado-cobra-explicacoes-do-ministro-das-relacoes-exteriores-sobre-brasil-nao-aderir-documento-da-onu-contra-ortega\\\/\",\"name\":\"Deputado cobra explica\u00e7\u00f5es do Ministro das Rela\u00e7\u00f5es Exteriores sobre Brasil n\u00e3o aderir documento da ONU contra Ortega - O Coerente\",\"isPartOf\":{\"@id\":\"https:\\\/\\\/ocoerente.com.br\\\/se\\\/#website\"},\"primaryImageOfPage\":{\"@id\":\"https:\\\/\\\/ocoerente.com.br\\\/se\\\/2023\\\/03\\\/10\\\/deputado-cobra-explicacoes-do-ministro-das-relacoes-exteriores-sobre-brasil-nao-aderir-documento-da-onu-contra-ortega\\\/#primaryimage\"},\"image\":{\"@id\":\"https:\\\/\\\/ocoerente.com.br\\\/se\\\/2023\\\/03\\\/10\\\/deputado-cobra-explicacoes-do-ministro-das-relacoes-exteriores-sobre-brasil-nao-aderir-documento-da-onu-contra-ortega\\\/#primaryimage\"},\"thumbnailUrl\":\"https:\\\/\\\/ocoerente.com.br\\\/se\\\/wp-content\\\/uploads\\\/2023\\\/03\\\/rodriiiigggooo.jpg\",\"datePublished\":\"2023-03-10T03:29:56+00:00\",\"dateModified\":\"2023-03-10T03:29:58+00:00\",\"breadcrumb\":{\"@id\":\"https:\\\/\\\/ocoerente.com.br\\\/se\\\/2023\\\/03\\\/10\\\/deputado-cobra-explicacoes-do-ministro-das-relacoes-exteriores-sobre-brasil-nao-aderir-documento-da-onu-contra-ortega\\\/#breadcrumb\"},\"inLanguage\":\"pt-BR\",\"potentialAction\":[{\"@type\":\"ReadAction\",\"target\":[\"https:\\\/\\\/ocoerente.com.br\\\/se\\\/2023\\\/03\\\/10\\\/deputado-cobra-explicacoes-do-ministro-das-relacoes-exteriores-sobre-brasil-nao-aderir-documento-da-onu-contra-ortega\\\/\"]}]},{\"@type\":\"ImageObject\",\"inLanguage\":\"pt-BR\",\"@id\":\"https:\\\/\\\/ocoerente.com.br\\\/se\\\/2023\\\/03\\\/10\\\/deputado-cobra-explicacoes-do-ministro-das-relacoes-exteriores-sobre-brasil-nao-aderir-documento-da-onu-contra-ortega\\\/#primaryimage\",\"url\":\"https:\\\/\\\/ocoerente.com.br\\\/se\\\/wp-content\\\/uploads\\\/2023\\\/03\\\/rodriiiigggooo.jpg\",\"contentUrl\":\"https:\\\/\\\/ocoerente.com.br\\\/se\\\/wp-content\\\/uploads\\\/2023\\\/03\\\/rodriiiigggooo.jpg\",\"width\":1600,\"height\":1068},{\"@type\":\"BreadcrumbList\",\"@id\":\"https:\\\/\\\/ocoerente.com.br\\\/se\\\/2023\\\/03\\\/10\\\/deputado-cobra-explicacoes-do-ministro-das-relacoes-exteriores-sobre-brasil-nao-aderir-documento-da-onu-contra-ortega\\\/#breadcrumb\",\"itemListElement\":[{\"@type\":\"ListItem\",\"position\":1,\"name\":\"In\u00edcio\",\"item\":\"https:\\\/\\\/ocoerente.com.br\\\/se\\\/\"},{\"@type\":\"ListItem\",\"position\":2,\"name\":\"Deputado cobra explica\u00e7\u00f5es do Ministro das Rela\u00e7\u00f5es Exteriores sobre Brasil n\u00e3o aderir documento da ONU contra Ortega\"}]},{\"@type\":\"WebSite\",\"@id\":\"https:\\\/\\\/ocoerente.com.br\\\/se\\\/#website\",\"url\":\"https:\\\/\\\/ocoerente.com.br\\\/se\\\/\",\"name\":\"O Coerente\",\"description\":\"\",\"publisher\":{\"@id\":\"https:\\\/\\\/ocoerente.com.br\\\/se\\\/#\\\/schema\\\/person\\\/cc6bfd9fbca465e23543b0c963d8d037\"},\"potentialAction\":[{\"@type\":\"SearchAction\",\"target\":{\"@type\":\"EntryPoint\",\"urlTemplate\":\"https:\\\/\\\/ocoerente.com.br\\\/se\\\/?s={search_term_string}\"},\"query-input\":{\"@type\":\"PropertyValueSpecification\",\"valueRequired\":true,\"valueName\":\"search_term_string\"}}],\"inLanguage\":\"pt-BR\"},{\"@type\":[\"Person\",\"Organization\"],\"@id\":\"https:\\\/\\\/ocoerente.com.br\\\/se\\\/#\\\/schema\\\/person\\\/cc6bfd9fbca465e23543b0c963d8d037\",\"name\":\"Reda\u00e7\u00e3o\",\"image\":{\"@type\":\"ImageObject\",\"inLanguage\":\"pt-BR\",\"@id\":\"https:\\\/\\\/ocoerente.com.br\\\/se\\\/wp-content\\\/uploads\\\/2020\\\/01\\\/ocoerente-1.png\",\"url\":\"https:\\\/\\\/ocoerente.com.br\\\/se\\\/wp-content\\\/uploads\\\/2020\\\/01\\\/ocoerente-1.png\",\"contentUrl\":\"https:\\\/\\\/ocoerente.com.br\\\/se\\\/wp-content\\\/uploads\\\/2020\\\/01\\\/ocoerente-1.png\",\"width\":50,\"height\":50,\"caption\":\"Reda\u00e7\u00e3o\"},\"logo\":{\"@id\":\"https:\\\/\\\/ocoerente.com.br\\\/se\\\/wp-content\\\/uploads\\\/2020\\\/01\\\/ocoerente-1.png\"},\"url\":\"https:\\\/\\\/ocoerente.com.br\\\/se\\\/author\\\/vasticlsales\\\/\"}]}<\/script>\n<!-- \/ Yoast SEO plugin. -->","yoast_head_json":{"title":"Deputado cobra explica\u00e7\u00f5es do Ministro das Rela\u00e7\u00f5es Exteriores sobre Brasil n\u00e3o aderir documento da ONU contra Ortega - O Coerente","robots":{"index":"index","follow":"follow","max-snippet":"max-snippet:-1","max-image-preview":"max-image-preview:large","max-video-preview":"max-video-preview:-1"},"canonical":"https:\/\/ocoerente.com.br\/se\/2023\/03\/10\/deputado-cobra-explicacoes-do-ministro-das-relacoes-exteriores-sobre-brasil-nao-aderir-documento-da-onu-contra-ortega\/","og_locale":"pt_BR","og_type":"article","og_title":"Deputado cobra explica\u00e7\u00f5es do Ministro das Rela\u00e7\u00f5es Exteriores sobre Brasil n\u00e3o aderir documento da ONU contra Ortega - O Coerente","og_description":"O deputado federal Rodrigo Valadares usou a tribuna nesta quarta-feira, 8, para apresentar aos pares um requerimento em que solicita esclarecimentos ao Ministro das Rela\u00e7\u00f5es Exteriores, Mauro Vieira, sobre as raz\u00f5es que levaram o Governo Lula a n\u00e3o assinar o documento da Organiza\u00e7\u00e3o das Na\u00e7\u00f5es Unidas (ONU) que condena as a\u00e7\u00f5es violentas e ditatoriais do [&hellip;]","og_url":"https:\/\/ocoerente.com.br\/se\/2023\/03\/10\/deputado-cobra-explicacoes-do-ministro-das-relacoes-exteriores-sobre-brasil-nao-aderir-documento-da-onu-contra-ortega\/","og_site_name":"O Coerente","article_published_time":"2023-03-10T03:29:56+00:00","article_modified_time":"2023-03-10T03:29:58+00:00","og_image":[{"width":1600,"height":1068,"url":"https:\/\/ocoerente.com.br\/se\/wp-content\/uploads\/2023\/03\/rodriiiigggooo.jpg","type":"image\/jpeg"}],"author":"Reda\u00e7\u00e3o","twitter_card":"summary_large_image","twitter_misc":{"Escrito por":"Reda\u00e7\u00e3o","Est. tempo de leitura":"2 minutos"},"schema":{"@context":"https:\/\/schema.org","@graph":[{"@type":"Article","@id":"https:\/\/ocoerente.com.br\/se\/2023\/03\/10\/deputado-cobra-explicacoes-do-ministro-das-relacoes-exteriores-sobre-brasil-nao-aderir-documento-da-onu-contra-ortega\/#article","isPartOf":{"@id":"https:\/\/ocoerente.com.br\/se\/2023\/03\/10\/deputado-cobra-explicacoes-do-ministro-das-relacoes-exteriores-sobre-brasil-nao-aderir-documento-da-onu-contra-ortega\/"},"author":{"name":"Reda\u00e7\u00e3o","@id":"https:\/\/ocoerente.com.br\/se\/#\/schema\/person\/cc6bfd9fbca465e23543b0c963d8d037"},"headline":"Deputado cobra explica\u00e7\u00f5es do Ministro das Rela\u00e7\u00f5es Exteriores sobre Brasil n\u00e3o aderir documento da ONU contra Ortega","datePublished":"2023-03-10T03:29:56+00:00","dateModified":"2023-03-10T03:29:58+00:00","mainEntityOfPage":{"@id":"https:\/\/ocoerente.com.br\/se\/2023\/03\/10\/deputado-cobra-explicacoes-do-ministro-das-relacoes-exteriores-sobre-brasil-nao-aderir-documento-da-onu-contra-ortega\/"},"wordCount":314,"publisher":{"@id":"https:\/\/ocoerente.com.br\/se\/#\/schema\/person\/cc6bfd9fbca465e23543b0c963d8d037"},"image":{"@id":"https:\/\/ocoerente.com.br\/se\/2023\/03\/10\/deputado-cobra-explicacoes-do-ministro-das-relacoes-exteriores-sobre-brasil-nao-aderir-documento-da-onu-contra-ortega\/#primaryimage"},"thumbnailUrl":"https:\/\/ocoerente.com.br\/se\/wp-content\/uploads\/2023\/03\/rodriiiigggooo.jpg","articleSection":["Destaques","Pol\u00edtica"],"inLanguage":"pt-BR"},{"@type":"WebPage","@id":"https:\/\/ocoerente.com.br\/se\/2023\/03\/10\/deputado-cobra-explicacoes-do-ministro-das-relacoes-exteriores-sobre-brasil-nao-aderir-documento-da-onu-contra-ortega\/","url":"https:\/\/ocoerente.com.br\/se\/2023\/03\/10\/deputado-cobra-explicacoes-do-ministro-das-relacoes-exteriores-sobre-brasil-nao-aderir-documento-da-onu-contra-ortega\/","name":"Deputado cobra explica\u00e7\u00f5es do Ministro das Rela\u00e7\u00f5es Exteriores sobre Brasil n\u00e3o aderir documento da ONU contra Ortega - O Coerente","isPartOf":{"@id":"https:\/\/ocoerente.com.br\/se\/#website"},"primaryImageOfPage":{"@id":"https:\/\/ocoerente.com.br\/se\/2023\/03\/10\/deputado-cobra-explicacoes-do-ministro-das-relacoes-exteriores-sobre-brasil-nao-aderir-documento-da-onu-contra-ortega\/#primaryimage"},"image":{"@id":"https:\/\/ocoerente.com.br\/se\/2023\/03\/10\/deputado-cobra-explicacoes-do-ministro-das-relacoes-exteriores-sobre-brasil-nao-aderir-documento-da-onu-contra-ortega\/#primaryimage"},"thumbnailUrl":"https:\/\/ocoerente.com.br\/se\/wp-content\/uploads\/2023\/03\/rodriiiigggooo.jpg","datePublished":"2023-03-10T03:29:56+00:00","dateModified":"2023-03-10T03:29:58+00:00","breadcrumb":{"@id":"https:\/\/ocoerente.com.br\/se\/2023\/03\/10\/deputado-cobra-explicacoes-do-ministro-das-relacoes-exteriores-sobre-brasil-nao-aderir-documento-da-onu-contra-ortega\/#breadcrumb"},"inLanguage":"pt-BR","potentialAction":[{"@type":"ReadAction","target":["https:\/\/ocoerente.com.br\/se\/2023\/03\/10\/deputado-cobra-explicacoes-do-ministro-das-relacoes-exteriores-sobre-brasil-nao-aderir-documento-da-onu-contra-ortega\/"]}]},{"@type":"ImageObject","inLanguage":"pt-BR","@id":"https:\/\/ocoerente.com.br\/se\/2023\/03\/10\/deputado-cobra-explicacoes-do-ministro-das-relacoes-exteriores-sobre-brasil-nao-aderir-documento-da-onu-contra-ortega\/#primaryimage","url":"https:\/\/ocoerente.com.br\/se\/wp-content\/uploads\/2023\/03\/rodriiiigggooo.jpg","contentUrl":"https:\/\/ocoerente.com.br\/se\/wp-content\/uploads\/2023\/03\/rodriiiigggooo.jpg","width":1600,"height":1068},{"@type":"BreadcrumbList","@id":"https:\/\/ocoerente.com.br\/se\/2023\/03\/10\/deputado-cobra-explicacoes-do-ministro-das-relacoes-exteriores-sobre-brasil-nao-aderir-documento-da-onu-contra-ortega\/#breadcrumb","itemListElement":[{"@type":"ListItem","position":1,"name":"In\u00edcio","item":"https:\/\/ocoerente.com.br\/se\/"},{"@type":"ListItem","position":2,"name":"Deputado cobra explica\u00e7\u00f5es do Ministro das Rela\u00e7\u00f5es Exteriores sobre Brasil n\u00e3o aderir documento da ONU contra Ortega"}]},{"@type":"WebSite","@id":"https:\/\/ocoerente.com.br\/se\/#website","url":"https:\/\/ocoerente.com.br\/se\/","name":"O Coerente","description":"","publisher":{"@id":"https:\/\/ocoerente.com.br\/se\/#\/schema\/person\/cc6bfd9fbca465e23543b0c963d8d037"},"potentialAction":[{"@type":"SearchAction","target":{"@type":"EntryPoint","urlTemplate":"https:\/\/ocoerente.com.br\/se\/?s={search_term_string}"},"query-input":{"@type":"PropertyValueSpecification","valueRequired":true,"valueName":"search_term_string"}}],"inLanguage":"pt-BR"},{"@type":["Person","Organization"],"@id":"https:\/\/ocoerente.com.br\/se\/#\/schema\/person\/cc6bfd9fbca465e23543b0c963d8d037","name":"Reda\u00e7\u00e3o","image":{"@type":"ImageObject","inLanguage":"pt-BR","@id":"https:\/\/ocoerente.com.br\/se\/wp-content\/uploads\/2020\/01\/ocoerente-1.png","url":"https:\/\/ocoerente.com.br\/se\/wp-content\/uploads\/2020\/01\/ocoerente-1.png","contentUrl":"https:\/\/ocoerente.com.br\/se\/wp-content\/uploads\/2020\/01\/ocoerente-1.png","width":50,"height":50,"caption":"Reda\u00e7\u00e3o"},"logo":{"@id":"https:\/\/ocoerente.com.br\/se\/wp-content\/uploads\/2020\/01\/ocoerente-1.png"},"url":"https:\/\/ocoerente.com.br\/se\/author\/vasticlsales\/"}]}},"_links":{"self":[{"href":"https:\/\/ocoerente.com.br\/se\/wp-json\/wp\/v2\/posts\/7441","targetHints":{"allow":["GET"]}}],"collection":[{"href":"https:\/\/ocoerente.com.br\/se\/wp-json\/wp\/v2\/posts"}],"about":[{"href":"https:\/\/ocoerente.com.br\/se\/wp-json\/wp\/v2\/types\/post"}],"author":[{"embeddable":true,"href":"https:\/\/ocoerente.com.br\/se\/wp-json\/wp\/v2\/users\/1"}],"replies":[{"embeddable":true,"href":"https:\/\/ocoerente.com.br\/se\/wp-json\/wp\/v2\/comments?post=7441"}],"version-history":[{"count":1,"href":"https:\/\/ocoerente.com.br\/se\/wp-json\/wp\/v2\/posts\/7441\/revisions"}],"predecessor-version":[{"id":7443,"href":"https:\/\/ocoerente.com.br\/se\/wp-json\/wp\/v2\/posts\/7441\/revisions\/7443"}],"wp:featuredmedia":[{"embeddable":true,"href":"https:\/\/ocoerente.com.br\/se\/wp-json\/wp\/v2\/media\/7442"}],"wp:attachment":[{"href":"https:\/\/ocoerente.com.br\/se\/wp-json\/wp\/v2\/media?parent=7441"}],"wp:term":[{"taxonomy":"category","embeddable":true,"href":"https:\/\/ocoerente.com.br\/se\/wp-json\/wp\/v2\/categories?post=7441"},{"taxonomy":"post_tag","embeddable":true,"href":"https:\/\/ocoerente.com.br\/se\/wp-json\/wp\/v2\/tags?post=7441"}],"curies":[{"name":"wp","href":"https:\/\/api.w.org\/{rel}","templated":true}]}}