{"id":7438,"date":"2023-03-10T00:28:53","date_gmt":"2023-03-10T03:28:53","guid":{"rendered":"https:\/\/ocoerente.com.br\/se\/?p=7438"},"modified":"2023-03-10T00:28:54","modified_gmt":"2023-03-10T03:28:54","slug":"bancada-federal-de-sergipe-oficializa-alessandro-vieira-como-coordenador","status":"publish","type":"post","link":"https:\/\/ocoerente.com.br\/se\/2023\/03\/10\/bancada-federal-de-sergipe-oficializa-alessandro-vieira-como-coordenador\/","title":{"rendered":"Bancada federal de Sergipe oficializa Alessandro Vieira como coordenador"},"content":{"rendered":"\n<p>Foi realizada nesta quinta-feira (09) reuni\u00e3o da bancada federal de Sergipe, na qual foi confirmado por unanimidade o nome do senador Alessandro Vieira (PSDB) como coordenador. \u201cFico feliz com a confian\u00e7a dos colegas, tenho certeza que um trabalho bem articulado da bancada vai trazer muitos benef\u00edcios para Sergipe\u201d afirmou Alessandro.<\/p>\n\n\n\n<p>Os senadores Rog\u00e9rio Carvalho e La\u00e9rcio Oliveira parabenizaram o novo coordenador e fizeram votos pela uni\u00e3o da bancada em benef\u00edcio dos sergipanos, o que foi refor\u00e7ado por todos os parlamentares presentes, as deputadas Yandra Moura e Katarina Feitoza, e os deputados Thiago de Joaldo, Rodrigo Valadares e \u00cdcaro de Valmir.<\/p>\n","protected":false},"excerpt":{"rendered":"<p>Foi realizada nesta quinta-feira (09) reuni\u00e3o da bancada federal de Sergipe, na qual foi confirmado por unanimidade o nome do senador Alessandro Vieira (PSDB) como coordenador. \u201cFico feliz com a confian\u00e7a dos colegas, tenho certeza que um trabalho bem articulado da bancada vai trazer muitos benef\u00edcios para Sergipe\u201d afirmou Alessandro. Os senadores Rog\u00e9rio Carvalho e [&hellip;]<\/p>\n","protected":false},"author":1,"featured_media":7439,"comment_status":"closed","ping_status":"closed","sticky":false,"template":"","format":"standard","meta":{"footnotes":""},"categories":[53,44],"tags":[],"class_list":["post-7438","post","type-post","status-publish","format-standard","has-post-thumbnail","hentry","category-destaques","category-politica"],"yoast_head":"<!-- This site is optimized with the Yoast SEO plugin v27.4 - https:\/\/yoast.com\/product\/yoast-seo-wordpress\/ -->\n<title>Bancada federal de Sergipe oficializa Alessandro Vieira como coordenador - O Coerente<\/title>\n<meta name=\"robots\" content=\"index, follow, max-snippet:-1, max-image-preview:large, max-video-preview:-1\" \/>\n<link rel=\"canonical\" href=\"https:\/\/ocoerente.com.br\/se\/2023\/03\/10\/bancada-federal-de-sergipe-oficializa-alessandro-vieira-como-coordenador\/\" \/>\n<meta property=\"og:locale\" content=\"pt_BR\" \/>\n<meta property=\"og:type\" content=\"article\" \/>\n<meta property=\"og:title\" content=\"Bancada federal de Sergipe oficializa Alessandro Vieira como coordenador - O Coerente\" \/>\n<meta property=\"og:description\" content=\"Foi realizada nesta quinta-feira (09) reuni\u00e3o da bancada federal de Sergipe, na qual foi confirmado por unanimidade o nome do senador Alessandro Vieira (PSDB) como coordenador. \u201cFico feliz com a confian\u00e7a dos colegas, tenho certeza que um trabalho bem articulado da bancada vai trazer muitos benef\u00edcios para Sergipe\u201d afirmou Alessandro. Os senadores Rog\u00e9rio Carvalho e [&hellip;]\" \/>\n<meta property=\"og:url\" content=\"https:\/\/ocoerente.com.br\/se\/2023\/03\/10\/bancada-federal-de-sergipe-oficializa-alessandro-vieira-como-coordenador\/\" \/>\n<meta property=\"og:site_name\" content=\"O Coerente\" \/>\n<meta property=\"article:published_time\" content=\"2023-03-10T03:28:53+00:00\" \/>\n<meta property=\"article:modified_time\" content=\"2023-03-10T03:28:54+00:00\" \/>\n<meta property=\"og:image\" content=\"https:\/\/ocoerente.com.br\/se\/wp-content\/uploads\/2023\/03\/allessaandrooo.jpg\" \/>\n\t<meta property=\"og:image:width\" content=\"1600\" \/>\n\t<meta property=\"og:image:height\" content=\"1066\" \/>\n\t<meta property=\"og:image:type\" content=\"image\/jpeg\" \/>\n<meta name=\"author\" content=\"Reda\u00e7\u00e3o\" \/>\n<meta name=\"twitter:card\" content=\"summary_large_image\" \/>\n<meta name=\"twitter:label1\" content=\"Escrito por\" \/>\n\t<meta name=\"twitter:data1\" content=\"Reda\u00e7\u00e3o\" \/>\n\t<meta name=\"twitter:label2\" content=\"Est. tempo de leitura\" \/>\n\t<meta name=\"twitter:data2\" content=\"1 minuto\" \/>\n<script type=\"application\/ld+json\" class=\"yoast-schema-graph\">{\"@context\":\"https:\\\/\\\/schema.org\",\"@graph\":[{\"@type\":\"Article\",\"@id\":\"https:\\\/\\\/ocoerente.com.br\\\/se\\\/2023\\\/03\\\/10\\\/bancada-federal-de-sergipe-oficializa-alessandro-vieira-como-coordenador\\\/#article\",\"isPartOf\":{\"@id\":\"https:\\\/\\\/ocoerente.com.br\\\/se\\\/2023\\\/03\\\/10\\\/bancada-federal-de-sergipe-oficializa-alessandro-vieira-como-coordenador\\\/\"},\"author\":{\"name\":\"Reda\u00e7\u00e3o\",\"@id\":\"https:\\\/\\\/ocoerente.com.br\\\/se\\\/#\\\/schema\\\/person\\\/cc6bfd9fbca465e23543b0c963d8d037\"},\"headline\":\"Bancada federal de Sergipe oficializa Alessandro Vieira como coordenador\",\"datePublished\":\"2023-03-10T03:28:53+00:00\",\"dateModified\":\"2023-03-10T03:28:54+00:00\",\"mainEntityOfPage\":{\"@id\":\"https:\\\/\\\/ocoerente.com.br\\\/se\\\/2023\\\/03\\\/10\\\/bancada-federal-de-sergipe-oficializa-alessandro-vieira-como-coordenador\\\/\"},\"wordCount\":116,\"publisher\":{\"@id\":\"https:\\\/\\\/ocoerente.com.br\\\/se\\\/#\\\/schema\\\/person\\\/cc6bfd9fbca465e23543b0c963d8d037\"},\"image\":{\"@id\":\"https:\\\/\\\/ocoerente.com.br\\\/se\\\/2023\\\/03\\\/10\\\/bancada-federal-de-sergipe-oficializa-alessandro-vieira-como-coordenador\\\/#primaryimage\"},\"thumbnailUrl\":\"https:\\\/\\\/ocoerente.com.br\\\/se\\\/wp-content\\\/uploads\\\/2023\\\/03\\\/allessaandrooo.jpg\",\"articleSection\":[\"Destaques\",\"Pol\u00edtica\"],\"inLanguage\":\"pt-BR\"},{\"@type\":\"WebPage\",\"@id\":\"https:\\\/\\\/ocoerente.com.br\\\/se\\\/2023\\\/03\\\/10\\\/bancada-federal-de-sergipe-oficializa-alessandro-vieira-como-coordenador\\\/\",\"url\":\"https:\\\/\\\/ocoerente.com.br\\\/se\\\/2023\\\/03\\\/10\\\/bancada-federal-de-sergipe-oficializa-alessandro-vieira-como-coordenador\\\/\",\"name\":\"Bancada federal de Sergipe oficializa Alessandro Vieira como coordenador - O Coerente\",\"isPartOf\":{\"@id\":\"https:\\\/\\\/ocoerente.com.br\\\/se\\\/#website\"},\"primaryImageOfPage\":{\"@id\":\"https:\\\/\\\/ocoerente.com.br\\\/se\\\/2023\\\/03\\\/10\\\/bancada-federal-de-sergipe-oficializa-alessandro-vieira-como-coordenador\\\/#primaryimage\"},\"image\":{\"@id\":\"https:\\\/\\\/ocoerente.com.br\\\/se\\\/2023\\\/03\\\/10\\\/bancada-federal-de-sergipe-oficializa-alessandro-vieira-como-coordenador\\\/#primaryimage\"},\"thumbnailUrl\":\"https:\\\/\\\/ocoerente.com.br\\\/se\\\/wp-content\\\/uploads\\\/2023\\\/03\\\/allessaandrooo.jpg\",\"datePublished\":\"2023-03-10T03:28:53+00:00\",\"dateModified\":\"2023-03-10T03:28:54+00:00\",\"breadcrumb\":{\"@id\":\"https:\\\/\\\/ocoerente.com.br\\\/se\\\/2023\\\/03\\\/10\\\/bancada-federal-de-sergipe-oficializa-alessandro-vieira-como-coordenador\\\/#breadcrumb\"},\"inLanguage\":\"pt-BR\",\"potentialAction\":[{\"@type\":\"ReadAction\",\"target\":[\"https:\\\/\\\/ocoerente.com.br\\\/se\\\/2023\\\/03\\\/10\\\/bancada-federal-de-sergipe-oficializa-alessandro-vieira-como-coordenador\\\/\"]}]},{\"@type\":\"ImageObject\",\"inLanguage\":\"pt-BR\",\"@id\":\"https:\\\/\\\/ocoerente.com.br\\\/se\\\/2023\\\/03\\\/10\\\/bancada-federal-de-sergipe-oficializa-alessandro-vieira-como-coordenador\\\/#primaryimage\",\"url\":\"https:\\\/\\\/ocoerente.com.br\\\/se\\\/wp-content\\\/uploads\\\/2023\\\/03\\\/allessaandrooo.jpg\",\"contentUrl\":\"https:\\\/\\\/ocoerente.com.br\\\/se\\\/wp-content\\\/uploads\\\/2023\\\/03\\\/allessaandrooo.jpg\",\"width\":1600,\"height\":1066},{\"@type\":\"BreadcrumbList\",\"@id\":\"https:\\\/\\\/ocoerente.com.br\\\/se\\\/2023\\\/03\\\/10\\\/bancada-federal-de-sergipe-oficializa-alessandro-vieira-como-coordenador\\\/#breadcrumb\",\"itemListElement\":[{\"@type\":\"ListItem\",\"position\":1,\"name\":\"In\u00edcio\",\"item\":\"https:\\\/\\\/ocoerente.com.br\\\/se\\\/\"},{\"@type\":\"ListItem\",\"position\":2,\"name\":\"Bancada federal de Sergipe oficializa Alessandro Vieira como coordenador\"}]},{\"@type\":\"WebSite\",\"@id\":\"https:\\\/\\\/ocoerente.com.br\\\/se\\\/#website\",\"url\":\"https:\\\/\\\/ocoerente.com.br\\\/se\\\/\",\"name\":\"O Coerente\",\"description\":\"\",\"publisher\":{\"@id\":\"https:\\\/\\\/ocoerente.com.br\\\/se\\\/#\\\/schema\\\/person\\\/cc6bfd9fbca465e23543b0c963d8d037\"},\"potentialAction\":[{\"@type\":\"SearchAction\",\"target\":{\"@type\":\"EntryPoint\",\"urlTemplate\":\"https:\\\/\\\/ocoerente.com.br\\\/se\\\/?s={search_term_string}\"},\"query-input\":{\"@type\":\"PropertyValueSpecification\",\"valueRequired\":true,\"valueName\":\"search_term_string\"}}],\"inLanguage\":\"pt-BR\"},{\"@type\":[\"Person\",\"Organization\"],\"@id\":\"https:\\\/\\\/ocoerente.com.br\\\/se\\\/#\\\/schema\\\/person\\\/cc6bfd9fbca465e23543b0c963d8d037\",\"name\":\"Reda\u00e7\u00e3o\",\"image\":{\"@type\":\"ImageObject\",\"inLanguage\":\"pt-BR\",\"@id\":\"https:\\\/\\\/ocoerente.com.br\\\/se\\\/wp-content\\\/uploads\\\/2020\\\/01\\\/ocoerente-1.png\",\"url\":\"https:\\\/\\\/ocoerente.com.br\\\/se\\\/wp-content\\\/uploads\\\/2020\\\/01\\\/ocoerente-1.png\",\"contentUrl\":\"https:\\\/\\\/ocoerente.com.br\\\/se\\\/wp-content\\\/uploads\\\/2020\\\/01\\\/ocoerente-1.png\",\"width\":50,\"height\":50,\"caption\":\"Reda\u00e7\u00e3o\"},\"logo\":{\"@id\":\"https:\\\/\\\/ocoerente.com.br\\\/se\\\/wp-content\\\/uploads\\\/2020\\\/01\\\/ocoerente-1.png\"},\"url\":\"https:\\\/\\\/ocoerente.com.br\\\/se\\\/author\\\/vasticlsales\\\/\"}]}<\/script>\n<!-- \/ Yoast SEO plugin. -->","yoast_head_json":{"title":"Bancada federal de Sergipe oficializa Alessandro Vieira como coordenador - O Coerente","robots":{"index":"index","follow":"follow","max-snippet":"max-snippet:-1","max-image-preview":"max-image-preview:large","max-video-preview":"max-video-preview:-1"},"canonical":"https:\/\/ocoerente.com.br\/se\/2023\/03\/10\/bancada-federal-de-sergipe-oficializa-alessandro-vieira-como-coordenador\/","og_locale":"pt_BR","og_type":"article","og_title":"Bancada federal de Sergipe oficializa Alessandro Vieira como coordenador - O Coerente","og_description":"Foi realizada nesta quinta-feira (09) reuni\u00e3o da bancada federal de Sergipe, na qual foi confirmado por unanimidade o nome do senador Alessandro Vieira (PSDB) como coordenador. \u201cFico feliz com a confian\u00e7a dos colegas, tenho certeza que um trabalho bem articulado da bancada vai trazer muitos benef\u00edcios para Sergipe\u201d afirmou Alessandro. Os senadores Rog\u00e9rio Carvalho e [&hellip;]","og_url":"https:\/\/ocoerente.com.br\/se\/2023\/03\/10\/bancada-federal-de-sergipe-oficializa-alessandro-vieira-como-coordenador\/","og_site_name":"O Coerente","article_published_time":"2023-03-10T03:28:53+00:00","article_modified_time":"2023-03-10T03:28:54+00:00","og_image":[{"width":1600,"height":1066,"url":"https:\/\/ocoerente.com.br\/se\/wp-content\/uploads\/2023\/03\/allessaandrooo.jpg","type":"image\/jpeg"}],"author":"Reda\u00e7\u00e3o","twitter_card":"summary_large_image","twitter_misc":{"Escrito por":"Reda\u00e7\u00e3o","Est. tempo de leitura":"1 minuto"},"schema":{"@context":"https:\/\/schema.org","@graph":[{"@type":"Article","@id":"https:\/\/ocoerente.com.br\/se\/2023\/03\/10\/bancada-federal-de-sergipe-oficializa-alessandro-vieira-como-coordenador\/#article","isPartOf":{"@id":"https:\/\/ocoerente.com.br\/se\/2023\/03\/10\/bancada-federal-de-sergipe-oficializa-alessandro-vieira-como-coordenador\/"},"author":{"name":"Reda\u00e7\u00e3o","@id":"https:\/\/ocoerente.com.br\/se\/#\/schema\/person\/cc6bfd9fbca465e23543b0c963d8d037"},"headline":"Bancada federal de Sergipe oficializa Alessandro Vieira como coordenador","datePublished":"2023-03-10T03:28:53+00:00","dateModified":"2023-03-10T03:28:54+00:00","mainEntityOfPage":{"@id":"https:\/\/ocoerente.com.br\/se\/2023\/03\/10\/bancada-federal-de-sergipe-oficializa-alessandro-vieira-como-coordenador\/"},"wordCount":116,"publisher":{"@id":"https:\/\/ocoerente.com.br\/se\/#\/schema\/person\/cc6bfd9fbca465e23543b0c963d8d037"},"image":{"@id":"https:\/\/ocoerente.com.br\/se\/2023\/03\/10\/bancada-federal-de-sergipe-oficializa-alessandro-vieira-como-coordenador\/#primaryimage"},"thumbnailUrl":"https:\/\/ocoerente.com.br\/se\/wp-content\/uploads\/2023\/03\/allessaandrooo.jpg","articleSection":["Destaques","Pol\u00edtica"],"inLanguage":"pt-BR"},{"@type":"WebPage","@id":"https:\/\/ocoerente.com.br\/se\/2023\/03\/10\/bancada-federal-de-sergipe-oficializa-alessandro-vieira-como-coordenador\/","url":"https:\/\/ocoerente.com.br\/se\/2023\/03\/10\/bancada-federal-de-sergipe-oficializa-alessandro-vieira-como-coordenador\/","name":"Bancada federal de Sergipe oficializa Alessandro Vieira como coordenador - O Coerente","isPartOf":{"@id":"https:\/\/ocoerente.com.br\/se\/#website"},"primaryImageOfPage":{"@id":"https:\/\/ocoerente.com.br\/se\/2023\/03\/10\/bancada-federal-de-sergipe-oficializa-alessandro-vieira-como-coordenador\/#primaryimage"},"image":{"@id":"https:\/\/ocoerente.com.br\/se\/2023\/03\/10\/bancada-federal-de-sergipe-oficializa-alessandro-vieira-como-coordenador\/#primaryimage"},"thumbnailUrl":"https:\/\/ocoerente.com.br\/se\/wp-content\/uploads\/2023\/03\/allessaandrooo.jpg","datePublished":"2023-03-10T03:28:53+00:00","dateModified":"2023-03-10T03:28:54+00:00","breadcrumb":{"@id":"https:\/\/ocoerente.com.br\/se\/2023\/03\/10\/bancada-federal-de-sergipe-oficializa-alessandro-vieira-como-coordenador\/#breadcrumb"},"inLanguage":"pt-BR","potentialAction":[{"@type":"ReadAction","target":["https:\/\/ocoerente.com.br\/se\/2023\/03\/10\/bancada-federal-de-sergipe-oficializa-alessandro-vieira-como-coordenador\/"]}]},{"@type":"ImageObject","inLanguage":"pt-BR","@id":"https:\/\/ocoerente.com.br\/se\/2023\/03\/10\/bancada-federal-de-sergipe-oficializa-alessandro-vieira-como-coordenador\/#primaryimage","url":"https:\/\/ocoerente.com.br\/se\/wp-content\/uploads\/2023\/03\/allessaandrooo.jpg","contentUrl":"https:\/\/ocoerente.com.br\/se\/wp-content\/uploads\/2023\/03\/allessaandrooo.jpg","width":1600,"height":1066},{"@type":"BreadcrumbList","@id":"https:\/\/ocoerente.com.br\/se\/2023\/03\/10\/bancada-federal-de-sergipe-oficializa-alessandro-vieira-como-coordenador\/#breadcrumb","itemListElement":[{"@type":"ListItem","position":1,"name":"In\u00edcio","item":"https:\/\/ocoerente.com.br\/se\/"},{"@type":"ListItem","position":2,"name":"Bancada federal de Sergipe oficializa Alessandro Vieira como coordenador"}]},{"@type":"WebSite","@id":"https:\/\/ocoerente.com.br\/se\/#website","url":"https:\/\/ocoerente.com.br\/se\/","name":"O Coerente","description":"","publisher":{"@id":"https:\/\/ocoerente.com.br\/se\/#\/schema\/person\/cc6bfd9fbca465e23543b0c963d8d037"},"potentialAction":[{"@type":"SearchAction","target":{"@type":"EntryPoint","urlTemplate":"https:\/\/ocoerente.com.br\/se\/?s={search_term_string}"},"query-input":{"@type":"PropertyValueSpecification","valueRequired":true,"valueName":"search_term_string"}}],"inLanguage":"pt-BR"},{"@type":["Person","Organization"],"@id":"https:\/\/ocoerente.com.br\/se\/#\/schema\/person\/cc6bfd9fbca465e23543b0c963d8d037","name":"Reda\u00e7\u00e3o","image":{"@type":"ImageObject","inLanguage":"pt-BR","@id":"https:\/\/ocoerente.com.br\/se\/wp-content\/uploads\/2020\/01\/ocoerente-1.png","url":"https:\/\/ocoerente.com.br\/se\/wp-content\/uploads\/2020\/01\/ocoerente-1.png","contentUrl":"https:\/\/ocoerente.com.br\/se\/wp-content\/uploads\/2020\/01\/ocoerente-1.png","width":50,"height":50,"caption":"Reda\u00e7\u00e3o"},"logo":{"@id":"https:\/\/ocoerente.com.br\/se\/wp-content\/uploads\/2020\/01\/ocoerente-1.png"},"url":"https:\/\/ocoerente.com.br\/se\/author\/vasticlsales\/"}]}},"_links":{"self":[{"href":"https:\/\/ocoerente.com.br\/se\/wp-json\/wp\/v2\/posts\/7438","targetHints":{"allow":["GET"]}}],"collection":[{"href":"https:\/\/ocoerente.com.br\/se\/wp-json\/wp\/v2\/posts"}],"about":[{"href":"https:\/\/ocoerente.com.br\/se\/wp-json\/wp\/v2\/types\/post"}],"author":[{"embeddable":true,"href":"https:\/\/ocoerente.com.br\/se\/wp-json\/wp\/v2\/users\/1"}],"replies":[{"embeddable":true,"href":"https:\/\/ocoerente.com.br\/se\/wp-json\/wp\/v2\/comments?post=7438"}],"version-history":[{"count":1,"href":"https:\/\/ocoerente.com.br\/se\/wp-json\/wp\/v2\/posts\/7438\/revisions"}],"predecessor-version":[{"id":7440,"href":"https:\/\/ocoerente.com.br\/se\/wp-json\/wp\/v2\/posts\/7438\/revisions\/7440"}],"wp:featuredmedia":[{"embeddable":true,"href":"https:\/\/ocoerente.com.br\/se\/wp-json\/wp\/v2\/media\/7439"}],"wp:attachment":[{"href":"https:\/\/ocoerente.com.br\/se\/wp-json\/wp\/v2\/media?parent=7438"}],"wp:term":[{"taxonomy":"category","embeddable":true,"href":"https:\/\/ocoerente.com.br\/se\/wp-json\/wp\/v2\/categories?post=7438"},{"taxonomy":"post_tag","embeddable":true,"href":"https:\/\/ocoerente.com.br\/se\/wp-json\/wp\/v2\/tags?post=7438"}],"curies":[{"name":"wp","href":"https:\/\/api.w.org\/{rel}","templated":true}]}}