{"id":7435,"date":"2023-03-10T00:22:48","date_gmt":"2023-03-10T03:22:48","guid":{"rendered":"https:\/\/ocoerente.com.br\/se\/?p=7435"},"modified":"2023-03-10T00:22:49","modified_gmt":"2023-03-10T03:22:49","slug":"eduardo-lima-tem-pl-que-cria-semana-de-conscientizacao-contra-a-erotizacao-infantil-aprovado-em-1-discussao","status":"publish","type":"post","link":"https:\/\/ocoerente.com.br\/se\/2023\/03\/10\/eduardo-lima-tem-pl-que-cria-semana-de-conscientizacao-contra-a-erotizacao-infantil-aprovado-em-1-discussao\/","title":{"rendered":"Eduardo Lima tem PL que cria Semana de Conscientiza\u00e7\u00e3o contra \u00e0 Erotiza\u00e7\u00e3o Infantil aprovado em 1\u00b0 discuss\u00e3o"},"content":{"rendered":"\n<p>\u201cEssa pauta trata da prote\u00e7\u00e3o da pureza das crian\u00e7as\u201d, disse o vereador<\/p>\n\n\n\n<p>A C\u00e2mara Municipal de Aracaju (CMA), aprovou em 1\u00b0 discuss\u00e3o, na tarde desta quarta-feira, dia 08, o Projeto de Lei (PL) 283\/2021, de autoria do vereador Eduardo Lima (Republicanos), que cria a Semana de Conscientiza\u00e7\u00e3o, Preven\u00e7\u00e3o e Combate \u00e0 Sexualiza\u00e7\u00e3o Precoce de Crian\u00e7as e Adolescentes.<\/p>\n\n\n\n<p>O projeto prop\u00f5e que as institui\u00e7\u00f5es da Prefeitura de Aracaju, como CRAS, escolas, conselhos tutelares, entre outras que envolvam crian\u00e7as e adolescentes, que incluam em seus programas de atendimento, entre os dias 21 e 28 de Outubro, a\u00e7\u00f5es de conscientiza\u00e7\u00e3o contra a erotiza\u00e7\u00e3o infantil evitando a sexualiza\u00e7\u00e3o precoce.<\/p>\n\n\n\n<p>Segundo o texto, entende-se que a erotiza\u00e7\u00e3o ocorre atrav\u00e9s das pr\u00e1ticas de exposi\u00e7\u00e3o prematura de conte\u00fados sexuais que estimulam o comportamento em indiv\u00edduos que n\u00e3o tem maturidade suficiente para tal compreens\u00e3o.<br>Tais pr\u00e1ticas chegam na vida das crian\u00e7as e adolescentes de maneira externa, muitas vezes provocadas por publicidades infantis, cenas sensuais em filmes e novelas, m\u00fasicas que estimulam a sexualidade, enfim, conte\u00fados que adultizam o p\u00fablico infantojuvenil.<\/p>\n\n\n\n<p>\u201cEssa pauta trata da prote\u00e7\u00e3o da pureza das crian\u00e7as, que \u00e9 evitar a sexualiza\u00e7\u00e3o precoce, at\u00e9 mesmo porque sabemos que tudo tem seu tempo, o tempo correto para crian\u00e7a e o adolescente descobrir sobre sua sexualidade que \u00e9 inata, ter conhecimento do seu pr\u00f3prio corpo. Sabermos que tudo tem que ser inserido na vida sem antecipa\u00e7\u00e3o e assim, cada coisa em seu devido lugar\u201d, disse Eduardo Lima.<\/p>\n\n\n\n<p>Aprovada em 1\u00b0 Discuss\u00e3o, a proposta teve 11 votos a favor e duas absten\u00e7\u00f5es dos vereadores presentes; e passar\u00e1 pela 2\u00b0 e 3\u00b0 discuss\u00e3o, Reda\u00e7\u00e3o Final al\u00e9m da san\u00e7\u00e3o do prefeito.<\/p>\n\n\n\n<p><\/p>\n","protected":false},"excerpt":{"rendered":"<p>\u201cEssa pauta trata da prote\u00e7\u00e3o da pureza das crian\u00e7as\u201d, disse o vereador A C\u00e2mara Municipal de Aracaju (CMA), aprovou em 1\u00b0 discuss\u00e3o, na tarde desta quarta-feira, dia 08, o Projeto de Lei (PL) 283\/2021, de autoria do vereador Eduardo Lima (Republicanos), que cria a Semana de Conscientiza\u00e7\u00e3o, Preven\u00e7\u00e3o e Combate \u00e0 Sexualiza\u00e7\u00e3o Precoce de Crian\u00e7as [&hellip;]<\/p>\n","protected":false},"author":1,"featured_media":7436,"comment_status":"closed","ping_status":"closed","sticky":false,"template":"","format":"standard","meta":{"footnotes":""},"categories":[53,44],"tags":[],"class_list":["post-7435","post","type-post","status-publish","format-standard","has-post-thumbnail","hentry","category-destaques","category-politica"],"yoast_head":"<!-- This site is optimized with the Yoast SEO plugin v27.4 - https:\/\/yoast.com\/product\/yoast-seo-wordpress\/ -->\n<title>Eduardo Lima tem PL que cria Semana de Conscientiza\u00e7\u00e3o contra \u00e0 Erotiza\u00e7\u00e3o Infantil aprovado em 1\u00b0 discuss\u00e3o - O Coerente<\/title>\n<meta name=\"robots\" content=\"index, follow, max-snippet:-1, max-image-preview:large, max-video-preview:-1\" \/>\n<link rel=\"canonical\" href=\"https:\/\/ocoerente.com.br\/se\/2023\/03\/10\/eduardo-lima-tem-pl-que-cria-semana-de-conscientizacao-contra-a-erotizacao-infantil-aprovado-em-1-discussao\/\" \/>\n<meta property=\"og:locale\" content=\"pt_BR\" \/>\n<meta property=\"og:type\" content=\"article\" \/>\n<meta property=\"og:title\" content=\"Eduardo Lima tem PL que cria Semana de Conscientiza\u00e7\u00e3o contra \u00e0 Erotiza\u00e7\u00e3o Infantil aprovado em 1\u00b0 discuss\u00e3o - O Coerente\" \/>\n<meta property=\"og:description\" content=\"\u201cEssa pauta trata da prote\u00e7\u00e3o da pureza das crian\u00e7as\u201d, disse o vereador A C\u00e2mara Municipal de Aracaju (CMA), aprovou em 1\u00b0 discuss\u00e3o, na tarde desta quarta-feira, dia 08, o Projeto de Lei (PL) 283\/2021, de autoria do vereador Eduardo Lima (Republicanos), que cria a Semana de Conscientiza\u00e7\u00e3o, Preven\u00e7\u00e3o e Combate \u00e0 Sexualiza\u00e7\u00e3o Precoce de Crian\u00e7as [&hellip;]\" \/>\n<meta property=\"og:url\" content=\"https:\/\/ocoerente.com.br\/se\/2023\/03\/10\/eduardo-lima-tem-pl-que-cria-semana-de-conscientizacao-contra-a-erotizacao-infantil-aprovado-em-1-discussao\/\" \/>\n<meta property=\"og:site_name\" content=\"O Coerente\" \/>\n<meta property=\"article:published_time\" content=\"2023-03-10T03:22:48+00:00\" \/>\n<meta property=\"article:modified_time\" content=\"2023-03-10T03:22:49+00:00\" \/>\n<meta property=\"og:image\" content=\"https:\/\/ocoerente.com.br\/se\/wp-content\/uploads\/2023\/03\/limaaaaa.jpg\" \/>\n\t<meta property=\"og:image:width\" content=\"1024\" \/>\n\t<meta property=\"og:image:height\" content=\"684\" \/>\n\t<meta property=\"og:image:type\" content=\"image\/jpeg\" \/>\n<meta name=\"author\" content=\"Reda\u00e7\u00e3o\" \/>\n<meta name=\"twitter:card\" content=\"summary_large_image\" \/>\n<meta name=\"twitter:label1\" content=\"Escrito por\" \/>\n\t<meta name=\"twitter:data1\" content=\"Reda\u00e7\u00e3o\" \/>\n\t<meta name=\"twitter:label2\" content=\"Est. tempo de leitura\" \/>\n\t<meta name=\"twitter:data2\" content=\"2 minutos\" \/>\n<script type=\"application\/ld+json\" class=\"yoast-schema-graph\">{\"@context\":\"https:\\\/\\\/schema.org\",\"@graph\":[{\"@type\":\"Article\",\"@id\":\"https:\\\/\\\/ocoerente.com.br\\\/se\\\/2023\\\/03\\\/10\\\/eduardo-lima-tem-pl-que-cria-semana-de-conscientizacao-contra-a-erotizacao-infantil-aprovado-em-1-discussao\\\/#article\",\"isPartOf\":{\"@id\":\"https:\\\/\\\/ocoerente.com.br\\\/se\\\/2023\\\/03\\\/10\\\/eduardo-lima-tem-pl-que-cria-semana-de-conscientizacao-contra-a-erotizacao-infantil-aprovado-em-1-discussao\\\/\"},\"author\":{\"name\":\"Reda\u00e7\u00e3o\",\"@id\":\"https:\\\/\\\/ocoerente.com.br\\\/se\\\/#\\\/schema\\\/person\\\/cc6bfd9fbca465e23543b0c963d8d037\"},\"headline\":\"Eduardo Lima tem PL que cria Semana de Conscientiza\u00e7\u00e3o contra \u00e0 Erotiza\u00e7\u00e3o Infantil aprovado em 1\u00b0 discuss\u00e3o\",\"datePublished\":\"2023-03-10T03:22:48+00:00\",\"dateModified\":\"2023-03-10T03:22:49+00:00\",\"mainEntityOfPage\":{\"@id\":\"https:\\\/\\\/ocoerente.com.br\\\/se\\\/2023\\\/03\\\/10\\\/eduardo-lima-tem-pl-que-cria-semana-de-conscientizacao-contra-a-erotizacao-infantil-aprovado-em-1-discussao\\\/\"},\"wordCount\":316,\"publisher\":{\"@id\":\"https:\\\/\\\/ocoerente.com.br\\\/se\\\/#\\\/schema\\\/person\\\/cc6bfd9fbca465e23543b0c963d8d037\"},\"image\":{\"@id\":\"https:\\\/\\\/ocoerente.com.br\\\/se\\\/2023\\\/03\\\/10\\\/eduardo-lima-tem-pl-que-cria-semana-de-conscientizacao-contra-a-erotizacao-infantil-aprovado-em-1-discussao\\\/#primaryimage\"},\"thumbnailUrl\":\"https:\\\/\\\/ocoerente.com.br\\\/se\\\/wp-content\\\/uploads\\\/2023\\\/03\\\/limaaaaa.jpg\",\"articleSection\":[\"Destaques\",\"Pol\u00edtica\"],\"inLanguage\":\"pt-BR\"},{\"@type\":\"WebPage\",\"@id\":\"https:\\\/\\\/ocoerente.com.br\\\/se\\\/2023\\\/03\\\/10\\\/eduardo-lima-tem-pl-que-cria-semana-de-conscientizacao-contra-a-erotizacao-infantil-aprovado-em-1-discussao\\\/\",\"url\":\"https:\\\/\\\/ocoerente.com.br\\\/se\\\/2023\\\/03\\\/10\\\/eduardo-lima-tem-pl-que-cria-semana-de-conscientizacao-contra-a-erotizacao-infantil-aprovado-em-1-discussao\\\/\",\"name\":\"Eduardo Lima tem PL que cria Semana de Conscientiza\u00e7\u00e3o contra \u00e0 Erotiza\u00e7\u00e3o Infantil aprovado em 1\u00b0 discuss\u00e3o - O Coerente\",\"isPartOf\":{\"@id\":\"https:\\\/\\\/ocoerente.com.br\\\/se\\\/#website\"},\"primaryImageOfPage\":{\"@id\":\"https:\\\/\\\/ocoerente.com.br\\\/se\\\/2023\\\/03\\\/10\\\/eduardo-lima-tem-pl-que-cria-semana-de-conscientizacao-contra-a-erotizacao-infantil-aprovado-em-1-discussao\\\/#primaryimage\"},\"image\":{\"@id\":\"https:\\\/\\\/ocoerente.com.br\\\/se\\\/2023\\\/03\\\/10\\\/eduardo-lima-tem-pl-que-cria-semana-de-conscientizacao-contra-a-erotizacao-infantil-aprovado-em-1-discussao\\\/#primaryimage\"},\"thumbnailUrl\":\"https:\\\/\\\/ocoerente.com.br\\\/se\\\/wp-content\\\/uploads\\\/2023\\\/03\\\/limaaaaa.jpg\",\"datePublished\":\"2023-03-10T03:22:48+00:00\",\"dateModified\":\"2023-03-10T03:22:49+00:00\",\"breadcrumb\":{\"@id\":\"https:\\\/\\\/ocoerente.com.br\\\/se\\\/2023\\\/03\\\/10\\\/eduardo-lima-tem-pl-que-cria-semana-de-conscientizacao-contra-a-erotizacao-infantil-aprovado-em-1-discussao\\\/#breadcrumb\"},\"inLanguage\":\"pt-BR\",\"potentialAction\":[{\"@type\":\"ReadAction\",\"target\":[\"https:\\\/\\\/ocoerente.com.br\\\/se\\\/2023\\\/03\\\/10\\\/eduardo-lima-tem-pl-que-cria-semana-de-conscientizacao-contra-a-erotizacao-infantil-aprovado-em-1-discussao\\\/\"]}]},{\"@type\":\"ImageObject\",\"inLanguage\":\"pt-BR\",\"@id\":\"https:\\\/\\\/ocoerente.com.br\\\/se\\\/2023\\\/03\\\/10\\\/eduardo-lima-tem-pl-que-cria-semana-de-conscientizacao-contra-a-erotizacao-infantil-aprovado-em-1-discussao\\\/#primaryimage\",\"url\":\"https:\\\/\\\/ocoerente.com.br\\\/se\\\/wp-content\\\/uploads\\\/2023\\\/03\\\/limaaaaa.jpg\",\"contentUrl\":\"https:\\\/\\\/ocoerente.com.br\\\/se\\\/wp-content\\\/uploads\\\/2023\\\/03\\\/limaaaaa.jpg\",\"width\":1024,\"height\":684,\"caption\":\"Foto: Milton Carvalho\"},{\"@type\":\"BreadcrumbList\",\"@id\":\"https:\\\/\\\/ocoerente.com.br\\\/se\\\/2023\\\/03\\\/10\\\/eduardo-lima-tem-pl-que-cria-semana-de-conscientizacao-contra-a-erotizacao-infantil-aprovado-em-1-discussao\\\/#breadcrumb\",\"itemListElement\":[{\"@type\":\"ListItem\",\"position\":1,\"name\":\"In\u00edcio\",\"item\":\"https:\\\/\\\/ocoerente.com.br\\\/se\\\/\"},{\"@type\":\"ListItem\",\"position\":2,\"name\":\"Eduardo Lima tem PL que cria Semana de Conscientiza\u00e7\u00e3o contra \u00e0 Erotiza\u00e7\u00e3o Infantil aprovado em 1\u00b0 discuss\u00e3o\"}]},{\"@type\":\"WebSite\",\"@id\":\"https:\\\/\\\/ocoerente.com.br\\\/se\\\/#website\",\"url\":\"https:\\\/\\\/ocoerente.com.br\\\/se\\\/\",\"name\":\"O Coerente\",\"description\":\"\",\"publisher\":{\"@id\":\"https:\\\/\\\/ocoerente.com.br\\\/se\\\/#\\\/schema\\\/person\\\/cc6bfd9fbca465e23543b0c963d8d037\"},\"potentialAction\":[{\"@type\":\"SearchAction\",\"target\":{\"@type\":\"EntryPoint\",\"urlTemplate\":\"https:\\\/\\\/ocoerente.com.br\\\/se\\\/?s={search_term_string}\"},\"query-input\":{\"@type\":\"PropertyValueSpecification\",\"valueRequired\":true,\"valueName\":\"search_term_string\"}}],\"inLanguage\":\"pt-BR\"},{\"@type\":[\"Person\",\"Organization\"],\"@id\":\"https:\\\/\\\/ocoerente.com.br\\\/se\\\/#\\\/schema\\\/person\\\/cc6bfd9fbca465e23543b0c963d8d037\",\"name\":\"Reda\u00e7\u00e3o\",\"image\":{\"@type\":\"ImageObject\",\"inLanguage\":\"pt-BR\",\"@id\":\"https:\\\/\\\/ocoerente.com.br\\\/se\\\/wp-content\\\/uploads\\\/2020\\\/01\\\/ocoerente-1.png\",\"url\":\"https:\\\/\\\/ocoerente.com.br\\\/se\\\/wp-content\\\/uploads\\\/2020\\\/01\\\/ocoerente-1.png\",\"contentUrl\":\"https:\\\/\\\/ocoerente.com.br\\\/se\\\/wp-content\\\/uploads\\\/2020\\\/01\\\/ocoerente-1.png\",\"width\":50,\"height\":50,\"caption\":\"Reda\u00e7\u00e3o\"},\"logo\":{\"@id\":\"https:\\\/\\\/ocoerente.com.br\\\/se\\\/wp-content\\\/uploads\\\/2020\\\/01\\\/ocoerente-1.png\"},\"url\":\"https:\\\/\\\/ocoerente.com.br\\\/se\\\/author\\\/vasticlsales\\\/\"}]}<\/script>\n<!-- \/ Yoast SEO plugin. -->","yoast_head_json":{"title":"Eduardo Lima tem PL que cria Semana de Conscientiza\u00e7\u00e3o contra \u00e0 Erotiza\u00e7\u00e3o Infantil aprovado em 1\u00b0 discuss\u00e3o - O Coerente","robots":{"index":"index","follow":"follow","max-snippet":"max-snippet:-1","max-image-preview":"max-image-preview:large","max-video-preview":"max-video-preview:-1"},"canonical":"https:\/\/ocoerente.com.br\/se\/2023\/03\/10\/eduardo-lima-tem-pl-que-cria-semana-de-conscientizacao-contra-a-erotizacao-infantil-aprovado-em-1-discussao\/","og_locale":"pt_BR","og_type":"article","og_title":"Eduardo Lima tem PL que cria Semana de Conscientiza\u00e7\u00e3o contra \u00e0 Erotiza\u00e7\u00e3o Infantil aprovado em 1\u00b0 discuss\u00e3o - O Coerente","og_description":"\u201cEssa pauta trata da prote\u00e7\u00e3o da pureza das crian\u00e7as\u201d, disse o vereador A C\u00e2mara Municipal de Aracaju (CMA), aprovou em 1\u00b0 discuss\u00e3o, na tarde desta quarta-feira, dia 08, o Projeto de Lei (PL) 283\/2021, de autoria do vereador Eduardo Lima (Republicanos), que cria a Semana de Conscientiza\u00e7\u00e3o, Preven\u00e7\u00e3o e Combate \u00e0 Sexualiza\u00e7\u00e3o Precoce de Crian\u00e7as [&hellip;]","og_url":"https:\/\/ocoerente.com.br\/se\/2023\/03\/10\/eduardo-lima-tem-pl-que-cria-semana-de-conscientizacao-contra-a-erotizacao-infantil-aprovado-em-1-discussao\/","og_site_name":"O Coerente","article_published_time":"2023-03-10T03:22:48+00:00","article_modified_time":"2023-03-10T03:22:49+00:00","og_image":[{"width":1024,"height":684,"url":"https:\/\/ocoerente.com.br\/se\/wp-content\/uploads\/2023\/03\/limaaaaa.jpg","type":"image\/jpeg"}],"author":"Reda\u00e7\u00e3o","twitter_card":"summary_large_image","twitter_misc":{"Escrito por":"Reda\u00e7\u00e3o","Est. tempo de leitura":"2 minutos"},"schema":{"@context":"https:\/\/schema.org","@graph":[{"@type":"Article","@id":"https:\/\/ocoerente.com.br\/se\/2023\/03\/10\/eduardo-lima-tem-pl-que-cria-semana-de-conscientizacao-contra-a-erotizacao-infantil-aprovado-em-1-discussao\/#article","isPartOf":{"@id":"https:\/\/ocoerente.com.br\/se\/2023\/03\/10\/eduardo-lima-tem-pl-que-cria-semana-de-conscientizacao-contra-a-erotizacao-infantil-aprovado-em-1-discussao\/"},"author":{"name":"Reda\u00e7\u00e3o","@id":"https:\/\/ocoerente.com.br\/se\/#\/schema\/person\/cc6bfd9fbca465e23543b0c963d8d037"},"headline":"Eduardo Lima tem PL que cria Semana de Conscientiza\u00e7\u00e3o contra \u00e0 Erotiza\u00e7\u00e3o Infantil aprovado em 1\u00b0 discuss\u00e3o","datePublished":"2023-03-10T03:22:48+00:00","dateModified":"2023-03-10T03:22:49+00:00","mainEntityOfPage":{"@id":"https:\/\/ocoerente.com.br\/se\/2023\/03\/10\/eduardo-lima-tem-pl-que-cria-semana-de-conscientizacao-contra-a-erotizacao-infantil-aprovado-em-1-discussao\/"},"wordCount":316,"publisher":{"@id":"https:\/\/ocoerente.com.br\/se\/#\/schema\/person\/cc6bfd9fbca465e23543b0c963d8d037"},"image":{"@id":"https:\/\/ocoerente.com.br\/se\/2023\/03\/10\/eduardo-lima-tem-pl-que-cria-semana-de-conscientizacao-contra-a-erotizacao-infantil-aprovado-em-1-discussao\/#primaryimage"},"thumbnailUrl":"https:\/\/ocoerente.com.br\/se\/wp-content\/uploads\/2023\/03\/limaaaaa.jpg","articleSection":["Destaques","Pol\u00edtica"],"inLanguage":"pt-BR"},{"@type":"WebPage","@id":"https:\/\/ocoerente.com.br\/se\/2023\/03\/10\/eduardo-lima-tem-pl-que-cria-semana-de-conscientizacao-contra-a-erotizacao-infantil-aprovado-em-1-discussao\/","url":"https:\/\/ocoerente.com.br\/se\/2023\/03\/10\/eduardo-lima-tem-pl-que-cria-semana-de-conscientizacao-contra-a-erotizacao-infantil-aprovado-em-1-discussao\/","name":"Eduardo Lima tem PL que cria Semana de Conscientiza\u00e7\u00e3o contra \u00e0 Erotiza\u00e7\u00e3o Infantil aprovado em 1\u00b0 discuss\u00e3o - O Coerente","isPartOf":{"@id":"https:\/\/ocoerente.com.br\/se\/#website"},"primaryImageOfPage":{"@id":"https:\/\/ocoerente.com.br\/se\/2023\/03\/10\/eduardo-lima-tem-pl-que-cria-semana-de-conscientizacao-contra-a-erotizacao-infantil-aprovado-em-1-discussao\/#primaryimage"},"image":{"@id":"https:\/\/ocoerente.com.br\/se\/2023\/03\/10\/eduardo-lima-tem-pl-que-cria-semana-de-conscientizacao-contra-a-erotizacao-infantil-aprovado-em-1-discussao\/#primaryimage"},"thumbnailUrl":"https:\/\/ocoerente.com.br\/se\/wp-content\/uploads\/2023\/03\/limaaaaa.jpg","datePublished":"2023-03-10T03:22:48+00:00","dateModified":"2023-03-10T03:22:49+00:00","breadcrumb":{"@id":"https:\/\/ocoerente.com.br\/se\/2023\/03\/10\/eduardo-lima-tem-pl-que-cria-semana-de-conscientizacao-contra-a-erotizacao-infantil-aprovado-em-1-discussao\/#breadcrumb"},"inLanguage":"pt-BR","potentialAction":[{"@type":"ReadAction","target":["https:\/\/ocoerente.com.br\/se\/2023\/03\/10\/eduardo-lima-tem-pl-que-cria-semana-de-conscientizacao-contra-a-erotizacao-infantil-aprovado-em-1-discussao\/"]}]},{"@type":"ImageObject","inLanguage":"pt-BR","@id":"https:\/\/ocoerente.com.br\/se\/2023\/03\/10\/eduardo-lima-tem-pl-que-cria-semana-de-conscientizacao-contra-a-erotizacao-infantil-aprovado-em-1-discussao\/#primaryimage","url":"https:\/\/ocoerente.com.br\/se\/wp-content\/uploads\/2023\/03\/limaaaaa.jpg","contentUrl":"https:\/\/ocoerente.com.br\/se\/wp-content\/uploads\/2023\/03\/limaaaaa.jpg","width":1024,"height":684,"caption":"Foto: Milton Carvalho"},{"@type":"BreadcrumbList","@id":"https:\/\/ocoerente.com.br\/se\/2023\/03\/10\/eduardo-lima-tem-pl-que-cria-semana-de-conscientizacao-contra-a-erotizacao-infantil-aprovado-em-1-discussao\/#breadcrumb","itemListElement":[{"@type":"ListItem","position":1,"name":"In\u00edcio","item":"https:\/\/ocoerente.com.br\/se\/"},{"@type":"ListItem","position":2,"name":"Eduardo Lima tem PL que cria Semana de Conscientiza\u00e7\u00e3o contra \u00e0 Erotiza\u00e7\u00e3o Infantil aprovado em 1\u00b0 discuss\u00e3o"}]},{"@type":"WebSite","@id":"https:\/\/ocoerente.com.br\/se\/#website","url":"https:\/\/ocoerente.com.br\/se\/","name":"O Coerente","description":"","publisher":{"@id":"https:\/\/ocoerente.com.br\/se\/#\/schema\/person\/cc6bfd9fbca465e23543b0c963d8d037"},"potentialAction":[{"@type":"SearchAction","target":{"@type":"EntryPoint","urlTemplate":"https:\/\/ocoerente.com.br\/se\/?s={search_term_string}"},"query-input":{"@type":"PropertyValueSpecification","valueRequired":true,"valueName":"search_term_string"}}],"inLanguage":"pt-BR"},{"@type":["Person","Organization"],"@id":"https:\/\/ocoerente.com.br\/se\/#\/schema\/person\/cc6bfd9fbca465e23543b0c963d8d037","name":"Reda\u00e7\u00e3o","image":{"@type":"ImageObject","inLanguage":"pt-BR","@id":"https:\/\/ocoerente.com.br\/se\/wp-content\/uploads\/2020\/01\/ocoerente-1.png","url":"https:\/\/ocoerente.com.br\/se\/wp-content\/uploads\/2020\/01\/ocoerente-1.png","contentUrl":"https:\/\/ocoerente.com.br\/se\/wp-content\/uploads\/2020\/01\/ocoerente-1.png","width":50,"height":50,"caption":"Reda\u00e7\u00e3o"},"logo":{"@id":"https:\/\/ocoerente.com.br\/se\/wp-content\/uploads\/2020\/01\/ocoerente-1.png"},"url":"https:\/\/ocoerente.com.br\/se\/author\/vasticlsales\/"}]}},"_links":{"self":[{"href":"https:\/\/ocoerente.com.br\/se\/wp-json\/wp\/v2\/posts\/7435","targetHints":{"allow":["GET"]}}],"collection":[{"href":"https:\/\/ocoerente.com.br\/se\/wp-json\/wp\/v2\/posts"}],"about":[{"href":"https:\/\/ocoerente.com.br\/se\/wp-json\/wp\/v2\/types\/post"}],"author":[{"embeddable":true,"href":"https:\/\/ocoerente.com.br\/se\/wp-json\/wp\/v2\/users\/1"}],"replies":[{"embeddable":true,"href":"https:\/\/ocoerente.com.br\/se\/wp-json\/wp\/v2\/comments?post=7435"}],"version-history":[{"count":1,"href":"https:\/\/ocoerente.com.br\/se\/wp-json\/wp\/v2\/posts\/7435\/revisions"}],"predecessor-version":[{"id":7437,"href":"https:\/\/ocoerente.com.br\/se\/wp-json\/wp\/v2\/posts\/7435\/revisions\/7437"}],"wp:featuredmedia":[{"embeddable":true,"href":"https:\/\/ocoerente.com.br\/se\/wp-json\/wp\/v2\/media\/7436"}],"wp:attachment":[{"href":"https:\/\/ocoerente.com.br\/se\/wp-json\/wp\/v2\/media?parent=7435"}],"wp:term":[{"taxonomy":"category","embeddable":true,"href":"https:\/\/ocoerente.com.br\/se\/wp-json\/wp\/v2\/categories?post=7435"},{"taxonomy":"post_tag","embeddable":true,"href":"https:\/\/ocoerente.com.br\/se\/wp-json\/wp\/v2\/tags?post=7435"}],"curies":[{"name":"wp","href":"https:\/\/api.w.org\/{rel}","templated":true}]}}