{"id":7432,"date":"2023-03-10T00:20:32","date_gmt":"2023-03-10T03:20:32","guid":{"rendered":"https:\/\/ocoerente.com.br\/se\/?p=7432"},"modified":"2023-03-10T00:20:33","modified_gmt":"2023-03-10T03:20:33","slug":"quaresma-precos-dos-peixes-e-ovos-disparam-em-todo-o-pais-e-brasileiros-buscam-alternativas","status":"publish","type":"post","link":"https:\/\/ocoerente.com.br\/se\/2023\/03\/10\/quaresma-precos-dos-peixes-e-ovos-disparam-em-todo-o-pais-e-brasileiros-buscam-alternativas\/","title":{"rendered":"QUARESMA &#8211; Pre\u00e7os dos peixes e ovos disparam em todo o pa\u00eds e brasileiros buscam alternativas"},"content":{"rendered":"\n<p>Segundo pesquisadores do Centro de Estudos de Economia Aplicada (Cepea\/USP), isso se deve principalmente devido \u00e0s altas nos pre\u00e7os dos ingredientes b\u00e1sicos da ra\u00e7\u00e3o &#8211; de galinhas e de peixes &#8211; como o farelo de soja e o milho #quaresma #pre\u00e7os do peixe #pre\u00e7o do ovo #pre\u00e7os na quaresma.<\/p>\n\n\n\n<p><strong>Reda\u00e7\u00e3o<\/strong><\/p>\n\n\n\n<p>Durante a quaresma \u2013 per\u00edodo religioso p\u00f3s carnaval que antecede a P\u00e1scoa -, muitos brasileiros possuem o h\u00e1bito de consumir peixes, bacalhau e ovos durante o per\u00edodo e principalmente nos almo\u00e7os da Sexta-Feira Santa e P\u00e1scoa. Mas os pre\u00e7os de pescados e ovos est\u00e3o muito mais altos na Quaresma, per\u00edodo que tradicionalmente tamb\u00e9m aumenta a demanda.<\/p>\n\n\n\n<p>Segundo pesquisadores do Centro de Estudos de Economia Aplicada (Cepea\/USP), isso se deve principalmente devido \u00e0s altas nos pre\u00e7os dos ingredientes b\u00e1sicos da ra\u00e7\u00e3o &#8211; de galinhas e de peixes &#8211; como o farelo de soja e o milho. Ainda conforme a institui\u00e7\u00e3o, as fortes altas acumuladas nas tr\u00eas primeiras semanas de fevereiro elevaram significativamente os pre\u00e7os m\u00e9dios mensais dos ovos, que atingiram recordes.<\/p>\n\n\n\n<p>O custo de produ\u00e7\u00e3o tem crescido bastante ao longo dos \u00faltimos anos, principalmente os custos com milho e farelo de soja que s\u00e3o os principais componentes da ra\u00e7\u00e3o animal. Mas o que antes era uma alternativa, agora vai complicar ainda mais a vida dos brasileiros. \u00c9 que o ovo est\u00e1 mais caro tamb\u00e9m.<\/p>\n\n\n\n<p>Para F\u00e1bio Pizzamiglio, diretor da&nbsp;Efficienza, empresa especializada no com\u00e9rcio exterior, o cen\u00e1rio \u00e9 uma oportunidade para o aumento das importa\u00e7\u00f5es.<\/p>\n\n\n\n<p>&#8211; Com valores mais elevados no mercado e com uma demanda aquecida, podemos apostar no aumento da importa\u00e7\u00e3o desses produtos, algo que pode passar no per\u00edodo das festividades e ter sequ\u00eancia em todo o ano &#8211; afirmou o executivo.<\/p>\n\n\n\n<p>Em algumas cidades, como Belo Horizonte (MG), os pre\u00e7os podem estar at\u00e9 20% mais altos. No entanto, na m\u00e9dia nacional, a alta \u00e9 de 14%. A caixa do ovo branco, com trinta d\u00fazias subiu 14% desde o come\u00e7o do ano. O tipo vermelho aumentou 15,7% no mesmo per\u00edodo. Uma eleva\u00e7\u00e3o recorde desde que o \u00edndice come\u00e7ou a ser medido, h\u00e1 dez anos, pelo Cepea.<\/p>\n\n\n\n<p>No Nordeste, os pre\u00e7os dos ovos tamb\u00e9m continuam subindo, no Maranh\u00e3o a cartela com 30 ovos brancos est\u00e1 custando em m\u00e9dia R$ 31,90 e em Teresina no Piau\u00ed os pre\u00e7os variam em torno de R$ 20,90, enquanto os ovos vermelhos R$ 30,00.<\/p>\n\n\n\n<p>Para economizar no almo\u00e7o de P\u00e1scoa, a educadora financeira da fintech Acordo Certo, Bruna Allemann, d\u00e1 algumas dicas:<\/p>\n\n\n\n<p>&#8211; Uma alternativa para fugir dos altos pre\u00e7os \u00e9 recriar receitas tradicionais e substituir produtos por op\u00e7\u00f5es parecidas e mais baratas. Outra dica \u00e9 compartilhar o card\u00e1pio com os convidados e dividir qual prato cada um ir\u00e1 levar &#8211; recomenda.<\/p>\n\n\n\n<p>&#8211; Tamb\u00e9m \u00e9 importante fazer uma lista de compras e ir ao mercado com anteced\u00eancia para evitar os pre\u00e7os superfaturados na v\u00e9spera &#8211; complementa.<\/p>\n\n\n\n<p><strong>Exporta\u00e7\u00e3o do produto<\/strong><\/p>\n\n\n\n<p>Os dados preliminares divulgados pela Secretaria de Com\u00e9rcio Exterior sinalizam que os embarques de ovos e ovoprodutos apresentaram pequena evolu\u00e7\u00e3o em volume, enquanto a receita alcan\u00e7ou \u00edndice positivo extremamente elevado.<\/p>\n\n\n\n<p>O total embarcado atingiu quase 3.307 toneladas, significando incremento de 1,2% sobre o embarcado no ano passado. De toda forma, o embarque di\u00e1rio mostrou eleva\u00e7\u00e3o de 6,8%, significando que o volume mensal s\u00f3 n\u00e3o foi maior porque em fevereiro deste ano teve contabilizado um dia a menos.<\/p>\n\n\n\n<p>Para F\u00e1bio Pizzamiglio, a exporta\u00e7\u00e3o pode ser beneficiada pela alta do pre\u00e7o.<\/p>\n\n\n\n<p>&#8211; Com os pre\u00e7os dos ovos e peixes em alta durante a Quaresma, os produtores brasileiros podem se beneficiar das exporta\u00e7\u00f5es para diversificar seus mercados e aumentar suas receitas. Os dados preliminares divulgados pela secretaria de com\u00e9rcio exterior mostram que h\u00e1 espa\u00e7o para crescer nas exporta\u00e7\u00f5es de ovos e ovoprodutos, e a Efficienza est\u00e1 pronta para ajudar os produtores a encontrar novos mercados e expandir seus neg\u00f3cios no com\u00e9rcio exterior &#8211; completou.<\/p>\n\n\n\n<p><strong><em>*Com informa\u00e7\u00f5es da Efficienza.<\/em><\/strong><\/p>\n\n\n\n<p>centro-oestefarmnews<\/p>\n","protected":false},"excerpt":{"rendered":"<p>Segundo pesquisadores do Centro de Estudos de Economia Aplicada (Cepea\/USP), isso se deve principalmente devido \u00e0s altas nos pre\u00e7os dos ingredientes b\u00e1sicos da ra\u00e7\u00e3o &#8211; de galinhas e de peixes &#8211; como o farelo de soja e o milho #quaresma #pre\u00e7os do peixe #pre\u00e7o do ovo #pre\u00e7os na quaresma. Reda\u00e7\u00e3o Durante a quaresma \u2013 per\u00edodo [&hellip;]<\/p>\n","protected":false},"author":1,"featured_media":7433,"comment_status":"closed","ping_status":"closed","sticky":false,"template":"","format":"standard","meta":{"footnotes":""},"categories":[48,53],"tags":[],"class_list":["post-7432","post","type-post","status-publish","format-standard","has-post-thumbnail","hentry","category-brasil","category-destaques"],"yoast_head":"<!-- This site is optimized with the Yoast SEO plugin v27.4 - https:\/\/yoast.com\/product\/yoast-seo-wordpress\/ -->\n<title>QUARESMA - Pre\u00e7os dos peixes e ovos disparam em todo o pa\u00eds e brasileiros buscam alternativas - O Coerente<\/title>\n<meta name=\"robots\" content=\"index, follow, max-snippet:-1, max-image-preview:large, max-video-preview:-1\" \/>\n<link rel=\"canonical\" href=\"https:\/\/ocoerente.com.br\/se\/2023\/03\/10\/quaresma-precos-dos-peixes-e-ovos-disparam-em-todo-o-pais-e-brasileiros-buscam-alternativas\/\" \/>\n<meta property=\"og:locale\" content=\"pt_BR\" \/>\n<meta property=\"og:type\" content=\"article\" \/>\n<meta property=\"og:title\" content=\"QUARESMA - Pre\u00e7os dos peixes e ovos disparam em todo o pa\u00eds e brasileiros buscam alternativas - O Coerente\" \/>\n<meta property=\"og:description\" content=\"Segundo pesquisadores do Centro de Estudos de Economia Aplicada (Cepea\/USP), isso se deve principalmente devido \u00e0s altas nos pre\u00e7os dos ingredientes b\u00e1sicos da ra\u00e7\u00e3o &#8211; de galinhas e de peixes &#8211; como o farelo de soja e o milho #quaresma #pre\u00e7os do peixe #pre\u00e7o do ovo #pre\u00e7os na quaresma. Reda\u00e7\u00e3o Durante a quaresma \u2013 per\u00edodo [&hellip;]\" \/>\n<meta property=\"og:url\" content=\"https:\/\/ocoerente.com.br\/se\/2023\/03\/10\/quaresma-precos-dos-peixes-e-ovos-disparam-em-todo-o-pais-e-brasileiros-buscam-alternativas\/\" \/>\n<meta property=\"og:site_name\" content=\"O Coerente\" \/>\n<meta property=\"article:published_time\" content=\"2023-03-10T03:20:32+00:00\" \/>\n<meta property=\"article:modified_time\" content=\"2023-03-10T03:20:33+00:00\" \/>\n<meta property=\"og:image\" content=\"https:\/\/ocoerente.com.br\/se\/wp-content\/uploads\/2023\/03\/quaresmaaaa.jpg\" \/>\n\t<meta property=\"og:image:width\" content=\"810\" \/>\n\t<meta property=\"og:image:height\" content=\"446\" \/>\n\t<meta property=\"og:image:type\" content=\"image\/jpeg\" \/>\n<meta name=\"author\" content=\"Reda\u00e7\u00e3o\" \/>\n<meta name=\"twitter:card\" content=\"summary_large_image\" \/>\n<meta name=\"twitter:label1\" content=\"Escrito por\" \/>\n\t<meta name=\"twitter:data1\" content=\"Reda\u00e7\u00e3o\" \/>\n\t<meta name=\"twitter:label2\" content=\"Est. tempo de leitura\" \/>\n\t<meta name=\"twitter:data2\" content=\"4 minutos\" \/>\n<script type=\"application\/ld+json\" class=\"yoast-schema-graph\">{\"@context\":\"https:\\\/\\\/schema.org\",\"@graph\":[{\"@type\":\"Article\",\"@id\":\"https:\\\/\\\/ocoerente.com.br\\\/se\\\/2023\\\/03\\\/10\\\/quaresma-precos-dos-peixes-e-ovos-disparam-em-todo-o-pais-e-brasileiros-buscam-alternativas\\\/#article\",\"isPartOf\":{\"@id\":\"https:\\\/\\\/ocoerente.com.br\\\/se\\\/2023\\\/03\\\/10\\\/quaresma-precos-dos-peixes-e-ovos-disparam-em-todo-o-pais-e-brasileiros-buscam-alternativas\\\/\"},\"author\":{\"name\":\"Reda\u00e7\u00e3o\",\"@id\":\"https:\\\/\\\/ocoerente.com.br\\\/se\\\/#\\\/schema\\\/person\\\/cc6bfd9fbca465e23543b0c963d8d037\"},\"headline\":\"QUARESMA &#8211; Pre\u00e7os dos peixes e ovos disparam em todo o pa\u00eds e brasileiros buscam alternativas\",\"datePublished\":\"2023-03-10T03:20:32+00:00\",\"dateModified\":\"2023-03-10T03:20:33+00:00\",\"mainEntityOfPage\":{\"@id\":\"https:\\\/\\\/ocoerente.com.br\\\/se\\\/2023\\\/03\\\/10\\\/quaresma-precos-dos-peixes-e-ovos-disparam-em-todo-o-pais-e-brasileiros-buscam-alternativas\\\/\"},\"wordCount\":718,\"publisher\":{\"@id\":\"https:\\\/\\\/ocoerente.com.br\\\/se\\\/#\\\/schema\\\/person\\\/cc6bfd9fbca465e23543b0c963d8d037\"},\"image\":{\"@id\":\"https:\\\/\\\/ocoerente.com.br\\\/se\\\/2023\\\/03\\\/10\\\/quaresma-precos-dos-peixes-e-ovos-disparam-em-todo-o-pais-e-brasileiros-buscam-alternativas\\\/#primaryimage\"},\"thumbnailUrl\":\"https:\\\/\\\/ocoerente.com.br\\\/se\\\/wp-content\\\/uploads\\\/2023\\\/03\\\/quaresmaaaa.jpg\",\"articleSection\":[\"Brasil\",\"Destaques\"],\"inLanguage\":\"pt-BR\"},{\"@type\":\"WebPage\",\"@id\":\"https:\\\/\\\/ocoerente.com.br\\\/se\\\/2023\\\/03\\\/10\\\/quaresma-precos-dos-peixes-e-ovos-disparam-em-todo-o-pais-e-brasileiros-buscam-alternativas\\\/\",\"url\":\"https:\\\/\\\/ocoerente.com.br\\\/se\\\/2023\\\/03\\\/10\\\/quaresma-precos-dos-peixes-e-ovos-disparam-em-todo-o-pais-e-brasileiros-buscam-alternativas\\\/\",\"name\":\"QUARESMA - Pre\u00e7os dos peixes e ovos disparam em todo o pa\u00eds e brasileiros buscam alternativas - O Coerente\",\"isPartOf\":{\"@id\":\"https:\\\/\\\/ocoerente.com.br\\\/se\\\/#website\"},\"primaryImageOfPage\":{\"@id\":\"https:\\\/\\\/ocoerente.com.br\\\/se\\\/2023\\\/03\\\/10\\\/quaresma-precos-dos-peixes-e-ovos-disparam-em-todo-o-pais-e-brasileiros-buscam-alternativas\\\/#primaryimage\"},\"image\":{\"@id\":\"https:\\\/\\\/ocoerente.com.br\\\/se\\\/2023\\\/03\\\/10\\\/quaresma-precos-dos-peixes-e-ovos-disparam-em-todo-o-pais-e-brasileiros-buscam-alternativas\\\/#primaryimage\"},\"thumbnailUrl\":\"https:\\\/\\\/ocoerente.com.br\\\/se\\\/wp-content\\\/uploads\\\/2023\\\/03\\\/quaresmaaaa.jpg\",\"datePublished\":\"2023-03-10T03:20:32+00:00\",\"dateModified\":\"2023-03-10T03:20:33+00:00\",\"breadcrumb\":{\"@id\":\"https:\\\/\\\/ocoerente.com.br\\\/se\\\/2023\\\/03\\\/10\\\/quaresma-precos-dos-peixes-e-ovos-disparam-em-todo-o-pais-e-brasileiros-buscam-alternativas\\\/#breadcrumb\"},\"inLanguage\":\"pt-BR\",\"potentialAction\":[{\"@type\":\"ReadAction\",\"target\":[\"https:\\\/\\\/ocoerente.com.br\\\/se\\\/2023\\\/03\\\/10\\\/quaresma-precos-dos-peixes-e-ovos-disparam-em-todo-o-pais-e-brasileiros-buscam-alternativas\\\/\"]}]},{\"@type\":\"ImageObject\",\"inLanguage\":\"pt-BR\",\"@id\":\"https:\\\/\\\/ocoerente.com.br\\\/se\\\/2023\\\/03\\\/10\\\/quaresma-precos-dos-peixes-e-ovos-disparam-em-todo-o-pais-e-brasileiros-buscam-alternativas\\\/#primaryimage\",\"url\":\"https:\\\/\\\/ocoerente.com.br\\\/se\\\/wp-content\\\/uploads\\\/2023\\\/03\\\/quaresmaaaa.jpg\",\"contentUrl\":\"https:\\\/\\\/ocoerente.com.br\\\/se\\\/wp-content\\\/uploads\\\/2023\\\/03\\\/quaresmaaaa.jpg\",\"width\":810,\"height\":446},{\"@type\":\"BreadcrumbList\",\"@id\":\"https:\\\/\\\/ocoerente.com.br\\\/se\\\/2023\\\/03\\\/10\\\/quaresma-precos-dos-peixes-e-ovos-disparam-em-todo-o-pais-e-brasileiros-buscam-alternativas\\\/#breadcrumb\",\"itemListElement\":[{\"@type\":\"ListItem\",\"position\":1,\"name\":\"In\u00edcio\",\"item\":\"https:\\\/\\\/ocoerente.com.br\\\/se\\\/\"},{\"@type\":\"ListItem\",\"position\":2,\"name\":\"QUARESMA &#8211; Pre\u00e7os dos peixes e ovos disparam em todo o pa\u00eds e brasileiros buscam alternativas\"}]},{\"@type\":\"WebSite\",\"@id\":\"https:\\\/\\\/ocoerente.com.br\\\/se\\\/#website\",\"url\":\"https:\\\/\\\/ocoerente.com.br\\\/se\\\/\",\"name\":\"O Coerente\",\"description\":\"\",\"publisher\":{\"@id\":\"https:\\\/\\\/ocoerente.com.br\\\/se\\\/#\\\/schema\\\/person\\\/cc6bfd9fbca465e23543b0c963d8d037\"},\"potentialAction\":[{\"@type\":\"SearchAction\",\"target\":{\"@type\":\"EntryPoint\",\"urlTemplate\":\"https:\\\/\\\/ocoerente.com.br\\\/se\\\/?s={search_term_string}\"},\"query-input\":{\"@type\":\"PropertyValueSpecification\",\"valueRequired\":true,\"valueName\":\"search_term_string\"}}],\"inLanguage\":\"pt-BR\"},{\"@type\":[\"Person\",\"Organization\"],\"@id\":\"https:\\\/\\\/ocoerente.com.br\\\/se\\\/#\\\/schema\\\/person\\\/cc6bfd9fbca465e23543b0c963d8d037\",\"name\":\"Reda\u00e7\u00e3o\",\"image\":{\"@type\":\"ImageObject\",\"inLanguage\":\"pt-BR\",\"@id\":\"https:\\\/\\\/ocoerente.com.br\\\/se\\\/wp-content\\\/uploads\\\/2020\\\/01\\\/ocoerente-1.png\",\"url\":\"https:\\\/\\\/ocoerente.com.br\\\/se\\\/wp-content\\\/uploads\\\/2020\\\/01\\\/ocoerente-1.png\",\"contentUrl\":\"https:\\\/\\\/ocoerente.com.br\\\/se\\\/wp-content\\\/uploads\\\/2020\\\/01\\\/ocoerente-1.png\",\"width\":50,\"height\":50,\"caption\":\"Reda\u00e7\u00e3o\"},\"logo\":{\"@id\":\"https:\\\/\\\/ocoerente.com.br\\\/se\\\/wp-content\\\/uploads\\\/2020\\\/01\\\/ocoerente-1.png\"},\"url\":\"https:\\\/\\\/ocoerente.com.br\\\/se\\\/author\\\/vasticlsales\\\/\"}]}<\/script>\n<!-- \/ Yoast SEO plugin. -->","yoast_head_json":{"title":"QUARESMA - Pre\u00e7os dos peixes e ovos disparam em todo o pa\u00eds e brasileiros buscam alternativas - O Coerente","robots":{"index":"index","follow":"follow","max-snippet":"max-snippet:-1","max-image-preview":"max-image-preview:large","max-video-preview":"max-video-preview:-1"},"canonical":"https:\/\/ocoerente.com.br\/se\/2023\/03\/10\/quaresma-precos-dos-peixes-e-ovos-disparam-em-todo-o-pais-e-brasileiros-buscam-alternativas\/","og_locale":"pt_BR","og_type":"article","og_title":"QUARESMA - Pre\u00e7os dos peixes e ovos disparam em todo o pa\u00eds e brasileiros buscam alternativas - O Coerente","og_description":"Segundo pesquisadores do Centro de Estudos de Economia Aplicada (Cepea\/USP), isso se deve principalmente devido \u00e0s altas nos pre\u00e7os dos ingredientes b\u00e1sicos da ra\u00e7\u00e3o &#8211; de galinhas e de peixes &#8211; como o farelo de soja e o milho #quaresma #pre\u00e7os do peixe #pre\u00e7o do ovo #pre\u00e7os na quaresma. Reda\u00e7\u00e3o Durante a quaresma \u2013 per\u00edodo [&hellip;]","og_url":"https:\/\/ocoerente.com.br\/se\/2023\/03\/10\/quaresma-precos-dos-peixes-e-ovos-disparam-em-todo-o-pais-e-brasileiros-buscam-alternativas\/","og_site_name":"O Coerente","article_published_time":"2023-03-10T03:20:32+00:00","article_modified_time":"2023-03-10T03:20:33+00:00","og_image":[{"width":810,"height":446,"url":"https:\/\/ocoerente.com.br\/se\/wp-content\/uploads\/2023\/03\/quaresmaaaa.jpg","type":"image\/jpeg"}],"author":"Reda\u00e7\u00e3o","twitter_card":"summary_large_image","twitter_misc":{"Escrito por":"Reda\u00e7\u00e3o","Est. tempo de leitura":"4 minutos"},"schema":{"@context":"https:\/\/schema.org","@graph":[{"@type":"Article","@id":"https:\/\/ocoerente.com.br\/se\/2023\/03\/10\/quaresma-precos-dos-peixes-e-ovos-disparam-em-todo-o-pais-e-brasileiros-buscam-alternativas\/#article","isPartOf":{"@id":"https:\/\/ocoerente.com.br\/se\/2023\/03\/10\/quaresma-precos-dos-peixes-e-ovos-disparam-em-todo-o-pais-e-brasileiros-buscam-alternativas\/"},"author":{"name":"Reda\u00e7\u00e3o","@id":"https:\/\/ocoerente.com.br\/se\/#\/schema\/person\/cc6bfd9fbca465e23543b0c963d8d037"},"headline":"QUARESMA &#8211; Pre\u00e7os dos peixes e ovos disparam em todo o pa\u00eds e brasileiros buscam alternativas","datePublished":"2023-03-10T03:20:32+00:00","dateModified":"2023-03-10T03:20:33+00:00","mainEntityOfPage":{"@id":"https:\/\/ocoerente.com.br\/se\/2023\/03\/10\/quaresma-precos-dos-peixes-e-ovos-disparam-em-todo-o-pais-e-brasileiros-buscam-alternativas\/"},"wordCount":718,"publisher":{"@id":"https:\/\/ocoerente.com.br\/se\/#\/schema\/person\/cc6bfd9fbca465e23543b0c963d8d037"},"image":{"@id":"https:\/\/ocoerente.com.br\/se\/2023\/03\/10\/quaresma-precos-dos-peixes-e-ovos-disparam-em-todo-o-pais-e-brasileiros-buscam-alternativas\/#primaryimage"},"thumbnailUrl":"https:\/\/ocoerente.com.br\/se\/wp-content\/uploads\/2023\/03\/quaresmaaaa.jpg","articleSection":["Brasil","Destaques"],"inLanguage":"pt-BR"},{"@type":"WebPage","@id":"https:\/\/ocoerente.com.br\/se\/2023\/03\/10\/quaresma-precos-dos-peixes-e-ovos-disparam-em-todo-o-pais-e-brasileiros-buscam-alternativas\/","url":"https:\/\/ocoerente.com.br\/se\/2023\/03\/10\/quaresma-precos-dos-peixes-e-ovos-disparam-em-todo-o-pais-e-brasileiros-buscam-alternativas\/","name":"QUARESMA - Pre\u00e7os dos peixes e ovos disparam em todo o pa\u00eds e brasileiros buscam alternativas - O Coerente","isPartOf":{"@id":"https:\/\/ocoerente.com.br\/se\/#website"},"primaryImageOfPage":{"@id":"https:\/\/ocoerente.com.br\/se\/2023\/03\/10\/quaresma-precos-dos-peixes-e-ovos-disparam-em-todo-o-pais-e-brasileiros-buscam-alternativas\/#primaryimage"},"image":{"@id":"https:\/\/ocoerente.com.br\/se\/2023\/03\/10\/quaresma-precos-dos-peixes-e-ovos-disparam-em-todo-o-pais-e-brasileiros-buscam-alternativas\/#primaryimage"},"thumbnailUrl":"https:\/\/ocoerente.com.br\/se\/wp-content\/uploads\/2023\/03\/quaresmaaaa.jpg","datePublished":"2023-03-10T03:20:32+00:00","dateModified":"2023-03-10T03:20:33+00:00","breadcrumb":{"@id":"https:\/\/ocoerente.com.br\/se\/2023\/03\/10\/quaresma-precos-dos-peixes-e-ovos-disparam-em-todo-o-pais-e-brasileiros-buscam-alternativas\/#breadcrumb"},"inLanguage":"pt-BR","potentialAction":[{"@type":"ReadAction","target":["https:\/\/ocoerente.com.br\/se\/2023\/03\/10\/quaresma-precos-dos-peixes-e-ovos-disparam-em-todo-o-pais-e-brasileiros-buscam-alternativas\/"]}]},{"@type":"ImageObject","inLanguage":"pt-BR","@id":"https:\/\/ocoerente.com.br\/se\/2023\/03\/10\/quaresma-precos-dos-peixes-e-ovos-disparam-em-todo-o-pais-e-brasileiros-buscam-alternativas\/#primaryimage","url":"https:\/\/ocoerente.com.br\/se\/wp-content\/uploads\/2023\/03\/quaresmaaaa.jpg","contentUrl":"https:\/\/ocoerente.com.br\/se\/wp-content\/uploads\/2023\/03\/quaresmaaaa.jpg","width":810,"height":446},{"@type":"BreadcrumbList","@id":"https:\/\/ocoerente.com.br\/se\/2023\/03\/10\/quaresma-precos-dos-peixes-e-ovos-disparam-em-todo-o-pais-e-brasileiros-buscam-alternativas\/#breadcrumb","itemListElement":[{"@type":"ListItem","position":1,"name":"In\u00edcio","item":"https:\/\/ocoerente.com.br\/se\/"},{"@type":"ListItem","position":2,"name":"QUARESMA &#8211; Pre\u00e7os dos peixes e ovos disparam em todo o pa\u00eds e brasileiros buscam alternativas"}]},{"@type":"WebSite","@id":"https:\/\/ocoerente.com.br\/se\/#website","url":"https:\/\/ocoerente.com.br\/se\/","name":"O Coerente","description":"","publisher":{"@id":"https:\/\/ocoerente.com.br\/se\/#\/schema\/person\/cc6bfd9fbca465e23543b0c963d8d037"},"potentialAction":[{"@type":"SearchAction","target":{"@type":"EntryPoint","urlTemplate":"https:\/\/ocoerente.com.br\/se\/?s={search_term_string}"},"query-input":{"@type":"PropertyValueSpecification","valueRequired":true,"valueName":"search_term_string"}}],"inLanguage":"pt-BR"},{"@type":["Person","Organization"],"@id":"https:\/\/ocoerente.com.br\/se\/#\/schema\/person\/cc6bfd9fbca465e23543b0c963d8d037","name":"Reda\u00e7\u00e3o","image":{"@type":"ImageObject","inLanguage":"pt-BR","@id":"https:\/\/ocoerente.com.br\/se\/wp-content\/uploads\/2020\/01\/ocoerente-1.png","url":"https:\/\/ocoerente.com.br\/se\/wp-content\/uploads\/2020\/01\/ocoerente-1.png","contentUrl":"https:\/\/ocoerente.com.br\/se\/wp-content\/uploads\/2020\/01\/ocoerente-1.png","width":50,"height":50,"caption":"Reda\u00e7\u00e3o"},"logo":{"@id":"https:\/\/ocoerente.com.br\/se\/wp-content\/uploads\/2020\/01\/ocoerente-1.png"},"url":"https:\/\/ocoerente.com.br\/se\/author\/vasticlsales\/"}]}},"_links":{"self":[{"href":"https:\/\/ocoerente.com.br\/se\/wp-json\/wp\/v2\/posts\/7432","targetHints":{"allow":["GET"]}}],"collection":[{"href":"https:\/\/ocoerente.com.br\/se\/wp-json\/wp\/v2\/posts"}],"about":[{"href":"https:\/\/ocoerente.com.br\/se\/wp-json\/wp\/v2\/types\/post"}],"author":[{"embeddable":true,"href":"https:\/\/ocoerente.com.br\/se\/wp-json\/wp\/v2\/users\/1"}],"replies":[{"embeddable":true,"href":"https:\/\/ocoerente.com.br\/se\/wp-json\/wp\/v2\/comments?post=7432"}],"version-history":[{"count":1,"href":"https:\/\/ocoerente.com.br\/se\/wp-json\/wp\/v2\/posts\/7432\/revisions"}],"predecessor-version":[{"id":7434,"href":"https:\/\/ocoerente.com.br\/se\/wp-json\/wp\/v2\/posts\/7432\/revisions\/7434"}],"wp:featuredmedia":[{"embeddable":true,"href":"https:\/\/ocoerente.com.br\/se\/wp-json\/wp\/v2\/media\/7433"}],"wp:attachment":[{"href":"https:\/\/ocoerente.com.br\/se\/wp-json\/wp\/v2\/media?parent=7432"}],"wp:term":[{"taxonomy":"category","embeddable":true,"href":"https:\/\/ocoerente.com.br\/se\/wp-json\/wp\/v2\/categories?post=7432"},{"taxonomy":"post_tag","embeddable":true,"href":"https:\/\/ocoerente.com.br\/se\/wp-json\/wp\/v2\/tags?post=7432"}],"curies":[{"name":"wp","href":"https:\/\/api.w.org\/{rel}","templated":true}]}}