{"id":7424,"date":"2023-03-08T19:40:46","date_gmt":"2023-03-08T22:40:46","guid":{"rendered":"https:\/\/ocoerente.com.br\/se\/?p=7424"},"modified":"2023-03-08T19:41:30","modified_gmt":"2023-03-08T22:41:30","slug":"adolescentes-propoem-acoes-sobre-mudancas-climaticas-e-alimentacao-saudavel-durante-encontro-do-selo-unicef-em-sergipe","status":"publish","type":"post","link":"https:\/\/ocoerente.com.br\/se\/2023\/03\/08\/adolescentes-propoem-acoes-sobre-mudancas-climaticas-e-alimentacao-saudavel-durante-encontro-do-selo-unicef-em-sergipe\/","title":{"rendered":"Adolescentes prop\u00f5em a\u00e7\u00f5es sobre mudan\u00e7as clim\u00e1ticas e alimenta\u00e7\u00e3o saud\u00e1vel durante encontro do Selo UNICEF em Sergipe"},"content":{"rendered":"\n<p>Cerca de 50 adolescentes de 33 munic\u00edpios do semi\u00e1rido de Sergipe ter\u00e3o a oportunidade de refletir e aprender sobre mudan\u00e7as clim\u00e1ticas e alimenta\u00e7\u00e3o saud\u00e1vel durante o Encontro Estadual de Adolescentes \u201cNUCAS Pelo Clima\u201d. O encontro \u00e9 o primeiro a reunir meninos e meninas presencialmente nesta edi\u00e7\u00e3o do Selo UNICEF (2021-2024) e acontecer\u00e1 no dia 14\/03, ter\u00e7a-feira das 8h \u00e0s 16h, na AEASE &#8211; Associa\u00e7\u00e3o de Engenheiros Agr\u00f4nomos de Sergipe, localizada na Av. Beira Mar, n. 2400, pr\u00f3ximo ao Parque da Sementeira.<\/p>\n\n\n\n<p>A iniciativa \u00e9 do UNICEF, e a realiza\u00e7\u00e3o \u00e9 do Centro Dom Jos\u00e9 Brand\u00e3o de Castro, parceiro implementador do Selo UNICEF em Sergipe, Bahia e Minas Gerais. O encontro contar\u00e1 com a presen\u00e7a de Helena Oliveira, Coordenadora do UNICEF em Bahia, Sergipe e Minas Gerais e Luiza Leit\u00e3o, especialista em Desenvolvimento de Jovens e Adolescentes&nbsp;do&nbsp;UNICEF, que estar\u00e3o dispon\u00edveis para dialogar com a imprensa sobre o assunto.<\/p>\n\n\n\n<p>Com uma linguagem voltada para o p\u00fablico adolescente, o evento pretende estimular a reflex\u00e3o sobre como mitigar os impactos ambientais das mudan\u00e7as clim\u00e1ticas, bem como a alimenta\u00e7\u00e3o saud\u00e1vel pode ser instrumento de preserva\u00e7\u00e3o ambiental. Partindo da realidade local de cada um dos munic\u00edpios, meninos e meninas ir\u00e3o, juntos, propor estrat\u00e9gias e a\u00e7\u00f5es concretas para transformar este cen\u00e1rio. \u201cA ideia \u00e9 atuar localmente para mudar globalmente\u201d, resume Milena Ferreira Lima, consultora da \u00e1rea de mudan\u00e7as clim\u00e1ticas do Selo UNICEF em Sergipe.<\/p>\n\n\n\n<p>\u201cOs adolescentes que participar\u00e3o do encontro levar\u00e3o para seus respectivos munic\u00edpios uma s\u00e9rie de reflex\u00f5es, atividades e propostas para compartilhar com seus pares nos NUCAS, mas tamb\u00e9m em outros espa\u00e7os de conviv\u00eancia, como escola, projetos sociais, bem como junto \u00e0s suas fam\u00edlias. A ideia \u00e9 que eles atuem como multiplicadores, engajando outros adolescentes para a realiza\u00e7\u00e3o de atividades pr\u00e1ticas\u201d, destacou Joilda Aquino, coordenadora do Selo UNICEF em Sergipe, Bahia e Minas Gerais e coordenadora de projetos do Centro Dom Jos\u00e9 Brand\u00e3o de Castro, parceiro implementador do Selo UNICEF.<\/p>\n\n\n\n<p>\u201cA participa\u00e7\u00e3o cidad\u00e3 dos adolescentes \u00e9 um dos grandes pilares do Selo UNICEF. Eles devem ser vozes ativas nos munic\u00edpios na busca por uma sociedade menos desigual e com muito mais garantia de direitos para crian\u00e7as e adolescentes\u201d, disse a oficial de Desenvolvimento e Participa\u00e7\u00e3o de Adolescentes do UNICEF, Luiza de S\u00e1 Leit\u00e3o.<\/p>\n\n\n\n<p><strong>Gincana<\/strong><\/p>\n\n\n\n<p>Como forma de sensibilizar, de maneira l\u00fadica e educativa, os adolescentes integrantes dos NUCAS a atuarem localmente para minimizar os impactos das mudan\u00e7as clim\u00e1ticas e promover a alimenta\u00e7\u00e3o saud\u00e1vel, est\u00e1 sendo realizada a Gincana Pelo Clima e Pela Alimenta\u00e7\u00e3o Saud\u00e1vel, desde dezembro de 2022.<\/p>\n\n\n\n<p>At\u00e9 junho deste ano, os adolescentes, por meio dos NUCAS, devem realizar seis miss\u00f5es, que incluem desde o mapeamento de a\u00e7\u00f5es que contribuem com as mudan\u00e7as clim\u00e1ticas em seus munic\u00edpios, passando pela realiza\u00e7\u00e3o de atividade que contribua para a redu\u00e7\u00e3o de risco de desastre ambiental e da inseguran\u00e7a alimentar e nutricional; at\u00e9 plantar mudas nativas e\/ou frut\u00edferas.<\/p>\n\n\n\n<p>Ao final do primeiro semestre, ser\u00e1 realizado o Encontro Estadual de socializa\u00e7\u00e3o, quando os NUCAS ir\u00e3o apresentar as experi\u00eancias exitosas em seus munic\u00edpios e partilhar os saberes obtidos a partir da gincana. O evento tamb\u00e9m ir\u00e1 reconhecer os \u201cGuardi\u00f5es do Planeta\u201d, t\u00edtulo concedido aos NUCAS que atingirem a pontua\u00e7\u00e3o m\u00e1xima da gincana.<\/p>\n\n\n\n<p><strong>Caderno Orientador<\/strong><\/p>\n\n\n\n<p>Durante o encontro presencial, os adolescentes receber\u00e3o o Caderno Orientador, documento que apresenta a metodologia da gincana: todas as miss\u00f5es, prazos e formas de comprova\u00e7\u00e3o. O documento est\u00e1 dispon\u00edvel para no link <a href=\"http:\/\/bit.ly\/cadernonucas\">bit.ly\/cadernonucas<\/a><\/p>\n\n\n\n<p><strong>NUCAS<\/strong><\/p>\n\n\n\n<p>Os N\u00facleos de Cidadania dos Adolescentes s\u00e3o um espa\u00e7o de troca e aprendizado com o objetivo de estimular a participa\u00e7\u00e3o cidad\u00e3 de meninos e meninas, al\u00e9m de ajudar seus integrantes a desenvolver habilidades de comunica\u00e7\u00e3o, lideran\u00e7a e planejamento. Os NUCAS s\u00e3o parte da metodologia do Selo UNICEF, de modo que todos os munic\u00edpios inscritos na iniciativa criaram um ou mais NUCA com pelo menos 16 adolescentes cada um.<\/p>\n\n\n\n<p>Na atual edi\u00e7\u00e3o do Selo UNICEF, os meninos e meninas s\u00e3o estimulados a desenvolver a\u00e7\u00f5es que envolvam os seguintes temas: mudan\u00e7as clim\u00e1ticas; preven\u00e7\u00e3o da gravidez na adolesc\u00eancia; enfrentamento ao racismo e \u00e0s viol\u00eancias; e o empoderamento de meninas e igualdade de g\u00eanero.<\/p>\n\n\n\n<p>O que: Encontro Estadual de NUCAS de Sergipe<br>Quando: Ter\u00e7a-feira, 14 de mar\u00e7o, das 8h \u00e0s 16h.<br>Onde: Na Associa\u00e7\u00e3o de Engenheiros Agr\u00f4nomos de Sergipe, localizada na Av. Beira Mar, n. 2400, pr\u00f3ximo ao Parque da Sementeira.<\/p>\n\n\n\n<p><strong>Mais informa\u00e7\u00f5es<\/strong><\/p>\n\n\n\n<p><strong>D\u00e9bora Melo &#8211; Assessoria de Comunica\u00e7\u00e3o do Selo UNICEF na Bahia, em Sergipe e em Minas Gerais<br>(79) 99996-6899<br>deboramelorocha@gmail.com<\/strong><\/p>\n","protected":false},"excerpt":{"rendered":"<p>Cerca de 50 adolescentes de 33 munic\u00edpios do semi\u00e1rido de Sergipe ter\u00e3o a oportunidade de refletir e aprender sobre mudan\u00e7as clim\u00e1ticas e alimenta\u00e7\u00e3o saud\u00e1vel durante o Encontro Estadual de Adolescentes \u201cNUCAS Pelo Clima\u201d. O encontro \u00e9 o primeiro a reunir meninos e meninas presencialmente nesta edi\u00e7\u00e3o do Selo UNICEF (2021-2024) e acontecer\u00e1 no dia 14\/03, [&hellip;]<\/p>\n","protected":false},"author":1,"featured_media":7427,"comment_status":"closed","ping_status":"closed","sticky":false,"template":"","format":"standard","meta":{"footnotes":""},"categories":[53,43],"tags":[],"class_list":["post-7424","post","type-post","status-publish","format-standard","has-post-thumbnail","hentry","category-destaques","category-sergipe"],"yoast_head":"<!-- This site is optimized with the Yoast SEO plugin v27.4 - https:\/\/yoast.com\/product\/yoast-seo-wordpress\/ -->\n<title>Adolescentes prop\u00f5em a\u00e7\u00f5es sobre mudan\u00e7as clim\u00e1ticas e alimenta\u00e7\u00e3o saud\u00e1vel durante encontro do Selo UNICEF em Sergipe - O Coerente<\/title>\n<meta name=\"robots\" content=\"index, follow, max-snippet:-1, max-image-preview:large, max-video-preview:-1\" \/>\n<link rel=\"canonical\" href=\"https:\/\/ocoerente.com.br\/se\/2023\/03\/08\/adolescentes-propoem-acoes-sobre-mudancas-climaticas-e-alimentacao-saudavel-durante-encontro-do-selo-unicef-em-sergipe\/\" \/>\n<meta property=\"og:locale\" content=\"pt_BR\" \/>\n<meta property=\"og:type\" content=\"article\" \/>\n<meta property=\"og:title\" content=\"Adolescentes prop\u00f5em a\u00e7\u00f5es sobre mudan\u00e7as clim\u00e1ticas e alimenta\u00e7\u00e3o saud\u00e1vel durante encontro do Selo UNICEF em Sergipe - O Coerente\" \/>\n<meta property=\"og:description\" content=\"Cerca de 50 adolescentes de 33 munic\u00edpios do semi\u00e1rido de Sergipe ter\u00e3o a oportunidade de refletir e aprender sobre mudan\u00e7as clim\u00e1ticas e alimenta\u00e7\u00e3o saud\u00e1vel durante o Encontro Estadual de Adolescentes \u201cNUCAS Pelo Clima\u201d. O encontro \u00e9 o primeiro a reunir meninos e meninas presencialmente nesta edi\u00e7\u00e3o do Selo UNICEF (2021-2024) e acontecer\u00e1 no dia 14\/03, [&hellip;]\" \/>\n<meta property=\"og:url\" content=\"https:\/\/ocoerente.com.br\/se\/2023\/03\/08\/adolescentes-propoem-acoes-sobre-mudancas-climaticas-e-alimentacao-saudavel-durante-encontro-do-selo-unicef-em-sergipe\/\" \/>\n<meta property=\"og:site_name\" content=\"O Coerente\" \/>\n<meta property=\"article:published_time\" content=\"2023-03-08T22:40:46+00:00\" \/>\n<meta property=\"article:modified_time\" content=\"2023-03-08T22:41:30+00:00\" \/>\n<meta property=\"og:image\" content=\"https:\/\/ocoerente.com.br\/se\/wp-content\/uploads\/2023\/03\/nucas-unicef.jpg\" \/>\n\t<meta property=\"og:image:width\" content=\"1280\" \/>\n\t<meta property=\"og:image:height\" content=\"639\" \/>\n\t<meta property=\"og:image:type\" content=\"image\/jpeg\" \/>\n<meta name=\"author\" content=\"Reda\u00e7\u00e3o\" \/>\n<meta name=\"twitter:card\" content=\"summary_large_image\" \/>\n<meta name=\"twitter:label1\" content=\"Escrito por\" \/>\n\t<meta name=\"twitter:data1\" content=\"Reda\u00e7\u00e3o\" \/>\n\t<meta name=\"twitter:label2\" content=\"Est. tempo de leitura\" \/>\n\t<meta name=\"twitter:data2\" content=\"5 minutos\" \/>\n<script type=\"application\/ld+json\" class=\"yoast-schema-graph\">{\"@context\":\"https:\\\/\\\/schema.org\",\"@graph\":[{\"@type\":\"Article\",\"@id\":\"https:\\\/\\\/ocoerente.com.br\\\/se\\\/2023\\\/03\\\/08\\\/adolescentes-propoem-acoes-sobre-mudancas-climaticas-e-alimentacao-saudavel-durante-encontro-do-selo-unicef-em-sergipe\\\/#article\",\"isPartOf\":{\"@id\":\"https:\\\/\\\/ocoerente.com.br\\\/se\\\/2023\\\/03\\\/08\\\/adolescentes-propoem-acoes-sobre-mudancas-climaticas-e-alimentacao-saudavel-durante-encontro-do-selo-unicef-em-sergipe\\\/\"},\"author\":{\"name\":\"Reda\u00e7\u00e3o\",\"@id\":\"https:\\\/\\\/ocoerente.com.br\\\/se\\\/#\\\/schema\\\/person\\\/cc6bfd9fbca465e23543b0c963d8d037\"},\"headline\":\"Adolescentes prop\u00f5em a\u00e7\u00f5es sobre mudan\u00e7as clim\u00e1ticas e alimenta\u00e7\u00e3o saud\u00e1vel durante encontro do Selo UNICEF em Sergipe\",\"datePublished\":\"2023-03-08T22:40:46+00:00\",\"dateModified\":\"2023-03-08T22:41:30+00:00\",\"mainEntityOfPage\":{\"@id\":\"https:\\\/\\\/ocoerente.com.br\\\/se\\\/2023\\\/03\\\/08\\\/adolescentes-propoem-acoes-sobre-mudancas-climaticas-e-alimentacao-saudavel-durante-encontro-do-selo-unicef-em-sergipe\\\/\"},\"wordCount\":846,\"publisher\":{\"@id\":\"https:\\\/\\\/ocoerente.com.br\\\/se\\\/#\\\/schema\\\/person\\\/cc6bfd9fbca465e23543b0c963d8d037\"},\"image\":{\"@id\":\"https:\\\/\\\/ocoerente.com.br\\\/se\\\/2023\\\/03\\\/08\\\/adolescentes-propoem-acoes-sobre-mudancas-climaticas-e-alimentacao-saudavel-durante-encontro-do-selo-unicef-em-sergipe\\\/#primaryimage\"},\"thumbnailUrl\":\"https:\\\/\\\/ocoerente.com.br\\\/se\\\/wp-content\\\/uploads\\\/2023\\\/03\\\/nucas-unicef.jpg\",\"articleSection\":[\"Destaques\",\"Sergipe\"],\"inLanguage\":\"pt-BR\"},{\"@type\":\"WebPage\",\"@id\":\"https:\\\/\\\/ocoerente.com.br\\\/se\\\/2023\\\/03\\\/08\\\/adolescentes-propoem-acoes-sobre-mudancas-climaticas-e-alimentacao-saudavel-durante-encontro-do-selo-unicef-em-sergipe\\\/\",\"url\":\"https:\\\/\\\/ocoerente.com.br\\\/se\\\/2023\\\/03\\\/08\\\/adolescentes-propoem-acoes-sobre-mudancas-climaticas-e-alimentacao-saudavel-durante-encontro-do-selo-unicef-em-sergipe\\\/\",\"name\":\"Adolescentes prop\u00f5em a\u00e7\u00f5es sobre mudan\u00e7as clim\u00e1ticas e alimenta\u00e7\u00e3o saud\u00e1vel durante encontro do Selo UNICEF em Sergipe - O Coerente\",\"isPartOf\":{\"@id\":\"https:\\\/\\\/ocoerente.com.br\\\/se\\\/#website\"},\"primaryImageOfPage\":{\"@id\":\"https:\\\/\\\/ocoerente.com.br\\\/se\\\/2023\\\/03\\\/08\\\/adolescentes-propoem-acoes-sobre-mudancas-climaticas-e-alimentacao-saudavel-durante-encontro-do-selo-unicef-em-sergipe\\\/#primaryimage\"},\"image\":{\"@id\":\"https:\\\/\\\/ocoerente.com.br\\\/se\\\/2023\\\/03\\\/08\\\/adolescentes-propoem-acoes-sobre-mudancas-climaticas-e-alimentacao-saudavel-durante-encontro-do-selo-unicef-em-sergipe\\\/#primaryimage\"},\"thumbnailUrl\":\"https:\\\/\\\/ocoerente.com.br\\\/se\\\/wp-content\\\/uploads\\\/2023\\\/03\\\/nucas-unicef.jpg\",\"datePublished\":\"2023-03-08T22:40:46+00:00\",\"dateModified\":\"2023-03-08T22:41:30+00:00\",\"breadcrumb\":{\"@id\":\"https:\\\/\\\/ocoerente.com.br\\\/se\\\/2023\\\/03\\\/08\\\/adolescentes-propoem-acoes-sobre-mudancas-climaticas-e-alimentacao-saudavel-durante-encontro-do-selo-unicef-em-sergipe\\\/#breadcrumb\"},\"inLanguage\":\"pt-BR\",\"potentialAction\":[{\"@type\":\"ReadAction\",\"target\":[\"https:\\\/\\\/ocoerente.com.br\\\/se\\\/2023\\\/03\\\/08\\\/adolescentes-propoem-acoes-sobre-mudancas-climaticas-e-alimentacao-saudavel-durante-encontro-do-selo-unicef-em-sergipe\\\/\"]}]},{\"@type\":\"ImageObject\",\"inLanguage\":\"pt-BR\",\"@id\":\"https:\\\/\\\/ocoerente.com.br\\\/se\\\/2023\\\/03\\\/08\\\/adolescentes-propoem-acoes-sobre-mudancas-climaticas-e-alimentacao-saudavel-durante-encontro-do-selo-unicef-em-sergipe\\\/#primaryimage\",\"url\":\"https:\\\/\\\/ocoerente.com.br\\\/se\\\/wp-content\\\/uploads\\\/2023\\\/03\\\/nucas-unicef.jpg\",\"contentUrl\":\"https:\\\/\\\/ocoerente.com.br\\\/se\\\/wp-content\\\/uploads\\\/2023\\\/03\\\/nucas-unicef.jpg\",\"width\":1280,\"height\":639},{\"@type\":\"BreadcrumbList\",\"@id\":\"https:\\\/\\\/ocoerente.com.br\\\/se\\\/2023\\\/03\\\/08\\\/adolescentes-propoem-acoes-sobre-mudancas-climaticas-e-alimentacao-saudavel-durante-encontro-do-selo-unicef-em-sergipe\\\/#breadcrumb\",\"itemListElement\":[{\"@type\":\"ListItem\",\"position\":1,\"name\":\"In\u00edcio\",\"item\":\"https:\\\/\\\/ocoerente.com.br\\\/se\\\/\"},{\"@type\":\"ListItem\",\"position\":2,\"name\":\"Adolescentes prop\u00f5em a\u00e7\u00f5es sobre mudan\u00e7as clim\u00e1ticas e alimenta\u00e7\u00e3o saud\u00e1vel durante encontro do Selo UNICEF em Sergipe\"}]},{\"@type\":\"WebSite\",\"@id\":\"https:\\\/\\\/ocoerente.com.br\\\/se\\\/#website\",\"url\":\"https:\\\/\\\/ocoerente.com.br\\\/se\\\/\",\"name\":\"O Coerente\",\"description\":\"\",\"publisher\":{\"@id\":\"https:\\\/\\\/ocoerente.com.br\\\/se\\\/#\\\/schema\\\/person\\\/cc6bfd9fbca465e23543b0c963d8d037\"},\"potentialAction\":[{\"@type\":\"SearchAction\",\"target\":{\"@type\":\"EntryPoint\",\"urlTemplate\":\"https:\\\/\\\/ocoerente.com.br\\\/se\\\/?s={search_term_string}\"},\"query-input\":{\"@type\":\"PropertyValueSpecification\",\"valueRequired\":true,\"valueName\":\"search_term_string\"}}],\"inLanguage\":\"pt-BR\"},{\"@type\":[\"Person\",\"Organization\"],\"@id\":\"https:\\\/\\\/ocoerente.com.br\\\/se\\\/#\\\/schema\\\/person\\\/cc6bfd9fbca465e23543b0c963d8d037\",\"name\":\"Reda\u00e7\u00e3o\",\"image\":{\"@type\":\"ImageObject\",\"inLanguage\":\"pt-BR\",\"@id\":\"https:\\\/\\\/ocoerente.com.br\\\/se\\\/wp-content\\\/uploads\\\/2020\\\/01\\\/ocoerente-1.png\",\"url\":\"https:\\\/\\\/ocoerente.com.br\\\/se\\\/wp-content\\\/uploads\\\/2020\\\/01\\\/ocoerente-1.png\",\"contentUrl\":\"https:\\\/\\\/ocoerente.com.br\\\/se\\\/wp-content\\\/uploads\\\/2020\\\/01\\\/ocoerente-1.png\",\"width\":50,\"height\":50,\"caption\":\"Reda\u00e7\u00e3o\"},\"logo\":{\"@id\":\"https:\\\/\\\/ocoerente.com.br\\\/se\\\/wp-content\\\/uploads\\\/2020\\\/01\\\/ocoerente-1.png\"},\"url\":\"https:\\\/\\\/ocoerente.com.br\\\/se\\\/author\\\/vasticlsales\\\/\"}]}<\/script>\n<!-- \/ Yoast SEO plugin. -->","yoast_head_json":{"title":"Adolescentes prop\u00f5em a\u00e7\u00f5es sobre mudan\u00e7as clim\u00e1ticas e alimenta\u00e7\u00e3o saud\u00e1vel durante encontro do Selo UNICEF em Sergipe - O Coerente","robots":{"index":"index","follow":"follow","max-snippet":"max-snippet:-1","max-image-preview":"max-image-preview:large","max-video-preview":"max-video-preview:-1"},"canonical":"https:\/\/ocoerente.com.br\/se\/2023\/03\/08\/adolescentes-propoem-acoes-sobre-mudancas-climaticas-e-alimentacao-saudavel-durante-encontro-do-selo-unicef-em-sergipe\/","og_locale":"pt_BR","og_type":"article","og_title":"Adolescentes prop\u00f5em a\u00e7\u00f5es sobre mudan\u00e7as clim\u00e1ticas e alimenta\u00e7\u00e3o saud\u00e1vel durante encontro do Selo UNICEF em Sergipe - O Coerente","og_description":"Cerca de 50 adolescentes de 33 munic\u00edpios do semi\u00e1rido de Sergipe ter\u00e3o a oportunidade de refletir e aprender sobre mudan\u00e7as clim\u00e1ticas e alimenta\u00e7\u00e3o saud\u00e1vel durante o Encontro Estadual de Adolescentes \u201cNUCAS Pelo Clima\u201d. O encontro \u00e9 o primeiro a reunir meninos e meninas presencialmente nesta edi\u00e7\u00e3o do Selo UNICEF (2021-2024) e acontecer\u00e1 no dia 14\/03, [&hellip;]","og_url":"https:\/\/ocoerente.com.br\/se\/2023\/03\/08\/adolescentes-propoem-acoes-sobre-mudancas-climaticas-e-alimentacao-saudavel-durante-encontro-do-selo-unicef-em-sergipe\/","og_site_name":"O Coerente","article_published_time":"2023-03-08T22:40:46+00:00","article_modified_time":"2023-03-08T22:41:30+00:00","og_image":[{"width":1280,"height":639,"url":"https:\/\/ocoerente.com.br\/se\/wp-content\/uploads\/2023\/03\/nucas-unicef.jpg","type":"image\/jpeg"}],"author":"Reda\u00e7\u00e3o","twitter_card":"summary_large_image","twitter_misc":{"Escrito por":"Reda\u00e7\u00e3o","Est. tempo de leitura":"5 minutos"},"schema":{"@context":"https:\/\/schema.org","@graph":[{"@type":"Article","@id":"https:\/\/ocoerente.com.br\/se\/2023\/03\/08\/adolescentes-propoem-acoes-sobre-mudancas-climaticas-e-alimentacao-saudavel-durante-encontro-do-selo-unicef-em-sergipe\/#article","isPartOf":{"@id":"https:\/\/ocoerente.com.br\/se\/2023\/03\/08\/adolescentes-propoem-acoes-sobre-mudancas-climaticas-e-alimentacao-saudavel-durante-encontro-do-selo-unicef-em-sergipe\/"},"author":{"name":"Reda\u00e7\u00e3o","@id":"https:\/\/ocoerente.com.br\/se\/#\/schema\/person\/cc6bfd9fbca465e23543b0c963d8d037"},"headline":"Adolescentes prop\u00f5em a\u00e7\u00f5es sobre mudan\u00e7as clim\u00e1ticas e alimenta\u00e7\u00e3o saud\u00e1vel durante encontro do Selo UNICEF em Sergipe","datePublished":"2023-03-08T22:40:46+00:00","dateModified":"2023-03-08T22:41:30+00:00","mainEntityOfPage":{"@id":"https:\/\/ocoerente.com.br\/se\/2023\/03\/08\/adolescentes-propoem-acoes-sobre-mudancas-climaticas-e-alimentacao-saudavel-durante-encontro-do-selo-unicef-em-sergipe\/"},"wordCount":846,"publisher":{"@id":"https:\/\/ocoerente.com.br\/se\/#\/schema\/person\/cc6bfd9fbca465e23543b0c963d8d037"},"image":{"@id":"https:\/\/ocoerente.com.br\/se\/2023\/03\/08\/adolescentes-propoem-acoes-sobre-mudancas-climaticas-e-alimentacao-saudavel-durante-encontro-do-selo-unicef-em-sergipe\/#primaryimage"},"thumbnailUrl":"https:\/\/ocoerente.com.br\/se\/wp-content\/uploads\/2023\/03\/nucas-unicef.jpg","articleSection":["Destaques","Sergipe"],"inLanguage":"pt-BR"},{"@type":"WebPage","@id":"https:\/\/ocoerente.com.br\/se\/2023\/03\/08\/adolescentes-propoem-acoes-sobre-mudancas-climaticas-e-alimentacao-saudavel-durante-encontro-do-selo-unicef-em-sergipe\/","url":"https:\/\/ocoerente.com.br\/se\/2023\/03\/08\/adolescentes-propoem-acoes-sobre-mudancas-climaticas-e-alimentacao-saudavel-durante-encontro-do-selo-unicef-em-sergipe\/","name":"Adolescentes prop\u00f5em a\u00e7\u00f5es sobre mudan\u00e7as clim\u00e1ticas e alimenta\u00e7\u00e3o saud\u00e1vel durante encontro do Selo UNICEF em Sergipe - O Coerente","isPartOf":{"@id":"https:\/\/ocoerente.com.br\/se\/#website"},"primaryImageOfPage":{"@id":"https:\/\/ocoerente.com.br\/se\/2023\/03\/08\/adolescentes-propoem-acoes-sobre-mudancas-climaticas-e-alimentacao-saudavel-durante-encontro-do-selo-unicef-em-sergipe\/#primaryimage"},"image":{"@id":"https:\/\/ocoerente.com.br\/se\/2023\/03\/08\/adolescentes-propoem-acoes-sobre-mudancas-climaticas-e-alimentacao-saudavel-durante-encontro-do-selo-unicef-em-sergipe\/#primaryimage"},"thumbnailUrl":"https:\/\/ocoerente.com.br\/se\/wp-content\/uploads\/2023\/03\/nucas-unicef.jpg","datePublished":"2023-03-08T22:40:46+00:00","dateModified":"2023-03-08T22:41:30+00:00","breadcrumb":{"@id":"https:\/\/ocoerente.com.br\/se\/2023\/03\/08\/adolescentes-propoem-acoes-sobre-mudancas-climaticas-e-alimentacao-saudavel-durante-encontro-do-selo-unicef-em-sergipe\/#breadcrumb"},"inLanguage":"pt-BR","potentialAction":[{"@type":"ReadAction","target":["https:\/\/ocoerente.com.br\/se\/2023\/03\/08\/adolescentes-propoem-acoes-sobre-mudancas-climaticas-e-alimentacao-saudavel-durante-encontro-do-selo-unicef-em-sergipe\/"]}]},{"@type":"ImageObject","inLanguage":"pt-BR","@id":"https:\/\/ocoerente.com.br\/se\/2023\/03\/08\/adolescentes-propoem-acoes-sobre-mudancas-climaticas-e-alimentacao-saudavel-durante-encontro-do-selo-unicef-em-sergipe\/#primaryimage","url":"https:\/\/ocoerente.com.br\/se\/wp-content\/uploads\/2023\/03\/nucas-unicef.jpg","contentUrl":"https:\/\/ocoerente.com.br\/se\/wp-content\/uploads\/2023\/03\/nucas-unicef.jpg","width":1280,"height":639},{"@type":"BreadcrumbList","@id":"https:\/\/ocoerente.com.br\/se\/2023\/03\/08\/adolescentes-propoem-acoes-sobre-mudancas-climaticas-e-alimentacao-saudavel-durante-encontro-do-selo-unicef-em-sergipe\/#breadcrumb","itemListElement":[{"@type":"ListItem","position":1,"name":"In\u00edcio","item":"https:\/\/ocoerente.com.br\/se\/"},{"@type":"ListItem","position":2,"name":"Adolescentes prop\u00f5em a\u00e7\u00f5es sobre mudan\u00e7as clim\u00e1ticas e alimenta\u00e7\u00e3o saud\u00e1vel durante encontro do Selo UNICEF em Sergipe"}]},{"@type":"WebSite","@id":"https:\/\/ocoerente.com.br\/se\/#website","url":"https:\/\/ocoerente.com.br\/se\/","name":"O Coerente","description":"","publisher":{"@id":"https:\/\/ocoerente.com.br\/se\/#\/schema\/person\/cc6bfd9fbca465e23543b0c963d8d037"},"potentialAction":[{"@type":"SearchAction","target":{"@type":"EntryPoint","urlTemplate":"https:\/\/ocoerente.com.br\/se\/?s={search_term_string}"},"query-input":{"@type":"PropertyValueSpecification","valueRequired":true,"valueName":"search_term_string"}}],"inLanguage":"pt-BR"},{"@type":["Person","Organization"],"@id":"https:\/\/ocoerente.com.br\/se\/#\/schema\/person\/cc6bfd9fbca465e23543b0c963d8d037","name":"Reda\u00e7\u00e3o","image":{"@type":"ImageObject","inLanguage":"pt-BR","@id":"https:\/\/ocoerente.com.br\/se\/wp-content\/uploads\/2020\/01\/ocoerente-1.png","url":"https:\/\/ocoerente.com.br\/se\/wp-content\/uploads\/2020\/01\/ocoerente-1.png","contentUrl":"https:\/\/ocoerente.com.br\/se\/wp-content\/uploads\/2020\/01\/ocoerente-1.png","width":50,"height":50,"caption":"Reda\u00e7\u00e3o"},"logo":{"@id":"https:\/\/ocoerente.com.br\/se\/wp-content\/uploads\/2020\/01\/ocoerente-1.png"},"url":"https:\/\/ocoerente.com.br\/se\/author\/vasticlsales\/"}]}},"_links":{"self":[{"href":"https:\/\/ocoerente.com.br\/se\/wp-json\/wp\/v2\/posts\/7424","targetHints":{"allow":["GET"]}}],"collection":[{"href":"https:\/\/ocoerente.com.br\/se\/wp-json\/wp\/v2\/posts"}],"about":[{"href":"https:\/\/ocoerente.com.br\/se\/wp-json\/wp\/v2\/types\/post"}],"author":[{"embeddable":true,"href":"https:\/\/ocoerente.com.br\/se\/wp-json\/wp\/v2\/users\/1"}],"replies":[{"embeddable":true,"href":"https:\/\/ocoerente.com.br\/se\/wp-json\/wp\/v2\/comments?post=7424"}],"version-history":[{"count":1,"href":"https:\/\/ocoerente.com.br\/se\/wp-json\/wp\/v2\/posts\/7424\/revisions"}],"predecessor-version":[{"id":7426,"href":"https:\/\/ocoerente.com.br\/se\/wp-json\/wp\/v2\/posts\/7424\/revisions\/7426"}],"wp:featuredmedia":[{"embeddable":true,"href":"https:\/\/ocoerente.com.br\/se\/wp-json\/wp\/v2\/media\/7427"}],"wp:attachment":[{"href":"https:\/\/ocoerente.com.br\/se\/wp-json\/wp\/v2\/media?parent=7424"}],"wp:term":[{"taxonomy":"category","embeddable":true,"href":"https:\/\/ocoerente.com.br\/se\/wp-json\/wp\/v2\/categories?post=7424"},{"taxonomy":"post_tag","embeddable":true,"href":"https:\/\/ocoerente.com.br\/se\/wp-json\/wp\/v2\/tags?post=7424"}],"curies":[{"name":"wp","href":"https:\/\/api.w.org\/{rel}","templated":true}]}}