{"id":7421,"date":"2023-03-08T19:34:00","date_gmt":"2023-03-08T22:34:00","guid":{"rendered":"https:\/\/ocoerente.com.br\/se\/?p=7421"},"modified":"2023-03-08T19:44:44","modified_gmt":"2023-03-08T22:44:44","slug":"com-alckmin-i","status":"publish","type":"post","link":"https:\/\/ocoerente.com.br\/se\/2023\/03\/08\/com-alckmin-i\/","title":{"rendered":"Senador Rog\u00e9rio Carvalho se re\u00fane com o vice-presidente Geraldo Alckmin"},"content":{"rendered":"\n<p><strong>COM ALCKMIN I<\/strong><\/p>\n\n\n\n<p>O senador Rog\u00e9rio Carvalho (PT\/SE) se reuniu, na tarde desta quarta-feira, 08, com o vice-presidente da Rep\u00fablica e ministro da Ind\u00fastria, Com\u00e9rcio e Servi\u00e7os, Geraldo Alckmin (PSB). Em pauta, projetos e a\u00e7\u00f5es que fomentem o desenvolvimento econ\u00f4mico de Sergipe. O encontro contou com a presen\u00e7a do ex-senador Ant\u00f4nio Carlos Valadares (PSB), do ex-deputado federal Valadares Filho (PSB), e do empres\u00e1rio S\u00e9rgio Gama (MDB).<\/p>\n\n\n\n<p><strong>COM ALCKMIN II<\/strong><\/p>\n\n\n\n<p>\u201cTemos nos empenhado fortemente para continuar contribuindo com o crescimento do nosso estado e com a transforma\u00e7\u00e3o da vida dos sergipanos e sergipanas. O vice-presidente e ministro Alckmin tem sido bastante receptivo com nossas solicita\u00e7\u00f5es e, em breve, devemos ter boas novidades para o nosso estado\u201d, declarou o senador Rog\u00e9rio Carvalho.<\/p>\n\n\n\n<p>Assessoria de Comunica\u00e7\u00e3o<\/p>\n","protected":false},"excerpt":{"rendered":"<p>COM ALCKMIN I O senador Rog\u00e9rio Carvalho (PT\/SE) se reuniu, na tarde desta quarta-feira, 08, com o vice-presidente da Rep\u00fablica e ministro da Ind\u00fastria, Com\u00e9rcio e Servi\u00e7os, Geraldo Alckmin (PSB). Em pauta, projetos e a\u00e7\u00f5es que fomentem o desenvolvimento econ\u00f4mico de Sergipe. O encontro contou com a presen\u00e7a do ex-senador Ant\u00f4nio Carlos Valadares (PSB), do [&hellip;]<\/p>\n","protected":false},"author":1,"featured_media":7422,"comment_status":"closed","ping_status":"closed","sticky":false,"template":"","format":"standard","meta":{"footnotes":""},"categories":[48,53],"tags":[],"class_list":["post-7421","post","type-post","status-publish","format-standard","has-post-thumbnail","hentry","category-brasil","category-destaques"],"yoast_head":"<!-- This site is optimized with the Yoast SEO plugin v27.4 - https:\/\/yoast.com\/product\/yoast-seo-wordpress\/ -->\n<title>Senador Rog\u00e9rio Carvalho se re\u00fane com o vice-presidente Geraldo Alckmin - O Coerente<\/title>\n<meta name=\"robots\" content=\"index, follow, max-snippet:-1, max-image-preview:large, max-video-preview:-1\" \/>\n<link rel=\"canonical\" href=\"https:\/\/ocoerente.com.br\/se\/2023\/03\/08\/com-alckmin-i\/\" \/>\n<meta property=\"og:locale\" content=\"pt_BR\" \/>\n<meta property=\"og:type\" content=\"article\" \/>\n<meta property=\"og:title\" content=\"Senador Rog\u00e9rio Carvalho se re\u00fane com o vice-presidente Geraldo Alckmin - O Coerente\" \/>\n<meta property=\"og:description\" content=\"COM ALCKMIN I O senador Rog\u00e9rio Carvalho (PT\/SE) se reuniu, na tarde desta quarta-feira, 08, com o vice-presidente da Rep\u00fablica e ministro da Ind\u00fastria, Com\u00e9rcio e Servi\u00e7os, Geraldo Alckmin (PSB). Em pauta, projetos e a\u00e7\u00f5es que fomentem o desenvolvimento econ\u00f4mico de Sergipe. O encontro contou com a presen\u00e7a do ex-senador Ant\u00f4nio Carlos Valadares (PSB), do [&hellip;]\" \/>\n<meta property=\"og:url\" content=\"https:\/\/ocoerente.com.br\/se\/2023\/03\/08\/com-alckmin-i\/\" \/>\n<meta property=\"og:site_name\" content=\"O Coerente\" \/>\n<meta property=\"article:published_time\" content=\"2023-03-08T22:34:00+00:00\" \/>\n<meta property=\"article:modified_time\" content=\"2023-03-08T22:44:44+00:00\" \/>\n<meta property=\"og:image\" content=\"https:\/\/ocoerente.com.br\/se\/wp-content\/uploads\/2023\/03\/alcmimmmmm.jpg\" \/>\n\t<meta property=\"og:image:width\" content=\"1600\" \/>\n\t<meta property=\"og:image:height\" content=\"1034\" \/>\n\t<meta property=\"og:image:type\" content=\"image\/jpeg\" \/>\n<meta name=\"author\" content=\"Reda\u00e7\u00e3o\" \/>\n<meta name=\"twitter:card\" content=\"summary_large_image\" \/>\n<meta name=\"twitter:label1\" content=\"Escrito por\" \/>\n\t<meta name=\"twitter:data1\" content=\"Reda\u00e7\u00e3o\" \/>\n\t<meta name=\"twitter:label2\" content=\"Est. tempo de leitura\" \/>\n\t<meta name=\"twitter:data2\" content=\"1 minuto\" \/>\n<script type=\"application\/ld+json\" class=\"yoast-schema-graph\">{\"@context\":\"https:\\\/\\\/schema.org\",\"@graph\":[{\"@type\":\"Article\",\"@id\":\"https:\\\/\\\/ocoerente.com.br\\\/se\\\/2023\\\/03\\\/08\\\/com-alckmin-i\\\/#article\",\"isPartOf\":{\"@id\":\"https:\\\/\\\/ocoerente.com.br\\\/se\\\/2023\\\/03\\\/08\\\/com-alckmin-i\\\/\"},\"author\":{\"name\":\"Reda\u00e7\u00e3o\",\"@id\":\"https:\\\/\\\/ocoerente.com.br\\\/se\\\/#\\\/schema\\\/person\\\/cc6bfd9fbca465e23543b0c963d8d037\"},\"headline\":\"Senador Rog\u00e9rio Carvalho se re\u00fane com o vice-presidente Geraldo Alckmin\",\"datePublished\":\"2023-03-08T22:34:00+00:00\",\"dateModified\":\"2023-03-08T22:44:44+00:00\",\"mainEntityOfPage\":{\"@id\":\"https:\\\/\\\/ocoerente.com.br\\\/se\\\/2023\\\/03\\\/08\\\/com-alckmin-i\\\/\"},\"wordCount\":150,\"publisher\":{\"@id\":\"https:\\\/\\\/ocoerente.com.br\\\/se\\\/#\\\/schema\\\/person\\\/cc6bfd9fbca465e23543b0c963d8d037\"},\"image\":{\"@id\":\"https:\\\/\\\/ocoerente.com.br\\\/se\\\/2023\\\/03\\\/08\\\/com-alckmin-i\\\/#primaryimage\"},\"thumbnailUrl\":\"https:\\\/\\\/ocoerente.com.br\\\/se\\\/wp-content\\\/uploads\\\/2023\\\/03\\\/alcmimmmmm.jpg\",\"articleSection\":[\"Brasil\",\"Destaques\"],\"inLanguage\":\"pt-BR\"},{\"@type\":\"WebPage\",\"@id\":\"https:\\\/\\\/ocoerente.com.br\\\/se\\\/2023\\\/03\\\/08\\\/com-alckmin-i\\\/\",\"url\":\"https:\\\/\\\/ocoerente.com.br\\\/se\\\/2023\\\/03\\\/08\\\/com-alckmin-i\\\/\",\"name\":\"Senador Rog\u00e9rio Carvalho se re\u00fane com o vice-presidente Geraldo Alckmin - O Coerente\",\"isPartOf\":{\"@id\":\"https:\\\/\\\/ocoerente.com.br\\\/se\\\/#website\"},\"primaryImageOfPage\":{\"@id\":\"https:\\\/\\\/ocoerente.com.br\\\/se\\\/2023\\\/03\\\/08\\\/com-alckmin-i\\\/#primaryimage\"},\"image\":{\"@id\":\"https:\\\/\\\/ocoerente.com.br\\\/se\\\/2023\\\/03\\\/08\\\/com-alckmin-i\\\/#primaryimage\"},\"thumbnailUrl\":\"https:\\\/\\\/ocoerente.com.br\\\/se\\\/wp-content\\\/uploads\\\/2023\\\/03\\\/alcmimmmmm.jpg\",\"datePublished\":\"2023-03-08T22:34:00+00:00\",\"dateModified\":\"2023-03-08T22:44:44+00:00\",\"breadcrumb\":{\"@id\":\"https:\\\/\\\/ocoerente.com.br\\\/se\\\/2023\\\/03\\\/08\\\/com-alckmin-i\\\/#breadcrumb\"},\"inLanguage\":\"pt-BR\",\"potentialAction\":[{\"@type\":\"ReadAction\",\"target\":[\"https:\\\/\\\/ocoerente.com.br\\\/se\\\/2023\\\/03\\\/08\\\/com-alckmin-i\\\/\"]}]},{\"@type\":\"ImageObject\",\"inLanguage\":\"pt-BR\",\"@id\":\"https:\\\/\\\/ocoerente.com.br\\\/se\\\/2023\\\/03\\\/08\\\/com-alckmin-i\\\/#primaryimage\",\"url\":\"https:\\\/\\\/ocoerente.com.br\\\/se\\\/wp-content\\\/uploads\\\/2023\\\/03\\\/alcmimmmmm.jpg\",\"contentUrl\":\"https:\\\/\\\/ocoerente.com.br\\\/se\\\/wp-content\\\/uploads\\\/2023\\\/03\\\/alcmimmmmm.jpg\",\"width\":1600,\"height\":1034,\"caption\":\"Foto: Daniel Gomes\\\/Assessoria de Comunica\u00e7\u00e3o\"},{\"@type\":\"BreadcrumbList\",\"@id\":\"https:\\\/\\\/ocoerente.com.br\\\/se\\\/2023\\\/03\\\/08\\\/com-alckmin-i\\\/#breadcrumb\",\"itemListElement\":[{\"@type\":\"ListItem\",\"position\":1,\"name\":\"In\u00edcio\",\"item\":\"https:\\\/\\\/ocoerente.com.br\\\/se\\\/\"},{\"@type\":\"ListItem\",\"position\":2,\"name\":\"Senador Rog\u00e9rio Carvalho se re\u00fane com o vice-presidente Geraldo Alckmin\"}]},{\"@type\":\"WebSite\",\"@id\":\"https:\\\/\\\/ocoerente.com.br\\\/se\\\/#website\",\"url\":\"https:\\\/\\\/ocoerente.com.br\\\/se\\\/\",\"name\":\"O Coerente\",\"description\":\"\",\"publisher\":{\"@id\":\"https:\\\/\\\/ocoerente.com.br\\\/se\\\/#\\\/schema\\\/person\\\/cc6bfd9fbca465e23543b0c963d8d037\"},\"potentialAction\":[{\"@type\":\"SearchAction\",\"target\":{\"@type\":\"EntryPoint\",\"urlTemplate\":\"https:\\\/\\\/ocoerente.com.br\\\/se\\\/?s={search_term_string}\"},\"query-input\":{\"@type\":\"PropertyValueSpecification\",\"valueRequired\":true,\"valueName\":\"search_term_string\"}}],\"inLanguage\":\"pt-BR\"},{\"@type\":[\"Person\",\"Organization\"],\"@id\":\"https:\\\/\\\/ocoerente.com.br\\\/se\\\/#\\\/schema\\\/person\\\/cc6bfd9fbca465e23543b0c963d8d037\",\"name\":\"Reda\u00e7\u00e3o\",\"image\":{\"@type\":\"ImageObject\",\"inLanguage\":\"pt-BR\",\"@id\":\"https:\\\/\\\/ocoerente.com.br\\\/se\\\/wp-content\\\/uploads\\\/2020\\\/01\\\/ocoerente-1.png\",\"url\":\"https:\\\/\\\/ocoerente.com.br\\\/se\\\/wp-content\\\/uploads\\\/2020\\\/01\\\/ocoerente-1.png\",\"contentUrl\":\"https:\\\/\\\/ocoerente.com.br\\\/se\\\/wp-content\\\/uploads\\\/2020\\\/01\\\/ocoerente-1.png\",\"width\":50,\"height\":50,\"caption\":\"Reda\u00e7\u00e3o\"},\"logo\":{\"@id\":\"https:\\\/\\\/ocoerente.com.br\\\/se\\\/wp-content\\\/uploads\\\/2020\\\/01\\\/ocoerente-1.png\"},\"url\":\"https:\\\/\\\/ocoerente.com.br\\\/se\\\/author\\\/vasticlsales\\\/\"}]}<\/script>\n<!-- \/ Yoast SEO plugin. -->","yoast_head_json":{"title":"Senador Rog\u00e9rio Carvalho se re\u00fane com o vice-presidente Geraldo Alckmin - O Coerente","robots":{"index":"index","follow":"follow","max-snippet":"max-snippet:-1","max-image-preview":"max-image-preview:large","max-video-preview":"max-video-preview:-1"},"canonical":"https:\/\/ocoerente.com.br\/se\/2023\/03\/08\/com-alckmin-i\/","og_locale":"pt_BR","og_type":"article","og_title":"Senador Rog\u00e9rio Carvalho se re\u00fane com o vice-presidente Geraldo Alckmin - O Coerente","og_description":"COM ALCKMIN I O senador Rog\u00e9rio Carvalho (PT\/SE) se reuniu, na tarde desta quarta-feira, 08, com o vice-presidente da Rep\u00fablica e ministro da Ind\u00fastria, Com\u00e9rcio e Servi\u00e7os, Geraldo Alckmin (PSB). Em pauta, projetos e a\u00e7\u00f5es que fomentem o desenvolvimento econ\u00f4mico de Sergipe. O encontro contou com a presen\u00e7a do ex-senador Ant\u00f4nio Carlos Valadares (PSB), do [&hellip;]","og_url":"https:\/\/ocoerente.com.br\/se\/2023\/03\/08\/com-alckmin-i\/","og_site_name":"O Coerente","article_published_time":"2023-03-08T22:34:00+00:00","article_modified_time":"2023-03-08T22:44:44+00:00","og_image":[{"width":1600,"height":1034,"url":"https:\/\/ocoerente.com.br\/se\/wp-content\/uploads\/2023\/03\/alcmimmmmm.jpg","type":"image\/jpeg"}],"author":"Reda\u00e7\u00e3o","twitter_card":"summary_large_image","twitter_misc":{"Escrito por":"Reda\u00e7\u00e3o","Est. tempo de leitura":"1 minuto"},"schema":{"@context":"https:\/\/schema.org","@graph":[{"@type":"Article","@id":"https:\/\/ocoerente.com.br\/se\/2023\/03\/08\/com-alckmin-i\/#article","isPartOf":{"@id":"https:\/\/ocoerente.com.br\/se\/2023\/03\/08\/com-alckmin-i\/"},"author":{"name":"Reda\u00e7\u00e3o","@id":"https:\/\/ocoerente.com.br\/se\/#\/schema\/person\/cc6bfd9fbca465e23543b0c963d8d037"},"headline":"Senador Rog\u00e9rio Carvalho se re\u00fane com o vice-presidente Geraldo Alckmin","datePublished":"2023-03-08T22:34:00+00:00","dateModified":"2023-03-08T22:44:44+00:00","mainEntityOfPage":{"@id":"https:\/\/ocoerente.com.br\/se\/2023\/03\/08\/com-alckmin-i\/"},"wordCount":150,"publisher":{"@id":"https:\/\/ocoerente.com.br\/se\/#\/schema\/person\/cc6bfd9fbca465e23543b0c963d8d037"},"image":{"@id":"https:\/\/ocoerente.com.br\/se\/2023\/03\/08\/com-alckmin-i\/#primaryimage"},"thumbnailUrl":"https:\/\/ocoerente.com.br\/se\/wp-content\/uploads\/2023\/03\/alcmimmmmm.jpg","articleSection":["Brasil","Destaques"],"inLanguage":"pt-BR"},{"@type":"WebPage","@id":"https:\/\/ocoerente.com.br\/se\/2023\/03\/08\/com-alckmin-i\/","url":"https:\/\/ocoerente.com.br\/se\/2023\/03\/08\/com-alckmin-i\/","name":"Senador Rog\u00e9rio Carvalho se re\u00fane com o vice-presidente Geraldo Alckmin - O Coerente","isPartOf":{"@id":"https:\/\/ocoerente.com.br\/se\/#website"},"primaryImageOfPage":{"@id":"https:\/\/ocoerente.com.br\/se\/2023\/03\/08\/com-alckmin-i\/#primaryimage"},"image":{"@id":"https:\/\/ocoerente.com.br\/se\/2023\/03\/08\/com-alckmin-i\/#primaryimage"},"thumbnailUrl":"https:\/\/ocoerente.com.br\/se\/wp-content\/uploads\/2023\/03\/alcmimmmmm.jpg","datePublished":"2023-03-08T22:34:00+00:00","dateModified":"2023-03-08T22:44:44+00:00","breadcrumb":{"@id":"https:\/\/ocoerente.com.br\/se\/2023\/03\/08\/com-alckmin-i\/#breadcrumb"},"inLanguage":"pt-BR","potentialAction":[{"@type":"ReadAction","target":["https:\/\/ocoerente.com.br\/se\/2023\/03\/08\/com-alckmin-i\/"]}]},{"@type":"ImageObject","inLanguage":"pt-BR","@id":"https:\/\/ocoerente.com.br\/se\/2023\/03\/08\/com-alckmin-i\/#primaryimage","url":"https:\/\/ocoerente.com.br\/se\/wp-content\/uploads\/2023\/03\/alcmimmmmm.jpg","contentUrl":"https:\/\/ocoerente.com.br\/se\/wp-content\/uploads\/2023\/03\/alcmimmmmm.jpg","width":1600,"height":1034,"caption":"Foto: Daniel Gomes\/Assessoria de Comunica\u00e7\u00e3o"},{"@type":"BreadcrumbList","@id":"https:\/\/ocoerente.com.br\/se\/2023\/03\/08\/com-alckmin-i\/#breadcrumb","itemListElement":[{"@type":"ListItem","position":1,"name":"In\u00edcio","item":"https:\/\/ocoerente.com.br\/se\/"},{"@type":"ListItem","position":2,"name":"Senador Rog\u00e9rio Carvalho se re\u00fane com o vice-presidente Geraldo Alckmin"}]},{"@type":"WebSite","@id":"https:\/\/ocoerente.com.br\/se\/#website","url":"https:\/\/ocoerente.com.br\/se\/","name":"O Coerente","description":"","publisher":{"@id":"https:\/\/ocoerente.com.br\/se\/#\/schema\/person\/cc6bfd9fbca465e23543b0c963d8d037"},"potentialAction":[{"@type":"SearchAction","target":{"@type":"EntryPoint","urlTemplate":"https:\/\/ocoerente.com.br\/se\/?s={search_term_string}"},"query-input":{"@type":"PropertyValueSpecification","valueRequired":true,"valueName":"search_term_string"}}],"inLanguage":"pt-BR"},{"@type":["Person","Organization"],"@id":"https:\/\/ocoerente.com.br\/se\/#\/schema\/person\/cc6bfd9fbca465e23543b0c963d8d037","name":"Reda\u00e7\u00e3o","image":{"@type":"ImageObject","inLanguage":"pt-BR","@id":"https:\/\/ocoerente.com.br\/se\/wp-content\/uploads\/2020\/01\/ocoerente-1.png","url":"https:\/\/ocoerente.com.br\/se\/wp-content\/uploads\/2020\/01\/ocoerente-1.png","contentUrl":"https:\/\/ocoerente.com.br\/se\/wp-content\/uploads\/2020\/01\/ocoerente-1.png","width":50,"height":50,"caption":"Reda\u00e7\u00e3o"},"logo":{"@id":"https:\/\/ocoerente.com.br\/se\/wp-content\/uploads\/2020\/01\/ocoerente-1.png"},"url":"https:\/\/ocoerente.com.br\/se\/author\/vasticlsales\/"}]}},"_links":{"self":[{"href":"https:\/\/ocoerente.com.br\/se\/wp-json\/wp\/v2\/posts\/7421","targetHints":{"allow":["GET"]}}],"collection":[{"href":"https:\/\/ocoerente.com.br\/se\/wp-json\/wp\/v2\/posts"}],"about":[{"href":"https:\/\/ocoerente.com.br\/se\/wp-json\/wp\/v2\/types\/post"}],"author":[{"embeddable":true,"href":"https:\/\/ocoerente.com.br\/se\/wp-json\/wp\/v2\/users\/1"}],"replies":[{"embeddable":true,"href":"https:\/\/ocoerente.com.br\/se\/wp-json\/wp\/v2\/comments?post=7421"}],"version-history":[{"count":3,"href":"https:\/\/ocoerente.com.br\/se\/wp-json\/wp\/v2\/posts\/7421\/revisions"}],"predecessor-version":[{"id":7430,"href":"https:\/\/ocoerente.com.br\/se\/wp-json\/wp\/v2\/posts\/7421\/revisions\/7430"}],"wp:featuredmedia":[{"embeddable":true,"href":"https:\/\/ocoerente.com.br\/se\/wp-json\/wp\/v2\/media\/7422"}],"wp:attachment":[{"href":"https:\/\/ocoerente.com.br\/se\/wp-json\/wp\/v2\/media?parent=7421"}],"wp:term":[{"taxonomy":"category","embeddable":true,"href":"https:\/\/ocoerente.com.br\/se\/wp-json\/wp\/v2\/categories?post=7421"},{"taxonomy":"post_tag","embeddable":true,"href":"https:\/\/ocoerente.com.br\/se\/wp-json\/wp\/v2\/tags?post=7421"}],"curies":[{"name":"wp","href":"https:\/\/api.w.org\/{rel}","templated":true}]}}