{"id":7418,"date":"2023-03-08T19:29:32","date_gmt":"2023-03-08T22:29:32","guid":{"rendered":"https:\/\/ocoerente.com.br\/se\/?p=7418"},"modified":"2023-03-08T19:29:33","modified_gmt":"2023-03-08T22:29:33","slug":"dia-da-mulher-fundat-homenageia-servidoras-e-cidadas-aracajuanas","status":"publish","type":"post","link":"https:\/\/ocoerente.com.br\/se\/2023\/03\/08\/dia-da-mulher-fundat-homenageia-servidoras-e-cidadas-aracajuanas\/","title":{"rendered":"Dia da Mulher: Fundat homenageia servidoras e cidad\u00e3s aracajuanas"},"content":{"rendered":"\n<p>Nesta quarta-feira, 8, Dia Internacional da Mulher, a Funda\u00e7\u00e3o de Forma\u00e7\u00e3o para o Trabalho promoveu uma edi\u00e7\u00e3o especial do Fundat Comemora, a\u00e7\u00e3o realizada mensalmente para&nbsp; apresentar um balan\u00e7o das atividades e servi\u00e7os ofertados pelo \u00f3rg\u00e3o \u00e0 popula\u00e7\u00e3o aracajuana.<\/p>\n\n\n\n<p>O evento, realizado no audit\u00f3rio da Escola do Legislativo (Elese), contou com participa\u00e7\u00e3o do m\u00e9dico Almir Santana e da assistente social Joelma Andrade, que palestraram sobre sa\u00fade e seguran\u00e7a da mulher, respectivamente.<\/p>\n\n\n\n<p>Nesta edi\u00e7\u00e3o o foco foram os atendimentos prestados \u00e0s mulheres aracajuanas, que se destacaram na procura dos servi\u00e7os ofertados pela Fundat. Entre os meses de janeiro e fevereiro, a Funda\u00e7\u00e3o ofertou 300 vagas em cursos e oficinas de qualifica\u00e7\u00e3o profissional, capacitando 133 mulheres.&nbsp;<\/p>\n\n\n\n<p>A procura do p\u00fablico feminino tamb\u00e9m foi grande no cadastramento de curr\u00edculos e de oportunidades de emprego; dos 36.009 novos curr\u00edculos cadastrados, 21.551 deles foram de mulheres.<\/p>\n\n\n\n<p>Nos dois primeiros meses do ano a Fundat destacou-se, tamb\u00e9m, na capta\u00e7\u00e3o de novos postos de trabalho, garantindo 181 oportunidades de emprego junto \u00e0s empresas locais. Nesse mesmo per\u00edodo, 710 pessoas foram encaminhadas para as entrevistas de emprego, preenchendo 50 vagas com candidatos cadastrados previamente na Fundat, sendo 32 mulheres.&nbsp;<\/p>\n\n\n\n<p>Mas as aracajuanas n\u00e3o buscam apenas a sua recoloca\u00e7\u00e3o no mercado de trabalho atrav\u00e9s de vagas, elas buscam tamb\u00e9m a liberdade proporcionada pelo empreendedorismo, como fica evidente na procura delas para a abertura dos cadastros como Microempreendedores Individuais (MEI), pois das 24 novas formaliza\u00e7\u00f5es realizadas, 11 foram de empreendedoras femininas.&nbsp;<\/p>\n\n\n\n<p>A emiss\u00e3o de RG, seja primeira ou segunda via, \u00e9 um dos servi\u00e7os mais procurados, e em janeiro e fevereiro 1.349 unidades foram disponibilizadas para os cidad\u00e3os de forma gratuita. \u201cEsses n\u00fameros mostram a dedica\u00e7\u00e3o dos servidores da Fundat em fazer sempre mais e melhor. Nossa miss\u00e3o \u00e9 essa. Sou muito feliz e grata por contar com tantas mulheres e homens dedicados, pois cada um deles entende a import\u00e2ncia da capacita\u00e7\u00e3o e oferta de oportunidades para transformar a vida das pessoas\u201d, declara a presidente da Fundat, Edivaneide Lima.&nbsp;<\/p>\n\n\n\n<p><strong>Dia da Mulher<\/strong><\/p>\n\n\n\n<p>E aproveitando as festividades pelos excelentes n\u00fameros alcan\u00e7ados, a presidente organizou uma s\u00e9rie de palestras e homenagens para as servidoras que diariamente se dedicam a levar mais qualifica\u00e7\u00e3o e transforma\u00e7\u00e3o para os aracajuanos.<\/p>\n\n\n\n<p>A edi\u00e7\u00e3o especial do Fundat Comemora contou com a participa\u00e7\u00e3o da Assistente Social Joelma Andrade, que falou sobre os direitos da Mulher, e do m\u00e9dico Almir Santana, que apresentou dicas e dados sobre a sa\u00fade sexual e qualidade de vida das mulheres.<\/p>\n\n\n\n<p>\u201cPrecisamos desses momentos junto aos colaboradores para exaltar o trabalho deles, pois \u00e9 gra\u00e7as a essa dedica\u00e7\u00e3o que conseguimos avan\u00e7ar. Al\u00e9m disso, aproveitamos a oportunidade para homenagear as mulheres e trazer informa\u00e7\u00f5es sobre os seus direitos e a sua sa\u00fade. Esse momento \u00e9 essencial, tanto para n\u00f3s mulheres nos conhecermos melhor, quanto para termos a oportunidade de educar os homens das nossas vidas, pois \u00e9 s\u00f3 com conhecimento e amor que conseguimos mudar o mundo para melhor\u201d, afirmou Edivaneide.\u00a0<\/p>\n\n\n\n<p>AAN<\/p>\n","protected":false},"excerpt":{"rendered":"<p>Nesta quarta-feira, 8, Dia Internacional da Mulher, a Funda\u00e7\u00e3o de Forma\u00e7\u00e3o para o Trabalho promoveu uma edi\u00e7\u00e3o especial do Fundat Comemora, a\u00e7\u00e3o realizada mensalmente para&nbsp; apresentar um balan\u00e7o das atividades e servi\u00e7os ofertados pelo \u00f3rg\u00e3o \u00e0 popula\u00e7\u00e3o aracajuana. O evento, realizado no audit\u00f3rio da Escola do Legislativo (Elese), contou com participa\u00e7\u00e3o do m\u00e9dico Almir Santana [&hellip;]<\/p>\n","protected":false},"author":1,"featured_media":7419,"comment_status":"closed","ping_status":"closed","sticky":false,"template":"","format":"standard","meta":{"footnotes":""},"categories":[53,43],"tags":[],"class_list":["post-7418","post","type-post","status-publish","format-standard","has-post-thumbnail","hentry","category-destaques","category-sergipe"],"yoast_head":"<!-- This site is optimized with the Yoast SEO plugin v27.4 - https:\/\/yoast.com\/product\/yoast-seo-wordpress\/ -->\n<title>Dia da Mulher: Fundat homenageia servidoras e cidad\u00e3s aracajuanas - O Coerente<\/title>\n<meta name=\"robots\" content=\"index, follow, max-snippet:-1, max-image-preview:large, max-video-preview:-1\" \/>\n<link rel=\"canonical\" href=\"https:\/\/ocoerente.com.br\/se\/2023\/03\/08\/dia-da-mulher-fundat-homenageia-servidoras-e-cidadas-aracajuanas\/\" \/>\n<meta property=\"og:locale\" content=\"pt_BR\" \/>\n<meta property=\"og:type\" content=\"article\" \/>\n<meta property=\"og:title\" content=\"Dia da Mulher: Fundat homenageia servidoras e cidad\u00e3s aracajuanas - O Coerente\" \/>\n<meta property=\"og:description\" content=\"Nesta quarta-feira, 8, Dia Internacional da Mulher, a Funda\u00e7\u00e3o de Forma\u00e7\u00e3o para o Trabalho promoveu uma edi\u00e7\u00e3o especial do Fundat Comemora, a\u00e7\u00e3o realizada mensalmente para&nbsp; apresentar um balan\u00e7o das atividades e servi\u00e7os ofertados pelo \u00f3rg\u00e3o \u00e0 popula\u00e7\u00e3o aracajuana. O evento, realizado no audit\u00f3rio da Escola do Legislativo (Elese), contou com participa\u00e7\u00e3o do m\u00e9dico Almir Santana [&hellip;]\" \/>\n<meta property=\"og:url\" content=\"https:\/\/ocoerente.com.br\/se\/2023\/03\/08\/dia-da-mulher-fundat-homenageia-servidoras-e-cidadas-aracajuanas\/\" \/>\n<meta property=\"og:site_name\" content=\"O Coerente\" \/>\n<meta property=\"article:published_time\" content=\"2023-03-08T22:29:32+00:00\" \/>\n<meta property=\"article:modified_time\" content=\"2023-03-08T22:29:33+00:00\" \/>\n<meta property=\"og:image\" content=\"https:\/\/ocoerente.com.br\/se\/wp-content\/uploads\/2023\/03\/mulheaju.jpg\" \/>\n\t<meta property=\"og:image:width\" content=\"1024\" \/>\n\t<meta property=\"og:image:height\" content=\"576\" \/>\n\t<meta property=\"og:image:type\" content=\"image\/jpeg\" \/>\n<meta name=\"author\" content=\"Reda\u00e7\u00e3o\" \/>\n<meta name=\"twitter:card\" content=\"summary_large_image\" \/>\n<meta name=\"twitter:label1\" content=\"Escrito por\" \/>\n\t<meta name=\"twitter:data1\" content=\"Reda\u00e7\u00e3o\" \/>\n\t<meta name=\"twitter:label2\" content=\"Est. tempo de leitura\" \/>\n\t<meta name=\"twitter:data2\" content=\"3 minutos\" \/>\n<script type=\"application\/ld+json\" class=\"yoast-schema-graph\">{\"@context\":\"https:\\\/\\\/schema.org\",\"@graph\":[{\"@type\":\"Article\",\"@id\":\"https:\\\/\\\/ocoerente.com.br\\\/se\\\/2023\\\/03\\\/08\\\/dia-da-mulher-fundat-homenageia-servidoras-e-cidadas-aracajuanas\\\/#article\",\"isPartOf\":{\"@id\":\"https:\\\/\\\/ocoerente.com.br\\\/se\\\/2023\\\/03\\\/08\\\/dia-da-mulher-fundat-homenageia-servidoras-e-cidadas-aracajuanas\\\/\"},\"author\":{\"name\":\"Reda\u00e7\u00e3o\",\"@id\":\"https:\\\/\\\/ocoerente.com.br\\\/se\\\/#\\\/schema\\\/person\\\/cc6bfd9fbca465e23543b0c963d8d037\"},\"headline\":\"Dia da Mulher: Fundat homenageia servidoras e cidad\u00e3s aracajuanas\",\"datePublished\":\"2023-03-08T22:29:32+00:00\",\"dateModified\":\"2023-03-08T22:29:33+00:00\",\"mainEntityOfPage\":{\"@id\":\"https:\\\/\\\/ocoerente.com.br\\\/se\\\/2023\\\/03\\\/08\\\/dia-da-mulher-fundat-homenageia-servidoras-e-cidadas-aracajuanas\\\/\"},\"wordCount\":536,\"publisher\":{\"@id\":\"https:\\\/\\\/ocoerente.com.br\\\/se\\\/#\\\/schema\\\/person\\\/cc6bfd9fbca465e23543b0c963d8d037\"},\"image\":{\"@id\":\"https:\\\/\\\/ocoerente.com.br\\\/se\\\/2023\\\/03\\\/08\\\/dia-da-mulher-fundat-homenageia-servidoras-e-cidadas-aracajuanas\\\/#primaryimage\"},\"thumbnailUrl\":\"https:\\\/\\\/ocoerente.com.br\\\/se\\\/wp-content\\\/uploads\\\/2023\\\/03\\\/mulheaju.jpg\",\"articleSection\":[\"Destaques\",\"Sergipe\"],\"inLanguage\":\"pt-BR\"},{\"@type\":\"WebPage\",\"@id\":\"https:\\\/\\\/ocoerente.com.br\\\/se\\\/2023\\\/03\\\/08\\\/dia-da-mulher-fundat-homenageia-servidoras-e-cidadas-aracajuanas\\\/\",\"url\":\"https:\\\/\\\/ocoerente.com.br\\\/se\\\/2023\\\/03\\\/08\\\/dia-da-mulher-fundat-homenageia-servidoras-e-cidadas-aracajuanas\\\/\",\"name\":\"Dia da Mulher: Fundat homenageia servidoras e cidad\u00e3s aracajuanas - O Coerente\",\"isPartOf\":{\"@id\":\"https:\\\/\\\/ocoerente.com.br\\\/se\\\/#website\"},\"primaryImageOfPage\":{\"@id\":\"https:\\\/\\\/ocoerente.com.br\\\/se\\\/2023\\\/03\\\/08\\\/dia-da-mulher-fundat-homenageia-servidoras-e-cidadas-aracajuanas\\\/#primaryimage\"},\"image\":{\"@id\":\"https:\\\/\\\/ocoerente.com.br\\\/se\\\/2023\\\/03\\\/08\\\/dia-da-mulher-fundat-homenageia-servidoras-e-cidadas-aracajuanas\\\/#primaryimage\"},\"thumbnailUrl\":\"https:\\\/\\\/ocoerente.com.br\\\/se\\\/wp-content\\\/uploads\\\/2023\\\/03\\\/mulheaju.jpg\",\"datePublished\":\"2023-03-08T22:29:32+00:00\",\"dateModified\":\"2023-03-08T22:29:33+00:00\",\"breadcrumb\":{\"@id\":\"https:\\\/\\\/ocoerente.com.br\\\/se\\\/2023\\\/03\\\/08\\\/dia-da-mulher-fundat-homenageia-servidoras-e-cidadas-aracajuanas\\\/#breadcrumb\"},\"inLanguage\":\"pt-BR\",\"potentialAction\":[{\"@type\":\"ReadAction\",\"target\":[\"https:\\\/\\\/ocoerente.com.br\\\/se\\\/2023\\\/03\\\/08\\\/dia-da-mulher-fundat-homenageia-servidoras-e-cidadas-aracajuanas\\\/\"]}]},{\"@type\":\"ImageObject\",\"inLanguage\":\"pt-BR\",\"@id\":\"https:\\\/\\\/ocoerente.com.br\\\/se\\\/2023\\\/03\\\/08\\\/dia-da-mulher-fundat-homenageia-servidoras-e-cidadas-aracajuanas\\\/#primaryimage\",\"url\":\"https:\\\/\\\/ocoerente.com.br\\\/se\\\/wp-content\\\/uploads\\\/2023\\\/03\\\/mulheaju.jpg\",\"contentUrl\":\"https:\\\/\\\/ocoerente.com.br\\\/se\\\/wp-content\\\/uploads\\\/2023\\\/03\\\/mulheaju.jpg\",\"width\":1024,\"height\":576,\"caption\":\"Fotos: Ascom\\\/Fundat\"},{\"@type\":\"BreadcrumbList\",\"@id\":\"https:\\\/\\\/ocoerente.com.br\\\/se\\\/2023\\\/03\\\/08\\\/dia-da-mulher-fundat-homenageia-servidoras-e-cidadas-aracajuanas\\\/#breadcrumb\",\"itemListElement\":[{\"@type\":\"ListItem\",\"position\":1,\"name\":\"In\u00edcio\",\"item\":\"https:\\\/\\\/ocoerente.com.br\\\/se\\\/\"},{\"@type\":\"ListItem\",\"position\":2,\"name\":\"Dia da Mulher: Fundat homenageia servidoras e cidad\u00e3s aracajuanas\"}]},{\"@type\":\"WebSite\",\"@id\":\"https:\\\/\\\/ocoerente.com.br\\\/se\\\/#website\",\"url\":\"https:\\\/\\\/ocoerente.com.br\\\/se\\\/\",\"name\":\"O Coerente\",\"description\":\"\",\"publisher\":{\"@id\":\"https:\\\/\\\/ocoerente.com.br\\\/se\\\/#\\\/schema\\\/person\\\/cc6bfd9fbca465e23543b0c963d8d037\"},\"potentialAction\":[{\"@type\":\"SearchAction\",\"target\":{\"@type\":\"EntryPoint\",\"urlTemplate\":\"https:\\\/\\\/ocoerente.com.br\\\/se\\\/?s={search_term_string}\"},\"query-input\":{\"@type\":\"PropertyValueSpecification\",\"valueRequired\":true,\"valueName\":\"search_term_string\"}}],\"inLanguage\":\"pt-BR\"},{\"@type\":[\"Person\",\"Organization\"],\"@id\":\"https:\\\/\\\/ocoerente.com.br\\\/se\\\/#\\\/schema\\\/person\\\/cc6bfd9fbca465e23543b0c963d8d037\",\"name\":\"Reda\u00e7\u00e3o\",\"image\":{\"@type\":\"ImageObject\",\"inLanguage\":\"pt-BR\",\"@id\":\"https:\\\/\\\/ocoerente.com.br\\\/se\\\/wp-content\\\/uploads\\\/2020\\\/01\\\/ocoerente-1.png\",\"url\":\"https:\\\/\\\/ocoerente.com.br\\\/se\\\/wp-content\\\/uploads\\\/2020\\\/01\\\/ocoerente-1.png\",\"contentUrl\":\"https:\\\/\\\/ocoerente.com.br\\\/se\\\/wp-content\\\/uploads\\\/2020\\\/01\\\/ocoerente-1.png\",\"width\":50,\"height\":50,\"caption\":\"Reda\u00e7\u00e3o\"},\"logo\":{\"@id\":\"https:\\\/\\\/ocoerente.com.br\\\/se\\\/wp-content\\\/uploads\\\/2020\\\/01\\\/ocoerente-1.png\"},\"url\":\"https:\\\/\\\/ocoerente.com.br\\\/se\\\/author\\\/vasticlsales\\\/\"}]}<\/script>\n<!-- \/ Yoast SEO plugin. -->","yoast_head_json":{"title":"Dia da Mulher: Fundat homenageia servidoras e cidad\u00e3s aracajuanas - O Coerente","robots":{"index":"index","follow":"follow","max-snippet":"max-snippet:-1","max-image-preview":"max-image-preview:large","max-video-preview":"max-video-preview:-1"},"canonical":"https:\/\/ocoerente.com.br\/se\/2023\/03\/08\/dia-da-mulher-fundat-homenageia-servidoras-e-cidadas-aracajuanas\/","og_locale":"pt_BR","og_type":"article","og_title":"Dia da Mulher: Fundat homenageia servidoras e cidad\u00e3s aracajuanas - O Coerente","og_description":"Nesta quarta-feira, 8, Dia Internacional da Mulher, a Funda\u00e7\u00e3o de Forma\u00e7\u00e3o para o Trabalho promoveu uma edi\u00e7\u00e3o especial do Fundat Comemora, a\u00e7\u00e3o realizada mensalmente para&nbsp; apresentar um balan\u00e7o das atividades e servi\u00e7os ofertados pelo \u00f3rg\u00e3o \u00e0 popula\u00e7\u00e3o aracajuana. O evento, realizado no audit\u00f3rio da Escola do Legislativo (Elese), contou com participa\u00e7\u00e3o do m\u00e9dico Almir Santana [&hellip;]","og_url":"https:\/\/ocoerente.com.br\/se\/2023\/03\/08\/dia-da-mulher-fundat-homenageia-servidoras-e-cidadas-aracajuanas\/","og_site_name":"O Coerente","article_published_time":"2023-03-08T22:29:32+00:00","article_modified_time":"2023-03-08T22:29:33+00:00","og_image":[{"width":1024,"height":576,"url":"https:\/\/ocoerente.com.br\/se\/wp-content\/uploads\/2023\/03\/mulheaju.jpg","type":"image\/jpeg"}],"author":"Reda\u00e7\u00e3o","twitter_card":"summary_large_image","twitter_misc":{"Escrito por":"Reda\u00e7\u00e3o","Est. tempo de leitura":"3 minutos"},"schema":{"@context":"https:\/\/schema.org","@graph":[{"@type":"Article","@id":"https:\/\/ocoerente.com.br\/se\/2023\/03\/08\/dia-da-mulher-fundat-homenageia-servidoras-e-cidadas-aracajuanas\/#article","isPartOf":{"@id":"https:\/\/ocoerente.com.br\/se\/2023\/03\/08\/dia-da-mulher-fundat-homenageia-servidoras-e-cidadas-aracajuanas\/"},"author":{"name":"Reda\u00e7\u00e3o","@id":"https:\/\/ocoerente.com.br\/se\/#\/schema\/person\/cc6bfd9fbca465e23543b0c963d8d037"},"headline":"Dia da Mulher: Fundat homenageia servidoras e cidad\u00e3s aracajuanas","datePublished":"2023-03-08T22:29:32+00:00","dateModified":"2023-03-08T22:29:33+00:00","mainEntityOfPage":{"@id":"https:\/\/ocoerente.com.br\/se\/2023\/03\/08\/dia-da-mulher-fundat-homenageia-servidoras-e-cidadas-aracajuanas\/"},"wordCount":536,"publisher":{"@id":"https:\/\/ocoerente.com.br\/se\/#\/schema\/person\/cc6bfd9fbca465e23543b0c963d8d037"},"image":{"@id":"https:\/\/ocoerente.com.br\/se\/2023\/03\/08\/dia-da-mulher-fundat-homenageia-servidoras-e-cidadas-aracajuanas\/#primaryimage"},"thumbnailUrl":"https:\/\/ocoerente.com.br\/se\/wp-content\/uploads\/2023\/03\/mulheaju.jpg","articleSection":["Destaques","Sergipe"],"inLanguage":"pt-BR"},{"@type":"WebPage","@id":"https:\/\/ocoerente.com.br\/se\/2023\/03\/08\/dia-da-mulher-fundat-homenageia-servidoras-e-cidadas-aracajuanas\/","url":"https:\/\/ocoerente.com.br\/se\/2023\/03\/08\/dia-da-mulher-fundat-homenageia-servidoras-e-cidadas-aracajuanas\/","name":"Dia da Mulher: Fundat homenageia servidoras e cidad\u00e3s aracajuanas - O Coerente","isPartOf":{"@id":"https:\/\/ocoerente.com.br\/se\/#website"},"primaryImageOfPage":{"@id":"https:\/\/ocoerente.com.br\/se\/2023\/03\/08\/dia-da-mulher-fundat-homenageia-servidoras-e-cidadas-aracajuanas\/#primaryimage"},"image":{"@id":"https:\/\/ocoerente.com.br\/se\/2023\/03\/08\/dia-da-mulher-fundat-homenageia-servidoras-e-cidadas-aracajuanas\/#primaryimage"},"thumbnailUrl":"https:\/\/ocoerente.com.br\/se\/wp-content\/uploads\/2023\/03\/mulheaju.jpg","datePublished":"2023-03-08T22:29:32+00:00","dateModified":"2023-03-08T22:29:33+00:00","breadcrumb":{"@id":"https:\/\/ocoerente.com.br\/se\/2023\/03\/08\/dia-da-mulher-fundat-homenageia-servidoras-e-cidadas-aracajuanas\/#breadcrumb"},"inLanguage":"pt-BR","potentialAction":[{"@type":"ReadAction","target":["https:\/\/ocoerente.com.br\/se\/2023\/03\/08\/dia-da-mulher-fundat-homenageia-servidoras-e-cidadas-aracajuanas\/"]}]},{"@type":"ImageObject","inLanguage":"pt-BR","@id":"https:\/\/ocoerente.com.br\/se\/2023\/03\/08\/dia-da-mulher-fundat-homenageia-servidoras-e-cidadas-aracajuanas\/#primaryimage","url":"https:\/\/ocoerente.com.br\/se\/wp-content\/uploads\/2023\/03\/mulheaju.jpg","contentUrl":"https:\/\/ocoerente.com.br\/se\/wp-content\/uploads\/2023\/03\/mulheaju.jpg","width":1024,"height":576,"caption":"Fotos: Ascom\/Fundat"},{"@type":"BreadcrumbList","@id":"https:\/\/ocoerente.com.br\/se\/2023\/03\/08\/dia-da-mulher-fundat-homenageia-servidoras-e-cidadas-aracajuanas\/#breadcrumb","itemListElement":[{"@type":"ListItem","position":1,"name":"In\u00edcio","item":"https:\/\/ocoerente.com.br\/se\/"},{"@type":"ListItem","position":2,"name":"Dia da Mulher: Fundat homenageia servidoras e cidad\u00e3s aracajuanas"}]},{"@type":"WebSite","@id":"https:\/\/ocoerente.com.br\/se\/#website","url":"https:\/\/ocoerente.com.br\/se\/","name":"O Coerente","description":"","publisher":{"@id":"https:\/\/ocoerente.com.br\/se\/#\/schema\/person\/cc6bfd9fbca465e23543b0c963d8d037"},"potentialAction":[{"@type":"SearchAction","target":{"@type":"EntryPoint","urlTemplate":"https:\/\/ocoerente.com.br\/se\/?s={search_term_string}"},"query-input":{"@type":"PropertyValueSpecification","valueRequired":true,"valueName":"search_term_string"}}],"inLanguage":"pt-BR"},{"@type":["Person","Organization"],"@id":"https:\/\/ocoerente.com.br\/se\/#\/schema\/person\/cc6bfd9fbca465e23543b0c963d8d037","name":"Reda\u00e7\u00e3o","image":{"@type":"ImageObject","inLanguage":"pt-BR","@id":"https:\/\/ocoerente.com.br\/se\/wp-content\/uploads\/2020\/01\/ocoerente-1.png","url":"https:\/\/ocoerente.com.br\/se\/wp-content\/uploads\/2020\/01\/ocoerente-1.png","contentUrl":"https:\/\/ocoerente.com.br\/se\/wp-content\/uploads\/2020\/01\/ocoerente-1.png","width":50,"height":50,"caption":"Reda\u00e7\u00e3o"},"logo":{"@id":"https:\/\/ocoerente.com.br\/se\/wp-content\/uploads\/2020\/01\/ocoerente-1.png"},"url":"https:\/\/ocoerente.com.br\/se\/author\/vasticlsales\/"}]}},"_links":{"self":[{"href":"https:\/\/ocoerente.com.br\/se\/wp-json\/wp\/v2\/posts\/7418","targetHints":{"allow":["GET"]}}],"collection":[{"href":"https:\/\/ocoerente.com.br\/se\/wp-json\/wp\/v2\/posts"}],"about":[{"href":"https:\/\/ocoerente.com.br\/se\/wp-json\/wp\/v2\/types\/post"}],"author":[{"embeddable":true,"href":"https:\/\/ocoerente.com.br\/se\/wp-json\/wp\/v2\/users\/1"}],"replies":[{"embeddable":true,"href":"https:\/\/ocoerente.com.br\/se\/wp-json\/wp\/v2\/comments?post=7418"}],"version-history":[{"count":1,"href":"https:\/\/ocoerente.com.br\/se\/wp-json\/wp\/v2\/posts\/7418\/revisions"}],"predecessor-version":[{"id":7420,"href":"https:\/\/ocoerente.com.br\/se\/wp-json\/wp\/v2\/posts\/7418\/revisions\/7420"}],"wp:featuredmedia":[{"embeddable":true,"href":"https:\/\/ocoerente.com.br\/se\/wp-json\/wp\/v2\/media\/7419"}],"wp:attachment":[{"href":"https:\/\/ocoerente.com.br\/se\/wp-json\/wp\/v2\/media?parent=7418"}],"wp:term":[{"taxonomy":"category","embeddable":true,"href":"https:\/\/ocoerente.com.br\/se\/wp-json\/wp\/v2\/categories?post=7418"},{"taxonomy":"post_tag","embeddable":true,"href":"https:\/\/ocoerente.com.br\/se\/wp-json\/wp\/v2\/tags?post=7418"}],"curies":[{"name":"wp","href":"https:\/\/api.w.org\/{rel}","templated":true}]}}