{"id":7414,"date":"2023-03-08T19:27:17","date_gmt":"2023-03-08T22:27:17","guid":{"rendered":"https:\/\/ocoerente.com.br\/se\/?p=7414"},"modified":"2023-03-08T19:27:31","modified_gmt":"2023-03-08T22:27:31","slug":"no-dia-8-de-marco-governo-de-sergipe-entrega-pacote-de-politicas-publicas-para-mulheres","status":"publish","type":"post","link":"https:\/\/ocoerente.com.br\/se\/2023\/03\/08\/no-dia-8-de-marco-governo-de-sergipe-entrega-pacote-de-politicas-publicas-para-mulheres\/","title":{"rendered":"No dia 8 de mar\u00e7o, Governo de Sergipe entrega pacote de pol\u00edticas p\u00fablicas para mulheres"},"content":{"rendered":"\n<p>Programas v\u00e3o contribuir com o combate \u00e0 viol\u00eancia contra mulher e auxiliar no acesso de sergipanas ao mercado de trabalho<\/p>\n\n\n\n<p>No Dia Internacional da Mulher, comemorado nesta quarta-feira, 8 de mar\u00e7o, o governador do estado, F\u00e1bio Mitidieri, assinou decretos para o lan\u00e7amento de importantes programas e a\u00e7\u00f5es do Governo de Sergipe destinados, especialmente, \u00e0 prote\u00e7\u00e3o e ao combate \u00e0 viol\u00eancia contra mulher, bem como \u00e0 gera\u00e7\u00e3o de emprego e renda. Os projetos ser\u00e3o executados por meio da Secretaria de Pol\u00edticas para as Mulheres (SPM).<\/p>\n\n\n\n<p>Na cerim\u00f4nia, realizada no Audit\u00f3rio da Biblioteca Epif\u00e2nio D\u00f3ria, foram assinados pelo governador os decretos que determinam a cria\u00e7\u00e3o do &#8216;Observat\u00f3rio da Mulher Beatriz Nascimento&#8217;, o &#8216;Selo Empresa Amiga da Mulher&#8217;, al\u00e9m da oficializa\u00e7\u00e3o do &#8216;Programa Cart\u00e3o Mais Inclus\u00e3o &#8211; CMais Mulher&#8217;- e da parceria com a Associa\u00e7\u00e3o Brasileira de Bares e Restaurantes (Abrasel) para o cumprimento da Lei 8.264\/19, que estabelece aos estabelecimentos a obrigatoriedade de adotar medidas de aux\u00edlio \u00e0 mulher que se sinta em situa\u00e7\u00e3o de risco.<\/p>\n\n\n\n<p>A secret\u00e1ria da SPM, Danielle Garcia, apresentou os programas e a\u00e7\u00f5es, destacando a capacidade e dedica\u00e7\u00e3o da pasta em concretiz\u00e1-los. \u201cHoje, \u00e9 um dia festivo para n\u00f3s. Em apenas dois meses e oito dias de gest\u00e3o, o nosso governo j\u00e1 realiza esse ato t\u00e3o importante, que visa tirar mulheres da situa\u00e7\u00e3o de vulnerabilidade. Hoje, tiramos sonhos do papel, que transformar\u00e3o a vida de muitas delas. Vamos trabalhar com dados e evid\u00eancias, iremos al\u00e9m de achismos, e desenvolveremos pol\u00edticas p\u00fablicas baseadas nesses dados. Vamos garantir que nenhuma pol\u00edtica p\u00fablica deixe de lado as mulheres. Ao contr\u00e1rio, precisamos pensar em como tir\u00e1-las da situa\u00e7\u00e3o de extrema pobreza, capacit\u00e1-las e empreg\u00e1-las. Agora \u00e9 a vez das mulheres, o nosso tempo chegou&#8221;.<\/p>\n\n\n\n<p><strong>Pol\u00edticas transversais<\/strong><\/p>\n\n\n\n<p>F\u00e1bio Mitidieri refor\u00e7ou que o foco da atual gest\u00e3o \u00e9 promover pol\u00edticas transversais, por meio da integra\u00e7\u00e3o de todas as secretarias. \u201cEsse \u00e9 o governo das mulheres e trabalhar com essa transversalidade \u00e9 um compromisso que levaremos por todo nosso mandato. Programas como esses geram oportunidades e cada pasta est\u00e1 disposta a atuar em conjunto com a SPM. Eu e minha equipe estamos juntos para fazermos a diferen\u00e7a e mudarmos a realidade da popula\u00e7\u00e3o sergipana, levando em conta os \u00edndices apresentados&#8221;, frisou.<\/p>\n\n\n\n<p>F\u00e1bio tamb\u00e9m destacou que, em seu governo, atos como esse ser\u00e3o realizados n\u00e3o apenas em datas comemorativas, mas durante todo per\u00edodo de sua administra\u00e7\u00e3o. \u201cN\u00e3o tenho medo de desafios porque tenho mulheres e homens ao meu lado em quem confio. Queremos dar dignidade e abrigo para as mulheres em situa\u00e7\u00e3o de vulnerabilidade, vamos agir na origem do problema, que come\u00e7a na base, que \u00e9 a educa\u00e7\u00e3o dos nossos jovens. Precisamos mudar a cultura e a forma como o homem olha para mulher para que a viol\u00eancia jamais seja uma possibilidade\u201d, disse o governador, pontuando o compromisso da gest\u00e3o em oferecer assist\u00eancia social e psicol\u00f3gica nas escolas a fim de contribuir com a redu\u00e7\u00e3o dos \u00edndices de viol\u00eancia.<\/p>\n\n\n\n<p>se.gov.br<\/p>\n","protected":false},"excerpt":{"rendered":"<p>Programas v\u00e3o contribuir com o combate \u00e0 viol\u00eancia contra mulher e auxiliar no acesso de sergipanas ao mercado de trabalho No Dia Internacional da Mulher, comemorado nesta quarta-feira, 8 de mar\u00e7o, o governador do estado, F\u00e1bio Mitidieri, assinou decretos para o lan\u00e7amento de importantes programas e a\u00e7\u00f5es do Governo de Sergipe destinados, especialmente, \u00e0 prote\u00e7\u00e3o [&hellip;]<\/p>\n","protected":false},"author":1,"featured_media":7415,"comment_status":"closed","ping_status":"closed","sticky":false,"template":"","format":"standard","meta":{"footnotes":""},"categories":[53,43],"tags":[],"class_list":["post-7414","post","type-post","status-publish","format-standard","has-post-thumbnail","hentry","category-destaques","category-sergipe"],"yoast_head":"<!-- This site is optimized with the Yoast SEO plugin v27.4 - https:\/\/yoast.com\/product\/yoast-seo-wordpress\/ -->\n<title>No dia 8 de mar\u00e7o, Governo de Sergipe entrega pacote de pol\u00edticas p\u00fablicas para mulheres - O Coerente<\/title>\n<meta name=\"robots\" content=\"index, follow, max-snippet:-1, max-image-preview:large, max-video-preview:-1\" \/>\n<link rel=\"canonical\" href=\"https:\/\/ocoerente.com.br\/se\/2023\/03\/08\/no-dia-8-de-marco-governo-de-sergipe-entrega-pacote-de-politicas-publicas-para-mulheres\/\" \/>\n<meta property=\"og:locale\" content=\"pt_BR\" \/>\n<meta property=\"og:type\" content=\"article\" \/>\n<meta property=\"og:title\" content=\"No dia 8 de mar\u00e7o, Governo de Sergipe entrega pacote de pol\u00edticas p\u00fablicas para mulheres - O Coerente\" \/>\n<meta property=\"og:description\" content=\"Programas v\u00e3o contribuir com o combate \u00e0 viol\u00eancia contra mulher e auxiliar no acesso de sergipanas ao mercado de trabalho No Dia Internacional da Mulher, comemorado nesta quarta-feira, 8 de mar\u00e7o, o governador do estado, F\u00e1bio Mitidieri, assinou decretos para o lan\u00e7amento de importantes programas e a\u00e7\u00f5es do Governo de Sergipe destinados, especialmente, \u00e0 prote\u00e7\u00e3o [&hellip;]\" \/>\n<meta property=\"og:url\" content=\"https:\/\/ocoerente.com.br\/se\/2023\/03\/08\/no-dia-8-de-marco-governo-de-sergipe-entrega-pacote-de-politicas-publicas-para-mulheres\/\" \/>\n<meta property=\"og:site_name\" content=\"O Coerente\" \/>\n<meta property=\"article:published_time\" content=\"2023-03-08T22:27:17+00:00\" \/>\n<meta property=\"article:modified_time\" content=\"2023-03-08T22:27:31+00:00\" \/>\n<meta property=\"og:image\" content=\"https:\/\/ocoerente.com.br\/se\/wp-content\/uploads\/2023\/03\/mitipoltrans.jpg\" \/>\n\t<meta property=\"og:image:width\" content=\"1280\" \/>\n\t<meta property=\"og:image:height\" content=\"854\" \/>\n\t<meta property=\"og:image:type\" content=\"image\/jpeg\" \/>\n<meta name=\"author\" content=\"Reda\u00e7\u00e3o\" \/>\n<meta name=\"twitter:card\" content=\"summary_large_image\" \/>\n<meta name=\"twitter:label1\" content=\"Escrito por\" \/>\n\t<meta name=\"twitter:data1\" content=\"Reda\u00e7\u00e3o\" \/>\n\t<meta name=\"twitter:label2\" content=\"Est. tempo de leitura\" \/>\n\t<meta name=\"twitter:data2\" content=\"3 minutos\" \/>\n<script type=\"application\/ld+json\" class=\"yoast-schema-graph\">{\"@context\":\"https:\\\/\\\/schema.org\",\"@graph\":[{\"@type\":\"Article\",\"@id\":\"https:\\\/\\\/ocoerente.com.br\\\/se\\\/2023\\\/03\\\/08\\\/no-dia-8-de-marco-governo-de-sergipe-entrega-pacote-de-politicas-publicas-para-mulheres\\\/#article\",\"isPartOf\":{\"@id\":\"https:\\\/\\\/ocoerente.com.br\\\/se\\\/2023\\\/03\\\/08\\\/no-dia-8-de-marco-governo-de-sergipe-entrega-pacote-de-politicas-publicas-para-mulheres\\\/\"},\"author\":{\"name\":\"Reda\u00e7\u00e3o\",\"@id\":\"https:\\\/\\\/ocoerente.com.br\\\/se\\\/#\\\/schema\\\/person\\\/cc6bfd9fbca465e23543b0c963d8d037\"},\"headline\":\"No dia 8 de mar\u00e7o, Governo de Sergipe entrega pacote de pol\u00edticas p\u00fablicas para mulheres\",\"datePublished\":\"2023-03-08T22:27:17+00:00\",\"dateModified\":\"2023-03-08T22:27:31+00:00\",\"mainEntityOfPage\":{\"@id\":\"https:\\\/\\\/ocoerente.com.br\\\/se\\\/2023\\\/03\\\/08\\\/no-dia-8-de-marco-governo-de-sergipe-entrega-pacote-de-politicas-publicas-para-mulheres\\\/\"},\"wordCount\":558,\"publisher\":{\"@id\":\"https:\\\/\\\/ocoerente.com.br\\\/se\\\/#\\\/schema\\\/person\\\/cc6bfd9fbca465e23543b0c963d8d037\"},\"image\":{\"@id\":\"https:\\\/\\\/ocoerente.com.br\\\/se\\\/2023\\\/03\\\/08\\\/no-dia-8-de-marco-governo-de-sergipe-entrega-pacote-de-politicas-publicas-para-mulheres\\\/#primaryimage\"},\"thumbnailUrl\":\"https:\\\/\\\/ocoerente.com.br\\\/se\\\/wp-content\\\/uploads\\\/2023\\\/03\\\/mitipoltrans.jpg\",\"articleSection\":[\"Destaques\",\"Sergipe\"],\"inLanguage\":\"pt-BR\"},{\"@type\":\"WebPage\",\"@id\":\"https:\\\/\\\/ocoerente.com.br\\\/se\\\/2023\\\/03\\\/08\\\/no-dia-8-de-marco-governo-de-sergipe-entrega-pacote-de-politicas-publicas-para-mulheres\\\/\",\"url\":\"https:\\\/\\\/ocoerente.com.br\\\/se\\\/2023\\\/03\\\/08\\\/no-dia-8-de-marco-governo-de-sergipe-entrega-pacote-de-politicas-publicas-para-mulheres\\\/\",\"name\":\"No dia 8 de mar\u00e7o, Governo de Sergipe entrega pacote de pol\u00edticas p\u00fablicas para mulheres - O Coerente\",\"isPartOf\":{\"@id\":\"https:\\\/\\\/ocoerente.com.br\\\/se\\\/#website\"},\"primaryImageOfPage\":{\"@id\":\"https:\\\/\\\/ocoerente.com.br\\\/se\\\/2023\\\/03\\\/08\\\/no-dia-8-de-marco-governo-de-sergipe-entrega-pacote-de-politicas-publicas-para-mulheres\\\/#primaryimage\"},\"image\":{\"@id\":\"https:\\\/\\\/ocoerente.com.br\\\/se\\\/2023\\\/03\\\/08\\\/no-dia-8-de-marco-governo-de-sergipe-entrega-pacote-de-politicas-publicas-para-mulheres\\\/#primaryimage\"},\"thumbnailUrl\":\"https:\\\/\\\/ocoerente.com.br\\\/se\\\/wp-content\\\/uploads\\\/2023\\\/03\\\/mitipoltrans.jpg\",\"datePublished\":\"2023-03-08T22:27:17+00:00\",\"dateModified\":\"2023-03-08T22:27:31+00:00\",\"breadcrumb\":{\"@id\":\"https:\\\/\\\/ocoerente.com.br\\\/se\\\/2023\\\/03\\\/08\\\/no-dia-8-de-marco-governo-de-sergipe-entrega-pacote-de-politicas-publicas-para-mulheres\\\/#breadcrumb\"},\"inLanguage\":\"pt-BR\",\"potentialAction\":[{\"@type\":\"ReadAction\",\"target\":[\"https:\\\/\\\/ocoerente.com.br\\\/se\\\/2023\\\/03\\\/08\\\/no-dia-8-de-marco-governo-de-sergipe-entrega-pacote-de-politicas-publicas-para-mulheres\\\/\"]}]},{\"@type\":\"ImageObject\",\"inLanguage\":\"pt-BR\",\"@id\":\"https:\\\/\\\/ocoerente.com.br\\\/se\\\/2023\\\/03\\\/08\\\/no-dia-8-de-marco-governo-de-sergipe-entrega-pacote-de-politicas-publicas-para-mulheres\\\/#primaryimage\",\"url\":\"https:\\\/\\\/ocoerente.com.br\\\/se\\\/wp-content\\\/uploads\\\/2023\\\/03\\\/mitipoltrans.jpg\",\"contentUrl\":\"https:\\\/\\\/ocoerente.com.br\\\/se\\\/wp-content\\\/uploads\\\/2023\\\/03\\\/mitipoltrans.jpg\",\"width\":1280,\"height\":854,\"caption\":\"O CMais Mulher beneficiar\u00e1, por meio de aux\u00edlio financeiro, distribu\u00eddo em seis parcelas no valor de R$ 500,00, mulheres socialmente vulner\u00e1veis em situa\u00e7\u00e3o de pobreza ou extrema pobreza, v\u00edtimas de viol\u00eancia dom\u00e9stica e familiar \\\/ Foto: Arthur Soares\"},{\"@type\":\"BreadcrumbList\",\"@id\":\"https:\\\/\\\/ocoerente.com.br\\\/se\\\/2023\\\/03\\\/08\\\/no-dia-8-de-marco-governo-de-sergipe-entrega-pacote-de-politicas-publicas-para-mulheres\\\/#breadcrumb\",\"itemListElement\":[{\"@type\":\"ListItem\",\"position\":1,\"name\":\"In\u00edcio\",\"item\":\"https:\\\/\\\/ocoerente.com.br\\\/se\\\/\"},{\"@type\":\"ListItem\",\"position\":2,\"name\":\"No dia 8 de mar\u00e7o, Governo de Sergipe entrega pacote de pol\u00edticas p\u00fablicas para mulheres\"}]},{\"@type\":\"WebSite\",\"@id\":\"https:\\\/\\\/ocoerente.com.br\\\/se\\\/#website\",\"url\":\"https:\\\/\\\/ocoerente.com.br\\\/se\\\/\",\"name\":\"O Coerente\",\"description\":\"\",\"publisher\":{\"@id\":\"https:\\\/\\\/ocoerente.com.br\\\/se\\\/#\\\/schema\\\/person\\\/cc6bfd9fbca465e23543b0c963d8d037\"},\"potentialAction\":[{\"@type\":\"SearchAction\",\"target\":{\"@type\":\"EntryPoint\",\"urlTemplate\":\"https:\\\/\\\/ocoerente.com.br\\\/se\\\/?s={search_term_string}\"},\"query-input\":{\"@type\":\"PropertyValueSpecification\",\"valueRequired\":true,\"valueName\":\"search_term_string\"}}],\"inLanguage\":\"pt-BR\"},{\"@type\":[\"Person\",\"Organization\"],\"@id\":\"https:\\\/\\\/ocoerente.com.br\\\/se\\\/#\\\/schema\\\/person\\\/cc6bfd9fbca465e23543b0c963d8d037\",\"name\":\"Reda\u00e7\u00e3o\",\"image\":{\"@type\":\"ImageObject\",\"inLanguage\":\"pt-BR\",\"@id\":\"https:\\\/\\\/ocoerente.com.br\\\/se\\\/wp-content\\\/uploads\\\/2020\\\/01\\\/ocoerente-1.png\",\"url\":\"https:\\\/\\\/ocoerente.com.br\\\/se\\\/wp-content\\\/uploads\\\/2020\\\/01\\\/ocoerente-1.png\",\"contentUrl\":\"https:\\\/\\\/ocoerente.com.br\\\/se\\\/wp-content\\\/uploads\\\/2020\\\/01\\\/ocoerente-1.png\",\"width\":50,\"height\":50,\"caption\":\"Reda\u00e7\u00e3o\"},\"logo\":{\"@id\":\"https:\\\/\\\/ocoerente.com.br\\\/se\\\/wp-content\\\/uploads\\\/2020\\\/01\\\/ocoerente-1.png\"},\"url\":\"https:\\\/\\\/ocoerente.com.br\\\/se\\\/author\\\/vasticlsales\\\/\"}]}<\/script>\n<!-- \/ Yoast SEO plugin. -->","yoast_head_json":{"title":"No dia 8 de mar\u00e7o, Governo de Sergipe entrega pacote de pol\u00edticas p\u00fablicas para mulheres - O Coerente","robots":{"index":"index","follow":"follow","max-snippet":"max-snippet:-1","max-image-preview":"max-image-preview:large","max-video-preview":"max-video-preview:-1"},"canonical":"https:\/\/ocoerente.com.br\/se\/2023\/03\/08\/no-dia-8-de-marco-governo-de-sergipe-entrega-pacote-de-politicas-publicas-para-mulheres\/","og_locale":"pt_BR","og_type":"article","og_title":"No dia 8 de mar\u00e7o, Governo de Sergipe entrega pacote de pol\u00edticas p\u00fablicas para mulheres - O Coerente","og_description":"Programas v\u00e3o contribuir com o combate \u00e0 viol\u00eancia contra mulher e auxiliar no acesso de sergipanas ao mercado de trabalho No Dia Internacional da Mulher, comemorado nesta quarta-feira, 8 de mar\u00e7o, o governador do estado, F\u00e1bio Mitidieri, assinou decretos para o lan\u00e7amento de importantes programas e a\u00e7\u00f5es do Governo de Sergipe destinados, especialmente, \u00e0 prote\u00e7\u00e3o [&hellip;]","og_url":"https:\/\/ocoerente.com.br\/se\/2023\/03\/08\/no-dia-8-de-marco-governo-de-sergipe-entrega-pacote-de-politicas-publicas-para-mulheres\/","og_site_name":"O Coerente","article_published_time":"2023-03-08T22:27:17+00:00","article_modified_time":"2023-03-08T22:27:31+00:00","og_image":[{"width":1280,"height":854,"url":"https:\/\/ocoerente.com.br\/se\/wp-content\/uploads\/2023\/03\/mitipoltrans.jpg","type":"image\/jpeg"}],"author":"Reda\u00e7\u00e3o","twitter_card":"summary_large_image","twitter_misc":{"Escrito por":"Reda\u00e7\u00e3o","Est. tempo de leitura":"3 minutos"},"schema":{"@context":"https:\/\/schema.org","@graph":[{"@type":"Article","@id":"https:\/\/ocoerente.com.br\/se\/2023\/03\/08\/no-dia-8-de-marco-governo-de-sergipe-entrega-pacote-de-politicas-publicas-para-mulheres\/#article","isPartOf":{"@id":"https:\/\/ocoerente.com.br\/se\/2023\/03\/08\/no-dia-8-de-marco-governo-de-sergipe-entrega-pacote-de-politicas-publicas-para-mulheres\/"},"author":{"name":"Reda\u00e7\u00e3o","@id":"https:\/\/ocoerente.com.br\/se\/#\/schema\/person\/cc6bfd9fbca465e23543b0c963d8d037"},"headline":"No dia 8 de mar\u00e7o, Governo de Sergipe entrega pacote de pol\u00edticas p\u00fablicas para mulheres","datePublished":"2023-03-08T22:27:17+00:00","dateModified":"2023-03-08T22:27:31+00:00","mainEntityOfPage":{"@id":"https:\/\/ocoerente.com.br\/se\/2023\/03\/08\/no-dia-8-de-marco-governo-de-sergipe-entrega-pacote-de-politicas-publicas-para-mulheres\/"},"wordCount":558,"publisher":{"@id":"https:\/\/ocoerente.com.br\/se\/#\/schema\/person\/cc6bfd9fbca465e23543b0c963d8d037"},"image":{"@id":"https:\/\/ocoerente.com.br\/se\/2023\/03\/08\/no-dia-8-de-marco-governo-de-sergipe-entrega-pacote-de-politicas-publicas-para-mulheres\/#primaryimage"},"thumbnailUrl":"https:\/\/ocoerente.com.br\/se\/wp-content\/uploads\/2023\/03\/mitipoltrans.jpg","articleSection":["Destaques","Sergipe"],"inLanguage":"pt-BR"},{"@type":"WebPage","@id":"https:\/\/ocoerente.com.br\/se\/2023\/03\/08\/no-dia-8-de-marco-governo-de-sergipe-entrega-pacote-de-politicas-publicas-para-mulheres\/","url":"https:\/\/ocoerente.com.br\/se\/2023\/03\/08\/no-dia-8-de-marco-governo-de-sergipe-entrega-pacote-de-politicas-publicas-para-mulheres\/","name":"No dia 8 de mar\u00e7o, Governo de Sergipe entrega pacote de pol\u00edticas p\u00fablicas para mulheres - O Coerente","isPartOf":{"@id":"https:\/\/ocoerente.com.br\/se\/#website"},"primaryImageOfPage":{"@id":"https:\/\/ocoerente.com.br\/se\/2023\/03\/08\/no-dia-8-de-marco-governo-de-sergipe-entrega-pacote-de-politicas-publicas-para-mulheres\/#primaryimage"},"image":{"@id":"https:\/\/ocoerente.com.br\/se\/2023\/03\/08\/no-dia-8-de-marco-governo-de-sergipe-entrega-pacote-de-politicas-publicas-para-mulheres\/#primaryimage"},"thumbnailUrl":"https:\/\/ocoerente.com.br\/se\/wp-content\/uploads\/2023\/03\/mitipoltrans.jpg","datePublished":"2023-03-08T22:27:17+00:00","dateModified":"2023-03-08T22:27:31+00:00","breadcrumb":{"@id":"https:\/\/ocoerente.com.br\/se\/2023\/03\/08\/no-dia-8-de-marco-governo-de-sergipe-entrega-pacote-de-politicas-publicas-para-mulheres\/#breadcrumb"},"inLanguage":"pt-BR","potentialAction":[{"@type":"ReadAction","target":["https:\/\/ocoerente.com.br\/se\/2023\/03\/08\/no-dia-8-de-marco-governo-de-sergipe-entrega-pacote-de-politicas-publicas-para-mulheres\/"]}]},{"@type":"ImageObject","inLanguage":"pt-BR","@id":"https:\/\/ocoerente.com.br\/se\/2023\/03\/08\/no-dia-8-de-marco-governo-de-sergipe-entrega-pacote-de-politicas-publicas-para-mulheres\/#primaryimage","url":"https:\/\/ocoerente.com.br\/se\/wp-content\/uploads\/2023\/03\/mitipoltrans.jpg","contentUrl":"https:\/\/ocoerente.com.br\/se\/wp-content\/uploads\/2023\/03\/mitipoltrans.jpg","width":1280,"height":854,"caption":"O CMais Mulher beneficiar\u00e1, por meio de aux\u00edlio financeiro, distribu\u00eddo em seis parcelas no valor de R$ 500,00, mulheres socialmente vulner\u00e1veis em situa\u00e7\u00e3o de pobreza ou extrema pobreza, v\u00edtimas de viol\u00eancia dom\u00e9stica e familiar \/ Foto: Arthur Soares"},{"@type":"BreadcrumbList","@id":"https:\/\/ocoerente.com.br\/se\/2023\/03\/08\/no-dia-8-de-marco-governo-de-sergipe-entrega-pacote-de-politicas-publicas-para-mulheres\/#breadcrumb","itemListElement":[{"@type":"ListItem","position":1,"name":"In\u00edcio","item":"https:\/\/ocoerente.com.br\/se\/"},{"@type":"ListItem","position":2,"name":"No dia 8 de mar\u00e7o, Governo de Sergipe entrega pacote de pol\u00edticas p\u00fablicas para mulheres"}]},{"@type":"WebSite","@id":"https:\/\/ocoerente.com.br\/se\/#website","url":"https:\/\/ocoerente.com.br\/se\/","name":"O Coerente","description":"","publisher":{"@id":"https:\/\/ocoerente.com.br\/se\/#\/schema\/person\/cc6bfd9fbca465e23543b0c963d8d037"},"potentialAction":[{"@type":"SearchAction","target":{"@type":"EntryPoint","urlTemplate":"https:\/\/ocoerente.com.br\/se\/?s={search_term_string}"},"query-input":{"@type":"PropertyValueSpecification","valueRequired":true,"valueName":"search_term_string"}}],"inLanguage":"pt-BR"},{"@type":["Person","Organization"],"@id":"https:\/\/ocoerente.com.br\/se\/#\/schema\/person\/cc6bfd9fbca465e23543b0c963d8d037","name":"Reda\u00e7\u00e3o","image":{"@type":"ImageObject","inLanguage":"pt-BR","@id":"https:\/\/ocoerente.com.br\/se\/wp-content\/uploads\/2020\/01\/ocoerente-1.png","url":"https:\/\/ocoerente.com.br\/se\/wp-content\/uploads\/2020\/01\/ocoerente-1.png","contentUrl":"https:\/\/ocoerente.com.br\/se\/wp-content\/uploads\/2020\/01\/ocoerente-1.png","width":50,"height":50,"caption":"Reda\u00e7\u00e3o"},"logo":{"@id":"https:\/\/ocoerente.com.br\/se\/wp-content\/uploads\/2020\/01\/ocoerente-1.png"},"url":"https:\/\/ocoerente.com.br\/se\/author\/vasticlsales\/"}]}},"_links":{"self":[{"href":"https:\/\/ocoerente.com.br\/se\/wp-json\/wp\/v2\/posts\/7414","targetHints":{"allow":["GET"]}}],"collection":[{"href":"https:\/\/ocoerente.com.br\/se\/wp-json\/wp\/v2\/posts"}],"about":[{"href":"https:\/\/ocoerente.com.br\/se\/wp-json\/wp\/v2\/types\/post"}],"author":[{"embeddable":true,"href":"https:\/\/ocoerente.com.br\/se\/wp-json\/wp\/v2\/users\/1"}],"replies":[{"embeddable":true,"href":"https:\/\/ocoerente.com.br\/se\/wp-json\/wp\/v2\/comments?post=7414"}],"version-history":[{"count":2,"href":"https:\/\/ocoerente.com.br\/se\/wp-json\/wp\/v2\/posts\/7414\/revisions"}],"predecessor-version":[{"id":7417,"href":"https:\/\/ocoerente.com.br\/se\/wp-json\/wp\/v2\/posts\/7414\/revisions\/7417"}],"wp:featuredmedia":[{"embeddable":true,"href":"https:\/\/ocoerente.com.br\/se\/wp-json\/wp\/v2\/media\/7415"}],"wp:attachment":[{"href":"https:\/\/ocoerente.com.br\/se\/wp-json\/wp\/v2\/media?parent=7414"}],"wp:term":[{"taxonomy":"category","embeddable":true,"href":"https:\/\/ocoerente.com.br\/se\/wp-json\/wp\/v2\/categories?post=7414"},{"taxonomy":"post_tag","embeddable":true,"href":"https:\/\/ocoerente.com.br\/se\/wp-json\/wp\/v2\/tags?post=7414"}],"curies":[{"name":"wp","href":"https:\/\/api.w.org\/{rel}","templated":true}]}}