{"id":7400,"date":"2023-03-08T19:16:14","date_gmt":"2023-03-08T22:16:14","guid":{"rendered":"https:\/\/ocoerente.com.br\/se\/?p=7400"},"modified":"2023-03-08T19:16:15","modified_gmt":"2023-03-08T22:16:15","slug":"apos-pressao-da-bancada-conservadora-e-evangelica-camara-retira-de-pauta-projeto-de-lei-com-armadilha-abortista","status":"publish","type":"post","link":"https:\/\/ocoerente.com.br\/se\/2023\/03\/08\/apos-pressao-da-bancada-conservadora-e-evangelica-camara-retira-de-pauta-projeto-de-lei-com-armadilha-abortista\/","title":{"rendered":"Ap\u00f3s press\u00e3o da bancada conservadora e evang\u00e9lica, C\u00e2mara retira de pauta projeto de lei com \u2018Armadilha Abortista\u2019"},"content":{"rendered":"\n<p>A Mesa Executiva da C\u00e2mara Federal desistiu de emplacar o Projeto de Lei de N\u00ba 7.559\/2014 que poderia colaborar com a \u2018libera\u00e7\u00e3o\u2019 do aborto no Brasil. Em sua ementa, o PL pede pela institui\u00e7\u00e3o do Fundo Nacional para a Promo\u00e7\u00e3o dos Direitos da Mulher, um programa que autoriza deduzir do imposto de renda devido por pessoas f\u00edsicas e jur\u00eddicas as doa\u00e7\u00f5es efetuadas aos Fundos Municipais, Estaduais e Nacional para a Promo\u00e7\u00e3o dos Direitos da Mulher e d\u00e1 outras provid\u00eancias, como uma forma de, segundo a autora, oferecer investimentos para projetos que visam ajudar mulheres que vivem na exclus\u00e3o social e na viol\u00eancia.<\/p>\n\n\n\n<figure class=\"wp-block-image size-full is-resized\"><img loading=\"lazy\" decoding=\"async\" src=\"https:\/\/ocoerente.com.br\/se\/wp-content\/uploads\/2023\/03\/depppro.jpg\" alt=\"\" class=\"wp-image-7402\" width=\"623\" height=\"416\" srcset=\"https:\/\/ocoerente.com.br\/se\/wp-content\/uploads\/2023\/03\/depppro.jpg 1000w, https:\/\/ocoerente.com.br\/se\/wp-content\/uploads\/2023\/03\/depppro-300x200.jpg 300w, https:\/\/ocoerente.com.br\/se\/wp-content\/uploads\/2023\/03\/depppro-768x512.jpg 768w, https:\/\/ocoerente.com.br\/se\/wp-content\/uploads\/2023\/03\/depppro-750x500.jpg 750w\" sizes=\"auto, (max-width: 623px) 100vw, 623px\" \/><\/figure>\n\n\n\n<p>Depois que a proposta veio \u00e0 tona, antes da sess\u00e3o da \u00faltima ter\u00e7a-feira (07), deputados que fazem parte da bancada conservadora e evang\u00e9lica se pronunciaram em rela\u00e7\u00e3o aos riscos que o projeto traria para a luta contra o aborto. Inquieto, o deputado Rodrigo Valadares, que tamb\u00e9m \u00e9 conservador e evang\u00e9lico, aproveitou a reuni\u00e3o de bancada do Uni\u00e3o Brasil para solicitar aos demais parlamentares do partido que tamb\u00e9m defendem a vida desde a concep\u00e7\u00e3o a votarem contra o PL e se posicionarem diante ao assunto.<\/p>\n\n\n\n<p>\u201cEsse Projeto de Lei vem com um nome bonito, mas \u00e9 \u2018abortoduto\u2019. N\u00e3o existe aborto legal no Brasil, o que existe \u00e9 a excludente de punibilidade, ou seja, o crime acontece, por\u00e9m voc\u00ea n\u00e3o \u00e9 punido por aquilo. Por tanto, acredito que esse seja o momento para a gente do Uni\u00e3o mostrar quem somos, a grande maioria \u00e9 contra ao aborto e eu acho que devemos ser contra a gente se PL tamb\u00e9m\u201d, declarou Rodrigo.<\/p>\n\n\n\n<p>O parlamentar especificou ainda a gravidade maior estaria no primeiro artigo do Projeto de Lei, inciso quinto, em que diz que o resultado de aplica\u00e7\u00f5es poder\u00e1 ser utilizado por governo e organismos estrangeiros e internacionais. Explicando, Rodrigo apontou alguns organismos de fora do Brasil que promovem o aborto.<\/p>\n\n\n\n<p>\u201cEle coloca a possibilidade de organismos estrangeiros e internacionais poderem utilizar esse fundo e a gente sabe quantos destes organismos s\u00e3o aborteiros, como por exemplo a Funda\u00e7\u00e3o George Soros, atrav\u00e9s do Open Society, que no mundo inteiro promove aborto. Mais grave ainda \u00e9 o Planned Parenthood, que o nome \u00e9 muito bonito, na tradu\u00e7\u00e3o diz \u2018planejamento familiar\u2019, mas a gente sabe que \u00e9 mais uma organiza\u00e7\u00e3o aborteira, que inclusive foi envolvida em um esc\u00e2ndalo internacional de venda de \u00f3rg\u00e3os e partes fetais\u201d, pontuou o deputado.<\/p>\n\n\n\n<p>Finalizando, Rodrigo comemorou que o Projeto foi retirado de pauta e fez um alerta a todos. \u201cCom a press\u00e3o de todos os deputados que fazem a bancada conservadora e evang\u00e9lica da C\u00e2mara, felizmente conseguimos a retirada do projeto de pauta, mas ainda assim deixamos aqui o nosso alerta: muito cuidado com esses projetos de nomes bonitos, que parecem ser bons, mas que, na verdade, trazem o que tem de pior na pol\u00edtica. A gente vai ser sempre contra o aborto e a favor da vida\u201d.<\/p>\n\n\n\n<p>Por Assessoria Parlamentar<\/p>\n","protected":false},"excerpt":{"rendered":"<p>A Mesa Executiva da C\u00e2mara Federal desistiu de emplacar o Projeto de Lei de N\u00ba 7.559\/2014 que poderia colaborar com a \u2018libera\u00e7\u00e3o\u2019 do aborto no Brasil. Em sua ementa, o PL pede pela institui\u00e7\u00e3o do Fundo Nacional para a Promo\u00e7\u00e3o dos Direitos da Mulher, um programa que autoriza deduzir do imposto de renda devido por [&hellip;]<\/p>\n","protected":false},"author":1,"featured_media":7401,"comment_status":"closed","ping_status":"closed","sticky":false,"template":"","format":"standard","meta":{"footnotes":""},"categories":[53,44],"tags":[],"class_list":["post-7400","post","type-post","status-publish","format-standard","has-post-thumbnail","hentry","category-destaques","category-politica"],"yoast_head":"<!-- This site is optimized with the Yoast SEO plugin v27.4 - https:\/\/yoast.com\/product\/yoast-seo-wordpress\/ -->\n<title>Ap\u00f3s press\u00e3o da bancada conservadora e evang\u00e9lica, C\u00e2mara retira de pauta projeto de lei com \u2018Armadilha Abortista\u2019 - O Coerente<\/title>\n<meta name=\"robots\" content=\"index, follow, max-snippet:-1, max-image-preview:large, max-video-preview:-1\" \/>\n<link rel=\"canonical\" href=\"https:\/\/ocoerente.com.br\/se\/2023\/03\/08\/apos-pressao-da-bancada-conservadora-e-evangelica-camara-retira-de-pauta-projeto-de-lei-com-armadilha-abortista\/\" \/>\n<meta property=\"og:locale\" content=\"pt_BR\" \/>\n<meta property=\"og:type\" content=\"article\" \/>\n<meta property=\"og:title\" content=\"Ap\u00f3s press\u00e3o da bancada conservadora e evang\u00e9lica, C\u00e2mara retira de pauta projeto de lei com \u2018Armadilha Abortista\u2019 - O Coerente\" \/>\n<meta property=\"og:description\" content=\"A Mesa Executiva da C\u00e2mara Federal desistiu de emplacar o Projeto de Lei de N\u00ba 7.559\/2014 que poderia colaborar com a \u2018libera\u00e7\u00e3o\u2019 do aborto no Brasil. Em sua ementa, o PL pede pela institui\u00e7\u00e3o do Fundo Nacional para a Promo\u00e7\u00e3o dos Direitos da Mulher, um programa que autoriza deduzir do imposto de renda devido por [&hellip;]\" \/>\n<meta property=\"og:url\" content=\"https:\/\/ocoerente.com.br\/se\/2023\/03\/08\/apos-pressao-da-bancada-conservadora-e-evangelica-camara-retira-de-pauta-projeto-de-lei-com-armadilha-abortista\/\" \/>\n<meta property=\"og:site_name\" content=\"O Coerente\" \/>\n<meta property=\"article:published_time\" content=\"2023-03-08T22:16:14+00:00\" \/>\n<meta property=\"article:modified_time\" content=\"2023-03-08T22:16:15+00:00\" \/>\n<meta property=\"og:image\" content=\"https:\/\/ocoerente.com.br\/se\/wp-content\/uploads\/2023\/03\/deprodri.jpg\" \/>\n\t<meta property=\"og:image:width\" content=\"1600\" \/>\n\t<meta property=\"og:image:height\" content=\"1076\" \/>\n\t<meta property=\"og:image:type\" content=\"image\/jpeg\" \/>\n<meta name=\"author\" content=\"Reda\u00e7\u00e3o\" \/>\n<meta name=\"twitter:card\" content=\"summary_large_image\" \/>\n<meta name=\"twitter:label1\" content=\"Escrito por\" \/>\n\t<meta name=\"twitter:data1\" content=\"Reda\u00e7\u00e3o\" \/>\n\t<meta name=\"twitter:label2\" content=\"Est. tempo de leitura\" \/>\n\t<meta name=\"twitter:data2\" content=\"3 minutos\" \/>\n<script type=\"application\/ld+json\" class=\"yoast-schema-graph\">{\"@context\":\"https:\\\/\\\/schema.org\",\"@graph\":[{\"@type\":\"Article\",\"@id\":\"https:\\\/\\\/ocoerente.com.br\\\/se\\\/2023\\\/03\\\/08\\\/apos-pressao-da-bancada-conservadora-e-evangelica-camara-retira-de-pauta-projeto-de-lei-com-armadilha-abortista\\\/#article\",\"isPartOf\":{\"@id\":\"https:\\\/\\\/ocoerente.com.br\\\/se\\\/2023\\\/03\\\/08\\\/apos-pressao-da-bancada-conservadora-e-evangelica-camara-retira-de-pauta-projeto-de-lei-com-armadilha-abortista\\\/\"},\"author\":{\"name\":\"Reda\u00e7\u00e3o\",\"@id\":\"https:\\\/\\\/ocoerente.com.br\\\/se\\\/#\\\/schema\\\/person\\\/cc6bfd9fbca465e23543b0c963d8d037\"},\"headline\":\"Ap\u00f3s press\u00e3o da bancada conservadora e evang\u00e9lica, C\u00e2mara retira de pauta projeto de lei com \u2018Armadilha Abortista\u2019\",\"datePublished\":\"2023-03-08T22:16:14+00:00\",\"dateModified\":\"2023-03-08T22:16:15+00:00\",\"mainEntityOfPage\":{\"@id\":\"https:\\\/\\\/ocoerente.com.br\\\/se\\\/2023\\\/03\\\/08\\\/apos-pressao-da-bancada-conservadora-e-evangelica-camara-retira-de-pauta-projeto-de-lei-com-armadilha-abortista\\\/\"},\"wordCount\":530,\"publisher\":{\"@id\":\"https:\\\/\\\/ocoerente.com.br\\\/se\\\/#\\\/schema\\\/person\\\/cc6bfd9fbca465e23543b0c963d8d037\"},\"image\":{\"@id\":\"https:\\\/\\\/ocoerente.com.br\\\/se\\\/2023\\\/03\\\/08\\\/apos-pressao-da-bancada-conservadora-e-evangelica-camara-retira-de-pauta-projeto-de-lei-com-armadilha-abortista\\\/#primaryimage\"},\"thumbnailUrl\":\"https:\\\/\\\/ocoerente.com.br\\\/se\\\/wp-content\\\/uploads\\\/2023\\\/03\\\/deprodri.jpg\",\"articleSection\":[\"Destaques\",\"Pol\u00edtica\"],\"inLanguage\":\"pt-BR\"},{\"@type\":\"WebPage\",\"@id\":\"https:\\\/\\\/ocoerente.com.br\\\/se\\\/2023\\\/03\\\/08\\\/apos-pressao-da-bancada-conservadora-e-evangelica-camara-retira-de-pauta-projeto-de-lei-com-armadilha-abortista\\\/\",\"url\":\"https:\\\/\\\/ocoerente.com.br\\\/se\\\/2023\\\/03\\\/08\\\/apos-pressao-da-bancada-conservadora-e-evangelica-camara-retira-de-pauta-projeto-de-lei-com-armadilha-abortista\\\/\",\"name\":\"Ap\u00f3s press\u00e3o da bancada conservadora e evang\u00e9lica, C\u00e2mara retira de pauta projeto de lei com \u2018Armadilha Abortista\u2019 - O Coerente\",\"isPartOf\":{\"@id\":\"https:\\\/\\\/ocoerente.com.br\\\/se\\\/#website\"},\"primaryImageOfPage\":{\"@id\":\"https:\\\/\\\/ocoerente.com.br\\\/se\\\/2023\\\/03\\\/08\\\/apos-pressao-da-bancada-conservadora-e-evangelica-camara-retira-de-pauta-projeto-de-lei-com-armadilha-abortista\\\/#primaryimage\"},\"image\":{\"@id\":\"https:\\\/\\\/ocoerente.com.br\\\/se\\\/2023\\\/03\\\/08\\\/apos-pressao-da-bancada-conservadora-e-evangelica-camara-retira-de-pauta-projeto-de-lei-com-armadilha-abortista\\\/#primaryimage\"},\"thumbnailUrl\":\"https:\\\/\\\/ocoerente.com.br\\\/se\\\/wp-content\\\/uploads\\\/2023\\\/03\\\/deprodri.jpg\",\"datePublished\":\"2023-03-08T22:16:14+00:00\",\"dateModified\":\"2023-03-08T22:16:15+00:00\",\"breadcrumb\":{\"@id\":\"https:\\\/\\\/ocoerente.com.br\\\/se\\\/2023\\\/03\\\/08\\\/apos-pressao-da-bancada-conservadora-e-evangelica-camara-retira-de-pauta-projeto-de-lei-com-armadilha-abortista\\\/#breadcrumb\"},\"inLanguage\":\"pt-BR\",\"potentialAction\":[{\"@type\":\"ReadAction\",\"target\":[\"https:\\\/\\\/ocoerente.com.br\\\/se\\\/2023\\\/03\\\/08\\\/apos-pressao-da-bancada-conservadora-e-evangelica-camara-retira-de-pauta-projeto-de-lei-com-armadilha-abortista\\\/\"]}]},{\"@type\":\"ImageObject\",\"inLanguage\":\"pt-BR\",\"@id\":\"https:\\\/\\\/ocoerente.com.br\\\/se\\\/2023\\\/03\\\/08\\\/apos-pressao-da-bancada-conservadora-e-evangelica-camara-retira-de-pauta-projeto-de-lei-com-armadilha-abortista\\\/#primaryimage\",\"url\":\"https:\\\/\\\/ocoerente.com.br\\\/se\\\/wp-content\\\/uploads\\\/2023\\\/03\\\/deprodri.jpg\",\"contentUrl\":\"https:\\\/\\\/ocoerente.com.br\\\/se\\\/wp-content\\\/uploads\\\/2023\\\/03\\\/deprodri.jpg\",\"width\":1600,\"height\":1076},{\"@type\":\"BreadcrumbList\",\"@id\":\"https:\\\/\\\/ocoerente.com.br\\\/se\\\/2023\\\/03\\\/08\\\/apos-pressao-da-bancada-conservadora-e-evangelica-camara-retira-de-pauta-projeto-de-lei-com-armadilha-abortista\\\/#breadcrumb\",\"itemListElement\":[{\"@type\":\"ListItem\",\"position\":1,\"name\":\"In\u00edcio\",\"item\":\"https:\\\/\\\/ocoerente.com.br\\\/se\\\/\"},{\"@type\":\"ListItem\",\"position\":2,\"name\":\"Ap\u00f3s press\u00e3o da bancada conservadora e evang\u00e9lica, C\u00e2mara retira de pauta projeto de lei com \u2018Armadilha Abortista\u2019\"}]},{\"@type\":\"WebSite\",\"@id\":\"https:\\\/\\\/ocoerente.com.br\\\/se\\\/#website\",\"url\":\"https:\\\/\\\/ocoerente.com.br\\\/se\\\/\",\"name\":\"O Coerente\",\"description\":\"\",\"publisher\":{\"@id\":\"https:\\\/\\\/ocoerente.com.br\\\/se\\\/#\\\/schema\\\/person\\\/cc6bfd9fbca465e23543b0c963d8d037\"},\"potentialAction\":[{\"@type\":\"SearchAction\",\"target\":{\"@type\":\"EntryPoint\",\"urlTemplate\":\"https:\\\/\\\/ocoerente.com.br\\\/se\\\/?s={search_term_string}\"},\"query-input\":{\"@type\":\"PropertyValueSpecification\",\"valueRequired\":true,\"valueName\":\"search_term_string\"}}],\"inLanguage\":\"pt-BR\"},{\"@type\":[\"Person\",\"Organization\"],\"@id\":\"https:\\\/\\\/ocoerente.com.br\\\/se\\\/#\\\/schema\\\/person\\\/cc6bfd9fbca465e23543b0c963d8d037\",\"name\":\"Reda\u00e7\u00e3o\",\"image\":{\"@type\":\"ImageObject\",\"inLanguage\":\"pt-BR\",\"@id\":\"https:\\\/\\\/ocoerente.com.br\\\/se\\\/wp-content\\\/uploads\\\/2020\\\/01\\\/ocoerente-1.png\",\"url\":\"https:\\\/\\\/ocoerente.com.br\\\/se\\\/wp-content\\\/uploads\\\/2020\\\/01\\\/ocoerente-1.png\",\"contentUrl\":\"https:\\\/\\\/ocoerente.com.br\\\/se\\\/wp-content\\\/uploads\\\/2020\\\/01\\\/ocoerente-1.png\",\"width\":50,\"height\":50,\"caption\":\"Reda\u00e7\u00e3o\"},\"logo\":{\"@id\":\"https:\\\/\\\/ocoerente.com.br\\\/se\\\/wp-content\\\/uploads\\\/2020\\\/01\\\/ocoerente-1.png\"},\"url\":\"https:\\\/\\\/ocoerente.com.br\\\/se\\\/author\\\/vasticlsales\\\/\"}]}<\/script>\n<!-- \/ Yoast SEO plugin. -->","yoast_head_json":{"title":"Ap\u00f3s press\u00e3o da bancada conservadora e evang\u00e9lica, C\u00e2mara retira de pauta projeto de lei com \u2018Armadilha Abortista\u2019 - O Coerente","robots":{"index":"index","follow":"follow","max-snippet":"max-snippet:-1","max-image-preview":"max-image-preview:large","max-video-preview":"max-video-preview:-1"},"canonical":"https:\/\/ocoerente.com.br\/se\/2023\/03\/08\/apos-pressao-da-bancada-conservadora-e-evangelica-camara-retira-de-pauta-projeto-de-lei-com-armadilha-abortista\/","og_locale":"pt_BR","og_type":"article","og_title":"Ap\u00f3s press\u00e3o da bancada conservadora e evang\u00e9lica, C\u00e2mara retira de pauta projeto de lei com \u2018Armadilha Abortista\u2019 - O Coerente","og_description":"A Mesa Executiva da C\u00e2mara Federal desistiu de emplacar o Projeto de Lei de N\u00ba 7.559\/2014 que poderia colaborar com a \u2018libera\u00e7\u00e3o\u2019 do aborto no Brasil. Em sua ementa, o PL pede pela institui\u00e7\u00e3o do Fundo Nacional para a Promo\u00e7\u00e3o dos Direitos da Mulher, um programa que autoriza deduzir do imposto de renda devido por [&hellip;]","og_url":"https:\/\/ocoerente.com.br\/se\/2023\/03\/08\/apos-pressao-da-bancada-conservadora-e-evangelica-camara-retira-de-pauta-projeto-de-lei-com-armadilha-abortista\/","og_site_name":"O Coerente","article_published_time":"2023-03-08T22:16:14+00:00","article_modified_time":"2023-03-08T22:16:15+00:00","og_image":[{"width":1600,"height":1076,"url":"https:\/\/ocoerente.com.br\/se\/wp-content\/uploads\/2023\/03\/deprodri.jpg","type":"image\/jpeg"}],"author":"Reda\u00e7\u00e3o","twitter_card":"summary_large_image","twitter_misc":{"Escrito por":"Reda\u00e7\u00e3o","Est. tempo de leitura":"3 minutos"},"schema":{"@context":"https:\/\/schema.org","@graph":[{"@type":"Article","@id":"https:\/\/ocoerente.com.br\/se\/2023\/03\/08\/apos-pressao-da-bancada-conservadora-e-evangelica-camara-retira-de-pauta-projeto-de-lei-com-armadilha-abortista\/#article","isPartOf":{"@id":"https:\/\/ocoerente.com.br\/se\/2023\/03\/08\/apos-pressao-da-bancada-conservadora-e-evangelica-camara-retira-de-pauta-projeto-de-lei-com-armadilha-abortista\/"},"author":{"name":"Reda\u00e7\u00e3o","@id":"https:\/\/ocoerente.com.br\/se\/#\/schema\/person\/cc6bfd9fbca465e23543b0c963d8d037"},"headline":"Ap\u00f3s press\u00e3o da bancada conservadora e evang\u00e9lica, C\u00e2mara retira de pauta projeto de lei com \u2018Armadilha Abortista\u2019","datePublished":"2023-03-08T22:16:14+00:00","dateModified":"2023-03-08T22:16:15+00:00","mainEntityOfPage":{"@id":"https:\/\/ocoerente.com.br\/se\/2023\/03\/08\/apos-pressao-da-bancada-conservadora-e-evangelica-camara-retira-de-pauta-projeto-de-lei-com-armadilha-abortista\/"},"wordCount":530,"publisher":{"@id":"https:\/\/ocoerente.com.br\/se\/#\/schema\/person\/cc6bfd9fbca465e23543b0c963d8d037"},"image":{"@id":"https:\/\/ocoerente.com.br\/se\/2023\/03\/08\/apos-pressao-da-bancada-conservadora-e-evangelica-camara-retira-de-pauta-projeto-de-lei-com-armadilha-abortista\/#primaryimage"},"thumbnailUrl":"https:\/\/ocoerente.com.br\/se\/wp-content\/uploads\/2023\/03\/deprodri.jpg","articleSection":["Destaques","Pol\u00edtica"],"inLanguage":"pt-BR"},{"@type":"WebPage","@id":"https:\/\/ocoerente.com.br\/se\/2023\/03\/08\/apos-pressao-da-bancada-conservadora-e-evangelica-camara-retira-de-pauta-projeto-de-lei-com-armadilha-abortista\/","url":"https:\/\/ocoerente.com.br\/se\/2023\/03\/08\/apos-pressao-da-bancada-conservadora-e-evangelica-camara-retira-de-pauta-projeto-de-lei-com-armadilha-abortista\/","name":"Ap\u00f3s press\u00e3o da bancada conservadora e evang\u00e9lica, C\u00e2mara retira de pauta projeto de lei com \u2018Armadilha Abortista\u2019 - O Coerente","isPartOf":{"@id":"https:\/\/ocoerente.com.br\/se\/#website"},"primaryImageOfPage":{"@id":"https:\/\/ocoerente.com.br\/se\/2023\/03\/08\/apos-pressao-da-bancada-conservadora-e-evangelica-camara-retira-de-pauta-projeto-de-lei-com-armadilha-abortista\/#primaryimage"},"image":{"@id":"https:\/\/ocoerente.com.br\/se\/2023\/03\/08\/apos-pressao-da-bancada-conservadora-e-evangelica-camara-retira-de-pauta-projeto-de-lei-com-armadilha-abortista\/#primaryimage"},"thumbnailUrl":"https:\/\/ocoerente.com.br\/se\/wp-content\/uploads\/2023\/03\/deprodri.jpg","datePublished":"2023-03-08T22:16:14+00:00","dateModified":"2023-03-08T22:16:15+00:00","breadcrumb":{"@id":"https:\/\/ocoerente.com.br\/se\/2023\/03\/08\/apos-pressao-da-bancada-conservadora-e-evangelica-camara-retira-de-pauta-projeto-de-lei-com-armadilha-abortista\/#breadcrumb"},"inLanguage":"pt-BR","potentialAction":[{"@type":"ReadAction","target":["https:\/\/ocoerente.com.br\/se\/2023\/03\/08\/apos-pressao-da-bancada-conservadora-e-evangelica-camara-retira-de-pauta-projeto-de-lei-com-armadilha-abortista\/"]}]},{"@type":"ImageObject","inLanguage":"pt-BR","@id":"https:\/\/ocoerente.com.br\/se\/2023\/03\/08\/apos-pressao-da-bancada-conservadora-e-evangelica-camara-retira-de-pauta-projeto-de-lei-com-armadilha-abortista\/#primaryimage","url":"https:\/\/ocoerente.com.br\/se\/wp-content\/uploads\/2023\/03\/deprodri.jpg","contentUrl":"https:\/\/ocoerente.com.br\/se\/wp-content\/uploads\/2023\/03\/deprodri.jpg","width":1600,"height":1076},{"@type":"BreadcrumbList","@id":"https:\/\/ocoerente.com.br\/se\/2023\/03\/08\/apos-pressao-da-bancada-conservadora-e-evangelica-camara-retira-de-pauta-projeto-de-lei-com-armadilha-abortista\/#breadcrumb","itemListElement":[{"@type":"ListItem","position":1,"name":"In\u00edcio","item":"https:\/\/ocoerente.com.br\/se\/"},{"@type":"ListItem","position":2,"name":"Ap\u00f3s press\u00e3o da bancada conservadora e evang\u00e9lica, C\u00e2mara retira de pauta projeto de lei com \u2018Armadilha Abortista\u2019"}]},{"@type":"WebSite","@id":"https:\/\/ocoerente.com.br\/se\/#website","url":"https:\/\/ocoerente.com.br\/se\/","name":"O Coerente","description":"","publisher":{"@id":"https:\/\/ocoerente.com.br\/se\/#\/schema\/person\/cc6bfd9fbca465e23543b0c963d8d037"},"potentialAction":[{"@type":"SearchAction","target":{"@type":"EntryPoint","urlTemplate":"https:\/\/ocoerente.com.br\/se\/?s={search_term_string}"},"query-input":{"@type":"PropertyValueSpecification","valueRequired":true,"valueName":"search_term_string"}}],"inLanguage":"pt-BR"},{"@type":["Person","Organization"],"@id":"https:\/\/ocoerente.com.br\/se\/#\/schema\/person\/cc6bfd9fbca465e23543b0c963d8d037","name":"Reda\u00e7\u00e3o","image":{"@type":"ImageObject","inLanguage":"pt-BR","@id":"https:\/\/ocoerente.com.br\/se\/wp-content\/uploads\/2020\/01\/ocoerente-1.png","url":"https:\/\/ocoerente.com.br\/se\/wp-content\/uploads\/2020\/01\/ocoerente-1.png","contentUrl":"https:\/\/ocoerente.com.br\/se\/wp-content\/uploads\/2020\/01\/ocoerente-1.png","width":50,"height":50,"caption":"Reda\u00e7\u00e3o"},"logo":{"@id":"https:\/\/ocoerente.com.br\/se\/wp-content\/uploads\/2020\/01\/ocoerente-1.png"},"url":"https:\/\/ocoerente.com.br\/se\/author\/vasticlsales\/"}]}},"_links":{"self":[{"href":"https:\/\/ocoerente.com.br\/se\/wp-json\/wp\/v2\/posts\/7400","targetHints":{"allow":["GET"]}}],"collection":[{"href":"https:\/\/ocoerente.com.br\/se\/wp-json\/wp\/v2\/posts"}],"about":[{"href":"https:\/\/ocoerente.com.br\/se\/wp-json\/wp\/v2\/types\/post"}],"author":[{"embeddable":true,"href":"https:\/\/ocoerente.com.br\/se\/wp-json\/wp\/v2\/users\/1"}],"replies":[{"embeddable":true,"href":"https:\/\/ocoerente.com.br\/se\/wp-json\/wp\/v2\/comments?post=7400"}],"version-history":[{"count":1,"href":"https:\/\/ocoerente.com.br\/se\/wp-json\/wp\/v2\/posts\/7400\/revisions"}],"predecessor-version":[{"id":7403,"href":"https:\/\/ocoerente.com.br\/se\/wp-json\/wp\/v2\/posts\/7400\/revisions\/7403"}],"wp:featuredmedia":[{"embeddable":true,"href":"https:\/\/ocoerente.com.br\/se\/wp-json\/wp\/v2\/media\/7401"}],"wp:attachment":[{"href":"https:\/\/ocoerente.com.br\/se\/wp-json\/wp\/v2\/media?parent=7400"}],"wp:term":[{"taxonomy":"category","embeddable":true,"href":"https:\/\/ocoerente.com.br\/se\/wp-json\/wp\/v2\/categories?post=7400"},{"taxonomy":"post_tag","embeddable":true,"href":"https:\/\/ocoerente.com.br\/se\/wp-json\/wp\/v2\/tags?post=7400"}],"curies":[{"name":"wp","href":"https:\/\/api.w.org\/{rel}","templated":true}]}}