{"id":7397,"date":"2023-03-08T01:41:18","date_gmt":"2023-03-08T04:41:18","guid":{"rendered":"https:\/\/ocoerente.com.br\/se\/?p=7397"},"modified":"2023-03-08T01:41:19","modified_gmt":"2023-03-08T04:41:19","slug":"alessandro-vieira-e-indicado-coordenador-da-bancada-federal-de-sergipe","status":"publish","type":"post","link":"https:\/\/ocoerente.com.br\/se\/2023\/03\/08\/alessandro-vieira-e-indicado-coordenador-da-bancada-federal-de-sergipe\/","title":{"rendered":"Alessandro Vieira \u00e9 indicado coordenador da bancada federal de Sergipe"},"content":{"rendered":"\n<p>O senador Alessandro Vieira (PSDB) foi indicado coordenador da bancada federal de Sergipe, na manh\u00e3 desta ter\u00e7a-feira (07), em uma reuni\u00e3o realizada em Bras\u00edlia. O parlamentar ter\u00e1 como principal miss\u00e3o trabalhar pela articula\u00e7\u00e3o estrat\u00e9gica da bancada, com o objetivo de levar obras estruturantes para Sergipe e atender demandas essenciais de todos os sergipanos.<\/p>\n\n\n\n<p>&#8220;A bancada federal leva para Sergipe um valor muito alto de emendas todos os anos, sendo assim, assumindo compromissos estruturantes com o Governo do Estado podemos coordenar e aplicar muito bem esse recurso, mudando a vida dos sergipanos. Vale destacar que nossa batalha contra o Or\u00e7amento Secreto rendeu frutos e hoje nosso estado vai receber mais que o dobro de recursos. Em 4 anos a bancada federal deve destinar mais de R$ 3 bilh\u00f5es de reais para Sergipe&#8221;, pontua Alessandro.<\/p>\n\n\n\n<p>A bancada federal sergipana \u00e9 composta por oito deputados federais: Yandra Moura (Uni\u00e3o Brasil), \u00cdcaro de Valmir (PL), F\u00e1bio Reis (PSD), Gustinho Ribeiro (Republicanos), Thiago de Joaldo (PP), Rodrigo Valadares (Uni\u00e3o Brasil), Katarina Feitoza (PSD), Jo\u00e3o Daniel (PT); e tr\u00eas senadores: Alessandro Vieira (PSDB), La\u00e9rcio Oliveira (PP), Rog\u00e9rio Carvalho (PT).<\/p>\n\n\n\n<p>Alessandro Vieira, que est\u00e1 em seu primeiro mandato como senador &#8211; eleito em 2018, destacou a import\u00e2ncia da uni\u00e3o da bancada para a defesa dos interesses do estado. &#8220;Precisamos trabalhar juntos pelo bem e desenvolvimento de Sergipe. Temos muitos desafios pela frente e precisamos buscar solu\u00e7\u00f5es para as demandas da popula\u00e7\u00e3o. Agrade\u00e7o a confian\u00e7a dos demais parlamentares sergipanos que acreditam na minha capacidade de articula\u00e7\u00e3o para liderar essa nova fase para Sergipe, e refor\u00e7o que trabalharemos em conjunto com o governador F\u00e1bio Mitidieri nessa articula\u00e7\u00e3o&#8221;, afirmou o novo coordenador.<\/p>\n\n\n\n<p>O senador tamb\u00e9m destacou a import\u00e2ncia da parceria com o Governo Federal para o desenvolvimento do estado. &#8220;Precisamos fortalecer nossa rela\u00e7\u00e3o com o Governo Federal para que possamos obter recursos e investimentos para Sergipe. Destravar projetos e auxiliar os munic\u00edpios na capta\u00e7\u00e3o de recursos. Vamos trabalhar incansavelmente para isso, sempre respeitando a autonomia de cada parlamentar\u201d, disse.<\/p>\n\n\n\n<p>Com a coordena\u00e7\u00e3o de Alessandro Vieira, a expectativa \u00e9 que a bancada federal de Sergipe possa trabalhar de forma mais integrada e articulada para levar benef\u00edcios para a popula\u00e7\u00e3o sergipana, especialmente nas \u00e1reas de infraestrutura, sa\u00fade, educa\u00e7\u00e3o e seguran\u00e7a p\u00fablica.<\/p>\n\n\n\n<p><\/p>\n","protected":false},"excerpt":{"rendered":"<p>O senador Alessandro Vieira (PSDB) foi indicado coordenador da bancada federal de Sergipe, na manh\u00e3 desta ter\u00e7a-feira (07), em uma reuni\u00e3o realizada em Bras\u00edlia. O parlamentar ter\u00e1 como principal miss\u00e3o trabalhar pela articula\u00e7\u00e3o estrat\u00e9gica da bancada, com o objetivo de levar obras estruturantes para Sergipe e atender demandas essenciais de todos os sergipanos. &#8220;A bancada [&hellip;]<\/p>\n","protected":false},"author":1,"featured_media":7398,"comment_status":"closed","ping_status":"closed","sticky":false,"template":"","format":"standard","meta":{"footnotes":""},"categories":[53,44],"tags":[],"class_list":["post-7397","post","type-post","status-publish","format-standard","has-post-thumbnail","hentry","category-destaques","category-politica"],"yoast_head":"<!-- This site is optimized with the Yoast SEO plugin v27.4 - https:\/\/yoast.com\/product\/yoast-seo-wordpress\/ -->\n<title>Alessandro Vieira \u00e9 indicado coordenador da bancada federal de Sergipe - O Coerente<\/title>\n<meta name=\"robots\" content=\"index, follow, max-snippet:-1, max-image-preview:large, max-video-preview:-1\" \/>\n<link rel=\"canonical\" href=\"https:\/\/ocoerente.com.br\/se\/2023\/03\/08\/alessandro-vieira-e-indicado-coordenador-da-bancada-federal-de-sergipe\/\" \/>\n<meta property=\"og:locale\" content=\"pt_BR\" \/>\n<meta property=\"og:type\" content=\"article\" \/>\n<meta property=\"og:title\" content=\"Alessandro Vieira \u00e9 indicado coordenador da bancada federal de Sergipe - O Coerente\" \/>\n<meta property=\"og:description\" content=\"O senador Alessandro Vieira (PSDB) foi indicado coordenador da bancada federal de Sergipe, na manh\u00e3 desta ter\u00e7a-feira (07), em uma reuni\u00e3o realizada em Bras\u00edlia. O parlamentar ter\u00e1 como principal miss\u00e3o trabalhar pela articula\u00e7\u00e3o estrat\u00e9gica da bancada, com o objetivo de levar obras estruturantes para Sergipe e atender demandas essenciais de todos os sergipanos. &#8220;A bancada [&hellip;]\" \/>\n<meta property=\"og:url\" content=\"https:\/\/ocoerente.com.br\/se\/2023\/03\/08\/alessandro-vieira-e-indicado-coordenador-da-bancada-federal-de-sergipe\/\" \/>\n<meta property=\"og:site_name\" content=\"O Coerente\" \/>\n<meta property=\"article:published_time\" content=\"2023-03-08T04:41:18+00:00\" \/>\n<meta property=\"article:modified_time\" content=\"2023-03-08T04:41:19+00:00\" \/>\n<meta property=\"og:image\" content=\"https:\/\/ocoerente.com.br\/se\/wp-content\/uploads\/2023\/03\/alessasssndo.jpg\" \/>\n\t<meta property=\"og:image:width\" content=\"1600\" \/>\n\t<meta property=\"og:image:height\" content=\"1101\" \/>\n\t<meta property=\"og:image:type\" content=\"image\/jpeg\" \/>\n<meta name=\"author\" content=\"Reda\u00e7\u00e3o\" \/>\n<meta name=\"twitter:card\" content=\"summary_large_image\" \/>\n<meta name=\"twitter:label1\" content=\"Escrito por\" \/>\n\t<meta name=\"twitter:data1\" content=\"Reda\u00e7\u00e3o\" \/>\n\t<meta name=\"twitter:label2\" content=\"Est. tempo de leitura\" \/>\n\t<meta name=\"twitter:data2\" content=\"3 minutos\" \/>\n<script type=\"application\/ld+json\" class=\"yoast-schema-graph\">{\"@context\":\"https:\\\/\\\/schema.org\",\"@graph\":[{\"@type\":\"Article\",\"@id\":\"https:\\\/\\\/ocoerente.com.br\\\/se\\\/2023\\\/03\\\/08\\\/alessandro-vieira-e-indicado-coordenador-da-bancada-federal-de-sergipe\\\/#article\",\"isPartOf\":{\"@id\":\"https:\\\/\\\/ocoerente.com.br\\\/se\\\/2023\\\/03\\\/08\\\/alessandro-vieira-e-indicado-coordenador-da-bancada-federal-de-sergipe\\\/\"},\"author\":{\"name\":\"Reda\u00e7\u00e3o\",\"@id\":\"https:\\\/\\\/ocoerente.com.br\\\/se\\\/#\\\/schema\\\/person\\\/cc6bfd9fbca465e23543b0c963d8d037\"},\"headline\":\"Alessandro Vieira \u00e9 indicado coordenador da bancada federal de Sergipe\",\"datePublished\":\"2023-03-08T04:41:18+00:00\",\"dateModified\":\"2023-03-08T04:41:19+00:00\",\"mainEntityOfPage\":{\"@id\":\"https:\\\/\\\/ocoerente.com.br\\\/se\\\/2023\\\/03\\\/08\\\/alessandro-vieira-e-indicado-coordenador-da-bancada-federal-de-sergipe\\\/\"},\"wordCount\":409,\"publisher\":{\"@id\":\"https:\\\/\\\/ocoerente.com.br\\\/se\\\/#\\\/schema\\\/person\\\/cc6bfd9fbca465e23543b0c963d8d037\"},\"image\":{\"@id\":\"https:\\\/\\\/ocoerente.com.br\\\/se\\\/2023\\\/03\\\/08\\\/alessandro-vieira-e-indicado-coordenador-da-bancada-federal-de-sergipe\\\/#primaryimage\"},\"thumbnailUrl\":\"https:\\\/\\\/ocoerente.com.br\\\/se\\\/wp-content\\\/uploads\\\/2023\\\/03\\\/alessasssndo.jpg\",\"articleSection\":[\"Destaques\",\"Pol\u00edtica\"],\"inLanguage\":\"pt-BR\"},{\"@type\":\"WebPage\",\"@id\":\"https:\\\/\\\/ocoerente.com.br\\\/se\\\/2023\\\/03\\\/08\\\/alessandro-vieira-e-indicado-coordenador-da-bancada-federal-de-sergipe\\\/\",\"url\":\"https:\\\/\\\/ocoerente.com.br\\\/se\\\/2023\\\/03\\\/08\\\/alessandro-vieira-e-indicado-coordenador-da-bancada-federal-de-sergipe\\\/\",\"name\":\"Alessandro Vieira \u00e9 indicado coordenador da bancada federal de Sergipe - O Coerente\",\"isPartOf\":{\"@id\":\"https:\\\/\\\/ocoerente.com.br\\\/se\\\/#website\"},\"primaryImageOfPage\":{\"@id\":\"https:\\\/\\\/ocoerente.com.br\\\/se\\\/2023\\\/03\\\/08\\\/alessandro-vieira-e-indicado-coordenador-da-bancada-federal-de-sergipe\\\/#primaryimage\"},\"image\":{\"@id\":\"https:\\\/\\\/ocoerente.com.br\\\/se\\\/2023\\\/03\\\/08\\\/alessandro-vieira-e-indicado-coordenador-da-bancada-federal-de-sergipe\\\/#primaryimage\"},\"thumbnailUrl\":\"https:\\\/\\\/ocoerente.com.br\\\/se\\\/wp-content\\\/uploads\\\/2023\\\/03\\\/alessasssndo.jpg\",\"datePublished\":\"2023-03-08T04:41:18+00:00\",\"dateModified\":\"2023-03-08T04:41:19+00:00\",\"breadcrumb\":{\"@id\":\"https:\\\/\\\/ocoerente.com.br\\\/se\\\/2023\\\/03\\\/08\\\/alessandro-vieira-e-indicado-coordenador-da-bancada-federal-de-sergipe\\\/#breadcrumb\"},\"inLanguage\":\"pt-BR\",\"potentialAction\":[{\"@type\":\"ReadAction\",\"target\":[\"https:\\\/\\\/ocoerente.com.br\\\/se\\\/2023\\\/03\\\/08\\\/alessandro-vieira-e-indicado-coordenador-da-bancada-federal-de-sergipe\\\/\"]}]},{\"@type\":\"ImageObject\",\"inLanguage\":\"pt-BR\",\"@id\":\"https:\\\/\\\/ocoerente.com.br\\\/se\\\/2023\\\/03\\\/08\\\/alessandro-vieira-e-indicado-coordenador-da-bancada-federal-de-sergipe\\\/#primaryimage\",\"url\":\"https:\\\/\\\/ocoerente.com.br\\\/se\\\/wp-content\\\/uploads\\\/2023\\\/03\\\/alessasssndo.jpg\",\"contentUrl\":\"https:\\\/\\\/ocoerente.com.br\\\/se\\\/wp-content\\\/uploads\\\/2023\\\/03\\\/alessasssndo.jpg\",\"width\":1600,\"height\":1101},{\"@type\":\"BreadcrumbList\",\"@id\":\"https:\\\/\\\/ocoerente.com.br\\\/se\\\/2023\\\/03\\\/08\\\/alessandro-vieira-e-indicado-coordenador-da-bancada-federal-de-sergipe\\\/#breadcrumb\",\"itemListElement\":[{\"@type\":\"ListItem\",\"position\":1,\"name\":\"In\u00edcio\",\"item\":\"https:\\\/\\\/ocoerente.com.br\\\/se\\\/\"},{\"@type\":\"ListItem\",\"position\":2,\"name\":\"Alessandro Vieira \u00e9 indicado coordenador da bancada federal de Sergipe\"}]},{\"@type\":\"WebSite\",\"@id\":\"https:\\\/\\\/ocoerente.com.br\\\/se\\\/#website\",\"url\":\"https:\\\/\\\/ocoerente.com.br\\\/se\\\/\",\"name\":\"O Coerente\",\"description\":\"\",\"publisher\":{\"@id\":\"https:\\\/\\\/ocoerente.com.br\\\/se\\\/#\\\/schema\\\/person\\\/cc6bfd9fbca465e23543b0c963d8d037\"},\"potentialAction\":[{\"@type\":\"SearchAction\",\"target\":{\"@type\":\"EntryPoint\",\"urlTemplate\":\"https:\\\/\\\/ocoerente.com.br\\\/se\\\/?s={search_term_string}\"},\"query-input\":{\"@type\":\"PropertyValueSpecification\",\"valueRequired\":true,\"valueName\":\"search_term_string\"}}],\"inLanguage\":\"pt-BR\"},{\"@type\":[\"Person\",\"Organization\"],\"@id\":\"https:\\\/\\\/ocoerente.com.br\\\/se\\\/#\\\/schema\\\/person\\\/cc6bfd9fbca465e23543b0c963d8d037\",\"name\":\"Reda\u00e7\u00e3o\",\"image\":{\"@type\":\"ImageObject\",\"inLanguage\":\"pt-BR\",\"@id\":\"https:\\\/\\\/ocoerente.com.br\\\/se\\\/wp-content\\\/uploads\\\/2020\\\/01\\\/ocoerente-1.png\",\"url\":\"https:\\\/\\\/ocoerente.com.br\\\/se\\\/wp-content\\\/uploads\\\/2020\\\/01\\\/ocoerente-1.png\",\"contentUrl\":\"https:\\\/\\\/ocoerente.com.br\\\/se\\\/wp-content\\\/uploads\\\/2020\\\/01\\\/ocoerente-1.png\",\"width\":50,\"height\":50,\"caption\":\"Reda\u00e7\u00e3o\"},\"logo\":{\"@id\":\"https:\\\/\\\/ocoerente.com.br\\\/se\\\/wp-content\\\/uploads\\\/2020\\\/01\\\/ocoerente-1.png\"},\"url\":\"https:\\\/\\\/ocoerente.com.br\\\/se\\\/author\\\/vasticlsales\\\/\"}]}<\/script>\n<!-- \/ Yoast SEO plugin. -->","yoast_head_json":{"title":"Alessandro Vieira \u00e9 indicado coordenador da bancada federal de Sergipe - O Coerente","robots":{"index":"index","follow":"follow","max-snippet":"max-snippet:-1","max-image-preview":"max-image-preview:large","max-video-preview":"max-video-preview:-1"},"canonical":"https:\/\/ocoerente.com.br\/se\/2023\/03\/08\/alessandro-vieira-e-indicado-coordenador-da-bancada-federal-de-sergipe\/","og_locale":"pt_BR","og_type":"article","og_title":"Alessandro Vieira \u00e9 indicado coordenador da bancada federal de Sergipe - O Coerente","og_description":"O senador Alessandro Vieira (PSDB) foi indicado coordenador da bancada federal de Sergipe, na manh\u00e3 desta ter\u00e7a-feira (07), em uma reuni\u00e3o realizada em Bras\u00edlia. O parlamentar ter\u00e1 como principal miss\u00e3o trabalhar pela articula\u00e7\u00e3o estrat\u00e9gica da bancada, com o objetivo de levar obras estruturantes para Sergipe e atender demandas essenciais de todos os sergipanos. &#8220;A bancada [&hellip;]","og_url":"https:\/\/ocoerente.com.br\/se\/2023\/03\/08\/alessandro-vieira-e-indicado-coordenador-da-bancada-federal-de-sergipe\/","og_site_name":"O Coerente","article_published_time":"2023-03-08T04:41:18+00:00","article_modified_time":"2023-03-08T04:41:19+00:00","og_image":[{"width":1600,"height":1101,"url":"https:\/\/ocoerente.com.br\/se\/wp-content\/uploads\/2023\/03\/alessasssndo.jpg","type":"image\/jpeg"}],"author":"Reda\u00e7\u00e3o","twitter_card":"summary_large_image","twitter_misc":{"Escrito por":"Reda\u00e7\u00e3o","Est. tempo de leitura":"3 minutos"},"schema":{"@context":"https:\/\/schema.org","@graph":[{"@type":"Article","@id":"https:\/\/ocoerente.com.br\/se\/2023\/03\/08\/alessandro-vieira-e-indicado-coordenador-da-bancada-federal-de-sergipe\/#article","isPartOf":{"@id":"https:\/\/ocoerente.com.br\/se\/2023\/03\/08\/alessandro-vieira-e-indicado-coordenador-da-bancada-federal-de-sergipe\/"},"author":{"name":"Reda\u00e7\u00e3o","@id":"https:\/\/ocoerente.com.br\/se\/#\/schema\/person\/cc6bfd9fbca465e23543b0c963d8d037"},"headline":"Alessandro Vieira \u00e9 indicado coordenador da bancada federal de Sergipe","datePublished":"2023-03-08T04:41:18+00:00","dateModified":"2023-03-08T04:41:19+00:00","mainEntityOfPage":{"@id":"https:\/\/ocoerente.com.br\/se\/2023\/03\/08\/alessandro-vieira-e-indicado-coordenador-da-bancada-federal-de-sergipe\/"},"wordCount":409,"publisher":{"@id":"https:\/\/ocoerente.com.br\/se\/#\/schema\/person\/cc6bfd9fbca465e23543b0c963d8d037"},"image":{"@id":"https:\/\/ocoerente.com.br\/se\/2023\/03\/08\/alessandro-vieira-e-indicado-coordenador-da-bancada-federal-de-sergipe\/#primaryimage"},"thumbnailUrl":"https:\/\/ocoerente.com.br\/se\/wp-content\/uploads\/2023\/03\/alessasssndo.jpg","articleSection":["Destaques","Pol\u00edtica"],"inLanguage":"pt-BR"},{"@type":"WebPage","@id":"https:\/\/ocoerente.com.br\/se\/2023\/03\/08\/alessandro-vieira-e-indicado-coordenador-da-bancada-federal-de-sergipe\/","url":"https:\/\/ocoerente.com.br\/se\/2023\/03\/08\/alessandro-vieira-e-indicado-coordenador-da-bancada-federal-de-sergipe\/","name":"Alessandro Vieira \u00e9 indicado coordenador da bancada federal de Sergipe - O Coerente","isPartOf":{"@id":"https:\/\/ocoerente.com.br\/se\/#website"},"primaryImageOfPage":{"@id":"https:\/\/ocoerente.com.br\/se\/2023\/03\/08\/alessandro-vieira-e-indicado-coordenador-da-bancada-federal-de-sergipe\/#primaryimage"},"image":{"@id":"https:\/\/ocoerente.com.br\/se\/2023\/03\/08\/alessandro-vieira-e-indicado-coordenador-da-bancada-federal-de-sergipe\/#primaryimage"},"thumbnailUrl":"https:\/\/ocoerente.com.br\/se\/wp-content\/uploads\/2023\/03\/alessasssndo.jpg","datePublished":"2023-03-08T04:41:18+00:00","dateModified":"2023-03-08T04:41:19+00:00","breadcrumb":{"@id":"https:\/\/ocoerente.com.br\/se\/2023\/03\/08\/alessandro-vieira-e-indicado-coordenador-da-bancada-federal-de-sergipe\/#breadcrumb"},"inLanguage":"pt-BR","potentialAction":[{"@type":"ReadAction","target":["https:\/\/ocoerente.com.br\/se\/2023\/03\/08\/alessandro-vieira-e-indicado-coordenador-da-bancada-federal-de-sergipe\/"]}]},{"@type":"ImageObject","inLanguage":"pt-BR","@id":"https:\/\/ocoerente.com.br\/se\/2023\/03\/08\/alessandro-vieira-e-indicado-coordenador-da-bancada-federal-de-sergipe\/#primaryimage","url":"https:\/\/ocoerente.com.br\/se\/wp-content\/uploads\/2023\/03\/alessasssndo.jpg","contentUrl":"https:\/\/ocoerente.com.br\/se\/wp-content\/uploads\/2023\/03\/alessasssndo.jpg","width":1600,"height":1101},{"@type":"BreadcrumbList","@id":"https:\/\/ocoerente.com.br\/se\/2023\/03\/08\/alessandro-vieira-e-indicado-coordenador-da-bancada-federal-de-sergipe\/#breadcrumb","itemListElement":[{"@type":"ListItem","position":1,"name":"In\u00edcio","item":"https:\/\/ocoerente.com.br\/se\/"},{"@type":"ListItem","position":2,"name":"Alessandro Vieira \u00e9 indicado coordenador da bancada federal de Sergipe"}]},{"@type":"WebSite","@id":"https:\/\/ocoerente.com.br\/se\/#website","url":"https:\/\/ocoerente.com.br\/se\/","name":"O Coerente","description":"","publisher":{"@id":"https:\/\/ocoerente.com.br\/se\/#\/schema\/person\/cc6bfd9fbca465e23543b0c963d8d037"},"potentialAction":[{"@type":"SearchAction","target":{"@type":"EntryPoint","urlTemplate":"https:\/\/ocoerente.com.br\/se\/?s={search_term_string}"},"query-input":{"@type":"PropertyValueSpecification","valueRequired":true,"valueName":"search_term_string"}}],"inLanguage":"pt-BR"},{"@type":["Person","Organization"],"@id":"https:\/\/ocoerente.com.br\/se\/#\/schema\/person\/cc6bfd9fbca465e23543b0c963d8d037","name":"Reda\u00e7\u00e3o","image":{"@type":"ImageObject","inLanguage":"pt-BR","@id":"https:\/\/ocoerente.com.br\/se\/wp-content\/uploads\/2020\/01\/ocoerente-1.png","url":"https:\/\/ocoerente.com.br\/se\/wp-content\/uploads\/2020\/01\/ocoerente-1.png","contentUrl":"https:\/\/ocoerente.com.br\/se\/wp-content\/uploads\/2020\/01\/ocoerente-1.png","width":50,"height":50,"caption":"Reda\u00e7\u00e3o"},"logo":{"@id":"https:\/\/ocoerente.com.br\/se\/wp-content\/uploads\/2020\/01\/ocoerente-1.png"},"url":"https:\/\/ocoerente.com.br\/se\/author\/vasticlsales\/"}]}},"_links":{"self":[{"href":"https:\/\/ocoerente.com.br\/se\/wp-json\/wp\/v2\/posts\/7397","targetHints":{"allow":["GET"]}}],"collection":[{"href":"https:\/\/ocoerente.com.br\/se\/wp-json\/wp\/v2\/posts"}],"about":[{"href":"https:\/\/ocoerente.com.br\/se\/wp-json\/wp\/v2\/types\/post"}],"author":[{"embeddable":true,"href":"https:\/\/ocoerente.com.br\/se\/wp-json\/wp\/v2\/users\/1"}],"replies":[{"embeddable":true,"href":"https:\/\/ocoerente.com.br\/se\/wp-json\/wp\/v2\/comments?post=7397"}],"version-history":[{"count":1,"href":"https:\/\/ocoerente.com.br\/se\/wp-json\/wp\/v2\/posts\/7397\/revisions"}],"predecessor-version":[{"id":7399,"href":"https:\/\/ocoerente.com.br\/se\/wp-json\/wp\/v2\/posts\/7397\/revisions\/7399"}],"wp:featuredmedia":[{"embeddable":true,"href":"https:\/\/ocoerente.com.br\/se\/wp-json\/wp\/v2\/media\/7398"}],"wp:attachment":[{"href":"https:\/\/ocoerente.com.br\/se\/wp-json\/wp\/v2\/media?parent=7397"}],"wp:term":[{"taxonomy":"category","embeddable":true,"href":"https:\/\/ocoerente.com.br\/se\/wp-json\/wp\/v2\/categories?post=7397"},{"taxonomy":"post_tag","embeddable":true,"href":"https:\/\/ocoerente.com.br\/se\/wp-json\/wp\/v2\/tags?post=7397"}],"curies":[{"name":"wp","href":"https:\/\/api.w.org\/{rel}","templated":true}]}}