{"id":7391,"date":"2023-03-08T01:36:13","date_gmt":"2023-03-08T04:36:13","guid":{"rendered":"https:\/\/ocoerente.com.br\/se\/?p=7391"},"modified":"2023-03-08T01:36:14","modified_gmt":"2023-03-08T04:36:14","slug":"wilson-nunes-entrega-premios-aos-ouvintes-ganhadores-do-sabadao-solidario","status":"publish","type":"post","link":"https:\/\/ocoerente.com.br\/se\/2023\/03\/08\/wilson-nunes-entrega-premios-aos-ouvintes-ganhadores-do-sabadao-solidario\/","title":{"rendered":"WILSON NUNES ENTREGA PR\u00caMIOS AOS OUVINTES GANHADORES DO SABAD\u00c3O SOLID\u00c1RIO"},"content":{"rendered":"\n<p>Wilson Nunes da Ceasa promoveu na manh\u00e3 da \u00faltima quinta-feira, dia 02, a entrega dos pr\u00eamios aos ouvintes contemplados em mais uma edi\u00e7\u00e3o do quadro &#8220;Sabad\u00e3o Solid\u00e1rio&#8221; do programa Rio na Madrugada.<\/p>\n\n\n\n<p>O apresentador do Sabad\u00e3o Solid\u00e1rio, Wilson Nunes enalteceu o sucesso do quadro e agradeceu a parceria com as empresas participantes e com todos os ouvintes.<\/p>\n","protected":false},"excerpt":{"rendered":"<p>Wilson Nunes da Ceasa promoveu na manh\u00e3 da \u00faltima quinta-feira, dia 02, a entrega dos pr\u00eamios aos ouvintes contemplados em mais uma edi\u00e7\u00e3o do quadro &#8220;Sabad\u00e3o Solid\u00e1rio&#8221; do programa Rio na Madrugada. O apresentador do Sabad\u00e3o Solid\u00e1rio, Wilson Nunes enalteceu o sucesso do quadro e agradeceu a parceria com as empresas participantes e com todos [&hellip;]<\/p>\n","protected":false},"author":1,"featured_media":7392,"comment_status":"closed","ping_status":"closed","sticky":false,"template":"","format":"standard","meta":{"footnotes":""},"categories":[53,43],"tags":[],"class_list":["post-7391","post","type-post","status-publish","format-standard","has-post-thumbnail","hentry","category-destaques","category-sergipe"],"yoast_head":"<!-- This site is optimized with the Yoast SEO plugin v27.4 - https:\/\/yoast.com\/product\/yoast-seo-wordpress\/ -->\n<title>WILSON NUNES ENTREGA PR\u00caMIOS AOS OUVINTES GANHADORES DO SABAD\u00c3O SOLID\u00c1RIO - O Coerente<\/title>\n<meta name=\"robots\" content=\"index, follow, max-snippet:-1, max-image-preview:large, max-video-preview:-1\" \/>\n<link rel=\"canonical\" href=\"https:\/\/ocoerente.com.br\/se\/2023\/03\/08\/wilson-nunes-entrega-premios-aos-ouvintes-ganhadores-do-sabadao-solidario\/\" \/>\n<meta property=\"og:locale\" content=\"pt_BR\" \/>\n<meta property=\"og:type\" content=\"article\" \/>\n<meta property=\"og:title\" content=\"WILSON NUNES ENTREGA PR\u00caMIOS AOS OUVINTES GANHADORES DO SABAD\u00c3O SOLID\u00c1RIO - O Coerente\" \/>\n<meta property=\"og:description\" content=\"Wilson Nunes da Ceasa promoveu na manh\u00e3 da \u00faltima quinta-feira, dia 02, a entrega dos pr\u00eamios aos ouvintes contemplados em mais uma edi\u00e7\u00e3o do quadro &#8220;Sabad\u00e3o Solid\u00e1rio&#8221; do programa Rio na Madrugada. O apresentador do Sabad\u00e3o Solid\u00e1rio, Wilson Nunes enalteceu o sucesso do quadro e agradeceu a parceria com as empresas participantes e com todos [&hellip;]\" \/>\n<meta property=\"og:url\" content=\"https:\/\/ocoerente.com.br\/se\/2023\/03\/08\/wilson-nunes-entrega-premios-aos-ouvintes-ganhadores-do-sabadao-solidario\/\" \/>\n<meta property=\"og:site_name\" content=\"O Coerente\" \/>\n<meta property=\"article:published_time\" content=\"2023-03-08T04:36:13+00:00\" \/>\n<meta property=\"article:modified_time\" content=\"2023-03-08T04:36:14+00:00\" \/>\n<meta property=\"og:image\" content=\"https:\/\/ocoerente.com.br\/se\/wp-content\/uploads\/2023\/03\/wilsonnnnu.jpg\" \/>\n\t<meta property=\"og:image:width\" content=\"891\" \/>\n\t<meta property=\"og:image:height\" content=\"643\" \/>\n\t<meta property=\"og:image:type\" content=\"image\/jpeg\" \/>\n<meta name=\"author\" content=\"Reda\u00e7\u00e3o\" \/>\n<meta name=\"twitter:card\" content=\"summary_large_image\" \/>\n<meta name=\"twitter:label1\" content=\"Escrito por\" \/>\n\t<meta name=\"twitter:data1\" content=\"Reda\u00e7\u00e3o\" \/>\n\t<meta name=\"twitter:label2\" content=\"Est. tempo de leitura\" \/>\n\t<meta name=\"twitter:data2\" content=\"1 minuto\" \/>\n<script type=\"application\/ld+json\" class=\"yoast-schema-graph\">{\"@context\":\"https:\\\/\\\/schema.org\",\"@graph\":[{\"@type\":\"Article\",\"@id\":\"https:\\\/\\\/ocoerente.com.br\\\/se\\\/2023\\\/03\\\/08\\\/wilson-nunes-entrega-premios-aos-ouvintes-ganhadores-do-sabadao-solidario\\\/#article\",\"isPartOf\":{\"@id\":\"https:\\\/\\\/ocoerente.com.br\\\/se\\\/2023\\\/03\\\/08\\\/wilson-nunes-entrega-premios-aos-ouvintes-ganhadores-do-sabadao-solidario\\\/\"},\"author\":{\"name\":\"Reda\u00e7\u00e3o\",\"@id\":\"https:\\\/\\\/ocoerente.com.br\\\/se\\\/#\\\/schema\\\/person\\\/cc6bfd9fbca465e23543b0c963d8d037\"},\"headline\":\"WILSON NUNES ENTREGA PR\u00caMIOS AOS OUVINTES GANHADORES DO SABAD\u00c3O SOLID\u00c1RIO\",\"datePublished\":\"2023-03-08T04:36:13+00:00\",\"dateModified\":\"2023-03-08T04:36:14+00:00\",\"mainEntityOfPage\":{\"@id\":\"https:\\\/\\\/ocoerente.com.br\\\/se\\\/2023\\\/03\\\/08\\\/wilson-nunes-entrega-premios-aos-ouvintes-ganhadores-do-sabadao-solidario\\\/\"},\"wordCount\":75,\"publisher\":{\"@id\":\"https:\\\/\\\/ocoerente.com.br\\\/se\\\/#\\\/schema\\\/person\\\/cc6bfd9fbca465e23543b0c963d8d037\"},\"image\":{\"@id\":\"https:\\\/\\\/ocoerente.com.br\\\/se\\\/2023\\\/03\\\/08\\\/wilson-nunes-entrega-premios-aos-ouvintes-ganhadores-do-sabadao-solidario\\\/#primaryimage\"},\"thumbnailUrl\":\"https:\\\/\\\/ocoerente.com.br\\\/se\\\/wp-content\\\/uploads\\\/2023\\\/03\\\/wilsonnnnu.jpg\",\"articleSection\":[\"Destaques\",\"Sergipe\"],\"inLanguage\":\"pt-BR\"},{\"@type\":\"WebPage\",\"@id\":\"https:\\\/\\\/ocoerente.com.br\\\/se\\\/2023\\\/03\\\/08\\\/wilson-nunes-entrega-premios-aos-ouvintes-ganhadores-do-sabadao-solidario\\\/\",\"url\":\"https:\\\/\\\/ocoerente.com.br\\\/se\\\/2023\\\/03\\\/08\\\/wilson-nunes-entrega-premios-aos-ouvintes-ganhadores-do-sabadao-solidario\\\/\",\"name\":\"WILSON NUNES ENTREGA PR\u00caMIOS AOS OUVINTES GANHADORES DO SABAD\u00c3O SOLID\u00c1RIO - O Coerente\",\"isPartOf\":{\"@id\":\"https:\\\/\\\/ocoerente.com.br\\\/se\\\/#website\"},\"primaryImageOfPage\":{\"@id\":\"https:\\\/\\\/ocoerente.com.br\\\/se\\\/2023\\\/03\\\/08\\\/wilson-nunes-entrega-premios-aos-ouvintes-ganhadores-do-sabadao-solidario\\\/#primaryimage\"},\"image\":{\"@id\":\"https:\\\/\\\/ocoerente.com.br\\\/se\\\/2023\\\/03\\\/08\\\/wilson-nunes-entrega-premios-aos-ouvintes-ganhadores-do-sabadao-solidario\\\/#primaryimage\"},\"thumbnailUrl\":\"https:\\\/\\\/ocoerente.com.br\\\/se\\\/wp-content\\\/uploads\\\/2023\\\/03\\\/wilsonnnnu.jpg\",\"datePublished\":\"2023-03-08T04:36:13+00:00\",\"dateModified\":\"2023-03-08T04:36:14+00:00\",\"breadcrumb\":{\"@id\":\"https:\\\/\\\/ocoerente.com.br\\\/se\\\/2023\\\/03\\\/08\\\/wilson-nunes-entrega-premios-aos-ouvintes-ganhadores-do-sabadao-solidario\\\/#breadcrumb\"},\"inLanguage\":\"pt-BR\",\"potentialAction\":[{\"@type\":\"ReadAction\",\"target\":[\"https:\\\/\\\/ocoerente.com.br\\\/se\\\/2023\\\/03\\\/08\\\/wilson-nunes-entrega-premios-aos-ouvintes-ganhadores-do-sabadao-solidario\\\/\"]}]},{\"@type\":\"ImageObject\",\"inLanguage\":\"pt-BR\",\"@id\":\"https:\\\/\\\/ocoerente.com.br\\\/se\\\/2023\\\/03\\\/08\\\/wilson-nunes-entrega-premios-aos-ouvintes-ganhadores-do-sabadao-solidario\\\/#primaryimage\",\"url\":\"https:\\\/\\\/ocoerente.com.br\\\/se\\\/wp-content\\\/uploads\\\/2023\\\/03\\\/wilsonnnnu.jpg\",\"contentUrl\":\"https:\\\/\\\/ocoerente.com.br\\\/se\\\/wp-content\\\/uploads\\\/2023\\\/03\\\/wilsonnnnu.jpg\",\"width\":891,\"height\":643},{\"@type\":\"BreadcrumbList\",\"@id\":\"https:\\\/\\\/ocoerente.com.br\\\/se\\\/2023\\\/03\\\/08\\\/wilson-nunes-entrega-premios-aos-ouvintes-ganhadores-do-sabadao-solidario\\\/#breadcrumb\",\"itemListElement\":[{\"@type\":\"ListItem\",\"position\":1,\"name\":\"In\u00edcio\",\"item\":\"https:\\\/\\\/ocoerente.com.br\\\/se\\\/\"},{\"@type\":\"ListItem\",\"position\":2,\"name\":\"WILSON NUNES ENTREGA PR\u00caMIOS AOS OUVINTES GANHADORES DO SABAD\u00c3O SOLID\u00c1RIO\"}]},{\"@type\":\"WebSite\",\"@id\":\"https:\\\/\\\/ocoerente.com.br\\\/se\\\/#website\",\"url\":\"https:\\\/\\\/ocoerente.com.br\\\/se\\\/\",\"name\":\"O Coerente\",\"description\":\"\",\"publisher\":{\"@id\":\"https:\\\/\\\/ocoerente.com.br\\\/se\\\/#\\\/schema\\\/person\\\/cc6bfd9fbca465e23543b0c963d8d037\"},\"potentialAction\":[{\"@type\":\"SearchAction\",\"target\":{\"@type\":\"EntryPoint\",\"urlTemplate\":\"https:\\\/\\\/ocoerente.com.br\\\/se\\\/?s={search_term_string}\"},\"query-input\":{\"@type\":\"PropertyValueSpecification\",\"valueRequired\":true,\"valueName\":\"search_term_string\"}}],\"inLanguage\":\"pt-BR\"},{\"@type\":[\"Person\",\"Organization\"],\"@id\":\"https:\\\/\\\/ocoerente.com.br\\\/se\\\/#\\\/schema\\\/person\\\/cc6bfd9fbca465e23543b0c963d8d037\",\"name\":\"Reda\u00e7\u00e3o\",\"image\":{\"@type\":\"ImageObject\",\"inLanguage\":\"pt-BR\",\"@id\":\"https:\\\/\\\/ocoerente.com.br\\\/se\\\/wp-content\\\/uploads\\\/2020\\\/01\\\/ocoerente-1.png\",\"url\":\"https:\\\/\\\/ocoerente.com.br\\\/se\\\/wp-content\\\/uploads\\\/2020\\\/01\\\/ocoerente-1.png\",\"contentUrl\":\"https:\\\/\\\/ocoerente.com.br\\\/se\\\/wp-content\\\/uploads\\\/2020\\\/01\\\/ocoerente-1.png\",\"width\":50,\"height\":50,\"caption\":\"Reda\u00e7\u00e3o\"},\"logo\":{\"@id\":\"https:\\\/\\\/ocoerente.com.br\\\/se\\\/wp-content\\\/uploads\\\/2020\\\/01\\\/ocoerente-1.png\"},\"url\":\"https:\\\/\\\/ocoerente.com.br\\\/se\\\/author\\\/vasticlsales\\\/\"}]}<\/script>\n<!-- \/ Yoast SEO plugin. -->","yoast_head_json":{"title":"WILSON NUNES ENTREGA PR\u00caMIOS AOS OUVINTES GANHADORES DO SABAD\u00c3O SOLID\u00c1RIO - O Coerente","robots":{"index":"index","follow":"follow","max-snippet":"max-snippet:-1","max-image-preview":"max-image-preview:large","max-video-preview":"max-video-preview:-1"},"canonical":"https:\/\/ocoerente.com.br\/se\/2023\/03\/08\/wilson-nunes-entrega-premios-aos-ouvintes-ganhadores-do-sabadao-solidario\/","og_locale":"pt_BR","og_type":"article","og_title":"WILSON NUNES ENTREGA PR\u00caMIOS AOS OUVINTES GANHADORES DO SABAD\u00c3O SOLID\u00c1RIO - O Coerente","og_description":"Wilson Nunes da Ceasa promoveu na manh\u00e3 da \u00faltima quinta-feira, dia 02, a entrega dos pr\u00eamios aos ouvintes contemplados em mais uma edi\u00e7\u00e3o do quadro &#8220;Sabad\u00e3o Solid\u00e1rio&#8221; do programa Rio na Madrugada. O apresentador do Sabad\u00e3o Solid\u00e1rio, Wilson Nunes enalteceu o sucesso do quadro e agradeceu a parceria com as empresas participantes e com todos [&hellip;]","og_url":"https:\/\/ocoerente.com.br\/se\/2023\/03\/08\/wilson-nunes-entrega-premios-aos-ouvintes-ganhadores-do-sabadao-solidario\/","og_site_name":"O Coerente","article_published_time":"2023-03-08T04:36:13+00:00","article_modified_time":"2023-03-08T04:36:14+00:00","og_image":[{"width":891,"height":643,"url":"https:\/\/ocoerente.com.br\/se\/wp-content\/uploads\/2023\/03\/wilsonnnnu.jpg","type":"image\/jpeg"}],"author":"Reda\u00e7\u00e3o","twitter_card":"summary_large_image","twitter_misc":{"Escrito por":"Reda\u00e7\u00e3o","Est. tempo de leitura":"1 minuto"},"schema":{"@context":"https:\/\/schema.org","@graph":[{"@type":"Article","@id":"https:\/\/ocoerente.com.br\/se\/2023\/03\/08\/wilson-nunes-entrega-premios-aos-ouvintes-ganhadores-do-sabadao-solidario\/#article","isPartOf":{"@id":"https:\/\/ocoerente.com.br\/se\/2023\/03\/08\/wilson-nunes-entrega-premios-aos-ouvintes-ganhadores-do-sabadao-solidario\/"},"author":{"name":"Reda\u00e7\u00e3o","@id":"https:\/\/ocoerente.com.br\/se\/#\/schema\/person\/cc6bfd9fbca465e23543b0c963d8d037"},"headline":"WILSON NUNES ENTREGA PR\u00caMIOS AOS OUVINTES GANHADORES DO SABAD\u00c3O SOLID\u00c1RIO","datePublished":"2023-03-08T04:36:13+00:00","dateModified":"2023-03-08T04:36:14+00:00","mainEntityOfPage":{"@id":"https:\/\/ocoerente.com.br\/se\/2023\/03\/08\/wilson-nunes-entrega-premios-aos-ouvintes-ganhadores-do-sabadao-solidario\/"},"wordCount":75,"publisher":{"@id":"https:\/\/ocoerente.com.br\/se\/#\/schema\/person\/cc6bfd9fbca465e23543b0c963d8d037"},"image":{"@id":"https:\/\/ocoerente.com.br\/se\/2023\/03\/08\/wilson-nunes-entrega-premios-aos-ouvintes-ganhadores-do-sabadao-solidario\/#primaryimage"},"thumbnailUrl":"https:\/\/ocoerente.com.br\/se\/wp-content\/uploads\/2023\/03\/wilsonnnnu.jpg","articleSection":["Destaques","Sergipe"],"inLanguage":"pt-BR"},{"@type":"WebPage","@id":"https:\/\/ocoerente.com.br\/se\/2023\/03\/08\/wilson-nunes-entrega-premios-aos-ouvintes-ganhadores-do-sabadao-solidario\/","url":"https:\/\/ocoerente.com.br\/se\/2023\/03\/08\/wilson-nunes-entrega-premios-aos-ouvintes-ganhadores-do-sabadao-solidario\/","name":"WILSON NUNES ENTREGA PR\u00caMIOS AOS OUVINTES GANHADORES DO SABAD\u00c3O SOLID\u00c1RIO - O Coerente","isPartOf":{"@id":"https:\/\/ocoerente.com.br\/se\/#website"},"primaryImageOfPage":{"@id":"https:\/\/ocoerente.com.br\/se\/2023\/03\/08\/wilson-nunes-entrega-premios-aos-ouvintes-ganhadores-do-sabadao-solidario\/#primaryimage"},"image":{"@id":"https:\/\/ocoerente.com.br\/se\/2023\/03\/08\/wilson-nunes-entrega-premios-aos-ouvintes-ganhadores-do-sabadao-solidario\/#primaryimage"},"thumbnailUrl":"https:\/\/ocoerente.com.br\/se\/wp-content\/uploads\/2023\/03\/wilsonnnnu.jpg","datePublished":"2023-03-08T04:36:13+00:00","dateModified":"2023-03-08T04:36:14+00:00","breadcrumb":{"@id":"https:\/\/ocoerente.com.br\/se\/2023\/03\/08\/wilson-nunes-entrega-premios-aos-ouvintes-ganhadores-do-sabadao-solidario\/#breadcrumb"},"inLanguage":"pt-BR","potentialAction":[{"@type":"ReadAction","target":["https:\/\/ocoerente.com.br\/se\/2023\/03\/08\/wilson-nunes-entrega-premios-aos-ouvintes-ganhadores-do-sabadao-solidario\/"]}]},{"@type":"ImageObject","inLanguage":"pt-BR","@id":"https:\/\/ocoerente.com.br\/se\/2023\/03\/08\/wilson-nunes-entrega-premios-aos-ouvintes-ganhadores-do-sabadao-solidario\/#primaryimage","url":"https:\/\/ocoerente.com.br\/se\/wp-content\/uploads\/2023\/03\/wilsonnnnu.jpg","contentUrl":"https:\/\/ocoerente.com.br\/se\/wp-content\/uploads\/2023\/03\/wilsonnnnu.jpg","width":891,"height":643},{"@type":"BreadcrumbList","@id":"https:\/\/ocoerente.com.br\/se\/2023\/03\/08\/wilson-nunes-entrega-premios-aos-ouvintes-ganhadores-do-sabadao-solidario\/#breadcrumb","itemListElement":[{"@type":"ListItem","position":1,"name":"In\u00edcio","item":"https:\/\/ocoerente.com.br\/se\/"},{"@type":"ListItem","position":2,"name":"WILSON NUNES ENTREGA PR\u00caMIOS AOS OUVINTES GANHADORES DO SABAD\u00c3O SOLID\u00c1RIO"}]},{"@type":"WebSite","@id":"https:\/\/ocoerente.com.br\/se\/#website","url":"https:\/\/ocoerente.com.br\/se\/","name":"O Coerente","description":"","publisher":{"@id":"https:\/\/ocoerente.com.br\/se\/#\/schema\/person\/cc6bfd9fbca465e23543b0c963d8d037"},"potentialAction":[{"@type":"SearchAction","target":{"@type":"EntryPoint","urlTemplate":"https:\/\/ocoerente.com.br\/se\/?s={search_term_string}"},"query-input":{"@type":"PropertyValueSpecification","valueRequired":true,"valueName":"search_term_string"}}],"inLanguage":"pt-BR"},{"@type":["Person","Organization"],"@id":"https:\/\/ocoerente.com.br\/se\/#\/schema\/person\/cc6bfd9fbca465e23543b0c963d8d037","name":"Reda\u00e7\u00e3o","image":{"@type":"ImageObject","inLanguage":"pt-BR","@id":"https:\/\/ocoerente.com.br\/se\/wp-content\/uploads\/2020\/01\/ocoerente-1.png","url":"https:\/\/ocoerente.com.br\/se\/wp-content\/uploads\/2020\/01\/ocoerente-1.png","contentUrl":"https:\/\/ocoerente.com.br\/se\/wp-content\/uploads\/2020\/01\/ocoerente-1.png","width":50,"height":50,"caption":"Reda\u00e7\u00e3o"},"logo":{"@id":"https:\/\/ocoerente.com.br\/se\/wp-content\/uploads\/2020\/01\/ocoerente-1.png"},"url":"https:\/\/ocoerente.com.br\/se\/author\/vasticlsales\/"}]}},"_links":{"self":[{"href":"https:\/\/ocoerente.com.br\/se\/wp-json\/wp\/v2\/posts\/7391","targetHints":{"allow":["GET"]}}],"collection":[{"href":"https:\/\/ocoerente.com.br\/se\/wp-json\/wp\/v2\/posts"}],"about":[{"href":"https:\/\/ocoerente.com.br\/se\/wp-json\/wp\/v2\/types\/post"}],"author":[{"embeddable":true,"href":"https:\/\/ocoerente.com.br\/se\/wp-json\/wp\/v2\/users\/1"}],"replies":[{"embeddable":true,"href":"https:\/\/ocoerente.com.br\/se\/wp-json\/wp\/v2\/comments?post=7391"}],"version-history":[{"count":1,"href":"https:\/\/ocoerente.com.br\/se\/wp-json\/wp\/v2\/posts\/7391\/revisions"}],"predecessor-version":[{"id":7393,"href":"https:\/\/ocoerente.com.br\/se\/wp-json\/wp\/v2\/posts\/7391\/revisions\/7393"}],"wp:featuredmedia":[{"embeddable":true,"href":"https:\/\/ocoerente.com.br\/se\/wp-json\/wp\/v2\/media\/7392"}],"wp:attachment":[{"href":"https:\/\/ocoerente.com.br\/se\/wp-json\/wp\/v2\/media?parent=7391"}],"wp:term":[{"taxonomy":"category","embeddable":true,"href":"https:\/\/ocoerente.com.br\/se\/wp-json\/wp\/v2\/categories?post=7391"},{"taxonomy":"post_tag","embeddable":true,"href":"https:\/\/ocoerente.com.br\/se\/wp-json\/wp\/v2\/tags?post=7391"}],"curies":[{"name":"wp","href":"https:\/\/api.w.org\/{rel}","templated":true}]}}