{"id":7386,"date":"2023-03-08T01:33:26","date_gmt":"2023-03-08T04:33:26","guid":{"rendered":"https:\/\/ocoerente.com.br\/se\/?p=7386"},"modified":"2023-03-08T01:33:27","modified_gmt":"2023-03-08T04:33:27","slug":"sintasa-avanca-na-negociacao-do-acordo-coletivo-2023-24-com-aprovacao-de-28-clausulas-da-minuta-da-categoria","status":"publish","type":"post","link":"https:\/\/ocoerente.com.br\/se\/2023\/03\/08\/sintasa-avanca-na-negociacao-do-acordo-coletivo-2023-24-com-aprovacao-de-28-clausulas-da-minuta-da-categoria\/","title":{"rendered":"Sintasa Avan\u00e7a Na Negocia\u00e7\u00e3o Do Acordo Coletivo 2023-24 Com Aprova\u00e7\u00e3o De 28 Cl\u00e1usulas Da Minuta Da Categoria"},"content":{"rendered":"\n<p>A dire\u00e7\u00e3o do Sindicato dos Trabalhadores na \u00c1rea da Sa\u00fade do Estado de Sergipe (Sintasa) apresentou na Assembleia Geral Extraordin\u00e1ria, na manh\u00e3 desta segunda-feira, 6, no audit\u00f3rio da Secretaria de Estado da Sa\u00fade (SES, a resposta da Funda\u00e7\u00e3o Hospitalar de Sa\u00fade (FHS) em rela\u00e7\u00e3o \u00e0 proposta de minuta do novo Acordo Coletivo de Trabalho (ACT) 2023-2024. Ao todo, 28 cl\u00e1usulas foram atendidas, restando agora a respostas no tocante \u00e0s cl\u00e1usulas econ\u00f4micas, que geram um impacto financeiro ao Governo do Estado.<\/p>\n\n\n\n<p>A nova diretora da FHS, Adna de Santana Barbosa, que inclusive participou da assembleia, solicitou um prazo para dar retorno em rela\u00e7\u00e3o \u00e0s quest\u00f5es econ\u00f4micas, como a revis\u00e3o do Plano de Emprego e Remunera\u00e7\u00e3o (PER) e reajustes no Aux\u00edlio-alimenta\u00e7\u00e3o e Aux\u00edlio-educa\u00e7\u00e3o. A reivindica\u00e7\u00e3o da categoria \u00e9 que estes benef\u00edcios sejam abrangidos para todo quadro da FHS, independente do v\u00ednculo.<\/p>\n\n\n\n<p>Diante do pedido da gest\u00e3o, ficou deliberado o prazo de 30 dias, que se encerra no dia 6 de abril, para que o sindicato receba uma resposta. Com isto, ficou combinado tamb\u00e9m que a pr\u00f3xima assembleia ocorrer\u00e1, no dia 10 de abril, \u00e0s 8 horas, no mesmo audit\u00f3rio da SES, a fim de que o sindicato repasse aos trabalhadores a resposta da gest\u00e3o e sejam tra\u00e7ados os pr\u00f3ximos passos.<\/p>\n\n\n\n<p>De acordo com o presidente do Sintasa, Augusto Couto, o sindicato enviou uma proposta do ACT \u00e0 gest\u00e3o, elaborada pelos trabalhadores, no dia 2 de fevereiro, e neste entretempo houve algumas reuni\u00f5es com a FHS, de modo que, na \u00faltima sexta-feira, 3, o Sintasa recebeu a resposta via e-mail da funda\u00e7\u00e3o nas quais constava que diversas cl\u00e1usulas foram aprovadas.<\/p>\n\n\n\n<p>\u201cAgradecemos a diretora Adna Santana, que atendeu boa parte das nossas reivindica\u00e7\u00f5es e participou da assembleia. Esta participa\u00e7\u00e3o historicamente n\u00e3o acontecia. Ent\u00e3o, vemos como ponto positivo. E aproveitamos para convocar toda a categoria dia 10 de abril para a nova assembleia. Esperamos que com f\u00e9 em Deus possamos ter a resposta positiva em rela\u00e7\u00e3o a parte econ\u00f4mica\u201d, afirmou Augusto.<\/p>\n\n\n\n<p>O l\u00edder sindical destacou que o Acordo de Trabalho atual vence no dia 30 de abril, mas o Sintasa est\u00e1 ativo e j\u00e1 se antecipou ao negociar as tratativas do novo acordo. \u201cEsperamos que no dia 1\u00ba de maio os trabalhadores j\u00e1 recebam na conta v\u00e1rios benef\u00edcios financeiros\u201d, conclui Augusto Couto, que esteve presente juntamente com a diretora Maria de Lourdes e o gerente-administrativo, Janderson Alves.<\/p>\n\n\n\n<p>SINTASA<\/p>\n","protected":false},"excerpt":{"rendered":"<p>A dire\u00e7\u00e3o do Sindicato dos Trabalhadores na \u00c1rea da Sa\u00fade do Estado de Sergipe (Sintasa) apresentou na Assembleia Geral Extraordin\u00e1ria, na manh\u00e3 desta segunda-feira, 6, no audit\u00f3rio da Secretaria de Estado da Sa\u00fade (SES, a resposta da Funda\u00e7\u00e3o Hospitalar de Sa\u00fade (FHS) em rela\u00e7\u00e3o \u00e0 proposta de minuta do novo Acordo Coletivo de Trabalho (ACT) [&hellip;]<\/p>\n","protected":false},"author":1,"featured_media":7387,"comment_status":"closed","ping_status":"closed","sticky":false,"template":"","format":"standard","meta":{"footnotes":""},"categories":[53,54],"tags":[],"class_list":["post-7386","post","type-post","status-publish","format-standard","has-post-thumbnail","hentry","category-destaques","category-saude"],"yoast_head":"<!-- This site is optimized with the Yoast SEO plugin v27.4 - https:\/\/yoast.com\/product\/yoast-seo-wordpress\/ -->\n<title>Sintasa Avan\u00e7a Na Negocia\u00e7\u00e3o Do Acordo Coletivo 2023-24 Com Aprova\u00e7\u00e3o De 28 Cl\u00e1usulas Da Minuta Da Categoria - O Coerente<\/title>\n<meta name=\"robots\" content=\"index, follow, max-snippet:-1, max-image-preview:large, max-video-preview:-1\" \/>\n<link rel=\"canonical\" href=\"https:\/\/ocoerente.com.br\/se\/2023\/03\/08\/sintasa-avanca-na-negociacao-do-acordo-coletivo-2023-24-com-aprovacao-de-28-clausulas-da-minuta-da-categoria\/\" \/>\n<meta property=\"og:locale\" content=\"pt_BR\" \/>\n<meta property=\"og:type\" content=\"article\" \/>\n<meta property=\"og:title\" content=\"Sintasa Avan\u00e7a Na Negocia\u00e7\u00e3o Do Acordo Coletivo 2023-24 Com Aprova\u00e7\u00e3o De 28 Cl\u00e1usulas Da Minuta Da Categoria - O Coerente\" \/>\n<meta property=\"og:description\" content=\"A dire\u00e7\u00e3o do Sindicato dos Trabalhadores na \u00c1rea da Sa\u00fade do Estado de Sergipe (Sintasa) apresentou na Assembleia Geral Extraordin\u00e1ria, na manh\u00e3 desta segunda-feira, 6, no audit\u00f3rio da Secretaria de Estado da Sa\u00fade (SES, a resposta da Funda\u00e7\u00e3o Hospitalar de Sa\u00fade (FHS) em rela\u00e7\u00e3o \u00e0 proposta de minuta do novo Acordo Coletivo de Trabalho (ACT) [&hellip;]\" \/>\n<meta property=\"og:url\" content=\"https:\/\/ocoerente.com.br\/se\/2023\/03\/08\/sintasa-avanca-na-negociacao-do-acordo-coletivo-2023-24-com-aprovacao-de-28-clausulas-da-minuta-da-categoria\/\" \/>\n<meta property=\"og:site_name\" content=\"O Coerente\" \/>\n<meta property=\"article:published_time\" content=\"2023-03-08T04:33:26+00:00\" \/>\n<meta property=\"article:modified_time\" content=\"2023-03-08T04:33:27+00:00\" \/>\n<meta property=\"og:image\" content=\"https:\/\/ocoerente.com.br\/se\/wp-content\/uploads\/2023\/03\/sinnnta.jpg\" \/>\n\t<meta property=\"og:image:width\" content=\"1000\" \/>\n\t<meta property=\"og:image:height\" content=\"680\" \/>\n\t<meta property=\"og:image:type\" content=\"image\/jpeg\" \/>\n<meta name=\"author\" content=\"Reda\u00e7\u00e3o\" \/>\n<meta name=\"twitter:card\" content=\"summary_large_image\" \/>\n<meta name=\"twitter:label1\" content=\"Escrito por\" \/>\n\t<meta name=\"twitter:data1\" content=\"Reda\u00e7\u00e3o\" \/>\n\t<meta name=\"twitter:label2\" content=\"Est. tempo de leitura\" \/>\n\t<meta name=\"twitter:data2\" content=\"3 minutos\" \/>\n<script type=\"application\/ld+json\" class=\"yoast-schema-graph\">{\"@context\":\"https:\\\/\\\/schema.org\",\"@graph\":[{\"@type\":\"Article\",\"@id\":\"https:\\\/\\\/ocoerente.com.br\\\/se\\\/2023\\\/03\\\/08\\\/sintasa-avanca-na-negociacao-do-acordo-coletivo-2023-24-com-aprovacao-de-28-clausulas-da-minuta-da-categoria\\\/#article\",\"isPartOf\":{\"@id\":\"https:\\\/\\\/ocoerente.com.br\\\/se\\\/2023\\\/03\\\/08\\\/sintasa-avanca-na-negociacao-do-acordo-coletivo-2023-24-com-aprovacao-de-28-clausulas-da-minuta-da-categoria\\\/\"},\"author\":{\"name\":\"Reda\u00e7\u00e3o\",\"@id\":\"https:\\\/\\\/ocoerente.com.br\\\/se\\\/#\\\/schema\\\/person\\\/cc6bfd9fbca465e23543b0c963d8d037\"},\"headline\":\"Sintasa Avan\u00e7a Na Negocia\u00e7\u00e3o Do Acordo Coletivo 2023-24 Com Aprova\u00e7\u00e3o De 28 Cl\u00e1usulas Da Minuta Da Categoria\",\"datePublished\":\"2023-03-08T04:33:26+00:00\",\"dateModified\":\"2023-03-08T04:33:27+00:00\",\"mainEntityOfPage\":{\"@id\":\"https:\\\/\\\/ocoerente.com.br\\\/se\\\/2023\\\/03\\\/08\\\/sintasa-avanca-na-negociacao-do-acordo-coletivo-2023-24-com-aprovacao-de-28-clausulas-da-minuta-da-categoria\\\/\"},\"wordCount\":442,\"publisher\":{\"@id\":\"https:\\\/\\\/ocoerente.com.br\\\/se\\\/#\\\/schema\\\/person\\\/cc6bfd9fbca465e23543b0c963d8d037\"},\"image\":{\"@id\":\"https:\\\/\\\/ocoerente.com.br\\\/se\\\/2023\\\/03\\\/08\\\/sintasa-avanca-na-negociacao-do-acordo-coletivo-2023-24-com-aprovacao-de-28-clausulas-da-minuta-da-categoria\\\/#primaryimage\"},\"thumbnailUrl\":\"https:\\\/\\\/ocoerente.com.br\\\/se\\\/wp-content\\\/uploads\\\/2023\\\/03\\\/sinnnta.jpg\",\"articleSection\":[\"Destaques\",\"Sa\u00fade\"],\"inLanguage\":\"pt-BR\"},{\"@type\":\"WebPage\",\"@id\":\"https:\\\/\\\/ocoerente.com.br\\\/se\\\/2023\\\/03\\\/08\\\/sintasa-avanca-na-negociacao-do-acordo-coletivo-2023-24-com-aprovacao-de-28-clausulas-da-minuta-da-categoria\\\/\",\"url\":\"https:\\\/\\\/ocoerente.com.br\\\/se\\\/2023\\\/03\\\/08\\\/sintasa-avanca-na-negociacao-do-acordo-coletivo-2023-24-com-aprovacao-de-28-clausulas-da-minuta-da-categoria\\\/\",\"name\":\"Sintasa Avan\u00e7a Na Negocia\u00e7\u00e3o Do Acordo Coletivo 2023-24 Com Aprova\u00e7\u00e3o De 28 Cl\u00e1usulas Da Minuta Da Categoria - O Coerente\",\"isPartOf\":{\"@id\":\"https:\\\/\\\/ocoerente.com.br\\\/se\\\/#website\"},\"primaryImageOfPage\":{\"@id\":\"https:\\\/\\\/ocoerente.com.br\\\/se\\\/2023\\\/03\\\/08\\\/sintasa-avanca-na-negociacao-do-acordo-coletivo-2023-24-com-aprovacao-de-28-clausulas-da-minuta-da-categoria\\\/#primaryimage\"},\"image\":{\"@id\":\"https:\\\/\\\/ocoerente.com.br\\\/se\\\/2023\\\/03\\\/08\\\/sintasa-avanca-na-negociacao-do-acordo-coletivo-2023-24-com-aprovacao-de-28-clausulas-da-minuta-da-categoria\\\/#primaryimage\"},\"thumbnailUrl\":\"https:\\\/\\\/ocoerente.com.br\\\/se\\\/wp-content\\\/uploads\\\/2023\\\/03\\\/sinnnta.jpg\",\"datePublished\":\"2023-03-08T04:33:26+00:00\",\"dateModified\":\"2023-03-08T04:33:27+00:00\",\"breadcrumb\":{\"@id\":\"https:\\\/\\\/ocoerente.com.br\\\/se\\\/2023\\\/03\\\/08\\\/sintasa-avanca-na-negociacao-do-acordo-coletivo-2023-24-com-aprovacao-de-28-clausulas-da-minuta-da-categoria\\\/#breadcrumb\"},\"inLanguage\":\"pt-BR\",\"potentialAction\":[{\"@type\":\"ReadAction\",\"target\":[\"https:\\\/\\\/ocoerente.com.br\\\/se\\\/2023\\\/03\\\/08\\\/sintasa-avanca-na-negociacao-do-acordo-coletivo-2023-24-com-aprovacao-de-28-clausulas-da-minuta-da-categoria\\\/\"]}]},{\"@type\":\"ImageObject\",\"inLanguage\":\"pt-BR\",\"@id\":\"https:\\\/\\\/ocoerente.com.br\\\/se\\\/2023\\\/03\\\/08\\\/sintasa-avanca-na-negociacao-do-acordo-coletivo-2023-24-com-aprovacao-de-28-clausulas-da-minuta-da-categoria\\\/#primaryimage\",\"url\":\"https:\\\/\\\/ocoerente.com.br\\\/se\\\/wp-content\\\/uploads\\\/2023\\\/03\\\/sinnnta.jpg\",\"contentUrl\":\"https:\\\/\\\/ocoerente.com.br\\\/se\\\/wp-content\\\/uploads\\\/2023\\\/03\\\/sinnnta.jpg\",\"width\":1000,\"height\":680},{\"@type\":\"BreadcrumbList\",\"@id\":\"https:\\\/\\\/ocoerente.com.br\\\/se\\\/2023\\\/03\\\/08\\\/sintasa-avanca-na-negociacao-do-acordo-coletivo-2023-24-com-aprovacao-de-28-clausulas-da-minuta-da-categoria\\\/#breadcrumb\",\"itemListElement\":[{\"@type\":\"ListItem\",\"position\":1,\"name\":\"In\u00edcio\",\"item\":\"https:\\\/\\\/ocoerente.com.br\\\/se\\\/\"},{\"@type\":\"ListItem\",\"position\":2,\"name\":\"Sintasa Avan\u00e7a Na Negocia\u00e7\u00e3o Do Acordo Coletivo 2023-24 Com Aprova\u00e7\u00e3o De 28 Cl\u00e1usulas Da Minuta Da Categoria\"}]},{\"@type\":\"WebSite\",\"@id\":\"https:\\\/\\\/ocoerente.com.br\\\/se\\\/#website\",\"url\":\"https:\\\/\\\/ocoerente.com.br\\\/se\\\/\",\"name\":\"O Coerente\",\"description\":\"\",\"publisher\":{\"@id\":\"https:\\\/\\\/ocoerente.com.br\\\/se\\\/#\\\/schema\\\/person\\\/cc6bfd9fbca465e23543b0c963d8d037\"},\"potentialAction\":[{\"@type\":\"SearchAction\",\"target\":{\"@type\":\"EntryPoint\",\"urlTemplate\":\"https:\\\/\\\/ocoerente.com.br\\\/se\\\/?s={search_term_string}\"},\"query-input\":{\"@type\":\"PropertyValueSpecification\",\"valueRequired\":true,\"valueName\":\"search_term_string\"}}],\"inLanguage\":\"pt-BR\"},{\"@type\":[\"Person\",\"Organization\"],\"@id\":\"https:\\\/\\\/ocoerente.com.br\\\/se\\\/#\\\/schema\\\/person\\\/cc6bfd9fbca465e23543b0c963d8d037\",\"name\":\"Reda\u00e7\u00e3o\",\"image\":{\"@type\":\"ImageObject\",\"inLanguage\":\"pt-BR\",\"@id\":\"https:\\\/\\\/ocoerente.com.br\\\/se\\\/wp-content\\\/uploads\\\/2020\\\/01\\\/ocoerente-1.png\",\"url\":\"https:\\\/\\\/ocoerente.com.br\\\/se\\\/wp-content\\\/uploads\\\/2020\\\/01\\\/ocoerente-1.png\",\"contentUrl\":\"https:\\\/\\\/ocoerente.com.br\\\/se\\\/wp-content\\\/uploads\\\/2020\\\/01\\\/ocoerente-1.png\",\"width\":50,\"height\":50,\"caption\":\"Reda\u00e7\u00e3o\"},\"logo\":{\"@id\":\"https:\\\/\\\/ocoerente.com.br\\\/se\\\/wp-content\\\/uploads\\\/2020\\\/01\\\/ocoerente-1.png\"},\"url\":\"https:\\\/\\\/ocoerente.com.br\\\/se\\\/author\\\/vasticlsales\\\/\"}]}<\/script>\n<!-- \/ Yoast SEO plugin. -->","yoast_head_json":{"title":"Sintasa Avan\u00e7a Na Negocia\u00e7\u00e3o Do Acordo Coletivo 2023-24 Com Aprova\u00e7\u00e3o De 28 Cl\u00e1usulas Da Minuta Da Categoria - O Coerente","robots":{"index":"index","follow":"follow","max-snippet":"max-snippet:-1","max-image-preview":"max-image-preview:large","max-video-preview":"max-video-preview:-1"},"canonical":"https:\/\/ocoerente.com.br\/se\/2023\/03\/08\/sintasa-avanca-na-negociacao-do-acordo-coletivo-2023-24-com-aprovacao-de-28-clausulas-da-minuta-da-categoria\/","og_locale":"pt_BR","og_type":"article","og_title":"Sintasa Avan\u00e7a Na Negocia\u00e7\u00e3o Do Acordo Coletivo 2023-24 Com Aprova\u00e7\u00e3o De 28 Cl\u00e1usulas Da Minuta Da Categoria - O Coerente","og_description":"A dire\u00e7\u00e3o do Sindicato dos Trabalhadores na \u00c1rea da Sa\u00fade do Estado de Sergipe (Sintasa) apresentou na Assembleia Geral Extraordin\u00e1ria, na manh\u00e3 desta segunda-feira, 6, no audit\u00f3rio da Secretaria de Estado da Sa\u00fade (SES, a resposta da Funda\u00e7\u00e3o Hospitalar de Sa\u00fade (FHS) em rela\u00e7\u00e3o \u00e0 proposta de minuta do novo Acordo Coletivo de Trabalho (ACT) [&hellip;]","og_url":"https:\/\/ocoerente.com.br\/se\/2023\/03\/08\/sintasa-avanca-na-negociacao-do-acordo-coletivo-2023-24-com-aprovacao-de-28-clausulas-da-minuta-da-categoria\/","og_site_name":"O Coerente","article_published_time":"2023-03-08T04:33:26+00:00","article_modified_time":"2023-03-08T04:33:27+00:00","og_image":[{"width":1000,"height":680,"url":"https:\/\/ocoerente.com.br\/se\/wp-content\/uploads\/2023\/03\/sinnnta.jpg","type":"image\/jpeg"}],"author":"Reda\u00e7\u00e3o","twitter_card":"summary_large_image","twitter_misc":{"Escrito por":"Reda\u00e7\u00e3o","Est. tempo de leitura":"3 minutos"},"schema":{"@context":"https:\/\/schema.org","@graph":[{"@type":"Article","@id":"https:\/\/ocoerente.com.br\/se\/2023\/03\/08\/sintasa-avanca-na-negociacao-do-acordo-coletivo-2023-24-com-aprovacao-de-28-clausulas-da-minuta-da-categoria\/#article","isPartOf":{"@id":"https:\/\/ocoerente.com.br\/se\/2023\/03\/08\/sintasa-avanca-na-negociacao-do-acordo-coletivo-2023-24-com-aprovacao-de-28-clausulas-da-minuta-da-categoria\/"},"author":{"name":"Reda\u00e7\u00e3o","@id":"https:\/\/ocoerente.com.br\/se\/#\/schema\/person\/cc6bfd9fbca465e23543b0c963d8d037"},"headline":"Sintasa Avan\u00e7a Na Negocia\u00e7\u00e3o Do Acordo Coletivo 2023-24 Com Aprova\u00e7\u00e3o De 28 Cl\u00e1usulas Da Minuta Da Categoria","datePublished":"2023-03-08T04:33:26+00:00","dateModified":"2023-03-08T04:33:27+00:00","mainEntityOfPage":{"@id":"https:\/\/ocoerente.com.br\/se\/2023\/03\/08\/sintasa-avanca-na-negociacao-do-acordo-coletivo-2023-24-com-aprovacao-de-28-clausulas-da-minuta-da-categoria\/"},"wordCount":442,"publisher":{"@id":"https:\/\/ocoerente.com.br\/se\/#\/schema\/person\/cc6bfd9fbca465e23543b0c963d8d037"},"image":{"@id":"https:\/\/ocoerente.com.br\/se\/2023\/03\/08\/sintasa-avanca-na-negociacao-do-acordo-coletivo-2023-24-com-aprovacao-de-28-clausulas-da-minuta-da-categoria\/#primaryimage"},"thumbnailUrl":"https:\/\/ocoerente.com.br\/se\/wp-content\/uploads\/2023\/03\/sinnnta.jpg","articleSection":["Destaques","Sa\u00fade"],"inLanguage":"pt-BR"},{"@type":"WebPage","@id":"https:\/\/ocoerente.com.br\/se\/2023\/03\/08\/sintasa-avanca-na-negociacao-do-acordo-coletivo-2023-24-com-aprovacao-de-28-clausulas-da-minuta-da-categoria\/","url":"https:\/\/ocoerente.com.br\/se\/2023\/03\/08\/sintasa-avanca-na-negociacao-do-acordo-coletivo-2023-24-com-aprovacao-de-28-clausulas-da-minuta-da-categoria\/","name":"Sintasa Avan\u00e7a Na Negocia\u00e7\u00e3o Do Acordo Coletivo 2023-24 Com Aprova\u00e7\u00e3o De 28 Cl\u00e1usulas Da Minuta Da Categoria - O Coerente","isPartOf":{"@id":"https:\/\/ocoerente.com.br\/se\/#website"},"primaryImageOfPage":{"@id":"https:\/\/ocoerente.com.br\/se\/2023\/03\/08\/sintasa-avanca-na-negociacao-do-acordo-coletivo-2023-24-com-aprovacao-de-28-clausulas-da-minuta-da-categoria\/#primaryimage"},"image":{"@id":"https:\/\/ocoerente.com.br\/se\/2023\/03\/08\/sintasa-avanca-na-negociacao-do-acordo-coletivo-2023-24-com-aprovacao-de-28-clausulas-da-minuta-da-categoria\/#primaryimage"},"thumbnailUrl":"https:\/\/ocoerente.com.br\/se\/wp-content\/uploads\/2023\/03\/sinnnta.jpg","datePublished":"2023-03-08T04:33:26+00:00","dateModified":"2023-03-08T04:33:27+00:00","breadcrumb":{"@id":"https:\/\/ocoerente.com.br\/se\/2023\/03\/08\/sintasa-avanca-na-negociacao-do-acordo-coletivo-2023-24-com-aprovacao-de-28-clausulas-da-minuta-da-categoria\/#breadcrumb"},"inLanguage":"pt-BR","potentialAction":[{"@type":"ReadAction","target":["https:\/\/ocoerente.com.br\/se\/2023\/03\/08\/sintasa-avanca-na-negociacao-do-acordo-coletivo-2023-24-com-aprovacao-de-28-clausulas-da-minuta-da-categoria\/"]}]},{"@type":"ImageObject","inLanguage":"pt-BR","@id":"https:\/\/ocoerente.com.br\/se\/2023\/03\/08\/sintasa-avanca-na-negociacao-do-acordo-coletivo-2023-24-com-aprovacao-de-28-clausulas-da-minuta-da-categoria\/#primaryimage","url":"https:\/\/ocoerente.com.br\/se\/wp-content\/uploads\/2023\/03\/sinnnta.jpg","contentUrl":"https:\/\/ocoerente.com.br\/se\/wp-content\/uploads\/2023\/03\/sinnnta.jpg","width":1000,"height":680},{"@type":"BreadcrumbList","@id":"https:\/\/ocoerente.com.br\/se\/2023\/03\/08\/sintasa-avanca-na-negociacao-do-acordo-coletivo-2023-24-com-aprovacao-de-28-clausulas-da-minuta-da-categoria\/#breadcrumb","itemListElement":[{"@type":"ListItem","position":1,"name":"In\u00edcio","item":"https:\/\/ocoerente.com.br\/se\/"},{"@type":"ListItem","position":2,"name":"Sintasa Avan\u00e7a Na Negocia\u00e7\u00e3o Do Acordo Coletivo 2023-24 Com Aprova\u00e7\u00e3o De 28 Cl\u00e1usulas Da Minuta Da Categoria"}]},{"@type":"WebSite","@id":"https:\/\/ocoerente.com.br\/se\/#website","url":"https:\/\/ocoerente.com.br\/se\/","name":"O Coerente","description":"","publisher":{"@id":"https:\/\/ocoerente.com.br\/se\/#\/schema\/person\/cc6bfd9fbca465e23543b0c963d8d037"},"potentialAction":[{"@type":"SearchAction","target":{"@type":"EntryPoint","urlTemplate":"https:\/\/ocoerente.com.br\/se\/?s={search_term_string}"},"query-input":{"@type":"PropertyValueSpecification","valueRequired":true,"valueName":"search_term_string"}}],"inLanguage":"pt-BR"},{"@type":["Person","Organization"],"@id":"https:\/\/ocoerente.com.br\/se\/#\/schema\/person\/cc6bfd9fbca465e23543b0c963d8d037","name":"Reda\u00e7\u00e3o","image":{"@type":"ImageObject","inLanguage":"pt-BR","@id":"https:\/\/ocoerente.com.br\/se\/wp-content\/uploads\/2020\/01\/ocoerente-1.png","url":"https:\/\/ocoerente.com.br\/se\/wp-content\/uploads\/2020\/01\/ocoerente-1.png","contentUrl":"https:\/\/ocoerente.com.br\/se\/wp-content\/uploads\/2020\/01\/ocoerente-1.png","width":50,"height":50,"caption":"Reda\u00e7\u00e3o"},"logo":{"@id":"https:\/\/ocoerente.com.br\/se\/wp-content\/uploads\/2020\/01\/ocoerente-1.png"},"url":"https:\/\/ocoerente.com.br\/se\/author\/vasticlsales\/"}]}},"_links":{"self":[{"href":"https:\/\/ocoerente.com.br\/se\/wp-json\/wp\/v2\/posts\/7386","targetHints":{"allow":["GET"]}}],"collection":[{"href":"https:\/\/ocoerente.com.br\/se\/wp-json\/wp\/v2\/posts"}],"about":[{"href":"https:\/\/ocoerente.com.br\/se\/wp-json\/wp\/v2\/types\/post"}],"author":[{"embeddable":true,"href":"https:\/\/ocoerente.com.br\/se\/wp-json\/wp\/v2\/users\/1"}],"replies":[{"embeddable":true,"href":"https:\/\/ocoerente.com.br\/se\/wp-json\/wp\/v2\/comments?post=7386"}],"version-history":[{"count":1,"href":"https:\/\/ocoerente.com.br\/se\/wp-json\/wp\/v2\/posts\/7386\/revisions"}],"predecessor-version":[{"id":7388,"href":"https:\/\/ocoerente.com.br\/se\/wp-json\/wp\/v2\/posts\/7386\/revisions\/7388"}],"wp:featuredmedia":[{"embeddable":true,"href":"https:\/\/ocoerente.com.br\/se\/wp-json\/wp\/v2\/media\/7387"}],"wp:attachment":[{"href":"https:\/\/ocoerente.com.br\/se\/wp-json\/wp\/v2\/media?parent=7386"}],"wp:term":[{"taxonomy":"category","embeddable":true,"href":"https:\/\/ocoerente.com.br\/se\/wp-json\/wp\/v2\/categories?post=7386"},{"taxonomy":"post_tag","embeddable":true,"href":"https:\/\/ocoerente.com.br\/se\/wp-json\/wp\/v2\/tags?post=7386"}],"curies":[{"name":"wp","href":"https:\/\/api.w.org\/{rel}","templated":true}]}}