{"id":7324,"date":"2023-01-10T01:02:44","date_gmt":"2023-01-10T04:02:44","guid":{"rendered":"https:\/\/ocoerente.com.br\/se\/?p=7324"},"modified":"2023-01-10T01:02:45","modified_gmt":"2023-01-10T04:02:45","slug":"fabio-mitidieri-se-reune-com-lula-e-defende-uniao-para-impedir-barbarie","status":"publish","type":"post","link":"https:\/\/ocoerente.com.br\/se\/2023\/01\/10\/fabio-mitidieri-se-reune-com-lula-e-defende-uniao-para-impedir-barbarie\/","title":{"rendered":"F\u00e1bio Mitidieri se re\u00fane com Lula e defende uni\u00e3o para impedir barb\u00e1rie"},"content":{"rendered":"\n<p>Governador enfatiza defesa da Democracia ap\u00f3s atos de vandalismo em Bras\u00edlia<\/p>\n\n\n\n<p>O governador de Sergipe, F\u00e1bio Mitidieri, participou, na noite desta segunda-feira (9), de reuni\u00e3o convocada pelo presidente da Rep\u00fablica, Luiz In\u00e1cio Lula da Silva, em Bras\u00edlia, para discutir e apoiar a\u00e7\u00f5es conjuntas com governadores, e com os poderes Legislativo e Judici\u00e1rio, ap\u00f3s os atos antidemocr\u00e1ticos que atingiram a Pra\u00e7a dos Tr\u00eas Poderes, na capital federal, no domingo (8). O encontro aconteceu menos de 24 horas ap\u00f3s o epis\u00f3dio de vandalismo .<\/p>\n\n\n\n<p>F\u00e1bio lembrou que Sergipe enviar\u00e1 40 integrantes da Pol\u00edcia Militar para refor\u00e7ar o efetivo da For\u00e7a Nacional no Distrito Federal. Ele criticou os ataques \u00e0s institui\u00e7\u00f5es e ao povo brasileiro, assim como defendeu a apura\u00e7\u00e3o rigorosa de todos os fatos, para que epis\u00f3dios desta natureza n\u00e3o voltem a ocorrer no Brasil.<\/p>\n\n\n\n<p>&#8220;Esta foi uma primeira reuni\u00e3o para fortalecermos a nossa democracia depois de todo o vandalismo que vimos aqui, ontem. Os 27 governos de Estados e do Distrito Federal estiveram aqui presentes fortalecendo, ao lado do STF, da Presid\u00eancia da Rep\u00fablica, do Congresso Nacional, fortalecendo a nossa unidade na defesa do Estado Democr\u00e1tico de Direito&#8221;, afirmou F\u00e1bio.<\/p>\n\n\n\n<p>&#8220;O estado de Sergipe j\u00e1 destinou 40 homens e mulheres para tamb\u00e9m ajudar a For\u00e7a Nacional, fazendo a nossa parte. Acho que \u00e9 nesse momento de dificuldade que os estados t\u00eam que mostrar a sua for\u00e7a e o seu apoio e foi isso que n\u00f3s fizemos&#8221;, comentou o governador.<\/p>\n\n\n\n<p>O presidente Lula disse que o pa\u00eds n\u00e3o vai permitir que a democracia escape das m\u00e3os. Ao encerrar a reuni\u00e3o, disse que a democracia \u00e9 o \u00fanico regime que pode possibilitar que todas as pessoas no Brasil possam fazer tr\u00eas refei\u00e7\u00f5es por dia.<\/p>\n\n\n\n<p>&#8220;N\u00f3s n\u00e3o vamos permitir que a democracia escape das nossas m\u00e3os, porque \u00e9 a \u00fanica chance de a gente garantir que esse povo humilde consiga comer tr\u00eas vezes ao dia, ou ter direito de trabalhar&#8221;, disse Lula. Ele tamb\u00e9m afirmou que as institui\u00e7\u00f5es v\u00e3o investigar e v\u00e3o chegar at\u00e9 os financiadores dos atos golpistas em Bras\u00edlia.<\/p>\n\n\n\n<p>Foram a Bras\u00edlia 23 governadores. Os outros quatro estados enviaram representantes. Todos os discursos no encontro foram de defesa da democracia e rep\u00fadio aos ataques do domingo, quando uma minoria radical depredou o Pal\u00e1cio do Planalto e os pr\u00e9dios do Congresso e do Supremo Tribunal Federal (STF).<\/p>\n\n\n\n<p>Ap\u00f3s a reuni\u00e3o no Pal\u00e1cio do Planalto, as autoridades caminharam at\u00e9 o pr\u00e9dio do STF, a convite da presidente Rosa Weber, para observar a destrui\u00e7\u00e3o feita na sede do Poder Judici\u00e1rio brasileiro. &#8220;Temos que tirar de exemplo este fato e nos unir para que nunca mais a barb\u00e1rie tente amea\u00e7ar nosso pa\u00eds&#8221;, destacou F\u00e1bio Mitidieri, consternado com a destrui\u00e7\u00e3o das instala\u00e7\u00f5es.<\/p>\n\n\n\n<p>Tamb\u00e9m participaram do encontro a presidente do STF, ministra Rosa Weber, o presidente em exerc\u00edcio do Congresso Nacional e do Senado, senador Veneziano Vital do R\u00eago, o presidente da C\u00e2mara, deputado federal Arthur Lira, entre outros ministros do Governo Federal, como o ministro da Secretaria Geral da Presid\u00eancia, M\u00e1rcio Macedo, e do Supremo. Representando a Frente Nacional de Prefeitos (FNP), participou da agenda o prefeito de Aracaju, Edvaldo Nogueira.<\/p>\n\n\n\n<figure class=\"wp-block-video\"><video height=\"480\" style=\"aspect-ratio: 848 \/ 480;\" width=\"848\" controls src=\"https:\/\/ocoerente.com.br\/se\/wp-content\/uploads\/2023\/01\/lulamitiiii.mp4\"><\/video><\/figure>\n\n\n\n<p><\/p>\n","protected":false},"excerpt":{"rendered":"<p>Governador enfatiza defesa da Democracia ap\u00f3s atos de vandalismo em Bras\u00edlia O governador de Sergipe, F\u00e1bio Mitidieri, participou, na noite desta segunda-feira (9), de reuni\u00e3o convocada pelo presidente da Rep\u00fablica, Luiz In\u00e1cio Lula da Silva, em Bras\u00edlia, para discutir e apoiar a\u00e7\u00f5es conjuntas com governadores, e com os poderes Legislativo e Judici\u00e1rio, ap\u00f3s os atos [&hellip;]<\/p>\n","protected":false},"author":1,"featured_media":7325,"comment_status":"closed","ping_status":"closed","sticky":false,"template":"","format":"standard","meta":{"footnotes":""},"categories":[48,44,43],"tags":[],"class_list":["post-7324","post","type-post","status-publish","format-standard","has-post-thumbnail","hentry","category-brasil","category-politica","category-sergipe"],"yoast_head":"<!-- This site is optimized with the Yoast SEO plugin v27.4 - https:\/\/yoast.com\/product\/yoast-seo-wordpress\/ -->\n<title>F\u00e1bio Mitidieri se re\u00fane com Lula e defende uni\u00e3o para impedir barb\u00e1rie - O Coerente<\/title>\n<meta name=\"robots\" content=\"index, follow, max-snippet:-1, max-image-preview:large, max-video-preview:-1\" \/>\n<link rel=\"canonical\" href=\"https:\/\/ocoerente.com.br\/se\/2023\/01\/10\/fabio-mitidieri-se-reune-com-lula-e-defende-uniao-para-impedir-barbarie\/\" \/>\n<meta property=\"og:locale\" content=\"pt_BR\" \/>\n<meta property=\"og:type\" content=\"article\" \/>\n<meta property=\"og:title\" content=\"F\u00e1bio Mitidieri se re\u00fane com Lula e defende uni\u00e3o para impedir barb\u00e1rie - O Coerente\" \/>\n<meta property=\"og:description\" content=\"Governador enfatiza defesa da Democracia ap\u00f3s atos de vandalismo em Bras\u00edlia O governador de Sergipe, F\u00e1bio Mitidieri, participou, na noite desta segunda-feira (9), de reuni\u00e3o convocada pelo presidente da Rep\u00fablica, Luiz In\u00e1cio Lula da Silva, em Bras\u00edlia, para discutir e apoiar a\u00e7\u00f5es conjuntas com governadores, e com os poderes Legislativo e Judici\u00e1rio, ap\u00f3s os atos [&hellip;]\" \/>\n<meta property=\"og:url\" content=\"https:\/\/ocoerente.com.br\/se\/2023\/01\/10\/fabio-mitidieri-se-reune-com-lula-e-defende-uniao-para-impedir-barbarie\/\" \/>\n<meta property=\"og:site_name\" content=\"O Coerente\" \/>\n<meta property=\"article:published_time\" content=\"2023-01-10T04:02:44+00:00\" \/>\n<meta property=\"article:modified_time\" content=\"2023-01-10T04:02:45+00:00\" \/>\n<meta property=\"og:image\" content=\"https:\/\/ocoerente.com.br\/se\/wp-content\/uploads\/2023\/01\/mitilula2.jpg\" \/>\n\t<meta property=\"og:image:width\" content=\"1600\" \/>\n\t<meta property=\"og:image:height\" content=\"1066\" \/>\n\t<meta property=\"og:image:type\" content=\"image\/jpeg\" \/>\n<meta name=\"author\" content=\"Reda\u00e7\u00e3o\" \/>\n<meta name=\"twitter:card\" content=\"summary_large_image\" \/>\n<meta name=\"twitter:label1\" content=\"Escrito por\" \/>\n\t<meta name=\"twitter:data1\" content=\"Reda\u00e7\u00e3o\" \/>\n\t<meta name=\"twitter:label2\" content=\"Est. tempo de leitura\" \/>\n\t<meta name=\"twitter:data2\" content=\"3 minutos\" \/>\n<script type=\"application\/ld+json\" class=\"yoast-schema-graph\">{\"@context\":\"https:\\\/\\\/schema.org\",\"@graph\":[{\"@type\":\"Article\",\"@id\":\"https:\\\/\\\/ocoerente.com.br\\\/se\\\/2023\\\/01\\\/10\\\/fabio-mitidieri-se-reune-com-lula-e-defende-uniao-para-impedir-barbarie\\\/#article\",\"isPartOf\":{\"@id\":\"https:\\\/\\\/ocoerente.com.br\\\/se\\\/2023\\\/01\\\/10\\\/fabio-mitidieri-se-reune-com-lula-e-defende-uniao-para-impedir-barbarie\\\/\"},\"author\":{\"name\":\"Reda\u00e7\u00e3o\",\"@id\":\"https:\\\/\\\/ocoerente.com.br\\\/se\\\/#\\\/schema\\\/person\\\/cc6bfd9fbca465e23543b0c963d8d037\"},\"headline\":\"F\u00e1bio Mitidieri se re\u00fane com Lula e defende uni\u00e3o para impedir barb\u00e1rie\",\"datePublished\":\"2023-01-10T04:02:44+00:00\",\"dateModified\":\"2023-01-10T04:02:45+00:00\",\"mainEntityOfPage\":{\"@id\":\"https:\\\/\\\/ocoerente.com.br\\\/se\\\/2023\\\/01\\\/10\\\/fabio-mitidieri-se-reune-com-lula-e-defende-uniao-para-impedir-barbarie\\\/\"},\"wordCount\":589,\"publisher\":{\"@id\":\"https:\\\/\\\/ocoerente.com.br\\\/se\\\/#\\\/schema\\\/person\\\/cc6bfd9fbca465e23543b0c963d8d037\"},\"image\":{\"@id\":\"https:\\\/\\\/ocoerente.com.br\\\/se\\\/2023\\\/01\\\/10\\\/fabio-mitidieri-se-reune-com-lula-e-defende-uniao-para-impedir-barbarie\\\/#primaryimage\"},\"thumbnailUrl\":\"https:\\\/\\\/ocoerente.com.br\\\/se\\\/wp-content\\\/uploads\\\/2023\\\/01\\\/mitilula2.jpg\",\"articleSection\":[\"Brasil\",\"Pol\u00edtica\",\"Sergipe\"],\"inLanguage\":\"pt-BR\"},{\"@type\":\"WebPage\",\"@id\":\"https:\\\/\\\/ocoerente.com.br\\\/se\\\/2023\\\/01\\\/10\\\/fabio-mitidieri-se-reune-com-lula-e-defende-uniao-para-impedir-barbarie\\\/\",\"url\":\"https:\\\/\\\/ocoerente.com.br\\\/se\\\/2023\\\/01\\\/10\\\/fabio-mitidieri-se-reune-com-lula-e-defende-uniao-para-impedir-barbarie\\\/\",\"name\":\"F\u00e1bio Mitidieri se re\u00fane com Lula e defende uni\u00e3o para impedir barb\u00e1rie - O Coerente\",\"isPartOf\":{\"@id\":\"https:\\\/\\\/ocoerente.com.br\\\/se\\\/#website\"},\"primaryImageOfPage\":{\"@id\":\"https:\\\/\\\/ocoerente.com.br\\\/se\\\/2023\\\/01\\\/10\\\/fabio-mitidieri-se-reune-com-lula-e-defende-uniao-para-impedir-barbarie\\\/#primaryimage\"},\"image\":{\"@id\":\"https:\\\/\\\/ocoerente.com.br\\\/se\\\/2023\\\/01\\\/10\\\/fabio-mitidieri-se-reune-com-lula-e-defende-uniao-para-impedir-barbarie\\\/#primaryimage\"},\"thumbnailUrl\":\"https:\\\/\\\/ocoerente.com.br\\\/se\\\/wp-content\\\/uploads\\\/2023\\\/01\\\/mitilula2.jpg\",\"datePublished\":\"2023-01-10T04:02:44+00:00\",\"dateModified\":\"2023-01-10T04:02:45+00:00\",\"breadcrumb\":{\"@id\":\"https:\\\/\\\/ocoerente.com.br\\\/se\\\/2023\\\/01\\\/10\\\/fabio-mitidieri-se-reune-com-lula-e-defende-uniao-para-impedir-barbarie\\\/#breadcrumb\"},\"inLanguage\":\"pt-BR\",\"potentialAction\":[{\"@type\":\"ReadAction\",\"target\":[\"https:\\\/\\\/ocoerente.com.br\\\/se\\\/2023\\\/01\\\/10\\\/fabio-mitidieri-se-reune-com-lula-e-defende-uniao-para-impedir-barbarie\\\/\"]}]},{\"@type\":\"ImageObject\",\"inLanguage\":\"pt-BR\",\"@id\":\"https:\\\/\\\/ocoerente.com.br\\\/se\\\/2023\\\/01\\\/10\\\/fabio-mitidieri-se-reune-com-lula-e-defende-uniao-para-impedir-barbarie\\\/#primaryimage\",\"url\":\"https:\\\/\\\/ocoerente.com.br\\\/se\\\/wp-content\\\/uploads\\\/2023\\\/01\\\/mitilula2.jpg\",\"contentUrl\":\"https:\\\/\\\/ocoerente.com.br\\\/se\\\/wp-content\\\/uploads\\\/2023\\\/01\\\/mitilula2.jpg\",\"width\":1600,\"height\":1066},{\"@type\":\"BreadcrumbList\",\"@id\":\"https:\\\/\\\/ocoerente.com.br\\\/se\\\/2023\\\/01\\\/10\\\/fabio-mitidieri-se-reune-com-lula-e-defende-uniao-para-impedir-barbarie\\\/#breadcrumb\",\"itemListElement\":[{\"@type\":\"ListItem\",\"position\":1,\"name\":\"In\u00edcio\",\"item\":\"https:\\\/\\\/ocoerente.com.br\\\/se\\\/\"},{\"@type\":\"ListItem\",\"position\":2,\"name\":\"F\u00e1bio Mitidieri se re\u00fane com Lula e defende uni\u00e3o para impedir barb\u00e1rie\"}]},{\"@type\":\"WebSite\",\"@id\":\"https:\\\/\\\/ocoerente.com.br\\\/se\\\/#website\",\"url\":\"https:\\\/\\\/ocoerente.com.br\\\/se\\\/\",\"name\":\"O Coerente\",\"description\":\"\",\"publisher\":{\"@id\":\"https:\\\/\\\/ocoerente.com.br\\\/se\\\/#\\\/schema\\\/person\\\/cc6bfd9fbca465e23543b0c963d8d037\"},\"potentialAction\":[{\"@type\":\"SearchAction\",\"target\":{\"@type\":\"EntryPoint\",\"urlTemplate\":\"https:\\\/\\\/ocoerente.com.br\\\/se\\\/?s={search_term_string}\"},\"query-input\":{\"@type\":\"PropertyValueSpecification\",\"valueRequired\":true,\"valueName\":\"search_term_string\"}}],\"inLanguage\":\"pt-BR\"},{\"@type\":[\"Person\",\"Organization\"],\"@id\":\"https:\\\/\\\/ocoerente.com.br\\\/se\\\/#\\\/schema\\\/person\\\/cc6bfd9fbca465e23543b0c963d8d037\",\"name\":\"Reda\u00e7\u00e3o\",\"image\":{\"@type\":\"ImageObject\",\"inLanguage\":\"pt-BR\",\"@id\":\"https:\\\/\\\/ocoerente.com.br\\\/se\\\/wp-content\\\/uploads\\\/2020\\\/01\\\/ocoerente-1.png\",\"url\":\"https:\\\/\\\/ocoerente.com.br\\\/se\\\/wp-content\\\/uploads\\\/2020\\\/01\\\/ocoerente-1.png\",\"contentUrl\":\"https:\\\/\\\/ocoerente.com.br\\\/se\\\/wp-content\\\/uploads\\\/2020\\\/01\\\/ocoerente-1.png\",\"width\":50,\"height\":50,\"caption\":\"Reda\u00e7\u00e3o\"},\"logo\":{\"@id\":\"https:\\\/\\\/ocoerente.com.br\\\/se\\\/wp-content\\\/uploads\\\/2020\\\/01\\\/ocoerente-1.png\"},\"url\":\"https:\\\/\\\/ocoerente.com.br\\\/se\\\/author\\\/vasticlsales\\\/\"}]}<\/script>\n<!-- \/ Yoast SEO plugin. -->","yoast_head_json":{"title":"F\u00e1bio Mitidieri se re\u00fane com Lula e defende uni\u00e3o para impedir barb\u00e1rie - O Coerente","robots":{"index":"index","follow":"follow","max-snippet":"max-snippet:-1","max-image-preview":"max-image-preview:large","max-video-preview":"max-video-preview:-1"},"canonical":"https:\/\/ocoerente.com.br\/se\/2023\/01\/10\/fabio-mitidieri-se-reune-com-lula-e-defende-uniao-para-impedir-barbarie\/","og_locale":"pt_BR","og_type":"article","og_title":"F\u00e1bio Mitidieri se re\u00fane com Lula e defende uni\u00e3o para impedir barb\u00e1rie - O Coerente","og_description":"Governador enfatiza defesa da Democracia ap\u00f3s atos de vandalismo em Bras\u00edlia O governador de Sergipe, F\u00e1bio Mitidieri, participou, na noite desta segunda-feira (9), de reuni\u00e3o convocada pelo presidente da Rep\u00fablica, Luiz In\u00e1cio Lula da Silva, em Bras\u00edlia, para discutir e apoiar a\u00e7\u00f5es conjuntas com governadores, e com os poderes Legislativo e Judici\u00e1rio, ap\u00f3s os atos [&hellip;]","og_url":"https:\/\/ocoerente.com.br\/se\/2023\/01\/10\/fabio-mitidieri-se-reune-com-lula-e-defende-uniao-para-impedir-barbarie\/","og_site_name":"O Coerente","article_published_time":"2023-01-10T04:02:44+00:00","article_modified_time":"2023-01-10T04:02:45+00:00","og_image":[{"width":1600,"height":1066,"url":"https:\/\/ocoerente.com.br\/se\/wp-content\/uploads\/2023\/01\/mitilula2.jpg","type":"image\/jpeg"}],"author":"Reda\u00e7\u00e3o","twitter_card":"summary_large_image","twitter_misc":{"Escrito por":"Reda\u00e7\u00e3o","Est. tempo de leitura":"3 minutos"},"schema":{"@context":"https:\/\/schema.org","@graph":[{"@type":"Article","@id":"https:\/\/ocoerente.com.br\/se\/2023\/01\/10\/fabio-mitidieri-se-reune-com-lula-e-defende-uniao-para-impedir-barbarie\/#article","isPartOf":{"@id":"https:\/\/ocoerente.com.br\/se\/2023\/01\/10\/fabio-mitidieri-se-reune-com-lula-e-defende-uniao-para-impedir-barbarie\/"},"author":{"name":"Reda\u00e7\u00e3o","@id":"https:\/\/ocoerente.com.br\/se\/#\/schema\/person\/cc6bfd9fbca465e23543b0c963d8d037"},"headline":"F\u00e1bio Mitidieri se re\u00fane com Lula e defende uni\u00e3o para impedir barb\u00e1rie","datePublished":"2023-01-10T04:02:44+00:00","dateModified":"2023-01-10T04:02:45+00:00","mainEntityOfPage":{"@id":"https:\/\/ocoerente.com.br\/se\/2023\/01\/10\/fabio-mitidieri-se-reune-com-lula-e-defende-uniao-para-impedir-barbarie\/"},"wordCount":589,"publisher":{"@id":"https:\/\/ocoerente.com.br\/se\/#\/schema\/person\/cc6bfd9fbca465e23543b0c963d8d037"},"image":{"@id":"https:\/\/ocoerente.com.br\/se\/2023\/01\/10\/fabio-mitidieri-se-reune-com-lula-e-defende-uniao-para-impedir-barbarie\/#primaryimage"},"thumbnailUrl":"https:\/\/ocoerente.com.br\/se\/wp-content\/uploads\/2023\/01\/mitilula2.jpg","articleSection":["Brasil","Pol\u00edtica","Sergipe"],"inLanguage":"pt-BR"},{"@type":"WebPage","@id":"https:\/\/ocoerente.com.br\/se\/2023\/01\/10\/fabio-mitidieri-se-reune-com-lula-e-defende-uniao-para-impedir-barbarie\/","url":"https:\/\/ocoerente.com.br\/se\/2023\/01\/10\/fabio-mitidieri-se-reune-com-lula-e-defende-uniao-para-impedir-barbarie\/","name":"F\u00e1bio Mitidieri se re\u00fane com Lula e defende uni\u00e3o para impedir barb\u00e1rie - O Coerente","isPartOf":{"@id":"https:\/\/ocoerente.com.br\/se\/#website"},"primaryImageOfPage":{"@id":"https:\/\/ocoerente.com.br\/se\/2023\/01\/10\/fabio-mitidieri-se-reune-com-lula-e-defende-uniao-para-impedir-barbarie\/#primaryimage"},"image":{"@id":"https:\/\/ocoerente.com.br\/se\/2023\/01\/10\/fabio-mitidieri-se-reune-com-lula-e-defende-uniao-para-impedir-barbarie\/#primaryimage"},"thumbnailUrl":"https:\/\/ocoerente.com.br\/se\/wp-content\/uploads\/2023\/01\/mitilula2.jpg","datePublished":"2023-01-10T04:02:44+00:00","dateModified":"2023-01-10T04:02:45+00:00","breadcrumb":{"@id":"https:\/\/ocoerente.com.br\/se\/2023\/01\/10\/fabio-mitidieri-se-reune-com-lula-e-defende-uniao-para-impedir-barbarie\/#breadcrumb"},"inLanguage":"pt-BR","potentialAction":[{"@type":"ReadAction","target":["https:\/\/ocoerente.com.br\/se\/2023\/01\/10\/fabio-mitidieri-se-reune-com-lula-e-defende-uniao-para-impedir-barbarie\/"]}]},{"@type":"ImageObject","inLanguage":"pt-BR","@id":"https:\/\/ocoerente.com.br\/se\/2023\/01\/10\/fabio-mitidieri-se-reune-com-lula-e-defende-uniao-para-impedir-barbarie\/#primaryimage","url":"https:\/\/ocoerente.com.br\/se\/wp-content\/uploads\/2023\/01\/mitilula2.jpg","contentUrl":"https:\/\/ocoerente.com.br\/se\/wp-content\/uploads\/2023\/01\/mitilula2.jpg","width":1600,"height":1066},{"@type":"BreadcrumbList","@id":"https:\/\/ocoerente.com.br\/se\/2023\/01\/10\/fabio-mitidieri-se-reune-com-lula-e-defende-uniao-para-impedir-barbarie\/#breadcrumb","itemListElement":[{"@type":"ListItem","position":1,"name":"In\u00edcio","item":"https:\/\/ocoerente.com.br\/se\/"},{"@type":"ListItem","position":2,"name":"F\u00e1bio Mitidieri se re\u00fane com Lula e defende uni\u00e3o para impedir barb\u00e1rie"}]},{"@type":"WebSite","@id":"https:\/\/ocoerente.com.br\/se\/#website","url":"https:\/\/ocoerente.com.br\/se\/","name":"O Coerente","description":"","publisher":{"@id":"https:\/\/ocoerente.com.br\/se\/#\/schema\/person\/cc6bfd9fbca465e23543b0c963d8d037"},"potentialAction":[{"@type":"SearchAction","target":{"@type":"EntryPoint","urlTemplate":"https:\/\/ocoerente.com.br\/se\/?s={search_term_string}"},"query-input":{"@type":"PropertyValueSpecification","valueRequired":true,"valueName":"search_term_string"}}],"inLanguage":"pt-BR"},{"@type":["Person","Organization"],"@id":"https:\/\/ocoerente.com.br\/se\/#\/schema\/person\/cc6bfd9fbca465e23543b0c963d8d037","name":"Reda\u00e7\u00e3o","image":{"@type":"ImageObject","inLanguage":"pt-BR","@id":"https:\/\/ocoerente.com.br\/se\/wp-content\/uploads\/2020\/01\/ocoerente-1.png","url":"https:\/\/ocoerente.com.br\/se\/wp-content\/uploads\/2020\/01\/ocoerente-1.png","contentUrl":"https:\/\/ocoerente.com.br\/se\/wp-content\/uploads\/2020\/01\/ocoerente-1.png","width":50,"height":50,"caption":"Reda\u00e7\u00e3o"},"logo":{"@id":"https:\/\/ocoerente.com.br\/se\/wp-content\/uploads\/2020\/01\/ocoerente-1.png"},"url":"https:\/\/ocoerente.com.br\/se\/author\/vasticlsales\/"}]}},"_links":{"self":[{"href":"https:\/\/ocoerente.com.br\/se\/wp-json\/wp\/v2\/posts\/7324","targetHints":{"allow":["GET"]}}],"collection":[{"href":"https:\/\/ocoerente.com.br\/se\/wp-json\/wp\/v2\/posts"}],"about":[{"href":"https:\/\/ocoerente.com.br\/se\/wp-json\/wp\/v2\/types\/post"}],"author":[{"embeddable":true,"href":"https:\/\/ocoerente.com.br\/se\/wp-json\/wp\/v2\/users\/1"}],"replies":[{"embeddable":true,"href":"https:\/\/ocoerente.com.br\/se\/wp-json\/wp\/v2\/comments?post=7324"}],"version-history":[{"count":1,"href":"https:\/\/ocoerente.com.br\/se\/wp-json\/wp\/v2\/posts\/7324\/revisions"}],"predecessor-version":[{"id":7327,"href":"https:\/\/ocoerente.com.br\/se\/wp-json\/wp\/v2\/posts\/7324\/revisions\/7327"}],"wp:featuredmedia":[{"embeddable":true,"href":"https:\/\/ocoerente.com.br\/se\/wp-json\/wp\/v2\/media\/7325"}],"wp:attachment":[{"href":"https:\/\/ocoerente.com.br\/se\/wp-json\/wp\/v2\/media?parent=7324"}],"wp:term":[{"taxonomy":"category","embeddable":true,"href":"https:\/\/ocoerente.com.br\/se\/wp-json\/wp\/v2\/categories?post=7324"},{"taxonomy":"post_tag","embeddable":true,"href":"https:\/\/ocoerente.com.br\/se\/wp-json\/wp\/v2\/tags?post=7324"}],"curies":[{"name":"wp","href":"https:\/\/api.w.org\/{rel}","templated":true}]}}