{"id":7315,"date":"2023-01-10T00:54:40","date_gmt":"2023-01-10T03:54:40","guid":{"rendered":"https:\/\/ocoerente.com.br\/se\/?p=7315"},"modified":"2023-01-10T00:54:41","modified_gmt":"2023-01-10T03:54:41","slug":"ministro-da-pesca-e-aquicultura-vira-a-sergipe-discutir-acoes-para-o-setor","status":"publish","type":"post","link":"https:\/\/ocoerente.com.br\/se\/2023\/01\/10\/ministro-da-pesca-e-aquicultura-vira-a-sergipe-discutir-acoes-para-o-setor\/","title":{"rendered":"Ministro da Pesca e Aquicultura vir\u00e1 a Sergipe discutir a\u00e7\u00f5es para o setor"},"content":{"rendered":"\n<p>Governador F\u00e1bio Mitidieri teve audi\u00eancia com Andr\u00e9 de Paula em Bras\u00edlia<\/p>\n\n\n\n<p>O governador de Sergipe, F\u00e1bio Mitidieri (PSD-SE), teve audi\u00eancia com o ministro Pesca e Aquicultura, Andr\u00e9 de Paula (PSD-PE), na sede da Pasta, em Bras\u00edlia (DF), nesta segunda-feira (9). Na pauta, a busca de projetos e de investimentos para fomentar a ind\u00fastria do pescado e a situa\u00e7\u00e3o de profissionais do setor, no estado. Na oportunidade, o rec\u00e9m empossado ministro se comprometeu em visitar Sergipe assim que tiver organizado a estrutura do novo Minist\u00e9rio.<\/p>\n\n\n\n<p>\u201cQuero agradecer a aten\u00e7\u00e3o do ministro Andr\u00e9 de Paula, que \u00e9 um grande amigo do PSD, colega na C\u00e2mara dos Deputados. Agora estou muito feliz em v\u00ea-lo ministro, podendo ajudar o Brasil, podendo ajudar a pesca no nosso pa\u00eds\u201d, destacou F\u00e1bio.<\/p>\n\n\n\n<p>O governador afirmou ao ministro que Sergipe quer ser uma refer\u00eancia tamb\u00e9m na pesca. \u201cEu disse a ele que ajude o nosso estado como ele sempre fez pelo Brasil, para que a gente possa promover a nossa pesca, ajudar os pescadores do nosso estado. Hoje tamb\u00e9m dei os parab\u00e9ns pessoalmente pela possa recente. Sei que o ministro est\u00e1 \u2018arrumando a casa\u2019, mas logo quero v\u00ea-lo em Sergipe\u201d, acrescentou F\u00e1bio.<\/p>\n\n\n\n<p>A posse de Andr\u00e9 de Paula, no \u00faltimo dia 3 de janeiro marcou o retorno do Minist\u00e9rio da Pesca ao governo federal. A pasta deixou de existir em 2015. No governo passado, tinha status de secretaria.<\/p>\n\n\n\n<p>\u201cSer\u00e1 um prazer muito grande ir a Sergipe! O meu compromisso com F\u00e1bio \u00e9 que nos pr\u00f3ximos dias, com a \u201ccasa arrumada\u201d, a gente v\u00e1 \u00e0 Sergipe para fazer uma visita ao estado e trabalhar de m\u00e3os dadas com o governador F\u00e1bio Mitidieri. Temos muito orgulho de ver Sergipe governado por um jovem competente, talentoso e que tem muita vontade de transformar a vida dos sergipanos para melhor\u201d, frisou o ministro.<\/p>\n\n\n\n<p>Ainda de acordo com Andr\u00e9 de Paula, a vit\u00f3ria de F\u00e1bio nas Elei\u00e7\u00f5es de 2022 foi uma das vit\u00f3rias mais celebradas pelo PSD, segundo ele, n\u00e3o apenas porque F\u00e1bio \u00e9 um grande companheiro mas porque os correligion\u00e1rios dele t\u00eam certeza absoluta de que Sergipe est\u00e1 em boas m\u00e3os.<\/p>\n\n\n\n<p>\u201cF\u00e1bio era um dos deputados mais eficientes da bancada do PSD e um dos grandes amigos que eu fiz na vida p\u00fablica. Quero dizer que a nossa parceria ser\u00e1 muito estreita e muito fina e que com isso vai ganhar Sergipe\u201d, ressaltou.<\/p>\n\n\n\n<p>O governador foi acompanhado pelo secret\u00e1rio de Estado de Gabinete do Governador, Tiago Andrade Ara\u00fajo, e pela superintendente da Secretaria Especial de Representa\u00e7\u00e3o de Sergipe em Bras\u00edlia (Serese), Jaqueline Barbosa Caldeira.<\/p>\n\n\n\n<p>A audi\u00eancia tamb\u00e9m contou com o zootecnista Carlos Mello, mestre e doutor em Aquicultura, que ocupar\u00e1 a Secretaria Nacional de Pesca Industrial do Minist\u00e9rio.<\/p>\n\n\n\n<p>Na sequ\u00eancia, o governador F\u00e1bio Mitidieri tem reuni\u00e3o, no Pal\u00e1cio do Planato, com o presidente da Rep\u00fablica, Lu\u00edz In\u00e1cio Lula da Silva, e governadores de diversos estados, para tratar dos atos violentos contra as sedes dos Poderes Executivo, Legislativo e Judici\u00e1rio, ocorridos no domingo (8), na capital federal.<\/p>\n\n\n\n<p><\/p>\n","protected":false},"excerpt":{"rendered":"<p>Governador F\u00e1bio Mitidieri teve audi\u00eancia com Andr\u00e9 de Paula em Bras\u00edlia O governador de Sergipe, F\u00e1bio Mitidieri (PSD-SE), teve audi\u00eancia com o ministro Pesca e Aquicultura, Andr\u00e9 de Paula (PSD-PE), na sede da Pasta, em Bras\u00edlia (DF), nesta segunda-feira (9). Na pauta, a busca de projetos e de investimentos para fomentar a ind\u00fastria do pescado [&hellip;]<\/p>\n","protected":false},"author":1,"featured_media":7316,"comment_status":"closed","ping_status":"closed","sticky":false,"template":"","format":"standard","meta":{"footnotes":""},"categories":[53,44],"tags":[],"class_list":["post-7315","post","type-post","status-publish","format-standard","has-post-thumbnail","hentry","category-destaques","category-politica"],"yoast_head":"<!-- This site is optimized with the Yoast SEO plugin v27.4 - https:\/\/yoast.com\/product\/yoast-seo-wordpress\/ -->\n<title>Ministro da Pesca e Aquicultura vir\u00e1 a Sergipe discutir a\u00e7\u00f5es para o setor - O Coerente<\/title>\n<meta name=\"robots\" content=\"index, follow, max-snippet:-1, max-image-preview:large, max-video-preview:-1\" \/>\n<link rel=\"canonical\" href=\"https:\/\/ocoerente.com.br\/se\/2023\/01\/10\/ministro-da-pesca-e-aquicultura-vira-a-sergipe-discutir-acoes-para-o-setor\/\" \/>\n<meta property=\"og:locale\" content=\"pt_BR\" \/>\n<meta property=\"og:type\" content=\"article\" \/>\n<meta property=\"og:title\" content=\"Ministro da Pesca e Aquicultura vir\u00e1 a Sergipe discutir a\u00e7\u00f5es para o setor - O Coerente\" \/>\n<meta property=\"og:description\" content=\"Governador F\u00e1bio Mitidieri teve audi\u00eancia com Andr\u00e9 de Paula em Bras\u00edlia O governador de Sergipe, F\u00e1bio Mitidieri (PSD-SE), teve audi\u00eancia com o ministro Pesca e Aquicultura, Andr\u00e9 de Paula (PSD-PE), na sede da Pasta, em Bras\u00edlia (DF), nesta segunda-feira (9). Na pauta, a busca de projetos e de investimentos para fomentar a ind\u00fastria do pescado [&hellip;]\" \/>\n<meta property=\"og:url\" content=\"https:\/\/ocoerente.com.br\/se\/2023\/01\/10\/ministro-da-pesca-e-aquicultura-vira-a-sergipe-discutir-acoes-para-o-setor\/\" \/>\n<meta property=\"og:site_name\" content=\"O Coerente\" \/>\n<meta property=\"article:published_time\" content=\"2023-01-10T03:54:40+00:00\" \/>\n<meta property=\"article:modified_time\" content=\"2023-01-10T03:54:41+00:00\" \/>\n<meta property=\"og:image\" content=\"https:\/\/ocoerente.com.br\/se\/wp-content\/uploads\/2023\/01\/mit-agri.jpg\" \/>\n\t<meta property=\"og:image:width\" content=\"1600\" \/>\n\t<meta property=\"og:image:height\" content=\"1066\" \/>\n\t<meta property=\"og:image:type\" content=\"image\/jpeg\" \/>\n<meta name=\"author\" content=\"Reda\u00e7\u00e3o\" \/>\n<meta name=\"twitter:card\" content=\"summary_large_image\" \/>\n<meta name=\"twitter:label1\" content=\"Escrito por\" \/>\n\t<meta name=\"twitter:data1\" content=\"Reda\u00e7\u00e3o\" \/>\n\t<meta name=\"twitter:label2\" content=\"Est. tempo de leitura\" \/>\n\t<meta name=\"twitter:data2\" content=\"3 minutos\" \/>\n<script type=\"application\/ld+json\" class=\"yoast-schema-graph\">{\"@context\":\"https:\\\/\\\/schema.org\",\"@graph\":[{\"@type\":\"Article\",\"@id\":\"https:\\\/\\\/ocoerente.com.br\\\/se\\\/2023\\\/01\\\/10\\\/ministro-da-pesca-e-aquicultura-vira-a-sergipe-discutir-acoes-para-o-setor\\\/#article\",\"isPartOf\":{\"@id\":\"https:\\\/\\\/ocoerente.com.br\\\/se\\\/2023\\\/01\\\/10\\\/ministro-da-pesca-e-aquicultura-vira-a-sergipe-discutir-acoes-para-o-setor\\\/\"},\"author\":{\"name\":\"Reda\u00e7\u00e3o\",\"@id\":\"https:\\\/\\\/ocoerente.com.br\\\/se\\\/#\\\/schema\\\/person\\\/cc6bfd9fbca465e23543b0c963d8d037\"},\"headline\":\"Ministro da Pesca e Aquicultura vir\u00e1 a Sergipe discutir a\u00e7\u00f5es para o setor\",\"datePublished\":\"2023-01-10T03:54:40+00:00\",\"dateModified\":\"2023-01-10T03:54:41+00:00\",\"mainEntityOfPage\":{\"@id\":\"https:\\\/\\\/ocoerente.com.br\\\/se\\\/2023\\\/01\\\/10\\\/ministro-da-pesca-e-aquicultura-vira-a-sergipe-discutir-acoes-para-o-setor\\\/\"},\"wordCount\":551,\"publisher\":{\"@id\":\"https:\\\/\\\/ocoerente.com.br\\\/se\\\/#\\\/schema\\\/person\\\/cc6bfd9fbca465e23543b0c963d8d037\"},\"image\":{\"@id\":\"https:\\\/\\\/ocoerente.com.br\\\/se\\\/2023\\\/01\\\/10\\\/ministro-da-pesca-e-aquicultura-vira-a-sergipe-discutir-acoes-para-o-setor\\\/#primaryimage\"},\"thumbnailUrl\":\"https:\\\/\\\/ocoerente.com.br\\\/se\\\/wp-content\\\/uploads\\\/2023\\\/01\\\/mit-agri.jpg\",\"articleSection\":[\"Destaques\",\"Pol\u00edtica\"],\"inLanguage\":\"pt-BR\"},{\"@type\":\"WebPage\",\"@id\":\"https:\\\/\\\/ocoerente.com.br\\\/se\\\/2023\\\/01\\\/10\\\/ministro-da-pesca-e-aquicultura-vira-a-sergipe-discutir-acoes-para-o-setor\\\/\",\"url\":\"https:\\\/\\\/ocoerente.com.br\\\/se\\\/2023\\\/01\\\/10\\\/ministro-da-pesca-e-aquicultura-vira-a-sergipe-discutir-acoes-para-o-setor\\\/\",\"name\":\"Ministro da Pesca e Aquicultura vir\u00e1 a Sergipe discutir a\u00e7\u00f5es para o setor - O Coerente\",\"isPartOf\":{\"@id\":\"https:\\\/\\\/ocoerente.com.br\\\/se\\\/#website\"},\"primaryImageOfPage\":{\"@id\":\"https:\\\/\\\/ocoerente.com.br\\\/se\\\/2023\\\/01\\\/10\\\/ministro-da-pesca-e-aquicultura-vira-a-sergipe-discutir-acoes-para-o-setor\\\/#primaryimage\"},\"image\":{\"@id\":\"https:\\\/\\\/ocoerente.com.br\\\/se\\\/2023\\\/01\\\/10\\\/ministro-da-pesca-e-aquicultura-vira-a-sergipe-discutir-acoes-para-o-setor\\\/#primaryimage\"},\"thumbnailUrl\":\"https:\\\/\\\/ocoerente.com.br\\\/se\\\/wp-content\\\/uploads\\\/2023\\\/01\\\/mit-agri.jpg\",\"datePublished\":\"2023-01-10T03:54:40+00:00\",\"dateModified\":\"2023-01-10T03:54:41+00:00\",\"breadcrumb\":{\"@id\":\"https:\\\/\\\/ocoerente.com.br\\\/se\\\/2023\\\/01\\\/10\\\/ministro-da-pesca-e-aquicultura-vira-a-sergipe-discutir-acoes-para-o-setor\\\/#breadcrumb\"},\"inLanguage\":\"pt-BR\",\"potentialAction\":[{\"@type\":\"ReadAction\",\"target\":[\"https:\\\/\\\/ocoerente.com.br\\\/se\\\/2023\\\/01\\\/10\\\/ministro-da-pesca-e-aquicultura-vira-a-sergipe-discutir-acoes-para-o-setor\\\/\"]}]},{\"@type\":\"ImageObject\",\"inLanguage\":\"pt-BR\",\"@id\":\"https:\\\/\\\/ocoerente.com.br\\\/se\\\/2023\\\/01\\\/10\\\/ministro-da-pesca-e-aquicultura-vira-a-sergipe-discutir-acoes-para-o-setor\\\/#primaryimage\",\"url\":\"https:\\\/\\\/ocoerente.com.br\\\/se\\\/wp-content\\\/uploads\\\/2023\\\/01\\\/mit-agri.jpg\",\"contentUrl\":\"https:\\\/\\\/ocoerente.com.br\\\/se\\\/wp-content\\\/uploads\\\/2023\\\/01\\\/mit-agri.jpg\",\"width\":1600,\"height\":1066},{\"@type\":\"BreadcrumbList\",\"@id\":\"https:\\\/\\\/ocoerente.com.br\\\/se\\\/2023\\\/01\\\/10\\\/ministro-da-pesca-e-aquicultura-vira-a-sergipe-discutir-acoes-para-o-setor\\\/#breadcrumb\",\"itemListElement\":[{\"@type\":\"ListItem\",\"position\":1,\"name\":\"In\u00edcio\",\"item\":\"https:\\\/\\\/ocoerente.com.br\\\/se\\\/\"},{\"@type\":\"ListItem\",\"position\":2,\"name\":\"Ministro da Pesca e Aquicultura vir\u00e1 a Sergipe discutir a\u00e7\u00f5es para o setor\"}]},{\"@type\":\"WebSite\",\"@id\":\"https:\\\/\\\/ocoerente.com.br\\\/se\\\/#website\",\"url\":\"https:\\\/\\\/ocoerente.com.br\\\/se\\\/\",\"name\":\"O Coerente\",\"description\":\"\",\"publisher\":{\"@id\":\"https:\\\/\\\/ocoerente.com.br\\\/se\\\/#\\\/schema\\\/person\\\/cc6bfd9fbca465e23543b0c963d8d037\"},\"potentialAction\":[{\"@type\":\"SearchAction\",\"target\":{\"@type\":\"EntryPoint\",\"urlTemplate\":\"https:\\\/\\\/ocoerente.com.br\\\/se\\\/?s={search_term_string}\"},\"query-input\":{\"@type\":\"PropertyValueSpecification\",\"valueRequired\":true,\"valueName\":\"search_term_string\"}}],\"inLanguage\":\"pt-BR\"},{\"@type\":[\"Person\",\"Organization\"],\"@id\":\"https:\\\/\\\/ocoerente.com.br\\\/se\\\/#\\\/schema\\\/person\\\/cc6bfd9fbca465e23543b0c963d8d037\",\"name\":\"Reda\u00e7\u00e3o\",\"image\":{\"@type\":\"ImageObject\",\"inLanguage\":\"pt-BR\",\"@id\":\"https:\\\/\\\/ocoerente.com.br\\\/se\\\/wp-content\\\/uploads\\\/2020\\\/01\\\/ocoerente-1.png\",\"url\":\"https:\\\/\\\/ocoerente.com.br\\\/se\\\/wp-content\\\/uploads\\\/2020\\\/01\\\/ocoerente-1.png\",\"contentUrl\":\"https:\\\/\\\/ocoerente.com.br\\\/se\\\/wp-content\\\/uploads\\\/2020\\\/01\\\/ocoerente-1.png\",\"width\":50,\"height\":50,\"caption\":\"Reda\u00e7\u00e3o\"},\"logo\":{\"@id\":\"https:\\\/\\\/ocoerente.com.br\\\/se\\\/wp-content\\\/uploads\\\/2020\\\/01\\\/ocoerente-1.png\"},\"url\":\"https:\\\/\\\/ocoerente.com.br\\\/se\\\/author\\\/vasticlsales\\\/\"}]}<\/script>\n<!-- \/ Yoast SEO plugin. -->","yoast_head_json":{"title":"Ministro da Pesca e Aquicultura vir\u00e1 a Sergipe discutir a\u00e7\u00f5es para o setor - O Coerente","robots":{"index":"index","follow":"follow","max-snippet":"max-snippet:-1","max-image-preview":"max-image-preview:large","max-video-preview":"max-video-preview:-1"},"canonical":"https:\/\/ocoerente.com.br\/se\/2023\/01\/10\/ministro-da-pesca-e-aquicultura-vira-a-sergipe-discutir-acoes-para-o-setor\/","og_locale":"pt_BR","og_type":"article","og_title":"Ministro da Pesca e Aquicultura vir\u00e1 a Sergipe discutir a\u00e7\u00f5es para o setor - O Coerente","og_description":"Governador F\u00e1bio Mitidieri teve audi\u00eancia com Andr\u00e9 de Paula em Bras\u00edlia O governador de Sergipe, F\u00e1bio Mitidieri (PSD-SE), teve audi\u00eancia com o ministro Pesca e Aquicultura, Andr\u00e9 de Paula (PSD-PE), na sede da Pasta, em Bras\u00edlia (DF), nesta segunda-feira (9). Na pauta, a busca de projetos e de investimentos para fomentar a ind\u00fastria do pescado [&hellip;]","og_url":"https:\/\/ocoerente.com.br\/se\/2023\/01\/10\/ministro-da-pesca-e-aquicultura-vira-a-sergipe-discutir-acoes-para-o-setor\/","og_site_name":"O Coerente","article_published_time":"2023-01-10T03:54:40+00:00","article_modified_time":"2023-01-10T03:54:41+00:00","og_image":[{"width":1600,"height":1066,"url":"https:\/\/ocoerente.com.br\/se\/wp-content\/uploads\/2023\/01\/mit-agri.jpg","type":"image\/jpeg"}],"author":"Reda\u00e7\u00e3o","twitter_card":"summary_large_image","twitter_misc":{"Escrito por":"Reda\u00e7\u00e3o","Est. tempo de leitura":"3 minutos"},"schema":{"@context":"https:\/\/schema.org","@graph":[{"@type":"Article","@id":"https:\/\/ocoerente.com.br\/se\/2023\/01\/10\/ministro-da-pesca-e-aquicultura-vira-a-sergipe-discutir-acoes-para-o-setor\/#article","isPartOf":{"@id":"https:\/\/ocoerente.com.br\/se\/2023\/01\/10\/ministro-da-pesca-e-aquicultura-vira-a-sergipe-discutir-acoes-para-o-setor\/"},"author":{"name":"Reda\u00e7\u00e3o","@id":"https:\/\/ocoerente.com.br\/se\/#\/schema\/person\/cc6bfd9fbca465e23543b0c963d8d037"},"headline":"Ministro da Pesca e Aquicultura vir\u00e1 a Sergipe discutir a\u00e7\u00f5es para o setor","datePublished":"2023-01-10T03:54:40+00:00","dateModified":"2023-01-10T03:54:41+00:00","mainEntityOfPage":{"@id":"https:\/\/ocoerente.com.br\/se\/2023\/01\/10\/ministro-da-pesca-e-aquicultura-vira-a-sergipe-discutir-acoes-para-o-setor\/"},"wordCount":551,"publisher":{"@id":"https:\/\/ocoerente.com.br\/se\/#\/schema\/person\/cc6bfd9fbca465e23543b0c963d8d037"},"image":{"@id":"https:\/\/ocoerente.com.br\/se\/2023\/01\/10\/ministro-da-pesca-e-aquicultura-vira-a-sergipe-discutir-acoes-para-o-setor\/#primaryimage"},"thumbnailUrl":"https:\/\/ocoerente.com.br\/se\/wp-content\/uploads\/2023\/01\/mit-agri.jpg","articleSection":["Destaques","Pol\u00edtica"],"inLanguage":"pt-BR"},{"@type":"WebPage","@id":"https:\/\/ocoerente.com.br\/se\/2023\/01\/10\/ministro-da-pesca-e-aquicultura-vira-a-sergipe-discutir-acoes-para-o-setor\/","url":"https:\/\/ocoerente.com.br\/se\/2023\/01\/10\/ministro-da-pesca-e-aquicultura-vira-a-sergipe-discutir-acoes-para-o-setor\/","name":"Ministro da Pesca e Aquicultura vir\u00e1 a Sergipe discutir a\u00e7\u00f5es para o setor - O Coerente","isPartOf":{"@id":"https:\/\/ocoerente.com.br\/se\/#website"},"primaryImageOfPage":{"@id":"https:\/\/ocoerente.com.br\/se\/2023\/01\/10\/ministro-da-pesca-e-aquicultura-vira-a-sergipe-discutir-acoes-para-o-setor\/#primaryimage"},"image":{"@id":"https:\/\/ocoerente.com.br\/se\/2023\/01\/10\/ministro-da-pesca-e-aquicultura-vira-a-sergipe-discutir-acoes-para-o-setor\/#primaryimage"},"thumbnailUrl":"https:\/\/ocoerente.com.br\/se\/wp-content\/uploads\/2023\/01\/mit-agri.jpg","datePublished":"2023-01-10T03:54:40+00:00","dateModified":"2023-01-10T03:54:41+00:00","breadcrumb":{"@id":"https:\/\/ocoerente.com.br\/se\/2023\/01\/10\/ministro-da-pesca-e-aquicultura-vira-a-sergipe-discutir-acoes-para-o-setor\/#breadcrumb"},"inLanguage":"pt-BR","potentialAction":[{"@type":"ReadAction","target":["https:\/\/ocoerente.com.br\/se\/2023\/01\/10\/ministro-da-pesca-e-aquicultura-vira-a-sergipe-discutir-acoes-para-o-setor\/"]}]},{"@type":"ImageObject","inLanguage":"pt-BR","@id":"https:\/\/ocoerente.com.br\/se\/2023\/01\/10\/ministro-da-pesca-e-aquicultura-vira-a-sergipe-discutir-acoes-para-o-setor\/#primaryimage","url":"https:\/\/ocoerente.com.br\/se\/wp-content\/uploads\/2023\/01\/mit-agri.jpg","contentUrl":"https:\/\/ocoerente.com.br\/se\/wp-content\/uploads\/2023\/01\/mit-agri.jpg","width":1600,"height":1066},{"@type":"BreadcrumbList","@id":"https:\/\/ocoerente.com.br\/se\/2023\/01\/10\/ministro-da-pesca-e-aquicultura-vira-a-sergipe-discutir-acoes-para-o-setor\/#breadcrumb","itemListElement":[{"@type":"ListItem","position":1,"name":"In\u00edcio","item":"https:\/\/ocoerente.com.br\/se\/"},{"@type":"ListItem","position":2,"name":"Ministro da Pesca e Aquicultura vir\u00e1 a Sergipe discutir a\u00e7\u00f5es para o setor"}]},{"@type":"WebSite","@id":"https:\/\/ocoerente.com.br\/se\/#website","url":"https:\/\/ocoerente.com.br\/se\/","name":"O Coerente","description":"","publisher":{"@id":"https:\/\/ocoerente.com.br\/se\/#\/schema\/person\/cc6bfd9fbca465e23543b0c963d8d037"},"potentialAction":[{"@type":"SearchAction","target":{"@type":"EntryPoint","urlTemplate":"https:\/\/ocoerente.com.br\/se\/?s={search_term_string}"},"query-input":{"@type":"PropertyValueSpecification","valueRequired":true,"valueName":"search_term_string"}}],"inLanguage":"pt-BR"},{"@type":["Person","Organization"],"@id":"https:\/\/ocoerente.com.br\/se\/#\/schema\/person\/cc6bfd9fbca465e23543b0c963d8d037","name":"Reda\u00e7\u00e3o","image":{"@type":"ImageObject","inLanguage":"pt-BR","@id":"https:\/\/ocoerente.com.br\/se\/wp-content\/uploads\/2020\/01\/ocoerente-1.png","url":"https:\/\/ocoerente.com.br\/se\/wp-content\/uploads\/2020\/01\/ocoerente-1.png","contentUrl":"https:\/\/ocoerente.com.br\/se\/wp-content\/uploads\/2020\/01\/ocoerente-1.png","width":50,"height":50,"caption":"Reda\u00e7\u00e3o"},"logo":{"@id":"https:\/\/ocoerente.com.br\/se\/wp-content\/uploads\/2020\/01\/ocoerente-1.png"},"url":"https:\/\/ocoerente.com.br\/se\/author\/vasticlsales\/"}]}},"_links":{"self":[{"href":"https:\/\/ocoerente.com.br\/se\/wp-json\/wp\/v2\/posts\/7315","targetHints":{"allow":["GET"]}}],"collection":[{"href":"https:\/\/ocoerente.com.br\/se\/wp-json\/wp\/v2\/posts"}],"about":[{"href":"https:\/\/ocoerente.com.br\/se\/wp-json\/wp\/v2\/types\/post"}],"author":[{"embeddable":true,"href":"https:\/\/ocoerente.com.br\/se\/wp-json\/wp\/v2\/users\/1"}],"replies":[{"embeddable":true,"href":"https:\/\/ocoerente.com.br\/se\/wp-json\/wp\/v2\/comments?post=7315"}],"version-history":[{"count":1,"href":"https:\/\/ocoerente.com.br\/se\/wp-json\/wp\/v2\/posts\/7315\/revisions"}],"predecessor-version":[{"id":7317,"href":"https:\/\/ocoerente.com.br\/se\/wp-json\/wp\/v2\/posts\/7315\/revisions\/7317"}],"wp:featuredmedia":[{"embeddable":true,"href":"https:\/\/ocoerente.com.br\/se\/wp-json\/wp\/v2\/media\/7316"}],"wp:attachment":[{"href":"https:\/\/ocoerente.com.br\/se\/wp-json\/wp\/v2\/media?parent=7315"}],"wp:term":[{"taxonomy":"category","embeddable":true,"href":"https:\/\/ocoerente.com.br\/se\/wp-json\/wp\/v2\/categories?post=7315"},{"taxonomy":"post_tag","embeddable":true,"href":"https:\/\/ocoerente.com.br\/se\/wp-json\/wp\/v2\/tags?post=7315"}],"curies":[{"name":"wp","href":"https:\/\/api.w.org\/{rel}","templated":true}]}}